{"id":237652,"date":"2026-03-10T10:23:37","date_gmt":"2026-03-10T14:23:37","guid":{"rendered":"https:\/\/www.cuballama.com\/noticias\/?p=237652"},"modified":"2026-03-10T10:26:51","modified_gmt":"2026-03-10T14:26:51","slug":"atrapan-a-asesino-de-joven-cubano-en-mayabeque","status":"publish","type":"post","link":"https:\/\/www.cuballama.com\/noticias\/atrapan-a-asesino-de-joven-cubano-en-mayabeque\/","title":{"rendered":"Atrapan a asesino de joven cubano en Mayabeque"},"content":{"rendered":"\n<p>Las autoridades cubanas habr\u00edan detenido a dos hombres por el asesinato del cubano <a href=\"https:\/\/www.cuballama.com\/noticias\/hallan-sin-vida-a-joven-cubano-desaparecido-en-mayabeque\/?srsltid=AfmBOorgJoKCC2HtuwUnZ7O4ihufHELrwFsNW-wmrwP38BAYCcQoWWqC\" target=\"_blank\" rel=\"noreferrer noopener\">Noel Guerra Consuegra<\/a>, de 29 a\u00f1os y residente en Bejucal, provincia de Mayabeque, seg\u00fan inform\u00f3 este lunes la p\u00e1gina de La Tijera en Facebook.<\/p>\n\n\n\n<p>De acuerdo con varios reportes en redes sociales, la Polic\u00eda de San Jos\u00e9 de las Lajas, tambi\u00e9n en Mayabeque, habr\u00eda informado a los familiares del joven que su asesino confeso es Diosdelvis Matos Gamboa, conocido como \u201cTakechi\u201d.<\/p>\n\n\n\n<p>De igual forma, en relaci\u00f3n con el homicidio, tambi\u00e9n estar\u00eda detenido por cohecho Yoriel D\u00edaz.<\/p>\n\n\n\n<p>Guerra Consuegra hab\u00eda sido reportado como desaparecido el pasado 2 de febrero, luego de salir de su vivienda para realizar un viaje de alquiler.<\/p>\n\n\n\n<iframe loading=\"lazy\" src=\"https:\/\/www.facebook.com\/plugins\/post.php?href=https%3A%2F%2Fwww.facebook.com%2FDeuntijeretazo%2Fposts%2Fpfbid02Kiqm6zn7Zn2rcpuJnt88FdS9AtueJ3QC9Eijnwy8XDMCwUQCGtponfh8yPW5Hhhvl&#038;show_text=true&#038;width=500\" width=\"500\" height=\"747\" style=\"border:none;overflow:hidden\" scrolling=\"no\" frameborder=\"0\" allowfullscreen=\"true\" allow=\"autoplay; clipboard-write; encrypted-media; picture-in-picture; web-share\"><\/iframe>\n\n\n\n<p>De acuerdo con una fuente cercana al caso, que pidi\u00f3 mantenerse en el anonimato, su cuerpo fue hallado sin vida al d\u00eda siguiente en un \u00e1rea abandonada de la localidad de San Antonio de las Vegas, en San Jos\u00e9 de las Lajas.<\/p>\n\n\n\n<p>\u201cAsimismo es desgraciadamente. Su madre, mi prima, est\u00e1 destruida al igual que su familia. Ojal\u00e1 que encuentren a los culpables y los sancionen severamente. Ya al mediod\u00eda de hoy martes 3 ten\u00edan a cuatro sospechosos detenidos\u201d, precis\u00f3 entonces Marco Consuegra, primo de la v\u00edctima.<\/p>\n\n\n\n<p>\u201cLo mataron por una moto. As\u00ed de podrida est\u00e1 la sociedad en Cuba. Dejaron a un ni\u00f1o sin padre y a una madre sin su hijo. Y lo m\u00e1s jodido es que ahora seguro ni encuentran al culpable porque la polic\u00eda no hace nada\u201d, coment\u00f3 la usuaria Amanda Flores, quien afirm\u00f3 que el joven asesinado ten\u00eda un hijo.<\/p>\n\n\n\n<p>Seg\u00fan lo que ha trascendido de manera extraoficial, el cuerpo de la v\u00edctima presentaba \u201cm\u00faltiples heridas provocadas por un objeto punzante\u201d.<\/p>\n","protected":false},"excerpt":{"rendered":"<p>Seg\u00fan se sabe de manera extraoficial, el cuerpo de la v\u00edctima presentaba \u201cm\u00faltiples heridas provocadas por un objeto punzante\u201d.<\/p>\n","protected":false},"author":30,"featured_media":237715,"comment_status":"open","ping_status":"closed","sticky":false,"template":"","format":"standard","meta":{"_acf_changed":false,"footnotes":""},"categories":[18,955],"tags":[10867,941,8677,13408],"class_list":{"0":"post-237652","1":"post","2":"type-post","3":"status-publish","4":"format-standard","5":"has-post-thumbnail","7":"category-noticias","8":"category-noticias-de-cuba","9":"tag-crisis-en-cuba","10":"tag-destacado","11":"tag-joven-asesinado","12":"tag-joven-cubano"},"acf":[],"yoast_head":"<!-- This site is optimized with the Yoast SEO plugin v27.5 - https:\/\/yoast.com\/product\/yoast-seo-wordpress\/ -->\n<title>Atrapan a asesino de joven cubano en Mayabeque - Cuballama Noticias<\/title>\n<meta name=\"description\" content=\"Las autoridades cubanas habr\u00edan detenido a dos hombres por el asesinato del joven cubano Noel Guerra Consuegra.\" \/>\n<meta name=\"robots\" content=\"index, follow, max-snippet:-1, max-image-preview:large, max-video-preview:-1\" \/>\n<link rel=\"canonical\" href=\"https:\/\/www.cuballama.com\/noticias\/atrapan-a-asesino-de-joven-cubano-en-mayabeque\/\" \/>\n<meta property=\"og:locale\" content=\"es_ES\" \/>\n<meta property=\"og:type\" content=\"article\" \/>\n<meta property=\"og:title\" content=\"Atrapan a asesino de joven cubano en Mayabeque - Cuballama Noticias\" \/>\n<meta property=\"og:description\" content=\"Las autoridades cubanas habr\u00edan detenido a dos hombres por el asesinato del joven cubano Noel Guerra Consuegra.\" \/>\n<meta property=\"og:url\" content=\"https:\/\/www.cuballama.com\/noticias\/atrapan-a-asesino-de-joven-cubano-en-mayabeque\/\" \/>\n<meta property=\"og:site_name\" content=\"Cuballama Noticias\" \/>\n<meta property=\"article:publisher\" content=\"https:\/\/www.facebook.com\/CubaLlama\" \/>\n<meta property=\"article:published_time\" content=\"2026-03-10T14:23:37+00:00\" \/>\n<meta property=\"article:modified_time\" content=\"2026-03-10T14:26:51+00:00\" \/>\n<meta property=\"og:image\" content=\"https:\/\/cdn1.mediawpaccore.net\/wp-content\/uploads\/2026\/03\/10082953\/Square-black-four-4x49-1.jpg\" \/>\n\t<meta property=\"og:image:width\" content=\"1200\" \/>\n\t<meta property=\"og:image:height\" content=\"630\" \/>\n\t<meta property=\"og:image:type\" content=\"image\/jpeg\" \/>\n<meta name=\"author\" content=\"Kathy\" \/>\n<meta name=\"twitter:card\" content=\"summary_large_image\" \/>\n<meta name=\"twitter:creator\" content=\"@cuballama\" \/>\n<meta name=\"twitter:site\" content=\"@cuballama\" \/>\n<meta name=\"twitter:label1\" content=\"Escrito por\" \/>\n\t<meta name=\"twitter:data1\" content=\"Kathy\" \/>\n\t<meta name=\"twitter:label2\" content=\"Tiempo de lectura\" \/>\n\t<meta name=\"twitter:data2\" content=\"2 minutos\" \/>\n<script type=\"application\/ld+json\" class=\"yoast-schema-graph\">{\"@context\":\"https:\\\/\\\/schema.org\",\"@graph\":[{\"@type\":\"Article\",\"@id\":\"https:\\\/\\\/www.cuballama.com\\\/noticias\\\/atrapan-a-asesino-de-joven-cubano-en-mayabeque\\\/#article\",\"isPartOf\":{\"@id\":\"https:\\\/\\\/www.cuballama.com\\\/noticias\\\/atrapan-a-asesino-de-joven-cubano-en-mayabeque\\\/\"},\"author\":{\"name\":\"Kathy\",\"@id\":\"https:\\\/\\\/www.cuballama.com\\\/noticias\\\/#\\\/schema\\\/person\\\/86cd3e3f4974437f031211213bf892d5\"},\"headline\":\"Atrapan a asesino de joven cubano en Mayabeque\",\"datePublished\":\"2026-03-10T14:23:37+00:00\",\"dateModified\":\"2026-03-10T14:26:51+00:00\",\"mainEntityOfPage\":{\"@id\":\"https:\\\/\\\/www.cuballama.com\\\/noticias\\\/atrapan-a-asesino-de-joven-cubano-en-mayabeque\\\/\"},\"wordCount\":306,\"commentCount\":0,\"publisher\":{\"@id\":\"https:\\\/\\\/www.cuballama.com\\\/noticias\\\/#organization\"},\"image\":{\"@id\":\"https:\\\/\\\/www.cuballama.com\\\/noticias\\\/atrapan-a-asesino-de-joven-cubano-en-mayabeque\\\/#primaryimage\"},\"thumbnailUrl\":\"https:\\\/\\\/cdn1.mediawpaccore.net\\\/wp-content\\\/uploads\\\/2026\\\/03\\\/10082953\\\/Square-black-four-4x49-1.jpg\",\"keywords\":[\"Crisis en Cuba\",\"destacado\",\"joven asesinado\",\"joven cubano\"],\"articleSection\":[\"Noticias\",\"Noticias de Cuba\"],\"inLanguage\":\"es\",\"potentialAction\":[{\"@type\":\"CommentAction\",\"name\":\"Comment\",\"target\":[\"https:\\\/\\\/www.cuballama.com\\\/noticias\\\/atrapan-a-asesino-de-joven-cubano-en-mayabeque\\\/#respond\"]}]},{\"@type\":\"WebPage\",\"@id\":\"https:\\\/\\\/www.cuballama.com\\\/noticias\\\/atrapan-a-asesino-de-joven-cubano-en-mayabeque\\\/\",\"url\":\"https:\\\/\\\/www.cuballama.com\\\/noticias\\\/atrapan-a-asesino-de-joven-cubano-en-mayabeque\\\/\",\"name\":\"Atrapan a asesino de joven cubano en Mayabeque - Cuballama Noticias\",\"isPartOf\":{\"@id\":\"https:\\\/\\\/www.cuballama.com\\\/noticias\\\/#website\"},\"primaryImageOfPage\":{\"@id\":\"https:\\\/\\\/www.cuballama.com\\\/noticias\\\/atrapan-a-asesino-de-joven-cubano-en-mayabeque\\\/#primaryimage\"},\"image\":{\"@id\":\"https:\\\/\\\/www.cuballama.com\\\/noticias\\\/atrapan-a-asesino-de-joven-cubano-en-mayabeque\\\/#primaryimage\"},\"thumbnailUrl\":\"https:\\\/\\\/cdn1.mediawpaccore.net\\\/wp-content\\\/uploads\\\/2026\\\/03\\\/10082953\\\/Square-black-four-4x49-1.jpg\",\"datePublished\":\"2026-03-10T14:23:37+00:00\",\"dateModified\":\"2026-03-10T14:26:51+00:00\",\"description\":\"Las autoridades cubanas habr\u00edan detenido a dos hombres por el asesinato del joven cubano Noel Guerra Consuegra.\",\"breadcrumb\":{\"@id\":\"https:\\\/\\\/www.cuballama.com\\\/noticias\\\/atrapan-a-asesino-de-joven-cubano-en-mayabeque\\\/#breadcrumb\"},\"inLanguage\":\"es\",\"potentialAction\":[{\"@type\":\"ReadAction\",\"target\":[\"https:\\\/\\\/www.cuballama.com\\\/noticias\\\/atrapan-a-asesino-de-joven-cubano-en-mayabeque\\\/\"]}]},{\"@type\":\"ImageObject\",\"inLanguage\":\"es\",\"@id\":\"https:\\\/\\\/www.cuballama.com\\\/noticias\\\/atrapan-a-asesino-de-joven-cubano-en-mayabeque\\\/#primaryimage\",\"url\":\"https:\\\/\\\/cdn1.mediawpaccore.net\\\/wp-content\\\/uploads\\\/2026\\\/03\\\/10082953\\\/Square-black-four-4x49-1.jpg\",\"contentUrl\":\"https:\\\/\\\/cdn1.mediawpaccore.net\\\/wp-content\\\/uploads\\\/2026\\\/03\\\/10082953\\\/Square-black-four-4x49-1.jpg\",\"width\":1200,\"height\":630,\"caption\":\"Noel Guerra Consuegra (i) y Takechi. Foto: Facebook\\\/La Tijera.\"},{\"@type\":\"BreadcrumbList\",\"@id\":\"https:\\\/\\\/www.cuballama.com\\\/noticias\\\/atrapan-a-asesino-de-joven-cubano-en-mayabeque\\\/#breadcrumb\",\"itemListElement\":[{\"@type\":\"ListItem\",\"position\":1,\"name\":\"Home\",\"item\":\"https:\\\/\\\/www.cuballama.com\\\/noticias\\\/\"},{\"@type\":\"ListItem\",\"position\":2,\"name\":\"Atrapan a asesino de joven cubano en Mayabeque\"}]},{\"@type\":\"WebSite\",\"@id\":\"https:\\\/\\\/www.cuballama.com\\\/noticias\\\/#website\",\"url\":\"https:\\\/\\\/www.cuballama.com\\\/noticias\\\/\",\"name\":\"Cuballama Noticias\",\"description\":\"Medio digital sobre Cuba y el mundo\",\"publisher\":{\"@id\":\"https:\\\/\\\/www.cuballama.com\\\/noticias\\\/#organization\"},\"potentialAction\":[{\"@type\":\"SearchAction\",\"target\":{\"@type\":\"EntryPoint\",\"urlTemplate\":\"https:\\\/\\\/www.cuballama.com\\\/noticias\\\/?s={search_term_string}\"},\"query-input\":{\"@type\":\"PropertyValueSpecification\",\"valueRequired\":true,\"valueName\":\"search_term_string\"}}],\"inLanguage\":\"es\"},{\"@type\":\"Organization\",\"@id\":\"https:\\\/\\\/www.cuballama.com\\\/noticias\\\/#organization\",\"name\":\"Cuballama\",\"url\":\"https:\\\/\\\/www.cuballama.com\\\/noticias\\\/\",\"logo\":{\"@type\":\"ImageObject\",\"inLanguage\":\"es\",\"@id\":\"https:\\\/\\\/www.cuballama.com\\\/noticias\\\/#\\\/schema\\\/logo\\\/image\\\/\",\"url\":\"https:\\\/\\\/cdn1.mediawpaccore.net\\\/wp-content\\\/uploads\\\/2021\\\/12\\\/28171206\\\/cbll-logo-color-sm.png\",\"contentUrl\":\"https:\\\/\\\/cdn1.mediawpaccore.net\\\/wp-content\\\/uploads\\\/2021\\\/12\\\/28171206\\\/cbll-logo-color-sm.png\",\"width\":600,\"height\":133,\"caption\":\"Cuballama\"},\"image\":{\"@id\":\"https:\\\/\\\/www.cuballama.com\\\/noticias\\\/#\\\/schema\\\/logo\\\/image\\\/\"},\"sameAs\":[\"https:\\\/\\\/www.facebook.com\\\/CubaLlama\",\"https:\\\/\\\/x.com\\\/cuballama\",\"https:\\\/\\\/www.instagram.com\\\/stories\\\/cuballama_oficial\\\/\",\"https:\\\/\\\/www.youtube.com\\\/channel\\\/UCKkFE-d_axENGZcrc4as0IA\"]},{\"@type\":\"Person\",\"@id\":\"https:\\\/\\\/www.cuballama.com\\\/noticias\\\/#\\\/schema\\\/person\\\/86cd3e3f4974437f031211213bf892d5\",\"name\":\"Kathy\",\"url\":\"https:\\\/\\\/www.cuballama.com\\\/noticias\\\/author\\\/kathy\\\/\"}]}<\/script>\n<!-- \/ Yoast SEO plugin. -->","yoast_head_json":{"title":"Atrapan a asesino de joven cubano en Mayabeque - Cuballama Noticias","description":"Las autoridades cubanas habr\u00edan detenido a dos hombres por el asesinato del joven cubano Noel Guerra Consuegra.","robots":{"index":"index","follow":"follow","max-snippet":"max-snippet:-1","max-image-preview":"max-image-preview:large","max-video-preview":"max-video-preview:-1"},"canonical":"https:\/\/www.cuballama.com\/noticias\/atrapan-a-asesino-de-joven-cubano-en-mayabeque\/","og_locale":"es_ES","og_type":"article","og_title":"Atrapan a asesino de joven cubano en Mayabeque - Cuballama Noticias","og_description":"Las autoridades cubanas habr\u00edan detenido a dos hombres por el asesinato del joven cubano Noel Guerra Consuegra.","og_url":"https:\/\/www.cuballama.com\/noticias\/atrapan-a-asesino-de-joven-cubano-en-mayabeque\/","og_site_name":"Cuballama Noticias","article_publisher":"https:\/\/www.facebook.com\/CubaLlama","article_published_time":"2026-03-10T14:23:37+00:00","article_modified_time":"2026-03-10T14:26:51+00:00","og_image":[{"width":1200,"height":630,"url":"https:\/\/cdn1.mediawpaccore.net\/wp-content\/uploads\/2026\/03\/10082953\/Square-black-four-4x49-1.jpg","type":"image\/jpeg"}],"author":"Kathy","twitter_card":"summary_large_image","twitter_creator":"@cuballama","twitter_site":"@cuballama","twitter_misc":{"Escrito por":"Kathy","Tiempo de lectura":"2 minutos"},"schema":{"@context":"https:\/\/schema.org","@graph":[{"@type":"Article","@id":"https:\/\/www.cuballama.com\/noticias\/atrapan-a-asesino-de-joven-cubano-en-mayabeque\/#article","isPartOf":{"@id":"https:\/\/www.cuballama.com\/noticias\/atrapan-a-asesino-de-joven-cubano-en-mayabeque\/"},"author":{"name":"Kathy","@id":"https:\/\/www.cuballama.com\/noticias\/#\/schema\/person\/86cd3e3f4974437f031211213bf892d5"},"headline":"Atrapan a asesino de joven cubano en Mayabeque","datePublished":"2026-03-10T14:23:37+00:00","dateModified":"2026-03-10T14:26:51+00:00","mainEntityOfPage":{"@id":"https:\/\/www.cuballama.com\/noticias\/atrapan-a-asesino-de-joven-cubano-en-mayabeque\/"},"wordCount":306,"commentCount":0,"publisher":{"@id":"https:\/\/www.cuballama.com\/noticias\/#organization"},"image":{"@id":"https:\/\/www.cuballama.com\/noticias\/atrapan-a-asesino-de-joven-cubano-en-mayabeque\/#primaryimage"},"thumbnailUrl":"https:\/\/cdn1.mediawpaccore.net\/wp-content\/uploads\/2026\/03\/10082953\/Square-black-four-4x49-1.jpg","keywords":["Crisis en Cuba","destacado","joven asesinado","joven cubano"],"articleSection":["Noticias","Noticias de Cuba"],"inLanguage":"es","potentialAction":[{"@type":"CommentAction","name":"Comment","target":["https:\/\/www.cuballama.com\/noticias\/atrapan-a-asesino-de-joven-cubano-en-mayabeque\/#respond"]}]},{"@type":"WebPage","@id":"https:\/\/www.cuballama.com\/noticias\/atrapan-a-asesino-de-joven-cubano-en-mayabeque\/","url":"https:\/\/www.cuballama.com\/noticias\/atrapan-a-asesino-de-joven-cubano-en-mayabeque\/","name":"Atrapan a asesino de joven cubano en Mayabeque - Cuballama Noticias","isPartOf":{"@id":"https:\/\/www.cuballama.com\/noticias\/#website"},"primaryImageOfPage":{"@id":"https:\/\/www.cuballama.com\/noticias\/atrapan-a-asesino-de-joven-cubano-en-mayabeque\/#primaryimage"},"image":{"@id":"https:\/\/www.cuballama.com\/noticias\/atrapan-a-asesino-de-joven-cubano-en-mayabeque\/#primaryimage"},"thumbnailUrl":"https:\/\/cdn1.mediawpaccore.net\/wp-content\/uploads\/2026\/03\/10082953\/Square-black-four-4x49-1.jpg","datePublished":"2026-03-10T14:23:37+00:00","dateModified":"2026-03-10T14:26:51+00:00","description":"Las autoridades cubanas habr\u00edan detenido a dos hombres por el asesinato del joven cubano Noel Guerra Consuegra.","breadcrumb":{"@id":"https:\/\/www.cuballama.com\/noticias\/atrapan-a-asesino-de-joven-cubano-en-mayabeque\/#breadcrumb"},"inLanguage":"es","potentialAction":[{"@type":"ReadAction","target":["https:\/\/www.cuballama.com\/noticias\/atrapan-a-asesino-de-joven-cubano-en-mayabeque\/"]}]},{"@type":"ImageObject","inLanguage":"es","@id":"https:\/\/www.cuballama.com\/noticias\/atrapan-a-asesino-de-joven-cubano-en-mayabeque\/#primaryimage","url":"https:\/\/cdn1.mediawpaccore.net\/wp-content\/uploads\/2026\/03\/10082953\/Square-black-four-4x49-1.jpg","contentUrl":"https:\/\/cdn1.mediawpaccore.net\/wp-content\/uploads\/2026\/03\/10082953\/Square-black-four-4x49-1.jpg","width":1200,"height":630,"caption":"Noel Guerra Consuegra (i) y Takechi. Foto: Facebook\/La Tijera."},{"@type":"BreadcrumbList","@id":"https:\/\/www.cuballama.com\/noticias\/atrapan-a-asesino-de-joven-cubano-en-mayabeque\/#breadcrumb","itemListElement":[{"@type":"ListItem","position":1,"name":"Home","item":"https:\/\/www.cuballama.com\/noticias\/"},{"@type":"ListItem","position":2,"name":"Atrapan a asesino de joven cubano en Mayabeque"}]},{"@type":"WebSite","@id":"https:\/\/www.cuballama.com\/noticias\/#website","url":"https:\/\/www.cuballama.com\/noticias\/","name":"Cuballama Noticias","description":"Medio digital sobre Cuba y el mundo","publisher":{"@id":"https:\/\/www.cuballama.com\/noticias\/#organization"},"potentialAction":[{"@type":"SearchAction","target":{"@type":"EntryPoint","urlTemplate":"https:\/\/www.cuballama.com\/noticias\/?s={search_term_string}"},"query-input":{"@type":"PropertyValueSpecification","valueRequired":true,"valueName":"search_term_string"}}],"inLanguage":"es"},{"@type":"Organization","@id":"https:\/\/www.cuballama.com\/noticias\/#organization","name":"Cuballama","url":"https:\/\/www.cuballama.com\/noticias\/","logo":{"@type":"ImageObject","inLanguage":"es","@id":"https:\/\/www.cuballama.com\/noticias\/#\/schema\/logo\/image\/","url":"https:\/\/cdn1.mediawpaccore.net\/wp-content\/uploads\/2021\/12\/28171206\/cbll-logo-color-sm.png","contentUrl":"https:\/\/cdn1.mediawpaccore.net\/wp-content\/uploads\/2021\/12\/28171206\/cbll-logo-color-sm.png","width":600,"height":133,"caption":"Cuballama"},"image":{"@id":"https:\/\/www.cuballama.com\/noticias\/#\/schema\/logo\/image\/"},"sameAs":["https:\/\/www.facebook.com\/CubaLlama","https:\/\/x.com\/cuballama","https:\/\/www.instagram.com\/stories\/cuballama_oficial\/","https:\/\/www.youtube.com\/channel\/UCKkFE-d_axENGZcrc4as0IA"]},{"@type":"Person","@id":"https:\/\/www.cuballama.com\/noticias\/#\/schema\/person\/86cd3e3f4974437f031211213bf892d5","name":"Kathy","url":"https:\/\/www.cuballama.com\/noticias\/author\/kathy\/"}]}},"_links":{"self":[{"href":"https:\/\/www.cuballama.com\/noticias\/wp-json\/wp\/v2\/posts\/237652","targetHints":{"allow":["GET"]}}],"collection":[{"href":"https:\/\/www.cuballama.com\/noticias\/wp-json\/wp\/v2\/posts"}],"about":[{"href":"https:\/\/www.cuballama.com\/noticias\/wp-json\/wp\/v2\/types\/post"}],"author":[{"embeddable":true,"href":"https:\/\/www.cuballama.com\/noticias\/wp-json\/wp\/v2\/users\/30"}],"replies":[{"embeddable":true,"href":"https:\/\/www.cuballama.com\/noticias\/wp-json\/wp\/v2\/comments?post=237652"}],"version-history":[{"count":3,"href":"https:\/\/www.cuballama.com\/noticias\/wp-json\/wp\/v2\/posts\/237652\/revisions"}],"predecessor-version":[{"id":237720,"href":"https:\/\/www.cuballama.com\/noticias\/wp-json\/wp\/v2\/posts\/237652\/revisions\/237720"}],"wp:featuredmedia":[{"embeddable":true,"href":"https:\/\/www.cuballama.com\/noticias\/wp-json\/wp\/v2\/media\/237715"}],"wp:attachment":[{"href":"https:\/\/www.cuballama.com\/noticias\/wp-json\/wp\/v2\/media?parent=237652"}],"wp:term":[{"taxonomy":"category","embeddable":true,"href":"https:\/\/www.cuballama.com\/noticias\/wp-json\/wp\/v2\/categories?post=237652"},{"taxonomy":"post_tag","embeddable":true,"href":"https:\/\/www.cuballama.com\/noticias\/wp-json\/wp\/v2\/tags?post=237652"}],"curies":[{"name":"wp","href":"https:\/\/api.w.org\/{rel}","templated":true}]}}