{"id":237637,"date":"2026-03-10T07:00:00","date_gmt":"2026-03-10T11:00:00","guid":{"rendered":"https:\/\/www.cuballama.com\/noticias\/?p=237637"},"modified":"2026-03-10T10:24:58","modified_gmt":"2026-03-10T14:24:58","slug":"ian-padron-le-responde-con-nota-publica-a-perugorria-indigna-leer-tus-declaraciones","status":"publish","type":"post","link":"https:\/\/www.cuballama.com\/noticias\/ian-padron-le-responde-con-nota-publica-a-perugorria-indigna-leer-tus-declaraciones\/","title":{"rendered":"Ian Padr\u00f3n le responde a Perugorr\u00eda: \u201cIndigna leer tus declaraciones\u201d"},"content":{"rendered":"\n<p>El guionista y realizador cubano Ian Padr\u00f3n respondi\u00f3 este lunes de manera contundente al actor y cineasta cubano Jorge Perugorr\u00eda, quien asegur\u00f3 recientemente que la pol\u00edtica del presidente de Estados Unidos, Donald Trump, hacia la isla, es lo que tiene a la isla atravesando \u201cel peor momento\u201d de su historia.<\/p>\n\n\n\n<p>Padr\u00f3n, radicado desde hace a\u00f1os en Florida, se dirigi\u00f3 al protagonista de<em> Fresa y chocolate<\/em> a trav\u00e9s d euna \u201cnota p\u00fablica\u201d que comparti\u00f3 en redes sociales y que hizo desde el respeto que siente hacia Perugorr\u00eda, su obra y su familia \u201cdesde hace muchos a\u00f1os\u201d.\u00a0<\/p>\n\n\n\n<p>\u201cIndigna &#8211; al menos a m\u00ed- leer tus declaraciones culpando al presidente de Estados Unidos como el causante de la grave situaci\u00f3n en Cuba. Entristece ver a un grande de la cultura cubana -alguien que conoce el mundo como t\u00fa-, reducir los grandes males que azotan a nuestra naci\u00f3n, con una opini\u00f3n que quiz\u00e1s podr\u00eda esperarse m\u00e1s de un funcionario o un bur\u00f3crata, no del artista que conoc\u00ed\u201d, expres\u00f3 el documentalista, que desde 2021 tiene un canal en YouTube, <em>Derecho a R\u00e9plica<\/em>, un espacio de debate para la comunidad cubano dentro y fuera de la isla.<\/p>\n\n\n\n<iframe loading=\"lazy\" src=\"https:\/\/www.facebook.com\/plugins\/post.php?href=https%3A%2F%2Fwww.facebook.com%2Fianpadronhabanastation%2Fposts%2Fpfbid02KMsbc5sPKRNcvoc8HuV7oFxcCMu1NsDWW5AWVXZMYwt9uQg7VwJVute5k9pvurnNl&#038;show_text=true&#038;width=500\" width=\"500\" height=\"284\" style=\"border:none;overflow:hidden\" scrolling=\"no\" frameborder=\"0\" allowfullscreen=\"true\" allow=\"autoplay; clipboard-write; encrypted-media; picture-in-picture; web-share\"><\/iframe>\n\n\n\n<p>\u201cYo pienso muy diferente, creo que la \u2018crisis\u2019 es sist\u00e9mica: al vivir una dictadura donde los dirigentes se seleccionan a dedo, se reprime al que disiente, se controlan todos los medios de comunicaci\u00f3n, se encierra por razones pol\u00edticas y se ha priorizado defender el poder por encima de la comida, la red el\u00e9ctrica, las medicinas y, en fin, la libertad y la prosperidad de los cubanos de a pie\u201d, dijo Padr\u00f3n, que invit\u00f3 a Perugorr\u00eda a hablar al respecto en Derecho a R\u00e9plica.<\/p>\n\n\n\n<p>El domingo, Perugorr\u00eda asegur\u00f3 que que la actual pol\u00edtica \u201cde Trump hacia Cuba\u201d lo que ha hecho es \u201cestrangular al pa\u00eds y producir esta crisis energ\u00e9tica\u201d, que \u201crealmente est\u00e1 a punto de llevar el pa\u00eds a una crisis humanitaria\u201d.<\/p>\n\n\n\n<p>No obstante, poco despu\u00e9s declar\u00f3 que \u201cno podemos seguir con un sistema del siglo pasado que no ha funcionado en ning\u00fan lado y que seguimos defendiendo pese a no conducir a ning\u00fan lado. Y esa es la paradoja: los cubanos vivimos entre la espada de una pol\u00edtica agresiva e injusta de Estados Unidos y la inmovilidad de un gobierno que se resiste a cambiar\u201d.<\/p>\n\n\n\n<p><\/p>\n","protected":false},"excerpt":{"rendered":"<p>El realizador reflexion\u00f3 sobre las verdaderas causas de la crisis que vive Cuba.<\/p>\n","protected":false},"author":30,"featured_media":237640,"comment_status":"open","ping_status":"closed","sticky":false,"template":"","format":"standard","meta":{"_acf_changed":false,"footnotes":""},"categories":[18,955],"tags":[10867,941,12015,214],"class_list":{"0":"post-237637","1":"post","2":"type-post","3":"status-publish","4":"format-standard","5":"has-post-thumbnail","7":"category-noticias","8":"category-noticias-de-cuba","9":"tag-crisis-en-cuba","10":"tag-destacado","11":"tag-ian-padron-2","12":"tag-jorge-perugorria"},"acf":[],"yoast_head":"<!-- This site is optimized with the Yoast SEO plugin v27.5 - https:\/\/yoast.com\/product\/yoast-seo-wordpress\/ -->\n<title>Ian Padr\u00f3n le responde a Perugorr\u00eda: \u201cIndigna leer tus declaraciones\u201d - Cuballama Noticias<\/title>\n<meta name=\"description\" content=\"El guionista y realizador Ian Padr\u00f3n respondi\u00f3 de manera contundente a las recientes declaraciones del actor y cineasta Jorge Perugorr\u00eda.\" \/>\n<meta name=\"robots\" content=\"index, follow, max-snippet:-1, max-image-preview:large, max-video-preview:-1\" \/>\n<link rel=\"canonical\" href=\"https:\/\/www.cuballama.com\/noticias\/ian-padron-le-responde-con-nota-publica-a-perugorria-indigna-leer-tus-declaraciones\/\" \/>\n<meta property=\"og:locale\" content=\"es_ES\" \/>\n<meta property=\"og:type\" content=\"article\" \/>\n<meta property=\"og:title\" content=\"Ian Padr\u00f3n le responde a Perugorr\u00eda: \u201cIndigna leer tus declaraciones\u201d - Cuballama Noticias\" \/>\n<meta property=\"og:description\" content=\"El guionista y realizador Ian Padr\u00f3n respondi\u00f3 de manera contundente a las recientes declaraciones del actor y cineasta Jorge Perugorr\u00eda.\" \/>\n<meta property=\"og:url\" content=\"https:\/\/www.cuballama.com\/noticias\/ian-padron-le-responde-con-nota-publica-a-perugorria-indigna-leer-tus-declaraciones\/\" \/>\n<meta property=\"og:site_name\" content=\"Cuballama Noticias\" \/>\n<meta property=\"article:publisher\" content=\"https:\/\/www.facebook.com\/CubaLlama\" \/>\n<meta property=\"article:published_time\" content=\"2026-03-10T11:00:00+00:00\" \/>\n<meta property=\"article:modified_time\" content=\"2026-03-10T14:24:58+00:00\" \/>\n<meta property=\"og:image\" content=\"https:\/\/cdn1.mediawpaccore.net\/wp-content\/uploads\/2026\/03\/09231746\/Square-black-four-4x47-1.jpg\" \/>\n\t<meta property=\"og:image:width\" content=\"1200\" \/>\n\t<meta property=\"og:image:height\" content=\"630\" \/>\n\t<meta property=\"og:image:type\" content=\"image\/jpeg\" \/>\n<meta name=\"author\" content=\"Kathy\" \/>\n<meta name=\"twitter:card\" content=\"summary_large_image\" \/>\n<meta name=\"twitter:creator\" content=\"@cuballama\" \/>\n<meta name=\"twitter:site\" content=\"@cuballama\" \/>\n<meta name=\"twitter:label1\" content=\"Escrito por\" \/>\n\t<meta name=\"twitter:data1\" content=\"Kathy\" \/>\n\t<meta name=\"twitter:label2\" content=\"Tiempo de lectura\" \/>\n\t<meta name=\"twitter:data2\" content=\"2 minutos\" \/>\n<script type=\"application\/ld+json\" class=\"yoast-schema-graph\">{\"@context\":\"https:\\\/\\\/schema.org\",\"@graph\":[{\"@type\":\"Article\",\"@id\":\"https:\\\/\\\/www.cuballama.com\\\/noticias\\\/ian-padron-le-responde-con-nota-publica-a-perugorria-indigna-leer-tus-declaraciones\\\/#article\",\"isPartOf\":{\"@id\":\"https:\\\/\\\/www.cuballama.com\\\/noticias\\\/ian-padron-le-responde-con-nota-publica-a-perugorria-indigna-leer-tus-declaraciones\\\/\"},\"author\":{\"name\":\"Kathy\",\"@id\":\"https:\\\/\\\/www.cuballama.com\\\/noticias\\\/#\\\/schema\\\/person\\\/86cd3e3f4974437f031211213bf892d5\"},\"headline\":\"Ian Padr\u00f3n le responde a Perugorr\u00eda: \u201cIndigna leer tus declaraciones\u201d\",\"datePublished\":\"2026-03-10T11:00:00+00:00\",\"dateModified\":\"2026-03-10T14:24:58+00:00\",\"mainEntityOfPage\":{\"@id\":\"https:\\\/\\\/www.cuballama.com\\\/noticias\\\/ian-padron-le-responde-con-nota-publica-a-perugorria-indigna-leer-tus-declaraciones\\\/\"},\"wordCount\":423,\"commentCount\":0,\"publisher\":{\"@id\":\"https:\\\/\\\/www.cuballama.com\\\/noticias\\\/#organization\"},\"image\":{\"@id\":\"https:\\\/\\\/www.cuballama.com\\\/noticias\\\/ian-padron-le-responde-con-nota-publica-a-perugorria-indigna-leer-tus-declaraciones\\\/#primaryimage\"},\"thumbnailUrl\":\"https:\\\/\\\/cdn1.mediawpaccore.net\\\/wp-content\\\/uploads\\\/2026\\\/03\\\/09231746\\\/Square-black-four-4x47-1.jpg\",\"keywords\":[\"Crisis en Cuba\",\"destacado\",\"Ian Padr\u00f3n\",\"Jorge Perugorr\u00eda\"],\"articleSection\":[\"Noticias\",\"Noticias de Cuba\"],\"inLanguage\":\"es\",\"potentialAction\":[{\"@type\":\"CommentAction\",\"name\":\"Comment\",\"target\":[\"https:\\\/\\\/www.cuballama.com\\\/noticias\\\/ian-padron-le-responde-con-nota-publica-a-perugorria-indigna-leer-tus-declaraciones\\\/#respond\"]}]},{\"@type\":\"WebPage\",\"@id\":\"https:\\\/\\\/www.cuballama.com\\\/noticias\\\/ian-padron-le-responde-con-nota-publica-a-perugorria-indigna-leer-tus-declaraciones\\\/\",\"url\":\"https:\\\/\\\/www.cuballama.com\\\/noticias\\\/ian-padron-le-responde-con-nota-publica-a-perugorria-indigna-leer-tus-declaraciones\\\/\",\"name\":\"Ian Padr\u00f3n le responde a Perugorr\u00eda: \u201cIndigna leer tus declaraciones\u201d - Cuballama Noticias\",\"isPartOf\":{\"@id\":\"https:\\\/\\\/www.cuballama.com\\\/noticias\\\/#website\"},\"primaryImageOfPage\":{\"@id\":\"https:\\\/\\\/www.cuballama.com\\\/noticias\\\/ian-padron-le-responde-con-nota-publica-a-perugorria-indigna-leer-tus-declaraciones\\\/#primaryimage\"},\"image\":{\"@id\":\"https:\\\/\\\/www.cuballama.com\\\/noticias\\\/ian-padron-le-responde-con-nota-publica-a-perugorria-indigna-leer-tus-declaraciones\\\/#primaryimage\"},\"thumbnailUrl\":\"https:\\\/\\\/cdn1.mediawpaccore.net\\\/wp-content\\\/uploads\\\/2026\\\/03\\\/09231746\\\/Square-black-four-4x47-1.jpg\",\"datePublished\":\"2026-03-10T11:00:00+00:00\",\"dateModified\":\"2026-03-10T14:24:58+00:00\",\"description\":\"El guionista y realizador Ian Padr\u00f3n respondi\u00f3 de manera contundente a las recientes declaraciones del actor y cineasta Jorge Perugorr\u00eda.\",\"breadcrumb\":{\"@id\":\"https:\\\/\\\/www.cuballama.com\\\/noticias\\\/ian-padron-le-responde-con-nota-publica-a-perugorria-indigna-leer-tus-declaraciones\\\/#breadcrumb\"},\"inLanguage\":\"es\",\"potentialAction\":[{\"@type\":\"ReadAction\",\"target\":[\"https:\\\/\\\/www.cuballama.com\\\/noticias\\\/ian-padron-le-responde-con-nota-publica-a-perugorria-indigna-leer-tus-declaraciones\\\/\"]}]},{\"@type\":\"ImageObject\",\"inLanguage\":\"es\",\"@id\":\"https:\\\/\\\/www.cuballama.com\\\/noticias\\\/ian-padron-le-responde-con-nota-publica-a-perugorria-indigna-leer-tus-declaraciones\\\/#primaryimage\",\"url\":\"https:\\\/\\\/cdn1.mediawpaccore.net\\\/wp-content\\\/uploads\\\/2026\\\/03\\\/09231746\\\/Square-black-four-4x47-1.jpg\",\"contentUrl\":\"https:\\\/\\\/cdn1.mediawpaccore.net\\\/wp-content\\\/uploads\\\/2026\\\/03\\\/09231746\\\/Square-black-four-4x47-1.jpg\",\"width\":1200,\"height\":630,\"caption\":\"Ian Padr\u00f3n (i) y Jorge Perugorr\u00eda. Foto: Facebook\\\/Ian Padr\u00f3n\\\/Sur.\"},{\"@type\":\"BreadcrumbList\",\"@id\":\"https:\\\/\\\/www.cuballama.com\\\/noticias\\\/ian-padron-le-responde-con-nota-publica-a-perugorria-indigna-leer-tus-declaraciones\\\/#breadcrumb\",\"itemListElement\":[{\"@type\":\"ListItem\",\"position\":1,\"name\":\"Home\",\"item\":\"https:\\\/\\\/www.cuballama.com\\\/noticias\\\/\"},{\"@type\":\"ListItem\",\"position\":2,\"name\":\"Ian Padr\u00f3n le responde a Perugorr\u00eda: \u201cIndigna leer tus declaraciones\u201d\"}]},{\"@type\":\"WebSite\",\"@id\":\"https:\\\/\\\/www.cuballama.com\\\/noticias\\\/#website\",\"url\":\"https:\\\/\\\/www.cuballama.com\\\/noticias\\\/\",\"name\":\"Cuballama Noticias\",\"description\":\"Medio digital sobre Cuba y el mundo\",\"publisher\":{\"@id\":\"https:\\\/\\\/www.cuballama.com\\\/noticias\\\/#organization\"},\"potentialAction\":[{\"@type\":\"SearchAction\",\"target\":{\"@type\":\"EntryPoint\",\"urlTemplate\":\"https:\\\/\\\/www.cuballama.com\\\/noticias\\\/?s={search_term_string}\"},\"query-input\":{\"@type\":\"PropertyValueSpecification\",\"valueRequired\":true,\"valueName\":\"search_term_string\"}}],\"inLanguage\":\"es\"},{\"@type\":\"Organization\",\"@id\":\"https:\\\/\\\/www.cuballama.com\\\/noticias\\\/#organization\",\"name\":\"Cuballama\",\"url\":\"https:\\\/\\\/www.cuballama.com\\\/noticias\\\/\",\"logo\":{\"@type\":\"ImageObject\",\"inLanguage\":\"es\",\"@id\":\"https:\\\/\\\/www.cuballama.com\\\/noticias\\\/#\\\/schema\\\/logo\\\/image\\\/\",\"url\":\"https:\\\/\\\/cdn1.mediawpaccore.net\\\/wp-content\\\/uploads\\\/2021\\\/12\\\/28171206\\\/cbll-logo-color-sm.png\",\"contentUrl\":\"https:\\\/\\\/cdn1.mediawpaccore.net\\\/wp-content\\\/uploads\\\/2021\\\/12\\\/28171206\\\/cbll-logo-color-sm.png\",\"width\":600,\"height\":133,\"caption\":\"Cuballama\"},\"image\":{\"@id\":\"https:\\\/\\\/www.cuballama.com\\\/noticias\\\/#\\\/schema\\\/logo\\\/image\\\/\"},\"sameAs\":[\"https:\\\/\\\/www.facebook.com\\\/CubaLlama\",\"https:\\\/\\\/x.com\\\/cuballama\",\"https:\\\/\\\/www.instagram.com\\\/stories\\\/cuballama_oficial\\\/\",\"https:\\\/\\\/www.youtube.com\\\/channel\\\/UCKkFE-d_axENGZcrc4as0IA\"]},{\"@type\":\"Person\",\"@id\":\"https:\\\/\\\/www.cuballama.com\\\/noticias\\\/#\\\/schema\\\/person\\\/86cd3e3f4974437f031211213bf892d5\",\"name\":\"Kathy\",\"url\":\"https:\\\/\\\/www.cuballama.com\\\/noticias\\\/author\\\/kathy\\\/\"}]}<\/script>\n<!-- \/ Yoast SEO plugin. -->","yoast_head_json":{"title":"Ian Padr\u00f3n le responde a Perugorr\u00eda: \u201cIndigna leer tus declaraciones\u201d - Cuballama Noticias","description":"El guionista y realizador Ian Padr\u00f3n respondi\u00f3 de manera contundente a las recientes declaraciones del actor y cineasta Jorge Perugorr\u00eda.","robots":{"index":"index","follow":"follow","max-snippet":"max-snippet:-1","max-image-preview":"max-image-preview:large","max-video-preview":"max-video-preview:-1"},"canonical":"https:\/\/www.cuballama.com\/noticias\/ian-padron-le-responde-con-nota-publica-a-perugorria-indigna-leer-tus-declaraciones\/","og_locale":"es_ES","og_type":"article","og_title":"Ian Padr\u00f3n le responde a Perugorr\u00eda: \u201cIndigna leer tus declaraciones\u201d - Cuballama Noticias","og_description":"El guionista y realizador Ian Padr\u00f3n respondi\u00f3 de manera contundente a las recientes declaraciones del actor y cineasta Jorge Perugorr\u00eda.","og_url":"https:\/\/www.cuballama.com\/noticias\/ian-padron-le-responde-con-nota-publica-a-perugorria-indigna-leer-tus-declaraciones\/","og_site_name":"Cuballama Noticias","article_publisher":"https:\/\/www.facebook.com\/CubaLlama","article_published_time":"2026-03-10T11:00:00+00:00","article_modified_time":"2026-03-10T14:24:58+00:00","og_image":[{"width":1200,"height":630,"url":"https:\/\/cdn1.mediawpaccore.net\/wp-content\/uploads\/2026\/03\/09231746\/Square-black-four-4x47-1.jpg","type":"image\/jpeg"}],"author":"Kathy","twitter_card":"summary_large_image","twitter_creator":"@cuballama","twitter_site":"@cuballama","twitter_misc":{"Escrito por":"Kathy","Tiempo de lectura":"2 minutos"},"schema":{"@context":"https:\/\/schema.org","@graph":[{"@type":"Article","@id":"https:\/\/www.cuballama.com\/noticias\/ian-padron-le-responde-con-nota-publica-a-perugorria-indigna-leer-tus-declaraciones\/#article","isPartOf":{"@id":"https:\/\/www.cuballama.com\/noticias\/ian-padron-le-responde-con-nota-publica-a-perugorria-indigna-leer-tus-declaraciones\/"},"author":{"name":"Kathy","@id":"https:\/\/www.cuballama.com\/noticias\/#\/schema\/person\/86cd3e3f4974437f031211213bf892d5"},"headline":"Ian Padr\u00f3n le responde a Perugorr\u00eda: \u201cIndigna leer tus declaraciones\u201d","datePublished":"2026-03-10T11:00:00+00:00","dateModified":"2026-03-10T14:24:58+00:00","mainEntityOfPage":{"@id":"https:\/\/www.cuballama.com\/noticias\/ian-padron-le-responde-con-nota-publica-a-perugorria-indigna-leer-tus-declaraciones\/"},"wordCount":423,"commentCount":0,"publisher":{"@id":"https:\/\/www.cuballama.com\/noticias\/#organization"},"image":{"@id":"https:\/\/www.cuballama.com\/noticias\/ian-padron-le-responde-con-nota-publica-a-perugorria-indigna-leer-tus-declaraciones\/#primaryimage"},"thumbnailUrl":"https:\/\/cdn1.mediawpaccore.net\/wp-content\/uploads\/2026\/03\/09231746\/Square-black-four-4x47-1.jpg","keywords":["Crisis en Cuba","destacado","Ian Padr\u00f3n","Jorge Perugorr\u00eda"],"articleSection":["Noticias","Noticias de Cuba"],"inLanguage":"es","potentialAction":[{"@type":"CommentAction","name":"Comment","target":["https:\/\/www.cuballama.com\/noticias\/ian-padron-le-responde-con-nota-publica-a-perugorria-indigna-leer-tus-declaraciones\/#respond"]}]},{"@type":"WebPage","@id":"https:\/\/www.cuballama.com\/noticias\/ian-padron-le-responde-con-nota-publica-a-perugorria-indigna-leer-tus-declaraciones\/","url":"https:\/\/www.cuballama.com\/noticias\/ian-padron-le-responde-con-nota-publica-a-perugorria-indigna-leer-tus-declaraciones\/","name":"Ian Padr\u00f3n le responde a Perugorr\u00eda: \u201cIndigna leer tus declaraciones\u201d - Cuballama Noticias","isPartOf":{"@id":"https:\/\/www.cuballama.com\/noticias\/#website"},"primaryImageOfPage":{"@id":"https:\/\/www.cuballama.com\/noticias\/ian-padron-le-responde-con-nota-publica-a-perugorria-indigna-leer-tus-declaraciones\/#primaryimage"},"image":{"@id":"https:\/\/www.cuballama.com\/noticias\/ian-padron-le-responde-con-nota-publica-a-perugorria-indigna-leer-tus-declaraciones\/#primaryimage"},"thumbnailUrl":"https:\/\/cdn1.mediawpaccore.net\/wp-content\/uploads\/2026\/03\/09231746\/Square-black-four-4x47-1.jpg","datePublished":"2026-03-10T11:00:00+00:00","dateModified":"2026-03-10T14:24:58+00:00","description":"El guionista y realizador Ian Padr\u00f3n respondi\u00f3 de manera contundente a las recientes declaraciones del actor y cineasta Jorge Perugorr\u00eda.","breadcrumb":{"@id":"https:\/\/www.cuballama.com\/noticias\/ian-padron-le-responde-con-nota-publica-a-perugorria-indigna-leer-tus-declaraciones\/#breadcrumb"},"inLanguage":"es","potentialAction":[{"@type":"ReadAction","target":["https:\/\/www.cuballama.com\/noticias\/ian-padron-le-responde-con-nota-publica-a-perugorria-indigna-leer-tus-declaraciones\/"]}]},{"@type":"ImageObject","inLanguage":"es","@id":"https:\/\/www.cuballama.com\/noticias\/ian-padron-le-responde-con-nota-publica-a-perugorria-indigna-leer-tus-declaraciones\/#primaryimage","url":"https:\/\/cdn1.mediawpaccore.net\/wp-content\/uploads\/2026\/03\/09231746\/Square-black-four-4x47-1.jpg","contentUrl":"https:\/\/cdn1.mediawpaccore.net\/wp-content\/uploads\/2026\/03\/09231746\/Square-black-four-4x47-1.jpg","width":1200,"height":630,"caption":"Ian Padr\u00f3n (i) y Jorge Perugorr\u00eda. Foto: Facebook\/Ian Padr\u00f3n\/Sur."},{"@type":"BreadcrumbList","@id":"https:\/\/www.cuballama.com\/noticias\/ian-padron-le-responde-con-nota-publica-a-perugorria-indigna-leer-tus-declaraciones\/#breadcrumb","itemListElement":[{"@type":"ListItem","position":1,"name":"Home","item":"https:\/\/www.cuballama.com\/noticias\/"},{"@type":"ListItem","position":2,"name":"Ian Padr\u00f3n le responde a Perugorr\u00eda: \u201cIndigna leer tus declaraciones\u201d"}]},{"@type":"WebSite","@id":"https:\/\/www.cuballama.com\/noticias\/#website","url":"https:\/\/www.cuballama.com\/noticias\/","name":"Cuballama Noticias","description":"Medio digital sobre Cuba y el mundo","publisher":{"@id":"https:\/\/www.cuballama.com\/noticias\/#organization"},"potentialAction":[{"@type":"SearchAction","target":{"@type":"EntryPoint","urlTemplate":"https:\/\/www.cuballama.com\/noticias\/?s={search_term_string}"},"query-input":{"@type":"PropertyValueSpecification","valueRequired":true,"valueName":"search_term_string"}}],"inLanguage":"es"},{"@type":"Organization","@id":"https:\/\/www.cuballama.com\/noticias\/#organization","name":"Cuballama","url":"https:\/\/www.cuballama.com\/noticias\/","logo":{"@type":"ImageObject","inLanguage":"es","@id":"https:\/\/www.cuballama.com\/noticias\/#\/schema\/logo\/image\/","url":"https:\/\/cdn1.mediawpaccore.net\/wp-content\/uploads\/2021\/12\/28171206\/cbll-logo-color-sm.png","contentUrl":"https:\/\/cdn1.mediawpaccore.net\/wp-content\/uploads\/2021\/12\/28171206\/cbll-logo-color-sm.png","width":600,"height":133,"caption":"Cuballama"},"image":{"@id":"https:\/\/www.cuballama.com\/noticias\/#\/schema\/logo\/image\/"},"sameAs":["https:\/\/www.facebook.com\/CubaLlama","https:\/\/x.com\/cuballama","https:\/\/www.instagram.com\/stories\/cuballama_oficial\/","https:\/\/www.youtube.com\/channel\/UCKkFE-d_axENGZcrc4as0IA"]},{"@type":"Person","@id":"https:\/\/www.cuballama.com\/noticias\/#\/schema\/person\/86cd3e3f4974437f031211213bf892d5","name":"Kathy","url":"https:\/\/www.cuballama.com\/noticias\/author\/kathy\/"}]}},"_links":{"self":[{"href":"https:\/\/www.cuballama.com\/noticias\/wp-json\/wp\/v2\/posts\/237637","targetHints":{"allow":["GET"]}}],"collection":[{"href":"https:\/\/www.cuballama.com\/noticias\/wp-json\/wp\/v2\/posts"}],"about":[{"href":"https:\/\/www.cuballama.com\/noticias\/wp-json\/wp\/v2\/types\/post"}],"author":[{"embeddable":true,"href":"https:\/\/www.cuballama.com\/noticias\/wp-json\/wp\/v2\/users\/30"}],"replies":[{"embeddable":true,"href":"https:\/\/www.cuballama.com\/noticias\/wp-json\/wp\/v2\/comments?post=237637"}],"version-history":[{"count":6,"href":"https:\/\/www.cuballama.com\/noticias\/wp-json\/wp\/v2\/posts\/237637\/revisions"}],"predecessor-version":[{"id":237655,"href":"https:\/\/www.cuballama.com\/noticias\/wp-json\/wp\/v2\/posts\/237637\/revisions\/237655"}],"wp:featuredmedia":[{"embeddable":true,"href":"https:\/\/www.cuballama.com\/noticias\/wp-json\/wp\/v2\/media\/237640"}],"wp:attachment":[{"href":"https:\/\/www.cuballama.com\/noticias\/wp-json\/wp\/v2\/media?parent=237637"}],"wp:term":[{"taxonomy":"category","embeddable":true,"href":"https:\/\/www.cuballama.com\/noticias\/wp-json\/wp\/v2\/categories?post=237637"},{"taxonomy":"post_tag","embeddable":true,"href":"https:\/\/www.cuballama.com\/noticias\/wp-json\/wp\/v2\/tags?post=237637"}],"curies":[{"name":"wp","href":"https:\/\/api.w.org\/{rel}","templated":true}]}}