{"id":237635,"date":"2026-03-10T10:50:17","date_gmt":"2026-03-10T14:50:17","guid":{"rendered":"https:\/\/www.cuballama.com\/noticias\/?p=237635"},"modified":"2026-03-10T10:52:05","modified_gmt":"2026-03-10T14:52:05","slug":"trump-no-descarta-intervencion-no-amistosa-en-cuba","status":"publish","type":"post","link":"https:\/\/www.cuballama.com\/noticias\/trump-no-descarta-intervencion-no-amistosa-en-cuba\/","title":{"rendered":"Trump no descarta intervenci\u00f3n \u00abno amistosa\u00bb en Cuba"},"content":{"rendered":"\n<p><\/p>\n\n\n\n<p>El presidente de Estados Unidos, Donald Trump, volvi\u00f3 a lanzar advertencias sobre el futuro de Cuba y asegur\u00f3 que Washington podr\u00eda terminar asumiendo el control de la isla si no se alcanza un acuerdo con sus autoridades.<\/p>\n\n\n\n<p>\u201cPuede ser una toma amistosa, o puede ser una toma no amistosa. No importar\u00eda\u201d, afirm\u00f3 el mandatario al referirse a sus objetivos respecto a Cuba. Seg\u00fan Trump, la situaci\u00f3n econ\u00f3mica y energ\u00e9tica del pa\u00eds caribe\u00f1o limita seriamente la capacidad de negociaci\u00f3n del r\u00e9gimen de Miguel D\u00edaz-Canel.<\/p>\n\n\n\n<p>\u201cNo tienen energ\u00eda, no tienen dinero. Est\u00e1n en graves problemas\u201d, sostuvo el presidente estadounidense, al describir la crisis que atraviesa la isla.<\/p>\n\n\n\n<p>Las declaraciones se producen en un momento particularmente complejo para Cuba, donde los prolongados apagones han provocado protestas espont\u00e1neas en ciudades como La Habana y Matanzas. Durante los \u00faltimos d\u00edas se han registrado \u201ccacerolazos\u201d en distintos barrios debido a los reiterados cortes de electricidad.<\/p>\n\n\n\n<p>Trump ya hab\u00eda adelantado el pasado fin de semana que planeaba \u201cocuparse\u201d de la situaci\u00f3n cubana una vez concluida la intervenci\u00f3n militar estadounidense en Ir\u00e1n, operaci\u00f3n que Washington desarrolla en coordinaci\u00f3n con Israel.<\/p>\n\n\n\n<p>El mandatario tambi\u00e9n vincul\u00f3 el agravamiento de la crisis cubana con el fin del apoyo energ\u00e9tico proveniente de Venezuela. \u201cViv\u00edan de Venezuela. Les enviaban energ\u00eda, combustible, petr\u00f3leo y dinero. Ahora ya no tienen nada de eso\u201d, afirm\u00f3.<\/p>\n\n\n\n<p>En ese contexto, Trump revel\u00f3 que el secretario de Estado, Marco Rubio, mantiene conversaciones con representantes del Gobierno cubano, aunque sin ofrecer detalles sobre el contenido de esos contactos. Seg\u00fan diversos reportes, en esas gestiones participa el nieto del exmandatario Ra\u00fal Castro, conocido como \u00abEl Cangrejo\u00bb.<\/p>\n\n\n\n<p>\u201cEl habla el idioma, lo cual siempre es \u00fatil, pero est\u00e1 negociando\u201d, dijo Trump sobre Rubio. \u201cPuede que sea una toma de control amistosa, o puede que no lo sea. No importar\u00eda, porque realmente est\u00e1n en las \u00faltimas\u201d.<\/p>\n\n\n\n<p>El presidente estadounidense tambi\u00e9n destac\u00f3 su relaci\u00f3n con la comunidad cubanoamericana radicada en el estado de Florida, uno de los grupos pol\u00edticos m\u00e1s influyentes en la pol\u00edtica hacia la isla.<\/p>\n\n\n\n<p>\u201cEsas personas son muy importantes para m\u00ed. Pasaron por un infierno. Muchos de ellos se han convertido en algunos de los empresarios m\u00e1s exitosos del pa\u00eds y son amigos m\u00edos\u201d, asegur\u00f3.<\/p>\n\n\n\n<p>Las declaraciones de Trump se producen en medio de la peor crisis econ\u00f3mica y energ\u00e9tica que ha vivido Cuba en d\u00e9cadas, marcada por escasez de combustible, inflaci\u00f3n, apagones prolongados y un deterioro acelerado de las condiciones de vida en la isla.<\/p>\n\n\n\n<p><\/p>\n","protected":false},"excerpt":{"rendered":"<p>\u201cPuede ser una toma amistosa, o puede ser una toma no amistosa. No importar\u00eda\u201d, afirm\u00f3 el mandatario al referirse a sus objetivos respecto a Cuba. Seg\u00fan Trump, la situaci\u00f3n econ\u00f3mica y energ\u00e9tica del pa\u00eds caribe\u00f1o limita seriamente la capacidad de negociaci\u00f3n del r\u00e9gimen de Miguel D\u00edaz-Canel.<\/p>\n","protected":false},"author":24,"featured_media":231682,"comment_status":"open","ping_status":"closed","sticky":false,"template":"","format":"standard","meta":{"_acf_changed":false,"footnotes":""},"categories":[18,955],"tags":[10867,11,92,11017,7651],"class_list":{"0":"post-237635","1":"post","2":"type-post","3":"status-publish","4":"format-standard","5":"has-post-thumbnail","7":"category-noticias","8":"category-noticias-de-cuba","9":"tag-crisis-en-cuba","10":"tag-cuba","11":"tag-cubanos","12":"tag-superdestacado","13":"tag-trump"},"acf":[],"yoast_head":"<!-- This site is optimized with the Yoast SEO plugin v27.4 - https:\/\/yoast.com\/product\/yoast-seo-wordpress\/ -->\n<title>Trump no descarta intervenci\u00f3n &quot;no amistosa&quot; en Cuba - Cuballama Noticias<\/title>\n<meta name=\"robots\" content=\"index, follow, max-snippet:-1, max-image-preview:large, max-video-preview:-1\" \/>\n<link rel=\"canonical\" href=\"https:\/\/www.cuballama.com\/noticias\/trump-no-descarta-intervencion-no-amistosa-en-cuba\/\" \/>\n<meta property=\"og:locale\" content=\"es_ES\" \/>\n<meta property=\"og:type\" content=\"article\" \/>\n<meta property=\"og:title\" content=\"Trump no descarta intervenci\u00f3n &quot;no amistosa&quot; en Cuba - Cuballama Noticias\" \/>\n<meta property=\"og:description\" content=\"\u201cPuede ser una toma amistosa, o puede ser una toma no amistosa. No importar\u00eda\u201d, afirm\u00f3 el mandatario al referirse a sus objetivos respecto a Cuba. Seg\u00fan Trump, la situaci\u00f3n econ\u00f3mica y energ\u00e9tica del pa\u00eds caribe\u00f1o limita seriamente la capacidad de negociaci\u00f3n del r\u00e9gimen de Miguel D\u00edaz-Canel.\" \/>\n<meta property=\"og:url\" content=\"https:\/\/www.cuballama.com\/noticias\/trump-no-descarta-intervencion-no-amistosa-en-cuba\/\" \/>\n<meta property=\"og:site_name\" content=\"Cuballama Noticias\" \/>\n<meta property=\"article:publisher\" content=\"https:\/\/www.facebook.com\/CubaLlama\" \/>\n<meta property=\"article:published_time\" content=\"2026-03-10T14:50:17+00:00\" \/>\n<meta property=\"article:modified_time\" content=\"2026-03-10T14:52:05+00:00\" \/>\n<meta property=\"og:image\" content=\"https:\/\/cdn1.mediawpaccore.net\/wp-content\/uploads\/2026\/01\/12165329\/1768225523-diaz-canel-pronuncia-presuntas-conversaciones-gobierno-estados-unidos1.jpg\" \/>\n\t<meta property=\"og:image:width\" content=\"1200\" \/>\n\t<meta property=\"og:image:height\" content=\"630\" \/>\n\t<meta property=\"og:image:type\" content=\"image\/jpeg\" \/>\n<meta name=\"author\" content=\"Manu\" \/>\n<meta name=\"twitter:card\" content=\"summary_large_image\" \/>\n<meta name=\"twitter:creator\" content=\"@cuballama\" \/>\n<meta name=\"twitter:site\" content=\"@cuballama\" \/>\n<meta name=\"twitter:label1\" content=\"Escrito por\" \/>\n\t<meta name=\"twitter:data1\" content=\"Manu\" \/>\n\t<meta name=\"twitter:label2\" content=\"Tiempo de lectura\" \/>\n\t<meta name=\"twitter:data2\" content=\"3 minutos\" \/>\n<script type=\"application\/ld+json\" class=\"yoast-schema-graph\">{\"@context\":\"https:\\\/\\\/schema.org\",\"@graph\":[{\"@type\":\"Article\",\"@id\":\"https:\\\/\\\/www.cuballama.com\\\/noticias\\\/trump-no-descarta-intervencion-no-amistosa-en-cuba\\\/#article\",\"isPartOf\":{\"@id\":\"https:\\\/\\\/www.cuballama.com\\\/noticias\\\/trump-no-descarta-intervencion-no-amistosa-en-cuba\\\/\"},\"author\":{\"name\":\"Manu\",\"@id\":\"https:\\\/\\\/www.cuballama.com\\\/noticias\\\/#\\\/schema\\\/person\\\/5889f7d070564f8386e7944d14d436cd\"},\"headline\":\"Trump no descarta intervenci\u00f3n \u00abno amistosa\u00bb en Cuba\",\"datePublished\":\"2026-03-10T14:50:17+00:00\",\"dateModified\":\"2026-03-10T14:52:05+00:00\",\"mainEntityOfPage\":{\"@id\":\"https:\\\/\\\/www.cuballama.com\\\/noticias\\\/trump-no-descarta-intervencion-no-amistosa-en-cuba\\\/\"},\"wordCount\":456,\"commentCount\":0,\"publisher\":{\"@id\":\"https:\\\/\\\/www.cuballama.com\\\/noticias\\\/#organization\"},\"image\":{\"@id\":\"https:\\\/\\\/www.cuballama.com\\\/noticias\\\/trump-no-descarta-intervencion-no-amistosa-en-cuba\\\/#primaryimage\"},\"thumbnailUrl\":\"https:\\\/\\\/cdn1.mediawpaccore.net\\\/wp-content\\\/uploads\\\/2026\\\/01\\\/12165329\\\/1768225523-diaz-canel-pronuncia-presuntas-conversaciones-gobierno-estados-unidos1.jpg\",\"keywords\":[\"Crisis en Cuba\",\"Cuba\",\"cubanos\",\"superdestacado\",\"Trump\"],\"articleSection\":[\"Noticias\",\"Noticias de Cuba\"],\"inLanguage\":\"es\",\"potentialAction\":[{\"@type\":\"CommentAction\",\"name\":\"Comment\",\"target\":[\"https:\\\/\\\/www.cuballama.com\\\/noticias\\\/trump-no-descarta-intervencion-no-amistosa-en-cuba\\\/#respond\"]}]},{\"@type\":\"WebPage\",\"@id\":\"https:\\\/\\\/www.cuballama.com\\\/noticias\\\/trump-no-descarta-intervencion-no-amistosa-en-cuba\\\/\",\"url\":\"https:\\\/\\\/www.cuballama.com\\\/noticias\\\/trump-no-descarta-intervencion-no-amistosa-en-cuba\\\/\",\"name\":\"Trump no descarta intervenci\u00f3n \\\"no amistosa\\\" en Cuba - Cuballama Noticias\",\"isPartOf\":{\"@id\":\"https:\\\/\\\/www.cuballama.com\\\/noticias\\\/#website\"},\"primaryImageOfPage\":{\"@id\":\"https:\\\/\\\/www.cuballama.com\\\/noticias\\\/trump-no-descarta-intervencion-no-amistosa-en-cuba\\\/#primaryimage\"},\"image\":{\"@id\":\"https:\\\/\\\/www.cuballama.com\\\/noticias\\\/trump-no-descarta-intervencion-no-amistosa-en-cuba\\\/#primaryimage\"},\"thumbnailUrl\":\"https:\\\/\\\/cdn1.mediawpaccore.net\\\/wp-content\\\/uploads\\\/2026\\\/01\\\/12165329\\\/1768225523-diaz-canel-pronuncia-presuntas-conversaciones-gobierno-estados-unidos1.jpg\",\"datePublished\":\"2026-03-10T14:50:17+00:00\",\"dateModified\":\"2026-03-10T14:52:05+00:00\",\"breadcrumb\":{\"@id\":\"https:\\\/\\\/www.cuballama.com\\\/noticias\\\/trump-no-descarta-intervencion-no-amistosa-en-cuba\\\/#breadcrumb\"},\"inLanguage\":\"es\",\"potentialAction\":[{\"@type\":\"ReadAction\",\"target\":[\"https:\\\/\\\/www.cuballama.com\\\/noticias\\\/trump-no-descarta-intervencion-no-amistosa-en-cuba\\\/\"]}]},{\"@type\":\"ImageObject\",\"inLanguage\":\"es\",\"@id\":\"https:\\\/\\\/www.cuballama.com\\\/noticias\\\/trump-no-descarta-intervencion-no-amistosa-en-cuba\\\/#primaryimage\",\"url\":\"https:\\\/\\\/cdn1.mediawpaccore.net\\\/wp-content\\\/uploads\\\/2026\\\/01\\\/12165329\\\/1768225523-diaz-canel-pronuncia-presuntas-conversaciones-gobierno-estados-unidos1.jpg\",\"contentUrl\":\"https:\\\/\\\/cdn1.mediawpaccore.net\\\/wp-content\\\/uploads\\\/2026\\\/01\\\/12165329\\\/1768225523-diaz-canel-pronuncia-presuntas-conversaciones-gobierno-estados-unidos1.jpg\",\"width\":1200,\"height\":630,\"caption\":\"Donald Trump. Foto: X\\\/The White House.\"},{\"@type\":\"BreadcrumbList\",\"@id\":\"https:\\\/\\\/www.cuballama.com\\\/noticias\\\/trump-no-descarta-intervencion-no-amistosa-en-cuba\\\/#breadcrumb\",\"itemListElement\":[{\"@type\":\"ListItem\",\"position\":1,\"name\":\"Home\",\"item\":\"https:\\\/\\\/www.cuballama.com\\\/noticias\\\/\"},{\"@type\":\"ListItem\",\"position\":2,\"name\":\"Trump no descarta intervenci\u00f3n \u00abno amistosa\u00bb en Cuba\"}]},{\"@type\":\"WebSite\",\"@id\":\"https:\\\/\\\/www.cuballama.com\\\/noticias\\\/#website\",\"url\":\"https:\\\/\\\/www.cuballama.com\\\/noticias\\\/\",\"name\":\"Cuballama Noticias\",\"description\":\"Medio digital sobre Cuba y el mundo\",\"publisher\":{\"@id\":\"https:\\\/\\\/www.cuballama.com\\\/noticias\\\/#organization\"},\"potentialAction\":[{\"@type\":\"SearchAction\",\"target\":{\"@type\":\"EntryPoint\",\"urlTemplate\":\"https:\\\/\\\/www.cuballama.com\\\/noticias\\\/?s={search_term_string}\"},\"query-input\":{\"@type\":\"PropertyValueSpecification\",\"valueRequired\":true,\"valueName\":\"search_term_string\"}}],\"inLanguage\":\"es\"},{\"@type\":\"Organization\",\"@id\":\"https:\\\/\\\/www.cuballama.com\\\/noticias\\\/#organization\",\"name\":\"Cuballama\",\"url\":\"https:\\\/\\\/www.cuballama.com\\\/noticias\\\/\",\"logo\":{\"@type\":\"ImageObject\",\"inLanguage\":\"es\",\"@id\":\"https:\\\/\\\/www.cuballama.com\\\/noticias\\\/#\\\/schema\\\/logo\\\/image\\\/\",\"url\":\"https:\\\/\\\/cdn1.mediawpaccore.net\\\/wp-content\\\/uploads\\\/2021\\\/12\\\/28171206\\\/cbll-logo-color-sm.png\",\"contentUrl\":\"https:\\\/\\\/cdn1.mediawpaccore.net\\\/wp-content\\\/uploads\\\/2021\\\/12\\\/28171206\\\/cbll-logo-color-sm.png\",\"width\":600,\"height\":133,\"caption\":\"Cuballama\"},\"image\":{\"@id\":\"https:\\\/\\\/www.cuballama.com\\\/noticias\\\/#\\\/schema\\\/logo\\\/image\\\/\"},\"sameAs\":[\"https:\\\/\\\/www.facebook.com\\\/CubaLlama\",\"https:\\\/\\\/x.com\\\/cuballama\",\"https:\\\/\\\/www.instagram.com\\\/stories\\\/cuballama_oficial\\\/\",\"https:\\\/\\\/www.youtube.com\\\/channel\\\/UCKkFE-d_axENGZcrc4as0IA\"]},{\"@type\":\"Person\",\"@id\":\"https:\\\/\\\/www.cuballama.com\\\/noticias\\\/#\\\/schema\\\/person\\\/5889f7d070564f8386e7944d14d436cd\",\"name\":\"Manu\",\"url\":\"https:\\\/\\\/www.cuballama.com\\\/noticias\\\/author\\\/manu\\\/\"}]}<\/script>\n<!-- \/ Yoast SEO plugin. -->","yoast_head_json":{"title":"Trump no descarta intervenci\u00f3n \"no amistosa\" en Cuba - Cuballama Noticias","robots":{"index":"index","follow":"follow","max-snippet":"max-snippet:-1","max-image-preview":"max-image-preview:large","max-video-preview":"max-video-preview:-1"},"canonical":"https:\/\/www.cuballama.com\/noticias\/trump-no-descarta-intervencion-no-amistosa-en-cuba\/","og_locale":"es_ES","og_type":"article","og_title":"Trump no descarta intervenci\u00f3n \"no amistosa\" en Cuba - Cuballama Noticias","og_description":"\u201cPuede ser una toma amistosa, o puede ser una toma no amistosa. No importar\u00eda\u201d, afirm\u00f3 el mandatario al referirse a sus objetivos respecto a Cuba. Seg\u00fan Trump, la situaci\u00f3n econ\u00f3mica y energ\u00e9tica del pa\u00eds caribe\u00f1o limita seriamente la capacidad de negociaci\u00f3n del r\u00e9gimen de Miguel D\u00edaz-Canel.","og_url":"https:\/\/www.cuballama.com\/noticias\/trump-no-descarta-intervencion-no-amistosa-en-cuba\/","og_site_name":"Cuballama Noticias","article_publisher":"https:\/\/www.facebook.com\/CubaLlama","article_published_time":"2026-03-10T14:50:17+00:00","article_modified_time":"2026-03-10T14:52:05+00:00","og_image":[{"width":1200,"height":630,"url":"https:\/\/cdn1.mediawpaccore.net\/wp-content\/uploads\/2026\/01\/12165329\/1768225523-diaz-canel-pronuncia-presuntas-conversaciones-gobierno-estados-unidos1.jpg","type":"image\/jpeg"}],"author":"Manu","twitter_card":"summary_large_image","twitter_creator":"@cuballama","twitter_site":"@cuballama","twitter_misc":{"Escrito por":"Manu","Tiempo de lectura":"3 minutos"},"schema":{"@context":"https:\/\/schema.org","@graph":[{"@type":"Article","@id":"https:\/\/www.cuballama.com\/noticias\/trump-no-descarta-intervencion-no-amistosa-en-cuba\/#article","isPartOf":{"@id":"https:\/\/www.cuballama.com\/noticias\/trump-no-descarta-intervencion-no-amistosa-en-cuba\/"},"author":{"name":"Manu","@id":"https:\/\/www.cuballama.com\/noticias\/#\/schema\/person\/5889f7d070564f8386e7944d14d436cd"},"headline":"Trump no descarta intervenci\u00f3n \u00abno amistosa\u00bb en Cuba","datePublished":"2026-03-10T14:50:17+00:00","dateModified":"2026-03-10T14:52:05+00:00","mainEntityOfPage":{"@id":"https:\/\/www.cuballama.com\/noticias\/trump-no-descarta-intervencion-no-amistosa-en-cuba\/"},"wordCount":456,"commentCount":0,"publisher":{"@id":"https:\/\/www.cuballama.com\/noticias\/#organization"},"image":{"@id":"https:\/\/www.cuballama.com\/noticias\/trump-no-descarta-intervencion-no-amistosa-en-cuba\/#primaryimage"},"thumbnailUrl":"https:\/\/cdn1.mediawpaccore.net\/wp-content\/uploads\/2026\/01\/12165329\/1768225523-diaz-canel-pronuncia-presuntas-conversaciones-gobierno-estados-unidos1.jpg","keywords":["Crisis en Cuba","Cuba","cubanos","superdestacado","Trump"],"articleSection":["Noticias","Noticias de Cuba"],"inLanguage":"es","potentialAction":[{"@type":"CommentAction","name":"Comment","target":["https:\/\/www.cuballama.com\/noticias\/trump-no-descarta-intervencion-no-amistosa-en-cuba\/#respond"]}]},{"@type":"WebPage","@id":"https:\/\/www.cuballama.com\/noticias\/trump-no-descarta-intervencion-no-amistosa-en-cuba\/","url":"https:\/\/www.cuballama.com\/noticias\/trump-no-descarta-intervencion-no-amistosa-en-cuba\/","name":"Trump no descarta intervenci\u00f3n \"no amistosa\" en Cuba - Cuballama Noticias","isPartOf":{"@id":"https:\/\/www.cuballama.com\/noticias\/#website"},"primaryImageOfPage":{"@id":"https:\/\/www.cuballama.com\/noticias\/trump-no-descarta-intervencion-no-amistosa-en-cuba\/#primaryimage"},"image":{"@id":"https:\/\/www.cuballama.com\/noticias\/trump-no-descarta-intervencion-no-amistosa-en-cuba\/#primaryimage"},"thumbnailUrl":"https:\/\/cdn1.mediawpaccore.net\/wp-content\/uploads\/2026\/01\/12165329\/1768225523-diaz-canel-pronuncia-presuntas-conversaciones-gobierno-estados-unidos1.jpg","datePublished":"2026-03-10T14:50:17+00:00","dateModified":"2026-03-10T14:52:05+00:00","breadcrumb":{"@id":"https:\/\/www.cuballama.com\/noticias\/trump-no-descarta-intervencion-no-amistosa-en-cuba\/#breadcrumb"},"inLanguage":"es","potentialAction":[{"@type":"ReadAction","target":["https:\/\/www.cuballama.com\/noticias\/trump-no-descarta-intervencion-no-amistosa-en-cuba\/"]}]},{"@type":"ImageObject","inLanguage":"es","@id":"https:\/\/www.cuballama.com\/noticias\/trump-no-descarta-intervencion-no-amistosa-en-cuba\/#primaryimage","url":"https:\/\/cdn1.mediawpaccore.net\/wp-content\/uploads\/2026\/01\/12165329\/1768225523-diaz-canel-pronuncia-presuntas-conversaciones-gobierno-estados-unidos1.jpg","contentUrl":"https:\/\/cdn1.mediawpaccore.net\/wp-content\/uploads\/2026\/01\/12165329\/1768225523-diaz-canel-pronuncia-presuntas-conversaciones-gobierno-estados-unidos1.jpg","width":1200,"height":630,"caption":"Donald Trump. Foto: X\/The White House."},{"@type":"BreadcrumbList","@id":"https:\/\/www.cuballama.com\/noticias\/trump-no-descarta-intervencion-no-amistosa-en-cuba\/#breadcrumb","itemListElement":[{"@type":"ListItem","position":1,"name":"Home","item":"https:\/\/www.cuballama.com\/noticias\/"},{"@type":"ListItem","position":2,"name":"Trump no descarta intervenci\u00f3n \u00abno amistosa\u00bb en Cuba"}]},{"@type":"WebSite","@id":"https:\/\/www.cuballama.com\/noticias\/#website","url":"https:\/\/www.cuballama.com\/noticias\/","name":"Cuballama Noticias","description":"Medio digital sobre Cuba y el mundo","publisher":{"@id":"https:\/\/www.cuballama.com\/noticias\/#organization"},"potentialAction":[{"@type":"SearchAction","target":{"@type":"EntryPoint","urlTemplate":"https:\/\/www.cuballama.com\/noticias\/?s={search_term_string}"},"query-input":{"@type":"PropertyValueSpecification","valueRequired":true,"valueName":"search_term_string"}}],"inLanguage":"es"},{"@type":"Organization","@id":"https:\/\/www.cuballama.com\/noticias\/#organization","name":"Cuballama","url":"https:\/\/www.cuballama.com\/noticias\/","logo":{"@type":"ImageObject","inLanguage":"es","@id":"https:\/\/www.cuballama.com\/noticias\/#\/schema\/logo\/image\/","url":"https:\/\/cdn1.mediawpaccore.net\/wp-content\/uploads\/2021\/12\/28171206\/cbll-logo-color-sm.png","contentUrl":"https:\/\/cdn1.mediawpaccore.net\/wp-content\/uploads\/2021\/12\/28171206\/cbll-logo-color-sm.png","width":600,"height":133,"caption":"Cuballama"},"image":{"@id":"https:\/\/www.cuballama.com\/noticias\/#\/schema\/logo\/image\/"},"sameAs":["https:\/\/www.facebook.com\/CubaLlama","https:\/\/x.com\/cuballama","https:\/\/www.instagram.com\/stories\/cuballama_oficial\/","https:\/\/www.youtube.com\/channel\/UCKkFE-d_axENGZcrc4as0IA"]},{"@type":"Person","@id":"https:\/\/www.cuballama.com\/noticias\/#\/schema\/person\/5889f7d070564f8386e7944d14d436cd","name":"Manu","url":"https:\/\/www.cuballama.com\/noticias\/author\/manu\/"}]}},"_links":{"self":[{"href":"https:\/\/www.cuballama.com\/noticias\/wp-json\/wp\/v2\/posts\/237635","targetHints":{"allow":["GET"]}}],"collection":[{"href":"https:\/\/www.cuballama.com\/noticias\/wp-json\/wp\/v2\/posts"}],"about":[{"href":"https:\/\/www.cuballama.com\/noticias\/wp-json\/wp\/v2\/types\/post"}],"author":[{"embeddable":true,"href":"https:\/\/www.cuballama.com\/noticias\/wp-json\/wp\/v2\/users\/24"}],"replies":[{"embeddable":true,"href":"https:\/\/www.cuballama.com\/noticias\/wp-json\/wp\/v2\/comments?post=237635"}],"version-history":[{"count":2,"href":"https:\/\/www.cuballama.com\/noticias\/wp-json\/wp\/v2\/posts\/237635\/revisions"}],"predecessor-version":[{"id":237722,"href":"https:\/\/www.cuballama.com\/noticias\/wp-json\/wp\/v2\/posts\/237635\/revisions\/237722"}],"wp:featuredmedia":[{"embeddable":true,"href":"https:\/\/www.cuballama.com\/noticias\/wp-json\/wp\/v2\/media\/231682"}],"wp:attachment":[{"href":"https:\/\/www.cuballama.com\/noticias\/wp-json\/wp\/v2\/media?parent=237635"}],"wp:term":[{"taxonomy":"category","embeddable":true,"href":"https:\/\/www.cuballama.com\/noticias\/wp-json\/wp\/v2\/categories?post=237635"},{"taxonomy":"post_tag","embeddable":true,"href":"https:\/\/www.cuballama.com\/noticias\/wp-json\/wp\/v2\/tags?post=237635"}],"curies":[{"name":"wp","href":"https:\/\/api.w.org\/{rel}","templated":true}]}}