{"id":237625,"date":"2026-03-09T13:19:46","date_gmt":"2026-03-09T17:19:46","guid":{"rendered":"https:\/\/www.cuballama.com\/noticias\/?p=237625"},"modified":"2026-03-09T13:28:39","modified_gmt":"2026-03-09T17:28:39","slug":"el-chulo-se-pronuncia-tras-ser-deportado-a-mexico-desde-aqui-empezaremos-de-cero","status":"publish","type":"post","link":"https:\/\/www.cuballama.com\/noticias\/el-chulo-se-pronuncia-tras-ser-deportado-a-mexico-desde-aqui-empezaremos-de-cero\/","title":{"rendered":"El Chulo se pronuncia tras ser deportado a M\u00e9xico: \u201cDesde aqu\u00ed empezaremos de cero\u201d"},"content":{"rendered":"\n<p>El reguetonero cubano Abel D\u00edaz Rodr\u00edguez, conocido como El Chulo, fue deportado la pasada semana de Estados Unidos a M\u00e9xico, seg\u00fan confirm\u00f3 el propio artista a trav\u00e9s de sus historias de Instagram.<\/p>\n\n\n\n<p>\u201cLo que no te mata te hace m\u00e1s fuerte. Viernes pr\u00f3ximo m\u00fasica nueva. Gracias, M\u00e9xico, por darle una nueva oportunidad a mi vida y mi carrera\u201d, escribi\u00f3 este domingo al dirigirse a sus miles de seguidores con la promesa de que seguir\u00e1 su trabajo dentro de la m\u00fasica urbana desde el pa\u00eds azteca.<\/p>\n\n\n\n<p>\u201cDesde aqu\u00ed empezaremos de cero y desde aqu\u00ed construiremos con \u00e9xito una nueva historia. Dios es bueno\u201d, se\u00f1al\u00f3 el int\u00e9rprete de Con la cintura, que deja en Estados Unidos a dos hijos, su esposa y su madre, a quien recientemente hab\u00eda logrado sacar de Cuba.<\/p>\n\n\n\n<iframe loading=\"lazy\" src=\"https:\/\/www.facebook.com\/plugins\/post.php?href=https%3A%2F%2Fwww.facebook.com%2Fdanielbeniteznews%2Fposts%2Fpfbid0M1DNq11hNsuVgrM6YoPnoXxuUTSsXkVhymzVC74dzQpuYL7kPguwY9zuq3h4dx2yl&#038;show_text=true&#038;width=500\" width=\"500\" height=\"250\" style=\"border:none;overflow:hidden\" scrolling=\"no\" frameborder=\"0\" allowfullscreen=\"true\" allow=\"autoplay; clipboard-write; encrypted-media; picture-in-picture; web-share\"><\/iframe>\n\n\n\n<p>El nombre del reguetonero natural de La Habana <a href=\"https:\/\/www.cuballama.com\/noticias\/el-chulo-deportado-su-nombre-desaparece-del-sistema-de-ice\/\" target=\"_blank\" rel=\"noreferrer noopener\">desapareci\u00f3 del sistema<\/a> del Servicio de Inmigraci\u00f3n y Control de Aduanas de Estados Unidos (ICE por sus siglas en ingl\u00e9s) al menos desde el mi\u00e9rcoles pasado.<\/p>\n\n\n\n<p>Hay que recordar que El Chulo fue arrestado por ICE en su casa del sur de Florida el pasado 22 de enero, despu\u00e9s de faltar a su cita de supervisi\u00f3n ante la misma agencia.<\/p>\n\n\n\n<p>El artista cubano ten\u00eda una orden de deportaci\u00f3n desde 2018, la cual recibic\u00f3 tras declararse culpable de un intento de asesinato.<\/p>\n\n\n\n<p>Tras su arresto el gobierno de Estados Unidos lo acus\u00f3 de ser un miembro de la pandilla criminal Latin Kings, algo que \u00e9l neg\u00f3 rotundamente  mientras se encontraba en el centro de detenci\u00f3n conocido como Alcatraz de los Caimanes.<\/p>\n","protected":false},"excerpt":{"rendered":"<p>El nombre del reguetonero desapareci\u00f3 del sistema del Servicio de Inmigraci\u00f3n y Control de Aduanas de Estados Unidos desde la semana pasada.<\/p>\n","protected":false},"author":30,"featured_media":237628,"comment_status":"open","ping_status":"closed","sticky":false,"template":"","format":"standard","meta":{"_acf_changed":false,"footnotes":""},"categories":[443,18],"tags":[26589,28450,941,12534],"class_list":{"0":"post-237625","1":"post","2":"type-post","3":"status-publish","4":"format-standard","5":"has-post-thumbnail","7":"category-farandula","8":"category-noticias","9":"tag-deportacion-de-cubanos","10":"tag-deportacion-desde-estados-unidos","11":"tag-destacado","12":"tag-el-chulo"},"acf":[],"yoast_head":"<!-- This site is optimized with the Yoast SEO plugin v27.4 - https:\/\/yoast.com\/product\/yoast-seo-wordpress\/ -->\n<title>El Chulo se pronuncia tras ser deportado a M\u00e9xico: \u201cDesde aqu\u00ed empezaremos de cero\u201d - Cuballama Noticias<\/title>\n<meta name=\"description\" content=\"El reguetonero cubano Abel D\u00edaz Rodr\u00edguez, conocido como El Chulo, fue deportado la pasada semana de Estados Unidos a M\u00e9xico.\" \/>\n<meta name=\"robots\" content=\"index, follow, max-snippet:-1, max-image-preview:large, max-video-preview:-1\" \/>\n<link rel=\"canonical\" href=\"https:\/\/www.cuballama.com\/noticias\/el-chulo-se-pronuncia-tras-ser-deportado-a-mexico-desde-aqui-empezaremos-de-cero\/\" \/>\n<meta property=\"og:locale\" content=\"es_ES\" \/>\n<meta property=\"og:type\" content=\"article\" \/>\n<meta property=\"og:title\" content=\"El Chulo se pronuncia tras ser deportado a M\u00e9xico: \u201cDesde aqu\u00ed empezaremos de cero\u201d - Cuballama Noticias\" \/>\n<meta property=\"og:description\" content=\"El reguetonero cubano Abel D\u00edaz Rodr\u00edguez, conocido como El Chulo, fue deportado la pasada semana de Estados Unidos a M\u00e9xico.\" \/>\n<meta property=\"og:url\" content=\"https:\/\/www.cuballama.com\/noticias\/el-chulo-se-pronuncia-tras-ser-deportado-a-mexico-desde-aqui-empezaremos-de-cero\/\" \/>\n<meta property=\"og:site_name\" content=\"Cuballama Noticias\" \/>\n<meta property=\"article:publisher\" content=\"https:\/\/www.facebook.com\/CubaLlama\" \/>\n<meta property=\"article:published_time\" content=\"2026-03-09T17:19:46+00:00\" \/>\n<meta property=\"article:modified_time\" content=\"2026-03-09T17:28:39+00:00\" \/>\n<meta property=\"og:image\" content=\"https:\/\/cdn1.mediawpaccore.net\/wp-content\/uploads\/2026\/03\/09130404\/649323987_921343440642177_3672082849816027993_n1.jpg\" \/>\n\t<meta property=\"og:image:width\" content=\"1200\" \/>\n\t<meta property=\"og:image:height\" content=\"630\" \/>\n\t<meta property=\"og:image:type\" content=\"image\/jpeg\" \/>\n<meta name=\"author\" content=\"Kathy\" \/>\n<meta name=\"twitter:card\" content=\"summary_large_image\" \/>\n<meta name=\"twitter:creator\" content=\"@cuballama\" \/>\n<meta name=\"twitter:site\" content=\"@cuballama\" \/>\n<meta name=\"twitter:label1\" content=\"Escrito por\" \/>\n\t<meta name=\"twitter:data1\" content=\"Kathy\" \/>\n\t<meta name=\"twitter:label2\" content=\"Tiempo de lectura\" \/>\n\t<meta name=\"twitter:data2\" content=\"2 minutos\" \/>\n<script type=\"application\/ld+json\" class=\"yoast-schema-graph\">{\"@context\":\"https:\\\/\\\/schema.org\",\"@graph\":[{\"@type\":\"Article\",\"@id\":\"https:\\\/\\\/www.cuballama.com\\\/noticias\\\/el-chulo-se-pronuncia-tras-ser-deportado-a-mexico-desde-aqui-empezaremos-de-cero\\\/#article\",\"isPartOf\":{\"@id\":\"https:\\\/\\\/www.cuballama.com\\\/noticias\\\/el-chulo-se-pronuncia-tras-ser-deportado-a-mexico-desde-aqui-empezaremos-de-cero\\\/\"},\"author\":{\"name\":\"Kathy\",\"@id\":\"https:\\\/\\\/www.cuballama.com\\\/noticias\\\/#\\\/schema\\\/person\\\/86cd3e3f4974437f031211213bf892d5\"},\"headline\":\"El Chulo se pronuncia tras ser deportado a M\u00e9xico: \u201cDesde aqu\u00ed empezaremos de cero\u201d\",\"datePublished\":\"2026-03-09T17:19:46+00:00\",\"dateModified\":\"2026-03-09T17:28:39+00:00\",\"mainEntityOfPage\":{\"@id\":\"https:\\\/\\\/www.cuballama.com\\\/noticias\\\/el-chulo-se-pronuncia-tras-ser-deportado-a-mexico-desde-aqui-empezaremos-de-cero\\\/\"},\"wordCount\":293,\"commentCount\":0,\"publisher\":{\"@id\":\"https:\\\/\\\/www.cuballama.com\\\/noticias\\\/#organization\"},\"image\":{\"@id\":\"https:\\\/\\\/www.cuballama.com\\\/noticias\\\/el-chulo-se-pronuncia-tras-ser-deportado-a-mexico-desde-aqui-empezaremos-de-cero\\\/#primaryimage\"},\"thumbnailUrl\":\"https:\\\/\\\/cdn1.mediawpaccore.net\\\/wp-content\\\/uploads\\\/2026\\\/03\\\/09130404\\\/649323987_921343440642177_3672082849816027993_n1.jpg\",\"keywords\":[\"deportaci\u00f3n de cubanos\",\"deportaci\u00f3n desde Estados Unidos\",\"destacado\",\"El Chulo\"],\"articleSection\":[\"Far\u00e1ndula\",\"Noticias\"],\"inLanguage\":\"es\",\"potentialAction\":[{\"@type\":\"CommentAction\",\"name\":\"Comment\",\"target\":[\"https:\\\/\\\/www.cuballama.com\\\/noticias\\\/el-chulo-se-pronuncia-tras-ser-deportado-a-mexico-desde-aqui-empezaremos-de-cero\\\/#respond\"]}]},{\"@type\":\"WebPage\",\"@id\":\"https:\\\/\\\/www.cuballama.com\\\/noticias\\\/el-chulo-se-pronuncia-tras-ser-deportado-a-mexico-desde-aqui-empezaremos-de-cero\\\/\",\"url\":\"https:\\\/\\\/www.cuballama.com\\\/noticias\\\/el-chulo-se-pronuncia-tras-ser-deportado-a-mexico-desde-aqui-empezaremos-de-cero\\\/\",\"name\":\"El Chulo se pronuncia tras ser deportado a M\u00e9xico: \u201cDesde aqu\u00ed empezaremos de cero\u201d - Cuballama Noticias\",\"isPartOf\":{\"@id\":\"https:\\\/\\\/www.cuballama.com\\\/noticias\\\/#website\"},\"primaryImageOfPage\":{\"@id\":\"https:\\\/\\\/www.cuballama.com\\\/noticias\\\/el-chulo-se-pronuncia-tras-ser-deportado-a-mexico-desde-aqui-empezaremos-de-cero\\\/#primaryimage\"},\"image\":{\"@id\":\"https:\\\/\\\/www.cuballama.com\\\/noticias\\\/el-chulo-se-pronuncia-tras-ser-deportado-a-mexico-desde-aqui-empezaremos-de-cero\\\/#primaryimage\"},\"thumbnailUrl\":\"https:\\\/\\\/cdn1.mediawpaccore.net\\\/wp-content\\\/uploads\\\/2026\\\/03\\\/09130404\\\/649323987_921343440642177_3672082849816027993_n1.jpg\",\"datePublished\":\"2026-03-09T17:19:46+00:00\",\"dateModified\":\"2026-03-09T17:28:39+00:00\",\"description\":\"El reguetonero cubano Abel D\u00edaz Rodr\u00edguez, conocido como El Chulo, fue deportado la pasada semana de Estados Unidos a M\u00e9xico.\",\"breadcrumb\":{\"@id\":\"https:\\\/\\\/www.cuballama.com\\\/noticias\\\/el-chulo-se-pronuncia-tras-ser-deportado-a-mexico-desde-aqui-empezaremos-de-cero\\\/#breadcrumb\"},\"inLanguage\":\"es\",\"potentialAction\":[{\"@type\":\"ReadAction\",\"target\":[\"https:\\\/\\\/www.cuballama.com\\\/noticias\\\/el-chulo-se-pronuncia-tras-ser-deportado-a-mexico-desde-aqui-empezaremos-de-cero\\\/\"]}]},{\"@type\":\"ImageObject\",\"inLanguage\":\"es\",\"@id\":\"https:\\\/\\\/www.cuballama.com\\\/noticias\\\/el-chulo-se-pronuncia-tras-ser-deportado-a-mexico-desde-aqui-empezaremos-de-cero\\\/#primaryimage\",\"url\":\"https:\\\/\\\/cdn1.mediawpaccore.net\\\/wp-content\\\/uploads\\\/2026\\\/03\\\/09130404\\\/649323987_921343440642177_3672082849816027993_n1.jpg\",\"contentUrl\":\"https:\\\/\\\/cdn1.mediawpaccore.net\\\/wp-content\\\/uploads\\\/2026\\\/03\\\/09130404\\\/649323987_921343440642177_3672082849816027993_n1.jpg\",\"width\":1200,\"height\":630,\"caption\":\"El Chulo. Foto: Facebook\\\/Daniel Ben\u00edtez.\"},{\"@type\":\"BreadcrumbList\",\"@id\":\"https:\\\/\\\/www.cuballama.com\\\/noticias\\\/el-chulo-se-pronuncia-tras-ser-deportado-a-mexico-desde-aqui-empezaremos-de-cero\\\/#breadcrumb\",\"itemListElement\":[{\"@type\":\"ListItem\",\"position\":1,\"name\":\"Home\",\"item\":\"https:\\\/\\\/www.cuballama.com\\\/noticias\\\/\"},{\"@type\":\"ListItem\",\"position\":2,\"name\":\"El Chulo se pronuncia tras ser deportado a M\u00e9xico: \u201cDesde aqu\u00ed empezaremos de cero\u201d\"}]},{\"@type\":\"WebSite\",\"@id\":\"https:\\\/\\\/www.cuballama.com\\\/noticias\\\/#website\",\"url\":\"https:\\\/\\\/www.cuballama.com\\\/noticias\\\/\",\"name\":\"Cuballama Noticias\",\"description\":\"Medio digital sobre Cuba y el mundo\",\"publisher\":{\"@id\":\"https:\\\/\\\/www.cuballama.com\\\/noticias\\\/#organization\"},\"potentialAction\":[{\"@type\":\"SearchAction\",\"target\":{\"@type\":\"EntryPoint\",\"urlTemplate\":\"https:\\\/\\\/www.cuballama.com\\\/noticias\\\/?s={search_term_string}\"},\"query-input\":{\"@type\":\"PropertyValueSpecification\",\"valueRequired\":true,\"valueName\":\"search_term_string\"}}],\"inLanguage\":\"es\"},{\"@type\":\"Organization\",\"@id\":\"https:\\\/\\\/www.cuballama.com\\\/noticias\\\/#organization\",\"name\":\"Cuballama\",\"url\":\"https:\\\/\\\/www.cuballama.com\\\/noticias\\\/\",\"logo\":{\"@type\":\"ImageObject\",\"inLanguage\":\"es\",\"@id\":\"https:\\\/\\\/www.cuballama.com\\\/noticias\\\/#\\\/schema\\\/logo\\\/image\\\/\",\"url\":\"https:\\\/\\\/cdn1.mediawpaccore.net\\\/wp-content\\\/uploads\\\/2021\\\/12\\\/28171206\\\/cbll-logo-color-sm.png\",\"contentUrl\":\"https:\\\/\\\/cdn1.mediawpaccore.net\\\/wp-content\\\/uploads\\\/2021\\\/12\\\/28171206\\\/cbll-logo-color-sm.png\",\"width\":600,\"height\":133,\"caption\":\"Cuballama\"},\"image\":{\"@id\":\"https:\\\/\\\/www.cuballama.com\\\/noticias\\\/#\\\/schema\\\/logo\\\/image\\\/\"},\"sameAs\":[\"https:\\\/\\\/www.facebook.com\\\/CubaLlama\",\"https:\\\/\\\/x.com\\\/cuballama\",\"https:\\\/\\\/www.instagram.com\\\/stories\\\/cuballama_oficial\\\/\",\"https:\\\/\\\/www.youtube.com\\\/channel\\\/UCKkFE-d_axENGZcrc4as0IA\"]},{\"@type\":\"Person\",\"@id\":\"https:\\\/\\\/www.cuballama.com\\\/noticias\\\/#\\\/schema\\\/person\\\/86cd3e3f4974437f031211213bf892d5\",\"name\":\"Kathy\",\"url\":\"https:\\\/\\\/www.cuballama.com\\\/noticias\\\/author\\\/kathy\\\/\"}]}<\/script>\n<!-- \/ Yoast SEO plugin. -->","yoast_head_json":{"title":"El Chulo se pronuncia tras ser deportado a M\u00e9xico: \u201cDesde aqu\u00ed empezaremos de cero\u201d - Cuballama Noticias","description":"El reguetonero cubano Abel D\u00edaz Rodr\u00edguez, conocido como El Chulo, fue deportado la pasada semana de Estados Unidos a M\u00e9xico.","robots":{"index":"index","follow":"follow","max-snippet":"max-snippet:-1","max-image-preview":"max-image-preview:large","max-video-preview":"max-video-preview:-1"},"canonical":"https:\/\/www.cuballama.com\/noticias\/el-chulo-se-pronuncia-tras-ser-deportado-a-mexico-desde-aqui-empezaremos-de-cero\/","og_locale":"es_ES","og_type":"article","og_title":"El Chulo se pronuncia tras ser deportado a M\u00e9xico: \u201cDesde aqu\u00ed empezaremos de cero\u201d - Cuballama Noticias","og_description":"El reguetonero cubano Abel D\u00edaz Rodr\u00edguez, conocido como El Chulo, fue deportado la pasada semana de Estados Unidos a M\u00e9xico.","og_url":"https:\/\/www.cuballama.com\/noticias\/el-chulo-se-pronuncia-tras-ser-deportado-a-mexico-desde-aqui-empezaremos-de-cero\/","og_site_name":"Cuballama Noticias","article_publisher":"https:\/\/www.facebook.com\/CubaLlama","article_published_time":"2026-03-09T17:19:46+00:00","article_modified_time":"2026-03-09T17:28:39+00:00","og_image":[{"width":1200,"height":630,"url":"https:\/\/cdn1.mediawpaccore.net\/wp-content\/uploads\/2026\/03\/09130404\/649323987_921343440642177_3672082849816027993_n1.jpg","type":"image\/jpeg"}],"author":"Kathy","twitter_card":"summary_large_image","twitter_creator":"@cuballama","twitter_site":"@cuballama","twitter_misc":{"Escrito por":"Kathy","Tiempo de lectura":"2 minutos"},"schema":{"@context":"https:\/\/schema.org","@graph":[{"@type":"Article","@id":"https:\/\/www.cuballama.com\/noticias\/el-chulo-se-pronuncia-tras-ser-deportado-a-mexico-desde-aqui-empezaremos-de-cero\/#article","isPartOf":{"@id":"https:\/\/www.cuballama.com\/noticias\/el-chulo-se-pronuncia-tras-ser-deportado-a-mexico-desde-aqui-empezaremos-de-cero\/"},"author":{"name":"Kathy","@id":"https:\/\/www.cuballama.com\/noticias\/#\/schema\/person\/86cd3e3f4974437f031211213bf892d5"},"headline":"El Chulo se pronuncia tras ser deportado a M\u00e9xico: \u201cDesde aqu\u00ed empezaremos de cero\u201d","datePublished":"2026-03-09T17:19:46+00:00","dateModified":"2026-03-09T17:28:39+00:00","mainEntityOfPage":{"@id":"https:\/\/www.cuballama.com\/noticias\/el-chulo-se-pronuncia-tras-ser-deportado-a-mexico-desde-aqui-empezaremos-de-cero\/"},"wordCount":293,"commentCount":0,"publisher":{"@id":"https:\/\/www.cuballama.com\/noticias\/#organization"},"image":{"@id":"https:\/\/www.cuballama.com\/noticias\/el-chulo-se-pronuncia-tras-ser-deportado-a-mexico-desde-aqui-empezaremos-de-cero\/#primaryimage"},"thumbnailUrl":"https:\/\/cdn1.mediawpaccore.net\/wp-content\/uploads\/2026\/03\/09130404\/649323987_921343440642177_3672082849816027993_n1.jpg","keywords":["deportaci\u00f3n de cubanos","deportaci\u00f3n desde Estados Unidos","destacado","El Chulo"],"articleSection":["Far\u00e1ndula","Noticias"],"inLanguage":"es","potentialAction":[{"@type":"CommentAction","name":"Comment","target":["https:\/\/www.cuballama.com\/noticias\/el-chulo-se-pronuncia-tras-ser-deportado-a-mexico-desde-aqui-empezaremos-de-cero\/#respond"]}]},{"@type":"WebPage","@id":"https:\/\/www.cuballama.com\/noticias\/el-chulo-se-pronuncia-tras-ser-deportado-a-mexico-desde-aqui-empezaremos-de-cero\/","url":"https:\/\/www.cuballama.com\/noticias\/el-chulo-se-pronuncia-tras-ser-deportado-a-mexico-desde-aqui-empezaremos-de-cero\/","name":"El Chulo se pronuncia tras ser deportado a M\u00e9xico: \u201cDesde aqu\u00ed empezaremos de cero\u201d - Cuballama Noticias","isPartOf":{"@id":"https:\/\/www.cuballama.com\/noticias\/#website"},"primaryImageOfPage":{"@id":"https:\/\/www.cuballama.com\/noticias\/el-chulo-se-pronuncia-tras-ser-deportado-a-mexico-desde-aqui-empezaremos-de-cero\/#primaryimage"},"image":{"@id":"https:\/\/www.cuballama.com\/noticias\/el-chulo-se-pronuncia-tras-ser-deportado-a-mexico-desde-aqui-empezaremos-de-cero\/#primaryimage"},"thumbnailUrl":"https:\/\/cdn1.mediawpaccore.net\/wp-content\/uploads\/2026\/03\/09130404\/649323987_921343440642177_3672082849816027993_n1.jpg","datePublished":"2026-03-09T17:19:46+00:00","dateModified":"2026-03-09T17:28:39+00:00","description":"El reguetonero cubano Abel D\u00edaz Rodr\u00edguez, conocido como El Chulo, fue deportado la pasada semana de Estados Unidos a M\u00e9xico.","breadcrumb":{"@id":"https:\/\/www.cuballama.com\/noticias\/el-chulo-se-pronuncia-tras-ser-deportado-a-mexico-desde-aqui-empezaremos-de-cero\/#breadcrumb"},"inLanguage":"es","potentialAction":[{"@type":"ReadAction","target":["https:\/\/www.cuballama.com\/noticias\/el-chulo-se-pronuncia-tras-ser-deportado-a-mexico-desde-aqui-empezaremos-de-cero\/"]}]},{"@type":"ImageObject","inLanguage":"es","@id":"https:\/\/www.cuballama.com\/noticias\/el-chulo-se-pronuncia-tras-ser-deportado-a-mexico-desde-aqui-empezaremos-de-cero\/#primaryimage","url":"https:\/\/cdn1.mediawpaccore.net\/wp-content\/uploads\/2026\/03\/09130404\/649323987_921343440642177_3672082849816027993_n1.jpg","contentUrl":"https:\/\/cdn1.mediawpaccore.net\/wp-content\/uploads\/2026\/03\/09130404\/649323987_921343440642177_3672082849816027993_n1.jpg","width":1200,"height":630,"caption":"El Chulo. Foto: Facebook\/Daniel Ben\u00edtez."},{"@type":"BreadcrumbList","@id":"https:\/\/www.cuballama.com\/noticias\/el-chulo-se-pronuncia-tras-ser-deportado-a-mexico-desde-aqui-empezaremos-de-cero\/#breadcrumb","itemListElement":[{"@type":"ListItem","position":1,"name":"Home","item":"https:\/\/www.cuballama.com\/noticias\/"},{"@type":"ListItem","position":2,"name":"El Chulo se pronuncia tras ser deportado a M\u00e9xico: \u201cDesde aqu\u00ed empezaremos de cero\u201d"}]},{"@type":"WebSite","@id":"https:\/\/www.cuballama.com\/noticias\/#website","url":"https:\/\/www.cuballama.com\/noticias\/","name":"Cuballama Noticias","description":"Medio digital sobre Cuba y el mundo","publisher":{"@id":"https:\/\/www.cuballama.com\/noticias\/#organization"},"potentialAction":[{"@type":"SearchAction","target":{"@type":"EntryPoint","urlTemplate":"https:\/\/www.cuballama.com\/noticias\/?s={search_term_string}"},"query-input":{"@type":"PropertyValueSpecification","valueRequired":true,"valueName":"search_term_string"}}],"inLanguage":"es"},{"@type":"Organization","@id":"https:\/\/www.cuballama.com\/noticias\/#organization","name":"Cuballama","url":"https:\/\/www.cuballama.com\/noticias\/","logo":{"@type":"ImageObject","inLanguage":"es","@id":"https:\/\/www.cuballama.com\/noticias\/#\/schema\/logo\/image\/","url":"https:\/\/cdn1.mediawpaccore.net\/wp-content\/uploads\/2021\/12\/28171206\/cbll-logo-color-sm.png","contentUrl":"https:\/\/cdn1.mediawpaccore.net\/wp-content\/uploads\/2021\/12\/28171206\/cbll-logo-color-sm.png","width":600,"height":133,"caption":"Cuballama"},"image":{"@id":"https:\/\/www.cuballama.com\/noticias\/#\/schema\/logo\/image\/"},"sameAs":["https:\/\/www.facebook.com\/CubaLlama","https:\/\/x.com\/cuballama","https:\/\/www.instagram.com\/stories\/cuballama_oficial\/","https:\/\/www.youtube.com\/channel\/UCKkFE-d_axENGZcrc4as0IA"]},{"@type":"Person","@id":"https:\/\/www.cuballama.com\/noticias\/#\/schema\/person\/86cd3e3f4974437f031211213bf892d5","name":"Kathy","url":"https:\/\/www.cuballama.com\/noticias\/author\/kathy\/"}]}},"_links":{"self":[{"href":"https:\/\/www.cuballama.com\/noticias\/wp-json\/wp\/v2\/posts\/237625","targetHints":{"allow":["GET"]}}],"collection":[{"href":"https:\/\/www.cuballama.com\/noticias\/wp-json\/wp\/v2\/posts"}],"about":[{"href":"https:\/\/www.cuballama.com\/noticias\/wp-json\/wp\/v2\/types\/post"}],"author":[{"embeddable":true,"href":"https:\/\/www.cuballama.com\/noticias\/wp-json\/wp\/v2\/users\/30"}],"replies":[{"embeddable":true,"href":"https:\/\/www.cuballama.com\/noticias\/wp-json\/wp\/v2\/comments?post=237625"}],"version-history":[{"count":4,"href":"https:\/\/www.cuballama.com\/noticias\/wp-json\/wp\/v2\/posts\/237625\/revisions"}],"predecessor-version":[{"id":237633,"href":"https:\/\/www.cuballama.com\/noticias\/wp-json\/wp\/v2\/posts\/237625\/revisions\/237633"}],"wp:featuredmedia":[{"embeddable":true,"href":"https:\/\/www.cuballama.com\/noticias\/wp-json\/wp\/v2\/media\/237628"}],"wp:attachment":[{"href":"https:\/\/www.cuballama.com\/noticias\/wp-json\/wp\/v2\/media?parent=237625"}],"wp:term":[{"taxonomy":"category","embeddable":true,"href":"https:\/\/www.cuballama.com\/noticias\/wp-json\/wp\/v2\/categories?post=237625"},{"taxonomy":"post_tag","embeddable":true,"href":"https:\/\/www.cuballama.com\/noticias\/wp-json\/wp\/v2\/tags?post=237625"}],"curies":[{"name":"wp","href":"https:\/\/api.w.org\/{rel}","templated":true}]}}