{"id":237619,"date":"2026-03-09T11:32:19","date_gmt":"2026-03-09T15:32:19","guid":{"rendered":"https:\/\/www.cuballama.com\/noticias\/?p=237619"},"modified":"2026-03-09T11:32:21","modified_gmt":"2026-03-09T15:32:21","slug":"llaman-racista-a-milenita-por-pintar-de-negro-a-su-esposo-eso-es-blackface-y-es-ilegal","status":"publish","type":"post","link":"https:\/\/www.cuballama.com\/noticias\/llaman-racista-a-milenita-por-pintar-de-negro-a-su-esposo-eso-es-blackface-y-es-ilegal\/","title":{"rendered":"Llaman \u201cracista\u201d a Milenita por pintar de negro a su esposo: \u201cEso es blackface y es ilegal\u201d"},"content":{"rendered":"\n<p>La influencer cubana Milena S\u00e1nchez, conocida en redes sociales como Milenita, gener\u00f3 un intenso debate en internet tras publicar un video en el que pint\u00f3 de negro a su novio para sumarse al trend de la canci\u00f3n \u201cNegro\u201d, de la cantante cubana Seidy La Ni\u00f1a.<\/p>\n\n\n\n<p>El video, compartido en sus redes sociales, sigue una tendencia que se ha popularizado entre creadores de contenido que utilizan el tema musical para realizar coreograf\u00edas o sketches humor\u00edsticos. En el caso de Milenita, la influencer decidi\u00f3 maquillar completamente el rostro y parte del cuerpo de su pareja para representar el concepto de la canci\u00f3n.<\/p>\n\n\n\n<p>La publicaci\u00f3n se viraliz\u00f3 r\u00e1pidamente. Mientras muchos seguidores reaccionaron con entusiasmo y humor (al punto de que la propia Seidy La Ni\u00f1a comparti\u00f3 el clip en su cuenta de Instagram), otros usuarios criticaron duramente el contenido al considerar que reproduce una pr\u00e1ctica hist\u00f3ricamente racista conocida como blackface.<\/p>\n\n\n\n<figure class=\"wp-block-embed is-type-video is-provider-tiktok wp-block-embed-tiktok\"><div class=\"wp-block-embed__wrapper\">\n<blockquote class=\"tiktok-embed\" cite=\"https:\/\/www.tiktok.com\/@milenita9712\/video\/7614543779088895245\" data-video-id=\"7614543779088895245\" data-embed-from=\"oembed\" style=\"max-width:605px; min-width:325px;\"> <section> <a target=\"_blank\" title=\"@milenita9712\" href=\"https:\/\/www.tiktok.com\/@milenita9712?refer=embed\">@milenita9712<\/a> <p>Qu\u00e9?? C\u00f3mo que no?? \ud83d\ude05. <\/p> <a target=\"_blank\" title=\"\u266c Negro - Seidy La Ni\u00f1a\" href=\"https:\/\/www.tiktok.com\/music\/Negro-7593308145876879361?refer=embed\">\u266c Negro &#8211; Seidy La Ni\u00f1a<\/a> <\/section> <\/blockquote> <script async src=\"https:\/\/www.tiktok.com\/embed.js\"><\/script>\n<\/div><\/figure>\n\n\n\n<p>Entre los comentarios cr\u00edticos que aparecieron bajo el video se leen mensajes como: \u201cEn Brasil, esto lleva c\u00e1rcel\u201d; \u201cEl blackface no me parece gracioso\u201d; \u201cEsto es una falta de respeto\u201d; \u201cSi no lo saben, eso que Milenita est\u00e1 haciendo es ilegal en este pa\u00eds por favor no repitan esto, no la copien\u201d; \u201cNo hab\u00eda necesidad de hacer blackface, podr\u00eda haber disfrutado de la m\u00fasica con su novio y ya\u201d; \u201cEsto es blackface y es muy ofensivo\u201d; \u201cQu\u00e9 triste, cuidado que te pueden cerrar la cuenta\u201d; \u201cSi no ves problema en este video, t\u00fa eres el problema\u201d.<\/p>\n\n\n\n<p><strong>Lea m\u00e1s: <a href=\"https:\/\/www.cuballama.com\/noticias\/ya-tengo-mi-carro-sonado-milenita-estalla-de-felicidad-con-el-lujoso-bmw-que-le-regalo-su-esposo\/\" target=\"_blank\" rel=\"noreferrer noopener\">\u201c\u00a1Ya tengo mi carro so\u00f1ado!\u201d: Milenita estalla de felicidad con el lujoso BMW que le regal\u00f3 su esposo<\/a><\/strong><\/p>\n\n\n\n<p>El t\u00e9rmino blackface se refiere a una pr\u00e1ctica originada en Estados Unidos durante el siglo XIX, cuando actores blancos se pintaban la cara de negro para representar caricaturas racistas de personas afrodescendientes en espect\u00e1culos de minstrel shows. Estos personajes sol\u00edan reforzar estereotipos degradantes sobre la poblaci\u00f3n negra, present\u00e1ndola como ignorante, perezosa o rid\u00edcula.<\/p>\n\n\n\n<figure class=\"wp-block-image size-large\"><img loading=\"lazy\" decoding=\"async\" width=\"1024\" height=\"808\" src=\"https:\/\/cdn1.mediawpaccore.net\/wp-content\/uploads\/2026\/03\/09112928\/Captura-de-pantalla-2026-03-09-a-las-16.29.07-1024x808.png\" alt=\"\" class=\"wp-image-237621\" srcset=\"https:\/\/cdn1.mediawpaccore.net\/wp-content\/uploads\/2026\/03\/09112928\/Captura-de-pantalla-2026-03-09-a-las-16.29.07-1024x808.png 1024w, https:\/\/cdn1.mediawpaccore.net\/wp-content\/uploads\/2026\/03\/09112928\/Captura-de-pantalla-2026-03-09-a-las-16.29.07-300x237.png 300w, https:\/\/cdn1.mediawpaccore.net\/wp-content\/uploads\/2026\/03\/09112928\/Captura-de-pantalla-2026-03-09-a-las-16.29.07-768x606.png 768w, https:\/\/cdn1.mediawpaccore.net\/wp-content\/uploads\/2026\/03\/09112928\/Captura-de-pantalla-2026-03-09-a-las-16.29.07-1536x1212.png 1536w, https:\/\/cdn1.mediawpaccore.net\/wp-content\/uploads\/2026\/03\/09112928\/Captura-de-pantalla-2026-03-09-a-las-16.29.07-532x420.png 532w, https:\/\/cdn1.mediawpaccore.net\/wp-content\/uploads\/2026\/03\/09112928\/Captura-de-pantalla-2026-03-09-a-las-16.29.07-150x118.png 150w, https:\/\/cdn1.mediawpaccore.net\/wp-content\/uploads\/2026\/03\/09112928\/Captura-de-pantalla-2026-03-09-a-las-16.29.07-696x549.png 696w, https:\/\/cdn1.mediawpaccore.net\/wp-content\/uploads\/2026\/03\/09112928\/Captura-de-pantalla-2026-03-09-a-las-16.29.07-1068x843.png 1068w, https:\/\/cdn1.mediawpaccore.net\/wp-content\/uploads\/2026\/03\/09112928\/Captura-de-pantalla-2026-03-09-a-las-16.29.07.png 1804w\" sizes=\"auto, (max-width: 1024px) 100vw, 1024px\" \/><\/figure>\n\n\n\n<p>Por ese motivo, en Estados Unidos el blackface es ampliamente considerado una forma de racismo cultural y una ofensa grave. Aunque no es ilegal a nivel federal, su uso suele provocar fuertes reacciones sociales y profesionales. Numerosas figuras p\u00fablicas han enfrentado cr\u00edticas, cancelaciones o consecuencias laborales por utilizarlo.<\/p>\n\n\n\n<p>En otros pa\u00edses, las implicaciones pueden ser incluso legales. En Brasil, por ejemplo, la legislaci\u00f3n contra el racismo es particularmente estricta. La Ley 7.716 de 1989, conocida como Ley de Cr\u00edmenes Raciales, establece penas de prisi\u00f3n para actos que promuevan discriminaci\u00f3n o prejuicio por motivos de raza, color o etnia. Diversos casos judiciales han interpretado el uso de blackface como una manifestaci\u00f3n de racismo, lo que puede derivar en procesos penales.<\/p>\n\n\n\n<p>Este contexto explica por qu\u00e9 algunos usuarios brasile\u00f1os alertaron en los comentarios que reproducir ese tipo de contenido podr\u00eda tener consecuencias legales en su pa\u00eds.<\/p>\n\n\n\n<p>El episodio reabre un debate recurrente en redes sociales: la diferencia entre participar en una tendencia viral y reproducir pr\u00e1cticas con una carga hist\u00f3rica problem\u00e1tica. En plataformas globales como Instagram o TikTok, donde conviven audiencias de distintos contextos culturales, acciones que en un entorno pueden parecer humor\u00edsticas o inocentes pueden ser percibidas en otros como ofensivas.<\/p>\n","protected":false},"excerpt":{"rendered":"<p>\u201cQu\u00e9 triste, cuidado que te pueden cerrar la cuenta\u201d, le advirtieron<\/p>\n","protected":false},"author":27,"featured_media":237620,"comment_status":"open","ping_status":"closed","sticky":false,"template":"","format":"standard","meta":{"_acf_changed":false,"footnotes":""},"categories":[443],"tags":[15260,24962,24961,410],"class_list":{"0":"post-237619","1":"post","2":"type-post","3":"status-publish","4":"format-standard","5":"has-post-thumbnail","7":"category-farandula","8":"tag-influencers-cubanas","9":"tag-milena-sanchez-rodriguez","10":"tag-milenita","11":"tag-racismo"},"acf":[],"yoast_head":"<!-- This site is optimized with the Yoast SEO plugin v27.4 - https:\/\/yoast.com\/product\/yoast-seo-wordpress\/ -->\n<title>Llaman \u201cracista\u201d a Milenita por pintar de negro a su esposo: \u201cEso es blackface y es ilegal\u201d - Cuballama Noticias<\/title>\n<meta name=\"description\" content=\"Milenita gener\u00f3 un intenso debate tras publicar un video en el que pint\u00f3 de negro a su novio para sumarse al trend de la canci\u00f3n \u201cNegro\u201d\" \/>\n<meta name=\"robots\" content=\"index, follow, max-snippet:-1, max-image-preview:large, max-video-preview:-1\" \/>\n<link rel=\"canonical\" href=\"https:\/\/www.cuballama.com\/noticias\/llaman-racista-a-milenita-por-pintar-de-negro-a-su-esposo-eso-es-blackface-y-es-ilegal\/\" \/>\n<meta property=\"og:locale\" content=\"es_ES\" \/>\n<meta property=\"og:type\" content=\"article\" \/>\n<meta property=\"og:title\" content=\"Llaman \u201cracista\u201d a Milenita por pintar de negro a su esposo: \u201cEso es blackface y es ilegal\u201d - Cuballama Noticias\" \/>\n<meta property=\"og:description\" content=\"Milenita gener\u00f3 un intenso debate tras publicar un video en el que pint\u00f3 de negro a su novio para sumarse al trend de la canci\u00f3n \u201cNegro\u201d\" \/>\n<meta property=\"og:url\" content=\"https:\/\/www.cuballama.com\/noticias\/llaman-racista-a-milenita-por-pintar-de-negro-a-su-esposo-eso-es-blackface-y-es-ilegal\/\" \/>\n<meta property=\"og:site_name\" content=\"Cuballama Noticias\" \/>\n<meta property=\"article:publisher\" content=\"https:\/\/www.facebook.com\/CubaLlama\" \/>\n<meta property=\"article:published_time\" content=\"2026-03-09T15:32:19+00:00\" \/>\n<meta property=\"article:modified_time\" content=\"2026-03-09T15:32:21+00:00\" \/>\n<meta property=\"og:image\" content=\"https:\/\/cdn1.mediawpaccore.net\/wp-content\/uploads\/2026\/03\/09112500\/WhatsApp-Image-2026-03-09-at-16.23.41.jpeg\" \/>\n\t<meta property=\"og:image:width\" content=\"1862\" \/>\n\t<meta property=\"og:image:height\" content=\"1293\" \/>\n\t<meta property=\"og:image:type\" content=\"image\/jpeg\" \/>\n<meta name=\"author\" content=\"Rafa\" \/>\n<meta name=\"twitter:card\" content=\"summary_large_image\" \/>\n<meta name=\"twitter:creator\" content=\"@cuballama\" \/>\n<meta name=\"twitter:site\" content=\"@cuballama\" \/>\n<meta name=\"twitter:label1\" content=\"Escrito por\" \/>\n\t<meta name=\"twitter:data1\" content=\"Rafa\" \/>\n\t<meta name=\"twitter:label2\" content=\"Tiempo de lectura\" \/>\n\t<meta name=\"twitter:data2\" content=\"3 minutos\" \/>\n<script type=\"application\/ld+json\" class=\"yoast-schema-graph\">{\"@context\":\"https:\\\/\\\/schema.org\",\"@graph\":[{\"@type\":\"Article\",\"@id\":\"https:\\\/\\\/www.cuballama.com\\\/noticias\\\/llaman-racista-a-milenita-por-pintar-de-negro-a-su-esposo-eso-es-blackface-y-es-ilegal\\\/#article\",\"isPartOf\":{\"@id\":\"https:\\\/\\\/www.cuballama.com\\\/noticias\\\/llaman-racista-a-milenita-por-pintar-de-negro-a-su-esposo-eso-es-blackface-y-es-ilegal\\\/\"},\"author\":{\"name\":\"Rafa\",\"@id\":\"https:\\\/\\\/www.cuballama.com\\\/noticias\\\/#\\\/schema\\\/person\\\/0f97914526a658755f00e59ec2a832f2\"},\"headline\":\"Llaman \u201cracista\u201d a Milenita por pintar de negro a su esposo: \u201cEso es blackface y es ilegal\u201d\",\"datePublished\":\"2026-03-09T15:32:19+00:00\",\"dateModified\":\"2026-03-09T15:32:21+00:00\",\"mainEntityOfPage\":{\"@id\":\"https:\\\/\\\/www.cuballama.com\\\/noticias\\\/llaman-racista-a-milenita-por-pintar-de-negro-a-su-esposo-eso-es-blackface-y-es-ilegal\\\/\"},\"wordCount\":578,\"commentCount\":0,\"publisher\":{\"@id\":\"https:\\\/\\\/www.cuballama.com\\\/noticias\\\/#organization\"},\"image\":{\"@id\":\"https:\\\/\\\/www.cuballama.com\\\/noticias\\\/llaman-racista-a-milenita-por-pintar-de-negro-a-su-esposo-eso-es-blackface-y-es-ilegal\\\/#primaryimage\"},\"thumbnailUrl\":\"https:\\\/\\\/cdn1.mediawpaccore.net\\\/wp-content\\\/uploads\\\/2026\\\/03\\\/09112500\\\/WhatsApp-Image-2026-03-09-at-16.23.41.jpeg\",\"keywords\":[\"influencers cubanas\",\"Milena S\u00e1nchez Rodr\u00edguez\",\"Milenita\",\"Racismo\"],\"articleSection\":[\"Far\u00e1ndula\"],\"inLanguage\":\"es\",\"potentialAction\":[{\"@type\":\"CommentAction\",\"name\":\"Comment\",\"target\":[\"https:\\\/\\\/www.cuballama.com\\\/noticias\\\/llaman-racista-a-milenita-por-pintar-de-negro-a-su-esposo-eso-es-blackface-y-es-ilegal\\\/#respond\"]}]},{\"@type\":\"WebPage\",\"@id\":\"https:\\\/\\\/www.cuballama.com\\\/noticias\\\/llaman-racista-a-milenita-por-pintar-de-negro-a-su-esposo-eso-es-blackface-y-es-ilegal\\\/\",\"url\":\"https:\\\/\\\/www.cuballama.com\\\/noticias\\\/llaman-racista-a-milenita-por-pintar-de-negro-a-su-esposo-eso-es-blackface-y-es-ilegal\\\/\",\"name\":\"Llaman \u201cracista\u201d a Milenita por pintar de negro a su esposo: \u201cEso es blackface y es ilegal\u201d - Cuballama Noticias\",\"isPartOf\":{\"@id\":\"https:\\\/\\\/www.cuballama.com\\\/noticias\\\/#website\"},\"primaryImageOfPage\":{\"@id\":\"https:\\\/\\\/www.cuballama.com\\\/noticias\\\/llaman-racista-a-milenita-por-pintar-de-negro-a-su-esposo-eso-es-blackface-y-es-ilegal\\\/#primaryimage\"},\"image\":{\"@id\":\"https:\\\/\\\/www.cuballama.com\\\/noticias\\\/llaman-racista-a-milenita-por-pintar-de-negro-a-su-esposo-eso-es-blackface-y-es-ilegal\\\/#primaryimage\"},\"thumbnailUrl\":\"https:\\\/\\\/cdn1.mediawpaccore.net\\\/wp-content\\\/uploads\\\/2026\\\/03\\\/09112500\\\/WhatsApp-Image-2026-03-09-at-16.23.41.jpeg\",\"datePublished\":\"2026-03-09T15:32:19+00:00\",\"dateModified\":\"2026-03-09T15:32:21+00:00\",\"description\":\"Milenita gener\u00f3 un intenso debate tras publicar un video en el que pint\u00f3 de negro a su novio para sumarse al trend de la canci\u00f3n \u201cNegro\u201d\",\"breadcrumb\":{\"@id\":\"https:\\\/\\\/www.cuballama.com\\\/noticias\\\/llaman-racista-a-milenita-por-pintar-de-negro-a-su-esposo-eso-es-blackface-y-es-ilegal\\\/#breadcrumb\"},\"inLanguage\":\"es\",\"potentialAction\":[{\"@type\":\"ReadAction\",\"target\":[\"https:\\\/\\\/www.cuballama.com\\\/noticias\\\/llaman-racista-a-milenita-por-pintar-de-negro-a-su-esposo-eso-es-blackface-y-es-ilegal\\\/\"]}]},{\"@type\":\"ImageObject\",\"inLanguage\":\"es\",\"@id\":\"https:\\\/\\\/www.cuballama.com\\\/noticias\\\/llaman-racista-a-milenita-por-pintar-de-negro-a-su-esposo-eso-es-blackface-y-es-ilegal\\\/#primaryimage\",\"url\":\"https:\\\/\\\/cdn1.mediawpaccore.net\\\/wp-content\\\/uploads\\\/2026\\\/03\\\/09112500\\\/WhatsApp-Image-2026-03-09-at-16.23.41.jpeg\",\"contentUrl\":\"https:\\\/\\\/cdn1.mediawpaccore.net\\\/wp-content\\\/uploads\\\/2026\\\/03\\\/09112500\\\/WhatsApp-Image-2026-03-09-at-16.23.41.jpeg\",\"width\":1862,\"height\":1293,\"caption\":\"Foto: Milenita\\\/Instagram\"},{\"@type\":\"BreadcrumbList\",\"@id\":\"https:\\\/\\\/www.cuballama.com\\\/noticias\\\/llaman-racista-a-milenita-por-pintar-de-negro-a-su-esposo-eso-es-blackface-y-es-ilegal\\\/#breadcrumb\",\"itemListElement\":[{\"@type\":\"ListItem\",\"position\":1,\"name\":\"Home\",\"item\":\"https:\\\/\\\/www.cuballama.com\\\/noticias\\\/\"},{\"@type\":\"ListItem\",\"position\":2,\"name\":\"Llaman \u201cracista\u201d a Milenita por pintar de negro a su esposo: \u201cEso es blackface y es ilegal\u201d\"}]},{\"@type\":\"WebSite\",\"@id\":\"https:\\\/\\\/www.cuballama.com\\\/noticias\\\/#website\",\"url\":\"https:\\\/\\\/www.cuballama.com\\\/noticias\\\/\",\"name\":\"Cuballama Noticias\",\"description\":\"Medio digital sobre Cuba y el mundo\",\"publisher\":{\"@id\":\"https:\\\/\\\/www.cuballama.com\\\/noticias\\\/#organization\"},\"potentialAction\":[{\"@type\":\"SearchAction\",\"target\":{\"@type\":\"EntryPoint\",\"urlTemplate\":\"https:\\\/\\\/www.cuballama.com\\\/noticias\\\/?s={search_term_string}\"},\"query-input\":{\"@type\":\"PropertyValueSpecification\",\"valueRequired\":true,\"valueName\":\"search_term_string\"}}],\"inLanguage\":\"es\"},{\"@type\":\"Organization\",\"@id\":\"https:\\\/\\\/www.cuballama.com\\\/noticias\\\/#organization\",\"name\":\"Cuballama\",\"url\":\"https:\\\/\\\/www.cuballama.com\\\/noticias\\\/\",\"logo\":{\"@type\":\"ImageObject\",\"inLanguage\":\"es\",\"@id\":\"https:\\\/\\\/www.cuballama.com\\\/noticias\\\/#\\\/schema\\\/logo\\\/image\\\/\",\"url\":\"https:\\\/\\\/cdn1.mediawpaccore.net\\\/wp-content\\\/uploads\\\/2021\\\/12\\\/28171206\\\/cbll-logo-color-sm.png\",\"contentUrl\":\"https:\\\/\\\/cdn1.mediawpaccore.net\\\/wp-content\\\/uploads\\\/2021\\\/12\\\/28171206\\\/cbll-logo-color-sm.png\",\"width\":600,\"height\":133,\"caption\":\"Cuballama\"},\"image\":{\"@id\":\"https:\\\/\\\/www.cuballama.com\\\/noticias\\\/#\\\/schema\\\/logo\\\/image\\\/\"},\"sameAs\":[\"https:\\\/\\\/www.facebook.com\\\/CubaLlama\",\"https:\\\/\\\/x.com\\\/cuballama\",\"https:\\\/\\\/www.instagram.com\\\/stories\\\/cuballama_oficial\\\/\",\"https:\\\/\\\/www.youtube.com\\\/channel\\\/UCKkFE-d_axENGZcrc4as0IA\"]},{\"@type\":\"Person\",\"@id\":\"https:\\\/\\\/www.cuballama.com\\\/noticias\\\/#\\\/schema\\\/person\\\/0f97914526a658755f00e59ec2a832f2\",\"name\":\"Rafa\",\"url\":\"https:\\\/\\\/www.cuballama.com\\\/noticias\\\/author\\\/rafa\\\/\"}]}<\/script>\n<!-- \/ Yoast SEO plugin. -->","yoast_head_json":{"title":"Llaman \u201cracista\u201d a Milenita por pintar de negro a su esposo: \u201cEso es blackface y es ilegal\u201d - Cuballama Noticias","description":"Milenita gener\u00f3 un intenso debate tras publicar un video en el que pint\u00f3 de negro a su novio para sumarse al trend de la canci\u00f3n \u201cNegro\u201d","robots":{"index":"index","follow":"follow","max-snippet":"max-snippet:-1","max-image-preview":"max-image-preview:large","max-video-preview":"max-video-preview:-1"},"canonical":"https:\/\/www.cuballama.com\/noticias\/llaman-racista-a-milenita-por-pintar-de-negro-a-su-esposo-eso-es-blackface-y-es-ilegal\/","og_locale":"es_ES","og_type":"article","og_title":"Llaman \u201cracista\u201d a Milenita por pintar de negro a su esposo: \u201cEso es blackface y es ilegal\u201d - Cuballama Noticias","og_description":"Milenita gener\u00f3 un intenso debate tras publicar un video en el que pint\u00f3 de negro a su novio para sumarse al trend de la canci\u00f3n \u201cNegro\u201d","og_url":"https:\/\/www.cuballama.com\/noticias\/llaman-racista-a-milenita-por-pintar-de-negro-a-su-esposo-eso-es-blackface-y-es-ilegal\/","og_site_name":"Cuballama Noticias","article_publisher":"https:\/\/www.facebook.com\/CubaLlama","article_published_time":"2026-03-09T15:32:19+00:00","article_modified_time":"2026-03-09T15:32:21+00:00","og_image":[{"width":1862,"height":1293,"url":"https:\/\/cdn1.mediawpaccore.net\/wp-content\/uploads\/2026\/03\/09112500\/WhatsApp-Image-2026-03-09-at-16.23.41.jpeg","type":"image\/jpeg"}],"author":"Rafa","twitter_card":"summary_large_image","twitter_creator":"@cuballama","twitter_site":"@cuballama","twitter_misc":{"Escrito por":"Rafa","Tiempo de lectura":"3 minutos"},"schema":{"@context":"https:\/\/schema.org","@graph":[{"@type":"Article","@id":"https:\/\/www.cuballama.com\/noticias\/llaman-racista-a-milenita-por-pintar-de-negro-a-su-esposo-eso-es-blackface-y-es-ilegal\/#article","isPartOf":{"@id":"https:\/\/www.cuballama.com\/noticias\/llaman-racista-a-milenita-por-pintar-de-negro-a-su-esposo-eso-es-blackface-y-es-ilegal\/"},"author":{"name":"Rafa","@id":"https:\/\/www.cuballama.com\/noticias\/#\/schema\/person\/0f97914526a658755f00e59ec2a832f2"},"headline":"Llaman \u201cracista\u201d a Milenita por pintar de negro a su esposo: \u201cEso es blackface y es ilegal\u201d","datePublished":"2026-03-09T15:32:19+00:00","dateModified":"2026-03-09T15:32:21+00:00","mainEntityOfPage":{"@id":"https:\/\/www.cuballama.com\/noticias\/llaman-racista-a-milenita-por-pintar-de-negro-a-su-esposo-eso-es-blackface-y-es-ilegal\/"},"wordCount":578,"commentCount":0,"publisher":{"@id":"https:\/\/www.cuballama.com\/noticias\/#organization"},"image":{"@id":"https:\/\/www.cuballama.com\/noticias\/llaman-racista-a-milenita-por-pintar-de-negro-a-su-esposo-eso-es-blackface-y-es-ilegal\/#primaryimage"},"thumbnailUrl":"https:\/\/cdn1.mediawpaccore.net\/wp-content\/uploads\/2026\/03\/09112500\/WhatsApp-Image-2026-03-09-at-16.23.41.jpeg","keywords":["influencers cubanas","Milena S\u00e1nchez Rodr\u00edguez","Milenita","Racismo"],"articleSection":["Far\u00e1ndula"],"inLanguage":"es","potentialAction":[{"@type":"CommentAction","name":"Comment","target":["https:\/\/www.cuballama.com\/noticias\/llaman-racista-a-milenita-por-pintar-de-negro-a-su-esposo-eso-es-blackface-y-es-ilegal\/#respond"]}]},{"@type":"WebPage","@id":"https:\/\/www.cuballama.com\/noticias\/llaman-racista-a-milenita-por-pintar-de-negro-a-su-esposo-eso-es-blackface-y-es-ilegal\/","url":"https:\/\/www.cuballama.com\/noticias\/llaman-racista-a-milenita-por-pintar-de-negro-a-su-esposo-eso-es-blackface-y-es-ilegal\/","name":"Llaman \u201cracista\u201d a Milenita por pintar de negro a su esposo: \u201cEso es blackface y es ilegal\u201d - Cuballama Noticias","isPartOf":{"@id":"https:\/\/www.cuballama.com\/noticias\/#website"},"primaryImageOfPage":{"@id":"https:\/\/www.cuballama.com\/noticias\/llaman-racista-a-milenita-por-pintar-de-negro-a-su-esposo-eso-es-blackface-y-es-ilegal\/#primaryimage"},"image":{"@id":"https:\/\/www.cuballama.com\/noticias\/llaman-racista-a-milenita-por-pintar-de-negro-a-su-esposo-eso-es-blackface-y-es-ilegal\/#primaryimage"},"thumbnailUrl":"https:\/\/cdn1.mediawpaccore.net\/wp-content\/uploads\/2026\/03\/09112500\/WhatsApp-Image-2026-03-09-at-16.23.41.jpeg","datePublished":"2026-03-09T15:32:19+00:00","dateModified":"2026-03-09T15:32:21+00:00","description":"Milenita gener\u00f3 un intenso debate tras publicar un video en el que pint\u00f3 de negro a su novio para sumarse al trend de la canci\u00f3n \u201cNegro\u201d","breadcrumb":{"@id":"https:\/\/www.cuballama.com\/noticias\/llaman-racista-a-milenita-por-pintar-de-negro-a-su-esposo-eso-es-blackface-y-es-ilegal\/#breadcrumb"},"inLanguage":"es","potentialAction":[{"@type":"ReadAction","target":["https:\/\/www.cuballama.com\/noticias\/llaman-racista-a-milenita-por-pintar-de-negro-a-su-esposo-eso-es-blackface-y-es-ilegal\/"]}]},{"@type":"ImageObject","inLanguage":"es","@id":"https:\/\/www.cuballama.com\/noticias\/llaman-racista-a-milenita-por-pintar-de-negro-a-su-esposo-eso-es-blackface-y-es-ilegal\/#primaryimage","url":"https:\/\/cdn1.mediawpaccore.net\/wp-content\/uploads\/2026\/03\/09112500\/WhatsApp-Image-2026-03-09-at-16.23.41.jpeg","contentUrl":"https:\/\/cdn1.mediawpaccore.net\/wp-content\/uploads\/2026\/03\/09112500\/WhatsApp-Image-2026-03-09-at-16.23.41.jpeg","width":1862,"height":1293,"caption":"Foto: Milenita\/Instagram"},{"@type":"BreadcrumbList","@id":"https:\/\/www.cuballama.com\/noticias\/llaman-racista-a-milenita-por-pintar-de-negro-a-su-esposo-eso-es-blackface-y-es-ilegal\/#breadcrumb","itemListElement":[{"@type":"ListItem","position":1,"name":"Home","item":"https:\/\/www.cuballama.com\/noticias\/"},{"@type":"ListItem","position":2,"name":"Llaman \u201cracista\u201d a Milenita por pintar de negro a su esposo: \u201cEso es blackface y es ilegal\u201d"}]},{"@type":"WebSite","@id":"https:\/\/www.cuballama.com\/noticias\/#website","url":"https:\/\/www.cuballama.com\/noticias\/","name":"Cuballama Noticias","description":"Medio digital sobre Cuba y el mundo","publisher":{"@id":"https:\/\/www.cuballama.com\/noticias\/#organization"},"potentialAction":[{"@type":"SearchAction","target":{"@type":"EntryPoint","urlTemplate":"https:\/\/www.cuballama.com\/noticias\/?s={search_term_string}"},"query-input":{"@type":"PropertyValueSpecification","valueRequired":true,"valueName":"search_term_string"}}],"inLanguage":"es"},{"@type":"Organization","@id":"https:\/\/www.cuballama.com\/noticias\/#organization","name":"Cuballama","url":"https:\/\/www.cuballama.com\/noticias\/","logo":{"@type":"ImageObject","inLanguage":"es","@id":"https:\/\/www.cuballama.com\/noticias\/#\/schema\/logo\/image\/","url":"https:\/\/cdn1.mediawpaccore.net\/wp-content\/uploads\/2021\/12\/28171206\/cbll-logo-color-sm.png","contentUrl":"https:\/\/cdn1.mediawpaccore.net\/wp-content\/uploads\/2021\/12\/28171206\/cbll-logo-color-sm.png","width":600,"height":133,"caption":"Cuballama"},"image":{"@id":"https:\/\/www.cuballama.com\/noticias\/#\/schema\/logo\/image\/"},"sameAs":["https:\/\/www.facebook.com\/CubaLlama","https:\/\/x.com\/cuballama","https:\/\/www.instagram.com\/stories\/cuballama_oficial\/","https:\/\/www.youtube.com\/channel\/UCKkFE-d_axENGZcrc4as0IA"]},{"@type":"Person","@id":"https:\/\/www.cuballama.com\/noticias\/#\/schema\/person\/0f97914526a658755f00e59ec2a832f2","name":"Rafa","url":"https:\/\/www.cuballama.com\/noticias\/author\/rafa\/"}]}},"_links":{"self":[{"href":"https:\/\/www.cuballama.com\/noticias\/wp-json\/wp\/v2\/posts\/237619","targetHints":{"allow":["GET"]}}],"collection":[{"href":"https:\/\/www.cuballama.com\/noticias\/wp-json\/wp\/v2\/posts"}],"about":[{"href":"https:\/\/www.cuballama.com\/noticias\/wp-json\/wp\/v2\/types\/post"}],"author":[{"embeddable":true,"href":"https:\/\/www.cuballama.com\/noticias\/wp-json\/wp\/v2\/users\/27"}],"replies":[{"embeddable":true,"href":"https:\/\/www.cuballama.com\/noticias\/wp-json\/wp\/v2\/comments?post=237619"}],"version-history":[{"count":1,"href":"https:\/\/www.cuballama.com\/noticias\/wp-json\/wp\/v2\/posts\/237619\/revisions"}],"predecessor-version":[{"id":237622,"href":"https:\/\/www.cuballama.com\/noticias\/wp-json\/wp\/v2\/posts\/237619\/revisions\/237622"}],"wp:featuredmedia":[{"embeddable":true,"href":"https:\/\/www.cuballama.com\/noticias\/wp-json\/wp\/v2\/media\/237620"}],"wp:attachment":[{"href":"https:\/\/www.cuballama.com\/noticias\/wp-json\/wp\/v2\/media?parent=237619"}],"wp:term":[{"taxonomy":"category","embeddable":true,"href":"https:\/\/www.cuballama.com\/noticias\/wp-json\/wp\/v2\/categories?post=237619"},{"taxonomy":"post_tag","embeddable":true,"href":"https:\/\/www.cuballama.com\/noticias\/wp-json\/wp\/v2\/tags?post=237619"}],"curies":[{"name":"wp","href":"https:\/\/api.w.org\/{rel}","templated":true}]}}