{"id":237612,"date":"2026-03-10T06:00:00","date_gmt":"2026-03-10T10:00:00","guid":{"rendered":"https:\/\/www.cuballama.com\/noticias\/?p=237612"},"modified":"2026-03-10T10:24:41","modified_gmt":"2026-03-10T14:24:41","slug":"jorge-perugorria-culpa-a-trump-por-el-peor-momento-de-la-historia-de-cuba","status":"publish","type":"post","link":"https:\/\/www.cuballama.com\/noticias\/jorge-perugorria-culpa-a-trump-por-el-peor-momento-de-la-historia-de-cuba\/","title":{"rendered":"Jorge Perugorr\u00eda culpa a Trump por \u201cel peor momento\u201d de la historia de Cuba"},"content":{"rendered":"\n<p>El actor y director de cine cubano Jorge Perugorr\u00eda ha generado una amplia pol\u00e9mica tras afirmar que Cuba vive su peor momento debido al presidente de Estados Unidos, Donald Trump.<\/p>\n\n\n\n<p>\u201cEstamos en el peor momento de la historia de nuestro pa\u00eds\u201d, declar\u00f3 el protagonista de <em>Fresa y Chocolate<\/em> en el Festival de Cine de M\u00e1laga, en Espa\u00f1a, en el que present\u00f3 la quinta pel\u00edcula que dirige: <em>Neur\u00f3tica an\u00f3nima<\/em>.<\/p>\n\n\n\n<p>Seg\u00fan report\u00f3 <a href=\"https:\/\/www.swissinfo.ch\/spa\/jorge-perugorr%C3%ADa%3A-%22estrangular-a-cuba-la-est%C3%A1-llevando-a-una-crisis-humanitaria%22\/91059079\">la agencia <em>EFE<\/em><\/a>, para el guionista y director de<em> Neur\u00f3tica an\u00f3nima<\/em>, \u201cesta \u00faltima pol\u00edtica de Trump hacia Cuba\u201d lo que ha hecho es \u201cestrangular al pa\u00eds y producir esta crisis energ\u00e9tica\u201d, que \u201crealmente est\u00e1 a punto de llevar el pa\u00eds a una crisis humanitaria\u201d.<\/p>\n\n\n\n<p>La cinta del <a href=\"https:\/\/www.cuballama.com\/noticias\/jorge-perugorria-premio-nacional-de-cine-2024-pide-respeto-y-reconciliacion\/?srsltid=AfmBOorl567tvfrE9OrrpAnKjVirUD3ZoW9Zlgx4lmXlfFtEu0HaP7kB\" target=\"_blank\" rel=\"noreferrer noopener\">Premio Nacional del Cine 2024<\/a> compite en la secci\u00f3n oficial del certamen junto con otras 21 pel\u00edculas, nueve de ellas latinoamericanas.<\/p>\n\n\n\n<blockquote class=\"twitter-tweet\"><p lang=\"es\" dir=\"ltr\">El actor y director cubano Jorge Perugorr\u00eda ha asegurado este domingo en el Festival de Cine de M\u00e1laga que la decisi\u00f3n del Gobierno del presidente estadounidense, Donald Trump, de &quot;estrangular&quot; a Cuba est\u00e1 llevando al pa\u00eds &quot;al punto de una crisis humanitaria&quot;. <a href=\"https:\/\/t.co\/BD1dBrTXno\">pic.twitter.com\/BD1dBrTXno<\/a><\/p>&mdash; EFE Andaluc\u00eda (@EFE_Andalucia) <a href=\"https:\/\/twitter.com\/EFE_Andalucia\/status\/2030598675223695439?ref_src=twsrc%5Etfw\">March 8, 2026<\/a><\/blockquote> <script async src=\"https:\/\/platform.twitter.com\/widgets.js\" charset=\"utf-8\"><\/script> \n\n\n\n<p>\u201cIba a empezar a rodar una pel\u00edcula la semana pasada y tuvimos que parar porque no hay combustible y lo poco que hay se tiene que priorizar para los asuntos de primera necesidad, como los hospitales\u201d, indic\u00f3 el realizador al reconocer que el a\u00f1o pasado se lograron hacer \u00fanicamente \u201c4 \u00f3 5\u201d filmes.<\/p>\n\n\n\n<p>\u201cEl pa\u00eds est\u00e1 en un momento muy complejo con esta realidad. Es muy dif\u00edcil hacer pel\u00edculas porque estamos pensando en c\u00f3mo sobrevivir y llevar el d\u00eda para adelante\u201d, explic\u00f3.<\/p>\n\n\n\n<p>Por su parte, Mirtha Ibarra, que protagoniza la \u00faltima pel\u00edcula de Perugorr\u00eda, dijo estar preocupada por el momento que vive Cuba, \u201csin agua, sin luz, con apagones de hasta 48 horas. El pa\u00eds est\u00e1 en el piso\u201d.<\/p>\n\n\n\n<p>Posteriormente, en una entrevista con <em><a href=\"https:\/\/www.elmundo.es\/cultura\/cine\/2026\/03\/09\/69aed0f9e4d4d825078b459e.html\" target=\"_blank\" rel=\"noreferrer noopener nofollow\">El Mundo<\/a><\/em>, Perugorr\u00eda se\u00f1al\u00f3 que \u201cEstados Unidos puede arrasar Cuba como en Ir\u00e1n o dialogar como en Venezuela. Creo que lo m\u00e1s inteligente es lo segundo. Nadie quiere una guerra\u201d.<\/p>\n\n\n\n<blockquote class=\"twitter-tweet\"><p lang=\"es\" dir=\"ltr\">Orgullo de Jorge Perugorria, uno de los actores cubanos m\u00e1s reconocidos a nivel internacional\u2026 Habla con fuerza y valent\u00eda, y acusa Trump x lo que sucede en Cuba\u2026 Ya la maquinaria del odio lo est\u00e1 linchando por eso, apoy\u00e9moslo! <a href=\"https:\/\/t.co\/LUkvQoI1wG\">pic.twitter.com\/LUkvQoI1wG<\/a><\/p>&mdash; Tere Felipe (@_TereFelipe_) <a href=\"https:\/\/twitter.com\/_TereFelipe_\/status\/2031137121939943824?ref_src=twsrc%5Etfw\">March 9, 2026<\/a><\/blockquote> <script async src=\"https:\/\/platform.twitter.com\/widgets.js\" charset=\"utf-8\"><\/script> \n\n\n\n<p>\u201cCuba estrangulada econ\u00f3micamente y sin combustible, vive al borde de una neurosis. Sufrimos una pol\u00edtica de estrangulamiento que, obviamente no comparto, pero que nos tiene que obligar a cambiar\u201d, matiz\u00f3 despu\u00e9s de una primera ola de cr\u00edticas en la que no hizo referencia al r\u00e9gimen cubano.<\/p>\n\n\n\n<p>\u201cNo podemos seguir con un sistema del siglo pasado que no ha funcionado en ning\u00fan lado y que seguimos defendiendo pese a no conducir a ning\u00fan lado. Y esa es la paradoja, los cubanos vivimos entre la espada de una pol\u00edtica agresiva e injusta de Estados Unidos y la inmovilidad de un gobierno que se resiste a cambiar\u201d, admiti\u00f3.<\/p>\n\n\n\n<p>\u201cLos cambios en Cuba se han postergado durante tanto tiempo que cada d\u00eda que pasa es m\u00e1s dif\u00edcil todo\u201d, agreg\u00f3 el realizador de <em>Neur\u00f3tica an\u00f3nima<\/em> (2025), que retrata con humor e iron\u00eda la vida de Iluminada, una acomodadora de cine que enfrenta neurosis y crisis personales en una sociedad inestable.<\/p>\n","protected":false},"excerpt":{"rendered":"<p>El destacado actor y director se\u00f1al\u00f3 que los cubanos est\u00e1n pensando en c\u00f3mo sobrevivir y llevar el d\u00eda para adelante.<\/p>\n","protected":false},"author":30,"featured_media":216424,"comment_status":"open","ping_status":"closed","sticky":false,"template":"","format":"standard","meta":{"_acf_changed":false,"footnotes":""},"categories":[18,955],"tags":[10867,941,700,214],"class_list":{"0":"post-237612","1":"post","2":"type-post","3":"status-publish","4":"format-standard","5":"has-post-thumbnail","7":"category-noticias","8":"category-noticias-de-cuba","9":"tag-crisis-en-cuba","10":"tag-destacado","11":"tag-donald-trump","12":"tag-jorge-perugorria"},"acf":[],"yoast_head":"<!-- This site is optimized with the Yoast SEO plugin v27.5 - https:\/\/yoast.com\/product\/yoast-seo-wordpress\/ -->\n<title>Jorge Perugorr\u00eda culpa a Trump por \u201cel peor momento\u201d de la historia de Cuba - Cuballama Noticias<\/title>\n<meta name=\"description\" content=\"El actor y director de cine cubano Jorge Perugorr\u00eda ha afirmado que Cuba vive su peor momento debido a Trump.\" \/>\n<meta name=\"robots\" content=\"index, follow, max-snippet:-1, max-image-preview:large, max-video-preview:-1\" \/>\n<link rel=\"canonical\" href=\"https:\/\/www.cuballama.com\/noticias\/jorge-perugorria-culpa-a-trump-por-el-peor-momento-de-la-historia-de-cuba\/\" \/>\n<meta property=\"og:locale\" content=\"es_ES\" \/>\n<meta property=\"og:type\" content=\"article\" \/>\n<meta property=\"og:title\" content=\"Jorge Perugorr\u00eda culpa a Trump por \u201cel peor momento\u201d de la historia de Cuba - Cuballama Noticias\" \/>\n<meta property=\"og:description\" content=\"El actor y director de cine cubano Jorge Perugorr\u00eda ha afirmado que Cuba vive su peor momento debido a Trump.\" \/>\n<meta property=\"og:url\" content=\"https:\/\/www.cuballama.com\/noticias\/jorge-perugorria-culpa-a-trump-por-el-peor-momento-de-la-historia-de-cuba\/\" \/>\n<meta property=\"og:site_name\" content=\"Cuballama Noticias\" \/>\n<meta property=\"article:publisher\" content=\"https:\/\/www.facebook.com\/CubaLlama\" \/>\n<meta property=\"article:published_time\" content=\"2026-03-10T10:00:00+00:00\" \/>\n<meta property=\"article:modified_time\" content=\"2026-03-10T14:24:41+00:00\" \/>\n<meta property=\"og:image\" content=\"https:\/\/cdn1.mediawpaccore.net\/wp-content\/uploads\/2025\/08\/13102507\/Captura-de-pantalla_13-8-2025_102033_www.instagram.com_.webp\" \/>\n\t<meta property=\"og:image:width\" content=\"1200\" \/>\n\t<meta property=\"og:image:height\" content=\"630\" \/>\n\t<meta property=\"og:image:type\" content=\"image\/webp\" \/>\n<meta name=\"author\" content=\"Kathy\" \/>\n<meta name=\"twitter:card\" content=\"summary_large_image\" \/>\n<meta name=\"twitter:creator\" content=\"@cuballama\" \/>\n<meta name=\"twitter:site\" content=\"@cuballama\" \/>\n<meta name=\"twitter:label1\" content=\"Escrito por\" \/>\n\t<meta name=\"twitter:data1\" content=\"Kathy\" \/>\n\t<meta name=\"twitter:label2\" content=\"Tiempo de lectura\" \/>\n\t<meta name=\"twitter:data2\" content=\"3 minutos\" \/>\n<script type=\"application\/ld+json\" class=\"yoast-schema-graph\">{\"@context\":\"https:\\\/\\\/schema.org\",\"@graph\":[{\"@type\":\"Article\",\"@id\":\"https:\\\/\\\/www.cuballama.com\\\/noticias\\\/jorge-perugorria-culpa-a-trump-por-el-peor-momento-de-la-historia-de-cuba\\\/#article\",\"isPartOf\":{\"@id\":\"https:\\\/\\\/www.cuballama.com\\\/noticias\\\/jorge-perugorria-culpa-a-trump-por-el-peor-momento-de-la-historia-de-cuba\\\/\"},\"author\":{\"name\":\"Kathy\",\"@id\":\"https:\\\/\\\/www.cuballama.com\\\/noticias\\\/#\\\/schema\\\/person\\\/86cd3e3f4974437f031211213bf892d5\"},\"headline\":\"Jorge Perugorr\u00eda culpa a Trump por \u201cel peor momento\u201d de la historia de Cuba\",\"datePublished\":\"2026-03-10T10:00:00+00:00\",\"dateModified\":\"2026-03-10T14:24:41+00:00\",\"mainEntityOfPage\":{\"@id\":\"https:\\\/\\\/www.cuballama.com\\\/noticias\\\/jorge-perugorria-culpa-a-trump-por-el-peor-momento-de-la-historia-de-cuba\\\/\"},\"wordCount\":614,\"commentCount\":0,\"publisher\":{\"@id\":\"https:\\\/\\\/www.cuballama.com\\\/noticias\\\/#organization\"},\"image\":{\"@id\":\"https:\\\/\\\/www.cuballama.com\\\/noticias\\\/jorge-perugorria-culpa-a-trump-por-el-peor-momento-de-la-historia-de-cuba\\\/#primaryimage\"},\"thumbnailUrl\":\"https:\\\/\\\/cdn1.mediawpaccore.net\\\/wp-content\\\/uploads\\\/2025\\\/08\\\/13102507\\\/Captura-de-pantalla_13-8-2025_102033_www.instagram.com_.webp\",\"keywords\":[\"Crisis en Cuba\",\"destacado\",\"Donald Trump\",\"Jorge Perugorr\u00eda\"],\"articleSection\":[\"Noticias\",\"Noticias de Cuba\"],\"inLanguage\":\"es\",\"potentialAction\":[{\"@type\":\"CommentAction\",\"name\":\"Comment\",\"target\":[\"https:\\\/\\\/www.cuballama.com\\\/noticias\\\/jorge-perugorria-culpa-a-trump-por-el-peor-momento-de-la-historia-de-cuba\\\/#respond\"]}]},{\"@type\":\"WebPage\",\"@id\":\"https:\\\/\\\/www.cuballama.com\\\/noticias\\\/jorge-perugorria-culpa-a-trump-por-el-peor-momento-de-la-historia-de-cuba\\\/\",\"url\":\"https:\\\/\\\/www.cuballama.com\\\/noticias\\\/jorge-perugorria-culpa-a-trump-por-el-peor-momento-de-la-historia-de-cuba\\\/\",\"name\":\"Jorge Perugorr\u00eda culpa a Trump por \u201cel peor momento\u201d de la historia de Cuba - Cuballama Noticias\",\"isPartOf\":{\"@id\":\"https:\\\/\\\/www.cuballama.com\\\/noticias\\\/#website\"},\"primaryImageOfPage\":{\"@id\":\"https:\\\/\\\/www.cuballama.com\\\/noticias\\\/jorge-perugorria-culpa-a-trump-por-el-peor-momento-de-la-historia-de-cuba\\\/#primaryimage\"},\"image\":{\"@id\":\"https:\\\/\\\/www.cuballama.com\\\/noticias\\\/jorge-perugorria-culpa-a-trump-por-el-peor-momento-de-la-historia-de-cuba\\\/#primaryimage\"},\"thumbnailUrl\":\"https:\\\/\\\/cdn1.mediawpaccore.net\\\/wp-content\\\/uploads\\\/2025\\\/08\\\/13102507\\\/Captura-de-pantalla_13-8-2025_102033_www.instagram.com_.webp\",\"datePublished\":\"2026-03-10T10:00:00+00:00\",\"dateModified\":\"2026-03-10T14:24:41+00:00\",\"description\":\"El actor y director de cine cubano Jorge Perugorr\u00eda ha afirmado que Cuba vive su peor momento debido a Trump.\",\"breadcrumb\":{\"@id\":\"https:\\\/\\\/www.cuballama.com\\\/noticias\\\/jorge-perugorria-culpa-a-trump-por-el-peor-momento-de-la-historia-de-cuba\\\/#breadcrumb\"},\"inLanguage\":\"es\",\"potentialAction\":[{\"@type\":\"ReadAction\",\"target\":[\"https:\\\/\\\/www.cuballama.com\\\/noticias\\\/jorge-perugorria-culpa-a-trump-por-el-peor-momento-de-la-historia-de-cuba\\\/\"]}]},{\"@type\":\"ImageObject\",\"inLanguage\":\"es\",\"@id\":\"https:\\\/\\\/www.cuballama.com\\\/noticias\\\/jorge-perugorria-culpa-a-trump-por-el-peor-momento-de-la-historia-de-cuba\\\/#primaryimage\",\"url\":\"https:\\\/\\\/cdn1.mediawpaccore.net\\\/wp-content\\\/uploads\\\/2025\\\/08\\\/13102507\\\/Captura-de-pantalla_13-8-2025_102033_www.instagram.com_.webp\",\"contentUrl\":\"https:\\\/\\\/cdn1.mediawpaccore.net\\\/wp-content\\\/uploads\\\/2025\\\/08\\\/13102507\\\/Captura-de-pantalla_13-8-2025_102033_www.instagram.com_.webp\",\"width\":1200,\"height\":630,\"caption\":\"Jorge Perugorr\u00eda a sus 60 a\u00f1os. Foto: Instagram\\\/Jorge Perugorr\u00eda.\"},{\"@type\":\"BreadcrumbList\",\"@id\":\"https:\\\/\\\/www.cuballama.com\\\/noticias\\\/jorge-perugorria-culpa-a-trump-por-el-peor-momento-de-la-historia-de-cuba\\\/#breadcrumb\",\"itemListElement\":[{\"@type\":\"ListItem\",\"position\":1,\"name\":\"Home\",\"item\":\"https:\\\/\\\/www.cuballama.com\\\/noticias\\\/\"},{\"@type\":\"ListItem\",\"position\":2,\"name\":\"Jorge Perugorr\u00eda culpa a Trump por \u201cel peor momento\u201d de la historia de Cuba\"}]},{\"@type\":\"WebSite\",\"@id\":\"https:\\\/\\\/www.cuballama.com\\\/noticias\\\/#website\",\"url\":\"https:\\\/\\\/www.cuballama.com\\\/noticias\\\/\",\"name\":\"Cuballama Noticias\",\"description\":\"Medio digital sobre Cuba y el mundo\",\"publisher\":{\"@id\":\"https:\\\/\\\/www.cuballama.com\\\/noticias\\\/#organization\"},\"potentialAction\":[{\"@type\":\"SearchAction\",\"target\":{\"@type\":\"EntryPoint\",\"urlTemplate\":\"https:\\\/\\\/www.cuballama.com\\\/noticias\\\/?s={search_term_string}\"},\"query-input\":{\"@type\":\"PropertyValueSpecification\",\"valueRequired\":true,\"valueName\":\"search_term_string\"}}],\"inLanguage\":\"es\"},{\"@type\":\"Organization\",\"@id\":\"https:\\\/\\\/www.cuballama.com\\\/noticias\\\/#organization\",\"name\":\"Cuballama\",\"url\":\"https:\\\/\\\/www.cuballama.com\\\/noticias\\\/\",\"logo\":{\"@type\":\"ImageObject\",\"inLanguage\":\"es\",\"@id\":\"https:\\\/\\\/www.cuballama.com\\\/noticias\\\/#\\\/schema\\\/logo\\\/image\\\/\",\"url\":\"https:\\\/\\\/cdn1.mediawpaccore.net\\\/wp-content\\\/uploads\\\/2021\\\/12\\\/28171206\\\/cbll-logo-color-sm.png\",\"contentUrl\":\"https:\\\/\\\/cdn1.mediawpaccore.net\\\/wp-content\\\/uploads\\\/2021\\\/12\\\/28171206\\\/cbll-logo-color-sm.png\",\"width\":600,\"height\":133,\"caption\":\"Cuballama\"},\"image\":{\"@id\":\"https:\\\/\\\/www.cuballama.com\\\/noticias\\\/#\\\/schema\\\/logo\\\/image\\\/\"},\"sameAs\":[\"https:\\\/\\\/www.facebook.com\\\/CubaLlama\",\"https:\\\/\\\/x.com\\\/cuballama\",\"https:\\\/\\\/www.instagram.com\\\/stories\\\/cuballama_oficial\\\/\",\"https:\\\/\\\/www.youtube.com\\\/channel\\\/UCKkFE-d_axENGZcrc4as0IA\"]},{\"@type\":\"Person\",\"@id\":\"https:\\\/\\\/www.cuballama.com\\\/noticias\\\/#\\\/schema\\\/person\\\/86cd3e3f4974437f031211213bf892d5\",\"name\":\"Kathy\",\"url\":\"https:\\\/\\\/www.cuballama.com\\\/noticias\\\/author\\\/kathy\\\/\"}]}<\/script>\n<!-- \/ Yoast SEO plugin. -->","yoast_head_json":{"title":"Jorge Perugorr\u00eda culpa a Trump por \u201cel peor momento\u201d de la historia de Cuba - Cuballama Noticias","description":"El actor y director de cine cubano Jorge Perugorr\u00eda ha afirmado que Cuba vive su peor momento debido a Trump.","robots":{"index":"index","follow":"follow","max-snippet":"max-snippet:-1","max-image-preview":"max-image-preview:large","max-video-preview":"max-video-preview:-1"},"canonical":"https:\/\/www.cuballama.com\/noticias\/jorge-perugorria-culpa-a-trump-por-el-peor-momento-de-la-historia-de-cuba\/","og_locale":"es_ES","og_type":"article","og_title":"Jorge Perugorr\u00eda culpa a Trump por \u201cel peor momento\u201d de la historia de Cuba - Cuballama Noticias","og_description":"El actor y director de cine cubano Jorge Perugorr\u00eda ha afirmado que Cuba vive su peor momento debido a Trump.","og_url":"https:\/\/www.cuballama.com\/noticias\/jorge-perugorria-culpa-a-trump-por-el-peor-momento-de-la-historia-de-cuba\/","og_site_name":"Cuballama Noticias","article_publisher":"https:\/\/www.facebook.com\/CubaLlama","article_published_time":"2026-03-10T10:00:00+00:00","article_modified_time":"2026-03-10T14:24:41+00:00","og_image":[{"width":1200,"height":630,"url":"https:\/\/cdn1.mediawpaccore.net\/wp-content\/uploads\/2025\/08\/13102507\/Captura-de-pantalla_13-8-2025_102033_www.instagram.com_.webp","type":"image\/webp"}],"author":"Kathy","twitter_card":"summary_large_image","twitter_creator":"@cuballama","twitter_site":"@cuballama","twitter_misc":{"Escrito por":"Kathy","Tiempo de lectura":"3 minutos"},"schema":{"@context":"https:\/\/schema.org","@graph":[{"@type":"Article","@id":"https:\/\/www.cuballama.com\/noticias\/jorge-perugorria-culpa-a-trump-por-el-peor-momento-de-la-historia-de-cuba\/#article","isPartOf":{"@id":"https:\/\/www.cuballama.com\/noticias\/jorge-perugorria-culpa-a-trump-por-el-peor-momento-de-la-historia-de-cuba\/"},"author":{"name":"Kathy","@id":"https:\/\/www.cuballama.com\/noticias\/#\/schema\/person\/86cd3e3f4974437f031211213bf892d5"},"headline":"Jorge Perugorr\u00eda culpa a Trump por \u201cel peor momento\u201d de la historia de Cuba","datePublished":"2026-03-10T10:00:00+00:00","dateModified":"2026-03-10T14:24:41+00:00","mainEntityOfPage":{"@id":"https:\/\/www.cuballama.com\/noticias\/jorge-perugorria-culpa-a-trump-por-el-peor-momento-de-la-historia-de-cuba\/"},"wordCount":614,"commentCount":0,"publisher":{"@id":"https:\/\/www.cuballama.com\/noticias\/#organization"},"image":{"@id":"https:\/\/www.cuballama.com\/noticias\/jorge-perugorria-culpa-a-trump-por-el-peor-momento-de-la-historia-de-cuba\/#primaryimage"},"thumbnailUrl":"https:\/\/cdn1.mediawpaccore.net\/wp-content\/uploads\/2025\/08\/13102507\/Captura-de-pantalla_13-8-2025_102033_www.instagram.com_.webp","keywords":["Crisis en Cuba","destacado","Donald Trump","Jorge Perugorr\u00eda"],"articleSection":["Noticias","Noticias de Cuba"],"inLanguage":"es","potentialAction":[{"@type":"CommentAction","name":"Comment","target":["https:\/\/www.cuballama.com\/noticias\/jorge-perugorria-culpa-a-trump-por-el-peor-momento-de-la-historia-de-cuba\/#respond"]}]},{"@type":"WebPage","@id":"https:\/\/www.cuballama.com\/noticias\/jorge-perugorria-culpa-a-trump-por-el-peor-momento-de-la-historia-de-cuba\/","url":"https:\/\/www.cuballama.com\/noticias\/jorge-perugorria-culpa-a-trump-por-el-peor-momento-de-la-historia-de-cuba\/","name":"Jorge Perugorr\u00eda culpa a Trump por \u201cel peor momento\u201d de la historia de Cuba - Cuballama Noticias","isPartOf":{"@id":"https:\/\/www.cuballama.com\/noticias\/#website"},"primaryImageOfPage":{"@id":"https:\/\/www.cuballama.com\/noticias\/jorge-perugorria-culpa-a-trump-por-el-peor-momento-de-la-historia-de-cuba\/#primaryimage"},"image":{"@id":"https:\/\/www.cuballama.com\/noticias\/jorge-perugorria-culpa-a-trump-por-el-peor-momento-de-la-historia-de-cuba\/#primaryimage"},"thumbnailUrl":"https:\/\/cdn1.mediawpaccore.net\/wp-content\/uploads\/2025\/08\/13102507\/Captura-de-pantalla_13-8-2025_102033_www.instagram.com_.webp","datePublished":"2026-03-10T10:00:00+00:00","dateModified":"2026-03-10T14:24:41+00:00","description":"El actor y director de cine cubano Jorge Perugorr\u00eda ha afirmado que Cuba vive su peor momento debido a Trump.","breadcrumb":{"@id":"https:\/\/www.cuballama.com\/noticias\/jorge-perugorria-culpa-a-trump-por-el-peor-momento-de-la-historia-de-cuba\/#breadcrumb"},"inLanguage":"es","potentialAction":[{"@type":"ReadAction","target":["https:\/\/www.cuballama.com\/noticias\/jorge-perugorria-culpa-a-trump-por-el-peor-momento-de-la-historia-de-cuba\/"]}]},{"@type":"ImageObject","inLanguage":"es","@id":"https:\/\/www.cuballama.com\/noticias\/jorge-perugorria-culpa-a-trump-por-el-peor-momento-de-la-historia-de-cuba\/#primaryimage","url":"https:\/\/cdn1.mediawpaccore.net\/wp-content\/uploads\/2025\/08\/13102507\/Captura-de-pantalla_13-8-2025_102033_www.instagram.com_.webp","contentUrl":"https:\/\/cdn1.mediawpaccore.net\/wp-content\/uploads\/2025\/08\/13102507\/Captura-de-pantalla_13-8-2025_102033_www.instagram.com_.webp","width":1200,"height":630,"caption":"Jorge Perugorr\u00eda a sus 60 a\u00f1os. Foto: Instagram\/Jorge Perugorr\u00eda."},{"@type":"BreadcrumbList","@id":"https:\/\/www.cuballama.com\/noticias\/jorge-perugorria-culpa-a-trump-por-el-peor-momento-de-la-historia-de-cuba\/#breadcrumb","itemListElement":[{"@type":"ListItem","position":1,"name":"Home","item":"https:\/\/www.cuballama.com\/noticias\/"},{"@type":"ListItem","position":2,"name":"Jorge Perugorr\u00eda culpa a Trump por \u201cel peor momento\u201d de la historia de Cuba"}]},{"@type":"WebSite","@id":"https:\/\/www.cuballama.com\/noticias\/#website","url":"https:\/\/www.cuballama.com\/noticias\/","name":"Cuballama Noticias","description":"Medio digital sobre Cuba y el mundo","publisher":{"@id":"https:\/\/www.cuballama.com\/noticias\/#organization"},"potentialAction":[{"@type":"SearchAction","target":{"@type":"EntryPoint","urlTemplate":"https:\/\/www.cuballama.com\/noticias\/?s={search_term_string}"},"query-input":{"@type":"PropertyValueSpecification","valueRequired":true,"valueName":"search_term_string"}}],"inLanguage":"es"},{"@type":"Organization","@id":"https:\/\/www.cuballama.com\/noticias\/#organization","name":"Cuballama","url":"https:\/\/www.cuballama.com\/noticias\/","logo":{"@type":"ImageObject","inLanguage":"es","@id":"https:\/\/www.cuballama.com\/noticias\/#\/schema\/logo\/image\/","url":"https:\/\/cdn1.mediawpaccore.net\/wp-content\/uploads\/2021\/12\/28171206\/cbll-logo-color-sm.png","contentUrl":"https:\/\/cdn1.mediawpaccore.net\/wp-content\/uploads\/2021\/12\/28171206\/cbll-logo-color-sm.png","width":600,"height":133,"caption":"Cuballama"},"image":{"@id":"https:\/\/www.cuballama.com\/noticias\/#\/schema\/logo\/image\/"},"sameAs":["https:\/\/www.facebook.com\/CubaLlama","https:\/\/x.com\/cuballama","https:\/\/www.instagram.com\/stories\/cuballama_oficial\/","https:\/\/www.youtube.com\/channel\/UCKkFE-d_axENGZcrc4as0IA"]},{"@type":"Person","@id":"https:\/\/www.cuballama.com\/noticias\/#\/schema\/person\/86cd3e3f4974437f031211213bf892d5","name":"Kathy","url":"https:\/\/www.cuballama.com\/noticias\/author\/kathy\/"}]}},"_links":{"self":[{"href":"https:\/\/www.cuballama.com\/noticias\/wp-json\/wp\/v2\/posts\/237612","targetHints":{"allow":["GET"]}}],"collection":[{"href":"https:\/\/www.cuballama.com\/noticias\/wp-json\/wp\/v2\/posts"}],"about":[{"href":"https:\/\/www.cuballama.com\/noticias\/wp-json\/wp\/v2\/types\/post"}],"author":[{"embeddable":true,"href":"https:\/\/www.cuballama.com\/noticias\/wp-json\/wp\/v2\/users\/30"}],"replies":[{"embeddable":true,"href":"https:\/\/www.cuballama.com\/noticias\/wp-json\/wp\/v2\/comments?post=237612"}],"version-history":[{"count":8,"href":"https:\/\/www.cuballama.com\/noticias\/wp-json\/wp\/v2\/posts\/237612\/revisions"}],"predecessor-version":[{"id":237648,"href":"https:\/\/www.cuballama.com\/noticias\/wp-json\/wp\/v2\/posts\/237612\/revisions\/237648"}],"wp:featuredmedia":[{"embeddable":true,"href":"https:\/\/www.cuballama.com\/noticias\/wp-json\/wp\/v2\/media\/216424"}],"wp:attachment":[{"href":"https:\/\/www.cuballama.com\/noticias\/wp-json\/wp\/v2\/media?parent=237612"}],"wp:term":[{"taxonomy":"category","embeddable":true,"href":"https:\/\/www.cuballama.com\/noticias\/wp-json\/wp\/v2\/categories?post=237612"},{"taxonomy":"post_tag","embeddable":true,"href":"https:\/\/www.cuballama.com\/noticias\/wp-json\/wp\/v2\/tags?post=237612"}],"curies":[{"name":"wp","href":"https:\/\/api.w.org\/{rel}","templated":true}]}}