{"id":237583,"date":"2026-03-11T02:11:30","date_gmt":"2026-03-11T06:11:30","guid":{"rendered":"https:\/\/www.cuballama.com\/noticias\/?p=237583"},"modified":"2026-03-11T02:11:34","modified_gmt":"2026-03-11T06:11:34","slug":"muere-en-camaguey-el-cirujano-manuel-fontes-maestre-recordado-por-colegas-y-pacientes-como-un-gigante-de-la-medicina","status":"publish","type":"post","link":"https:\/\/www.cuballama.com\/noticias\/muere-en-camaguey-el-cirujano-manuel-fontes-maestre-recordado-por-colegas-y-pacientes-como-un-gigante-de-la-medicina\/","title":{"rendered":"Muere en Camag\u00fcey el cirujano Manuel Fontes Maestre, recordado por colegas y pacientes como \u201cun gigante de la medicina\u201d"},"content":{"rendered":"\n<p>La muerte del cirujano cubano Manuel Fontes Maestre, ocurrida el 6 de marzo de 2026 en la ciudad de Camag\u00fcey, ha provocado una oleada de mensajes de condolencias y homenajes en redes sociales entre colegas, exalumnos, pacientes y amigos que lo recuerdan como un m\u00e9dico comprometido con su profesi\u00f3n y con las personas que atend\u00eda.<\/p>\n\n\n\n<p>La noticia comenz\u00f3 a circular a trav\u00e9s de publicaciones de personas cercanas al m\u00e9dico, entre ellas el usuario Alfredo Enrique Arredondo, quien expres\u00f3 su pesar en <a href=\"https:\/\/www.facebook.com\/alfredoenrique.arredondo\/posts\/2628683344167764?ref=embed_post\" target=\"_blank\" rel=\"noreferrer noopener nofollow\">Facebook<\/a> al despedir a quien describi\u00f3 como su profesor y amigo. \u201cEPD mi profesor. Dios te acoja en su regazo y te d\u00e9 la paz eterna. Lo ver\u00e9 en la eternidad, viejo amigo\u201d, escribi\u00f3.<\/p>\n\n\n\n<p>Otro de los mensajes que m\u00e1s repercusi\u00f3n gener\u00f3 fue el del usuario Guelmi Abdul, quien destac\u00f3 la trayectoria profesional de Fontes Maestre y su vocaci\u00f3n de servicio tanto dentro como fuera de Cuba. \u201cDesde ayer falta un gigante\u201d, escribi\u00f3 al referirse al cirujano, a quien describi\u00f3 como un m\u00e9dico que \u201cse part\u00eda el lomo por sus pacientes\u201d, incluso durante misiones internacionalistas en otros pa\u00edses.<\/p>\n\n\n\n<p>Seg\u00fan esos testimonios, Fontes Maestre era conocido por su car\u00e1cter directo y por su inconformidad con las dificultades del sistema sanitario, especialmente la escasez de recursos e insumos m\u00e9dicos. Quienes lo conocieron aseguran que sol\u00eda enfrentar esos problemas con una mezcla de exigencia profesional y compromiso personal con la atenci\u00f3n a los pacientes.<\/p>\n\n\n\n<p>\u201cManolito no era de papeles, era un cirujano del pueblo; no era de discursos, era de hechos\u201d, escribi\u00f3 Abdul en su publicaci\u00f3n, en la que tambi\u00e9n lament\u00f3 que, seg\u00fan su percepci\u00f3n, no hubiera existido un reconocimiento oficial inmediato por parte de las autoridades sanitarias de la provincia.<\/p>\n\n\n\n<p>La figura del m\u00e9dico gener\u00f3 una r\u00e1pida reacci\u00f3n entre quienes lo conocieron. Decenas de comentarios acompa\u00f1aron las publicaciones iniciales, record\u00e1ndolo como un profesional respetado y un profesor que marc\u00f3 a generaciones de estudiantes de medicina. <\/p>\n\n\n\n<p>\u201cUn gran profesional y profesor, es una gran p\u00e9rdida realmente\u201d, escribi\u00f3 uno de los usuarios. Otros coincidieron en que no solo se trataba de un cirujano destacado, sino tambi\u00e9n de un amigo cercano para muchos de quienes trabajaron con \u00e9l o pasaron por sus aulas.<\/p>\n\n\n\n<p>Pedro Jes\u00fas Alfonso Aguilar, quien afirm\u00f3 haber sido su paciente y amigo, se\u00f1al\u00f3 que el verdadero reconocimiento a Fontes Maestre proviene de quienes lo conocieron de cerca. \u201cEl reconocimiento verdadero, sincero, viene de sus alumnos, pacientes y amigos\u201d, escribi\u00f3.<\/p>\n\n\n\n<p>En numerosos mensajes tambi\u00e9n se repitieron expresiones de respeto y despedida, acompa\u00f1adas de frases como \u201cEPD\u201d, \u201cgran profesor\u201d, \u201cexcelente m\u00e9dico\u201d y \u201cmaravillosa persona\u201d.<\/p>\n\n\n\n<p>Aunque por el momento no se han difundido detalles oficiales sobre las circunstancias de su fallecimiento, el impacto de la noticia ha sido evidente en la comunidad m\u00e9dica y entre quienes tuvieron alg\u00fan v\u00ednculo con \u00e9l.<\/p>\n\n\n\n<p>Para muchos de sus colegas y estudiantes, la muerte de Manuel Fontes Maestre representa la p\u00e9rdida de un m\u00e9dico que dedic\u00f3 su vida a la cirug\u00eda y a la formaci\u00f3n de nuevos profesionales de la salud.<br><\/p>\n","protected":false},"excerpt":{"rendered":"<p>El cirujano camag\u00fceyano Manuel Fontes Maestre falleci\u00f3 el 6 de marzo de 2026 y ha sido recordado por colegas y pacientes.<\/p>\n","protected":false},"author":13,"featured_media":237592,"comment_status":"open","ping_status":"closed","sticky":false,"template":"","format":"standard","meta":{"_acf_changed":false,"footnotes":""},"categories":[18,955,11025],"tags":[2171,30971,30973,30972,758,30970,23869],"class_list":{"0":"post-237583","1":"post","2":"type-post","3":"status-publish","4":"format-standard","5":"has-post-thumbnail","7":"category-noticias","8":"category-noticias-de-cuba","9":"category-salud","10":"tag-camaguey","11":"tag-cirujanos-en-cuba","12":"tag-comunidad-medica-camaguey","13":"tag-manuel-fontes-maestre","14":"tag-medicos-cubanos","15":"tag-profesores-de-medicina-cuba","16":"tag-sistema-de-salud-cubano"},"acf":[],"yoast_head":"<!-- This site is optimized with the Yoast SEO plugin v27.4 - https:\/\/yoast.com\/product\/yoast-seo-wordpress\/ -->\n<title>Muere en Camag\u00fcey el cirujano Manuel Fontes Maestre, recordado por colegas y pacientes como \u201cun gigante de la medicina\u201d - Cuballama Noticias<\/title>\n<meta name=\"description\" content=\"Fallece en Camag\u00fcey el cirujano Manuel Fontes Maestre. Colegas, alumnos y pacientes lo recuerdan como gran m\u00e9dico.\" \/>\n<meta name=\"robots\" content=\"index, follow, max-snippet:-1, max-image-preview:large, max-video-preview:-1\" \/>\n<link rel=\"canonical\" href=\"https:\/\/www.cuballama.com\/noticias\/muere-en-camaguey-el-cirujano-manuel-fontes-maestre-recordado-por-colegas-y-pacientes-como-un-gigante-de-la-medicina\/\" \/>\n<meta property=\"og:locale\" content=\"es_ES\" \/>\n<meta property=\"og:type\" content=\"article\" \/>\n<meta property=\"og:title\" content=\"Muere en Camag\u00fcey el cirujano Manuel Fontes Maestre, recordado por colegas y pacientes como \u201cun gigante de la medicina\u201d - Cuballama Noticias\" \/>\n<meta property=\"og:description\" content=\"Fallece en Camag\u00fcey el cirujano Manuel Fontes Maestre. Colegas, alumnos y pacientes lo recuerdan como gran m\u00e9dico.\" \/>\n<meta property=\"og:url\" content=\"https:\/\/www.cuballama.com\/noticias\/muere-en-camaguey-el-cirujano-manuel-fontes-maestre-recordado-por-colegas-y-pacientes-como-un-gigante-de-la-medicina\/\" \/>\n<meta property=\"og:site_name\" content=\"Cuballama Noticias\" \/>\n<meta property=\"article:publisher\" content=\"https:\/\/www.facebook.com\/CubaLlama\" \/>\n<meta property=\"article:published_time\" content=\"2026-03-11T06:11:30+00:00\" \/>\n<meta property=\"article:modified_time\" content=\"2026-03-11T06:11:34+00:00\" \/>\n<meta property=\"og:image\" content=\"https:\/\/cdn1.mediawpaccore.net\/wp-content\/uploads\/2026\/03\/09091638\/image-39.png\" \/>\n\t<meta property=\"og:image:width\" content=\"1389\" \/>\n\t<meta property=\"og:image:height\" content=\"721\" \/>\n\t<meta property=\"og:image:type\" content=\"image\/png\" \/>\n<meta name=\"author\" content=\"Roberto A.\" \/>\n<meta name=\"twitter:card\" content=\"summary_large_image\" \/>\n<meta name=\"twitter:creator\" content=\"@cuballama\" \/>\n<meta name=\"twitter:site\" content=\"@cuballama\" \/>\n<meta name=\"twitter:label1\" content=\"Escrito por\" \/>\n\t<meta name=\"twitter:data1\" content=\"Roberto A.\" \/>\n\t<meta name=\"twitter:label2\" content=\"Tiempo de lectura\" \/>\n\t<meta name=\"twitter:data2\" content=\"3 minutos\" \/>\n<script type=\"application\/ld+json\" class=\"yoast-schema-graph\">{\"@context\":\"https:\\\/\\\/schema.org\",\"@graph\":[{\"@type\":\"Article\",\"@id\":\"https:\\\/\\\/www.cuballama.com\\\/noticias\\\/muere-en-camaguey-el-cirujano-manuel-fontes-maestre-recordado-por-colegas-y-pacientes-como-un-gigante-de-la-medicina\\\/#article\",\"isPartOf\":{\"@id\":\"https:\\\/\\\/www.cuballama.com\\\/noticias\\\/muere-en-camaguey-el-cirujano-manuel-fontes-maestre-recordado-por-colegas-y-pacientes-como-un-gigante-de-la-medicina\\\/\"},\"author\":{\"name\":\"Roberto A.\",\"@id\":\"https:\\\/\\\/www.cuballama.com\\\/noticias\\\/#\\\/schema\\\/person\\\/a58502ed4146c8e9f83872e897c76cd2\"},\"headline\":\"Muere en Camag\u00fcey el cirujano Manuel Fontes Maestre, recordado por colegas y pacientes como \u201cun gigante de la medicina\u201d\",\"datePublished\":\"2026-03-11T06:11:30+00:00\",\"dateModified\":\"2026-03-11T06:11:34+00:00\",\"mainEntityOfPage\":{\"@id\":\"https:\\\/\\\/www.cuballama.com\\\/noticias\\\/muere-en-camaguey-el-cirujano-manuel-fontes-maestre-recordado-por-colegas-y-pacientes-como-un-gigante-de-la-medicina\\\/\"},\"wordCount\":551,\"commentCount\":0,\"publisher\":{\"@id\":\"https:\\\/\\\/www.cuballama.com\\\/noticias\\\/#organization\"},\"image\":{\"@id\":\"https:\\\/\\\/www.cuballama.com\\\/noticias\\\/muere-en-camaguey-el-cirujano-manuel-fontes-maestre-recordado-por-colegas-y-pacientes-como-un-gigante-de-la-medicina\\\/#primaryimage\"},\"thumbnailUrl\":\"https:\\\/\\\/cdn1.mediawpaccore.net\\\/wp-content\\\/uploads\\\/2026\\\/03\\\/09091638\\\/image-39.png\",\"keywords\":[\"Camag\u00fcey\",\"cirujanos en Cuba\",\"comunidad m\u00e9dica Camag\u00fcey\",\"Manuel Fontes Maestre\",\"M\u00e9dicos Cubanos\",\"profesores de medicina Cuba\",\"sistema de salud cubano\"],\"articleSection\":[\"Noticias\",\"Noticias de Cuba\",\"Salud\"],\"inLanguage\":\"es\",\"potentialAction\":[{\"@type\":\"CommentAction\",\"name\":\"Comment\",\"target\":[\"https:\\\/\\\/www.cuballama.com\\\/noticias\\\/muere-en-camaguey-el-cirujano-manuel-fontes-maestre-recordado-por-colegas-y-pacientes-como-un-gigante-de-la-medicina\\\/#respond\"]}]},{\"@type\":\"WebPage\",\"@id\":\"https:\\\/\\\/www.cuballama.com\\\/noticias\\\/muere-en-camaguey-el-cirujano-manuel-fontes-maestre-recordado-por-colegas-y-pacientes-como-un-gigante-de-la-medicina\\\/\",\"url\":\"https:\\\/\\\/www.cuballama.com\\\/noticias\\\/muere-en-camaguey-el-cirujano-manuel-fontes-maestre-recordado-por-colegas-y-pacientes-como-un-gigante-de-la-medicina\\\/\",\"name\":\"Muere en Camag\u00fcey el cirujano Manuel Fontes Maestre, recordado por colegas y pacientes como \u201cun gigante de la medicina\u201d - Cuballama Noticias\",\"isPartOf\":{\"@id\":\"https:\\\/\\\/www.cuballama.com\\\/noticias\\\/#website\"},\"primaryImageOfPage\":{\"@id\":\"https:\\\/\\\/www.cuballama.com\\\/noticias\\\/muere-en-camaguey-el-cirujano-manuel-fontes-maestre-recordado-por-colegas-y-pacientes-como-un-gigante-de-la-medicina\\\/#primaryimage\"},\"image\":{\"@id\":\"https:\\\/\\\/www.cuballama.com\\\/noticias\\\/muere-en-camaguey-el-cirujano-manuel-fontes-maestre-recordado-por-colegas-y-pacientes-como-un-gigante-de-la-medicina\\\/#primaryimage\"},\"thumbnailUrl\":\"https:\\\/\\\/cdn1.mediawpaccore.net\\\/wp-content\\\/uploads\\\/2026\\\/03\\\/09091638\\\/image-39.png\",\"datePublished\":\"2026-03-11T06:11:30+00:00\",\"dateModified\":\"2026-03-11T06:11:34+00:00\",\"description\":\"Fallece en Camag\u00fcey el cirujano Manuel Fontes Maestre. Colegas, alumnos y pacientes lo recuerdan como gran m\u00e9dico.\",\"breadcrumb\":{\"@id\":\"https:\\\/\\\/www.cuballama.com\\\/noticias\\\/muere-en-camaguey-el-cirujano-manuel-fontes-maestre-recordado-por-colegas-y-pacientes-como-un-gigante-de-la-medicina\\\/#breadcrumb\"},\"inLanguage\":\"es\",\"potentialAction\":[{\"@type\":\"ReadAction\",\"target\":[\"https:\\\/\\\/www.cuballama.com\\\/noticias\\\/muere-en-camaguey-el-cirujano-manuel-fontes-maestre-recordado-por-colegas-y-pacientes-como-un-gigante-de-la-medicina\\\/\"]}]},{\"@type\":\"ImageObject\",\"inLanguage\":\"es\",\"@id\":\"https:\\\/\\\/www.cuballama.com\\\/noticias\\\/muere-en-camaguey-el-cirujano-manuel-fontes-maestre-recordado-por-colegas-y-pacientes-como-un-gigante-de-la-medicina\\\/#primaryimage\",\"url\":\"https:\\\/\\\/cdn1.mediawpaccore.net\\\/wp-content\\\/uploads\\\/2026\\\/03\\\/09091638\\\/image-39.png\",\"contentUrl\":\"https:\\\/\\\/cdn1.mediawpaccore.net\\\/wp-content\\\/uploads\\\/2026\\\/03\\\/09091638\\\/image-39.png\",\"width\":1389,\"height\":721,\"caption\":\"Para muchos de sus colegas y estudiantes, la muerte de Manuel Fontes Maestre representa la p\u00e9rdida de un m\u00e9dico que dedic\u00f3 su vida a la cirug\u00eda y a la formaci\u00f3n de nuevos profesionales de la salud. Foto via Redes Sociales\"},{\"@type\":\"BreadcrumbList\",\"@id\":\"https:\\\/\\\/www.cuballama.com\\\/noticias\\\/muere-en-camaguey-el-cirujano-manuel-fontes-maestre-recordado-por-colegas-y-pacientes-como-un-gigante-de-la-medicina\\\/#breadcrumb\",\"itemListElement\":[{\"@type\":\"ListItem\",\"position\":1,\"name\":\"Home\",\"item\":\"https:\\\/\\\/www.cuballama.com\\\/noticias\\\/\"},{\"@type\":\"ListItem\",\"position\":2,\"name\":\"Muere en Camag\u00fcey el cirujano Manuel Fontes Maestre, recordado por colegas y pacientes como \u201cun gigante de la medicina\u201d\"}]},{\"@type\":\"WebSite\",\"@id\":\"https:\\\/\\\/www.cuballama.com\\\/noticias\\\/#website\",\"url\":\"https:\\\/\\\/www.cuballama.com\\\/noticias\\\/\",\"name\":\"Cuballama Noticias\",\"description\":\"Medio digital sobre Cuba y el mundo\",\"publisher\":{\"@id\":\"https:\\\/\\\/www.cuballama.com\\\/noticias\\\/#organization\"},\"potentialAction\":[{\"@type\":\"SearchAction\",\"target\":{\"@type\":\"EntryPoint\",\"urlTemplate\":\"https:\\\/\\\/www.cuballama.com\\\/noticias\\\/?s={search_term_string}\"},\"query-input\":{\"@type\":\"PropertyValueSpecification\",\"valueRequired\":true,\"valueName\":\"search_term_string\"}}],\"inLanguage\":\"es\"},{\"@type\":\"Organization\",\"@id\":\"https:\\\/\\\/www.cuballama.com\\\/noticias\\\/#organization\",\"name\":\"Cuballama\",\"url\":\"https:\\\/\\\/www.cuballama.com\\\/noticias\\\/\",\"logo\":{\"@type\":\"ImageObject\",\"inLanguage\":\"es\",\"@id\":\"https:\\\/\\\/www.cuballama.com\\\/noticias\\\/#\\\/schema\\\/logo\\\/image\\\/\",\"url\":\"https:\\\/\\\/cdn1.mediawpaccore.net\\\/wp-content\\\/uploads\\\/2021\\\/12\\\/28171206\\\/cbll-logo-color-sm.png\",\"contentUrl\":\"https:\\\/\\\/cdn1.mediawpaccore.net\\\/wp-content\\\/uploads\\\/2021\\\/12\\\/28171206\\\/cbll-logo-color-sm.png\",\"width\":600,\"height\":133,\"caption\":\"Cuballama\"},\"image\":{\"@id\":\"https:\\\/\\\/www.cuballama.com\\\/noticias\\\/#\\\/schema\\\/logo\\\/image\\\/\"},\"sameAs\":[\"https:\\\/\\\/www.facebook.com\\\/CubaLlama\",\"https:\\\/\\\/x.com\\\/cuballama\",\"https:\\\/\\\/www.instagram.com\\\/stories\\\/cuballama_oficial\\\/\",\"https:\\\/\\\/www.youtube.com\\\/channel\\\/UCKkFE-d_axENGZcrc4as0IA\"]},{\"@type\":\"Person\",\"@id\":\"https:\\\/\\\/www.cuballama.com\\\/noticias\\\/#\\\/schema\\\/person\\\/a58502ed4146c8e9f83872e897c76cd2\",\"name\":\"Roberto A.\",\"description\":\"Roberto A. Periodista por decisi\u00f3n propia. Interesado en cualquier tema que me apasione y cada vez m\u00e1s comprometido con la verdad y la objetividad period\u00edstica. Graduado en La Habana hace ya muchos a\u00f1os, luego de una accidentada y polvorienta b\u00fasqueda de informaci\u00f3n sobre un tema in\u00e9dito. La Tesis, por cierto, desapareci\u00f3 de la biblioteca y no se conservan copias de la misma.\",\"url\":\"https:\\\/\\\/www.cuballama.com\\\/noticias\\\/author\\\/roberto\\\/\"}]}<\/script>\n<!-- \/ Yoast SEO plugin. -->","yoast_head_json":{"title":"Muere en Camag\u00fcey el cirujano Manuel Fontes Maestre, recordado por colegas y pacientes como \u201cun gigante de la medicina\u201d - Cuballama Noticias","description":"Fallece en Camag\u00fcey el cirujano Manuel Fontes Maestre. Colegas, alumnos y pacientes lo recuerdan como gran m\u00e9dico.","robots":{"index":"index","follow":"follow","max-snippet":"max-snippet:-1","max-image-preview":"max-image-preview:large","max-video-preview":"max-video-preview:-1"},"canonical":"https:\/\/www.cuballama.com\/noticias\/muere-en-camaguey-el-cirujano-manuel-fontes-maestre-recordado-por-colegas-y-pacientes-como-un-gigante-de-la-medicina\/","og_locale":"es_ES","og_type":"article","og_title":"Muere en Camag\u00fcey el cirujano Manuel Fontes Maestre, recordado por colegas y pacientes como \u201cun gigante de la medicina\u201d - Cuballama Noticias","og_description":"Fallece en Camag\u00fcey el cirujano Manuel Fontes Maestre. Colegas, alumnos y pacientes lo recuerdan como gran m\u00e9dico.","og_url":"https:\/\/www.cuballama.com\/noticias\/muere-en-camaguey-el-cirujano-manuel-fontes-maestre-recordado-por-colegas-y-pacientes-como-un-gigante-de-la-medicina\/","og_site_name":"Cuballama Noticias","article_publisher":"https:\/\/www.facebook.com\/CubaLlama","article_published_time":"2026-03-11T06:11:30+00:00","article_modified_time":"2026-03-11T06:11:34+00:00","og_image":[{"width":1389,"height":721,"url":"https:\/\/cdn1.mediawpaccore.net\/wp-content\/uploads\/2026\/03\/09091638\/image-39.png","type":"image\/png"}],"author":"Roberto A.","twitter_card":"summary_large_image","twitter_creator":"@cuballama","twitter_site":"@cuballama","twitter_misc":{"Escrito por":"Roberto A.","Tiempo de lectura":"3 minutos"},"schema":{"@context":"https:\/\/schema.org","@graph":[{"@type":"Article","@id":"https:\/\/www.cuballama.com\/noticias\/muere-en-camaguey-el-cirujano-manuel-fontes-maestre-recordado-por-colegas-y-pacientes-como-un-gigante-de-la-medicina\/#article","isPartOf":{"@id":"https:\/\/www.cuballama.com\/noticias\/muere-en-camaguey-el-cirujano-manuel-fontes-maestre-recordado-por-colegas-y-pacientes-como-un-gigante-de-la-medicina\/"},"author":{"name":"Roberto A.","@id":"https:\/\/www.cuballama.com\/noticias\/#\/schema\/person\/a58502ed4146c8e9f83872e897c76cd2"},"headline":"Muere en Camag\u00fcey el cirujano Manuel Fontes Maestre, recordado por colegas y pacientes como \u201cun gigante de la medicina\u201d","datePublished":"2026-03-11T06:11:30+00:00","dateModified":"2026-03-11T06:11:34+00:00","mainEntityOfPage":{"@id":"https:\/\/www.cuballama.com\/noticias\/muere-en-camaguey-el-cirujano-manuel-fontes-maestre-recordado-por-colegas-y-pacientes-como-un-gigante-de-la-medicina\/"},"wordCount":551,"commentCount":0,"publisher":{"@id":"https:\/\/www.cuballama.com\/noticias\/#organization"},"image":{"@id":"https:\/\/www.cuballama.com\/noticias\/muere-en-camaguey-el-cirujano-manuel-fontes-maestre-recordado-por-colegas-y-pacientes-como-un-gigante-de-la-medicina\/#primaryimage"},"thumbnailUrl":"https:\/\/cdn1.mediawpaccore.net\/wp-content\/uploads\/2026\/03\/09091638\/image-39.png","keywords":["Camag\u00fcey","cirujanos en Cuba","comunidad m\u00e9dica Camag\u00fcey","Manuel Fontes Maestre","M\u00e9dicos Cubanos","profesores de medicina Cuba","sistema de salud cubano"],"articleSection":["Noticias","Noticias de Cuba","Salud"],"inLanguage":"es","potentialAction":[{"@type":"CommentAction","name":"Comment","target":["https:\/\/www.cuballama.com\/noticias\/muere-en-camaguey-el-cirujano-manuel-fontes-maestre-recordado-por-colegas-y-pacientes-como-un-gigante-de-la-medicina\/#respond"]}]},{"@type":"WebPage","@id":"https:\/\/www.cuballama.com\/noticias\/muere-en-camaguey-el-cirujano-manuel-fontes-maestre-recordado-por-colegas-y-pacientes-como-un-gigante-de-la-medicina\/","url":"https:\/\/www.cuballama.com\/noticias\/muere-en-camaguey-el-cirujano-manuel-fontes-maestre-recordado-por-colegas-y-pacientes-como-un-gigante-de-la-medicina\/","name":"Muere en Camag\u00fcey el cirujano Manuel Fontes Maestre, recordado por colegas y pacientes como \u201cun gigante de la medicina\u201d - Cuballama Noticias","isPartOf":{"@id":"https:\/\/www.cuballama.com\/noticias\/#website"},"primaryImageOfPage":{"@id":"https:\/\/www.cuballama.com\/noticias\/muere-en-camaguey-el-cirujano-manuel-fontes-maestre-recordado-por-colegas-y-pacientes-como-un-gigante-de-la-medicina\/#primaryimage"},"image":{"@id":"https:\/\/www.cuballama.com\/noticias\/muere-en-camaguey-el-cirujano-manuel-fontes-maestre-recordado-por-colegas-y-pacientes-como-un-gigante-de-la-medicina\/#primaryimage"},"thumbnailUrl":"https:\/\/cdn1.mediawpaccore.net\/wp-content\/uploads\/2026\/03\/09091638\/image-39.png","datePublished":"2026-03-11T06:11:30+00:00","dateModified":"2026-03-11T06:11:34+00:00","description":"Fallece en Camag\u00fcey el cirujano Manuel Fontes Maestre. Colegas, alumnos y pacientes lo recuerdan como gran m\u00e9dico.","breadcrumb":{"@id":"https:\/\/www.cuballama.com\/noticias\/muere-en-camaguey-el-cirujano-manuel-fontes-maestre-recordado-por-colegas-y-pacientes-como-un-gigante-de-la-medicina\/#breadcrumb"},"inLanguage":"es","potentialAction":[{"@type":"ReadAction","target":["https:\/\/www.cuballama.com\/noticias\/muere-en-camaguey-el-cirujano-manuel-fontes-maestre-recordado-por-colegas-y-pacientes-como-un-gigante-de-la-medicina\/"]}]},{"@type":"ImageObject","inLanguage":"es","@id":"https:\/\/www.cuballama.com\/noticias\/muere-en-camaguey-el-cirujano-manuel-fontes-maestre-recordado-por-colegas-y-pacientes-como-un-gigante-de-la-medicina\/#primaryimage","url":"https:\/\/cdn1.mediawpaccore.net\/wp-content\/uploads\/2026\/03\/09091638\/image-39.png","contentUrl":"https:\/\/cdn1.mediawpaccore.net\/wp-content\/uploads\/2026\/03\/09091638\/image-39.png","width":1389,"height":721,"caption":"Para muchos de sus colegas y estudiantes, la muerte de Manuel Fontes Maestre representa la p\u00e9rdida de un m\u00e9dico que dedic\u00f3 su vida a la cirug\u00eda y a la formaci\u00f3n de nuevos profesionales de la salud. Foto via Redes Sociales"},{"@type":"BreadcrumbList","@id":"https:\/\/www.cuballama.com\/noticias\/muere-en-camaguey-el-cirujano-manuel-fontes-maestre-recordado-por-colegas-y-pacientes-como-un-gigante-de-la-medicina\/#breadcrumb","itemListElement":[{"@type":"ListItem","position":1,"name":"Home","item":"https:\/\/www.cuballama.com\/noticias\/"},{"@type":"ListItem","position":2,"name":"Muere en Camag\u00fcey el cirujano Manuel Fontes Maestre, recordado por colegas y pacientes como \u201cun gigante de la medicina\u201d"}]},{"@type":"WebSite","@id":"https:\/\/www.cuballama.com\/noticias\/#website","url":"https:\/\/www.cuballama.com\/noticias\/","name":"Cuballama Noticias","description":"Medio digital sobre Cuba y el mundo","publisher":{"@id":"https:\/\/www.cuballama.com\/noticias\/#organization"},"potentialAction":[{"@type":"SearchAction","target":{"@type":"EntryPoint","urlTemplate":"https:\/\/www.cuballama.com\/noticias\/?s={search_term_string}"},"query-input":{"@type":"PropertyValueSpecification","valueRequired":true,"valueName":"search_term_string"}}],"inLanguage":"es"},{"@type":"Organization","@id":"https:\/\/www.cuballama.com\/noticias\/#organization","name":"Cuballama","url":"https:\/\/www.cuballama.com\/noticias\/","logo":{"@type":"ImageObject","inLanguage":"es","@id":"https:\/\/www.cuballama.com\/noticias\/#\/schema\/logo\/image\/","url":"https:\/\/cdn1.mediawpaccore.net\/wp-content\/uploads\/2021\/12\/28171206\/cbll-logo-color-sm.png","contentUrl":"https:\/\/cdn1.mediawpaccore.net\/wp-content\/uploads\/2021\/12\/28171206\/cbll-logo-color-sm.png","width":600,"height":133,"caption":"Cuballama"},"image":{"@id":"https:\/\/www.cuballama.com\/noticias\/#\/schema\/logo\/image\/"},"sameAs":["https:\/\/www.facebook.com\/CubaLlama","https:\/\/x.com\/cuballama","https:\/\/www.instagram.com\/stories\/cuballama_oficial\/","https:\/\/www.youtube.com\/channel\/UCKkFE-d_axENGZcrc4as0IA"]},{"@type":"Person","@id":"https:\/\/www.cuballama.com\/noticias\/#\/schema\/person\/a58502ed4146c8e9f83872e897c76cd2","name":"Roberto A.","description":"Roberto A. Periodista por decisi\u00f3n propia. Interesado en cualquier tema que me apasione y cada vez m\u00e1s comprometido con la verdad y la objetividad period\u00edstica. Graduado en La Habana hace ya muchos a\u00f1os, luego de una accidentada y polvorienta b\u00fasqueda de informaci\u00f3n sobre un tema in\u00e9dito. La Tesis, por cierto, desapareci\u00f3 de la biblioteca y no se conservan copias de la misma.","url":"https:\/\/www.cuballama.com\/noticias\/author\/roberto\/"}]}},"_links":{"self":[{"href":"https:\/\/www.cuballama.com\/noticias\/wp-json\/wp\/v2\/posts\/237583","targetHints":{"allow":["GET"]}}],"collection":[{"href":"https:\/\/www.cuballama.com\/noticias\/wp-json\/wp\/v2\/posts"}],"about":[{"href":"https:\/\/www.cuballama.com\/noticias\/wp-json\/wp\/v2\/types\/post"}],"author":[{"embeddable":true,"href":"https:\/\/www.cuballama.com\/noticias\/wp-json\/wp\/v2\/users\/13"}],"replies":[{"embeddable":true,"href":"https:\/\/www.cuballama.com\/noticias\/wp-json\/wp\/v2\/comments?post=237583"}],"version-history":[{"count":4,"href":"https:\/\/www.cuballama.com\/noticias\/wp-json\/wp\/v2\/posts\/237583\/revisions"}],"predecessor-version":[{"id":237594,"href":"https:\/\/www.cuballama.com\/noticias\/wp-json\/wp\/v2\/posts\/237583\/revisions\/237594"}],"wp:featuredmedia":[{"embeddable":true,"href":"https:\/\/www.cuballama.com\/noticias\/wp-json\/wp\/v2\/media\/237592"}],"wp:attachment":[{"href":"https:\/\/www.cuballama.com\/noticias\/wp-json\/wp\/v2\/media?parent=237583"}],"wp:term":[{"taxonomy":"category","embeddable":true,"href":"https:\/\/www.cuballama.com\/noticias\/wp-json\/wp\/v2\/categories?post=237583"},{"taxonomy":"post_tag","embeddable":true,"href":"https:\/\/www.cuballama.com\/noticias\/wp-json\/wp\/v2\/tags?post=237583"}],"curies":[{"name":"wp","href":"https:\/\/api.w.org\/{rel}","templated":true}]}}