{"id":237568,"date":"2026-03-09T13:38:34","date_gmt":"2026-03-09T17:38:34","guid":{"rendered":"https:\/\/www.cuballama.com\/noticias\/?p=237568"},"modified":"2026-03-09T13:38:37","modified_gmt":"2026-03-09T17:38:37","slug":"el-cubano-juan-dominguez-busca-una-funda-para-su-pistola-desde-la-isla-le-responden","status":"publish","type":"post","link":"https:\/\/www.cuballama.com\/noticias\/el-cubano-juan-dominguez-busca-una-funda-para-su-pistola-desde-la-isla-le-responden\/","title":{"rendered":"El cubano Juan Dom\u00ednguez busca \u00abuna funda para su pistola\u00bb. Desde la isla le responden"},"content":{"rendered":"\n<p>Una publicaci\u00f3n realizada en Facebook por un usuario identificado como Juan Dom\u00ednguez termin\u00f3 convirti\u00e9ndose en motivo de bromas, cr\u00edticas y respuestas ir\u00f3nicas luego de que el hombre anunciara en un grupo de citas que estaba \u201cbuscando funda pa su pistola\u201d.<\/p>\n\n\n\n<p>El mensaje apareci\u00f3 en el grupo \u201cSolteros y Solteras de Cuba\u201d, donde Juan Dom\u00ednguez se presenta como \u201ccubano y americano soltero en California\u201d. El texto que acompa\u00f1a la publicaci\u00f3n es breve, pero suficiente para llamar la atenci\u00f3n: \u201cBuscando funda pa su pistola\u201d. La frase, claramente cargada de doble sentido, provoc\u00f3 una r\u00e1pida reacci\u00f3n entre los miembros del grupo. <\/p>\n\n\n\n<p>Como suele ocurrir en este tipo de espacios, la creatividad en los comentarios no tard\u00f3 en aparecer. Uno de los participantes an\u00f3nimos escribi\u00f3 con iron\u00eda: \u201cEn vez de buscar funda para tu pistola, deber\u00edas ir a My Cosmetic Surgery a ver qu\u00e9 hacen con esa cara\u201d. La respuesta gener\u00f3 decenas de reacciones entre quienes siguieron el hilo.<\/p>\n\n\n\n<figure class=\"wp-block-image size-large\"><img loading=\"lazy\" decoding=\"async\" width=\"709\" height=\"1024\" src=\"https:\/\/cdn1.mediawpaccore.net\/wp-content\/uploads\/2026\/03\/09092639\/WhatsApp-Image-2026-03-08-at-4.40.33-PM-709x1024.jpeg\" alt=\"\" class=\"wp-image-237597\" srcset=\"https:\/\/cdn1.mediawpaccore.net\/wp-content\/uploads\/2026\/03\/09092639\/WhatsApp-Image-2026-03-08-at-4.40.33-PM-709x1024.jpeg 709w, https:\/\/cdn1.mediawpaccore.net\/wp-content\/uploads\/2026\/03\/09092639\/WhatsApp-Image-2026-03-08-at-4.40.33-PM-208x300.jpeg 208w, https:\/\/cdn1.mediawpaccore.net\/wp-content\/uploads\/2026\/03\/09092639\/WhatsApp-Image-2026-03-08-at-4.40.33-PM-768x1109.jpeg 768w, https:\/\/cdn1.mediawpaccore.net\/wp-content\/uploads\/2026\/03\/09092639\/WhatsApp-Image-2026-03-08-at-4.40.33-PM-291x420.jpeg 291w, https:\/\/cdn1.mediawpaccore.net\/wp-content\/uploads\/2026\/03\/09092639\/WhatsApp-Image-2026-03-08-at-4.40.33-PM-150x217.jpeg 150w, https:\/\/cdn1.mediawpaccore.net\/wp-content\/uploads\/2026\/03\/09092639\/WhatsApp-Image-2026-03-08-at-4.40.33-PM-300x433.jpeg 300w, https:\/\/cdn1.mediawpaccore.net\/wp-content\/uploads\/2026\/03\/09092639\/WhatsApp-Image-2026-03-08-at-4.40.33-PM-696x1005.jpeg 696w, https:\/\/cdn1.mediawpaccore.net\/wp-content\/uploads\/2026\/03\/09092639\/WhatsApp-Image-2026-03-08-at-4.40.33-PM.jpeg 1048w\" sizes=\"auto, (max-width: 709px) 100vw, 709px\" \/><\/figure>\n\n\n\n<p>Otro usuario, Brian Gal\u00e1n, sigui\u00f3 la l\u00ednea humor\u00edstica y coment\u00f3 que quiz\u00e1 Dom\u00ednguez deb\u00eda visitar \u201cThe Brujeric Stetic Center\u201d, en referencia burlona a una supuesta cl\u00ednica est\u00e9tica.<\/p>\n\n\n\n<p>Pero una de las respuestas que m\u00e1s llam\u00f3 la atenci\u00f3n lleg\u00f3 desde Cuba. La usuaria Emilia Zayas Antilla intervino con un comentario directo que tambi\u00e9n arranc\u00f3 carcajadas entre los lectores: \u201cSaludos desde Cuba. \u00bfT\u00fa vas a tener pistola para esta funda?\u201d. El mensaje fue acompa\u00f1ado por una foto suya y r\u00e1pidamente acumul\u00f3 reacciones.<\/p>\n\n\n\n<figure class=\"wp-block-image size-large\"><img loading=\"lazy\" decoding=\"async\" width=\"473\" height=\"1024\" src=\"https:\/\/cdn1.mediawpaccore.net\/wp-content\/uploads\/2026\/03\/09092706\/WhatsApp-Image-2026-03-08-at-4.40.34-PM-473x1024.jpeg\" alt=\"\" class=\"wp-image-237598\" srcset=\"https:\/\/cdn1.mediawpaccore.net\/wp-content\/uploads\/2026\/03\/09092706\/WhatsApp-Image-2026-03-08-at-4.40.34-PM-473x1024.jpeg 473w, https:\/\/cdn1.mediawpaccore.net\/wp-content\/uploads\/2026\/03\/09092706\/WhatsApp-Image-2026-03-08-at-4.40.34-PM-138x300.jpeg 138w, https:\/\/cdn1.mediawpaccore.net\/wp-content\/uploads\/2026\/03\/09092706\/WhatsApp-Image-2026-03-08-at-4.40.34-PM-768x1664.jpeg 768w, https:\/\/cdn1.mediawpaccore.net\/wp-content\/uploads\/2026\/03\/09092706\/WhatsApp-Image-2026-03-08-at-4.40.34-PM-709x1536.jpeg 709w, https:\/\/cdn1.mediawpaccore.net\/wp-content\/uploads\/2026\/03\/09092706\/WhatsApp-Image-2026-03-08-at-4.40.34-PM-194x420.jpeg 194w, https:\/\/cdn1.mediawpaccore.net\/wp-content\/uploads\/2026\/03\/09092706\/WhatsApp-Image-2026-03-08-at-4.40.34-PM-150x325.jpeg 150w, https:\/\/cdn1.mediawpaccore.net\/wp-content\/uploads\/2026\/03\/09092706\/WhatsApp-Image-2026-03-08-at-4.40.34-PM-300x650.jpeg 300w, https:\/\/cdn1.mediawpaccore.net\/wp-content\/uploads\/2026\/03\/09092706\/WhatsApp-Image-2026-03-08-at-4.40.34-PM-696x1508.jpeg 696w, https:\/\/cdn1.mediawpaccore.net\/wp-content\/uploads\/2026\/03\/09092706\/WhatsApp-Image-2026-03-08-at-4.40.34-PM.jpeg 945w\" sizes=\"auto, (max-width: 473px) 100vw, 473px\" \/><\/figure>\n\n\n\n<p>La escena resume bien el tono que termin\u00f3 adoptando la conversaci\u00f3n: una mezcla de sarcasmo, humor caribe\u00f1o y esa capacidad de los cubanos para responder con picard\u00eda a frases que, desde el inicio, estaban dise\u00f1adas para provocar.<\/p>\n\n\n\n<p>Sin embargo, m\u00e1s all\u00e1 del chiste f\u00e1cil, tambi\u00e9n hay un punto serio en este tipo de publicaciones. Expresiones como \u201cbuscar funda para la pistola\u201d forman parte de un lenguaje machista que reduce las relaciones a una met\u00e1fora sexual simplista, donde el hombre aparece como protagonista activo y la mujer como simple recept\u00e1culo.<\/p>\n\n\n\n<p>Ese tipo de discurso, que durante a\u00f1os fue com\u00fan en determinados espacios sociales, hoy suele ser cuestionado incluso dentro de las propias comunidades donde se produce. No pocos usuarios se\u00f1alan que frases as\u00ed no solo resultan fuera de lugar, sino que adem\u00e1s terminan teniendo el efecto contrario al que buscan.<\/p>\n\n\n\n<p>Porque la realidad digital suele ser implacable: cuando alguien sale a las redes con ese tipo de anuncio grandilocuente, lo m\u00e1s probable no es que aparezca una \u201cfunda\u201d, sino que el ca\u00f1\u00f3n de la supuesta pistola termine oxid\u00e1ndose mientras pasan los comentarios, las burlas y los memes.<\/p>\n\n\n\n<p>En este caso, lo que Dom\u00ednguez probablemente no esperaba era que su b\u00fasqueda terminara convertida en un peque\u00f1o espect\u00e1culo de humor colectivo, con respuestas que cruzaron el estrecho de Florida y recordaron que, cuando se trata de sarcasmo, siempre habr\u00e1 alguien dispuesto a disparar primero.<br><\/p>\n","protected":false},"excerpt":{"rendered":"<p>Una publicaci\u00f3n de un cubano en California buscando \u201cfunda para su pistola\u201d provoc\u00f3 bromas y respuestas desde Cuba.<\/p>\n","protected":false},"author":13,"featured_media":237599,"comment_status":"open","ping_status":"closed","sticky":false,"template":"","format":"standard","meta":{"_acf_changed":false,"footnotes":""},"categories":[11028,965],"tags":[27979,30974,4281,30872,19427,729],"class_list":{"0":"post-237568","1":"post","2":"type-post","3":"status-publish","4":"format-standard","5":"has-post-thumbnail","7":"category-sociedad","8":"category-viral","9":"tag-comentarios-virales","10":"tag-cubanos-en-facebook","11":"tag-humor-cubano","12":"tag-juan-dominguez","13":"tag-polemica-en-redes","14":"tag-redes-sociales"},"acf":[],"yoast_head":"<!-- This site is optimized with the Yoast SEO plugin v27.4 - https:\/\/yoast.com\/product\/yoast-seo-wordpress\/ -->\n<title>El cubano Juan Dom\u00ednguez busca &quot;una funda para su pistola&quot;. Desde la isla le responden - Cuballama Noticias<\/title>\n<meta name=\"description\" content=\"Cubano en California busca \u201cfunda para su pistola\u201d en Facebook y recibe respuestas ir\u00f3nicas desde Cuba que se vuelven virales.\" \/>\n<meta name=\"robots\" content=\"index, follow, max-snippet:-1, max-image-preview:large, max-video-preview:-1\" \/>\n<link rel=\"canonical\" href=\"https:\/\/www.cuballama.com\/noticias\/el-cubano-juan-dominguez-busca-una-funda-para-su-pistola-desde-la-isla-le-responden\/\" \/>\n<meta property=\"og:locale\" content=\"es_ES\" \/>\n<meta property=\"og:type\" content=\"article\" \/>\n<meta property=\"og:title\" content=\"El cubano Juan Dom\u00ednguez busca &quot;una funda para su pistola&quot;. Desde la isla le responden - Cuballama Noticias\" \/>\n<meta property=\"og:description\" content=\"Cubano en California busca \u201cfunda para su pistola\u201d en Facebook y recibe respuestas ir\u00f3nicas desde Cuba que se vuelven virales.\" \/>\n<meta property=\"og:url\" content=\"https:\/\/www.cuballama.com\/noticias\/el-cubano-juan-dominguez-busca-una-funda-para-su-pistola-desde-la-isla-le-responden\/\" \/>\n<meta property=\"og:site_name\" content=\"Cuballama Noticias\" \/>\n<meta property=\"article:publisher\" content=\"https:\/\/www.facebook.com\/CubaLlama\" \/>\n<meta property=\"article:published_time\" content=\"2026-03-09T17:38:34+00:00\" \/>\n<meta property=\"article:modified_time\" content=\"2026-03-09T17:38:37+00:00\" \/>\n<meta property=\"og:image\" content=\"https:\/\/cdn1.mediawpaccore.net\/wp-content\/uploads\/2026\/03\/09092811\/image-40.png\" \/>\n\t<meta property=\"og:image:width\" content=\"1970\" \/>\n\t<meta property=\"og:image:height\" content=\"1036\" \/>\n\t<meta property=\"og:image:type\" content=\"image\/png\" \/>\n<meta name=\"author\" content=\"Roberto A.\" \/>\n<meta name=\"twitter:card\" content=\"summary_large_image\" \/>\n<meta name=\"twitter:creator\" content=\"@cuballama\" \/>\n<meta name=\"twitter:site\" content=\"@cuballama\" \/>\n<meta name=\"twitter:label1\" content=\"Escrito por\" \/>\n\t<meta name=\"twitter:data1\" content=\"Roberto A.\" \/>\n\t<meta name=\"twitter:label2\" content=\"Tiempo de lectura\" \/>\n\t<meta name=\"twitter:data2\" content=\"3 minutos\" \/>\n<script type=\"application\/ld+json\" class=\"yoast-schema-graph\">{\"@context\":\"https:\\\/\\\/schema.org\",\"@graph\":[{\"@type\":\"Article\",\"@id\":\"https:\\\/\\\/www.cuballama.com\\\/noticias\\\/el-cubano-juan-dominguez-busca-una-funda-para-su-pistola-desde-la-isla-le-responden\\\/#article\",\"isPartOf\":{\"@id\":\"https:\\\/\\\/www.cuballama.com\\\/noticias\\\/el-cubano-juan-dominguez-busca-una-funda-para-su-pistola-desde-la-isla-le-responden\\\/\"},\"author\":{\"name\":\"Roberto A.\",\"@id\":\"https:\\\/\\\/www.cuballama.com\\\/noticias\\\/#\\\/schema\\\/person\\\/a58502ed4146c8e9f83872e897c76cd2\"},\"headline\":\"El cubano Juan Dom\u00ednguez busca \u00abuna funda para su pistola\u00bb. Desde la isla le responden\",\"datePublished\":\"2026-03-09T17:38:34+00:00\",\"dateModified\":\"2026-03-09T17:38:37+00:00\",\"mainEntityOfPage\":{\"@id\":\"https:\\\/\\\/www.cuballama.com\\\/noticias\\\/el-cubano-juan-dominguez-busca-una-funda-para-su-pistola-desde-la-isla-le-responden\\\/\"},\"wordCount\":528,\"commentCount\":0,\"publisher\":{\"@id\":\"https:\\\/\\\/www.cuballama.com\\\/noticias\\\/#organization\"},\"image\":{\"@id\":\"https:\\\/\\\/www.cuballama.com\\\/noticias\\\/el-cubano-juan-dominguez-busca-una-funda-para-su-pistola-desde-la-isla-le-responden\\\/#primaryimage\"},\"thumbnailUrl\":\"https:\\\/\\\/cdn1.mediawpaccore.net\\\/wp-content\\\/uploads\\\/2026\\\/03\\\/09092811\\\/image-40.png\",\"keywords\":[\"comentarios virales\",\"cubanos en Facebook\",\"humor cubano\",\"Juan Dom\u00ednguez\",\"pol\u00e9mica en redes\",\"redes Sociales\"],\"articleSection\":[\"Sociedad\",\"Viral\"],\"inLanguage\":\"es\",\"potentialAction\":[{\"@type\":\"CommentAction\",\"name\":\"Comment\",\"target\":[\"https:\\\/\\\/www.cuballama.com\\\/noticias\\\/el-cubano-juan-dominguez-busca-una-funda-para-su-pistola-desde-la-isla-le-responden\\\/#respond\"]}]},{\"@type\":\"WebPage\",\"@id\":\"https:\\\/\\\/www.cuballama.com\\\/noticias\\\/el-cubano-juan-dominguez-busca-una-funda-para-su-pistola-desde-la-isla-le-responden\\\/\",\"url\":\"https:\\\/\\\/www.cuballama.com\\\/noticias\\\/el-cubano-juan-dominguez-busca-una-funda-para-su-pistola-desde-la-isla-le-responden\\\/\",\"name\":\"El cubano Juan Dom\u00ednguez busca \\\"una funda para su pistola\\\". Desde la isla le responden - Cuballama Noticias\",\"isPartOf\":{\"@id\":\"https:\\\/\\\/www.cuballama.com\\\/noticias\\\/#website\"},\"primaryImageOfPage\":{\"@id\":\"https:\\\/\\\/www.cuballama.com\\\/noticias\\\/el-cubano-juan-dominguez-busca-una-funda-para-su-pistola-desde-la-isla-le-responden\\\/#primaryimage\"},\"image\":{\"@id\":\"https:\\\/\\\/www.cuballama.com\\\/noticias\\\/el-cubano-juan-dominguez-busca-una-funda-para-su-pistola-desde-la-isla-le-responden\\\/#primaryimage\"},\"thumbnailUrl\":\"https:\\\/\\\/cdn1.mediawpaccore.net\\\/wp-content\\\/uploads\\\/2026\\\/03\\\/09092811\\\/image-40.png\",\"datePublished\":\"2026-03-09T17:38:34+00:00\",\"dateModified\":\"2026-03-09T17:38:37+00:00\",\"description\":\"Cubano en California busca \u201cfunda para su pistola\u201d en Facebook y recibe respuestas ir\u00f3nicas desde Cuba que se vuelven virales.\",\"breadcrumb\":{\"@id\":\"https:\\\/\\\/www.cuballama.com\\\/noticias\\\/el-cubano-juan-dominguez-busca-una-funda-para-su-pistola-desde-la-isla-le-responden\\\/#breadcrumb\"},\"inLanguage\":\"es\",\"potentialAction\":[{\"@type\":\"ReadAction\",\"target\":[\"https:\\\/\\\/www.cuballama.com\\\/noticias\\\/el-cubano-juan-dominguez-busca-una-funda-para-su-pistola-desde-la-isla-le-responden\\\/\"]}]},{\"@type\":\"ImageObject\",\"inLanguage\":\"es\",\"@id\":\"https:\\\/\\\/www.cuballama.com\\\/noticias\\\/el-cubano-juan-dominguez-busca-una-funda-para-su-pistola-desde-la-isla-le-responden\\\/#primaryimage\",\"url\":\"https:\\\/\\\/cdn1.mediawpaccore.net\\\/wp-content\\\/uploads\\\/2026\\\/03\\\/09092811\\\/image-40.png\",\"contentUrl\":\"https:\\\/\\\/cdn1.mediawpaccore.net\\\/wp-content\\\/uploads\\\/2026\\\/03\\\/09092811\\\/image-40.png\",\"width\":1970,\"height\":1036,\"caption\":\"Foto: V\u00eda grupo de Facebook \u201cSolteros y Solteras de Cuba\u201d\"},{\"@type\":\"BreadcrumbList\",\"@id\":\"https:\\\/\\\/www.cuballama.com\\\/noticias\\\/el-cubano-juan-dominguez-busca-una-funda-para-su-pistola-desde-la-isla-le-responden\\\/#breadcrumb\",\"itemListElement\":[{\"@type\":\"ListItem\",\"position\":1,\"name\":\"Home\",\"item\":\"https:\\\/\\\/www.cuballama.com\\\/noticias\\\/\"},{\"@type\":\"ListItem\",\"position\":2,\"name\":\"El cubano Juan Dom\u00ednguez busca \u00abuna funda para su pistola\u00bb. Desde la isla le responden\"}]},{\"@type\":\"WebSite\",\"@id\":\"https:\\\/\\\/www.cuballama.com\\\/noticias\\\/#website\",\"url\":\"https:\\\/\\\/www.cuballama.com\\\/noticias\\\/\",\"name\":\"Cuballama Noticias\",\"description\":\"Medio digital sobre Cuba y el mundo\",\"publisher\":{\"@id\":\"https:\\\/\\\/www.cuballama.com\\\/noticias\\\/#organization\"},\"potentialAction\":[{\"@type\":\"SearchAction\",\"target\":{\"@type\":\"EntryPoint\",\"urlTemplate\":\"https:\\\/\\\/www.cuballama.com\\\/noticias\\\/?s={search_term_string}\"},\"query-input\":{\"@type\":\"PropertyValueSpecification\",\"valueRequired\":true,\"valueName\":\"search_term_string\"}}],\"inLanguage\":\"es\"},{\"@type\":\"Organization\",\"@id\":\"https:\\\/\\\/www.cuballama.com\\\/noticias\\\/#organization\",\"name\":\"Cuballama\",\"url\":\"https:\\\/\\\/www.cuballama.com\\\/noticias\\\/\",\"logo\":{\"@type\":\"ImageObject\",\"inLanguage\":\"es\",\"@id\":\"https:\\\/\\\/www.cuballama.com\\\/noticias\\\/#\\\/schema\\\/logo\\\/image\\\/\",\"url\":\"https:\\\/\\\/cdn1.mediawpaccore.net\\\/wp-content\\\/uploads\\\/2021\\\/12\\\/28171206\\\/cbll-logo-color-sm.png\",\"contentUrl\":\"https:\\\/\\\/cdn1.mediawpaccore.net\\\/wp-content\\\/uploads\\\/2021\\\/12\\\/28171206\\\/cbll-logo-color-sm.png\",\"width\":600,\"height\":133,\"caption\":\"Cuballama\"},\"image\":{\"@id\":\"https:\\\/\\\/www.cuballama.com\\\/noticias\\\/#\\\/schema\\\/logo\\\/image\\\/\"},\"sameAs\":[\"https:\\\/\\\/www.facebook.com\\\/CubaLlama\",\"https:\\\/\\\/x.com\\\/cuballama\",\"https:\\\/\\\/www.instagram.com\\\/stories\\\/cuballama_oficial\\\/\",\"https:\\\/\\\/www.youtube.com\\\/channel\\\/UCKkFE-d_axENGZcrc4as0IA\"]},{\"@type\":\"Person\",\"@id\":\"https:\\\/\\\/www.cuballama.com\\\/noticias\\\/#\\\/schema\\\/person\\\/a58502ed4146c8e9f83872e897c76cd2\",\"name\":\"Roberto A.\",\"description\":\"Roberto A. Periodista por decisi\u00f3n propia. Interesado en cualquier tema que me apasione y cada vez m\u00e1s comprometido con la verdad y la objetividad period\u00edstica. Graduado en La Habana hace ya muchos a\u00f1os, luego de una accidentada y polvorienta b\u00fasqueda de informaci\u00f3n sobre un tema in\u00e9dito. La Tesis, por cierto, desapareci\u00f3 de la biblioteca y no se conservan copias de la misma.\",\"url\":\"https:\\\/\\\/www.cuballama.com\\\/noticias\\\/author\\\/roberto\\\/\"}]}<\/script>\n<!-- \/ Yoast SEO plugin. -->","yoast_head_json":{"title":"El cubano Juan Dom\u00ednguez busca \"una funda para su pistola\". Desde la isla le responden - Cuballama Noticias","description":"Cubano en California busca \u201cfunda para su pistola\u201d en Facebook y recibe respuestas ir\u00f3nicas desde Cuba que se vuelven virales.","robots":{"index":"index","follow":"follow","max-snippet":"max-snippet:-1","max-image-preview":"max-image-preview:large","max-video-preview":"max-video-preview:-1"},"canonical":"https:\/\/www.cuballama.com\/noticias\/el-cubano-juan-dominguez-busca-una-funda-para-su-pistola-desde-la-isla-le-responden\/","og_locale":"es_ES","og_type":"article","og_title":"El cubano Juan Dom\u00ednguez busca \"una funda para su pistola\". Desde la isla le responden - Cuballama Noticias","og_description":"Cubano en California busca \u201cfunda para su pistola\u201d en Facebook y recibe respuestas ir\u00f3nicas desde Cuba que se vuelven virales.","og_url":"https:\/\/www.cuballama.com\/noticias\/el-cubano-juan-dominguez-busca-una-funda-para-su-pistola-desde-la-isla-le-responden\/","og_site_name":"Cuballama Noticias","article_publisher":"https:\/\/www.facebook.com\/CubaLlama","article_published_time":"2026-03-09T17:38:34+00:00","article_modified_time":"2026-03-09T17:38:37+00:00","og_image":[{"width":1970,"height":1036,"url":"https:\/\/cdn1.mediawpaccore.net\/wp-content\/uploads\/2026\/03\/09092811\/image-40.png","type":"image\/png"}],"author":"Roberto A.","twitter_card":"summary_large_image","twitter_creator":"@cuballama","twitter_site":"@cuballama","twitter_misc":{"Escrito por":"Roberto A.","Tiempo de lectura":"3 minutos"},"schema":{"@context":"https:\/\/schema.org","@graph":[{"@type":"Article","@id":"https:\/\/www.cuballama.com\/noticias\/el-cubano-juan-dominguez-busca-una-funda-para-su-pistola-desde-la-isla-le-responden\/#article","isPartOf":{"@id":"https:\/\/www.cuballama.com\/noticias\/el-cubano-juan-dominguez-busca-una-funda-para-su-pistola-desde-la-isla-le-responden\/"},"author":{"name":"Roberto A.","@id":"https:\/\/www.cuballama.com\/noticias\/#\/schema\/person\/a58502ed4146c8e9f83872e897c76cd2"},"headline":"El cubano Juan Dom\u00ednguez busca \u00abuna funda para su pistola\u00bb. Desde la isla le responden","datePublished":"2026-03-09T17:38:34+00:00","dateModified":"2026-03-09T17:38:37+00:00","mainEntityOfPage":{"@id":"https:\/\/www.cuballama.com\/noticias\/el-cubano-juan-dominguez-busca-una-funda-para-su-pistola-desde-la-isla-le-responden\/"},"wordCount":528,"commentCount":0,"publisher":{"@id":"https:\/\/www.cuballama.com\/noticias\/#organization"},"image":{"@id":"https:\/\/www.cuballama.com\/noticias\/el-cubano-juan-dominguez-busca-una-funda-para-su-pistola-desde-la-isla-le-responden\/#primaryimage"},"thumbnailUrl":"https:\/\/cdn1.mediawpaccore.net\/wp-content\/uploads\/2026\/03\/09092811\/image-40.png","keywords":["comentarios virales","cubanos en Facebook","humor cubano","Juan Dom\u00ednguez","pol\u00e9mica en redes","redes Sociales"],"articleSection":["Sociedad","Viral"],"inLanguage":"es","potentialAction":[{"@type":"CommentAction","name":"Comment","target":["https:\/\/www.cuballama.com\/noticias\/el-cubano-juan-dominguez-busca-una-funda-para-su-pistola-desde-la-isla-le-responden\/#respond"]}]},{"@type":"WebPage","@id":"https:\/\/www.cuballama.com\/noticias\/el-cubano-juan-dominguez-busca-una-funda-para-su-pistola-desde-la-isla-le-responden\/","url":"https:\/\/www.cuballama.com\/noticias\/el-cubano-juan-dominguez-busca-una-funda-para-su-pistola-desde-la-isla-le-responden\/","name":"El cubano Juan Dom\u00ednguez busca \"una funda para su pistola\". Desde la isla le responden - Cuballama Noticias","isPartOf":{"@id":"https:\/\/www.cuballama.com\/noticias\/#website"},"primaryImageOfPage":{"@id":"https:\/\/www.cuballama.com\/noticias\/el-cubano-juan-dominguez-busca-una-funda-para-su-pistola-desde-la-isla-le-responden\/#primaryimage"},"image":{"@id":"https:\/\/www.cuballama.com\/noticias\/el-cubano-juan-dominguez-busca-una-funda-para-su-pistola-desde-la-isla-le-responden\/#primaryimage"},"thumbnailUrl":"https:\/\/cdn1.mediawpaccore.net\/wp-content\/uploads\/2026\/03\/09092811\/image-40.png","datePublished":"2026-03-09T17:38:34+00:00","dateModified":"2026-03-09T17:38:37+00:00","description":"Cubano en California busca \u201cfunda para su pistola\u201d en Facebook y recibe respuestas ir\u00f3nicas desde Cuba que se vuelven virales.","breadcrumb":{"@id":"https:\/\/www.cuballama.com\/noticias\/el-cubano-juan-dominguez-busca-una-funda-para-su-pistola-desde-la-isla-le-responden\/#breadcrumb"},"inLanguage":"es","potentialAction":[{"@type":"ReadAction","target":["https:\/\/www.cuballama.com\/noticias\/el-cubano-juan-dominguez-busca-una-funda-para-su-pistola-desde-la-isla-le-responden\/"]}]},{"@type":"ImageObject","inLanguage":"es","@id":"https:\/\/www.cuballama.com\/noticias\/el-cubano-juan-dominguez-busca-una-funda-para-su-pistola-desde-la-isla-le-responden\/#primaryimage","url":"https:\/\/cdn1.mediawpaccore.net\/wp-content\/uploads\/2026\/03\/09092811\/image-40.png","contentUrl":"https:\/\/cdn1.mediawpaccore.net\/wp-content\/uploads\/2026\/03\/09092811\/image-40.png","width":1970,"height":1036,"caption":"Foto: V\u00eda grupo de Facebook \u201cSolteros y Solteras de Cuba\u201d"},{"@type":"BreadcrumbList","@id":"https:\/\/www.cuballama.com\/noticias\/el-cubano-juan-dominguez-busca-una-funda-para-su-pistola-desde-la-isla-le-responden\/#breadcrumb","itemListElement":[{"@type":"ListItem","position":1,"name":"Home","item":"https:\/\/www.cuballama.com\/noticias\/"},{"@type":"ListItem","position":2,"name":"El cubano Juan Dom\u00ednguez busca \u00abuna funda para su pistola\u00bb. Desde la isla le responden"}]},{"@type":"WebSite","@id":"https:\/\/www.cuballama.com\/noticias\/#website","url":"https:\/\/www.cuballama.com\/noticias\/","name":"Cuballama Noticias","description":"Medio digital sobre Cuba y el mundo","publisher":{"@id":"https:\/\/www.cuballama.com\/noticias\/#organization"},"potentialAction":[{"@type":"SearchAction","target":{"@type":"EntryPoint","urlTemplate":"https:\/\/www.cuballama.com\/noticias\/?s={search_term_string}"},"query-input":{"@type":"PropertyValueSpecification","valueRequired":true,"valueName":"search_term_string"}}],"inLanguage":"es"},{"@type":"Organization","@id":"https:\/\/www.cuballama.com\/noticias\/#organization","name":"Cuballama","url":"https:\/\/www.cuballama.com\/noticias\/","logo":{"@type":"ImageObject","inLanguage":"es","@id":"https:\/\/www.cuballama.com\/noticias\/#\/schema\/logo\/image\/","url":"https:\/\/cdn1.mediawpaccore.net\/wp-content\/uploads\/2021\/12\/28171206\/cbll-logo-color-sm.png","contentUrl":"https:\/\/cdn1.mediawpaccore.net\/wp-content\/uploads\/2021\/12\/28171206\/cbll-logo-color-sm.png","width":600,"height":133,"caption":"Cuballama"},"image":{"@id":"https:\/\/www.cuballama.com\/noticias\/#\/schema\/logo\/image\/"},"sameAs":["https:\/\/www.facebook.com\/CubaLlama","https:\/\/x.com\/cuballama","https:\/\/www.instagram.com\/stories\/cuballama_oficial\/","https:\/\/www.youtube.com\/channel\/UCKkFE-d_axENGZcrc4as0IA"]},{"@type":"Person","@id":"https:\/\/www.cuballama.com\/noticias\/#\/schema\/person\/a58502ed4146c8e9f83872e897c76cd2","name":"Roberto A.","description":"Roberto A. Periodista por decisi\u00f3n propia. Interesado en cualquier tema que me apasione y cada vez m\u00e1s comprometido con la verdad y la objetividad period\u00edstica. Graduado en La Habana hace ya muchos a\u00f1os, luego de una accidentada y polvorienta b\u00fasqueda de informaci\u00f3n sobre un tema in\u00e9dito. La Tesis, por cierto, desapareci\u00f3 de la biblioteca y no se conservan copias de la misma.","url":"https:\/\/www.cuballama.com\/noticias\/author\/roberto\/"}]}},"_links":{"self":[{"href":"https:\/\/www.cuballama.com\/noticias\/wp-json\/wp\/v2\/posts\/237568","targetHints":{"allow":["GET"]}}],"collection":[{"href":"https:\/\/www.cuballama.com\/noticias\/wp-json\/wp\/v2\/posts"}],"about":[{"href":"https:\/\/www.cuballama.com\/noticias\/wp-json\/wp\/v2\/types\/post"}],"author":[{"embeddable":true,"href":"https:\/\/www.cuballama.com\/noticias\/wp-json\/wp\/v2\/users\/13"}],"replies":[{"embeddable":true,"href":"https:\/\/www.cuballama.com\/noticias\/wp-json\/wp\/v2\/comments?post=237568"}],"version-history":[{"count":4,"href":"https:\/\/www.cuballama.com\/noticias\/wp-json\/wp\/v2\/posts\/237568\/revisions"}],"predecessor-version":[{"id":237600,"href":"https:\/\/www.cuballama.com\/noticias\/wp-json\/wp\/v2\/posts\/237568\/revisions\/237600"}],"wp:featuredmedia":[{"embeddable":true,"href":"https:\/\/www.cuballama.com\/noticias\/wp-json\/wp\/v2\/media\/237599"}],"wp:attachment":[{"href":"https:\/\/www.cuballama.com\/noticias\/wp-json\/wp\/v2\/media?parent=237568"}],"wp:term":[{"taxonomy":"category","embeddable":true,"href":"https:\/\/www.cuballama.com\/noticias\/wp-json\/wp\/v2\/categories?post=237568"},{"taxonomy":"post_tag","embeddable":true,"href":"https:\/\/www.cuballama.com\/noticias\/wp-json\/wp\/v2\/tags?post=237568"}],"curies":[{"name":"wp","href":"https:\/\/api.w.org\/{rel}","templated":true}]}}