{"id":237562,"date":"2026-03-09T15:43:09","date_gmt":"2026-03-09T19:43:09","guid":{"rendered":"https:\/\/www.cuballama.com\/noticias\/?p=237562"},"modified":"2026-03-09T15:43:12","modified_gmt":"2026-03-09T19:43:12","slug":"conductor-embiste-a-asaltantes-en-r-dominicana-su-auto-queda-danado-pero-en-las-redes-se-movilizan-videos","status":"publish","type":"post","link":"https:\/\/www.cuballama.com\/noticias\/conductor-embiste-a-asaltantes-en-r-dominicana-su-auto-queda-danado-pero-en-las-redes-se-movilizan-videos\/","title":{"rendered":"Conductor embiste a asaltantes en R.Dominicana. Su auto queda da\u00f1ado, pero en las redes se movilizan (+ v\u00eddeos)"},"content":{"rendered":"\n<p>Videos grabados por c\u00e1maras de seguridad en Santiago de los Caballeros y viralizado el 8 de marzo de 2026 muestran el momento en que un conductor embiste con su autom\u00f3vil a dos presuntos asaltantes que hu\u00edan en motocicleta tras robar a una mujer en plena v\u00eda p\u00fablica. Las im\u00e1genes, difundidas ampliamente en redes sociales, han generado una oleada de comentarios de apoyo al conductor y llamados a ayudarlo a reparar el veh\u00edculo que result\u00f3 da\u00f1ado en el incidente.<\/p>\n\n\n\n<iframe loading=\"lazy\" src=\"https:\/\/www.facebook.com\/plugins\/video.php?height=420&#038;href=https%3A%2F%2Fwww.facebook.com%2Freel%2F1457748675745251%2F&#038;show_text=true&#038;width=560&#038;t=0\" width=\"560\" height=\"535\" style=\"border:none;overflow:hidden\" scrolling=\"no\" frameborder=\"0\" allowfullscreen=\"true\" allow=\"autoplay; clipboard-write; encrypted-media; picture-in-picture; web-share\" allowFullScreen=\"true\"><\/iframe>\n\n\n\n<p>El hecho ocurri\u00f3 en la avenida Duarte, una de las principales arterias de la ciudad. En los videos, captados por c\u00e1maras de vigilancia instaladas en la zona, se observa a dos hombres que circulan en una motocicleta segundos antes y segundos despu\u00e9s de haber asaltado a una mujer. Seg\u00fan lo que se aprecia en las im\u00e1genes y en las descripciones compartidas junto al material, los sujetos habr\u00edan arrebatado la cartera a la v\u00edctima y emprendieron la fuga.<\/p>\n\n\n\n<iframe loading=\"lazy\" src=\"https:\/\/www.facebook.com\/plugins\/video.php?height=476&#038;href=https%3A%2F%2Fwww.facebook.com%2Freel%2F4215786832064963%2F&#038;show_text=true&#038;width=267&#038;t=0\" width=\"267\" height=\"591\" style=\"border:none;overflow:hidden\" scrolling=\"no\" frameborder=\"0\" allowfullscreen=\"true\" allow=\"autoplay; clipboard-write; encrypted-media; picture-in-picture; web-share\" allowFullScreen=\"true\"><\/iframe>\n\n\n\n<p>En ese momento aparece en escena un autom\u00f3vil blanco que se aproxima a velocidad y embiste la motocicleta por el costado, proyectando a los dos ocupantes contra un poste del tendido el\u00e9ctrico situado en la acera. Tras el impacto, los sospechosos caen al pavimento mientras la motocicleta queda inutilizada en el lugar.<\/p>\n\n\n\n<iframe loading=\"lazy\" src=\"https:\/\/www.facebook.com\/plugins\/video.php?height=476&#038;href=https%3A%2F%2Fwww.facebook.com%2Freel%2F1921686925220717%2F&#038;show_text=true&#038;width=269&#038;t=0\" width=\"269\" height=\"591\" style=\"border:none;overflow:hidden\" scrolling=\"no\" frameborder=\"0\" allowfullscreen=\"true\" allow=\"autoplay; clipboard-write; encrypted-media; picture-in-picture; web-share\" allowFullScreen=\"true\"><\/iframe>\n\n\n\n<p>Las grabaciones que circulan en redes muestran dos versiones del mismo incidente desde c\u00e1maras diferentes. En una de ellas el reloj de la c\u00e1mara marca las 11:35 a.m., mientras en otra aparece la hora 15:35. Ambas coinciden en la misma fecha: 8 de marzo de 2026. Esa diferencia de horario suele ocurrir cuando los sistemas de videovigilancia no tienen configurada correctamente la hora, aunque el d\u00eda registrado coincide en ambos registros.<\/p>\n\n\n\n<iframe loading=\"lazy\" src=\"https:\/\/www.facebook.com\/plugins\/video.php?height=476&#038;href=https%3A%2F%2Fwww.facebook.com%2Freel%2F1432229714883149%2F&#038;show_text=true&#038;width=476&#038;t=0\" width=\"476\" height=\"591\" style=\"border:none;overflow:hidden\" scrolling=\"no\" frameborder=\"0\" allowfullscreen=\"true\" allow=\"autoplay; clipboard-write; encrypted-media; picture-in-picture; web-share\" allowFullScreen=\"true\"><\/iframe>\n\n\n\n<p>De acuerdo con los testimonios que acompa\u00f1an la difusi\u00f3n del video que ha comenzado a viralizarse en redes, los dos hombres lograron levantarse despu\u00e9s del impacto y escaparon a pie antes de que llegaran las autoridades. No se ha confirmado hasta el momento si posteriormente fueron detenidos. <\/p>\n\n\n\n<p>El conductor que intervino para detener la fuga tambi\u00e9n result\u00f3 afectado por el choque. El autom\u00f3vil sufri\u00f3 da\u00f1os en la parte frontal, incluyendo el radiador, lo que ha generado una ola de solidaridad entre usuarios de redes sociales que consideran que el joven actu\u00f3 con valent\u00eda al intentar impedir el robo.<\/p>\n\n\n\n<iframe loading=\"lazy\" src=\"https:\/\/www.facebook.com\/plugins\/video.php?height=316&#038;href=https%3A%2F%2Fwww.facebook.com%2Freel%2F1080741914251785%2F&#038;show_text=true&#038;width=560&#038;t=0\" width=\"560\" height=\"431\" style=\"border:none;overflow:hidden\" scrolling=\"no\" frameborder=\"0\" allowfullscreen=\"true\" allow=\"autoplay; clipboard-write; encrypted-media; picture-in-picture; web-share\" allowFullScreen=\"true\"><\/iframe>\n\n\n\n<p>Decenas de comentarios en Facebook celebran su acci\u00f3n y lo califican como \u201ch\u00e9roe\u201d o \u201cSuperman en la vida real\u201d. Otros usuarios han propuesto organizar una colecta para ayudar a reparar el veh\u00edculo. En varios mensajes incluso se ha sugerido etiquetar talleres mec\u00e1nicos y negocios relacionados con el sector automotriz para que puedan ofrecer ayuda al conductor. Otros sugieren que se lleve la moto y la venda en piezas, para ayudarse a s\u00ed mismo con la reparaci\u00f3n del veh\u00edculo. Otros dicen que si se investiga la matr\u00edcula de la moto, se sabe a quien pertenece, y que sean arrestados los delincuentes, para que de paso, paguen la reparaci\u00f3n del auto.<\/p>\n\n\n\n<p>Las im\u00e1genes han reavivado el debate sobre la delincuencia callejera en ciudades dominicanas. Algunos usuarios consideran que la reacci\u00f3n del conductor refleja el cansancio de muchos ciudadanos frente a los atracos, mientras otros advierten sobre los riesgos de enfrentar a delincuentes en medio del tr\u00e1fico urbano.<\/p>\n\n\n\n<p>Por ahora, m\u00e1s all\u00e1 de la viralidad del video, no se ha publicado un informe oficial con detalles del caso. Lo que s\u00ed est\u00e1 claro es que las im\u00e1genes captadas el 8 de marzo se han convertido en uno de los videos m\u00e1s comentados del d\u00eda en redes sociales dominicanas.<br><\/p>\n","protected":false},"excerpt":{"rendered":"<p>C\u00e1maras captaron el momento en que un conductor embiste a dos presuntos asaltantes tras un robo en la avenida Duarte de Santiago.<\/p>\n","protected":false},"author":13,"featured_media":237564,"comment_status":"open","ping_status":"closed","sticky":false,"template":"","format":"standard","meta":{"_acf_changed":false,"footnotes":""},"categories":[961,965],"tags":[30945,30944,30946,30948,4098,30947,1139],"class_list":{"0":"post-237562","1":"post","2":"type-post","3":"status-publish","4":"format-standard","5":"has-post-thumbnail","7":"category-videos","8":"category-viral","9":"tag-asalto-en-santiago","10":"tag-avenida-duarte","11":"tag-delincuencia-en-rd","12":"tag-motociclistas-asaltantes","13":"tag-republica-dominicana","14":"tag-santiago-de-los-caballeros","15":"tag-video-viral"},"acf":[],"yoast_head":"<!-- This site is optimized with the Yoast SEO plugin v27.5 - https:\/\/yoast.com\/product\/yoast-seo-wordpress\/ -->\n<title>Conductor embiste a asaltantes en R.Dominicana. Su auto queda da\u00f1ado, pero en las redes se movilizan (+ v\u00eddeos) - Cuballama Noticias<\/title>\n<meta name=\"description\" content=\"Video viral muestra a conductor embistiendo a presuntos asaltantes tras robo en Santiago el 8 de marzo de 2026. Redes piden ayudarlo.\" \/>\n<meta name=\"robots\" content=\"index, follow, max-snippet:-1, max-image-preview:large, max-video-preview:-1\" \/>\n<link rel=\"canonical\" href=\"https:\/\/www.cuballama.com\/noticias\/conductor-embiste-a-asaltantes-en-r-dominicana-su-auto-queda-danado-pero-en-las-redes-se-movilizan-videos\/\" \/>\n<meta property=\"og:locale\" content=\"es_ES\" \/>\n<meta property=\"og:type\" content=\"article\" \/>\n<meta property=\"og:title\" content=\"Conductor embiste a asaltantes en R.Dominicana. Su auto queda da\u00f1ado, pero en las redes se movilizan (+ v\u00eddeos) - Cuballama Noticias\" \/>\n<meta property=\"og:description\" content=\"Video viral muestra a conductor embistiendo a presuntos asaltantes tras robo en Santiago el 8 de marzo de 2026. Redes piden ayudarlo.\" \/>\n<meta property=\"og:url\" content=\"https:\/\/www.cuballama.com\/noticias\/conductor-embiste-a-asaltantes-en-r-dominicana-su-auto-queda-danado-pero-en-las-redes-se-movilizan-videos\/\" \/>\n<meta property=\"og:site_name\" content=\"Cuballama Noticias\" \/>\n<meta property=\"article:publisher\" content=\"https:\/\/www.facebook.com\/CubaLlama\" \/>\n<meta property=\"article:published_time\" content=\"2026-03-09T19:43:09+00:00\" \/>\n<meta property=\"article:modified_time\" content=\"2026-03-09T19:43:12+00:00\" \/>\n<meta property=\"og:image\" content=\"https:\/\/cdn1.mediawpaccore.net\/wp-content\/uploads\/2026\/03\/09082248\/image-37-1024x537.png\" \/>\n\t<meta property=\"og:image:width\" content=\"1024\" \/>\n\t<meta property=\"og:image:height\" content=\"537\" \/>\n\t<meta property=\"og:image:type\" content=\"image\/png\" \/>\n<meta name=\"author\" content=\"Roberto A.\" \/>\n<meta name=\"twitter:card\" content=\"summary_large_image\" \/>\n<meta name=\"twitter:creator\" content=\"@cuballama\" \/>\n<meta name=\"twitter:site\" content=\"@cuballama\" \/>\n<meta name=\"twitter:label1\" content=\"Escrito por\" \/>\n\t<meta name=\"twitter:data1\" content=\"Roberto A.\" \/>\n\t<meta name=\"twitter:label2\" content=\"Tiempo de lectura\" \/>\n\t<meta name=\"twitter:data2\" content=\"3 minutos\" \/>\n<script type=\"application\/ld+json\" class=\"yoast-schema-graph\">{\"@context\":\"https:\\\/\\\/schema.org\",\"@graph\":[{\"@type\":\"Article\",\"@id\":\"https:\\\/\\\/www.cuballama.com\\\/noticias\\\/conductor-embiste-a-asaltantes-en-r-dominicana-su-auto-queda-danado-pero-en-las-redes-se-movilizan-videos\\\/#article\",\"isPartOf\":{\"@id\":\"https:\\\/\\\/www.cuballama.com\\\/noticias\\\/conductor-embiste-a-asaltantes-en-r-dominicana-su-auto-queda-danado-pero-en-las-redes-se-movilizan-videos\\\/\"},\"author\":{\"name\":\"Roberto A.\",\"@id\":\"https:\\\/\\\/www.cuballama.com\\\/noticias\\\/#\\\/schema\\\/person\\\/a58502ed4146c8e9f83872e897c76cd2\"},\"headline\":\"Conductor embiste a asaltantes en R.Dominicana. Su auto queda da\u00f1ado, pero en las redes se movilizan (+ v\u00eddeos)\",\"datePublished\":\"2026-03-09T19:43:09+00:00\",\"dateModified\":\"2026-03-09T19:43:12+00:00\",\"mainEntityOfPage\":{\"@id\":\"https:\\\/\\\/www.cuballama.com\\\/noticias\\\/conductor-embiste-a-asaltantes-en-r-dominicana-su-auto-queda-danado-pero-en-las-redes-se-movilizan-videos\\\/\"},\"wordCount\":636,\"commentCount\":0,\"publisher\":{\"@id\":\"https:\\\/\\\/www.cuballama.com\\\/noticias\\\/#organization\"},\"image\":{\"@id\":\"https:\\\/\\\/www.cuballama.com\\\/noticias\\\/conductor-embiste-a-asaltantes-en-r-dominicana-su-auto-queda-danado-pero-en-las-redes-se-movilizan-videos\\\/#primaryimage\"},\"thumbnailUrl\":\"https:\\\/\\\/cdn1.mediawpaccore.net\\\/wp-content\\\/uploads\\\/2026\\\/03\\\/09082248\\\/image-37.png\",\"keywords\":[\"asalto en Santiago\",\"avenida Duarte\",\"delincuencia en RD\",\"motociclistas asaltantes\",\"Rep\u00fablica Dominicana\",\"Santiago de los Caballeros\",\"Video Viral\"],\"articleSection\":[\"Videos\",\"Viral\"],\"inLanguage\":\"es\",\"potentialAction\":[{\"@type\":\"CommentAction\",\"name\":\"Comment\",\"target\":[\"https:\\\/\\\/www.cuballama.com\\\/noticias\\\/conductor-embiste-a-asaltantes-en-r-dominicana-su-auto-queda-danado-pero-en-las-redes-se-movilizan-videos\\\/#respond\"]}]},{\"@type\":\"WebPage\",\"@id\":\"https:\\\/\\\/www.cuballama.com\\\/noticias\\\/conductor-embiste-a-asaltantes-en-r-dominicana-su-auto-queda-danado-pero-en-las-redes-se-movilizan-videos\\\/\",\"url\":\"https:\\\/\\\/www.cuballama.com\\\/noticias\\\/conductor-embiste-a-asaltantes-en-r-dominicana-su-auto-queda-danado-pero-en-las-redes-se-movilizan-videos\\\/\",\"name\":\"Conductor embiste a asaltantes en R.Dominicana. Su auto queda da\u00f1ado, pero en las redes se movilizan (+ v\u00eddeos) - Cuballama Noticias\",\"isPartOf\":{\"@id\":\"https:\\\/\\\/www.cuballama.com\\\/noticias\\\/#website\"},\"primaryImageOfPage\":{\"@id\":\"https:\\\/\\\/www.cuballama.com\\\/noticias\\\/conductor-embiste-a-asaltantes-en-r-dominicana-su-auto-queda-danado-pero-en-las-redes-se-movilizan-videos\\\/#primaryimage\"},\"image\":{\"@id\":\"https:\\\/\\\/www.cuballama.com\\\/noticias\\\/conductor-embiste-a-asaltantes-en-r-dominicana-su-auto-queda-danado-pero-en-las-redes-se-movilizan-videos\\\/#primaryimage\"},\"thumbnailUrl\":\"https:\\\/\\\/cdn1.mediawpaccore.net\\\/wp-content\\\/uploads\\\/2026\\\/03\\\/09082248\\\/image-37.png\",\"datePublished\":\"2026-03-09T19:43:09+00:00\",\"dateModified\":\"2026-03-09T19:43:12+00:00\",\"description\":\"Video viral muestra a conductor embistiendo a presuntos asaltantes tras robo en Santiago el 8 de marzo de 2026. Redes piden ayudarlo.\",\"breadcrumb\":{\"@id\":\"https:\\\/\\\/www.cuballama.com\\\/noticias\\\/conductor-embiste-a-asaltantes-en-r-dominicana-su-auto-queda-danado-pero-en-las-redes-se-movilizan-videos\\\/#breadcrumb\"},\"inLanguage\":\"es\",\"potentialAction\":[{\"@type\":\"ReadAction\",\"target\":[\"https:\\\/\\\/www.cuballama.com\\\/noticias\\\/conductor-embiste-a-asaltantes-en-r-dominicana-su-auto-queda-danado-pero-en-las-redes-se-movilizan-videos\\\/\"]}]},{\"@type\":\"ImageObject\",\"inLanguage\":\"es\",\"@id\":\"https:\\\/\\\/www.cuballama.com\\\/noticias\\\/conductor-embiste-a-asaltantes-en-r-dominicana-su-auto-queda-danado-pero-en-las-redes-se-movilizan-videos\\\/#primaryimage\",\"url\":\"https:\\\/\\\/cdn1.mediawpaccore.net\\\/wp-content\\\/uploads\\\/2026\\\/03\\\/09082248\\\/image-37.png\",\"contentUrl\":\"https:\\\/\\\/cdn1.mediawpaccore.net\\\/wp-content\\\/uploads\\\/2026\\\/03\\\/09082248\\\/image-37.png\",\"width\":1970,\"height\":1034,\"caption\":\"A veces los h\u00e9roes no llevan capa, sino gorra. Foto; Collage del asalto, donde se ve a la mujer v\u00edctima, a los atracadores, al sujeto que los embisti\u00f3 y al auto da\u00f1ado.\"},{\"@type\":\"BreadcrumbList\",\"@id\":\"https:\\\/\\\/www.cuballama.com\\\/noticias\\\/conductor-embiste-a-asaltantes-en-r-dominicana-su-auto-queda-danado-pero-en-las-redes-se-movilizan-videos\\\/#breadcrumb\",\"itemListElement\":[{\"@type\":\"ListItem\",\"position\":1,\"name\":\"Home\",\"item\":\"https:\\\/\\\/www.cuballama.com\\\/noticias\\\/\"},{\"@type\":\"ListItem\",\"position\":2,\"name\":\"Conductor embiste a asaltantes en R.Dominicana. Su auto queda da\u00f1ado, pero en las redes se movilizan (+ v\u00eddeos)\"}]},{\"@type\":\"WebSite\",\"@id\":\"https:\\\/\\\/www.cuballama.com\\\/noticias\\\/#website\",\"url\":\"https:\\\/\\\/www.cuballama.com\\\/noticias\\\/\",\"name\":\"Cuballama Noticias\",\"description\":\"Medio digital sobre Cuba y el mundo\",\"publisher\":{\"@id\":\"https:\\\/\\\/www.cuballama.com\\\/noticias\\\/#organization\"},\"potentialAction\":[{\"@type\":\"SearchAction\",\"target\":{\"@type\":\"EntryPoint\",\"urlTemplate\":\"https:\\\/\\\/www.cuballama.com\\\/noticias\\\/?s={search_term_string}\"},\"query-input\":{\"@type\":\"PropertyValueSpecification\",\"valueRequired\":true,\"valueName\":\"search_term_string\"}}],\"inLanguage\":\"es\"},{\"@type\":\"Organization\",\"@id\":\"https:\\\/\\\/www.cuballama.com\\\/noticias\\\/#organization\",\"name\":\"Cuballama\",\"url\":\"https:\\\/\\\/www.cuballama.com\\\/noticias\\\/\",\"logo\":{\"@type\":\"ImageObject\",\"inLanguage\":\"es\",\"@id\":\"https:\\\/\\\/www.cuballama.com\\\/noticias\\\/#\\\/schema\\\/logo\\\/image\\\/\",\"url\":\"https:\\\/\\\/cdn1.mediawpaccore.net\\\/wp-content\\\/uploads\\\/2021\\\/12\\\/28171206\\\/cbll-logo-color-sm.png\",\"contentUrl\":\"https:\\\/\\\/cdn1.mediawpaccore.net\\\/wp-content\\\/uploads\\\/2021\\\/12\\\/28171206\\\/cbll-logo-color-sm.png\",\"width\":600,\"height\":133,\"caption\":\"Cuballama\"},\"image\":{\"@id\":\"https:\\\/\\\/www.cuballama.com\\\/noticias\\\/#\\\/schema\\\/logo\\\/image\\\/\"},\"sameAs\":[\"https:\\\/\\\/www.facebook.com\\\/CubaLlama\",\"https:\\\/\\\/x.com\\\/cuballama\",\"https:\\\/\\\/www.instagram.com\\\/stories\\\/cuballama_oficial\\\/\",\"https:\\\/\\\/www.youtube.com\\\/channel\\\/UCKkFE-d_axENGZcrc4as0IA\"]},{\"@type\":\"Person\",\"@id\":\"https:\\\/\\\/www.cuballama.com\\\/noticias\\\/#\\\/schema\\\/person\\\/a58502ed4146c8e9f83872e897c76cd2\",\"name\":\"Roberto A.\",\"description\":\"Roberto A. Periodista por decisi\u00f3n propia. Interesado en cualquier tema que me apasione y cada vez m\u00e1s comprometido con la verdad y la objetividad period\u00edstica. Graduado en La Habana hace ya muchos a\u00f1os, luego de una accidentada y polvorienta b\u00fasqueda de informaci\u00f3n sobre un tema in\u00e9dito. La Tesis, por cierto, desapareci\u00f3 de la biblioteca y no se conservan copias de la misma.\",\"url\":\"https:\\\/\\\/www.cuballama.com\\\/noticias\\\/author\\\/roberto\\\/\"}]}<\/script>\n<!-- \/ Yoast SEO plugin. -->","yoast_head_json":{"title":"Conductor embiste a asaltantes en R.Dominicana. Su auto queda da\u00f1ado, pero en las redes se movilizan (+ v\u00eddeos) - Cuballama Noticias","description":"Video viral muestra a conductor embistiendo a presuntos asaltantes tras robo en Santiago el 8 de marzo de 2026. Redes piden ayudarlo.","robots":{"index":"index","follow":"follow","max-snippet":"max-snippet:-1","max-image-preview":"max-image-preview:large","max-video-preview":"max-video-preview:-1"},"canonical":"https:\/\/www.cuballama.com\/noticias\/conductor-embiste-a-asaltantes-en-r-dominicana-su-auto-queda-danado-pero-en-las-redes-se-movilizan-videos\/","og_locale":"es_ES","og_type":"article","og_title":"Conductor embiste a asaltantes en R.Dominicana. Su auto queda da\u00f1ado, pero en las redes se movilizan (+ v\u00eddeos) - Cuballama Noticias","og_description":"Video viral muestra a conductor embistiendo a presuntos asaltantes tras robo en Santiago el 8 de marzo de 2026. Redes piden ayudarlo.","og_url":"https:\/\/www.cuballama.com\/noticias\/conductor-embiste-a-asaltantes-en-r-dominicana-su-auto-queda-danado-pero-en-las-redes-se-movilizan-videos\/","og_site_name":"Cuballama Noticias","article_publisher":"https:\/\/www.facebook.com\/CubaLlama","article_published_time":"2026-03-09T19:43:09+00:00","article_modified_time":"2026-03-09T19:43:12+00:00","og_image":[{"width":1024,"height":537,"url":"https:\/\/cdn1.mediawpaccore.net\/wp-content\/uploads\/2026\/03\/09082248\/image-37-1024x537.png","type":"image\/png"}],"author":"Roberto A.","twitter_card":"summary_large_image","twitter_creator":"@cuballama","twitter_site":"@cuballama","twitter_misc":{"Escrito por":"Roberto A.","Tiempo de lectura":"3 minutos"},"schema":{"@context":"https:\/\/schema.org","@graph":[{"@type":"Article","@id":"https:\/\/www.cuballama.com\/noticias\/conductor-embiste-a-asaltantes-en-r-dominicana-su-auto-queda-danado-pero-en-las-redes-se-movilizan-videos\/#article","isPartOf":{"@id":"https:\/\/www.cuballama.com\/noticias\/conductor-embiste-a-asaltantes-en-r-dominicana-su-auto-queda-danado-pero-en-las-redes-se-movilizan-videos\/"},"author":{"name":"Roberto A.","@id":"https:\/\/www.cuballama.com\/noticias\/#\/schema\/person\/a58502ed4146c8e9f83872e897c76cd2"},"headline":"Conductor embiste a asaltantes en R.Dominicana. Su auto queda da\u00f1ado, pero en las redes se movilizan (+ v\u00eddeos)","datePublished":"2026-03-09T19:43:09+00:00","dateModified":"2026-03-09T19:43:12+00:00","mainEntityOfPage":{"@id":"https:\/\/www.cuballama.com\/noticias\/conductor-embiste-a-asaltantes-en-r-dominicana-su-auto-queda-danado-pero-en-las-redes-se-movilizan-videos\/"},"wordCount":636,"commentCount":0,"publisher":{"@id":"https:\/\/www.cuballama.com\/noticias\/#organization"},"image":{"@id":"https:\/\/www.cuballama.com\/noticias\/conductor-embiste-a-asaltantes-en-r-dominicana-su-auto-queda-danado-pero-en-las-redes-se-movilizan-videos\/#primaryimage"},"thumbnailUrl":"https:\/\/cdn1.mediawpaccore.net\/wp-content\/uploads\/2026\/03\/09082248\/image-37.png","keywords":["asalto en Santiago","avenida Duarte","delincuencia en RD","motociclistas asaltantes","Rep\u00fablica Dominicana","Santiago de los Caballeros","Video Viral"],"articleSection":["Videos","Viral"],"inLanguage":"es","potentialAction":[{"@type":"CommentAction","name":"Comment","target":["https:\/\/www.cuballama.com\/noticias\/conductor-embiste-a-asaltantes-en-r-dominicana-su-auto-queda-danado-pero-en-las-redes-se-movilizan-videos\/#respond"]}]},{"@type":"WebPage","@id":"https:\/\/www.cuballama.com\/noticias\/conductor-embiste-a-asaltantes-en-r-dominicana-su-auto-queda-danado-pero-en-las-redes-se-movilizan-videos\/","url":"https:\/\/www.cuballama.com\/noticias\/conductor-embiste-a-asaltantes-en-r-dominicana-su-auto-queda-danado-pero-en-las-redes-se-movilizan-videos\/","name":"Conductor embiste a asaltantes en R.Dominicana. Su auto queda da\u00f1ado, pero en las redes se movilizan (+ v\u00eddeos) - Cuballama Noticias","isPartOf":{"@id":"https:\/\/www.cuballama.com\/noticias\/#website"},"primaryImageOfPage":{"@id":"https:\/\/www.cuballama.com\/noticias\/conductor-embiste-a-asaltantes-en-r-dominicana-su-auto-queda-danado-pero-en-las-redes-se-movilizan-videos\/#primaryimage"},"image":{"@id":"https:\/\/www.cuballama.com\/noticias\/conductor-embiste-a-asaltantes-en-r-dominicana-su-auto-queda-danado-pero-en-las-redes-se-movilizan-videos\/#primaryimage"},"thumbnailUrl":"https:\/\/cdn1.mediawpaccore.net\/wp-content\/uploads\/2026\/03\/09082248\/image-37.png","datePublished":"2026-03-09T19:43:09+00:00","dateModified":"2026-03-09T19:43:12+00:00","description":"Video viral muestra a conductor embistiendo a presuntos asaltantes tras robo en Santiago el 8 de marzo de 2026. Redes piden ayudarlo.","breadcrumb":{"@id":"https:\/\/www.cuballama.com\/noticias\/conductor-embiste-a-asaltantes-en-r-dominicana-su-auto-queda-danado-pero-en-las-redes-se-movilizan-videos\/#breadcrumb"},"inLanguage":"es","potentialAction":[{"@type":"ReadAction","target":["https:\/\/www.cuballama.com\/noticias\/conductor-embiste-a-asaltantes-en-r-dominicana-su-auto-queda-danado-pero-en-las-redes-se-movilizan-videos\/"]}]},{"@type":"ImageObject","inLanguage":"es","@id":"https:\/\/www.cuballama.com\/noticias\/conductor-embiste-a-asaltantes-en-r-dominicana-su-auto-queda-danado-pero-en-las-redes-se-movilizan-videos\/#primaryimage","url":"https:\/\/cdn1.mediawpaccore.net\/wp-content\/uploads\/2026\/03\/09082248\/image-37.png","contentUrl":"https:\/\/cdn1.mediawpaccore.net\/wp-content\/uploads\/2026\/03\/09082248\/image-37.png","width":1970,"height":1034,"caption":"A veces los h\u00e9roes no llevan capa, sino gorra. Foto; Collage del asalto, donde se ve a la mujer v\u00edctima, a los atracadores, al sujeto que los embisti\u00f3 y al auto da\u00f1ado."},{"@type":"BreadcrumbList","@id":"https:\/\/www.cuballama.com\/noticias\/conductor-embiste-a-asaltantes-en-r-dominicana-su-auto-queda-danado-pero-en-las-redes-se-movilizan-videos\/#breadcrumb","itemListElement":[{"@type":"ListItem","position":1,"name":"Home","item":"https:\/\/www.cuballama.com\/noticias\/"},{"@type":"ListItem","position":2,"name":"Conductor embiste a asaltantes en R.Dominicana. Su auto queda da\u00f1ado, pero en las redes se movilizan (+ v\u00eddeos)"}]},{"@type":"WebSite","@id":"https:\/\/www.cuballama.com\/noticias\/#website","url":"https:\/\/www.cuballama.com\/noticias\/","name":"Cuballama Noticias","description":"Medio digital sobre Cuba y el mundo","publisher":{"@id":"https:\/\/www.cuballama.com\/noticias\/#organization"},"potentialAction":[{"@type":"SearchAction","target":{"@type":"EntryPoint","urlTemplate":"https:\/\/www.cuballama.com\/noticias\/?s={search_term_string}"},"query-input":{"@type":"PropertyValueSpecification","valueRequired":true,"valueName":"search_term_string"}}],"inLanguage":"es"},{"@type":"Organization","@id":"https:\/\/www.cuballama.com\/noticias\/#organization","name":"Cuballama","url":"https:\/\/www.cuballama.com\/noticias\/","logo":{"@type":"ImageObject","inLanguage":"es","@id":"https:\/\/www.cuballama.com\/noticias\/#\/schema\/logo\/image\/","url":"https:\/\/cdn1.mediawpaccore.net\/wp-content\/uploads\/2021\/12\/28171206\/cbll-logo-color-sm.png","contentUrl":"https:\/\/cdn1.mediawpaccore.net\/wp-content\/uploads\/2021\/12\/28171206\/cbll-logo-color-sm.png","width":600,"height":133,"caption":"Cuballama"},"image":{"@id":"https:\/\/www.cuballama.com\/noticias\/#\/schema\/logo\/image\/"},"sameAs":["https:\/\/www.facebook.com\/CubaLlama","https:\/\/x.com\/cuballama","https:\/\/www.instagram.com\/stories\/cuballama_oficial\/","https:\/\/www.youtube.com\/channel\/UCKkFE-d_axENGZcrc4as0IA"]},{"@type":"Person","@id":"https:\/\/www.cuballama.com\/noticias\/#\/schema\/person\/a58502ed4146c8e9f83872e897c76cd2","name":"Roberto A.","description":"Roberto A. Periodista por decisi\u00f3n propia. Interesado en cualquier tema que me apasione y cada vez m\u00e1s comprometido con la verdad y la objetividad period\u00edstica. Graduado en La Habana hace ya muchos a\u00f1os, luego de una accidentada y polvorienta b\u00fasqueda de informaci\u00f3n sobre un tema in\u00e9dito. La Tesis, por cierto, desapareci\u00f3 de la biblioteca y no se conservan copias de la misma.","url":"https:\/\/www.cuballama.com\/noticias\/author\/roberto\/"}]}},"_links":{"self":[{"href":"https:\/\/www.cuballama.com\/noticias\/wp-json\/wp\/v2\/posts\/237562","targetHints":{"allow":["GET"]}}],"collection":[{"href":"https:\/\/www.cuballama.com\/noticias\/wp-json\/wp\/v2\/posts"}],"about":[{"href":"https:\/\/www.cuballama.com\/noticias\/wp-json\/wp\/v2\/types\/post"}],"author":[{"embeddable":true,"href":"https:\/\/www.cuballama.com\/noticias\/wp-json\/wp\/v2\/users\/13"}],"replies":[{"embeddable":true,"href":"https:\/\/www.cuballama.com\/noticias\/wp-json\/wp\/v2\/comments?post=237562"}],"version-history":[{"count":3,"href":"https:\/\/www.cuballama.com\/noticias\/wp-json\/wp\/v2\/posts\/237562\/revisions"}],"predecessor-version":[{"id":237567,"href":"https:\/\/www.cuballama.com\/noticias\/wp-json\/wp\/v2\/posts\/237562\/revisions\/237567"}],"wp:featuredmedia":[{"embeddable":true,"href":"https:\/\/www.cuballama.com\/noticias\/wp-json\/wp\/v2\/media\/237564"}],"wp:attachment":[{"href":"https:\/\/www.cuballama.com\/noticias\/wp-json\/wp\/v2\/media?parent=237562"}],"wp:term":[{"taxonomy":"category","embeddable":true,"href":"https:\/\/www.cuballama.com\/noticias\/wp-json\/wp\/v2\/categories?post=237562"},{"taxonomy":"post_tag","embeddable":true,"href":"https:\/\/www.cuballama.com\/noticias\/wp-json\/wp\/v2\/tags?post=237562"}],"curies":[{"name":"wp","href":"https:\/\/api.w.org\/{rel}","templated":true}]}}