{"id":237546,"date":"2026-03-09T15:42:21","date_gmt":"2026-03-09T19:42:21","guid":{"rendered":"https:\/\/www.cuballama.com\/noticias\/?p=237546"},"modified":"2026-03-09T15:42:24","modified_gmt":"2026-03-09T19:42:24","slug":"pnr-enfocada-en-sujeto-detenido-en-trinidad-presuntamente-vinculado-a-desaparicion-de-giovanni-lorenzo","status":"publish","type":"post","link":"https:\/\/www.cuballama.com\/noticias\/pnr-enfocada-en-sujeto-detenido-en-trinidad-presuntamente-vinculado-a-desaparicion-de-giovanni-lorenzo\/","title":{"rendered":"PNR \u00abenfocada\u00bb en sujeto detenido en Trinidad, presuntamente vinculado a desaparici\u00f3n de Giovanni Lorenzo"},"content":{"rendered":"\n<p>La Polic\u00eda Nacional Revolucionaria (PNR) mantiene bajo custodia a un hombre en Trinidad, Sancti Sp\u00edritus, mientras profundiza las pesquisas relacionadas con la desaparici\u00f3n de Giovanni Rafael Lorenzo, reportado como desaparecido desde la noche del 28 de febrero. Fuentes vinculadas al proceso investigativo que accedieron a hablar con este redactor bajo anonimato, aseguran que el individuo identificado como David Santos Medinilla \u2014conocido por algunos como \u201cDavicito\u201d\u2014, estar\u00eda siendo interrogado por su posible conexi\u00f3n indirecta con el entorno de las \u00faltimas personas que tuvieron contacto con Lorenzo antes de que se perdiera su rastro. <\/p>\n\n\n\n<p>La desaparici\u00f3n de Giovanni Rafael Lorenzo fue denunciada p\u00fablicamente por su familia tras salir de su vivienda alrededor de las 8:00 de la noche del 28 de febrero a bordo de una motocicleta Missile de color violeta. Vest\u00eda un short rojo y, seg\u00fan la \u00faltima informaci\u00f3n disponible, su tel\u00e9fono dej\u00f3 de registrar actividad poco despu\u00e9s de las 9:23 p.m. Desde entonces no se ha conocido su paradero. Familiares y vecinos aseguran que Lorenzo no acostumbraba a ausentarse sin avisar y que manten\u00eda rutinas diarias \u2014como el cuidado de animales\u2014 que abandon\u00f3 abruptamente aquella noche.<\/p>\n\n\n\n<p>En Trinidad, el caso comenz\u00f3 a generar una cadena de comentarios y versiones entre vecinos luego de que trascendiera que la \u00faltima llamada recibida por Lorenzo habr\u00eda provenido de una mujer identificada como Deini Condesa Sandoval, presunta expareja del desaparecido. Sandoval habr\u00eda cumplido a\u00f1os ese mismo d\u00eda. Diversas versiones se\u00f1alan que, tras recibir esa llamada, Lorenzo sali\u00f3 de su casa en motocicleta y no volvi\u00f3 a ser visto.<\/p>\n\n\n\n<p>Seg\u00fan relatos recogidos por este medio en la comunidad, Sandoval y su actual esposo, David Santos Medinilla, con quien presuntamente se habr\u00eda casado el 14 de enero de 2023, habr\u00edan sido detenidos por la PNR mientras se verifican las circunstancias en que Lorenzo sali\u00f3 de su casa aquella noche. Hasta el momento no existe confirmaci\u00f3n oficial de esas detenciones ni de cargos concretos.<\/p>\n\n\n\n<figure class=\"wp-block-gallery has-nested-images columns-default is-cropped wp-block-gallery-1 is-layout-flex wp-block-gallery-is-layout-flex\">\n<figure class=\"wp-block-image size-large\"><img loading=\"lazy\" decoding=\"async\" width=\"1024\" height=\"332\" data-id=\"237549\" src=\"https:\/\/cdn1.mediawpaccore.net\/wp-content\/uploads\/2026\/03\/09070728\/Screenshot-2026-03-09-120613-1024x332.png\" alt=\"\" class=\"wp-image-237549\" srcset=\"https:\/\/cdn1.mediawpaccore.net\/wp-content\/uploads\/2026\/03\/09070728\/Screenshot-2026-03-09-120613-1024x332.png 1024w, https:\/\/cdn1.mediawpaccore.net\/wp-content\/uploads\/2026\/03\/09070728\/Screenshot-2026-03-09-120613-300x97.png 300w, https:\/\/cdn1.mediawpaccore.net\/wp-content\/uploads\/2026\/03\/09070728\/Screenshot-2026-03-09-120613-768x249.png 768w, https:\/\/cdn1.mediawpaccore.net\/wp-content\/uploads\/2026\/03\/09070728\/Screenshot-2026-03-09-120613-1296x420.png 1296w, https:\/\/cdn1.mediawpaccore.net\/wp-content\/uploads\/2026\/03\/09070728\/Screenshot-2026-03-09-120613-150x49.png 150w, https:\/\/cdn1.mediawpaccore.net\/wp-content\/uploads\/2026\/03\/09070728\/Screenshot-2026-03-09-120613-696x226.png 696w, https:\/\/cdn1.mediawpaccore.net\/wp-content\/uploads\/2026\/03\/09070728\/Screenshot-2026-03-09-120613-1068x346.png 1068w, https:\/\/cdn1.mediawpaccore.net\/wp-content\/uploads\/2026\/03\/09070728\/Screenshot-2026-03-09-120613.png 1361w\" sizes=\"auto, (max-width: 1024px) 100vw, 1024px\" \/><\/figure>\n\n\n\n<figure class=\"wp-block-image size-large\"><img loading=\"lazy\" decoding=\"async\" width=\"1024\" height=\"331\" data-id=\"237548\" src=\"https:\/\/cdn1.mediawpaccore.net\/wp-content\/uploads\/2026\/03\/09070726\/Screenshot-2026-03-09-120625-1024x331.png\" alt=\"\" class=\"wp-image-237548\" srcset=\"https:\/\/cdn1.mediawpaccore.net\/wp-content\/uploads\/2026\/03\/09070726\/Screenshot-2026-03-09-120625-1024x331.png 1024w, https:\/\/cdn1.mediawpaccore.net\/wp-content\/uploads\/2026\/03\/09070726\/Screenshot-2026-03-09-120625-300x97.png 300w, https:\/\/cdn1.mediawpaccore.net\/wp-content\/uploads\/2026\/03\/09070726\/Screenshot-2026-03-09-120625-768x248.png 768w, https:\/\/cdn1.mediawpaccore.net\/wp-content\/uploads\/2026\/03\/09070726\/Screenshot-2026-03-09-120625-1300x420.png 1300w, https:\/\/cdn1.mediawpaccore.net\/wp-content\/uploads\/2026\/03\/09070726\/Screenshot-2026-03-09-120625-150x48.png 150w, https:\/\/cdn1.mediawpaccore.net\/wp-content\/uploads\/2026\/03\/09070726\/Screenshot-2026-03-09-120625-696x225.png 696w, https:\/\/cdn1.mediawpaccore.net\/wp-content\/uploads\/2026\/03\/09070726\/Screenshot-2026-03-09-120625-1068x345.png 1068w, https:\/\/cdn1.mediawpaccore.net\/wp-content\/uploads\/2026\/03\/09070726\/Screenshot-2026-03-09-120625.png 1365w\" sizes=\"auto, (max-width: 1024px) 100vw, 1024px\" \/><\/figure>\n<\/figure>\n\n\n\n<p>La investigaci\u00f3n tambi\u00e9n ha puesto atenci\u00f3n en el entorno familiar y social de las personas mencionadas en los rumores. En particular, la figura de David Santos Medinilla, apodado \u201cDavicito\u201d, quien \u2014seg\u00fan se pudo confirmar con una fuente residente en la ciudad\u2014 tendr\u00eda antecedentes vinculados a un hecho violento ocurrido a\u00f1os atr\u00e1s, donde muri\u00f3 una persona conocida como \u201cel Jimagua\u201d, oriundo de la ciudad de Cienfuegos.<\/p>\n\n\n\n<p>La fuente primaria que se contact\u00f3 para este trabajo, un oficial del MININT en Trinidad, que est\u00e1 al tanto del proceso investigativo que se est\u00e1 llevando a cabo, aunque no es el investigador principal, dijo que el hermano de ese individuo estar\u00eda actualmente detenido por la muerte de una persona, y que el propio Medinilla habr\u00eda cumplido condena anteriormente por la muerte del llamado \u00abJimagua de Cienfuegos\u00bb. <\/p>\n\n\n\n<p>La muerte de este \u00faltimo, quien viajaba regularmente a la ciudad de Trinidad, desde Cienfuegos, para comprar d\u00f3lares y luego revenderlos m\u00e1s caros en la llamada \u00abPerla del Sur\u00bb, ocurri\u00f3 hace ya m\u00e1s de diez a\u00f1os. Seg\u00fan una fuente, desde Cienfuegos, \u00abEl Jimagua\u00bb habr\u00eda ido a su casa a comprar una considerable cantidad de d\u00f3lares, cuando Medinilla procedi\u00f3 a quitarle la vida. Luego, escondi\u00f3 el cad\u00e1ver durante unas horas, y al otro d\u00eda lo seccion\u00f3 en partes, las que luego procedi\u00f3 a botar por distintas partes de la zona; momento ese en el que fue sorprendido, detenido, juzgado y hallado culpable de asesinato. Esa versi\u00f3n coincide con comentarios difundidos en conversaciones privadas donde se describe un antiguo crimen ocurrido en Trinidad en el que la v\u00edctima \u2014supuestamente procedente de Cienfuegos\u2014 habr\u00eda sido asesinada y posteriormente descuartizada. Ninguna de estas afirmaciones ha sido confirmada oficialmente por las autoridades.<\/p>\n\n\n\n<p>Una vez cumplida la misi\u00f3n, Medinilla habr\u00eda comenzado una relaci\u00f3n con Deini Condesa Sandoval, la hija de Eristida Sandoval, quien se desempe\u00f1a como secretaria del Registro Civil en Trinidad. David Santos Medinilla y Er\u00edstida son amigos en Facebook. En su perfil de Facebok aparece en al menos dos fotos con Deini Condesa. <\/p>\n\n\n\n<figure class=\"wp-block-gallery has-nested-images columns-default is-cropped wp-block-gallery-2 is-layout-flex wp-block-gallery-is-layout-flex\">\n<figure class=\"wp-block-image size-large\"><img loading=\"lazy\" decoding=\"async\" width=\"897\" height=\"1024\" data-id=\"237551\" src=\"https:\/\/cdn1.mediawpaccore.net\/wp-content\/uploads\/2026\/03\/09070806\/Screenshot-2026-03-09-120534-897x1024.png\" alt=\"\" class=\"wp-image-237551\" srcset=\"https:\/\/cdn1.mediawpaccore.net\/wp-content\/uploads\/2026\/03\/09070806\/Screenshot-2026-03-09-120534-897x1024.png 897w, https:\/\/cdn1.mediawpaccore.net\/wp-content\/uploads\/2026\/03\/09070806\/Screenshot-2026-03-09-120534-263x300.png 263w, https:\/\/cdn1.mediawpaccore.net\/wp-content\/uploads\/2026\/03\/09070806\/Screenshot-2026-03-09-120534-768x877.png 768w, https:\/\/cdn1.mediawpaccore.net\/wp-content\/uploads\/2026\/03\/09070806\/Screenshot-2026-03-09-120534-368x420.png 368w, https:\/\/cdn1.mediawpaccore.net\/wp-content\/uploads\/2026\/03\/09070806\/Screenshot-2026-03-09-120534-150x171.png 150w, https:\/\/cdn1.mediawpaccore.net\/wp-content\/uploads\/2026\/03\/09070806\/Screenshot-2026-03-09-120534-300x342.png 300w, https:\/\/cdn1.mediawpaccore.net\/wp-content\/uploads\/2026\/03\/09070806\/Screenshot-2026-03-09-120534-696x795.png 696w, https:\/\/cdn1.mediawpaccore.net\/wp-content\/uploads\/2026\/03\/09070806\/Screenshot-2026-03-09-120534-1068x1219.png 1068w, https:\/\/cdn1.mediawpaccore.net\/wp-content\/uploads\/2026\/03\/09070806\/Screenshot-2026-03-09-120534.png 1102w\" sizes=\"auto, (max-width: 897px) 100vw, 897px\" \/><figcaption class=\"wp-element-caption\">Foto: V\u00eda Facebook \/ David Santos Medinilla<\/figcaption><\/figure>\n\n\n\n<figure class=\"wp-block-image size-large\"><img loading=\"lazy\" decoding=\"async\" width=\"873\" height=\"1024\" data-id=\"237550\" src=\"https:\/\/cdn1.mediawpaccore.net\/wp-content\/uploads\/2026\/03\/09070806\/Screenshot-2026-03-09-120643-873x1024.png\" alt=\"\" class=\"wp-image-237550\" srcset=\"https:\/\/cdn1.mediawpaccore.net\/wp-content\/uploads\/2026\/03\/09070806\/Screenshot-2026-03-09-120643-873x1024.png 873w, https:\/\/cdn1.mediawpaccore.net\/wp-content\/uploads\/2026\/03\/09070806\/Screenshot-2026-03-09-120643-256x300.png 256w, https:\/\/cdn1.mediawpaccore.net\/wp-content\/uploads\/2026\/03\/09070806\/Screenshot-2026-03-09-120643-768x900.png 768w, https:\/\/cdn1.mediawpaccore.net\/wp-content\/uploads\/2026\/03\/09070806\/Screenshot-2026-03-09-120643-358x420.png 358w, https:\/\/cdn1.mediawpaccore.net\/wp-content\/uploads\/2026\/03\/09070806\/Screenshot-2026-03-09-120643-150x176.png 150w, https:\/\/cdn1.mediawpaccore.net\/wp-content\/uploads\/2026\/03\/09070806\/Screenshot-2026-03-09-120643-300x352.png 300w, https:\/\/cdn1.mediawpaccore.net\/wp-content\/uploads\/2026\/03\/09070806\/Screenshot-2026-03-09-120643-696x816.png 696w, https:\/\/cdn1.mediawpaccore.net\/wp-content\/uploads\/2026\/03\/09070806\/Screenshot-2026-03-09-120643-1068x1252.png 1068w, https:\/\/cdn1.mediawpaccore.net\/wp-content\/uploads\/2026\/03\/09070806\/Screenshot-2026-03-09-120643.png 1183w\" sizes=\"auto, (max-width: 873px) 100vw, 873px\" \/><figcaption class=\"wp-element-caption\">Foto: V\u00eda Facebook \/ David Santos Medinilla<\/figcaption><\/figure>\n<\/figure>\n\n\n\n<p>Fuentes consultadas insisten en que, m\u00e1s all\u00e1 de los comentarios que circulan entre vecinos, la informaci\u00f3n confirmada sigue siendo escasa. La polic\u00eda no ha ofrecido detalles p\u00fablicos sobre la investigaci\u00f3n ni sobre el estatus procesal de las personas mencionadas en los rumores. Sin embargo, varias fuentes coinciden en que la PNR mantiene \u201cconcentrada\u201d parte de la investigaci\u00f3n en determinar qu\u00e9 ocurri\u00f3 durante las horas posteriores a la llamada que Lorenzo recibi\u00f3 la noche de su desaparici\u00f3n.<\/p>\n\n\n\n<p>Mientras tanto, familiares de Giovanni Rafael Lorenzo contin\u00faan solicitando ayuda ciudadana para obtener cualquier informaci\u00f3n que permita conocer su paradero. La incertidumbre persiste en Trinidad, donde el caso ha reavivado el recuerdo de desapariciones anteriores que tampoco tuvieron una explicaci\u00f3n p\u00fablica clara.<\/p>\n\n\n\n<p>Por ahora, el paradero de Lorenzo sigue siendo desconocido.<\/p>\n\n\n\n<p><strong>tal vez quieras leer: <a href=\"https:\/\/www.cuballama.com\/noticias\/busqueda-de-giovanni-r-lorenzo-cubano-desaparecido-en-trinidad-segun-fuentes-estan-detenidos-una-ex-y-su-esposo\/\" target=\"_blank\" rel=\"noreferrer noopener\">B\u00fasqueda de Giovanni R Lorenzo, cubano desaparecido en Trinidad: Seg\u00fan fuentes, est\u00e1n detenidos una ex y su esposo<\/a><br><\/strong><br><\/p>\n\n\n\n<p><br><\/p>\n","protected":false},"excerpt":{"rendered":"<p>La PNR mantiene bajo custodia a un hombre en Trinidad mientras investiga su posible v\u00ednculo con la desaparici\u00f3n de Giovanni Rafael Lorenzo.<\/p>\n","protected":false},"author":13,"featured_media":237552,"comment_status":"open","ping_status":"closed","sticky":false,"template":"","format":"standard","meta":{"_acf_changed":false,"footnotes":""},"categories":[18,955],"tags":[30935,30933,30910,22981,30909,30936,30934,27757],"class_list":{"0":"post-237546","1":"post","2":"type-post","3":"status-publish","4":"format-standard","5":"has-post-thumbnail","7":"category-noticias","8":"category-noticias-de-cuba","9":"tag-davicito","10":"tag-david-santos-medinilla","11":"tag-deini-condesa-sandoval","12":"tag-desaparecido-en-cuba","13":"tag-giovanni-rafael-lorenzo","14":"tag-investigacion-policial-cuba","15":"tag-pnr-trinidad","16":"tag-trinidad-sancti-spiritus"},"acf":[],"yoast_head":"<!-- This site is optimized with the Yoast SEO plugin v27.4 - https:\/\/yoast.com\/product\/yoast-seo-wordpress\/ -->\n<title>PNR &quot;enfocada&quot; en sujeto detenido en Trinidad, presuntamente vinculado a desaparici\u00f3n de Giovanni Lorenzo - Cuballama Noticias<\/title>\n<meta name=\"robots\" content=\"index, follow, max-snippet:-1, max-image-preview:large, max-video-preview:-1\" \/>\n<link rel=\"canonical\" href=\"https:\/\/www.cuballama.com\/noticias\/pnr-enfocada-en-sujeto-detenido-en-trinidad-presuntamente-vinculado-a-desaparicion-de-giovanni-lorenzo\/\" \/>\n<meta property=\"og:locale\" content=\"es_ES\" \/>\n<meta property=\"og:type\" content=\"article\" \/>\n<meta property=\"og:title\" content=\"PNR &quot;enfocada&quot; en sujeto detenido en Trinidad, presuntamente vinculado a desaparici\u00f3n de Giovanni Lorenzo - Cuballama Noticias\" \/>\n<meta property=\"og:description\" content=\"La PNR mantiene bajo custodia a un hombre en Trinidad mientras investiga su posible v\u00ednculo con la desaparici\u00f3n de Giovanni Rafael Lorenzo.\" \/>\n<meta property=\"og:url\" content=\"https:\/\/www.cuballama.com\/noticias\/pnr-enfocada-en-sujeto-detenido-en-trinidad-presuntamente-vinculado-a-desaparicion-de-giovanni-lorenzo\/\" \/>\n<meta property=\"og:site_name\" content=\"Cuballama Noticias\" \/>\n<meta property=\"article:publisher\" content=\"https:\/\/www.facebook.com\/CubaLlama\" \/>\n<meta property=\"article:published_time\" content=\"2026-03-09T19:42:21+00:00\" \/>\n<meta property=\"article:modified_time\" content=\"2026-03-09T19:42:24+00:00\" \/>\n<meta property=\"og:image\" content=\"https:\/\/cdn1.mediawpaccore.net\/wp-content\/uploads\/2026\/03\/09071123\/image-35.png\" \/>\n\t<meta property=\"og:image:width\" content=\"1971\" \/>\n\t<meta property=\"og:image:height\" content=\"1038\" \/>\n\t<meta property=\"og:image:type\" content=\"image\/png\" \/>\n<meta name=\"author\" content=\"Roberto A.\" \/>\n<meta name=\"twitter:card\" content=\"summary_large_image\" \/>\n<meta name=\"twitter:creator\" content=\"@cuballama\" \/>\n<meta name=\"twitter:site\" content=\"@cuballama\" \/>\n<meta name=\"twitter:label1\" content=\"Escrito por\" \/>\n\t<meta name=\"twitter:data1\" content=\"Roberto A.\" \/>\n\t<meta name=\"twitter:label2\" content=\"Tiempo de lectura\" \/>\n\t<meta name=\"twitter:data2\" content=\"5 minutos\" \/>\n<script type=\"application\/ld+json\" class=\"yoast-schema-graph\">{\"@context\":\"https:\\\/\\\/schema.org\",\"@graph\":[{\"@type\":\"Article\",\"@id\":\"https:\\\/\\\/www.cuballama.com\\\/noticias\\\/pnr-enfocada-en-sujeto-detenido-en-trinidad-presuntamente-vinculado-a-desaparicion-de-giovanni-lorenzo\\\/#article\",\"isPartOf\":{\"@id\":\"https:\\\/\\\/www.cuballama.com\\\/noticias\\\/pnr-enfocada-en-sujeto-detenido-en-trinidad-presuntamente-vinculado-a-desaparicion-de-giovanni-lorenzo\\\/\"},\"author\":{\"name\":\"Roberto A.\",\"@id\":\"https:\\\/\\\/www.cuballama.com\\\/noticias\\\/#\\\/schema\\\/person\\\/a58502ed4146c8e9f83872e897c76cd2\"},\"headline\":\"PNR \u00abenfocada\u00bb en sujeto detenido en Trinidad, presuntamente vinculado a desaparici\u00f3n de Giovanni Lorenzo\",\"datePublished\":\"2026-03-09T19:42:21+00:00\",\"dateModified\":\"2026-03-09T19:42:24+00:00\",\"mainEntityOfPage\":{\"@id\":\"https:\\\/\\\/www.cuballama.com\\\/noticias\\\/pnr-enfocada-en-sujeto-detenido-en-trinidad-presuntamente-vinculado-a-desaparicion-de-giovanni-lorenzo\\\/\"},\"wordCount\":883,\"commentCount\":0,\"publisher\":{\"@id\":\"https:\\\/\\\/www.cuballama.com\\\/noticias\\\/#organization\"},\"image\":{\"@id\":\"https:\\\/\\\/www.cuballama.com\\\/noticias\\\/pnr-enfocada-en-sujeto-detenido-en-trinidad-presuntamente-vinculado-a-desaparicion-de-giovanni-lorenzo\\\/#primaryimage\"},\"thumbnailUrl\":\"https:\\\/\\\/cdn1.mediawpaccore.net\\\/wp-content\\\/uploads\\\/2026\\\/03\\\/09071123\\\/image-35.png\",\"keywords\":[\"Davicito\",\"David Santos Medinilla\",\"Deini Condesa Sandoval\",\"desaparecido en Cuba\",\"Giovanni Rafael Lorenzo\",\"investigaci\u00f3n policial Cuba\",\"PNR Trinidad\",\"Trinidad Sancti Sp\u00edritus\"],\"articleSection\":[\"Noticias\",\"Noticias de Cuba\"],\"inLanguage\":\"es\",\"potentialAction\":[{\"@type\":\"CommentAction\",\"name\":\"Comment\",\"target\":[\"https:\\\/\\\/www.cuballama.com\\\/noticias\\\/pnr-enfocada-en-sujeto-detenido-en-trinidad-presuntamente-vinculado-a-desaparicion-de-giovanni-lorenzo\\\/#respond\"]}]},{\"@type\":\"WebPage\",\"@id\":\"https:\\\/\\\/www.cuballama.com\\\/noticias\\\/pnr-enfocada-en-sujeto-detenido-en-trinidad-presuntamente-vinculado-a-desaparicion-de-giovanni-lorenzo\\\/\",\"url\":\"https:\\\/\\\/www.cuballama.com\\\/noticias\\\/pnr-enfocada-en-sujeto-detenido-en-trinidad-presuntamente-vinculado-a-desaparicion-de-giovanni-lorenzo\\\/\",\"name\":\"PNR \\\"enfocada\\\" en sujeto detenido en Trinidad, presuntamente vinculado a desaparici\u00f3n de Giovanni Lorenzo - Cuballama Noticias\",\"isPartOf\":{\"@id\":\"https:\\\/\\\/www.cuballama.com\\\/noticias\\\/#website\"},\"primaryImageOfPage\":{\"@id\":\"https:\\\/\\\/www.cuballama.com\\\/noticias\\\/pnr-enfocada-en-sujeto-detenido-en-trinidad-presuntamente-vinculado-a-desaparicion-de-giovanni-lorenzo\\\/#primaryimage\"},\"image\":{\"@id\":\"https:\\\/\\\/www.cuballama.com\\\/noticias\\\/pnr-enfocada-en-sujeto-detenido-en-trinidad-presuntamente-vinculado-a-desaparicion-de-giovanni-lorenzo\\\/#primaryimage\"},\"thumbnailUrl\":\"https:\\\/\\\/cdn1.mediawpaccore.net\\\/wp-content\\\/uploads\\\/2026\\\/03\\\/09071123\\\/image-35.png\",\"datePublished\":\"2026-03-09T19:42:21+00:00\",\"dateModified\":\"2026-03-09T19:42:24+00:00\",\"breadcrumb\":{\"@id\":\"https:\\\/\\\/www.cuballama.com\\\/noticias\\\/pnr-enfocada-en-sujeto-detenido-en-trinidad-presuntamente-vinculado-a-desaparicion-de-giovanni-lorenzo\\\/#breadcrumb\"},\"inLanguage\":\"es\",\"potentialAction\":[{\"@type\":\"ReadAction\",\"target\":[\"https:\\\/\\\/www.cuballama.com\\\/noticias\\\/pnr-enfocada-en-sujeto-detenido-en-trinidad-presuntamente-vinculado-a-desaparicion-de-giovanni-lorenzo\\\/\"]}]},{\"@type\":\"ImageObject\",\"inLanguage\":\"es\",\"@id\":\"https:\\\/\\\/www.cuballama.com\\\/noticias\\\/pnr-enfocada-en-sujeto-detenido-en-trinidad-presuntamente-vinculado-a-desaparicion-de-giovanni-lorenzo\\\/#primaryimage\",\"url\":\"https:\\\/\\\/cdn1.mediawpaccore.net\\\/wp-content\\\/uploads\\\/2026\\\/03\\\/09071123\\\/image-35.png\",\"contentUrl\":\"https:\\\/\\\/cdn1.mediawpaccore.net\\\/wp-content\\\/uploads\\\/2026\\\/03\\\/09071123\\\/image-35.png\",\"width\":1971,\"height\":1038,\"caption\":\"David Santos Medinilla \u2014conocido por algunos como \u201cDavicito\u201d\u2014, estar\u00eda siendo interrogado por su posible conexi\u00f3n indirecta con el entorno de las \u00faltimas personas que tuvieron contacto con Giovanni Rafael Lorenzo, reportado como desaparecido desde la noche del 28 de febrero en Trinidad, Sancti Sp\u00edritus. David est\u00e1 casado con Deini Condesa Sandoval, presunta expareja del desaparecido, y cumpli\u00f3 a\u00f1os en prisi\u00f3n por el asesinato de otra persona. Foto v\u00eda David Santos Medinilla \\\/ Facebook\"},{\"@type\":\"BreadcrumbList\",\"@id\":\"https:\\\/\\\/www.cuballama.com\\\/noticias\\\/pnr-enfocada-en-sujeto-detenido-en-trinidad-presuntamente-vinculado-a-desaparicion-de-giovanni-lorenzo\\\/#breadcrumb\",\"itemListElement\":[{\"@type\":\"ListItem\",\"position\":1,\"name\":\"Home\",\"item\":\"https:\\\/\\\/www.cuballama.com\\\/noticias\\\/\"},{\"@type\":\"ListItem\",\"position\":2,\"name\":\"PNR \u00abenfocada\u00bb en sujeto detenido en Trinidad, presuntamente vinculado a desaparici\u00f3n de Giovanni Lorenzo\"}]},{\"@type\":\"WebSite\",\"@id\":\"https:\\\/\\\/www.cuballama.com\\\/noticias\\\/#website\",\"url\":\"https:\\\/\\\/www.cuballama.com\\\/noticias\\\/\",\"name\":\"Cuballama Noticias\",\"description\":\"Medio digital sobre Cuba y el mundo\",\"publisher\":{\"@id\":\"https:\\\/\\\/www.cuballama.com\\\/noticias\\\/#organization\"},\"potentialAction\":[{\"@type\":\"SearchAction\",\"target\":{\"@type\":\"EntryPoint\",\"urlTemplate\":\"https:\\\/\\\/www.cuballama.com\\\/noticias\\\/?s={search_term_string}\"},\"query-input\":{\"@type\":\"PropertyValueSpecification\",\"valueRequired\":true,\"valueName\":\"search_term_string\"}}],\"inLanguage\":\"es\"},{\"@type\":\"Organization\",\"@id\":\"https:\\\/\\\/www.cuballama.com\\\/noticias\\\/#organization\",\"name\":\"Cuballama\",\"url\":\"https:\\\/\\\/www.cuballama.com\\\/noticias\\\/\",\"logo\":{\"@type\":\"ImageObject\",\"inLanguage\":\"es\",\"@id\":\"https:\\\/\\\/www.cuballama.com\\\/noticias\\\/#\\\/schema\\\/logo\\\/image\\\/\",\"url\":\"https:\\\/\\\/cdn1.mediawpaccore.net\\\/wp-content\\\/uploads\\\/2021\\\/12\\\/28171206\\\/cbll-logo-color-sm.png\",\"contentUrl\":\"https:\\\/\\\/cdn1.mediawpaccore.net\\\/wp-content\\\/uploads\\\/2021\\\/12\\\/28171206\\\/cbll-logo-color-sm.png\",\"width\":600,\"height\":133,\"caption\":\"Cuballama\"},\"image\":{\"@id\":\"https:\\\/\\\/www.cuballama.com\\\/noticias\\\/#\\\/schema\\\/logo\\\/image\\\/\"},\"sameAs\":[\"https:\\\/\\\/www.facebook.com\\\/CubaLlama\",\"https:\\\/\\\/x.com\\\/cuballama\",\"https:\\\/\\\/www.instagram.com\\\/stories\\\/cuballama_oficial\\\/\",\"https:\\\/\\\/www.youtube.com\\\/channel\\\/UCKkFE-d_axENGZcrc4as0IA\"]},{\"@type\":\"Person\",\"@id\":\"https:\\\/\\\/www.cuballama.com\\\/noticias\\\/#\\\/schema\\\/person\\\/a58502ed4146c8e9f83872e897c76cd2\",\"name\":\"Roberto A.\",\"description\":\"Roberto A. Periodista por decisi\u00f3n propia. Interesado en cualquier tema que me apasione y cada vez m\u00e1s comprometido con la verdad y la objetividad period\u00edstica. Graduado en La Habana hace ya muchos a\u00f1os, luego de una accidentada y polvorienta b\u00fasqueda de informaci\u00f3n sobre un tema in\u00e9dito. La Tesis, por cierto, desapareci\u00f3 de la biblioteca y no se conservan copias de la misma.\",\"url\":\"https:\\\/\\\/www.cuballama.com\\\/noticias\\\/author\\\/roberto\\\/\"}]}<\/script>\n<!-- \/ Yoast SEO plugin. -->","yoast_head_json":{"title":"PNR \"enfocada\" en sujeto detenido en Trinidad, presuntamente vinculado a desaparici\u00f3n de Giovanni Lorenzo - Cuballama Noticias","robots":{"index":"index","follow":"follow","max-snippet":"max-snippet:-1","max-image-preview":"max-image-preview:large","max-video-preview":"max-video-preview:-1"},"canonical":"https:\/\/www.cuballama.com\/noticias\/pnr-enfocada-en-sujeto-detenido-en-trinidad-presuntamente-vinculado-a-desaparicion-de-giovanni-lorenzo\/","og_locale":"es_ES","og_type":"article","og_title":"PNR \"enfocada\" en sujeto detenido en Trinidad, presuntamente vinculado a desaparici\u00f3n de Giovanni Lorenzo - Cuballama Noticias","og_description":"La PNR mantiene bajo custodia a un hombre en Trinidad mientras investiga su posible v\u00ednculo con la desaparici\u00f3n de Giovanni Rafael Lorenzo.","og_url":"https:\/\/www.cuballama.com\/noticias\/pnr-enfocada-en-sujeto-detenido-en-trinidad-presuntamente-vinculado-a-desaparicion-de-giovanni-lorenzo\/","og_site_name":"Cuballama Noticias","article_publisher":"https:\/\/www.facebook.com\/CubaLlama","article_published_time":"2026-03-09T19:42:21+00:00","article_modified_time":"2026-03-09T19:42:24+00:00","og_image":[{"width":1971,"height":1038,"url":"https:\/\/cdn1.mediawpaccore.net\/wp-content\/uploads\/2026\/03\/09071123\/image-35.png","type":"image\/png"}],"author":"Roberto A.","twitter_card":"summary_large_image","twitter_creator":"@cuballama","twitter_site":"@cuballama","twitter_misc":{"Escrito por":"Roberto A.","Tiempo de lectura":"5 minutos"},"schema":{"@context":"https:\/\/schema.org","@graph":[{"@type":"Article","@id":"https:\/\/www.cuballama.com\/noticias\/pnr-enfocada-en-sujeto-detenido-en-trinidad-presuntamente-vinculado-a-desaparicion-de-giovanni-lorenzo\/#article","isPartOf":{"@id":"https:\/\/www.cuballama.com\/noticias\/pnr-enfocada-en-sujeto-detenido-en-trinidad-presuntamente-vinculado-a-desaparicion-de-giovanni-lorenzo\/"},"author":{"name":"Roberto A.","@id":"https:\/\/www.cuballama.com\/noticias\/#\/schema\/person\/a58502ed4146c8e9f83872e897c76cd2"},"headline":"PNR \u00abenfocada\u00bb en sujeto detenido en Trinidad, presuntamente vinculado a desaparici\u00f3n de Giovanni Lorenzo","datePublished":"2026-03-09T19:42:21+00:00","dateModified":"2026-03-09T19:42:24+00:00","mainEntityOfPage":{"@id":"https:\/\/www.cuballama.com\/noticias\/pnr-enfocada-en-sujeto-detenido-en-trinidad-presuntamente-vinculado-a-desaparicion-de-giovanni-lorenzo\/"},"wordCount":883,"commentCount":0,"publisher":{"@id":"https:\/\/www.cuballama.com\/noticias\/#organization"},"image":{"@id":"https:\/\/www.cuballama.com\/noticias\/pnr-enfocada-en-sujeto-detenido-en-trinidad-presuntamente-vinculado-a-desaparicion-de-giovanni-lorenzo\/#primaryimage"},"thumbnailUrl":"https:\/\/cdn1.mediawpaccore.net\/wp-content\/uploads\/2026\/03\/09071123\/image-35.png","keywords":["Davicito","David Santos Medinilla","Deini Condesa Sandoval","desaparecido en Cuba","Giovanni Rafael Lorenzo","investigaci\u00f3n policial Cuba","PNR Trinidad","Trinidad Sancti Sp\u00edritus"],"articleSection":["Noticias","Noticias de Cuba"],"inLanguage":"es","potentialAction":[{"@type":"CommentAction","name":"Comment","target":["https:\/\/www.cuballama.com\/noticias\/pnr-enfocada-en-sujeto-detenido-en-trinidad-presuntamente-vinculado-a-desaparicion-de-giovanni-lorenzo\/#respond"]}]},{"@type":"WebPage","@id":"https:\/\/www.cuballama.com\/noticias\/pnr-enfocada-en-sujeto-detenido-en-trinidad-presuntamente-vinculado-a-desaparicion-de-giovanni-lorenzo\/","url":"https:\/\/www.cuballama.com\/noticias\/pnr-enfocada-en-sujeto-detenido-en-trinidad-presuntamente-vinculado-a-desaparicion-de-giovanni-lorenzo\/","name":"PNR \"enfocada\" en sujeto detenido en Trinidad, presuntamente vinculado a desaparici\u00f3n de Giovanni Lorenzo - Cuballama Noticias","isPartOf":{"@id":"https:\/\/www.cuballama.com\/noticias\/#website"},"primaryImageOfPage":{"@id":"https:\/\/www.cuballama.com\/noticias\/pnr-enfocada-en-sujeto-detenido-en-trinidad-presuntamente-vinculado-a-desaparicion-de-giovanni-lorenzo\/#primaryimage"},"image":{"@id":"https:\/\/www.cuballama.com\/noticias\/pnr-enfocada-en-sujeto-detenido-en-trinidad-presuntamente-vinculado-a-desaparicion-de-giovanni-lorenzo\/#primaryimage"},"thumbnailUrl":"https:\/\/cdn1.mediawpaccore.net\/wp-content\/uploads\/2026\/03\/09071123\/image-35.png","datePublished":"2026-03-09T19:42:21+00:00","dateModified":"2026-03-09T19:42:24+00:00","breadcrumb":{"@id":"https:\/\/www.cuballama.com\/noticias\/pnr-enfocada-en-sujeto-detenido-en-trinidad-presuntamente-vinculado-a-desaparicion-de-giovanni-lorenzo\/#breadcrumb"},"inLanguage":"es","potentialAction":[{"@type":"ReadAction","target":["https:\/\/www.cuballama.com\/noticias\/pnr-enfocada-en-sujeto-detenido-en-trinidad-presuntamente-vinculado-a-desaparicion-de-giovanni-lorenzo\/"]}]},{"@type":"ImageObject","inLanguage":"es","@id":"https:\/\/www.cuballama.com\/noticias\/pnr-enfocada-en-sujeto-detenido-en-trinidad-presuntamente-vinculado-a-desaparicion-de-giovanni-lorenzo\/#primaryimage","url":"https:\/\/cdn1.mediawpaccore.net\/wp-content\/uploads\/2026\/03\/09071123\/image-35.png","contentUrl":"https:\/\/cdn1.mediawpaccore.net\/wp-content\/uploads\/2026\/03\/09071123\/image-35.png","width":1971,"height":1038,"caption":"David Santos Medinilla \u2014conocido por algunos como \u201cDavicito\u201d\u2014, estar\u00eda siendo interrogado por su posible conexi\u00f3n indirecta con el entorno de las \u00faltimas personas que tuvieron contacto con Giovanni Rafael Lorenzo, reportado como desaparecido desde la noche del 28 de febrero en Trinidad, Sancti Sp\u00edritus. David est\u00e1 casado con Deini Condesa Sandoval, presunta expareja del desaparecido, y cumpli\u00f3 a\u00f1os en prisi\u00f3n por el asesinato de otra persona. Foto v\u00eda David Santos Medinilla \/ Facebook"},{"@type":"BreadcrumbList","@id":"https:\/\/www.cuballama.com\/noticias\/pnr-enfocada-en-sujeto-detenido-en-trinidad-presuntamente-vinculado-a-desaparicion-de-giovanni-lorenzo\/#breadcrumb","itemListElement":[{"@type":"ListItem","position":1,"name":"Home","item":"https:\/\/www.cuballama.com\/noticias\/"},{"@type":"ListItem","position":2,"name":"PNR \u00abenfocada\u00bb en sujeto detenido en Trinidad, presuntamente vinculado a desaparici\u00f3n de Giovanni Lorenzo"}]},{"@type":"WebSite","@id":"https:\/\/www.cuballama.com\/noticias\/#website","url":"https:\/\/www.cuballama.com\/noticias\/","name":"Cuballama Noticias","description":"Medio digital sobre Cuba y el mundo","publisher":{"@id":"https:\/\/www.cuballama.com\/noticias\/#organization"},"potentialAction":[{"@type":"SearchAction","target":{"@type":"EntryPoint","urlTemplate":"https:\/\/www.cuballama.com\/noticias\/?s={search_term_string}"},"query-input":{"@type":"PropertyValueSpecification","valueRequired":true,"valueName":"search_term_string"}}],"inLanguage":"es"},{"@type":"Organization","@id":"https:\/\/www.cuballama.com\/noticias\/#organization","name":"Cuballama","url":"https:\/\/www.cuballama.com\/noticias\/","logo":{"@type":"ImageObject","inLanguage":"es","@id":"https:\/\/www.cuballama.com\/noticias\/#\/schema\/logo\/image\/","url":"https:\/\/cdn1.mediawpaccore.net\/wp-content\/uploads\/2021\/12\/28171206\/cbll-logo-color-sm.png","contentUrl":"https:\/\/cdn1.mediawpaccore.net\/wp-content\/uploads\/2021\/12\/28171206\/cbll-logo-color-sm.png","width":600,"height":133,"caption":"Cuballama"},"image":{"@id":"https:\/\/www.cuballama.com\/noticias\/#\/schema\/logo\/image\/"},"sameAs":["https:\/\/www.facebook.com\/CubaLlama","https:\/\/x.com\/cuballama","https:\/\/www.instagram.com\/stories\/cuballama_oficial\/","https:\/\/www.youtube.com\/channel\/UCKkFE-d_axENGZcrc4as0IA"]},{"@type":"Person","@id":"https:\/\/www.cuballama.com\/noticias\/#\/schema\/person\/a58502ed4146c8e9f83872e897c76cd2","name":"Roberto A.","description":"Roberto A. Periodista por decisi\u00f3n propia. Interesado en cualquier tema que me apasione y cada vez m\u00e1s comprometido con la verdad y la objetividad period\u00edstica. Graduado en La Habana hace ya muchos a\u00f1os, luego de una accidentada y polvorienta b\u00fasqueda de informaci\u00f3n sobre un tema in\u00e9dito. La Tesis, por cierto, desapareci\u00f3 de la biblioteca y no se conservan copias de la misma.","url":"https:\/\/www.cuballama.com\/noticias\/author\/roberto\/"}]}},"_links":{"self":[{"href":"https:\/\/www.cuballama.com\/noticias\/wp-json\/wp\/v2\/posts\/237546","targetHints":{"allow":["GET"]}}],"collection":[{"href":"https:\/\/www.cuballama.com\/noticias\/wp-json\/wp\/v2\/posts"}],"about":[{"href":"https:\/\/www.cuballama.com\/noticias\/wp-json\/wp\/v2\/types\/post"}],"author":[{"embeddable":true,"href":"https:\/\/www.cuballama.com\/noticias\/wp-json\/wp\/v2\/users\/13"}],"replies":[{"embeddable":true,"href":"https:\/\/www.cuballama.com\/noticias\/wp-json\/wp\/v2\/comments?post=237546"}],"version-history":[{"count":3,"href":"https:\/\/www.cuballama.com\/noticias\/wp-json\/wp\/v2\/posts\/237546\/revisions"}],"predecessor-version":[{"id":237554,"href":"https:\/\/www.cuballama.com\/noticias\/wp-json\/wp\/v2\/posts\/237546\/revisions\/237554"}],"wp:featuredmedia":[{"embeddable":true,"href":"https:\/\/www.cuballama.com\/noticias\/wp-json\/wp\/v2\/media\/237552"}],"wp:attachment":[{"href":"https:\/\/www.cuballama.com\/noticias\/wp-json\/wp\/v2\/media?parent=237546"}],"wp:term":[{"taxonomy":"category","embeddable":true,"href":"https:\/\/www.cuballama.com\/noticias\/wp-json\/wp\/v2\/categories?post=237546"},{"taxonomy":"post_tag","embeddable":true,"href":"https:\/\/www.cuballama.com\/noticias\/wp-json\/wp\/v2\/tags?post=237546"}],"curies":[{"name":"wp","href":"https:\/\/api.w.org\/{rel}","templated":true}]}}