{"id":237538,"date":"2026-03-09T06:00:00","date_gmt":"2026-03-09T10:00:00","guid":{"rendered":"https:\/\/www.cuballama.com\/noticias\/?p=237538"},"modified":"2026-03-09T00:46:13","modified_gmt":"2026-03-09T04:46:13","slug":"asesinan-a-querido-mecanico-de-televisores-en-ciego-de-avila","status":"publish","type":"post","link":"https:\/\/www.cuballama.com\/noticias\/asesinan-a-querido-mecanico-de-televisores-en-ciego-de-avila\/","title":{"rendered":"Asesinan a querido mec\u00e1nico de televisores en Ciego de \u00c1vila"},"content":{"rendered":"\n<p>Un querido mec\u00e1nico de televisores del municipio de Venezuela, en la provincia de Ciego de \u00c1vila, fue asesinado este fin de semana, seg\u00fan inform\u00f3 el activista Guillermo Rodr\u00edguez S\u00e1nchez en redes sociales.<\/p>\n\n\n\n<p>El cuerpo de la v\u00edctima, identificada hasta el momento como Freddy, fue encontrado en medio de un apag\u00f3n nocturno \u201ccon indicios de violencia\u201d. \u201cTodo indica que se metieron a robarle\u201d, detall\u00f3 el tambi\u00e9n escritor y periodista.<\/p>\n\n\n\n<p>De acuerdo con lo que resalt\u00f3 Rodr\u00edguez S\u00e1nchez sobre el hombre al que \u201cle quitaron la vida\u201d, Freddy era \u201cmuch\u00edsimo m\u00e1s\u201d que \u201cun tipo com\u00fan y corriente\u201d.<\/p>\n\n\n\n<p>\u201cFreddy era mec\u00e1nico de televisores hace muchos, muchos a\u00f1os. Hombre noble que ayudaba a vecinas y vecinos de su poblado a trav\u00e9s del oficio que ejerc\u00eda\u201d, relat\u00f3 sobre un \u201ctrabajador incansable\u201d, cuyo taller estaba siempre abierto para \u201clas ancianas menos favorecidas del barrio\u201d.&nbsp;<\/p>\n\n\n\n<p>\u201cSi hab\u00eda posibilidad de una rebaja, Freddy te la hac\u00eda; si conoc\u00eda que la situaci\u00f3n econ\u00f3mica de la persona con el televisor roto estaba muy jodida, Freddy cobraba solamente el coste de la pieza. Y sin decirlo ni hacerlo p\u00fablico, tambi\u00e9n regalaba trabajos en no pocas ocasiones\u201d, record\u00f3 sobre una figura entra\u00f1able.<\/p>\n\n\n\n<iframe loading=\"lazy\" src=\"https:\/\/www.facebook.com\/plugins\/post.php?href=https%3A%2F%2Fwww.facebook.com%2Fguilleperiodista%2Fposts%2Fpfbid02t1aN17LKQb8LF9CnsberAZXGrm8itVtfsTYNUqG1rorn57ZLa9Xv2qneu9sZuqkyl&#038;show_text=true&#038;width=500\" width=\"500\" height=\"617\" style=\"border:none;overflow:hidden\" scrolling=\"no\" frameborder=\"0\" allowfullscreen=\"true\" allow=\"autoplay; clipboard-write; encrypted-media; picture-in-picture; web-share\"><\/iframe>\n\n\n\n<p>\u201cY como \u00faltimamente en Cuba la vida vale poco o nada, decidieron que Freddy vio quiz\u00e1s demasiado o intent\u00f3 defender la sustracci\u00f3n de una motorina y algo de dinero, entonces lo mandaron sin piedad al m\u00e1s all\u00e1 a base de golpes\u201d, a\u00f1adi\u00f3 Rodr\u00edguez S\u00e1nchez sobre el incremento de violencia que vive la isla en medio de una de las peores crisis de su historia, algo que no refleja \u201cning\u00fan medio de prensa\u201d estatal.<\/p>\n\n\n\n<p>\u201cAs\u00ed se est\u00e1 sobreviviendo, con miedo, demasiado miedo por todas partes. Miedo a que se te metan en la casa y acaben con tu vida\u201d, apunt\u00f3 sobre el hecho violento.<\/p>\n\n\n\n<p>\u201cUn tipo bueno, honesto, honrado, amigo de todas y todos en el barrio; medido, pausado, jovial, de pocas palabras y cuando dec\u00eda, eran las precisas. Un puro ch\u00e9vere, sin rastro de ostentaci\u00f3n\u201d, concluy\u00f3 el creador de contenido sobre un tipo \u201cintachable\u201d, que \u201cvivi\u00f3 para servir a la gente de a pie\u201d.<\/p>\n\n\n\n<p>Por su parte, la internauta Saily Corbea confirm\u00f3 en el perfil de Facebook de Rodr\u00edguez S\u00e1nchez: \u201cTe puedo asegurar que era as\u00ed como lo describes. Era mi amigo, un ser humano que ni se met\u00eda con nadie y le arrebataron la vida. Siempre dispuesto a ayudar y no porque est\u00e9 muerto, excelente ser humano. EPD, mi amigo, y ojal\u00e1 se haga justicia\u201d.<\/p>\n\n\n\n<p>\u201cMuy querido y servicial. Desde ni\u00f1a visitaba su casa con mis padres cuando ten\u00edamos mi grabadora rota o la videocasetera estaba sucia\u201d, se\u00f1al\u00f3 Samantha Ta\u00f1o D\u00edaz, otra allegada de una persona que era \u201cun amigo de todos\u201d.<\/p>\n","protected":false},"excerpt":{"rendered":"<p>Su cuerpo fue encontrado en medio de un apag\u00f3n nocturno \u201ccon indicios de violencia\u201d.<\/p>\n","protected":false},"author":30,"featured_media":237540,"comment_status":"open","ping_status":"closed","sticky":false,"template":"","format":"standard","meta":{"_acf_changed":false,"footnotes":""},"categories":[18,955],"tags":[23428,10867,941,682],"class_list":{"0":"post-237538","1":"post","2":"type-post","3":"status-publish","4":"format-standard","5":"has-post-thumbnail","7":"category-noticias","8":"category-noticias-de-cuba","9":"tag-crimen-en-cuba","10":"tag-crisis-en-cuba","11":"tag-destacado","12":"tag-violencia"},"acf":[],"yoast_head":"<!-- This site is optimized with the Yoast SEO plugin v27.5 - https:\/\/yoast.com\/product\/yoast-seo-wordpress\/ -->\n<title>Asesinan a querido mec\u00e1nico de televisores en Ciego de \u00c1vila - Cuballama Noticias<\/title>\n<meta name=\"description\" content=\"Un querido mec\u00e1nico de televisores del municipio de Venezuela, en la provincia de Ciego de \u00c1vila, fue asesinado este fin de semana.\" \/>\n<meta name=\"robots\" content=\"index, follow, max-snippet:-1, max-image-preview:large, max-video-preview:-1\" \/>\n<link rel=\"canonical\" href=\"https:\/\/www.cuballama.com\/noticias\/asesinan-a-querido-mecanico-de-televisores-en-ciego-de-avila\/\" \/>\n<meta property=\"og:locale\" content=\"es_ES\" \/>\n<meta property=\"og:type\" content=\"article\" \/>\n<meta property=\"og:title\" content=\"Asesinan a querido mec\u00e1nico de televisores en Ciego de \u00c1vila - Cuballama Noticias\" \/>\n<meta property=\"og:description\" content=\"Un querido mec\u00e1nico de televisores del municipio de Venezuela, en la provincia de Ciego de \u00c1vila, fue asesinado este fin de semana.\" \/>\n<meta property=\"og:url\" content=\"https:\/\/www.cuballama.com\/noticias\/asesinan-a-querido-mecanico-de-televisores-en-ciego-de-avila\/\" \/>\n<meta property=\"og:site_name\" content=\"Cuballama Noticias\" \/>\n<meta property=\"article:publisher\" content=\"https:\/\/www.facebook.com\/CubaLlama\" \/>\n<meta property=\"article:published_time\" content=\"2026-03-09T10:00:00+00:00\" \/>\n<meta property=\"og:image\" content=\"https:\/\/cdn1.mediawpaccore.net\/wp-content\/uploads\/2026\/03\/09002212\/648422959_25792611353771395_5766920486482736229_n1.jpg\" \/>\n\t<meta property=\"og:image:width\" content=\"1200\" \/>\n\t<meta property=\"og:image:height\" content=\"630\" \/>\n\t<meta property=\"og:image:type\" content=\"image\/jpeg\" \/>\n<meta name=\"author\" content=\"Kathy\" \/>\n<meta name=\"twitter:card\" content=\"summary_large_image\" \/>\n<meta name=\"twitter:creator\" content=\"@cuballama\" \/>\n<meta name=\"twitter:site\" content=\"@cuballama\" \/>\n<meta name=\"twitter:label1\" content=\"Escrito por\" \/>\n\t<meta name=\"twitter:data1\" content=\"Kathy\" \/>\n\t<meta name=\"twitter:label2\" content=\"Tiempo de lectura\" \/>\n\t<meta name=\"twitter:data2\" content=\"3 minutos\" \/>\n<script type=\"application\/ld+json\" class=\"yoast-schema-graph\">{\"@context\":\"https:\\\/\\\/schema.org\",\"@graph\":[{\"@type\":\"Article\",\"@id\":\"https:\\\/\\\/www.cuballama.com\\\/noticias\\\/asesinan-a-querido-mecanico-de-televisores-en-ciego-de-avila\\\/#article\",\"isPartOf\":{\"@id\":\"https:\\\/\\\/www.cuballama.com\\\/noticias\\\/asesinan-a-querido-mecanico-de-televisores-en-ciego-de-avila\\\/\"},\"author\":{\"name\":\"Kathy\",\"@id\":\"https:\\\/\\\/www.cuballama.com\\\/noticias\\\/#\\\/schema\\\/person\\\/86cd3e3f4974437f031211213bf892d5\"},\"headline\":\"Asesinan a querido mec\u00e1nico de televisores en Ciego de \u00c1vila\",\"datePublished\":\"2026-03-09T10:00:00+00:00\",\"mainEntityOfPage\":{\"@id\":\"https:\\\/\\\/www.cuballama.com\\\/noticias\\\/asesinan-a-querido-mecanico-de-televisores-en-ciego-de-avila\\\/\"},\"wordCount\":497,\"commentCount\":0,\"publisher\":{\"@id\":\"https:\\\/\\\/www.cuballama.com\\\/noticias\\\/#organization\"},\"image\":{\"@id\":\"https:\\\/\\\/www.cuballama.com\\\/noticias\\\/asesinan-a-querido-mecanico-de-televisores-en-ciego-de-avila\\\/#primaryimage\"},\"thumbnailUrl\":\"https:\\\/\\\/cdn1.mediawpaccore.net\\\/wp-content\\\/uploads\\\/2026\\\/03\\\/09002212\\\/648422959_25792611353771395_5766920486482736229_n1.jpg\",\"keywords\":[\"crimen en Cuba\",\"Crisis en Cuba\",\"destacado\",\"Violencia\"],\"articleSection\":[\"Noticias\",\"Noticias de Cuba\"],\"inLanguage\":\"es\",\"potentialAction\":[{\"@type\":\"CommentAction\",\"name\":\"Comment\",\"target\":[\"https:\\\/\\\/www.cuballama.com\\\/noticias\\\/asesinan-a-querido-mecanico-de-televisores-en-ciego-de-avila\\\/#respond\"]}]},{\"@type\":\"WebPage\",\"@id\":\"https:\\\/\\\/www.cuballama.com\\\/noticias\\\/asesinan-a-querido-mecanico-de-televisores-en-ciego-de-avila\\\/\",\"url\":\"https:\\\/\\\/www.cuballama.com\\\/noticias\\\/asesinan-a-querido-mecanico-de-televisores-en-ciego-de-avila\\\/\",\"name\":\"Asesinan a querido mec\u00e1nico de televisores en Ciego de \u00c1vila - Cuballama Noticias\",\"isPartOf\":{\"@id\":\"https:\\\/\\\/www.cuballama.com\\\/noticias\\\/#website\"},\"primaryImageOfPage\":{\"@id\":\"https:\\\/\\\/www.cuballama.com\\\/noticias\\\/asesinan-a-querido-mecanico-de-televisores-en-ciego-de-avila\\\/#primaryimage\"},\"image\":{\"@id\":\"https:\\\/\\\/www.cuballama.com\\\/noticias\\\/asesinan-a-querido-mecanico-de-televisores-en-ciego-de-avila\\\/#primaryimage\"},\"thumbnailUrl\":\"https:\\\/\\\/cdn1.mediawpaccore.net\\\/wp-content\\\/uploads\\\/2026\\\/03\\\/09002212\\\/648422959_25792611353771395_5766920486482736229_n1.jpg\",\"datePublished\":\"2026-03-09T10:00:00+00:00\",\"description\":\"Un querido mec\u00e1nico de televisores del municipio de Venezuela, en la provincia de Ciego de \u00c1vila, fue asesinado este fin de semana.\",\"breadcrumb\":{\"@id\":\"https:\\\/\\\/www.cuballama.com\\\/noticias\\\/asesinan-a-querido-mecanico-de-televisores-en-ciego-de-avila\\\/#breadcrumb\"},\"inLanguage\":\"es\",\"potentialAction\":[{\"@type\":\"ReadAction\",\"target\":[\"https:\\\/\\\/www.cuballama.com\\\/noticias\\\/asesinan-a-querido-mecanico-de-televisores-en-ciego-de-avila\\\/\"]}]},{\"@type\":\"ImageObject\",\"inLanguage\":\"es\",\"@id\":\"https:\\\/\\\/www.cuballama.com\\\/noticias\\\/asesinan-a-querido-mecanico-de-televisores-en-ciego-de-avila\\\/#primaryimage\",\"url\":\"https:\\\/\\\/cdn1.mediawpaccore.net\\\/wp-content\\\/uploads\\\/2026\\\/03\\\/09002212\\\/648422959_25792611353771395_5766920486482736229_n1.jpg\",\"contentUrl\":\"https:\\\/\\\/cdn1.mediawpaccore.net\\\/wp-content\\\/uploads\\\/2026\\\/03\\\/09002212\\\/648422959_25792611353771395_5766920486482736229_n1.jpg\",\"width\":1200,\"height\":630,\"caption\":\"Freddy, mec\u00e1nico asesinado en Cuba. Foto: Facebook\\\/Guillermo Rodr\u00edguez S\u00e1nchez.\"},{\"@type\":\"BreadcrumbList\",\"@id\":\"https:\\\/\\\/www.cuballama.com\\\/noticias\\\/asesinan-a-querido-mecanico-de-televisores-en-ciego-de-avila\\\/#breadcrumb\",\"itemListElement\":[{\"@type\":\"ListItem\",\"position\":1,\"name\":\"Home\",\"item\":\"https:\\\/\\\/www.cuballama.com\\\/noticias\\\/\"},{\"@type\":\"ListItem\",\"position\":2,\"name\":\"Asesinan a querido mec\u00e1nico de televisores en Ciego de \u00c1vila\"}]},{\"@type\":\"WebSite\",\"@id\":\"https:\\\/\\\/www.cuballama.com\\\/noticias\\\/#website\",\"url\":\"https:\\\/\\\/www.cuballama.com\\\/noticias\\\/\",\"name\":\"Cuballama Noticias\",\"description\":\"Medio digital sobre Cuba y el mundo\",\"publisher\":{\"@id\":\"https:\\\/\\\/www.cuballama.com\\\/noticias\\\/#organization\"},\"potentialAction\":[{\"@type\":\"SearchAction\",\"target\":{\"@type\":\"EntryPoint\",\"urlTemplate\":\"https:\\\/\\\/www.cuballama.com\\\/noticias\\\/?s={search_term_string}\"},\"query-input\":{\"@type\":\"PropertyValueSpecification\",\"valueRequired\":true,\"valueName\":\"search_term_string\"}}],\"inLanguage\":\"es\"},{\"@type\":\"Organization\",\"@id\":\"https:\\\/\\\/www.cuballama.com\\\/noticias\\\/#organization\",\"name\":\"Cuballama\",\"url\":\"https:\\\/\\\/www.cuballama.com\\\/noticias\\\/\",\"logo\":{\"@type\":\"ImageObject\",\"inLanguage\":\"es\",\"@id\":\"https:\\\/\\\/www.cuballama.com\\\/noticias\\\/#\\\/schema\\\/logo\\\/image\\\/\",\"url\":\"https:\\\/\\\/cdn1.mediawpaccore.net\\\/wp-content\\\/uploads\\\/2021\\\/12\\\/28171206\\\/cbll-logo-color-sm.png\",\"contentUrl\":\"https:\\\/\\\/cdn1.mediawpaccore.net\\\/wp-content\\\/uploads\\\/2021\\\/12\\\/28171206\\\/cbll-logo-color-sm.png\",\"width\":600,\"height\":133,\"caption\":\"Cuballama\"},\"image\":{\"@id\":\"https:\\\/\\\/www.cuballama.com\\\/noticias\\\/#\\\/schema\\\/logo\\\/image\\\/\"},\"sameAs\":[\"https:\\\/\\\/www.facebook.com\\\/CubaLlama\",\"https:\\\/\\\/x.com\\\/cuballama\",\"https:\\\/\\\/www.instagram.com\\\/stories\\\/cuballama_oficial\\\/\",\"https:\\\/\\\/www.youtube.com\\\/channel\\\/UCKkFE-d_axENGZcrc4as0IA\"]},{\"@type\":\"Person\",\"@id\":\"https:\\\/\\\/www.cuballama.com\\\/noticias\\\/#\\\/schema\\\/person\\\/86cd3e3f4974437f031211213bf892d5\",\"name\":\"Kathy\",\"url\":\"https:\\\/\\\/www.cuballama.com\\\/noticias\\\/author\\\/kathy\\\/\"}]}<\/script>\n<!-- \/ Yoast SEO plugin. -->","yoast_head_json":{"title":"Asesinan a querido mec\u00e1nico de televisores en Ciego de \u00c1vila - Cuballama Noticias","description":"Un querido mec\u00e1nico de televisores del municipio de Venezuela, en la provincia de Ciego de \u00c1vila, fue asesinado este fin de semana.","robots":{"index":"index","follow":"follow","max-snippet":"max-snippet:-1","max-image-preview":"max-image-preview:large","max-video-preview":"max-video-preview:-1"},"canonical":"https:\/\/www.cuballama.com\/noticias\/asesinan-a-querido-mecanico-de-televisores-en-ciego-de-avila\/","og_locale":"es_ES","og_type":"article","og_title":"Asesinan a querido mec\u00e1nico de televisores en Ciego de \u00c1vila - Cuballama Noticias","og_description":"Un querido mec\u00e1nico de televisores del municipio de Venezuela, en la provincia de Ciego de \u00c1vila, fue asesinado este fin de semana.","og_url":"https:\/\/www.cuballama.com\/noticias\/asesinan-a-querido-mecanico-de-televisores-en-ciego-de-avila\/","og_site_name":"Cuballama Noticias","article_publisher":"https:\/\/www.facebook.com\/CubaLlama","article_published_time":"2026-03-09T10:00:00+00:00","og_image":[{"width":1200,"height":630,"url":"https:\/\/cdn1.mediawpaccore.net\/wp-content\/uploads\/2026\/03\/09002212\/648422959_25792611353771395_5766920486482736229_n1.jpg","type":"image\/jpeg"}],"author":"Kathy","twitter_card":"summary_large_image","twitter_creator":"@cuballama","twitter_site":"@cuballama","twitter_misc":{"Escrito por":"Kathy","Tiempo de lectura":"3 minutos"},"schema":{"@context":"https:\/\/schema.org","@graph":[{"@type":"Article","@id":"https:\/\/www.cuballama.com\/noticias\/asesinan-a-querido-mecanico-de-televisores-en-ciego-de-avila\/#article","isPartOf":{"@id":"https:\/\/www.cuballama.com\/noticias\/asesinan-a-querido-mecanico-de-televisores-en-ciego-de-avila\/"},"author":{"name":"Kathy","@id":"https:\/\/www.cuballama.com\/noticias\/#\/schema\/person\/86cd3e3f4974437f031211213bf892d5"},"headline":"Asesinan a querido mec\u00e1nico de televisores en Ciego de \u00c1vila","datePublished":"2026-03-09T10:00:00+00:00","mainEntityOfPage":{"@id":"https:\/\/www.cuballama.com\/noticias\/asesinan-a-querido-mecanico-de-televisores-en-ciego-de-avila\/"},"wordCount":497,"commentCount":0,"publisher":{"@id":"https:\/\/www.cuballama.com\/noticias\/#organization"},"image":{"@id":"https:\/\/www.cuballama.com\/noticias\/asesinan-a-querido-mecanico-de-televisores-en-ciego-de-avila\/#primaryimage"},"thumbnailUrl":"https:\/\/cdn1.mediawpaccore.net\/wp-content\/uploads\/2026\/03\/09002212\/648422959_25792611353771395_5766920486482736229_n1.jpg","keywords":["crimen en Cuba","Crisis en Cuba","destacado","Violencia"],"articleSection":["Noticias","Noticias de Cuba"],"inLanguage":"es","potentialAction":[{"@type":"CommentAction","name":"Comment","target":["https:\/\/www.cuballama.com\/noticias\/asesinan-a-querido-mecanico-de-televisores-en-ciego-de-avila\/#respond"]}]},{"@type":"WebPage","@id":"https:\/\/www.cuballama.com\/noticias\/asesinan-a-querido-mecanico-de-televisores-en-ciego-de-avila\/","url":"https:\/\/www.cuballama.com\/noticias\/asesinan-a-querido-mecanico-de-televisores-en-ciego-de-avila\/","name":"Asesinan a querido mec\u00e1nico de televisores en Ciego de \u00c1vila - Cuballama Noticias","isPartOf":{"@id":"https:\/\/www.cuballama.com\/noticias\/#website"},"primaryImageOfPage":{"@id":"https:\/\/www.cuballama.com\/noticias\/asesinan-a-querido-mecanico-de-televisores-en-ciego-de-avila\/#primaryimage"},"image":{"@id":"https:\/\/www.cuballama.com\/noticias\/asesinan-a-querido-mecanico-de-televisores-en-ciego-de-avila\/#primaryimage"},"thumbnailUrl":"https:\/\/cdn1.mediawpaccore.net\/wp-content\/uploads\/2026\/03\/09002212\/648422959_25792611353771395_5766920486482736229_n1.jpg","datePublished":"2026-03-09T10:00:00+00:00","description":"Un querido mec\u00e1nico de televisores del municipio de Venezuela, en la provincia de Ciego de \u00c1vila, fue asesinado este fin de semana.","breadcrumb":{"@id":"https:\/\/www.cuballama.com\/noticias\/asesinan-a-querido-mecanico-de-televisores-en-ciego-de-avila\/#breadcrumb"},"inLanguage":"es","potentialAction":[{"@type":"ReadAction","target":["https:\/\/www.cuballama.com\/noticias\/asesinan-a-querido-mecanico-de-televisores-en-ciego-de-avila\/"]}]},{"@type":"ImageObject","inLanguage":"es","@id":"https:\/\/www.cuballama.com\/noticias\/asesinan-a-querido-mecanico-de-televisores-en-ciego-de-avila\/#primaryimage","url":"https:\/\/cdn1.mediawpaccore.net\/wp-content\/uploads\/2026\/03\/09002212\/648422959_25792611353771395_5766920486482736229_n1.jpg","contentUrl":"https:\/\/cdn1.mediawpaccore.net\/wp-content\/uploads\/2026\/03\/09002212\/648422959_25792611353771395_5766920486482736229_n1.jpg","width":1200,"height":630,"caption":"Freddy, mec\u00e1nico asesinado en Cuba. Foto: Facebook\/Guillermo Rodr\u00edguez S\u00e1nchez."},{"@type":"BreadcrumbList","@id":"https:\/\/www.cuballama.com\/noticias\/asesinan-a-querido-mecanico-de-televisores-en-ciego-de-avila\/#breadcrumb","itemListElement":[{"@type":"ListItem","position":1,"name":"Home","item":"https:\/\/www.cuballama.com\/noticias\/"},{"@type":"ListItem","position":2,"name":"Asesinan a querido mec\u00e1nico de televisores en Ciego de \u00c1vila"}]},{"@type":"WebSite","@id":"https:\/\/www.cuballama.com\/noticias\/#website","url":"https:\/\/www.cuballama.com\/noticias\/","name":"Cuballama Noticias","description":"Medio digital sobre Cuba y el mundo","publisher":{"@id":"https:\/\/www.cuballama.com\/noticias\/#organization"},"potentialAction":[{"@type":"SearchAction","target":{"@type":"EntryPoint","urlTemplate":"https:\/\/www.cuballama.com\/noticias\/?s={search_term_string}"},"query-input":{"@type":"PropertyValueSpecification","valueRequired":true,"valueName":"search_term_string"}}],"inLanguage":"es"},{"@type":"Organization","@id":"https:\/\/www.cuballama.com\/noticias\/#organization","name":"Cuballama","url":"https:\/\/www.cuballama.com\/noticias\/","logo":{"@type":"ImageObject","inLanguage":"es","@id":"https:\/\/www.cuballama.com\/noticias\/#\/schema\/logo\/image\/","url":"https:\/\/cdn1.mediawpaccore.net\/wp-content\/uploads\/2021\/12\/28171206\/cbll-logo-color-sm.png","contentUrl":"https:\/\/cdn1.mediawpaccore.net\/wp-content\/uploads\/2021\/12\/28171206\/cbll-logo-color-sm.png","width":600,"height":133,"caption":"Cuballama"},"image":{"@id":"https:\/\/www.cuballama.com\/noticias\/#\/schema\/logo\/image\/"},"sameAs":["https:\/\/www.facebook.com\/CubaLlama","https:\/\/x.com\/cuballama","https:\/\/www.instagram.com\/stories\/cuballama_oficial\/","https:\/\/www.youtube.com\/channel\/UCKkFE-d_axENGZcrc4as0IA"]},{"@type":"Person","@id":"https:\/\/www.cuballama.com\/noticias\/#\/schema\/person\/86cd3e3f4974437f031211213bf892d5","name":"Kathy","url":"https:\/\/www.cuballama.com\/noticias\/author\/kathy\/"}]}},"_links":{"self":[{"href":"https:\/\/www.cuballama.com\/noticias\/wp-json\/wp\/v2\/posts\/237538","targetHints":{"allow":["GET"]}}],"collection":[{"href":"https:\/\/www.cuballama.com\/noticias\/wp-json\/wp\/v2\/posts"}],"about":[{"href":"https:\/\/www.cuballama.com\/noticias\/wp-json\/wp\/v2\/types\/post"}],"author":[{"embeddable":true,"href":"https:\/\/www.cuballama.com\/noticias\/wp-json\/wp\/v2\/users\/30"}],"replies":[{"embeddable":true,"href":"https:\/\/www.cuballama.com\/noticias\/wp-json\/wp\/v2\/comments?post=237538"}],"version-history":[{"count":3,"href":"https:\/\/www.cuballama.com\/noticias\/wp-json\/wp\/v2\/posts\/237538\/revisions"}],"predecessor-version":[{"id":237542,"href":"https:\/\/www.cuballama.com\/noticias\/wp-json\/wp\/v2\/posts\/237538\/revisions\/237542"}],"wp:featuredmedia":[{"embeddable":true,"href":"https:\/\/www.cuballama.com\/noticias\/wp-json\/wp\/v2\/media\/237540"}],"wp:attachment":[{"href":"https:\/\/www.cuballama.com\/noticias\/wp-json\/wp\/v2\/media?parent=237538"}],"wp:term":[{"taxonomy":"category","embeddable":true,"href":"https:\/\/www.cuballama.com\/noticias\/wp-json\/wp\/v2\/categories?post=237538"},{"taxonomy":"post_tag","embeddable":true,"href":"https:\/\/www.cuballama.com\/noticias\/wp-json\/wp\/v2\/tags?post=237538"}],"curies":[{"name":"wp","href":"https:\/\/api.w.org\/{rel}","templated":true}]}}