{"id":237529,"date":"2026-03-09T05:00:00","date_gmt":"2026-03-09T09:00:00","guid":{"rendered":"https:\/\/www.cuballama.com\/noticias\/?p=237529"},"modified":"2026-03-16T09:27:21","modified_gmt":"2026-03-16T13:27:21","slug":"trump-anunciaria-pronto-un-acuerdo-economico-con-cuba","status":"publish","type":"post","link":"https:\/\/www.cuballama.com\/noticias\/trump-anunciaria-pronto-un-acuerdo-economico-con-cuba\/","title":{"rendered":"Trump anunciar\u00eda pronto un acuerdo econ\u00f3mico con Cuba"},"content":{"rendered":"\n<p>La administraci\u00f3n Trump est\u00e1 preparando un acuerdo econ\u00f3mico con Cuba que podr\u00eda anunciarse pronto, seg\u00fan dos fuentes citadas este domingo por <em><a href=\"https:\/\/www.usatoday.com\/story\/news\/world\/2026\/03\/08\/trump-administration-cuba-economic-deal\/89054230007\/\" target=\"_blank\" rel=\"noreferrer noopener nofollow\">USA TODAY<\/a><\/em>.<\/p>\n\n\n\n<p>Si bien se desconocen <a href=\"https:\/\/www.cuballama.com\/noticias\/trump-sugiere-que-cuba-seria-lo-proximo-es-solo-cuestion-de-tiempo\/\" target=\"_blank\" rel=\"noreferrer noopener\">los detalles del acuerdo<\/a> y cu\u00e1ndo exactamente saldr\u00eda a la luz, el plan obligar\u00eda al gobierno cubano a hacer cambios a trav\u00e9s de acuerdos econ\u00f3micos y no de una confrontaci\u00f3n directa.<\/p>\n\n\n\n<p>De acuerdo con las fuentes \u201ccon conocimiento de primera mano sobre los planes de la administraci\u00f3n\u201d, estos podr\u00edan incluir una relajaci\u00f3n en la capacidad de los estadounidenses para viajar a Cuba, sin necesidad de tener v\u00ednculos familiares u otros motivos permitidos por las licencias del Departamento del Tesoro, algo que Trump podr\u00eda hacer sin la aprobaci\u00f3n del Congreso.<\/p>\n\n\n\n<p>El pacto, que ser\u00eda inminente, incluir\u00eda \u201cuna salida de escape para el presidente Miguel D\u00edaz-Canel, la permanencia de la familia Castro en el pa\u00eds y acuerdos en materia de puertos, energ\u00eda y turismo\u201d, indic\u00f3 <em>USA TODAY<\/em>.<\/p>\n\n\n\n<blockquote class=\"twitter-tweet\"><p lang=\"en\" dir=\"ltr\">Breaking: The Trump administration is preparing a possible economic deal with Cuba, a source with knowledge of the administration\u2019s plans said. <a href=\"https:\/\/t.co\/359JaW2LQr\">https:\/\/t.co\/359JaW2LQr<\/a><\/p>&mdash; USA TODAY (@USATODAY) <a href=\"https:\/\/twitter.com\/USATODAY\/status\/2030723048546967638?ref_src=twsrc%5Etfw\">March 8, 2026<\/a><\/blockquote> <script async src=\"https:\/\/platform.twitter.com\/widgets.js\" charset=\"utf-8\"><\/script> \n\n\n\n<p>Seg\u00fan el peri\u00f3dico estadounidense, esta iniciativa ser\u00eda distinta a la defendida por Barack Obama, que levant\u00f3 algunas de las sanciones econ\u00f3micas, ya que con su ataque a Venezuela y la confiscaci\u00f3n de su petr\u00f3leo Trump ha dejado claro que quiere restaurar el dominio estadounidense en el hemisferio occidental.<\/p>\n\n\n\n<p>Washington estar\u00eda avanzando en movimientos que replantean el cambio de r\u00e9gimen a trav\u00e9s de acuerdos econ\u00f3micos que priorizan los intereses de Estados Unidos. <\/p>\n\n\n\n<p>Dicho de otra manera: se trata de derrocar al gobierno comunista de La Habana, pero sin emplear una fuerza contundente y para que la isla dependa econ\u00f3micamente de Estados Unidos.<\/p>\n\n\n\n<p>Cabe destacar que Trump ha sugerido reiteradamente que el secretario de Estado, Marco Rubio, est\u00e1 manteniendo conversaciones con el gobierno cubano y que el r\u00e9gimen quiere llegar a un acuerdo.<\/p>\n\n\n\n<p>Rubio habl\u00f3 recientemente en una entrevista con<em> Bloomberg News<\/em> de priorizar las reformas econ\u00f3micas en Cuba como una v\u00eda para que salir de la crisis y aliviar las tensiones con Estados Unidos.<\/p>\n\n\n\n<p>\u201cCuba est\u00e1 al final del camino. Est\u00e1 muy al final del camino. No tiene dinero. No tiene petr\u00f3leo. Tiene una mala filosof\u00eda. Tiene un mal r\u00e9gimen que ha sido malo durante mucho tiempo\u201d, dijo Trump a los l\u00edderes latinoamericanos reunidos este fin de semana en Doral, Florida.<\/p>\n\n\n\n<p>Trump afirm\u00f3 entonces que Cuba estaba negociando con Rubio, con \u00e9l mismo y con otros miembros de la administraci\u00f3n, a quienes no identific\u00f3.&nbsp;<\/p>\n\n\n\n<p>Asimismo, el mandatario estadounidense afirm\u00f3 que \u201cCuba est\u00e1 al final de la l\u00ednea\u201d econ\u00f3micamente y que un acuerdo podr\u00eda lograrse con relativa facilidad.<\/p>\n\n\n\n<p><\/p>\n","protected":false},"excerpt":{"rendered":"<p>El plan obligar\u00eda al gobierno cubano a hacer cambios a trav\u00e9s de acuerdos econ\u00f3micos, seg\u00fan public\u00f3 este domingo USA TODAY.<\/p>\n","protected":false},"author":30,"featured_media":237532,"comment_status":"open","ping_status":"closed","sticky":false,"template":"","format":"standard","meta":{"_acf_changed":false,"footnotes":""},"categories":[18,955],"tags":[10867,700,11017],"class_list":{"0":"post-237529","1":"post","2":"type-post","3":"status-publish","4":"format-standard","5":"has-post-thumbnail","7":"category-noticias","8":"category-noticias-de-cuba","9":"tag-crisis-en-cuba","10":"tag-donald-trump","11":"tag-superdestacado"},"acf":[],"yoast_head":"<!-- This site is optimized with the Yoast SEO plugin v27.5 - https:\/\/yoast.com\/product\/yoast-seo-wordpress\/ -->\n<title>Trump anunciar\u00eda pronto un acuerdo econ\u00f3mico con Cuba - Cuballama Noticias<\/title>\n<meta name=\"description\" content=\"El gobierno de Donald Trump estar\u00eda preparando un acuerdo econ\u00f3mico con Cuba que podr\u00eda anunciarse muy pronto.\" \/>\n<meta name=\"robots\" content=\"index, follow, max-snippet:-1, max-image-preview:large, max-video-preview:-1\" \/>\n<link rel=\"canonical\" href=\"https:\/\/www.cuballama.com\/noticias\/trump-anunciaria-pronto-un-acuerdo-economico-con-cuba\/\" \/>\n<meta property=\"og:locale\" content=\"es_ES\" \/>\n<meta property=\"og:type\" content=\"article\" \/>\n<meta property=\"og:title\" content=\"Trump anunciar\u00eda pronto un acuerdo econ\u00f3mico con Cuba - Cuballama Noticias\" \/>\n<meta property=\"og:description\" content=\"El gobierno de Donald Trump estar\u00eda preparando un acuerdo econ\u00f3mico con Cuba que podr\u00eda anunciarse muy pronto.\" \/>\n<meta property=\"og:url\" content=\"https:\/\/www.cuballama.com\/noticias\/trump-anunciaria-pronto-un-acuerdo-economico-con-cuba\/\" \/>\n<meta property=\"og:site_name\" content=\"Cuballama Noticias\" \/>\n<meta property=\"article:publisher\" content=\"https:\/\/www.facebook.com\/CubaLlama\" \/>\n<meta property=\"article:published_time\" content=\"2026-03-09T09:00:00+00:00\" \/>\n<meta property=\"article:modified_time\" content=\"2026-03-16T13:27:21+00:00\" \/>\n<meta property=\"og:image\" content=\"https:\/\/cdn1.mediawpaccore.net\/wp-content\/uploads\/2026\/03\/08222614\/Captura-de-pantalla_8-3-2026_222457_www.instagram.com_.jpg\" \/>\n\t<meta property=\"og:image:width\" content=\"1200\" \/>\n\t<meta property=\"og:image:height\" content=\"630\" \/>\n\t<meta property=\"og:image:type\" content=\"image\/jpeg\" \/>\n<meta name=\"author\" content=\"Kathy\" \/>\n<meta name=\"twitter:card\" content=\"summary_large_image\" \/>\n<meta name=\"twitter:creator\" content=\"@cuballama\" \/>\n<meta name=\"twitter:site\" content=\"@cuballama\" \/>\n<meta name=\"twitter:label1\" content=\"Escrito por\" \/>\n\t<meta name=\"twitter:data1\" content=\"Kathy\" \/>\n\t<meta name=\"twitter:label2\" content=\"Tiempo de lectura\" \/>\n\t<meta name=\"twitter:data2\" content=\"3 minutos\" \/>\n<script type=\"application\/ld+json\" class=\"yoast-schema-graph\">{\"@context\":\"https:\\\/\\\/schema.org\",\"@graph\":[{\"@type\":\"Article\",\"@id\":\"https:\\\/\\\/www.cuballama.com\\\/noticias\\\/trump-anunciaria-pronto-un-acuerdo-economico-con-cuba\\\/#article\",\"isPartOf\":{\"@id\":\"https:\\\/\\\/www.cuballama.com\\\/noticias\\\/trump-anunciaria-pronto-un-acuerdo-economico-con-cuba\\\/\"},\"author\":{\"name\":\"Kathy\",\"@id\":\"https:\\\/\\\/www.cuballama.com\\\/noticias\\\/#\\\/schema\\\/person\\\/86cd3e3f4974437f031211213bf892d5\"},\"headline\":\"Trump anunciar\u00eda pronto un acuerdo econ\u00f3mico con Cuba\",\"datePublished\":\"2026-03-09T09:00:00+00:00\",\"dateModified\":\"2026-03-16T13:27:21+00:00\",\"mainEntityOfPage\":{\"@id\":\"https:\\\/\\\/www.cuballama.com\\\/noticias\\\/trump-anunciaria-pronto-un-acuerdo-economico-con-cuba\\\/\"},\"wordCount\":494,\"commentCount\":0,\"publisher\":{\"@id\":\"https:\\\/\\\/www.cuballama.com\\\/noticias\\\/#organization\"},\"image\":{\"@id\":\"https:\\\/\\\/www.cuballama.com\\\/noticias\\\/trump-anunciaria-pronto-un-acuerdo-economico-con-cuba\\\/#primaryimage\"},\"thumbnailUrl\":\"https:\\\/\\\/cdn1.mediawpaccore.net\\\/wp-content\\\/uploads\\\/2026\\\/03\\\/08222614\\\/Captura-de-pantalla_8-3-2026_222457_www.instagram.com_.jpg\",\"keywords\":[\"Crisis en Cuba\",\"Donald Trump\",\"superdestacado\"],\"articleSection\":[\"Noticias\",\"Noticias de Cuba\"],\"inLanguage\":\"es\",\"potentialAction\":[{\"@type\":\"CommentAction\",\"name\":\"Comment\",\"target\":[\"https:\\\/\\\/www.cuballama.com\\\/noticias\\\/trump-anunciaria-pronto-un-acuerdo-economico-con-cuba\\\/#respond\"]}]},{\"@type\":\"WebPage\",\"@id\":\"https:\\\/\\\/www.cuballama.com\\\/noticias\\\/trump-anunciaria-pronto-un-acuerdo-economico-con-cuba\\\/\",\"url\":\"https:\\\/\\\/www.cuballama.com\\\/noticias\\\/trump-anunciaria-pronto-un-acuerdo-economico-con-cuba\\\/\",\"name\":\"Trump anunciar\u00eda pronto un acuerdo econ\u00f3mico con Cuba - Cuballama Noticias\",\"isPartOf\":{\"@id\":\"https:\\\/\\\/www.cuballama.com\\\/noticias\\\/#website\"},\"primaryImageOfPage\":{\"@id\":\"https:\\\/\\\/www.cuballama.com\\\/noticias\\\/trump-anunciaria-pronto-un-acuerdo-economico-con-cuba\\\/#primaryimage\"},\"image\":{\"@id\":\"https:\\\/\\\/www.cuballama.com\\\/noticias\\\/trump-anunciaria-pronto-un-acuerdo-economico-con-cuba\\\/#primaryimage\"},\"thumbnailUrl\":\"https:\\\/\\\/cdn1.mediawpaccore.net\\\/wp-content\\\/uploads\\\/2026\\\/03\\\/08222614\\\/Captura-de-pantalla_8-3-2026_222457_www.instagram.com_.jpg\",\"datePublished\":\"2026-03-09T09:00:00+00:00\",\"dateModified\":\"2026-03-16T13:27:21+00:00\",\"description\":\"El gobierno de Donald Trump estar\u00eda preparando un acuerdo econ\u00f3mico con Cuba que podr\u00eda anunciarse muy pronto.\",\"breadcrumb\":{\"@id\":\"https:\\\/\\\/www.cuballama.com\\\/noticias\\\/trump-anunciaria-pronto-un-acuerdo-economico-con-cuba\\\/#breadcrumb\"},\"inLanguage\":\"es\",\"potentialAction\":[{\"@type\":\"ReadAction\",\"target\":[\"https:\\\/\\\/www.cuballama.com\\\/noticias\\\/trump-anunciaria-pronto-un-acuerdo-economico-con-cuba\\\/\"]}]},{\"@type\":\"ImageObject\",\"inLanguage\":\"es\",\"@id\":\"https:\\\/\\\/www.cuballama.com\\\/noticias\\\/trump-anunciaria-pronto-un-acuerdo-economico-con-cuba\\\/#primaryimage\",\"url\":\"https:\\\/\\\/cdn1.mediawpaccore.net\\\/wp-content\\\/uploads\\\/2026\\\/03\\\/08222614\\\/Captura-de-pantalla_8-3-2026_222457_www.instagram.com_.jpg\",\"contentUrl\":\"https:\\\/\\\/cdn1.mediawpaccore.net\\\/wp-content\\\/uploads\\\/2026\\\/03\\\/08222614\\\/Captura-de-pantalla_8-3-2026_222457_www.instagram.com_.jpg\",\"width\":1200,\"height\":630,\"caption\":\"Donald Trump. Foto: Instagram\\\/POTUS.\"},{\"@type\":\"BreadcrumbList\",\"@id\":\"https:\\\/\\\/www.cuballama.com\\\/noticias\\\/trump-anunciaria-pronto-un-acuerdo-economico-con-cuba\\\/#breadcrumb\",\"itemListElement\":[{\"@type\":\"ListItem\",\"position\":1,\"name\":\"Home\",\"item\":\"https:\\\/\\\/www.cuballama.com\\\/noticias\\\/\"},{\"@type\":\"ListItem\",\"position\":2,\"name\":\"Trump anunciar\u00eda pronto un acuerdo econ\u00f3mico con Cuba\"}]},{\"@type\":\"WebSite\",\"@id\":\"https:\\\/\\\/www.cuballama.com\\\/noticias\\\/#website\",\"url\":\"https:\\\/\\\/www.cuballama.com\\\/noticias\\\/\",\"name\":\"Cuballama Noticias\",\"description\":\"Medio digital sobre Cuba y el mundo\",\"publisher\":{\"@id\":\"https:\\\/\\\/www.cuballama.com\\\/noticias\\\/#organization\"},\"potentialAction\":[{\"@type\":\"SearchAction\",\"target\":{\"@type\":\"EntryPoint\",\"urlTemplate\":\"https:\\\/\\\/www.cuballama.com\\\/noticias\\\/?s={search_term_string}\"},\"query-input\":{\"@type\":\"PropertyValueSpecification\",\"valueRequired\":true,\"valueName\":\"search_term_string\"}}],\"inLanguage\":\"es\"},{\"@type\":\"Organization\",\"@id\":\"https:\\\/\\\/www.cuballama.com\\\/noticias\\\/#organization\",\"name\":\"Cuballama\",\"url\":\"https:\\\/\\\/www.cuballama.com\\\/noticias\\\/\",\"logo\":{\"@type\":\"ImageObject\",\"inLanguage\":\"es\",\"@id\":\"https:\\\/\\\/www.cuballama.com\\\/noticias\\\/#\\\/schema\\\/logo\\\/image\\\/\",\"url\":\"https:\\\/\\\/cdn1.mediawpaccore.net\\\/wp-content\\\/uploads\\\/2021\\\/12\\\/28171206\\\/cbll-logo-color-sm.png\",\"contentUrl\":\"https:\\\/\\\/cdn1.mediawpaccore.net\\\/wp-content\\\/uploads\\\/2021\\\/12\\\/28171206\\\/cbll-logo-color-sm.png\",\"width\":600,\"height\":133,\"caption\":\"Cuballama\"},\"image\":{\"@id\":\"https:\\\/\\\/www.cuballama.com\\\/noticias\\\/#\\\/schema\\\/logo\\\/image\\\/\"},\"sameAs\":[\"https:\\\/\\\/www.facebook.com\\\/CubaLlama\",\"https:\\\/\\\/x.com\\\/cuballama\",\"https:\\\/\\\/www.instagram.com\\\/stories\\\/cuballama_oficial\\\/\",\"https:\\\/\\\/www.youtube.com\\\/channel\\\/UCKkFE-d_axENGZcrc4as0IA\"]},{\"@type\":\"Person\",\"@id\":\"https:\\\/\\\/www.cuballama.com\\\/noticias\\\/#\\\/schema\\\/person\\\/86cd3e3f4974437f031211213bf892d5\",\"name\":\"Kathy\",\"url\":\"https:\\\/\\\/www.cuballama.com\\\/noticias\\\/author\\\/kathy\\\/\"}]}<\/script>\n<!-- \/ Yoast SEO plugin. -->","yoast_head_json":{"title":"Trump anunciar\u00eda pronto un acuerdo econ\u00f3mico con Cuba - Cuballama Noticias","description":"El gobierno de Donald Trump estar\u00eda preparando un acuerdo econ\u00f3mico con Cuba que podr\u00eda anunciarse muy pronto.","robots":{"index":"index","follow":"follow","max-snippet":"max-snippet:-1","max-image-preview":"max-image-preview:large","max-video-preview":"max-video-preview:-1"},"canonical":"https:\/\/www.cuballama.com\/noticias\/trump-anunciaria-pronto-un-acuerdo-economico-con-cuba\/","og_locale":"es_ES","og_type":"article","og_title":"Trump anunciar\u00eda pronto un acuerdo econ\u00f3mico con Cuba - Cuballama Noticias","og_description":"El gobierno de Donald Trump estar\u00eda preparando un acuerdo econ\u00f3mico con Cuba que podr\u00eda anunciarse muy pronto.","og_url":"https:\/\/www.cuballama.com\/noticias\/trump-anunciaria-pronto-un-acuerdo-economico-con-cuba\/","og_site_name":"Cuballama Noticias","article_publisher":"https:\/\/www.facebook.com\/CubaLlama","article_published_time":"2026-03-09T09:00:00+00:00","article_modified_time":"2026-03-16T13:27:21+00:00","og_image":[{"width":1200,"height":630,"url":"https:\/\/cdn1.mediawpaccore.net\/wp-content\/uploads\/2026\/03\/08222614\/Captura-de-pantalla_8-3-2026_222457_www.instagram.com_.jpg","type":"image\/jpeg"}],"author":"Kathy","twitter_card":"summary_large_image","twitter_creator":"@cuballama","twitter_site":"@cuballama","twitter_misc":{"Escrito por":"Kathy","Tiempo de lectura":"3 minutos"},"schema":{"@context":"https:\/\/schema.org","@graph":[{"@type":"Article","@id":"https:\/\/www.cuballama.com\/noticias\/trump-anunciaria-pronto-un-acuerdo-economico-con-cuba\/#article","isPartOf":{"@id":"https:\/\/www.cuballama.com\/noticias\/trump-anunciaria-pronto-un-acuerdo-economico-con-cuba\/"},"author":{"name":"Kathy","@id":"https:\/\/www.cuballama.com\/noticias\/#\/schema\/person\/86cd3e3f4974437f031211213bf892d5"},"headline":"Trump anunciar\u00eda pronto un acuerdo econ\u00f3mico con Cuba","datePublished":"2026-03-09T09:00:00+00:00","dateModified":"2026-03-16T13:27:21+00:00","mainEntityOfPage":{"@id":"https:\/\/www.cuballama.com\/noticias\/trump-anunciaria-pronto-un-acuerdo-economico-con-cuba\/"},"wordCount":494,"commentCount":0,"publisher":{"@id":"https:\/\/www.cuballama.com\/noticias\/#organization"},"image":{"@id":"https:\/\/www.cuballama.com\/noticias\/trump-anunciaria-pronto-un-acuerdo-economico-con-cuba\/#primaryimage"},"thumbnailUrl":"https:\/\/cdn1.mediawpaccore.net\/wp-content\/uploads\/2026\/03\/08222614\/Captura-de-pantalla_8-3-2026_222457_www.instagram.com_.jpg","keywords":["Crisis en Cuba","Donald Trump","superdestacado"],"articleSection":["Noticias","Noticias de Cuba"],"inLanguage":"es","potentialAction":[{"@type":"CommentAction","name":"Comment","target":["https:\/\/www.cuballama.com\/noticias\/trump-anunciaria-pronto-un-acuerdo-economico-con-cuba\/#respond"]}]},{"@type":"WebPage","@id":"https:\/\/www.cuballama.com\/noticias\/trump-anunciaria-pronto-un-acuerdo-economico-con-cuba\/","url":"https:\/\/www.cuballama.com\/noticias\/trump-anunciaria-pronto-un-acuerdo-economico-con-cuba\/","name":"Trump anunciar\u00eda pronto un acuerdo econ\u00f3mico con Cuba - Cuballama Noticias","isPartOf":{"@id":"https:\/\/www.cuballama.com\/noticias\/#website"},"primaryImageOfPage":{"@id":"https:\/\/www.cuballama.com\/noticias\/trump-anunciaria-pronto-un-acuerdo-economico-con-cuba\/#primaryimage"},"image":{"@id":"https:\/\/www.cuballama.com\/noticias\/trump-anunciaria-pronto-un-acuerdo-economico-con-cuba\/#primaryimage"},"thumbnailUrl":"https:\/\/cdn1.mediawpaccore.net\/wp-content\/uploads\/2026\/03\/08222614\/Captura-de-pantalla_8-3-2026_222457_www.instagram.com_.jpg","datePublished":"2026-03-09T09:00:00+00:00","dateModified":"2026-03-16T13:27:21+00:00","description":"El gobierno de Donald Trump estar\u00eda preparando un acuerdo econ\u00f3mico con Cuba que podr\u00eda anunciarse muy pronto.","breadcrumb":{"@id":"https:\/\/www.cuballama.com\/noticias\/trump-anunciaria-pronto-un-acuerdo-economico-con-cuba\/#breadcrumb"},"inLanguage":"es","potentialAction":[{"@type":"ReadAction","target":["https:\/\/www.cuballama.com\/noticias\/trump-anunciaria-pronto-un-acuerdo-economico-con-cuba\/"]}]},{"@type":"ImageObject","inLanguage":"es","@id":"https:\/\/www.cuballama.com\/noticias\/trump-anunciaria-pronto-un-acuerdo-economico-con-cuba\/#primaryimage","url":"https:\/\/cdn1.mediawpaccore.net\/wp-content\/uploads\/2026\/03\/08222614\/Captura-de-pantalla_8-3-2026_222457_www.instagram.com_.jpg","contentUrl":"https:\/\/cdn1.mediawpaccore.net\/wp-content\/uploads\/2026\/03\/08222614\/Captura-de-pantalla_8-3-2026_222457_www.instagram.com_.jpg","width":1200,"height":630,"caption":"Donald Trump. Foto: Instagram\/POTUS."},{"@type":"BreadcrumbList","@id":"https:\/\/www.cuballama.com\/noticias\/trump-anunciaria-pronto-un-acuerdo-economico-con-cuba\/#breadcrumb","itemListElement":[{"@type":"ListItem","position":1,"name":"Home","item":"https:\/\/www.cuballama.com\/noticias\/"},{"@type":"ListItem","position":2,"name":"Trump anunciar\u00eda pronto un acuerdo econ\u00f3mico con Cuba"}]},{"@type":"WebSite","@id":"https:\/\/www.cuballama.com\/noticias\/#website","url":"https:\/\/www.cuballama.com\/noticias\/","name":"Cuballama Noticias","description":"Medio digital sobre Cuba y el mundo","publisher":{"@id":"https:\/\/www.cuballama.com\/noticias\/#organization"},"potentialAction":[{"@type":"SearchAction","target":{"@type":"EntryPoint","urlTemplate":"https:\/\/www.cuballama.com\/noticias\/?s={search_term_string}"},"query-input":{"@type":"PropertyValueSpecification","valueRequired":true,"valueName":"search_term_string"}}],"inLanguage":"es"},{"@type":"Organization","@id":"https:\/\/www.cuballama.com\/noticias\/#organization","name":"Cuballama","url":"https:\/\/www.cuballama.com\/noticias\/","logo":{"@type":"ImageObject","inLanguage":"es","@id":"https:\/\/www.cuballama.com\/noticias\/#\/schema\/logo\/image\/","url":"https:\/\/cdn1.mediawpaccore.net\/wp-content\/uploads\/2021\/12\/28171206\/cbll-logo-color-sm.png","contentUrl":"https:\/\/cdn1.mediawpaccore.net\/wp-content\/uploads\/2021\/12\/28171206\/cbll-logo-color-sm.png","width":600,"height":133,"caption":"Cuballama"},"image":{"@id":"https:\/\/www.cuballama.com\/noticias\/#\/schema\/logo\/image\/"},"sameAs":["https:\/\/www.facebook.com\/CubaLlama","https:\/\/x.com\/cuballama","https:\/\/www.instagram.com\/stories\/cuballama_oficial\/","https:\/\/www.youtube.com\/channel\/UCKkFE-d_axENGZcrc4as0IA"]},{"@type":"Person","@id":"https:\/\/www.cuballama.com\/noticias\/#\/schema\/person\/86cd3e3f4974437f031211213bf892d5","name":"Kathy","url":"https:\/\/www.cuballama.com\/noticias\/author\/kathy\/"}]}},"_links":{"self":[{"href":"https:\/\/www.cuballama.com\/noticias\/wp-json\/wp\/v2\/posts\/237529","targetHints":{"allow":["GET"]}}],"collection":[{"href":"https:\/\/www.cuballama.com\/noticias\/wp-json\/wp\/v2\/posts"}],"about":[{"href":"https:\/\/www.cuballama.com\/noticias\/wp-json\/wp\/v2\/types\/post"}],"author":[{"embeddable":true,"href":"https:\/\/www.cuballama.com\/noticias\/wp-json\/wp\/v2\/users\/30"}],"replies":[{"embeddable":true,"href":"https:\/\/www.cuballama.com\/noticias\/wp-json\/wp\/v2\/comments?post=237529"}],"version-history":[{"count":6,"href":"https:\/\/www.cuballama.com\/noticias\/wp-json\/wp\/v2\/posts\/237529\/revisions"}],"predecessor-version":[{"id":238329,"href":"https:\/\/www.cuballama.com\/noticias\/wp-json\/wp\/v2\/posts\/237529\/revisions\/238329"}],"wp:featuredmedia":[{"embeddable":true,"href":"https:\/\/www.cuballama.com\/noticias\/wp-json\/wp\/v2\/media\/237532"}],"wp:attachment":[{"href":"https:\/\/www.cuballama.com\/noticias\/wp-json\/wp\/v2\/media?parent=237529"}],"wp:term":[{"taxonomy":"category","embeddable":true,"href":"https:\/\/www.cuballama.com\/noticias\/wp-json\/wp\/v2\/categories?post=237529"},{"taxonomy":"post_tag","embeddable":true,"href":"https:\/\/www.cuballama.com\/noticias\/wp-json\/wp\/v2\/tags?post=237529"}],"curies":[{"name":"wp","href":"https:\/\/api.w.org\/{rel}","templated":true}]}}