{"id":237527,"date":"2026-03-09T08:47:55","date_gmt":"2026-03-09T12:47:55","guid":{"rendered":"https:\/\/www.cuballama.com\/noticias\/?p=237527"},"modified":"2026-03-09T08:47:57","modified_gmt":"2026-03-09T12:47:57","slug":"acusan-a-cubano-por-ejercer-como-dentista-sin-licencia-en-texas-es-una-excelente-persona","status":"publish","type":"post","link":"https:\/\/www.cuballama.com\/noticias\/acusan-a-cubano-por-ejercer-como-dentista-sin-licencia-en-texas-es-una-excelente-persona\/","title":{"rendered":"Acusan a cubano por ejercer como dentista sin licencia en Texas: \u201cEs una excelente persona\u201d"},"content":{"rendered":"\n<p>Un dentista cubano identificado como Eduardo Rivero, de 61 a\u00f1os, ha sido acusado de ejercer la odontolog\u00eda sin licencia en Houston, Texas, seg\u00fan revel\u00f3 este fin de semana el periodista Daniel Ben\u00edtez, de <em>Univisi\u00f3n 23<\/em>.<\/p>\n\n\n\n<p>Seg\u00fan documentos p\u00fablicos, Rivero presuntamente realizaba limpiezas y extracciones dentales en el \u00e1rea de Sharpstown sin contar con las autorizaciones correspondientes.&nbsp;<\/p>\n\n\n\n<p>Si bien el doctor cubano se encuentra libre tras pagar una fianza de mil d\u00f3lares, podr\u00eda pasar hasta una d\u00e9cada en prisi\u00f3n de ser hallado culpable.<\/p>\n\n\n\n<iframe loading=\"lazy\" src=\"https:\/\/www.facebook.com\/plugins\/post.php?href=https%3A%2F%2Fwww.facebook.com%2Fdanielbeniteznews%2Fposts%2Fpfbid0r4SBT8gsD2psWSAgEMVTNTJNxA6osXA48Hdm8jYPC3HcnxoLGds8HHXNPxThexfQl&#038;show_text=true&#038;width=500\" width=\"500\" height=\"250\" style=\"border:none;overflow:hidden\" scrolling=\"no\" frameborder=\"0\" allowfullscreen=\"true\" allow=\"autoplay; clipboard-write; encrypted-media; picture-in-picture; web-share\"><\/iframe>\n\n\n\n<p>Pese a que podr\u00eda haber violado la ley (algo que est\u00e1 a\u00fan por demostrar), en redes sociales ha surgido un amplio apoyo a Rivero, a quien han calificado como un excelente ser humano y profesional.<\/p>\n\n\n\n<p>\u201c\u00c9l es muy buen dentista. Yo lo conozco. Dios lo ayude a salir de este problema\u201d; \u201c\u00c9l es una excelente persona. Lo conozco\u201d; y \u201cEs un excelente dentista cubano. Y te aseguro que hace su trabajo mejor que los americanos\u201d, comentaron algunos de sus conocidos en el perfil de Ben\u00edtez en Facebook.<\/p>\n\n\n\n<p>\u201cEste hombre es un excelente dentista. Y s\u00ed, ya s\u00e9 que hay leyes en todos los pa\u00edses y las leyes se cumplen, pero mis respetos para \u00e9l. Espero que salga pronto de este problema\u201d y \u201cEduardo es una gran persona. Mi pap\u00e1 y yo le remodelamos un ba\u00f1o y nos trat\u00f3 como si fu\u00e9ramos de la familia, m\u00e1s all\u00e1 del trato contratista-cliente. No puedo olvidar esa hospitalidad. Estar\u00e9 orando para que salga de esto\u201d, opinaron otros.<\/p>\n","protected":false},"excerpt":{"rendered":"<p>El doctor podr\u00eda pasar hasta diez a\u00f1os en prisi\u00f3n si es hallado culpable.<\/p>\n","protected":false},"author":30,"featured_media":237530,"comment_status":"open","ping_status":"closed","sticky":false,"template":"","format":"standard","meta":{"_acf_changed":false,"footnotes":""},"categories":[18,953],"tags":[16211,30950,941],"class_list":{"0":"post-237527","1":"post","2":"type-post","3":"status-publish","4":"format-standard","5":"has-post-thumbnail","7":"category-noticias","8":"category-usa","9":"tag-cubanos-en-houston","10":"tag-dentista-cubano","11":"tag-destacado"},"acf":[],"yoast_head":"<!-- This site is optimized with the Yoast SEO plugin v27.5 - https:\/\/yoast.com\/product\/yoast-seo-wordpress\/ -->\n<title>Acusan a cubano por ejercer como dentista sin licencia en Texas: \u201cEs una excelente persona\u201d - Cuballama Noticias<\/title>\n<meta name=\"description\" content=\"Un dentista cubano identificado como Eduardo Rivero ha sido acusado de ejercer la odontolog\u00eda sin licencia en Texas.\" \/>\n<meta name=\"robots\" content=\"index, follow, max-snippet:-1, max-image-preview:large, max-video-preview:-1\" \/>\n<link rel=\"canonical\" href=\"https:\/\/www.cuballama.com\/noticias\/acusan-a-cubano-por-ejercer-como-dentista-sin-licencia-en-texas-es-una-excelente-persona\/\" \/>\n<meta property=\"og:locale\" content=\"es_ES\" \/>\n<meta property=\"og:type\" content=\"article\" \/>\n<meta property=\"og:title\" content=\"Acusan a cubano por ejercer como dentista sin licencia en Texas: \u201cEs una excelente persona\u201d - Cuballama Noticias\" \/>\n<meta property=\"og:description\" content=\"Un dentista cubano identificado como Eduardo Rivero ha sido acusado de ejercer la odontolog\u00eda sin licencia en Texas.\" \/>\n<meta property=\"og:url\" content=\"https:\/\/www.cuballama.com\/noticias\/acusan-a-cubano-por-ejercer-como-dentista-sin-licencia-en-texas-es-una-excelente-persona\/\" \/>\n<meta property=\"og:site_name\" content=\"Cuballama Noticias\" \/>\n<meta property=\"article:publisher\" content=\"https:\/\/www.facebook.com\/CubaLlama\" \/>\n<meta property=\"article:published_time\" content=\"2026-03-09T12:47:55+00:00\" \/>\n<meta property=\"article:modified_time\" content=\"2026-03-09T12:47:57+00:00\" \/>\n<meta property=\"og:image\" content=\"https:\/\/cdn1.mediawpaccore.net\/wp-content\/uploads\/2026\/03\/08221516\/648327398_919947270781794_6074074842721884775_n1.jpg\" \/>\n\t<meta property=\"og:image:width\" content=\"1200\" \/>\n\t<meta property=\"og:image:height\" content=\"630\" \/>\n\t<meta property=\"og:image:type\" content=\"image\/jpeg\" \/>\n<meta name=\"author\" content=\"Kathy\" \/>\n<meta name=\"twitter:card\" content=\"summary_large_image\" \/>\n<meta name=\"twitter:creator\" content=\"@cuballama\" \/>\n<meta name=\"twitter:site\" content=\"@cuballama\" \/>\n<meta name=\"twitter:label1\" content=\"Escrito por\" \/>\n\t<meta name=\"twitter:data1\" content=\"Kathy\" \/>\n\t<meta name=\"twitter:label2\" content=\"Tiempo de lectura\" \/>\n\t<meta name=\"twitter:data2\" content=\"2 minutos\" \/>\n<script type=\"application\/ld+json\" class=\"yoast-schema-graph\">{\"@context\":\"https:\\\/\\\/schema.org\",\"@graph\":[{\"@type\":\"Article\",\"@id\":\"https:\\\/\\\/www.cuballama.com\\\/noticias\\\/acusan-a-cubano-por-ejercer-como-dentista-sin-licencia-en-texas-es-una-excelente-persona\\\/#article\",\"isPartOf\":{\"@id\":\"https:\\\/\\\/www.cuballama.com\\\/noticias\\\/acusan-a-cubano-por-ejercer-como-dentista-sin-licencia-en-texas-es-una-excelente-persona\\\/\"},\"author\":{\"name\":\"Kathy\",\"@id\":\"https:\\\/\\\/www.cuballama.com\\\/noticias\\\/#\\\/schema\\\/person\\\/86cd3e3f4974437f031211213bf892d5\"},\"headline\":\"Acusan a cubano por ejercer como dentista sin licencia en Texas: \u201cEs una excelente persona\u201d\",\"datePublished\":\"2026-03-09T12:47:55+00:00\",\"dateModified\":\"2026-03-09T12:47:57+00:00\",\"mainEntityOfPage\":{\"@id\":\"https:\\\/\\\/www.cuballama.com\\\/noticias\\\/acusan-a-cubano-por-ejercer-como-dentista-sin-licencia-en-texas-es-una-excelente-persona\\\/\"},\"wordCount\":277,\"commentCount\":0,\"publisher\":{\"@id\":\"https:\\\/\\\/www.cuballama.com\\\/noticias\\\/#organization\"},\"image\":{\"@id\":\"https:\\\/\\\/www.cuballama.com\\\/noticias\\\/acusan-a-cubano-por-ejercer-como-dentista-sin-licencia-en-texas-es-una-excelente-persona\\\/#primaryimage\"},\"thumbnailUrl\":\"https:\\\/\\\/cdn1.mediawpaccore.net\\\/wp-content\\\/uploads\\\/2026\\\/03\\\/08221516\\\/648327398_919947270781794_6074074842721884775_n1.jpg\",\"keywords\":[\"cubanos en Houston\",\"dentista cubano\",\"destacado\"],\"articleSection\":[\"Noticias\",\"USA\"],\"inLanguage\":\"es\",\"potentialAction\":[{\"@type\":\"CommentAction\",\"name\":\"Comment\",\"target\":[\"https:\\\/\\\/www.cuballama.com\\\/noticias\\\/acusan-a-cubano-por-ejercer-como-dentista-sin-licencia-en-texas-es-una-excelente-persona\\\/#respond\"]}]},{\"@type\":\"WebPage\",\"@id\":\"https:\\\/\\\/www.cuballama.com\\\/noticias\\\/acusan-a-cubano-por-ejercer-como-dentista-sin-licencia-en-texas-es-una-excelente-persona\\\/\",\"url\":\"https:\\\/\\\/www.cuballama.com\\\/noticias\\\/acusan-a-cubano-por-ejercer-como-dentista-sin-licencia-en-texas-es-una-excelente-persona\\\/\",\"name\":\"Acusan a cubano por ejercer como dentista sin licencia en Texas: \u201cEs una excelente persona\u201d - Cuballama Noticias\",\"isPartOf\":{\"@id\":\"https:\\\/\\\/www.cuballama.com\\\/noticias\\\/#website\"},\"primaryImageOfPage\":{\"@id\":\"https:\\\/\\\/www.cuballama.com\\\/noticias\\\/acusan-a-cubano-por-ejercer-como-dentista-sin-licencia-en-texas-es-una-excelente-persona\\\/#primaryimage\"},\"image\":{\"@id\":\"https:\\\/\\\/www.cuballama.com\\\/noticias\\\/acusan-a-cubano-por-ejercer-como-dentista-sin-licencia-en-texas-es-una-excelente-persona\\\/#primaryimage\"},\"thumbnailUrl\":\"https:\\\/\\\/cdn1.mediawpaccore.net\\\/wp-content\\\/uploads\\\/2026\\\/03\\\/08221516\\\/648327398_919947270781794_6074074842721884775_n1.jpg\",\"datePublished\":\"2026-03-09T12:47:55+00:00\",\"dateModified\":\"2026-03-09T12:47:57+00:00\",\"description\":\"Un dentista cubano identificado como Eduardo Rivero ha sido acusado de ejercer la odontolog\u00eda sin licencia en Texas.\",\"breadcrumb\":{\"@id\":\"https:\\\/\\\/www.cuballama.com\\\/noticias\\\/acusan-a-cubano-por-ejercer-como-dentista-sin-licencia-en-texas-es-una-excelente-persona\\\/#breadcrumb\"},\"inLanguage\":\"es\",\"potentialAction\":[{\"@type\":\"ReadAction\",\"target\":[\"https:\\\/\\\/www.cuballama.com\\\/noticias\\\/acusan-a-cubano-por-ejercer-como-dentista-sin-licencia-en-texas-es-una-excelente-persona\\\/\"]}]},{\"@type\":\"ImageObject\",\"inLanguage\":\"es\",\"@id\":\"https:\\\/\\\/www.cuballama.com\\\/noticias\\\/acusan-a-cubano-por-ejercer-como-dentista-sin-licencia-en-texas-es-una-excelente-persona\\\/#primaryimage\",\"url\":\"https:\\\/\\\/cdn1.mediawpaccore.net\\\/wp-content\\\/uploads\\\/2026\\\/03\\\/08221516\\\/648327398_919947270781794_6074074842721884775_n1.jpg\",\"contentUrl\":\"https:\\\/\\\/cdn1.mediawpaccore.net\\\/wp-content\\\/uploads\\\/2026\\\/03\\\/08221516\\\/648327398_919947270781794_6074074842721884775_n1.jpg\",\"width\":1200,\"height\":630,\"caption\":\"Eduardo Rivero. Foto: Facebook\\\/Daniel Ben\u00edtez.\"},{\"@type\":\"BreadcrumbList\",\"@id\":\"https:\\\/\\\/www.cuballama.com\\\/noticias\\\/acusan-a-cubano-por-ejercer-como-dentista-sin-licencia-en-texas-es-una-excelente-persona\\\/#breadcrumb\",\"itemListElement\":[{\"@type\":\"ListItem\",\"position\":1,\"name\":\"Home\",\"item\":\"https:\\\/\\\/www.cuballama.com\\\/noticias\\\/\"},{\"@type\":\"ListItem\",\"position\":2,\"name\":\"Acusan a cubano por ejercer como dentista sin licencia en Texas: \u201cEs una excelente persona\u201d\"}]},{\"@type\":\"WebSite\",\"@id\":\"https:\\\/\\\/www.cuballama.com\\\/noticias\\\/#website\",\"url\":\"https:\\\/\\\/www.cuballama.com\\\/noticias\\\/\",\"name\":\"Cuballama Noticias\",\"description\":\"Medio digital sobre Cuba y el mundo\",\"publisher\":{\"@id\":\"https:\\\/\\\/www.cuballama.com\\\/noticias\\\/#organization\"},\"potentialAction\":[{\"@type\":\"SearchAction\",\"target\":{\"@type\":\"EntryPoint\",\"urlTemplate\":\"https:\\\/\\\/www.cuballama.com\\\/noticias\\\/?s={search_term_string}\"},\"query-input\":{\"@type\":\"PropertyValueSpecification\",\"valueRequired\":true,\"valueName\":\"search_term_string\"}}],\"inLanguage\":\"es\"},{\"@type\":\"Organization\",\"@id\":\"https:\\\/\\\/www.cuballama.com\\\/noticias\\\/#organization\",\"name\":\"Cuballama\",\"url\":\"https:\\\/\\\/www.cuballama.com\\\/noticias\\\/\",\"logo\":{\"@type\":\"ImageObject\",\"inLanguage\":\"es\",\"@id\":\"https:\\\/\\\/www.cuballama.com\\\/noticias\\\/#\\\/schema\\\/logo\\\/image\\\/\",\"url\":\"https:\\\/\\\/cdn1.mediawpaccore.net\\\/wp-content\\\/uploads\\\/2021\\\/12\\\/28171206\\\/cbll-logo-color-sm.png\",\"contentUrl\":\"https:\\\/\\\/cdn1.mediawpaccore.net\\\/wp-content\\\/uploads\\\/2021\\\/12\\\/28171206\\\/cbll-logo-color-sm.png\",\"width\":600,\"height\":133,\"caption\":\"Cuballama\"},\"image\":{\"@id\":\"https:\\\/\\\/www.cuballama.com\\\/noticias\\\/#\\\/schema\\\/logo\\\/image\\\/\"},\"sameAs\":[\"https:\\\/\\\/www.facebook.com\\\/CubaLlama\",\"https:\\\/\\\/x.com\\\/cuballama\",\"https:\\\/\\\/www.instagram.com\\\/stories\\\/cuballama_oficial\\\/\",\"https:\\\/\\\/www.youtube.com\\\/channel\\\/UCKkFE-d_axENGZcrc4as0IA\"]},{\"@type\":\"Person\",\"@id\":\"https:\\\/\\\/www.cuballama.com\\\/noticias\\\/#\\\/schema\\\/person\\\/86cd3e3f4974437f031211213bf892d5\",\"name\":\"Kathy\",\"url\":\"https:\\\/\\\/www.cuballama.com\\\/noticias\\\/author\\\/kathy\\\/\"}]}<\/script>\n<!-- \/ Yoast SEO plugin. -->","yoast_head_json":{"title":"Acusan a cubano por ejercer como dentista sin licencia en Texas: \u201cEs una excelente persona\u201d - Cuballama Noticias","description":"Un dentista cubano identificado como Eduardo Rivero ha sido acusado de ejercer la odontolog\u00eda sin licencia en Texas.","robots":{"index":"index","follow":"follow","max-snippet":"max-snippet:-1","max-image-preview":"max-image-preview:large","max-video-preview":"max-video-preview:-1"},"canonical":"https:\/\/www.cuballama.com\/noticias\/acusan-a-cubano-por-ejercer-como-dentista-sin-licencia-en-texas-es-una-excelente-persona\/","og_locale":"es_ES","og_type":"article","og_title":"Acusan a cubano por ejercer como dentista sin licencia en Texas: \u201cEs una excelente persona\u201d - Cuballama Noticias","og_description":"Un dentista cubano identificado como Eduardo Rivero ha sido acusado de ejercer la odontolog\u00eda sin licencia en Texas.","og_url":"https:\/\/www.cuballama.com\/noticias\/acusan-a-cubano-por-ejercer-como-dentista-sin-licencia-en-texas-es-una-excelente-persona\/","og_site_name":"Cuballama Noticias","article_publisher":"https:\/\/www.facebook.com\/CubaLlama","article_published_time":"2026-03-09T12:47:55+00:00","article_modified_time":"2026-03-09T12:47:57+00:00","og_image":[{"width":1200,"height":630,"url":"https:\/\/cdn1.mediawpaccore.net\/wp-content\/uploads\/2026\/03\/08221516\/648327398_919947270781794_6074074842721884775_n1.jpg","type":"image\/jpeg"}],"author":"Kathy","twitter_card":"summary_large_image","twitter_creator":"@cuballama","twitter_site":"@cuballama","twitter_misc":{"Escrito por":"Kathy","Tiempo de lectura":"2 minutos"},"schema":{"@context":"https:\/\/schema.org","@graph":[{"@type":"Article","@id":"https:\/\/www.cuballama.com\/noticias\/acusan-a-cubano-por-ejercer-como-dentista-sin-licencia-en-texas-es-una-excelente-persona\/#article","isPartOf":{"@id":"https:\/\/www.cuballama.com\/noticias\/acusan-a-cubano-por-ejercer-como-dentista-sin-licencia-en-texas-es-una-excelente-persona\/"},"author":{"name":"Kathy","@id":"https:\/\/www.cuballama.com\/noticias\/#\/schema\/person\/86cd3e3f4974437f031211213bf892d5"},"headline":"Acusan a cubano por ejercer como dentista sin licencia en Texas: \u201cEs una excelente persona\u201d","datePublished":"2026-03-09T12:47:55+00:00","dateModified":"2026-03-09T12:47:57+00:00","mainEntityOfPage":{"@id":"https:\/\/www.cuballama.com\/noticias\/acusan-a-cubano-por-ejercer-como-dentista-sin-licencia-en-texas-es-una-excelente-persona\/"},"wordCount":277,"commentCount":0,"publisher":{"@id":"https:\/\/www.cuballama.com\/noticias\/#organization"},"image":{"@id":"https:\/\/www.cuballama.com\/noticias\/acusan-a-cubano-por-ejercer-como-dentista-sin-licencia-en-texas-es-una-excelente-persona\/#primaryimage"},"thumbnailUrl":"https:\/\/cdn1.mediawpaccore.net\/wp-content\/uploads\/2026\/03\/08221516\/648327398_919947270781794_6074074842721884775_n1.jpg","keywords":["cubanos en Houston","dentista cubano","destacado"],"articleSection":["Noticias","USA"],"inLanguage":"es","potentialAction":[{"@type":"CommentAction","name":"Comment","target":["https:\/\/www.cuballama.com\/noticias\/acusan-a-cubano-por-ejercer-como-dentista-sin-licencia-en-texas-es-una-excelente-persona\/#respond"]}]},{"@type":"WebPage","@id":"https:\/\/www.cuballama.com\/noticias\/acusan-a-cubano-por-ejercer-como-dentista-sin-licencia-en-texas-es-una-excelente-persona\/","url":"https:\/\/www.cuballama.com\/noticias\/acusan-a-cubano-por-ejercer-como-dentista-sin-licencia-en-texas-es-una-excelente-persona\/","name":"Acusan a cubano por ejercer como dentista sin licencia en Texas: \u201cEs una excelente persona\u201d - Cuballama Noticias","isPartOf":{"@id":"https:\/\/www.cuballama.com\/noticias\/#website"},"primaryImageOfPage":{"@id":"https:\/\/www.cuballama.com\/noticias\/acusan-a-cubano-por-ejercer-como-dentista-sin-licencia-en-texas-es-una-excelente-persona\/#primaryimage"},"image":{"@id":"https:\/\/www.cuballama.com\/noticias\/acusan-a-cubano-por-ejercer-como-dentista-sin-licencia-en-texas-es-una-excelente-persona\/#primaryimage"},"thumbnailUrl":"https:\/\/cdn1.mediawpaccore.net\/wp-content\/uploads\/2026\/03\/08221516\/648327398_919947270781794_6074074842721884775_n1.jpg","datePublished":"2026-03-09T12:47:55+00:00","dateModified":"2026-03-09T12:47:57+00:00","description":"Un dentista cubano identificado como Eduardo Rivero ha sido acusado de ejercer la odontolog\u00eda sin licencia en Texas.","breadcrumb":{"@id":"https:\/\/www.cuballama.com\/noticias\/acusan-a-cubano-por-ejercer-como-dentista-sin-licencia-en-texas-es-una-excelente-persona\/#breadcrumb"},"inLanguage":"es","potentialAction":[{"@type":"ReadAction","target":["https:\/\/www.cuballama.com\/noticias\/acusan-a-cubano-por-ejercer-como-dentista-sin-licencia-en-texas-es-una-excelente-persona\/"]}]},{"@type":"ImageObject","inLanguage":"es","@id":"https:\/\/www.cuballama.com\/noticias\/acusan-a-cubano-por-ejercer-como-dentista-sin-licencia-en-texas-es-una-excelente-persona\/#primaryimage","url":"https:\/\/cdn1.mediawpaccore.net\/wp-content\/uploads\/2026\/03\/08221516\/648327398_919947270781794_6074074842721884775_n1.jpg","contentUrl":"https:\/\/cdn1.mediawpaccore.net\/wp-content\/uploads\/2026\/03\/08221516\/648327398_919947270781794_6074074842721884775_n1.jpg","width":1200,"height":630,"caption":"Eduardo Rivero. Foto: Facebook\/Daniel Ben\u00edtez."},{"@type":"BreadcrumbList","@id":"https:\/\/www.cuballama.com\/noticias\/acusan-a-cubano-por-ejercer-como-dentista-sin-licencia-en-texas-es-una-excelente-persona\/#breadcrumb","itemListElement":[{"@type":"ListItem","position":1,"name":"Home","item":"https:\/\/www.cuballama.com\/noticias\/"},{"@type":"ListItem","position":2,"name":"Acusan a cubano por ejercer como dentista sin licencia en Texas: \u201cEs una excelente persona\u201d"}]},{"@type":"WebSite","@id":"https:\/\/www.cuballama.com\/noticias\/#website","url":"https:\/\/www.cuballama.com\/noticias\/","name":"Cuballama Noticias","description":"Medio digital sobre Cuba y el mundo","publisher":{"@id":"https:\/\/www.cuballama.com\/noticias\/#organization"},"potentialAction":[{"@type":"SearchAction","target":{"@type":"EntryPoint","urlTemplate":"https:\/\/www.cuballama.com\/noticias\/?s={search_term_string}"},"query-input":{"@type":"PropertyValueSpecification","valueRequired":true,"valueName":"search_term_string"}}],"inLanguage":"es"},{"@type":"Organization","@id":"https:\/\/www.cuballama.com\/noticias\/#organization","name":"Cuballama","url":"https:\/\/www.cuballama.com\/noticias\/","logo":{"@type":"ImageObject","inLanguage":"es","@id":"https:\/\/www.cuballama.com\/noticias\/#\/schema\/logo\/image\/","url":"https:\/\/cdn1.mediawpaccore.net\/wp-content\/uploads\/2021\/12\/28171206\/cbll-logo-color-sm.png","contentUrl":"https:\/\/cdn1.mediawpaccore.net\/wp-content\/uploads\/2021\/12\/28171206\/cbll-logo-color-sm.png","width":600,"height":133,"caption":"Cuballama"},"image":{"@id":"https:\/\/www.cuballama.com\/noticias\/#\/schema\/logo\/image\/"},"sameAs":["https:\/\/www.facebook.com\/CubaLlama","https:\/\/x.com\/cuballama","https:\/\/www.instagram.com\/stories\/cuballama_oficial\/","https:\/\/www.youtube.com\/channel\/UCKkFE-d_axENGZcrc4as0IA"]},{"@type":"Person","@id":"https:\/\/www.cuballama.com\/noticias\/#\/schema\/person\/86cd3e3f4974437f031211213bf892d5","name":"Kathy","url":"https:\/\/www.cuballama.com\/noticias\/author\/kathy\/"}]}},"_links":{"self":[{"href":"https:\/\/www.cuballama.com\/noticias\/wp-json\/wp\/v2\/posts\/237527","targetHints":{"allow":["GET"]}}],"collection":[{"href":"https:\/\/www.cuballama.com\/noticias\/wp-json\/wp\/v2\/posts"}],"about":[{"href":"https:\/\/www.cuballama.com\/noticias\/wp-json\/wp\/v2\/types\/post"}],"author":[{"embeddable":true,"href":"https:\/\/www.cuballama.com\/noticias\/wp-json\/wp\/v2\/users\/30"}],"replies":[{"embeddable":true,"href":"https:\/\/www.cuballama.com\/noticias\/wp-json\/wp\/v2\/comments?post=237527"}],"version-history":[{"count":4,"href":"https:\/\/www.cuballama.com\/noticias\/wp-json\/wp\/v2\/posts\/237527\/revisions"}],"predecessor-version":[{"id":237576,"href":"https:\/\/www.cuballama.com\/noticias\/wp-json\/wp\/v2\/posts\/237527\/revisions\/237576"}],"wp:featuredmedia":[{"embeddable":true,"href":"https:\/\/www.cuballama.com\/noticias\/wp-json\/wp\/v2\/media\/237530"}],"wp:attachment":[{"href":"https:\/\/www.cuballama.com\/noticias\/wp-json\/wp\/v2\/media?parent=237527"}],"wp:term":[{"taxonomy":"category","embeddable":true,"href":"https:\/\/www.cuballama.com\/noticias\/wp-json\/wp\/v2\/categories?post=237527"},{"taxonomy":"post_tag","embeddable":true,"href":"https:\/\/www.cuballama.com\/noticias\/wp-json\/wp\/v2\/tags?post=237527"}],"curies":[{"name":"wp","href":"https:\/\/api.w.org\/{rel}","templated":true}]}}