{"id":237519,"date":"2026-03-08T10:56:45","date_gmt":"2026-03-08T14:56:45","guid":{"rendered":"https:\/\/www.cuballama.com\/noticias\/?p=237519"},"modified":"2026-03-08T10:57:21","modified_gmt":"2026-03-08T14:57:21","slug":"cuba-no-acepto-al-chulo-el-cantante-aparece-en-mexico-tras-deportacion","status":"publish","type":"post","link":"https:\/\/www.cuballama.com\/noticias\/cuba-no-acepto-al-chulo-el-cantante-aparece-en-mexico-tras-deportacion\/","title":{"rendered":"\u00bfCuba no acept\u00f3 al Chulo? El cantante aparece en M\u00e9xico tras deportaci\u00f3n"},"content":{"rendered":"\n<p>El reguetonero cubano Abel D\u00edaz Rodr\u00edguez, conocido como El Chulo, ha sido deportado desde Estados Unidos a M\u00e9xico, seg\u00fan contenidos recientes en redes sociales vinculados al propio artista y su entorno.&nbsp;<\/p>\n\n\n\n<p>El cantante, una de las figuras m\u00e1s visibles del g\u00e9nero urbano cubano, fue detenido por el Servicio de Inmigraci\u00f3n y Control de Aduanas de los Estados Unidos (ICE) el pasado 22 de enero de 2026 en Miami debido a una orden de deportaci\u00f3n vigente desde hace a\u00f1os.&nbsp;<\/p>\n\n\n\n<p>El Chulo desapareci\u00f3 de los archivos de ICE y public\u00f3 en su cuenta oficial de <a href=\"chatgpt:\/\/generic-entity?number=2\">Instagram<\/a>, una frase en referencia al ambiente en la Ciudad de M\u00e9xico, lo que ha llevado a sus seguidores a interpretar que ha llegado al pa\u00eds azteca como parte del proceso migratorio.&nbsp;<br>\u201cQu\u00e9 rico est\u00e1 el DF. Viva M\u00e9xico Cabrones\u201d, escribi\u00f3 el artista.<\/p>\n\n\n\n<p>La orden de deportaci\u00f3n del cantante se origin\u00f3 tras un incidente ocurrido en 2014 en Tampa (Florida), relacionado con uso de arma de fuego, por el cual fue condenado.<\/p>\n\n\n\n<p>De acuerdo con las estad\u00edsticas en muchos casos de migrantes cubanos se recurre a terceros pa\u00edses como M\u00e9xico cuando el gobierno cubano no acepta recibirlos directamente. <\/p>\n\n\n\n<p> La situaci\u00f3n ha generado debate entre seguidores y en el entorno latino, donde se discute si esta acci\u00f3n representa una deportaci\u00f3n definitiva o si responde a una estrategia migratoria m\u00e1s amplia ante la falta de aceptaci\u00f3n por parte de las autoridades cubanas.&nbsp;<\/p>\n","protected":false},"excerpt":{"rendered":"<p>El reguetonero cubano Abel D\u00edaz Rodr\u00edguez, conocido como El Chulo, ha sido deportado desde Estados Unidos a M\u00e9xico.<\/p>\n","protected":false},"author":24,"featured_media":233273,"comment_status":"open","ping_status":"closed","sticky":false,"template":"","format":"standard","meta":{"_acf_changed":false,"footnotes":""},"categories":[443],"tags":[252,10867,11,12534,256,600,6160],"class_list":{"0":"post-237519","1":"post","2":"type-post","3":"status-publish","4":"format-standard","5":"has-post-thumbnail","7":"category-farandula","8":"tag-artistas-cubanos","9":"tag-crisis-en-cuba","10":"tag-cuba","11":"tag-el-chulo","12":"tag-miami","13":"tag-migrantes-cubanos","14":"tag-reguetoneros-cubanos"},"acf":[],"yoast_head":"<!-- This site is optimized with the Yoast SEO plugin v27.5 - https:\/\/yoast.com\/product\/yoast-seo-wordpress\/ -->\n<title>\u00bfCuba no acept\u00f3 al Chulo? El cantante aparece en M\u00e9xico tras deportaci\u00f3n - Cuballama Noticias<\/title>\n<meta name=\"robots\" content=\"index, follow, max-snippet:-1, max-image-preview:large, max-video-preview:-1\" \/>\n<link rel=\"canonical\" href=\"https:\/\/www.cuballama.com\/noticias\/cuba-no-acepto-al-chulo-el-cantante-aparece-en-mexico-tras-deportacion\/\" \/>\n<meta property=\"og:locale\" content=\"es_ES\" \/>\n<meta property=\"og:type\" content=\"article\" \/>\n<meta property=\"og:title\" content=\"\u00bfCuba no acept\u00f3 al Chulo? El cantante aparece en M\u00e9xico tras deportaci\u00f3n - Cuballama Noticias\" \/>\n<meta property=\"og:description\" content=\"El reguetonero cubano Abel D\u00edaz Rodr\u00edguez, conocido como El Chulo, ha sido deportado desde Estados Unidos a M\u00e9xico.\" \/>\n<meta property=\"og:url\" content=\"https:\/\/www.cuballama.com\/noticias\/cuba-no-acepto-al-chulo-el-cantante-aparece-en-mexico-tras-deportacion\/\" \/>\n<meta property=\"og:site_name\" content=\"Cuballama Noticias\" \/>\n<meta property=\"article:publisher\" content=\"https:\/\/www.facebook.com\/CubaLlama\" \/>\n<meta property=\"article:published_time\" content=\"2026-03-08T14:56:45+00:00\" \/>\n<meta property=\"article:modified_time\" content=\"2026-03-08T14:57:21+00:00\" \/>\n<meta property=\"og:image\" content=\"https:\/\/cdn1.mediawpaccore.net\/wp-content\/uploads\/2026\/01\/25195819\/Captura-de-pantalla_25-1-2026_194450_www.instagram.com_.jpg\" \/>\n\t<meta property=\"og:image:width\" content=\"1200\" \/>\n\t<meta property=\"og:image:height\" content=\"630\" \/>\n\t<meta property=\"og:image:type\" content=\"image\/jpeg\" \/>\n<meta name=\"author\" content=\"Manu\" \/>\n<meta name=\"twitter:card\" content=\"summary_large_image\" \/>\n<meta name=\"twitter:creator\" content=\"@cuballama\" \/>\n<meta name=\"twitter:site\" content=\"@cuballama\" \/>\n<meta name=\"twitter:label1\" content=\"Escrito por\" \/>\n\t<meta name=\"twitter:data1\" content=\"Manu\" \/>\n\t<meta name=\"twitter:label2\" content=\"Tiempo de lectura\" \/>\n\t<meta name=\"twitter:data2\" content=\"2 minutos\" \/>\n<script type=\"application\/ld+json\" class=\"yoast-schema-graph\">{\"@context\":\"https:\\\/\\\/schema.org\",\"@graph\":[{\"@type\":\"Article\",\"@id\":\"https:\\\/\\\/www.cuballama.com\\\/noticias\\\/cuba-no-acepto-al-chulo-el-cantante-aparece-en-mexico-tras-deportacion\\\/#article\",\"isPartOf\":{\"@id\":\"https:\\\/\\\/www.cuballama.com\\\/noticias\\\/cuba-no-acepto-al-chulo-el-cantante-aparece-en-mexico-tras-deportacion\\\/\"},\"author\":{\"name\":\"Manu\",\"@id\":\"https:\\\/\\\/www.cuballama.com\\\/noticias\\\/#\\\/schema\\\/person\\\/5889f7d070564f8386e7944d14d436cd\"},\"headline\":\"\u00bfCuba no acept\u00f3 al Chulo? El cantante aparece en M\u00e9xico tras deportaci\u00f3n\",\"datePublished\":\"2026-03-08T14:56:45+00:00\",\"dateModified\":\"2026-03-08T14:57:21+00:00\",\"mainEntityOfPage\":{\"@id\":\"https:\\\/\\\/www.cuballama.com\\\/noticias\\\/cuba-no-acepto-al-chulo-el-cantante-aparece-en-mexico-tras-deportacion\\\/\"},\"wordCount\":269,\"commentCount\":0,\"publisher\":{\"@id\":\"https:\\\/\\\/www.cuballama.com\\\/noticias\\\/#organization\"},\"image\":{\"@id\":\"https:\\\/\\\/www.cuballama.com\\\/noticias\\\/cuba-no-acepto-al-chulo-el-cantante-aparece-en-mexico-tras-deportacion\\\/#primaryimage\"},\"thumbnailUrl\":\"https:\\\/\\\/cdn1.mediawpaccore.net\\\/wp-content\\\/uploads\\\/2026\\\/01\\\/25195819\\\/Captura-de-pantalla_25-1-2026_194450_www.instagram.com_.jpg\",\"keywords\":[\"Artistas cubanos\",\"Crisis en Cuba\",\"Cuba\",\"El Chulo\",\"Miami\",\"Migrantes cubanos\",\"Reguetoneros cubanos\"],\"articleSection\":[\"Far\u00e1ndula\"],\"inLanguage\":\"es\",\"potentialAction\":[{\"@type\":\"CommentAction\",\"name\":\"Comment\",\"target\":[\"https:\\\/\\\/www.cuballama.com\\\/noticias\\\/cuba-no-acepto-al-chulo-el-cantante-aparece-en-mexico-tras-deportacion\\\/#respond\"]}]},{\"@type\":\"WebPage\",\"@id\":\"https:\\\/\\\/www.cuballama.com\\\/noticias\\\/cuba-no-acepto-al-chulo-el-cantante-aparece-en-mexico-tras-deportacion\\\/\",\"url\":\"https:\\\/\\\/www.cuballama.com\\\/noticias\\\/cuba-no-acepto-al-chulo-el-cantante-aparece-en-mexico-tras-deportacion\\\/\",\"name\":\"\u00bfCuba no acept\u00f3 al Chulo? El cantante aparece en M\u00e9xico tras deportaci\u00f3n - Cuballama Noticias\",\"isPartOf\":{\"@id\":\"https:\\\/\\\/www.cuballama.com\\\/noticias\\\/#website\"},\"primaryImageOfPage\":{\"@id\":\"https:\\\/\\\/www.cuballama.com\\\/noticias\\\/cuba-no-acepto-al-chulo-el-cantante-aparece-en-mexico-tras-deportacion\\\/#primaryimage\"},\"image\":{\"@id\":\"https:\\\/\\\/www.cuballama.com\\\/noticias\\\/cuba-no-acepto-al-chulo-el-cantante-aparece-en-mexico-tras-deportacion\\\/#primaryimage\"},\"thumbnailUrl\":\"https:\\\/\\\/cdn1.mediawpaccore.net\\\/wp-content\\\/uploads\\\/2026\\\/01\\\/25195819\\\/Captura-de-pantalla_25-1-2026_194450_www.instagram.com_.jpg\",\"datePublished\":\"2026-03-08T14:56:45+00:00\",\"dateModified\":\"2026-03-08T14:57:21+00:00\",\"breadcrumb\":{\"@id\":\"https:\\\/\\\/www.cuballama.com\\\/noticias\\\/cuba-no-acepto-al-chulo-el-cantante-aparece-en-mexico-tras-deportacion\\\/#breadcrumb\"},\"inLanguage\":\"es\",\"potentialAction\":[{\"@type\":\"ReadAction\",\"target\":[\"https:\\\/\\\/www.cuballama.com\\\/noticias\\\/cuba-no-acepto-al-chulo-el-cantante-aparece-en-mexico-tras-deportacion\\\/\"]}]},{\"@type\":\"ImageObject\",\"inLanguage\":\"es\",\"@id\":\"https:\\\/\\\/www.cuballama.com\\\/noticias\\\/cuba-no-acepto-al-chulo-el-cantante-aparece-en-mexico-tras-deportacion\\\/#primaryimage\",\"url\":\"https:\\\/\\\/cdn1.mediawpaccore.net\\\/wp-content\\\/uploads\\\/2026\\\/01\\\/25195819\\\/Captura-de-pantalla_25-1-2026_194450_www.instagram.com_.jpg\",\"contentUrl\":\"https:\\\/\\\/cdn1.mediawpaccore.net\\\/wp-content\\\/uploads\\\/2026\\\/01\\\/25195819\\\/Captura-de-pantalla_25-1-2026_194450_www.instagram.com_.jpg\",\"width\":1200,\"height\":630,\"caption\":\"El Chulo. Foto: Instagram\\\/El Chulo.\"},{\"@type\":\"BreadcrumbList\",\"@id\":\"https:\\\/\\\/www.cuballama.com\\\/noticias\\\/cuba-no-acepto-al-chulo-el-cantante-aparece-en-mexico-tras-deportacion\\\/#breadcrumb\",\"itemListElement\":[{\"@type\":\"ListItem\",\"position\":1,\"name\":\"Home\",\"item\":\"https:\\\/\\\/www.cuballama.com\\\/noticias\\\/\"},{\"@type\":\"ListItem\",\"position\":2,\"name\":\"\u00bfCuba no acept\u00f3 al Chulo? El cantante aparece en M\u00e9xico tras deportaci\u00f3n\"}]},{\"@type\":\"WebSite\",\"@id\":\"https:\\\/\\\/www.cuballama.com\\\/noticias\\\/#website\",\"url\":\"https:\\\/\\\/www.cuballama.com\\\/noticias\\\/\",\"name\":\"Cuballama Noticias\",\"description\":\"Medio digital sobre Cuba y el mundo\",\"publisher\":{\"@id\":\"https:\\\/\\\/www.cuballama.com\\\/noticias\\\/#organization\"},\"potentialAction\":[{\"@type\":\"SearchAction\",\"target\":{\"@type\":\"EntryPoint\",\"urlTemplate\":\"https:\\\/\\\/www.cuballama.com\\\/noticias\\\/?s={search_term_string}\"},\"query-input\":{\"@type\":\"PropertyValueSpecification\",\"valueRequired\":true,\"valueName\":\"search_term_string\"}}],\"inLanguage\":\"es\"},{\"@type\":\"Organization\",\"@id\":\"https:\\\/\\\/www.cuballama.com\\\/noticias\\\/#organization\",\"name\":\"Cuballama\",\"url\":\"https:\\\/\\\/www.cuballama.com\\\/noticias\\\/\",\"logo\":{\"@type\":\"ImageObject\",\"inLanguage\":\"es\",\"@id\":\"https:\\\/\\\/www.cuballama.com\\\/noticias\\\/#\\\/schema\\\/logo\\\/image\\\/\",\"url\":\"https:\\\/\\\/cdn1.mediawpaccore.net\\\/wp-content\\\/uploads\\\/2021\\\/12\\\/28171206\\\/cbll-logo-color-sm.png\",\"contentUrl\":\"https:\\\/\\\/cdn1.mediawpaccore.net\\\/wp-content\\\/uploads\\\/2021\\\/12\\\/28171206\\\/cbll-logo-color-sm.png\",\"width\":600,\"height\":133,\"caption\":\"Cuballama\"},\"image\":{\"@id\":\"https:\\\/\\\/www.cuballama.com\\\/noticias\\\/#\\\/schema\\\/logo\\\/image\\\/\"},\"sameAs\":[\"https:\\\/\\\/www.facebook.com\\\/CubaLlama\",\"https:\\\/\\\/x.com\\\/cuballama\",\"https:\\\/\\\/www.instagram.com\\\/stories\\\/cuballama_oficial\\\/\",\"https:\\\/\\\/www.youtube.com\\\/channel\\\/UCKkFE-d_axENGZcrc4as0IA\"]},{\"@type\":\"Person\",\"@id\":\"https:\\\/\\\/www.cuballama.com\\\/noticias\\\/#\\\/schema\\\/person\\\/5889f7d070564f8386e7944d14d436cd\",\"name\":\"Manu\",\"url\":\"https:\\\/\\\/www.cuballama.com\\\/noticias\\\/author\\\/manu\\\/\"}]}<\/script>\n<!-- \/ Yoast SEO plugin. -->","yoast_head_json":{"title":"\u00bfCuba no acept\u00f3 al Chulo? El cantante aparece en M\u00e9xico tras deportaci\u00f3n - Cuballama Noticias","robots":{"index":"index","follow":"follow","max-snippet":"max-snippet:-1","max-image-preview":"max-image-preview:large","max-video-preview":"max-video-preview:-1"},"canonical":"https:\/\/www.cuballama.com\/noticias\/cuba-no-acepto-al-chulo-el-cantante-aparece-en-mexico-tras-deportacion\/","og_locale":"es_ES","og_type":"article","og_title":"\u00bfCuba no acept\u00f3 al Chulo? El cantante aparece en M\u00e9xico tras deportaci\u00f3n - Cuballama Noticias","og_description":"El reguetonero cubano Abel D\u00edaz Rodr\u00edguez, conocido como El Chulo, ha sido deportado desde Estados Unidos a M\u00e9xico.","og_url":"https:\/\/www.cuballama.com\/noticias\/cuba-no-acepto-al-chulo-el-cantante-aparece-en-mexico-tras-deportacion\/","og_site_name":"Cuballama Noticias","article_publisher":"https:\/\/www.facebook.com\/CubaLlama","article_published_time":"2026-03-08T14:56:45+00:00","article_modified_time":"2026-03-08T14:57:21+00:00","og_image":[{"width":1200,"height":630,"url":"https:\/\/cdn1.mediawpaccore.net\/wp-content\/uploads\/2026\/01\/25195819\/Captura-de-pantalla_25-1-2026_194450_www.instagram.com_.jpg","type":"image\/jpeg"}],"author":"Manu","twitter_card":"summary_large_image","twitter_creator":"@cuballama","twitter_site":"@cuballama","twitter_misc":{"Escrito por":"Manu","Tiempo de lectura":"2 minutos"},"schema":{"@context":"https:\/\/schema.org","@graph":[{"@type":"Article","@id":"https:\/\/www.cuballama.com\/noticias\/cuba-no-acepto-al-chulo-el-cantante-aparece-en-mexico-tras-deportacion\/#article","isPartOf":{"@id":"https:\/\/www.cuballama.com\/noticias\/cuba-no-acepto-al-chulo-el-cantante-aparece-en-mexico-tras-deportacion\/"},"author":{"name":"Manu","@id":"https:\/\/www.cuballama.com\/noticias\/#\/schema\/person\/5889f7d070564f8386e7944d14d436cd"},"headline":"\u00bfCuba no acept\u00f3 al Chulo? El cantante aparece en M\u00e9xico tras deportaci\u00f3n","datePublished":"2026-03-08T14:56:45+00:00","dateModified":"2026-03-08T14:57:21+00:00","mainEntityOfPage":{"@id":"https:\/\/www.cuballama.com\/noticias\/cuba-no-acepto-al-chulo-el-cantante-aparece-en-mexico-tras-deportacion\/"},"wordCount":269,"commentCount":0,"publisher":{"@id":"https:\/\/www.cuballama.com\/noticias\/#organization"},"image":{"@id":"https:\/\/www.cuballama.com\/noticias\/cuba-no-acepto-al-chulo-el-cantante-aparece-en-mexico-tras-deportacion\/#primaryimage"},"thumbnailUrl":"https:\/\/cdn1.mediawpaccore.net\/wp-content\/uploads\/2026\/01\/25195819\/Captura-de-pantalla_25-1-2026_194450_www.instagram.com_.jpg","keywords":["Artistas cubanos","Crisis en Cuba","Cuba","El Chulo","Miami","Migrantes cubanos","Reguetoneros cubanos"],"articleSection":["Far\u00e1ndula"],"inLanguage":"es","potentialAction":[{"@type":"CommentAction","name":"Comment","target":["https:\/\/www.cuballama.com\/noticias\/cuba-no-acepto-al-chulo-el-cantante-aparece-en-mexico-tras-deportacion\/#respond"]}]},{"@type":"WebPage","@id":"https:\/\/www.cuballama.com\/noticias\/cuba-no-acepto-al-chulo-el-cantante-aparece-en-mexico-tras-deportacion\/","url":"https:\/\/www.cuballama.com\/noticias\/cuba-no-acepto-al-chulo-el-cantante-aparece-en-mexico-tras-deportacion\/","name":"\u00bfCuba no acept\u00f3 al Chulo? El cantante aparece en M\u00e9xico tras deportaci\u00f3n - Cuballama Noticias","isPartOf":{"@id":"https:\/\/www.cuballama.com\/noticias\/#website"},"primaryImageOfPage":{"@id":"https:\/\/www.cuballama.com\/noticias\/cuba-no-acepto-al-chulo-el-cantante-aparece-en-mexico-tras-deportacion\/#primaryimage"},"image":{"@id":"https:\/\/www.cuballama.com\/noticias\/cuba-no-acepto-al-chulo-el-cantante-aparece-en-mexico-tras-deportacion\/#primaryimage"},"thumbnailUrl":"https:\/\/cdn1.mediawpaccore.net\/wp-content\/uploads\/2026\/01\/25195819\/Captura-de-pantalla_25-1-2026_194450_www.instagram.com_.jpg","datePublished":"2026-03-08T14:56:45+00:00","dateModified":"2026-03-08T14:57:21+00:00","breadcrumb":{"@id":"https:\/\/www.cuballama.com\/noticias\/cuba-no-acepto-al-chulo-el-cantante-aparece-en-mexico-tras-deportacion\/#breadcrumb"},"inLanguage":"es","potentialAction":[{"@type":"ReadAction","target":["https:\/\/www.cuballama.com\/noticias\/cuba-no-acepto-al-chulo-el-cantante-aparece-en-mexico-tras-deportacion\/"]}]},{"@type":"ImageObject","inLanguage":"es","@id":"https:\/\/www.cuballama.com\/noticias\/cuba-no-acepto-al-chulo-el-cantante-aparece-en-mexico-tras-deportacion\/#primaryimage","url":"https:\/\/cdn1.mediawpaccore.net\/wp-content\/uploads\/2026\/01\/25195819\/Captura-de-pantalla_25-1-2026_194450_www.instagram.com_.jpg","contentUrl":"https:\/\/cdn1.mediawpaccore.net\/wp-content\/uploads\/2026\/01\/25195819\/Captura-de-pantalla_25-1-2026_194450_www.instagram.com_.jpg","width":1200,"height":630,"caption":"El Chulo. Foto: Instagram\/El Chulo."},{"@type":"BreadcrumbList","@id":"https:\/\/www.cuballama.com\/noticias\/cuba-no-acepto-al-chulo-el-cantante-aparece-en-mexico-tras-deportacion\/#breadcrumb","itemListElement":[{"@type":"ListItem","position":1,"name":"Home","item":"https:\/\/www.cuballama.com\/noticias\/"},{"@type":"ListItem","position":2,"name":"\u00bfCuba no acept\u00f3 al Chulo? El cantante aparece en M\u00e9xico tras deportaci\u00f3n"}]},{"@type":"WebSite","@id":"https:\/\/www.cuballama.com\/noticias\/#website","url":"https:\/\/www.cuballama.com\/noticias\/","name":"Cuballama Noticias","description":"Medio digital sobre Cuba y el mundo","publisher":{"@id":"https:\/\/www.cuballama.com\/noticias\/#organization"},"potentialAction":[{"@type":"SearchAction","target":{"@type":"EntryPoint","urlTemplate":"https:\/\/www.cuballama.com\/noticias\/?s={search_term_string}"},"query-input":{"@type":"PropertyValueSpecification","valueRequired":true,"valueName":"search_term_string"}}],"inLanguage":"es"},{"@type":"Organization","@id":"https:\/\/www.cuballama.com\/noticias\/#organization","name":"Cuballama","url":"https:\/\/www.cuballama.com\/noticias\/","logo":{"@type":"ImageObject","inLanguage":"es","@id":"https:\/\/www.cuballama.com\/noticias\/#\/schema\/logo\/image\/","url":"https:\/\/cdn1.mediawpaccore.net\/wp-content\/uploads\/2021\/12\/28171206\/cbll-logo-color-sm.png","contentUrl":"https:\/\/cdn1.mediawpaccore.net\/wp-content\/uploads\/2021\/12\/28171206\/cbll-logo-color-sm.png","width":600,"height":133,"caption":"Cuballama"},"image":{"@id":"https:\/\/www.cuballama.com\/noticias\/#\/schema\/logo\/image\/"},"sameAs":["https:\/\/www.facebook.com\/CubaLlama","https:\/\/x.com\/cuballama","https:\/\/www.instagram.com\/stories\/cuballama_oficial\/","https:\/\/www.youtube.com\/channel\/UCKkFE-d_axENGZcrc4as0IA"]},{"@type":"Person","@id":"https:\/\/www.cuballama.com\/noticias\/#\/schema\/person\/5889f7d070564f8386e7944d14d436cd","name":"Manu","url":"https:\/\/www.cuballama.com\/noticias\/author\/manu\/"}]}},"_links":{"self":[{"href":"https:\/\/www.cuballama.com\/noticias\/wp-json\/wp\/v2\/posts\/237519","targetHints":{"allow":["GET"]}}],"collection":[{"href":"https:\/\/www.cuballama.com\/noticias\/wp-json\/wp\/v2\/posts"}],"about":[{"href":"https:\/\/www.cuballama.com\/noticias\/wp-json\/wp\/v2\/types\/post"}],"author":[{"embeddable":true,"href":"https:\/\/www.cuballama.com\/noticias\/wp-json\/wp\/v2\/users\/24"}],"replies":[{"embeddable":true,"href":"https:\/\/www.cuballama.com\/noticias\/wp-json\/wp\/v2\/comments?post=237519"}],"version-history":[{"count":4,"href":"https:\/\/www.cuballama.com\/noticias\/wp-json\/wp\/v2\/posts\/237519\/revisions"}],"predecessor-version":[{"id":237523,"href":"https:\/\/www.cuballama.com\/noticias\/wp-json\/wp\/v2\/posts\/237519\/revisions\/237523"}],"wp:featuredmedia":[{"embeddable":true,"href":"https:\/\/www.cuballama.com\/noticias\/wp-json\/wp\/v2\/media\/233273"}],"wp:attachment":[{"href":"https:\/\/www.cuballama.com\/noticias\/wp-json\/wp\/v2\/media?parent=237519"}],"wp:term":[{"taxonomy":"category","embeddable":true,"href":"https:\/\/www.cuballama.com\/noticias\/wp-json\/wp\/v2\/categories?post=237519"},{"taxonomy":"post_tag","embeddable":true,"href":"https:\/\/www.cuballama.com\/noticias\/wp-json\/wp\/v2\/tags?post=237519"}],"curies":[{"name":"wp","href":"https:\/\/api.w.org\/{rel}","templated":true}]}}