{"id":237514,"date":"2026-03-08T09:41:31","date_gmt":"2026-03-08T13:41:31","guid":{"rendered":"https:\/\/www.cuballama.com\/noticias\/?p=237514"},"modified":"2026-03-08T11:54:20","modified_gmt":"2026-03-08T15:54:20","slug":"ee-uu-no-ha-dicho-quienes-son-los-cubanos-para-no-arriesgar-negociacion-dice-vocera","status":"publish","type":"post","link":"https:\/\/www.cuballama.com\/noticias\/ee-uu-no-ha-dicho-quienes-son-los-cubanos-para-no-arriesgar-negociacion-dice-vocera\/","title":{"rendered":"EE.UU. no ha dicho qui\u00e9nes son los cubanos para no arriesgar negociaci\u00f3n dice vocera"},"content":{"rendered":"\n<p>Una funcionaria del Departamento de Estado de EE.UU dijo a Televisi\u00f3n Espa\u00f1ola que la Administraci\u00f3n Trump no ha develado los nombres de los oficiales cubanos con qui\u00e9nes est\u00e1 discutiendo el futuro de la Isla comunista \u00abposiblemente\u00bb para no poner en peligro las \u00abnegociaciones\u00bb.<\/p>\n\n\n\n<p>Natalia Molano, portavoz en Espa\u00f1ol del Departamento de Estado y directora del Centro de Medios de MIami, dio las declaraciones al t\u00e9rmino de la jornada inaugural de una cumbre de presidentes latinoamericanos y caribe\u00f1os convocada en el sur de La Florida por Donald Trump para el lanzamiento del \u00abEscudo de las Am\u00e9ricas\u00bb, que como ejes plantea el combate contra el crimen organizado, la inmigraci\u00f3n ilegal y la injerencia extranjera en el continente.<\/p>\n\n\n\n<p>\u00bfEst\u00e1 hablando Marco Rubio con el nieto de Ra\u00fal Castro? , le pregunt\u00f3 la enviada especial de RTVE.<\/p>\n\n\n\n<p>\u00abHoy lo que dijo el presidente no es nada nuevo de lo que \u00e9l ha dicho (sobre Cuba) en los \u00faltimos d\u00edas. Dijo que el secretario Rubio est\u00e1 liderando esas negociaciones, esas conversaciones y es del inter\u00e9s del r\u00e9gimen cubano seguir con las mismas. No estamos hablando de qui\u00e9nes son los interlocutores con los que estamos hablando. El secretario Rubio no lo ha compartido, posiblemente para no poner en riesgo esas conversaciones y discusiones que est\u00e1n sucediendo. Lo que s\u00ed dej\u00f3 claro el presidente que Cuba ya est\u00e1 en las \u00faltimas. Lo que queremos es seguir presionando al r\u00e9gimen cubano para que tomen la decisi\u00f3n inteligente para su pueblo\u00bb, dijo Molano.<\/p>\n\n\n\n<p>\u00bfY si esa presi\u00f3n no funciona se plantea el presidente atacar a Cuba? cuestion\u00f3 la corresponsal espa\u00f1ola en Washington.<\/p>\n\n\n\n<p>\u00abYo creo que no podemos ponerle palabras al presidente en lo que \u00e9l considere hacer o no hacer en el futuro. El propio secretario Rubio analiza muy bien estas situaciones y \u00e9l ser\u00e1 quien le va a aconsejar de pasos a seguir\u00bb,  precis\u00f3 la funcionaria durante la entrevista desde el resort del republicano en Doral, sede del encuentro con la docena de mandatarios&nbsp; de la regi\u00f3n afines a su \u00abDoctrina Donroe\u00bb, su versi\u00f3n de la hist\u00f3rica \u00abDoctrina Monroe\u00bb que concret\u00f3 en la realidad el 3 de enero en Caracas con la captura violenta del sucesor en el poder de Hugo Ch\u00e1vez, Nicol\u00e1s Maduro.<\/p>\n\n\n\n<p>Manteniendo el secretismo sobre estas \u00abnegociaciones\u00bb, conversaciones\u00bb , \u00abintercambios\u00bb o comoquiera se quieran definir, el mandatario Miguel D\u00edaz-Canel calific\u00f3 el foro de Miami en su cuenta X de \u00abpeque\u00f1a Cumbre reaccionaria y neocolonial\u00bb, que compromete a esos gobiernos de derecha a \u00abaceptar el uso letal de fuerza militar estadounidense para resolver problemas internos, el orden y tranquilidad de sus pa\u00edses\u00bb.<\/p>\n\n\n\n<p>A\u00f1adi\u00f3 que la coalici\u00f3n Escudo de las Am\u00e9ricas es \u00abun atentado\u00bb contra la denominada Proclama de Am\u00e9rica&nbsp; Latina y el Caribe como \u00abZona de Paz\u00bb firmada en La Habana el 29 de enero de 2014.<\/p>\n\n\n\n<p>&nbsp;El gobernante cubano consider\u00f3 tambi\u00e9n que la&nbsp; iniciativa estadounidense \u00abes un ataque a las aspiraciones de integraci\u00f3n regional\u00bb y \u00abuna manifestaci\u00f3n de la disposici\u00f3n a subordinarse ante los intereses del poderoso vecino del Norte bajo los preceptos de la Doctrina Monroe\u00bb.<\/p>\n\n\n\n<p><\/p>\n","protected":false},"excerpt":{"rendered":"<p>\u00bfEst\u00e1 hablando Marco Rubio con el nieto de Ra\u00fal Castro? , le pregunt\u00f3 la enviada especial de RTVE.<\/p>\n","protected":false},"author":24,"featured_media":202857,"comment_status":"open","ping_status":"closed","sticky":false,"template":"","format":"standard","meta":{"_acf_changed":false,"footnotes":""},"categories":[18,955],"tags":[10867,11,12175,1212,256,600,11017,7651],"class_list":{"0":"post-237514","1":"post","2":"type-post","3":"status-publish","4":"format-standard","5":"has-post-thumbnail","7":"category-noticias","8":"category-noticias-de-cuba","9":"tag-crisis-en-cuba","10":"tag-cuba","11":"tag-diaz-canel-3","12":"tag-marco-rubio","13":"tag-miami","14":"tag-migrantes-cubanos","15":"tag-superdestacado","16":"tag-trump"},"acf":[],"yoast_head":"<!-- This site is optimized with the Yoast SEO plugin v27.5 - https:\/\/yoast.com\/product\/yoast-seo-wordpress\/ -->\n<title>EE.UU. no ha dicho qui\u00e9nes son los cubanos para no arriesgar negociaci\u00f3n dice vocera - Cuballama Noticias<\/title>\n<meta name=\"robots\" content=\"index, follow, max-snippet:-1, max-image-preview:large, max-video-preview:-1\" \/>\n<link rel=\"canonical\" href=\"https:\/\/www.cuballama.com\/noticias\/ee-uu-no-ha-dicho-quienes-son-los-cubanos-para-no-arriesgar-negociacion-dice-vocera\/\" \/>\n<meta property=\"og:locale\" content=\"es_ES\" \/>\n<meta property=\"og:type\" content=\"article\" \/>\n<meta property=\"og:title\" content=\"EE.UU. no ha dicho qui\u00e9nes son los cubanos para no arriesgar negociaci\u00f3n dice vocera - Cuballama Noticias\" \/>\n<meta property=\"og:description\" content=\"\u00bfEst\u00e1 hablando Marco Rubio con el nieto de Ra\u00fal Castro? , le pregunt\u00f3 la enviada especial de RTVE.\" \/>\n<meta property=\"og:url\" content=\"https:\/\/www.cuballama.com\/noticias\/ee-uu-no-ha-dicho-quienes-son-los-cubanos-para-no-arriesgar-negociacion-dice-vocera\/\" \/>\n<meta property=\"og:site_name\" content=\"Cuballama Noticias\" \/>\n<meta property=\"article:publisher\" content=\"https:\/\/www.facebook.com\/CubaLlama\" \/>\n<meta property=\"article:published_time\" content=\"2026-03-08T13:41:31+00:00\" \/>\n<meta property=\"article:modified_time\" content=\"2026-03-08T15:54:20+00:00\" \/>\n<meta property=\"og:image\" content=\"https:\/\/cdn1.mediawpaccore.net\/wp-content\/uploads\/2025\/03\/28091820\/Gl4CZtmXkAAS1w8.jpg\" \/>\n\t<meta property=\"og:image:width\" content=\"1200\" \/>\n\t<meta property=\"og:image:height\" content=\"630\" \/>\n\t<meta property=\"og:image:type\" content=\"image\/jpeg\" \/>\n<meta name=\"author\" content=\"Manu\" \/>\n<meta name=\"twitter:card\" content=\"summary_large_image\" \/>\n<meta name=\"twitter:creator\" content=\"@cuballama\" \/>\n<meta name=\"twitter:site\" content=\"@cuballama\" \/>\n<meta name=\"twitter:label1\" content=\"Escrito por\" \/>\n\t<meta name=\"twitter:data1\" content=\"Manu\" \/>\n\t<meta name=\"twitter:label2\" content=\"Tiempo de lectura\" \/>\n\t<meta name=\"twitter:data2\" content=\"3 minutos\" \/>\n<script type=\"application\/ld+json\" class=\"yoast-schema-graph\">{\"@context\":\"https:\\\/\\\/schema.org\",\"@graph\":[{\"@type\":\"Article\",\"@id\":\"https:\\\/\\\/www.cuballama.com\\\/noticias\\\/ee-uu-no-ha-dicho-quienes-son-los-cubanos-para-no-arriesgar-negociacion-dice-vocera\\\/#article\",\"isPartOf\":{\"@id\":\"https:\\\/\\\/www.cuballama.com\\\/noticias\\\/ee-uu-no-ha-dicho-quienes-son-los-cubanos-para-no-arriesgar-negociacion-dice-vocera\\\/\"},\"author\":{\"name\":\"Manu\",\"@id\":\"https:\\\/\\\/www.cuballama.com\\\/noticias\\\/#\\\/schema\\\/person\\\/5889f7d070564f8386e7944d14d436cd\"},\"headline\":\"EE.UU. no ha dicho qui\u00e9nes son los cubanos para no arriesgar negociaci\u00f3n dice vocera\",\"datePublished\":\"2026-03-08T13:41:31+00:00\",\"dateModified\":\"2026-03-08T15:54:20+00:00\",\"mainEntityOfPage\":{\"@id\":\"https:\\\/\\\/www.cuballama.com\\\/noticias\\\/ee-uu-no-ha-dicho-quienes-son-los-cubanos-para-no-arriesgar-negociacion-dice-vocera\\\/\"},\"wordCount\":554,\"commentCount\":0,\"publisher\":{\"@id\":\"https:\\\/\\\/www.cuballama.com\\\/noticias\\\/#organization\"},\"image\":{\"@id\":\"https:\\\/\\\/www.cuballama.com\\\/noticias\\\/ee-uu-no-ha-dicho-quienes-son-los-cubanos-para-no-arriesgar-negociacion-dice-vocera\\\/#primaryimage\"},\"thumbnailUrl\":\"https:\\\/\\\/cdn1.mediawpaccore.net\\\/wp-content\\\/uploads\\\/2025\\\/03\\\/28091820\\\/Gl4CZtmXkAAS1w8.jpg\",\"keywords\":[\"Crisis en Cuba\",\"Cuba\",\"Diaz Canel\",\"Marco Rubio\",\"Miami\",\"Migrantes cubanos\",\"superdestacado\",\"Trump\"],\"articleSection\":[\"Noticias\",\"Noticias de Cuba\"],\"inLanguage\":\"es\",\"potentialAction\":[{\"@type\":\"CommentAction\",\"name\":\"Comment\",\"target\":[\"https:\\\/\\\/www.cuballama.com\\\/noticias\\\/ee-uu-no-ha-dicho-quienes-son-los-cubanos-para-no-arriesgar-negociacion-dice-vocera\\\/#respond\"]}]},{\"@type\":\"WebPage\",\"@id\":\"https:\\\/\\\/www.cuballama.com\\\/noticias\\\/ee-uu-no-ha-dicho-quienes-son-los-cubanos-para-no-arriesgar-negociacion-dice-vocera\\\/\",\"url\":\"https:\\\/\\\/www.cuballama.com\\\/noticias\\\/ee-uu-no-ha-dicho-quienes-son-los-cubanos-para-no-arriesgar-negociacion-dice-vocera\\\/\",\"name\":\"EE.UU. no ha dicho qui\u00e9nes son los cubanos para no arriesgar negociaci\u00f3n dice vocera - Cuballama Noticias\",\"isPartOf\":{\"@id\":\"https:\\\/\\\/www.cuballama.com\\\/noticias\\\/#website\"},\"primaryImageOfPage\":{\"@id\":\"https:\\\/\\\/www.cuballama.com\\\/noticias\\\/ee-uu-no-ha-dicho-quienes-son-los-cubanos-para-no-arriesgar-negociacion-dice-vocera\\\/#primaryimage\"},\"image\":{\"@id\":\"https:\\\/\\\/www.cuballama.com\\\/noticias\\\/ee-uu-no-ha-dicho-quienes-son-los-cubanos-para-no-arriesgar-negociacion-dice-vocera\\\/#primaryimage\"},\"thumbnailUrl\":\"https:\\\/\\\/cdn1.mediawpaccore.net\\\/wp-content\\\/uploads\\\/2025\\\/03\\\/28091820\\\/Gl4CZtmXkAAS1w8.jpg\",\"datePublished\":\"2026-03-08T13:41:31+00:00\",\"dateModified\":\"2026-03-08T15:54:20+00:00\",\"breadcrumb\":{\"@id\":\"https:\\\/\\\/www.cuballama.com\\\/noticias\\\/ee-uu-no-ha-dicho-quienes-son-los-cubanos-para-no-arriesgar-negociacion-dice-vocera\\\/#breadcrumb\"},\"inLanguage\":\"es\",\"potentialAction\":[{\"@type\":\"ReadAction\",\"target\":[\"https:\\\/\\\/www.cuballama.com\\\/noticias\\\/ee-uu-no-ha-dicho-quienes-son-los-cubanos-para-no-arriesgar-negociacion-dice-vocera\\\/\"]}]},{\"@type\":\"ImageObject\",\"inLanguage\":\"es\",\"@id\":\"https:\\\/\\\/www.cuballama.com\\\/noticias\\\/ee-uu-no-ha-dicho-quienes-son-los-cubanos-para-no-arriesgar-negociacion-dice-vocera\\\/#primaryimage\",\"url\":\"https:\\\/\\\/cdn1.mediawpaccore.net\\\/wp-content\\\/uploads\\\/2025\\\/03\\\/28091820\\\/Gl4CZtmXkAAS1w8.jpg\",\"contentUrl\":\"https:\\\/\\\/cdn1.mediawpaccore.net\\\/wp-content\\\/uploads\\\/2025\\\/03\\\/28091820\\\/Gl4CZtmXkAAS1w8.jpg\",\"width\":1200,\"height\":630,\"caption\":\"Marco Rubio, secretario de Estado de Estados Unidos. Foto: X\\\/ U.S. Embassy Ottawa.\"},{\"@type\":\"BreadcrumbList\",\"@id\":\"https:\\\/\\\/www.cuballama.com\\\/noticias\\\/ee-uu-no-ha-dicho-quienes-son-los-cubanos-para-no-arriesgar-negociacion-dice-vocera\\\/#breadcrumb\",\"itemListElement\":[{\"@type\":\"ListItem\",\"position\":1,\"name\":\"Home\",\"item\":\"https:\\\/\\\/www.cuballama.com\\\/noticias\\\/\"},{\"@type\":\"ListItem\",\"position\":2,\"name\":\"EE.UU. no ha dicho qui\u00e9nes son los cubanos para no arriesgar negociaci\u00f3n dice vocera\"}]},{\"@type\":\"WebSite\",\"@id\":\"https:\\\/\\\/www.cuballama.com\\\/noticias\\\/#website\",\"url\":\"https:\\\/\\\/www.cuballama.com\\\/noticias\\\/\",\"name\":\"Cuballama Noticias\",\"description\":\"Medio digital sobre Cuba y el mundo\",\"publisher\":{\"@id\":\"https:\\\/\\\/www.cuballama.com\\\/noticias\\\/#organization\"},\"potentialAction\":[{\"@type\":\"SearchAction\",\"target\":{\"@type\":\"EntryPoint\",\"urlTemplate\":\"https:\\\/\\\/www.cuballama.com\\\/noticias\\\/?s={search_term_string}\"},\"query-input\":{\"@type\":\"PropertyValueSpecification\",\"valueRequired\":true,\"valueName\":\"search_term_string\"}}],\"inLanguage\":\"es\"},{\"@type\":\"Organization\",\"@id\":\"https:\\\/\\\/www.cuballama.com\\\/noticias\\\/#organization\",\"name\":\"Cuballama\",\"url\":\"https:\\\/\\\/www.cuballama.com\\\/noticias\\\/\",\"logo\":{\"@type\":\"ImageObject\",\"inLanguage\":\"es\",\"@id\":\"https:\\\/\\\/www.cuballama.com\\\/noticias\\\/#\\\/schema\\\/logo\\\/image\\\/\",\"url\":\"https:\\\/\\\/cdn1.mediawpaccore.net\\\/wp-content\\\/uploads\\\/2021\\\/12\\\/28171206\\\/cbll-logo-color-sm.png\",\"contentUrl\":\"https:\\\/\\\/cdn1.mediawpaccore.net\\\/wp-content\\\/uploads\\\/2021\\\/12\\\/28171206\\\/cbll-logo-color-sm.png\",\"width\":600,\"height\":133,\"caption\":\"Cuballama\"},\"image\":{\"@id\":\"https:\\\/\\\/www.cuballama.com\\\/noticias\\\/#\\\/schema\\\/logo\\\/image\\\/\"},\"sameAs\":[\"https:\\\/\\\/www.facebook.com\\\/CubaLlama\",\"https:\\\/\\\/x.com\\\/cuballama\",\"https:\\\/\\\/www.instagram.com\\\/stories\\\/cuballama_oficial\\\/\",\"https:\\\/\\\/www.youtube.com\\\/channel\\\/UCKkFE-d_axENGZcrc4as0IA\"]},{\"@type\":\"Person\",\"@id\":\"https:\\\/\\\/www.cuballama.com\\\/noticias\\\/#\\\/schema\\\/person\\\/5889f7d070564f8386e7944d14d436cd\",\"name\":\"Manu\",\"url\":\"https:\\\/\\\/www.cuballama.com\\\/noticias\\\/author\\\/manu\\\/\"}]}<\/script>\n<!-- \/ Yoast SEO plugin. -->","yoast_head_json":{"title":"EE.UU. no ha dicho qui\u00e9nes son los cubanos para no arriesgar negociaci\u00f3n dice vocera - Cuballama Noticias","robots":{"index":"index","follow":"follow","max-snippet":"max-snippet:-1","max-image-preview":"max-image-preview:large","max-video-preview":"max-video-preview:-1"},"canonical":"https:\/\/www.cuballama.com\/noticias\/ee-uu-no-ha-dicho-quienes-son-los-cubanos-para-no-arriesgar-negociacion-dice-vocera\/","og_locale":"es_ES","og_type":"article","og_title":"EE.UU. no ha dicho qui\u00e9nes son los cubanos para no arriesgar negociaci\u00f3n dice vocera - Cuballama Noticias","og_description":"\u00bfEst\u00e1 hablando Marco Rubio con el nieto de Ra\u00fal Castro? , le pregunt\u00f3 la enviada especial de RTVE.","og_url":"https:\/\/www.cuballama.com\/noticias\/ee-uu-no-ha-dicho-quienes-son-los-cubanos-para-no-arriesgar-negociacion-dice-vocera\/","og_site_name":"Cuballama Noticias","article_publisher":"https:\/\/www.facebook.com\/CubaLlama","article_published_time":"2026-03-08T13:41:31+00:00","article_modified_time":"2026-03-08T15:54:20+00:00","og_image":[{"width":1200,"height":630,"url":"https:\/\/cdn1.mediawpaccore.net\/wp-content\/uploads\/2025\/03\/28091820\/Gl4CZtmXkAAS1w8.jpg","type":"image\/jpeg"}],"author":"Manu","twitter_card":"summary_large_image","twitter_creator":"@cuballama","twitter_site":"@cuballama","twitter_misc":{"Escrito por":"Manu","Tiempo de lectura":"3 minutos"},"schema":{"@context":"https:\/\/schema.org","@graph":[{"@type":"Article","@id":"https:\/\/www.cuballama.com\/noticias\/ee-uu-no-ha-dicho-quienes-son-los-cubanos-para-no-arriesgar-negociacion-dice-vocera\/#article","isPartOf":{"@id":"https:\/\/www.cuballama.com\/noticias\/ee-uu-no-ha-dicho-quienes-son-los-cubanos-para-no-arriesgar-negociacion-dice-vocera\/"},"author":{"name":"Manu","@id":"https:\/\/www.cuballama.com\/noticias\/#\/schema\/person\/5889f7d070564f8386e7944d14d436cd"},"headline":"EE.UU. no ha dicho qui\u00e9nes son los cubanos para no arriesgar negociaci\u00f3n dice vocera","datePublished":"2026-03-08T13:41:31+00:00","dateModified":"2026-03-08T15:54:20+00:00","mainEntityOfPage":{"@id":"https:\/\/www.cuballama.com\/noticias\/ee-uu-no-ha-dicho-quienes-son-los-cubanos-para-no-arriesgar-negociacion-dice-vocera\/"},"wordCount":554,"commentCount":0,"publisher":{"@id":"https:\/\/www.cuballama.com\/noticias\/#organization"},"image":{"@id":"https:\/\/www.cuballama.com\/noticias\/ee-uu-no-ha-dicho-quienes-son-los-cubanos-para-no-arriesgar-negociacion-dice-vocera\/#primaryimage"},"thumbnailUrl":"https:\/\/cdn1.mediawpaccore.net\/wp-content\/uploads\/2025\/03\/28091820\/Gl4CZtmXkAAS1w8.jpg","keywords":["Crisis en Cuba","Cuba","Diaz Canel","Marco Rubio","Miami","Migrantes cubanos","superdestacado","Trump"],"articleSection":["Noticias","Noticias de Cuba"],"inLanguage":"es","potentialAction":[{"@type":"CommentAction","name":"Comment","target":["https:\/\/www.cuballama.com\/noticias\/ee-uu-no-ha-dicho-quienes-son-los-cubanos-para-no-arriesgar-negociacion-dice-vocera\/#respond"]}]},{"@type":"WebPage","@id":"https:\/\/www.cuballama.com\/noticias\/ee-uu-no-ha-dicho-quienes-son-los-cubanos-para-no-arriesgar-negociacion-dice-vocera\/","url":"https:\/\/www.cuballama.com\/noticias\/ee-uu-no-ha-dicho-quienes-son-los-cubanos-para-no-arriesgar-negociacion-dice-vocera\/","name":"EE.UU. no ha dicho qui\u00e9nes son los cubanos para no arriesgar negociaci\u00f3n dice vocera - Cuballama Noticias","isPartOf":{"@id":"https:\/\/www.cuballama.com\/noticias\/#website"},"primaryImageOfPage":{"@id":"https:\/\/www.cuballama.com\/noticias\/ee-uu-no-ha-dicho-quienes-son-los-cubanos-para-no-arriesgar-negociacion-dice-vocera\/#primaryimage"},"image":{"@id":"https:\/\/www.cuballama.com\/noticias\/ee-uu-no-ha-dicho-quienes-son-los-cubanos-para-no-arriesgar-negociacion-dice-vocera\/#primaryimage"},"thumbnailUrl":"https:\/\/cdn1.mediawpaccore.net\/wp-content\/uploads\/2025\/03\/28091820\/Gl4CZtmXkAAS1w8.jpg","datePublished":"2026-03-08T13:41:31+00:00","dateModified":"2026-03-08T15:54:20+00:00","breadcrumb":{"@id":"https:\/\/www.cuballama.com\/noticias\/ee-uu-no-ha-dicho-quienes-son-los-cubanos-para-no-arriesgar-negociacion-dice-vocera\/#breadcrumb"},"inLanguage":"es","potentialAction":[{"@type":"ReadAction","target":["https:\/\/www.cuballama.com\/noticias\/ee-uu-no-ha-dicho-quienes-son-los-cubanos-para-no-arriesgar-negociacion-dice-vocera\/"]}]},{"@type":"ImageObject","inLanguage":"es","@id":"https:\/\/www.cuballama.com\/noticias\/ee-uu-no-ha-dicho-quienes-son-los-cubanos-para-no-arriesgar-negociacion-dice-vocera\/#primaryimage","url":"https:\/\/cdn1.mediawpaccore.net\/wp-content\/uploads\/2025\/03\/28091820\/Gl4CZtmXkAAS1w8.jpg","contentUrl":"https:\/\/cdn1.mediawpaccore.net\/wp-content\/uploads\/2025\/03\/28091820\/Gl4CZtmXkAAS1w8.jpg","width":1200,"height":630,"caption":"Marco Rubio, secretario de Estado de Estados Unidos. Foto: X\/ U.S. Embassy Ottawa."},{"@type":"BreadcrumbList","@id":"https:\/\/www.cuballama.com\/noticias\/ee-uu-no-ha-dicho-quienes-son-los-cubanos-para-no-arriesgar-negociacion-dice-vocera\/#breadcrumb","itemListElement":[{"@type":"ListItem","position":1,"name":"Home","item":"https:\/\/www.cuballama.com\/noticias\/"},{"@type":"ListItem","position":2,"name":"EE.UU. no ha dicho qui\u00e9nes son los cubanos para no arriesgar negociaci\u00f3n dice vocera"}]},{"@type":"WebSite","@id":"https:\/\/www.cuballama.com\/noticias\/#website","url":"https:\/\/www.cuballama.com\/noticias\/","name":"Cuballama Noticias","description":"Medio digital sobre Cuba y el mundo","publisher":{"@id":"https:\/\/www.cuballama.com\/noticias\/#organization"},"potentialAction":[{"@type":"SearchAction","target":{"@type":"EntryPoint","urlTemplate":"https:\/\/www.cuballama.com\/noticias\/?s={search_term_string}"},"query-input":{"@type":"PropertyValueSpecification","valueRequired":true,"valueName":"search_term_string"}}],"inLanguage":"es"},{"@type":"Organization","@id":"https:\/\/www.cuballama.com\/noticias\/#organization","name":"Cuballama","url":"https:\/\/www.cuballama.com\/noticias\/","logo":{"@type":"ImageObject","inLanguage":"es","@id":"https:\/\/www.cuballama.com\/noticias\/#\/schema\/logo\/image\/","url":"https:\/\/cdn1.mediawpaccore.net\/wp-content\/uploads\/2021\/12\/28171206\/cbll-logo-color-sm.png","contentUrl":"https:\/\/cdn1.mediawpaccore.net\/wp-content\/uploads\/2021\/12\/28171206\/cbll-logo-color-sm.png","width":600,"height":133,"caption":"Cuballama"},"image":{"@id":"https:\/\/www.cuballama.com\/noticias\/#\/schema\/logo\/image\/"},"sameAs":["https:\/\/www.facebook.com\/CubaLlama","https:\/\/x.com\/cuballama","https:\/\/www.instagram.com\/stories\/cuballama_oficial\/","https:\/\/www.youtube.com\/channel\/UCKkFE-d_axENGZcrc4as0IA"]},{"@type":"Person","@id":"https:\/\/www.cuballama.com\/noticias\/#\/schema\/person\/5889f7d070564f8386e7944d14d436cd","name":"Manu","url":"https:\/\/www.cuballama.com\/noticias\/author\/manu\/"}]}},"_links":{"self":[{"href":"https:\/\/www.cuballama.com\/noticias\/wp-json\/wp\/v2\/posts\/237514","targetHints":{"allow":["GET"]}}],"collection":[{"href":"https:\/\/www.cuballama.com\/noticias\/wp-json\/wp\/v2\/posts"}],"about":[{"href":"https:\/\/www.cuballama.com\/noticias\/wp-json\/wp\/v2\/types\/post"}],"author":[{"embeddable":true,"href":"https:\/\/www.cuballama.com\/noticias\/wp-json\/wp\/v2\/users\/24"}],"replies":[{"embeddable":true,"href":"https:\/\/www.cuballama.com\/noticias\/wp-json\/wp\/v2\/comments?post=237514"}],"version-history":[{"count":2,"href":"https:\/\/www.cuballama.com\/noticias\/wp-json\/wp\/v2\/posts\/237514\/revisions"}],"predecessor-version":[{"id":237525,"href":"https:\/\/www.cuballama.com\/noticias\/wp-json\/wp\/v2\/posts\/237514\/revisions\/237525"}],"wp:featuredmedia":[{"embeddable":true,"href":"https:\/\/www.cuballama.com\/noticias\/wp-json\/wp\/v2\/media\/202857"}],"wp:attachment":[{"href":"https:\/\/www.cuballama.com\/noticias\/wp-json\/wp\/v2\/media?parent=237514"}],"wp:term":[{"taxonomy":"category","embeddable":true,"href":"https:\/\/www.cuballama.com\/noticias\/wp-json\/wp\/v2\/categories?post=237514"},{"taxonomy":"post_tag","embeddable":true,"href":"https:\/\/www.cuballama.com\/noticias\/wp-json\/wp\/v2\/tags?post=237514"}],"curies":[{"name":"wp","href":"https:\/\/api.w.org\/{rel}","templated":true}]}}