{"id":237512,"date":"2026-03-08T09:31:49","date_gmt":"2026-03-08T13:31:49","guid":{"rendered":"https:\/\/www.cuballama.com\/noticias\/?p=237512"},"modified":"2026-03-08T09:47:43","modified_gmt":"2026-03-08T13:47:43","slug":"ecuador-y-cuba-atraviesan-su-peor-crisis-diplomatica-desde-1981-mas-de-5000-cubanos-alli","status":"publish","type":"post","link":"https:\/\/www.cuballama.com\/noticias\/ecuador-y-cuba-atraviesan-su-peor-crisis-diplomatica-desde-1981-mas-de-5000-cubanos-alli\/","title":{"rendered":"Ecuador y Cuba atraviesan su peor crisis diplom\u00e1tica desde 1981; m\u00e1s de 5,000 cubanos all\u00ed"},"content":{"rendered":"\n<p>Tras la expulsi\u00f3n de todo el personal diplom\u00e1tico cubano de Ecuador, con el embajador de la Isla a la cabeza, la situaci\u00f3n de los tr\u00e1mites consulares cubanos en esa naci\u00f3n sudamericana pudiera tornarse cr\u00edtica.<\/p>\n\n\n\n<p>La cifra oficial m\u00e1s reciente de residentes cubanos que permanecen en Ecuador&nbsp; mencionaba 5,200, seg\u00fan publicaci\u00f3n de El Comercio.&nbsp;Datos Censo de Poblaci\u00f3n y Vivienda de 2022 registraban a 10,768 personas de origen cubano.<\/p>\n\n\n\n<p>Este n\u00famero posicionaba a la comunidad cubana como la&nbsp;sexta nacionalidad con mayor presencia&nbsp;de inmigrantes radicados en el pa\u00eds. La&nbsp;poblaci\u00f3n extranjera&nbsp; est\u00e1 liderada por venezolanos y colombianos.<\/p>\n\n\n\n<ul class=\"wp-block-list\">\n<li>La migraci\u00f3n de cubanos a Ecuador en la actualidad es baja frente a la que hubo en 2008, cuando Ecuador abri\u00f3 sus fronteras con la eliminaci\u00f3n de los visados para todo el mundo. <br><\/li>\n\n\n\n<li><br>En el 2007 ingresaron 4 713 ciudadanos, mientras que en el 2008 lo hicieron 10 948. Entre 2008 y 2012, la Direcci\u00f3n Nacional de Migraci\u00f3n registr\u00f3 el arribo de 106 371 cubanos y la partida posterior de 97 923.<\/li>\n\n\n\n<li>Sin embargo, ese fen\u00f3meno se fren\u00f3 en 2015 cuando se volvi\u00f3 a exigir visa y en 2025 aumentaron m\u00e1s controles con la exigencia de una visa de tr\u00e1nsito no solo para Cuba sino para m\u00e1s de una decena de pa\u00edses. Esta medida se aplica desde el 1 de septiembre de 2025.<\/li>\n\n\n\n<li>En la actualidad, el cubano debe sacar visa y presentar una carta de invitaci\u00f3n para ingresar a Ecuador. Seg\u00fan los datos del Ministerio del Interior, entre 2024 y 2025 arribaron 17 828 cubanos.<\/li>\n\n\n\n<li>Esta semana la sede de la Embajada de Cuba qued\u00f3 bajo custodia policial, con la consecuente paralizaci\u00f3n de los servicios habituales como renovaci\u00f3n de pasaportes, pr\u00f3rrogas, legalizaci\u00f3n de documentos, poderes.&nbsp;<br><\/li>\n\n\n\n<li>El Gobierno de Cuba anunci\u00f3 este viernes&nbsp; el cese total e inmediato de las actividades de su embajada en Quito tras la decisi\u00f3n del Gobierno de Ecuador de expulsar del pa\u00eds a todo su personal diplom\u00e1tico, consular y administrativo.<\/li>\n\n\n\n<li>\u00abA partir de las 10.00 am de hoy 6 de marzo de 2026 el inmueble que hasta la fecha ha albergado la embajada de Cuba en Ecuador cesa sus funciones como sede diplom\u00e1tica\u00bb, inform\u00f3 la Canciller\u00eda cubana en un comunicado.&nbsp;<\/li>\n\n\n\n<li>En la nota de protesta Cuba volvi\u00f3 a tildar de \u00abarbitraria\u00bb, \u00abinjustificada\u00bb, \u00abhostil\u00bb, \u00abunilateral e inamistosa\u00bb a la medida del Gobierno del mandatario Daniel Noboa, quien dio por terminadas las funciones del embajador Jos\u00e9 Mar\u00eda Borja en La Habana, aunque no se ha declarado una ruptura oficial de relaciones.&nbsp;<\/li>\n\n\n\n<li>Debido a la actual crisis diplom\u00e1tica los ecuatorianos deben tramitar&nbsp; la visa de turismo (Tarjeta de Turismo) principalmente de forma online a trav\u00e9s de la plataforma&nbsp;evisacuba.cu&nbsp;o mediante agencias de eviaje autorizadas. <br><\/li>\n\n\n\n<li>El proceso es digital y obligatorio. Las restricciones diplom\u00e1ticas podr\u00edan cambiar la forma de ingreso, comienzan a advertir analistas. Este anuncio del 4 de marzo en el que se declar\u00f3 persona \u00abnon grata\u00bb al embajador de Cuba, Basilio Guti\u00e9rrez y a toda su misi\u00f3n diplom\u00e1tica (con un plazo de 48 horas para salir del pa\u00eds) representa el incidente diplom\u00e1tico bilateral m\u00e1s importante desde 1981, record\u00f3 la prensa ecuatoriana. El 21 de febrero de 1981, Tropas Especiales de Cuba tomaron por la fuerza la Embajada de Ecuador en La Habana para arrestar a disidentes que buscaban asilo. Los militares entraron a la legaci\u00f3n sudamericana sin pedir permiso al gobierno del presidente\u00a0 Jaime Rold\u00f3s, quien realiz\u00f3 una protesta en\u00e9rgica al gobernante Fidel Castro, pero no lleg\u00f3 a romper relaciones con Cuba. <br>El mismo Rold\u00f3s hab\u00eda restablecido las relaciones con La Habana en 1979, record\u00f3 \u00abPrimicias\u00bb.<\/li>\n<\/ul>\n","protected":false},"excerpt":{"rendered":"<p>Tras la expulsi\u00f3n de todo el personal diplom\u00e1tico cubano de Ecuador, con el embajador de la Isla a la cabeza, la situaci\u00f3n de los tr\u00e1mites consulares cubanos en esa naci\u00f3n sudamericana pudiera tornarse cr\u00edtica. La cifra oficial m\u00e1s reciente de residentes cubanos que permanecen en Ecuador&nbsp; mencionaba 5,200, seg\u00fan publicaci\u00f3n de El Comercio.&nbsp;Datos Censo de [&hellip;]<\/p>\n","protected":false},"author":24,"featured_media":237149,"comment_status":"open","ping_status":"closed","sticky":false,"template":"","format":"standard","meta":{"_acf_changed":false,"footnotes":""},"categories":[18,955],"tags":[10867,11,92,941,600],"class_list":{"0":"post-237512","1":"post","2":"type-post","3":"status-publish","4":"format-standard","5":"has-post-thumbnail","7":"category-noticias","8":"category-noticias-de-cuba","9":"tag-crisis-en-cuba","10":"tag-cuba","11":"tag-cubanos","12":"tag-destacado","13":"tag-migrantes-cubanos"},"acf":[],"yoast_head":"<!-- This site is optimized with the Yoast SEO plugin v27.5 - https:\/\/yoast.com\/product\/yoast-seo-wordpress\/ -->\n<title>Ecuador y Cuba atraviesan su peor crisis diplom\u00e1tica desde 1981; m\u00e1s de 5,000 cubanos all\u00ed - Cuballama Noticias<\/title>\n<meta name=\"description\" content=\"La cifra oficial m\u00e1s reciente de residentes cubanos que permanecen en Ecuador\u00a0 mencionaba 5,200, seg\u00fan publicaci\u00f3n de El Comercio.\" \/>\n<meta name=\"robots\" content=\"index, follow, max-snippet:-1, max-image-preview:large, max-video-preview:-1\" \/>\n<link rel=\"canonical\" href=\"https:\/\/www.cuballama.com\/noticias\/ecuador-y-cuba-atraviesan-su-peor-crisis-diplomatica-desde-1981-mas-de-5000-cubanos-alli\/\" \/>\n<meta property=\"og:locale\" content=\"es_ES\" \/>\n<meta property=\"og:type\" content=\"article\" \/>\n<meta property=\"og:title\" content=\"Ecuador y Cuba atraviesan su peor crisis diplom\u00e1tica desde 1981; m\u00e1s de 5,000 cubanos all\u00ed - Cuballama Noticias\" \/>\n<meta property=\"og:description\" content=\"La cifra oficial m\u00e1s reciente de residentes cubanos que permanecen en Ecuador\u00a0 mencionaba 5,200, seg\u00fan publicaci\u00f3n de El Comercio.\" \/>\n<meta property=\"og:url\" content=\"https:\/\/www.cuballama.com\/noticias\/ecuador-y-cuba-atraviesan-su-peor-crisis-diplomatica-desde-1981-mas-de-5000-cubanos-alli\/\" \/>\n<meta property=\"og:site_name\" content=\"Cuballama Noticias\" \/>\n<meta property=\"article:publisher\" content=\"https:\/\/www.facebook.com\/CubaLlama\" \/>\n<meta property=\"article:published_time\" content=\"2026-03-08T13:31:49+00:00\" \/>\n<meta property=\"article:modified_time\" content=\"2026-03-08T13:47:43+00:00\" \/>\n<meta property=\"og:image\" content=\"https:\/\/cdn1.mediawpaccore.net\/wp-content\/uploads\/2026\/03\/04230030\/647136641_1253076770344190_848717788450712511_n1.jpg\" \/>\n\t<meta property=\"og:image:width\" content=\"1200\" \/>\n\t<meta property=\"og:image:height\" content=\"630\" \/>\n\t<meta property=\"og:image:type\" content=\"image\/jpeg\" \/>\n<meta name=\"author\" content=\"Manu\" \/>\n<meta name=\"twitter:card\" content=\"summary_large_image\" \/>\n<meta name=\"twitter:creator\" content=\"@cuballama\" \/>\n<meta name=\"twitter:site\" content=\"@cuballama\" \/>\n<meta name=\"twitter:label1\" content=\"Escrito por\" \/>\n\t<meta name=\"twitter:data1\" content=\"Manu\" \/>\n\t<meta name=\"twitter:label2\" content=\"Tiempo de lectura\" \/>\n\t<meta name=\"twitter:data2\" content=\"3 minutos\" \/>\n<script type=\"application\/ld+json\" class=\"yoast-schema-graph\">{\"@context\":\"https:\\\/\\\/schema.org\",\"@graph\":[{\"@type\":\"Article\",\"@id\":\"https:\\\/\\\/www.cuballama.com\\\/noticias\\\/ecuador-y-cuba-atraviesan-su-peor-crisis-diplomatica-desde-1981-mas-de-5000-cubanos-alli\\\/#article\",\"isPartOf\":{\"@id\":\"https:\\\/\\\/www.cuballama.com\\\/noticias\\\/ecuador-y-cuba-atraviesan-su-peor-crisis-diplomatica-desde-1981-mas-de-5000-cubanos-alli\\\/\"},\"author\":{\"name\":\"Manu\",\"@id\":\"https:\\\/\\\/www.cuballama.com\\\/noticias\\\/#\\\/schema\\\/person\\\/5889f7d070564f8386e7944d14d436cd\"},\"headline\":\"Ecuador y Cuba atraviesan su peor crisis diplom\u00e1tica desde 1981; m\u00e1s de 5,000 cubanos all\u00ed\",\"datePublished\":\"2026-03-08T13:31:49+00:00\",\"dateModified\":\"2026-03-08T13:47:43+00:00\",\"mainEntityOfPage\":{\"@id\":\"https:\\\/\\\/www.cuballama.com\\\/noticias\\\/ecuador-y-cuba-atraviesan-su-peor-crisis-diplomatica-desde-1981-mas-de-5000-cubanos-alli\\\/\"},\"wordCount\":632,\"commentCount\":0,\"publisher\":{\"@id\":\"https:\\\/\\\/www.cuballama.com\\\/noticias\\\/#organization\"},\"image\":{\"@id\":\"https:\\\/\\\/www.cuballama.com\\\/noticias\\\/ecuador-y-cuba-atraviesan-su-peor-crisis-diplomatica-desde-1981-mas-de-5000-cubanos-alli\\\/#primaryimage\"},\"thumbnailUrl\":\"https:\\\/\\\/cdn1.mediawpaccore.net\\\/wp-content\\\/uploads\\\/2026\\\/03\\\/04230030\\\/647136641_1253076770344190_848717788450712511_n1.jpg\",\"keywords\":[\"Crisis en Cuba\",\"Cuba\",\"cubanos\",\"destacado\",\"Migrantes cubanos\"],\"articleSection\":[\"Noticias\",\"Noticias de Cuba\"],\"inLanguage\":\"es\",\"potentialAction\":[{\"@type\":\"CommentAction\",\"name\":\"Comment\",\"target\":[\"https:\\\/\\\/www.cuballama.com\\\/noticias\\\/ecuador-y-cuba-atraviesan-su-peor-crisis-diplomatica-desde-1981-mas-de-5000-cubanos-alli\\\/#respond\"]}]},{\"@type\":\"WebPage\",\"@id\":\"https:\\\/\\\/www.cuballama.com\\\/noticias\\\/ecuador-y-cuba-atraviesan-su-peor-crisis-diplomatica-desde-1981-mas-de-5000-cubanos-alli\\\/\",\"url\":\"https:\\\/\\\/www.cuballama.com\\\/noticias\\\/ecuador-y-cuba-atraviesan-su-peor-crisis-diplomatica-desde-1981-mas-de-5000-cubanos-alli\\\/\",\"name\":\"Ecuador y Cuba atraviesan su peor crisis diplom\u00e1tica desde 1981; m\u00e1s de 5,000 cubanos all\u00ed - Cuballama Noticias\",\"isPartOf\":{\"@id\":\"https:\\\/\\\/www.cuballama.com\\\/noticias\\\/#website\"},\"primaryImageOfPage\":{\"@id\":\"https:\\\/\\\/www.cuballama.com\\\/noticias\\\/ecuador-y-cuba-atraviesan-su-peor-crisis-diplomatica-desde-1981-mas-de-5000-cubanos-alli\\\/#primaryimage\"},\"image\":{\"@id\":\"https:\\\/\\\/www.cuballama.com\\\/noticias\\\/ecuador-y-cuba-atraviesan-su-peor-crisis-diplomatica-desde-1981-mas-de-5000-cubanos-alli\\\/#primaryimage\"},\"thumbnailUrl\":\"https:\\\/\\\/cdn1.mediawpaccore.net\\\/wp-content\\\/uploads\\\/2026\\\/03\\\/04230030\\\/647136641_1253076770344190_848717788450712511_n1.jpg\",\"datePublished\":\"2026-03-08T13:31:49+00:00\",\"dateModified\":\"2026-03-08T13:47:43+00:00\",\"description\":\"La cifra oficial m\u00e1s reciente de residentes cubanos que permanecen en Ecuador\u00a0 mencionaba 5,200, seg\u00fan publicaci\u00f3n de El Comercio.\",\"breadcrumb\":{\"@id\":\"https:\\\/\\\/www.cuballama.com\\\/noticias\\\/ecuador-y-cuba-atraviesan-su-peor-crisis-diplomatica-desde-1981-mas-de-5000-cubanos-alli\\\/#breadcrumb\"},\"inLanguage\":\"es\",\"potentialAction\":[{\"@type\":\"ReadAction\",\"target\":[\"https:\\\/\\\/www.cuballama.com\\\/noticias\\\/ecuador-y-cuba-atraviesan-su-peor-crisis-diplomatica-desde-1981-mas-de-5000-cubanos-alli\\\/\"]}]},{\"@type\":\"ImageObject\",\"inLanguage\":\"es\",\"@id\":\"https:\\\/\\\/www.cuballama.com\\\/noticias\\\/ecuador-y-cuba-atraviesan-su-peor-crisis-diplomatica-desde-1981-mas-de-5000-cubanos-alli\\\/#primaryimage\",\"url\":\"https:\\\/\\\/cdn1.mediawpaccore.net\\\/wp-content\\\/uploads\\\/2026\\\/03\\\/04230030\\\/647136641_1253076770344190_848717788450712511_n1.jpg\",\"contentUrl\":\"https:\\\/\\\/cdn1.mediawpaccore.net\\\/wp-content\\\/uploads\\\/2026\\\/03\\\/04230030\\\/647136641_1253076770344190_848717788450712511_n1.jpg\",\"width\":1200,\"height\":630,\"caption\":\"Azotea de la Embajada de Cuba en Ecuador. Foto: Facebook\\\/Ernesto Morales.\"},{\"@type\":\"BreadcrumbList\",\"@id\":\"https:\\\/\\\/www.cuballama.com\\\/noticias\\\/ecuador-y-cuba-atraviesan-su-peor-crisis-diplomatica-desde-1981-mas-de-5000-cubanos-alli\\\/#breadcrumb\",\"itemListElement\":[{\"@type\":\"ListItem\",\"position\":1,\"name\":\"Home\",\"item\":\"https:\\\/\\\/www.cuballama.com\\\/noticias\\\/\"},{\"@type\":\"ListItem\",\"position\":2,\"name\":\"Ecuador y Cuba atraviesan su peor crisis diplom\u00e1tica desde 1981; m\u00e1s de 5,000 cubanos all\u00ed\"}]},{\"@type\":\"WebSite\",\"@id\":\"https:\\\/\\\/www.cuballama.com\\\/noticias\\\/#website\",\"url\":\"https:\\\/\\\/www.cuballama.com\\\/noticias\\\/\",\"name\":\"Cuballama Noticias\",\"description\":\"Medio digital sobre Cuba y el mundo\",\"publisher\":{\"@id\":\"https:\\\/\\\/www.cuballama.com\\\/noticias\\\/#organization\"},\"potentialAction\":[{\"@type\":\"SearchAction\",\"target\":{\"@type\":\"EntryPoint\",\"urlTemplate\":\"https:\\\/\\\/www.cuballama.com\\\/noticias\\\/?s={search_term_string}\"},\"query-input\":{\"@type\":\"PropertyValueSpecification\",\"valueRequired\":true,\"valueName\":\"search_term_string\"}}],\"inLanguage\":\"es\"},{\"@type\":\"Organization\",\"@id\":\"https:\\\/\\\/www.cuballama.com\\\/noticias\\\/#organization\",\"name\":\"Cuballama\",\"url\":\"https:\\\/\\\/www.cuballama.com\\\/noticias\\\/\",\"logo\":{\"@type\":\"ImageObject\",\"inLanguage\":\"es\",\"@id\":\"https:\\\/\\\/www.cuballama.com\\\/noticias\\\/#\\\/schema\\\/logo\\\/image\\\/\",\"url\":\"https:\\\/\\\/cdn1.mediawpaccore.net\\\/wp-content\\\/uploads\\\/2021\\\/12\\\/28171206\\\/cbll-logo-color-sm.png\",\"contentUrl\":\"https:\\\/\\\/cdn1.mediawpaccore.net\\\/wp-content\\\/uploads\\\/2021\\\/12\\\/28171206\\\/cbll-logo-color-sm.png\",\"width\":600,\"height\":133,\"caption\":\"Cuballama\"},\"image\":{\"@id\":\"https:\\\/\\\/www.cuballama.com\\\/noticias\\\/#\\\/schema\\\/logo\\\/image\\\/\"},\"sameAs\":[\"https:\\\/\\\/www.facebook.com\\\/CubaLlama\",\"https:\\\/\\\/x.com\\\/cuballama\",\"https:\\\/\\\/www.instagram.com\\\/stories\\\/cuballama_oficial\\\/\",\"https:\\\/\\\/www.youtube.com\\\/channel\\\/UCKkFE-d_axENGZcrc4as0IA\"]},{\"@type\":\"Person\",\"@id\":\"https:\\\/\\\/www.cuballama.com\\\/noticias\\\/#\\\/schema\\\/person\\\/5889f7d070564f8386e7944d14d436cd\",\"name\":\"Manu\",\"url\":\"https:\\\/\\\/www.cuballama.com\\\/noticias\\\/author\\\/manu\\\/\"}]}<\/script>\n<!-- \/ Yoast SEO plugin. -->","yoast_head_json":{"title":"Ecuador y Cuba atraviesan su peor crisis diplom\u00e1tica desde 1981; m\u00e1s de 5,000 cubanos all\u00ed - Cuballama Noticias","description":"La cifra oficial m\u00e1s reciente de residentes cubanos que permanecen en Ecuador\u00a0 mencionaba 5,200, seg\u00fan publicaci\u00f3n de El Comercio.","robots":{"index":"index","follow":"follow","max-snippet":"max-snippet:-1","max-image-preview":"max-image-preview:large","max-video-preview":"max-video-preview:-1"},"canonical":"https:\/\/www.cuballama.com\/noticias\/ecuador-y-cuba-atraviesan-su-peor-crisis-diplomatica-desde-1981-mas-de-5000-cubanos-alli\/","og_locale":"es_ES","og_type":"article","og_title":"Ecuador y Cuba atraviesan su peor crisis diplom\u00e1tica desde 1981; m\u00e1s de 5,000 cubanos all\u00ed - Cuballama Noticias","og_description":"La cifra oficial m\u00e1s reciente de residentes cubanos que permanecen en Ecuador\u00a0 mencionaba 5,200, seg\u00fan publicaci\u00f3n de El Comercio.","og_url":"https:\/\/www.cuballama.com\/noticias\/ecuador-y-cuba-atraviesan-su-peor-crisis-diplomatica-desde-1981-mas-de-5000-cubanos-alli\/","og_site_name":"Cuballama Noticias","article_publisher":"https:\/\/www.facebook.com\/CubaLlama","article_published_time":"2026-03-08T13:31:49+00:00","article_modified_time":"2026-03-08T13:47:43+00:00","og_image":[{"width":1200,"height":630,"url":"https:\/\/cdn1.mediawpaccore.net\/wp-content\/uploads\/2026\/03\/04230030\/647136641_1253076770344190_848717788450712511_n1.jpg","type":"image\/jpeg"}],"author":"Manu","twitter_card":"summary_large_image","twitter_creator":"@cuballama","twitter_site":"@cuballama","twitter_misc":{"Escrito por":"Manu","Tiempo de lectura":"3 minutos"},"schema":{"@context":"https:\/\/schema.org","@graph":[{"@type":"Article","@id":"https:\/\/www.cuballama.com\/noticias\/ecuador-y-cuba-atraviesan-su-peor-crisis-diplomatica-desde-1981-mas-de-5000-cubanos-alli\/#article","isPartOf":{"@id":"https:\/\/www.cuballama.com\/noticias\/ecuador-y-cuba-atraviesan-su-peor-crisis-diplomatica-desde-1981-mas-de-5000-cubanos-alli\/"},"author":{"name":"Manu","@id":"https:\/\/www.cuballama.com\/noticias\/#\/schema\/person\/5889f7d070564f8386e7944d14d436cd"},"headline":"Ecuador y Cuba atraviesan su peor crisis diplom\u00e1tica desde 1981; m\u00e1s de 5,000 cubanos all\u00ed","datePublished":"2026-03-08T13:31:49+00:00","dateModified":"2026-03-08T13:47:43+00:00","mainEntityOfPage":{"@id":"https:\/\/www.cuballama.com\/noticias\/ecuador-y-cuba-atraviesan-su-peor-crisis-diplomatica-desde-1981-mas-de-5000-cubanos-alli\/"},"wordCount":632,"commentCount":0,"publisher":{"@id":"https:\/\/www.cuballama.com\/noticias\/#organization"},"image":{"@id":"https:\/\/www.cuballama.com\/noticias\/ecuador-y-cuba-atraviesan-su-peor-crisis-diplomatica-desde-1981-mas-de-5000-cubanos-alli\/#primaryimage"},"thumbnailUrl":"https:\/\/cdn1.mediawpaccore.net\/wp-content\/uploads\/2026\/03\/04230030\/647136641_1253076770344190_848717788450712511_n1.jpg","keywords":["Crisis en Cuba","Cuba","cubanos","destacado","Migrantes cubanos"],"articleSection":["Noticias","Noticias de Cuba"],"inLanguage":"es","potentialAction":[{"@type":"CommentAction","name":"Comment","target":["https:\/\/www.cuballama.com\/noticias\/ecuador-y-cuba-atraviesan-su-peor-crisis-diplomatica-desde-1981-mas-de-5000-cubanos-alli\/#respond"]}]},{"@type":"WebPage","@id":"https:\/\/www.cuballama.com\/noticias\/ecuador-y-cuba-atraviesan-su-peor-crisis-diplomatica-desde-1981-mas-de-5000-cubanos-alli\/","url":"https:\/\/www.cuballama.com\/noticias\/ecuador-y-cuba-atraviesan-su-peor-crisis-diplomatica-desde-1981-mas-de-5000-cubanos-alli\/","name":"Ecuador y Cuba atraviesan su peor crisis diplom\u00e1tica desde 1981; m\u00e1s de 5,000 cubanos all\u00ed - Cuballama Noticias","isPartOf":{"@id":"https:\/\/www.cuballama.com\/noticias\/#website"},"primaryImageOfPage":{"@id":"https:\/\/www.cuballama.com\/noticias\/ecuador-y-cuba-atraviesan-su-peor-crisis-diplomatica-desde-1981-mas-de-5000-cubanos-alli\/#primaryimage"},"image":{"@id":"https:\/\/www.cuballama.com\/noticias\/ecuador-y-cuba-atraviesan-su-peor-crisis-diplomatica-desde-1981-mas-de-5000-cubanos-alli\/#primaryimage"},"thumbnailUrl":"https:\/\/cdn1.mediawpaccore.net\/wp-content\/uploads\/2026\/03\/04230030\/647136641_1253076770344190_848717788450712511_n1.jpg","datePublished":"2026-03-08T13:31:49+00:00","dateModified":"2026-03-08T13:47:43+00:00","description":"La cifra oficial m\u00e1s reciente de residentes cubanos que permanecen en Ecuador\u00a0 mencionaba 5,200, seg\u00fan publicaci\u00f3n de El Comercio.","breadcrumb":{"@id":"https:\/\/www.cuballama.com\/noticias\/ecuador-y-cuba-atraviesan-su-peor-crisis-diplomatica-desde-1981-mas-de-5000-cubanos-alli\/#breadcrumb"},"inLanguage":"es","potentialAction":[{"@type":"ReadAction","target":["https:\/\/www.cuballama.com\/noticias\/ecuador-y-cuba-atraviesan-su-peor-crisis-diplomatica-desde-1981-mas-de-5000-cubanos-alli\/"]}]},{"@type":"ImageObject","inLanguage":"es","@id":"https:\/\/www.cuballama.com\/noticias\/ecuador-y-cuba-atraviesan-su-peor-crisis-diplomatica-desde-1981-mas-de-5000-cubanos-alli\/#primaryimage","url":"https:\/\/cdn1.mediawpaccore.net\/wp-content\/uploads\/2026\/03\/04230030\/647136641_1253076770344190_848717788450712511_n1.jpg","contentUrl":"https:\/\/cdn1.mediawpaccore.net\/wp-content\/uploads\/2026\/03\/04230030\/647136641_1253076770344190_848717788450712511_n1.jpg","width":1200,"height":630,"caption":"Azotea de la Embajada de Cuba en Ecuador. Foto: Facebook\/Ernesto Morales."},{"@type":"BreadcrumbList","@id":"https:\/\/www.cuballama.com\/noticias\/ecuador-y-cuba-atraviesan-su-peor-crisis-diplomatica-desde-1981-mas-de-5000-cubanos-alli\/#breadcrumb","itemListElement":[{"@type":"ListItem","position":1,"name":"Home","item":"https:\/\/www.cuballama.com\/noticias\/"},{"@type":"ListItem","position":2,"name":"Ecuador y Cuba atraviesan su peor crisis diplom\u00e1tica desde 1981; m\u00e1s de 5,000 cubanos all\u00ed"}]},{"@type":"WebSite","@id":"https:\/\/www.cuballama.com\/noticias\/#website","url":"https:\/\/www.cuballama.com\/noticias\/","name":"Cuballama Noticias","description":"Medio digital sobre Cuba y el mundo","publisher":{"@id":"https:\/\/www.cuballama.com\/noticias\/#organization"},"potentialAction":[{"@type":"SearchAction","target":{"@type":"EntryPoint","urlTemplate":"https:\/\/www.cuballama.com\/noticias\/?s={search_term_string}"},"query-input":{"@type":"PropertyValueSpecification","valueRequired":true,"valueName":"search_term_string"}}],"inLanguage":"es"},{"@type":"Organization","@id":"https:\/\/www.cuballama.com\/noticias\/#organization","name":"Cuballama","url":"https:\/\/www.cuballama.com\/noticias\/","logo":{"@type":"ImageObject","inLanguage":"es","@id":"https:\/\/www.cuballama.com\/noticias\/#\/schema\/logo\/image\/","url":"https:\/\/cdn1.mediawpaccore.net\/wp-content\/uploads\/2021\/12\/28171206\/cbll-logo-color-sm.png","contentUrl":"https:\/\/cdn1.mediawpaccore.net\/wp-content\/uploads\/2021\/12\/28171206\/cbll-logo-color-sm.png","width":600,"height":133,"caption":"Cuballama"},"image":{"@id":"https:\/\/www.cuballama.com\/noticias\/#\/schema\/logo\/image\/"},"sameAs":["https:\/\/www.facebook.com\/CubaLlama","https:\/\/x.com\/cuballama","https:\/\/www.instagram.com\/stories\/cuballama_oficial\/","https:\/\/www.youtube.com\/channel\/UCKkFE-d_axENGZcrc4as0IA"]},{"@type":"Person","@id":"https:\/\/www.cuballama.com\/noticias\/#\/schema\/person\/5889f7d070564f8386e7944d14d436cd","name":"Manu","url":"https:\/\/www.cuballama.com\/noticias\/author\/manu\/"}]}},"_links":{"self":[{"href":"https:\/\/www.cuballama.com\/noticias\/wp-json\/wp\/v2\/posts\/237512","targetHints":{"allow":["GET"]}}],"collection":[{"href":"https:\/\/www.cuballama.com\/noticias\/wp-json\/wp\/v2\/posts"}],"about":[{"href":"https:\/\/www.cuballama.com\/noticias\/wp-json\/wp\/v2\/types\/post"}],"author":[{"embeddable":true,"href":"https:\/\/www.cuballama.com\/noticias\/wp-json\/wp\/v2\/users\/24"}],"replies":[{"embeddable":true,"href":"https:\/\/www.cuballama.com\/noticias\/wp-json\/wp\/v2\/comments?post=237512"}],"version-history":[{"count":3,"href":"https:\/\/www.cuballama.com\/noticias\/wp-json\/wp\/v2\/posts\/237512\/revisions"}],"predecessor-version":[{"id":237518,"href":"https:\/\/www.cuballama.com\/noticias\/wp-json\/wp\/v2\/posts\/237512\/revisions\/237518"}],"wp:featuredmedia":[{"embeddable":true,"href":"https:\/\/www.cuballama.com\/noticias\/wp-json\/wp\/v2\/media\/237149"}],"wp:attachment":[{"href":"https:\/\/www.cuballama.com\/noticias\/wp-json\/wp\/v2\/media?parent=237512"}],"wp:term":[{"taxonomy":"category","embeddable":true,"href":"https:\/\/www.cuballama.com\/noticias\/wp-json\/wp\/v2\/categories?post=237512"},{"taxonomy":"post_tag","embeddable":true,"href":"https:\/\/www.cuballama.com\/noticias\/wp-json\/wp\/v2\/tags?post=237512"}],"curies":[{"name":"wp","href":"https:\/\/api.w.org\/{rel}","templated":true}]}}