{"id":237504,"date":"2026-03-08T14:53:55","date_gmt":"2026-03-08T18:53:55","guid":{"rendered":"https:\/\/www.cuballama.com\/noticias\/?p=237504"},"modified":"2026-03-08T14:53:59","modified_gmt":"2026-03-08T18:53:59","slug":"fuente-comunitaria-esclarece-detalles-sobre-hombre-hallado-muerto-en-finca-de-palmira-cienfuegos","status":"publish","type":"post","link":"https:\/\/www.cuballama.com\/noticias\/fuente-comunitaria-esclarece-detalles-sobre-hombre-hallado-muerto-en-finca-de-palmira-cienfuegos\/","title":{"rendered":"Fuente comunitaria esclarece detalles sobre hombre hallado muerto en finca de Palmira, Cienfuegos"},"content":{"rendered":"\n<p>El hallazgo del cuerpo de un hombre sin identificar en una finca del municipio de Palmira, en la provincia de Cienfuegos, ha generado preocupaci\u00f3n entre vecinos y usuarios de redes sociales, donde en las \u00faltimas horas han comenzado a circular versiones y preguntas sobre la identidad del fallecido y la posibilidad de que se trate de una persona reportada como desaparecida en otra provincia, en una ciudad vecina.<\/p>\n\n\n\n<p>La primera informaci\u00f3n sobre el caso fue difundida por la p\u00e1gina comunitaria <em><a href=\"https:\/\/www.facebook.com\/permalink.php?story_fbid=pfbid02kZRwNgZvAop5KRHUaLDTSHuLViK9RzZmNSeBPhEypcbMPE5wNwZg4YxRtryZ62tul&amp;id=61559784217848\" target=\"_blank\" rel=\"noreferrer noopener nofollow\">\u201cNio reportando un crimen\u201d<\/a><\/em>, que alert\u00f3 sobre el descubrimiento del cad\u00e1ver en una finca de la zona. <\/p>\n\n\n\n<p>Seg\u00fan esa publicaci\u00f3n, el cuerpo correspond\u00eda a un hombre alto y de complexi\u00f3n fuerte, que ya se encontraba en avanzado estado de descomposici\u00f3n al momento del hallazgo. El reporte se\u00f1alaba adem\u00e1s que el fallecido no era reconocido por residentes del lugar, lo que hizo surgir la sospecha de que podr\u00eda tratarse de alguien procedente de otra provincia.<\/p>\n\n\n\n<p>La plataforma tambi\u00e9n indic\u00f3 que el cad\u00e1ver presentaba un tatuaje visible que podr\u00eda ayudar a su identificaci\u00f3n, aunque hasta el momento las autoridades no han logrado establecer qui\u00e9n es la persona fallecida.<\/p>\n\n\n\n<iframe loading=\"lazy\" src=\"https:\/\/www.facebook.com\/plugins\/post.php?href=https%3A%2F%2Fwww.facebook.com%2Fpermalink.php%3Fstory_fbid%3Dpfbid02kZRwNgZvAop5KRHUaLDTSHuLViK9RzZmNSeBPhEypcbMPE5wNwZg4YxRtryZ62tul%26id%3D61559784217848&#038;show_text=true&#038;width=500\" width=\"500\" height=\"442\" style=\"border:none;overflow:hidden\" scrolling=\"no\" frameborder=\"0\" allowfullscreen=\"true\" allow=\"autoplay; clipboard-write; encrypted-media; picture-in-picture; web-share\"><\/iframe>\n\n\n\n<p>A partir de esa informaci\u00f3n inicial comenzaron a surgir comentarios en redes sociales en los que varios usuarios relacionaban el hallazgo con la desaparici\u00f3n de un hombre en la ciudad de Trinidad, en la vecina provincia de Sancti Sp\u00edritus. Se trata de Giovanni Rafael Lorenzo, de 54 a\u00f1os, quien fue visto por \u00faltima vez el 28 de febrero cuando sali\u00f3 de su casa en motocicleta y desde entonces no se tienen noticias sobre su paradero, seg\u00fan denunciaron sus familiares en redes sociales.<\/p>\n\n\n\n<p>La cercan\u00eda geogr\u00e1fica entre ambas zonas \u2014ya que el territorio monta\u00f1oso de Cumanayagua conecta \u00e1reas de Cienfuegos con el municipio trinitario\u2014 aliment\u00f3 las especulaciones de algunos usuarios que planteaban la posibilidad de que el cad\u00e1ver encontrado en Palmira pudiera corresponder a esa persona desaparecida. <\/p>\n\n\n\n<p>Hay un detalle que adem\u00e1s alimenta el rumor: uno de los detenidos en Trinidad en relaci\u00f3n con la desaparici\u00f3n de Giovanni Lorenzo, es un sujeto que hace ya m\u00e1s de una d\u00e9cada asesin\u00f3 a una persona en Cienfuegos. <\/p>\n\n\n\n<p>Sin embargo, una fuente comunitaria consultada por este medio ofreci\u00f3 detalles adicionales sobre el hallazgo que apuntan a que probablemente no se trate del mismo individuo.<\/p>\n\n\n\n<p>De acuerdo con ese testimonio, el cuerpo fue encontrado por un campesino identificado como Jos\u00e9 \u201cPepe\u201d Briones, un hombre mayor de la zona, quien acudi\u00f3 al lugar a buscar agua. El campesino habr\u00eda notado primero la presencia de auras (buitres) en el \u00e1rea y pens\u00f3 inicialmente que se trataba de una vaca muerta. Al acercarse descubri\u00f3 que era el cad\u00e1ver de un hombre.<\/p>\n\n\n\n<p>Seg\u00fan esta fuente, el cuerpo llevaba entre 48 y 72 horas en el lugar cuando fue encontrado, estimaci\u00f3n que tambi\u00e9n habr\u00eda sido manejada por la polic\u00eda durante las primeras inspecciones en el sitio.<\/p>\n\n\n\n<p>El estado del cad\u00e1ver era grave debido a la acci\u00f3n de animales carro\u00f1eros. La fuente explic\u00f3 que las auras ya hab\u00edan devorado parte del rostro, del pecho y una mano del fallecido, lo que complica su identificaci\u00f3n visual.<\/p>\n\n\n\n<p>Adem\u00e1s, indic\u00f3 que el hombre presentaba golpes y heridas visibles, aunque hasta el momento no existe informaci\u00f3n oficial que confirme las circunstancias exactas de su muerte.<\/p>\n\n\n\n<p>Las autoridades habr\u00edan permanecido varias horas trabajando en la escena, incluso durante gran parte de la noche, mientras realizaban las primeras diligencias.<\/p>\n\n\n\n<p>La misma fuente se\u00f1al\u00f3 que, seg\u00fan lo observado en el lugar, el fallecido era un hombre relativamente joven, de tez mestiza, fuerte f\u00edsicamente y con tatuajes visibles, caracter\u00edsticas que no coincidir\u00edan del todo con las descripciones difundidas p\u00fablicamente sobre Giovanni Rafael Lorenzo.<\/p>\n\n\n\n<p>Por esa raz\u00f3n, da la impresi\u00f3n de que se trata de otra persona distinta, aunque la incertidumbre contin\u00faa debido a que el cad\u00e1ver a\u00fan no ha sido identificado oficialmente.<\/p>\n\n\n\n<p>Mientras tanto, el caso sigue generando inquietud entre residentes de la regi\u00f3n y usuarios de redes sociales, quienes esperan que las autoridades puedan determinar pronto la identidad del hombre hallado en Palmira y esclarecer las circunstancias de su muerte.<\/p>\n\n\n\n<p><br><\/p>\n","protected":false},"excerpt":{"rendered":"<p>Un campesino encontr\u00f3 el cuerpo tras ver auras sobre la zona. Vecinos temen relaci\u00f3n con un desaparecido de Trinidad.<\/p>\n","protected":false},"author":13,"featured_media":237506,"comment_status":"open","ping_status":"closed","sticky":false,"template":"","format":"standard","meta":{"_acf_changed":false,"footnotes":""},"categories":[18,955],"tags":[29,27027,22981,30909,30781,28854,11509,30919,500],"class_list":{"0":"post-237504","1":"post","2":"type-post","3":"status-publish","4":"format-standard","5":"has-post-thumbnail","7":"category-noticias","8":"category-noticias-de-cuba","9":"tag-cienfuegos","10":"tag-cuba-noticias","11":"tag-desaparecido-en-cuba","12":"tag-giovanni-rafael-lorenzo","13":"tag-hallazgo-de-cadaver","14":"tag-palmira","15":"tag-sancti-spiritus-2","16":"tag-sucesos-cuba","17":"tag-trinidad"},"acf":[],"yoast_head":"<!-- This site is optimized with the Yoast SEO plugin v27.4 - https:\/\/yoast.com\/product\/yoast-seo-wordpress\/ -->\n<title>Fuente comunitaria esclarece detalles sobre hombre hallado muerto en finca de Palmira, Cienfuegos - Cuballama Noticias<\/title>\n<meta name=\"description\" content=\"Hallan hombre sin identificar en finca de Palmira; fuente local revela detalles mientras surgen rumores sobre desaparecido.\" \/>\n<meta name=\"robots\" content=\"index, follow, max-snippet:-1, max-image-preview:large, max-video-preview:-1\" \/>\n<link rel=\"canonical\" href=\"https:\/\/www.cuballama.com\/noticias\/fuente-comunitaria-esclarece-detalles-sobre-hombre-hallado-muerto-en-finca-de-palmira-cienfuegos\/\" \/>\n<meta property=\"og:locale\" content=\"es_ES\" \/>\n<meta property=\"og:type\" content=\"article\" \/>\n<meta property=\"og:title\" content=\"Fuente comunitaria esclarece detalles sobre hombre hallado muerto en finca de Palmira, Cienfuegos - Cuballama Noticias\" \/>\n<meta property=\"og:description\" content=\"Hallan hombre sin identificar en finca de Palmira; fuente local revela detalles mientras surgen rumores sobre desaparecido.\" \/>\n<meta property=\"og:url\" content=\"https:\/\/www.cuballama.com\/noticias\/fuente-comunitaria-esclarece-detalles-sobre-hombre-hallado-muerto-en-finca-de-palmira-cienfuegos\/\" \/>\n<meta property=\"og:site_name\" content=\"Cuballama Noticias\" \/>\n<meta property=\"article:publisher\" content=\"https:\/\/www.facebook.com\/CubaLlama\" \/>\n<meta property=\"article:published_time\" content=\"2026-03-08T18:53:55+00:00\" \/>\n<meta property=\"article:modified_time\" content=\"2026-03-08T18:53:59+00:00\" \/>\n<meta property=\"og:image\" content=\"https:\/\/cdn1.mediawpaccore.net\/wp-content\/uploads\/2026\/03\/08052030\/image-34-1024x537.png\" \/>\n\t<meta property=\"og:image:width\" content=\"1024\" \/>\n\t<meta property=\"og:image:height\" content=\"537\" \/>\n\t<meta property=\"og:image:type\" content=\"image\/png\" \/>\n<meta name=\"author\" content=\"Roberto A.\" \/>\n<meta name=\"twitter:card\" content=\"summary_large_image\" \/>\n<meta name=\"twitter:creator\" content=\"@cuballama\" \/>\n<meta name=\"twitter:site\" content=\"@cuballama\" \/>\n<meta name=\"twitter:label1\" content=\"Escrito por\" \/>\n\t<meta name=\"twitter:data1\" content=\"Roberto A.\" \/>\n\t<meta name=\"twitter:label2\" content=\"Tiempo de lectura\" \/>\n\t<meta name=\"twitter:data2\" content=\"4 minutos\" \/>\n<script type=\"application\/ld+json\" class=\"yoast-schema-graph\">{\"@context\":\"https:\\\/\\\/schema.org\",\"@graph\":[{\"@type\":\"Article\",\"@id\":\"https:\\\/\\\/www.cuballama.com\\\/noticias\\\/fuente-comunitaria-esclarece-detalles-sobre-hombre-hallado-muerto-en-finca-de-palmira-cienfuegos\\\/#article\",\"isPartOf\":{\"@id\":\"https:\\\/\\\/www.cuballama.com\\\/noticias\\\/fuente-comunitaria-esclarece-detalles-sobre-hombre-hallado-muerto-en-finca-de-palmira-cienfuegos\\\/\"},\"author\":{\"name\":\"Roberto A.\",\"@id\":\"https:\\\/\\\/www.cuballama.com\\\/noticias\\\/#\\\/schema\\\/person\\\/a58502ed4146c8e9f83872e897c76cd2\"},\"headline\":\"Fuente comunitaria esclarece detalles sobre hombre hallado muerto en finca de Palmira, Cienfuegos\",\"datePublished\":\"2026-03-08T18:53:55+00:00\",\"dateModified\":\"2026-03-08T18:53:59+00:00\",\"mainEntityOfPage\":{\"@id\":\"https:\\\/\\\/www.cuballama.com\\\/noticias\\\/fuente-comunitaria-esclarece-detalles-sobre-hombre-hallado-muerto-en-finca-de-palmira-cienfuegos\\\/\"},\"wordCount\":735,\"commentCount\":0,\"publisher\":{\"@id\":\"https:\\\/\\\/www.cuballama.com\\\/noticias\\\/#organization\"},\"image\":{\"@id\":\"https:\\\/\\\/www.cuballama.com\\\/noticias\\\/fuente-comunitaria-esclarece-detalles-sobre-hombre-hallado-muerto-en-finca-de-palmira-cienfuegos\\\/#primaryimage\"},\"thumbnailUrl\":\"https:\\\/\\\/cdn1.mediawpaccore.net\\\/wp-content\\\/uploads\\\/2026\\\/03\\\/08052030\\\/image-34.png\",\"keywords\":[\"cienfuegos\",\"Cuba noticias\",\"desaparecido en Cuba\",\"Giovanni Rafael Lorenzo\",\"hallazgo de cad\u00e1ver\",\"Palmira\",\"Sancti Sp\u00edritus\",\"sucesos Cuba\",\"Trinidad\"],\"articleSection\":[\"Noticias\",\"Noticias de Cuba\"],\"inLanguage\":\"es\",\"potentialAction\":[{\"@type\":\"CommentAction\",\"name\":\"Comment\",\"target\":[\"https:\\\/\\\/www.cuballama.com\\\/noticias\\\/fuente-comunitaria-esclarece-detalles-sobre-hombre-hallado-muerto-en-finca-de-palmira-cienfuegos\\\/#respond\"]}]},{\"@type\":\"WebPage\",\"@id\":\"https:\\\/\\\/www.cuballama.com\\\/noticias\\\/fuente-comunitaria-esclarece-detalles-sobre-hombre-hallado-muerto-en-finca-de-palmira-cienfuegos\\\/\",\"url\":\"https:\\\/\\\/www.cuballama.com\\\/noticias\\\/fuente-comunitaria-esclarece-detalles-sobre-hombre-hallado-muerto-en-finca-de-palmira-cienfuegos\\\/\",\"name\":\"Fuente comunitaria esclarece detalles sobre hombre hallado muerto en finca de Palmira, Cienfuegos - Cuballama Noticias\",\"isPartOf\":{\"@id\":\"https:\\\/\\\/www.cuballama.com\\\/noticias\\\/#website\"},\"primaryImageOfPage\":{\"@id\":\"https:\\\/\\\/www.cuballama.com\\\/noticias\\\/fuente-comunitaria-esclarece-detalles-sobre-hombre-hallado-muerto-en-finca-de-palmira-cienfuegos\\\/#primaryimage\"},\"image\":{\"@id\":\"https:\\\/\\\/www.cuballama.com\\\/noticias\\\/fuente-comunitaria-esclarece-detalles-sobre-hombre-hallado-muerto-en-finca-de-palmira-cienfuegos\\\/#primaryimage\"},\"thumbnailUrl\":\"https:\\\/\\\/cdn1.mediawpaccore.net\\\/wp-content\\\/uploads\\\/2026\\\/03\\\/08052030\\\/image-34.png\",\"datePublished\":\"2026-03-08T18:53:55+00:00\",\"dateModified\":\"2026-03-08T18:53:59+00:00\",\"description\":\"Hallan hombre sin identificar en finca de Palmira; fuente local revela detalles mientras surgen rumores sobre desaparecido.\",\"breadcrumb\":{\"@id\":\"https:\\\/\\\/www.cuballama.com\\\/noticias\\\/fuente-comunitaria-esclarece-detalles-sobre-hombre-hallado-muerto-en-finca-de-palmira-cienfuegos\\\/#breadcrumb\"},\"inLanguage\":\"es\",\"potentialAction\":[{\"@type\":\"ReadAction\",\"target\":[\"https:\\\/\\\/www.cuballama.com\\\/noticias\\\/fuente-comunitaria-esclarece-detalles-sobre-hombre-hallado-muerto-en-finca-de-palmira-cienfuegos\\\/\"]}]},{\"@type\":\"ImageObject\",\"inLanguage\":\"es\",\"@id\":\"https:\\\/\\\/www.cuballama.com\\\/noticias\\\/fuente-comunitaria-esclarece-detalles-sobre-hombre-hallado-muerto-en-finca-de-palmira-cienfuegos\\\/#primaryimage\",\"url\":\"https:\\\/\\\/cdn1.mediawpaccore.net\\\/wp-content\\\/uploads\\\/2026\\\/03\\\/08052030\\\/image-34.png\",\"contentUrl\":\"https:\\\/\\\/cdn1.mediawpaccore.net\\\/wp-content\\\/uploads\\\/2026\\\/03\\\/08052030\\\/image-34.png\",\"width\":1966,\"height\":1031,\"caption\":\"Imagen referencial. Foto v\u00eda P\u00e1gina de Facebook \\\"Cienfuegos Encanta\\\"\"},{\"@type\":\"BreadcrumbList\",\"@id\":\"https:\\\/\\\/www.cuballama.com\\\/noticias\\\/fuente-comunitaria-esclarece-detalles-sobre-hombre-hallado-muerto-en-finca-de-palmira-cienfuegos\\\/#breadcrumb\",\"itemListElement\":[{\"@type\":\"ListItem\",\"position\":1,\"name\":\"Home\",\"item\":\"https:\\\/\\\/www.cuballama.com\\\/noticias\\\/\"},{\"@type\":\"ListItem\",\"position\":2,\"name\":\"Fuente comunitaria esclarece detalles sobre hombre hallado muerto en finca de Palmira, Cienfuegos\"}]},{\"@type\":\"WebSite\",\"@id\":\"https:\\\/\\\/www.cuballama.com\\\/noticias\\\/#website\",\"url\":\"https:\\\/\\\/www.cuballama.com\\\/noticias\\\/\",\"name\":\"Cuballama Noticias\",\"description\":\"Medio digital sobre Cuba y el mundo\",\"publisher\":{\"@id\":\"https:\\\/\\\/www.cuballama.com\\\/noticias\\\/#organization\"},\"potentialAction\":[{\"@type\":\"SearchAction\",\"target\":{\"@type\":\"EntryPoint\",\"urlTemplate\":\"https:\\\/\\\/www.cuballama.com\\\/noticias\\\/?s={search_term_string}\"},\"query-input\":{\"@type\":\"PropertyValueSpecification\",\"valueRequired\":true,\"valueName\":\"search_term_string\"}}],\"inLanguage\":\"es\"},{\"@type\":\"Organization\",\"@id\":\"https:\\\/\\\/www.cuballama.com\\\/noticias\\\/#organization\",\"name\":\"Cuballama\",\"url\":\"https:\\\/\\\/www.cuballama.com\\\/noticias\\\/\",\"logo\":{\"@type\":\"ImageObject\",\"inLanguage\":\"es\",\"@id\":\"https:\\\/\\\/www.cuballama.com\\\/noticias\\\/#\\\/schema\\\/logo\\\/image\\\/\",\"url\":\"https:\\\/\\\/cdn1.mediawpaccore.net\\\/wp-content\\\/uploads\\\/2021\\\/12\\\/28171206\\\/cbll-logo-color-sm.png\",\"contentUrl\":\"https:\\\/\\\/cdn1.mediawpaccore.net\\\/wp-content\\\/uploads\\\/2021\\\/12\\\/28171206\\\/cbll-logo-color-sm.png\",\"width\":600,\"height\":133,\"caption\":\"Cuballama\"},\"image\":{\"@id\":\"https:\\\/\\\/www.cuballama.com\\\/noticias\\\/#\\\/schema\\\/logo\\\/image\\\/\"},\"sameAs\":[\"https:\\\/\\\/www.facebook.com\\\/CubaLlama\",\"https:\\\/\\\/x.com\\\/cuballama\",\"https:\\\/\\\/www.instagram.com\\\/stories\\\/cuballama_oficial\\\/\",\"https:\\\/\\\/www.youtube.com\\\/channel\\\/UCKkFE-d_axENGZcrc4as0IA\"]},{\"@type\":\"Person\",\"@id\":\"https:\\\/\\\/www.cuballama.com\\\/noticias\\\/#\\\/schema\\\/person\\\/a58502ed4146c8e9f83872e897c76cd2\",\"name\":\"Roberto A.\",\"description\":\"Roberto A. Periodista por decisi\u00f3n propia. Interesado en cualquier tema que me apasione y cada vez m\u00e1s comprometido con la verdad y la objetividad period\u00edstica. Graduado en La Habana hace ya muchos a\u00f1os, luego de una accidentada y polvorienta b\u00fasqueda de informaci\u00f3n sobre un tema in\u00e9dito. La Tesis, por cierto, desapareci\u00f3 de la biblioteca y no se conservan copias de la misma.\",\"url\":\"https:\\\/\\\/www.cuballama.com\\\/noticias\\\/author\\\/roberto\\\/\"}]}<\/script>\n<!-- \/ Yoast SEO plugin. -->","yoast_head_json":{"title":"Fuente comunitaria esclarece detalles sobre hombre hallado muerto en finca de Palmira, Cienfuegos - Cuballama Noticias","description":"Hallan hombre sin identificar en finca de Palmira; fuente local revela detalles mientras surgen rumores sobre desaparecido.","robots":{"index":"index","follow":"follow","max-snippet":"max-snippet:-1","max-image-preview":"max-image-preview:large","max-video-preview":"max-video-preview:-1"},"canonical":"https:\/\/www.cuballama.com\/noticias\/fuente-comunitaria-esclarece-detalles-sobre-hombre-hallado-muerto-en-finca-de-palmira-cienfuegos\/","og_locale":"es_ES","og_type":"article","og_title":"Fuente comunitaria esclarece detalles sobre hombre hallado muerto en finca de Palmira, Cienfuegos - Cuballama Noticias","og_description":"Hallan hombre sin identificar en finca de Palmira; fuente local revela detalles mientras surgen rumores sobre desaparecido.","og_url":"https:\/\/www.cuballama.com\/noticias\/fuente-comunitaria-esclarece-detalles-sobre-hombre-hallado-muerto-en-finca-de-palmira-cienfuegos\/","og_site_name":"Cuballama Noticias","article_publisher":"https:\/\/www.facebook.com\/CubaLlama","article_published_time":"2026-03-08T18:53:55+00:00","article_modified_time":"2026-03-08T18:53:59+00:00","og_image":[{"width":1024,"height":537,"url":"https:\/\/cdn1.mediawpaccore.net\/wp-content\/uploads\/2026\/03\/08052030\/image-34-1024x537.png","type":"image\/png"}],"author":"Roberto A.","twitter_card":"summary_large_image","twitter_creator":"@cuballama","twitter_site":"@cuballama","twitter_misc":{"Escrito por":"Roberto A.","Tiempo de lectura":"4 minutos"},"schema":{"@context":"https:\/\/schema.org","@graph":[{"@type":"Article","@id":"https:\/\/www.cuballama.com\/noticias\/fuente-comunitaria-esclarece-detalles-sobre-hombre-hallado-muerto-en-finca-de-palmira-cienfuegos\/#article","isPartOf":{"@id":"https:\/\/www.cuballama.com\/noticias\/fuente-comunitaria-esclarece-detalles-sobre-hombre-hallado-muerto-en-finca-de-palmira-cienfuegos\/"},"author":{"name":"Roberto A.","@id":"https:\/\/www.cuballama.com\/noticias\/#\/schema\/person\/a58502ed4146c8e9f83872e897c76cd2"},"headline":"Fuente comunitaria esclarece detalles sobre hombre hallado muerto en finca de Palmira, Cienfuegos","datePublished":"2026-03-08T18:53:55+00:00","dateModified":"2026-03-08T18:53:59+00:00","mainEntityOfPage":{"@id":"https:\/\/www.cuballama.com\/noticias\/fuente-comunitaria-esclarece-detalles-sobre-hombre-hallado-muerto-en-finca-de-palmira-cienfuegos\/"},"wordCount":735,"commentCount":0,"publisher":{"@id":"https:\/\/www.cuballama.com\/noticias\/#organization"},"image":{"@id":"https:\/\/www.cuballama.com\/noticias\/fuente-comunitaria-esclarece-detalles-sobre-hombre-hallado-muerto-en-finca-de-palmira-cienfuegos\/#primaryimage"},"thumbnailUrl":"https:\/\/cdn1.mediawpaccore.net\/wp-content\/uploads\/2026\/03\/08052030\/image-34.png","keywords":["cienfuegos","Cuba noticias","desaparecido en Cuba","Giovanni Rafael Lorenzo","hallazgo de cad\u00e1ver","Palmira","Sancti Sp\u00edritus","sucesos Cuba","Trinidad"],"articleSection":["Noticias","Noticias de Cuba"],"inLanguage":"es","potentialAction":[{"@type":"CommentAction","name":"Comment","target":["https:\/\/www.cuballama.com\/noticias\/fuente-comunitaria-esclarece-detalles-sobre-hombre-hallado-muerto-en-finca-de-palmira-cienfuegos\/#respond"]}]},{"@type":"WebPage","@id":"https:\/\/www.cuballama.com\/noticias\/fuente-comunitaria-esclarece-detalles-sobre-hombre-hallado-muerto-en-finca-de-palmira-cienfuegos\/","url":"https:\/\/www.cuballama.com\/noticias\/fuente-comunitaria-esclarece-detalles-sobre-hombre-hallado-muerto-en-finca-de-palmira-cienfuegos\/","name":"Fuente comunitaria esclarece detalles sobre hombre hallado muerto en finca de Palmira, Cienfuegos - Cuballama Noticias","isPartOf":{"@id":"https:\/\/www.cuballama.com\/noticias\/#website"},"primaryImageOfPage":{"@id":"https:\/\/www.cuballama.com\/noticias\/fuente-comunitaria-esclarece-detalles-sobre-hombre-hallado-muerto-en-finca-de-palmira-cienfuegos\/#primaryimage"},"image":{"@id":"https:\/\/www.cuballama.com\/noticias\/fuente-comunitaria-esclarece-detalles-sobre-hombre-hallado-muerto-en-finca-de-palmira-cienfuegos\/#primaryimage"},"thumbnailUrl":"https:\/\/cdn1.mediawpaccore.net\/wp-content\/uploads\/2026\/03\/08052030\/image-34.png","datePublished":"2026-03-08T18:53:55+00:00","dateModified":"2026-03-08T18:53:59+00:00","description":"Hallan hombre sin identificar en finca de Palmira; fuente local revela detalles mientras surgen rumores sobre desaparecido.","breadcrumb":{"@id":"https:\/\/www.cuballama.com\/noticias\/fuente-comunitaria-esclarece-detalles-sobre-hombre-hallado-muerto-en-finca-de-palmira-cienfuegos\/#breadcrumb"},"inLanguage":"es","potentialAction":[{"@type":"ReadAction","target":["https:\/\/www.cuballama.com\/noticias\/fuente-comunitaria-esclarece-detalles-sobre-hombre-hallado-muerto-en-finca-de-palmira-cienfuegos\/"]}]},{"@type":"ImageObject","inLanguage":"es","@id":"https:\/\/www.cuballama.com\/noticias\/fuente-comunitaria-esclarece-detalles-sobre-hombre-hallado-muerto-en-finca-de-palmira-cienfuegos\/#primaryimage","url":"https:\/\/cdn1.mediawpaccore.net\/wp-content\/uploads\/2026\/03\/08052030\/image-34.png","contentUrl":"https:\/\/cdn1.mediawpaccore.net\/wp-content\/uploads\/2026\/03\/08052030\/image-34.png","width":1966,"height":1031,"caption":"Imagen referencial. Foto v\u00eda P\u00e1gina de Facebook \"Cienfuegos Encanta\""},{"@type":"BreadcrumbList","@id":"https:\/\/www.cuballama.com\/noticias\/fuente-comunitaria-esclarece-detalles-sobre-hombre-hallado-muerto-en-finca-de-palmira-cienfuegos\/#breadcrumb","itemListElement":[{"@type":"ListItem","position":1,"name":"Home","item":"https:\/\/www.cuballama.com\/noticias\/"},{"@type":"ListItem","position":2,"name":"Fuente comunitaria esclarece detalles sobre hombre hallado muerto en finca de Palmira, Cienfuegos"}]},{"@type":"WebSite","@id":"https:\/\/www.cuballama.com\/noticias\/#website","url":"https:\/\/www.cuballama.com\/noticias\/","name":"Cuballama Noticias","description":"Medio digital sobre Cuba y el mundo","publisher":{"@id":"https:\/\/www.cuballama.com\/noticias\/#organization"},"potentialAction":[{"@type":"SearchAction","target":{"@type":"EntryPoint","urlTemplate":"https:\/\/www.cuballama.com\/noticias\/?s={search_term_string}"},"query-input":{"@type":"PropertyValueSpecification","valueRequired":true,"valueName":"search_term_string"}}],"inLanguage":"es"},{"@type":"Organization","@id":"https:\/\/www.cuballama.com\/noticias\/#organization","name":"Cuballama","url":"https:\/\/www.cuballama.com\/noticias\/","logo":{"@type":"ImageObject","inLanguage":"es","@id":"https:\/\/www.cuballama.com\/noticias\/#\/schema\/logo\/image\/","url":"https:\/\/cdn1.mediawpaccore.net\/wp-content\/uploads\/2021\/12\/28171206\/cbll-logo-color-sm.png","contentUrl":"https:\/\/cdn1.mediawpaccore.net\/wp-content\/uploads\/2021\/12\/28171206\/cbll-logo-color-sm.png","width":600,"height":133,"caption":"Cuballama"},"image":{"@id":"https:\/\/www.cuballama.com\/noticias\/#\/schema\/logo\/image\/"},"sameAs":["https:\/\/www.facebook.com\/CubaLlama","https:\/\/x.com\/cuballama","https:\/\/www.instagram.com\/stories\/cuballama_oficial\/","https:\/\/www.youtube.com\/channel\/UCKkFE-d_axENGZcrc4as0IA"]},{"@type":"Person","@id":"https:\/\/www.cuballama.com\/noticias\/#\/schema\/person\/a58502ed4146c8e9f83872e897c76cd2","name":"Roberto A.","description":"Roberto A. Periodista por decisi\u00f3n propia. Interesado en cualquier tema que me apasione y cada vez m\u00e1s comprometido con la verdad y la objetividad period\u00edstica. Graduado en La Habana hace ya muchos a\u00f1os, luego de una accidentada y polvorienta b\u00fasqueda de informaci\u00f3n sobre un tema in\u00e9dito. La Tesis, por cierto, desapareci\u00f3 de la biblioteca y no se conservan copias de la misma.","url":"https:\/\/www.cuballama.com\/noticias\/author\/roberto\/"}]}},"_links":{"self":[{"href":"https:\/\/www.cuballama.com\/noticias\/wp-json\/wp\/v2\/posts\/237504","targetHints":{"allow":["GET"]}}],"collection":[{"href":"https:\/\/www.cuballama.com\/noticias\/wp-json\/wp\/v2\/posts"}],"about":[{"href":"https:\/\/www.cuballama.com\/noticias\/wp-json\/wp\/v2\/types\/post"}],"author":[{"embeddable":true,"href":"https:\/\/www.cuballama.com\/noticias\/wp-json\/wp\/v2\/users\/13"}],"replies":[{"embeddable":true,"href":"https:\/\/www.cuballama.com\/noticias\/wp-json\/wp\/v2\/comments?post=237504"}],"version-history":[{"count":2,"href":"https:\/\/www.cuballama.com\/noticias\/wp-json\/wp\/v2\/posts\/237504\/revisions"}],"predecessor-version":[{"id":237507,"href":"https:\/\/www.cuballama.com\/noticias\/wp-json\/wp\/v2\/posts\/237504\/revisions\/237507"}],"wp:featuredmedia":[{"embeddable":true,"href":"https:\/\/www.cuballama.com\/noticias\/wp-json\/wp\/v2\/media\/237506"}],"wp:attachment":[{"href":"https:\/\/www.cuballama.com\/noticias\/wp-json\/wp\/v2\/media?parent=237504"}],"wp:term":[{"taxonomy":"category","embeddable":true,"href":"https:\/\/www.cuballama.com\/noticias\/wp-json\/wp\/v2\/categories?post=237504"},{"taxonomy":"post_tag","embeddable":true,"href":"https:\/\/www.cuballama.com\/noticias\/wp-json\/wp\/v2\/tags?post=237504"}],"curies":[{"name":"wp","href":"https:\/\/api.w.org\/{rel}","templated":true}]}}