{"id":237500,"date":"2026-03-11T02:10:06","date_gmt":"2026-03-11T06:10:06","guid":{"rendered":"https:\/\/www.cuballama.com\/noticias\/?p=237500"},"modified":"2026-03-11T02:10:08","modified_gmt":"2026-03-11T06:10:08","slug":"otro-medico-cubano-fallece-en-venezuela-en-este-caso-puede-que-cuba-si-se-haga-responsable-de-traer-su-cuerpo","status":"publish","type":"post","link":"https:\/\/www.cuballama.com\/noticias\/otro-medico-cubano-fallece-en-venezuela-en-este-caso-puede-que-cuba-si-se-haga-responsable-de-traer-su-cuerpo\/","title":{"rendered":"Otro m\u00e9dico cubano fallece en Venezuela. En este caso, puede que Cuba s\u00ed se haga responsable de traer su cuerpo"},"content":{"rendered":"\n<p>Otra muerte de un colaborador cubano en Venezuela vuelve a golpear al sector de la salud y reabre una pregunta inc\u00f3moda: qu\u00e9 pasa con esos profesionales cuando mueren lejos de Cuba y sus familias quedan solas frente al drama. Esta vez, la noticia fue comunicada por el propio Policl\u00ednico Pedro Borr\u00e1s Astorga, una instituci\u00f3n de salud de Pinar del R\u00edo, que lament\u00f3 el fallecimiento de Yosewel D\u00edaz Camaliche mientras cumpl\u00eda misi\u00f3n en la \u201chermana Rep\u00fablica Bolivariana de Venezuela\u201d. El nombre del policl\u00ednico aparece adem\u00e1s en fuentes m\u00e9dicas cubanas vinculadas a Pinar del R\u00edo.<\/p>\n\n\n\n<p>La publicaci\u00f3n institucional, compartida en <em><a href=\"https:\/\/www.facebook.com\/policlinicopedroborras.astorga.5\/posts\/pfbid02ngjEZVfUJL6fMUmbCiK9Nbjp8WVzE1UqCodZaybQh6yMRQUgirejUuXoEGtpHkmDl\" target=\"_blank\" rel=\"noreferrer noopener\">Facebook<\/a><\/em>, no ofreci\u00f3 detalles sobre las circunstancias de la muerte. Se limit\u00f3 a informar que el deceso ocurri\u00f3 \u201cen la tarde de hoy\u201d y a presentar a D\u00edaz Camaliche como un colaborador que estaba cumpliendo misi\u00f3n internacionalista. A partir de ah\u00ed, fueron los comentarios de compa\u00f1eros, familiares y conocidos los que empezaron a dibujar el impacto humano de la p\u00e9rdida: lo recuerdan como laboratorista, colega de muchos a\u00f1os, vecino querido, esposo, hijo y amigo.<\/p>\n\n\n\n<p>En ese mismo hilo aparecen menciones directas a su esposa, identificada por varios usuarios como Kenia, as\u00ed como a su madre y otros familiares. Los mensajes repiten una idea: que era un hombre apreciado dentro y fuera del centro de trabajo. <\/p>\n\n\n\n<p>\u201cUn excelente vecino, hijo, padre\u201d, escribi\u00f3 una persona. Otra lo describi\u00f3 como \u201cgran amigo y compa\u00f1ero de trabajo\u201d. Tambi\u00e9n hubo quien record\u00f3 que \u201csiempre daba lo mejor de \u00e9l\u201d y quien se pregunt\u00f3 con visible desconcierto qu\u00e9 pudo haber ocurrido, porque hasta poco antes lo sab\u00edan bien.<\/p>\n\n\n\n<iframe loading=\"lazy\" src=\"https:\/\/www.facebook.com\/plugins\/post.php?href=https%3A%2F%2Fwww.facebook.com%2Fpoliclinicopedroborras.astorga.5%2Fposts%2Fpfbid02ngjEZVfUJL6fMUmbCiK9Nbjp8WVzE1UqCodZaybQh6yMRQUgirejUuXoEGtpHkmDl&#038;show_text=true&#038;width=500\" width=\"500\" height=\"725\" style=\"border:none;overflow:hidden\" scrolling=\"no\" frameborder=\"0\" allowfullscreen=\"true\" allow=\"autoplay; clipboard-write; encrypted-media; picture-in-picture; web-share\"><\/iframe>\n\n\n\n<p>La falta de informaci\u00f3n concreta sobre la causa de la muerte ha disparado la incertidumbre. Decenas de comentarios preguntan exactamente eso: \u201c\u00bfqu\u00e9 le pas\u00f3?\u201d, sin que en la publicaci\u00f3n aparezca una respuesta oficial. Sin embargo, en el hilo de comentarios, Oslivia Mendoza, trabajadora del policl\u00ednico pinare\u00f1o y presuntamente colega y amiga del fallecido, dijo que este sufri\u00f3 un infarto masivo. <\/p>\n\n\n\n<p>El caso llega adem\u00e1s en un momento especialmente sensible, porque apenas horas antes hab\u00eda trascendido otra denuncia familiar: <a href=\"https:\/\/www.facebook.com\/raynedaniel.molinaarias\/posts\/pfbid02yfRYK3mYhLB6GVwJjzGZ2psg9oNiAcMs4wugfcCTfT9zZeCdrsbmu7sH19PfkDf1l\" target=\"_blank\" rel=\"noreferrer noopener nofollow\">la del m\u00e9dico cubano Roberto Mengana Arias<\/a>, fallecido tambi\u00e9n en Venezuela, <strong>cuyo hermano asegur\u00f3 en redes que necesitaban 10.000 d\u00f3lares para repatriar el cuerpo porque el Estado cubano no asumir\u00eda ese costo.<\/strong> En ese contexto, la muerte de Yosewel D\u00edaz Camaliche dispara de inmediato el mismo temor: que otra familia tenga que enfrentar sola tr\u00e1mites, gastos y abandono.<\/p>\n\n\n\n<p>Sin embargo, entre un caso y otro hay una sutil diferencia. La periodista Annarella Grimal, a partir de una investigaci\u00f3n hecha con fuentes cercanas a ambos descubri\u00f3 que Mengana Arias, era un m\u00e9dico cubano que \u00abhab\u00eda abandonado la misi\u00f3n\u00bb, unos diez a\u00f1os antes \u2014tras haber trabajado en condiciones de semiesclavitud por espacio de 15 a\u00f1os\u2014, con familia (mujer e hijos) y toda \u00abuna vida hecha\u00bb en Venezuela. D\u00edaz Camaliche no. Este \u00faltimo todav\u00eda estaba enrolado en el llamado \u00abej\u00e9rcito de las batas blancas\u00bb; por tal motivo, el Estado cubano s\u00ed que pudiera hacerse responsable del traslado de su cuerpo a la isla, a diferencia de Mengana Arias que ser\u00eda considerado a tales efectos como \u00abun desertor\u00bb.<\/p>\n\n\n\n<p>Por ahora no hay una denuncia p\u00fablica similar en el caso de D\u00edaz Camaliche, pero tampoco existe informaci\u00f3n oficial que indique que Cuba asumir\u00e1 la repatriaci\u00f3n o el acompa\u00f1amiento material a sus familiares. Eso s\u00ed, tras la muerte de este otro trabajador de la salud cubana en misi\u00f3n, vuelve a asomar la posibilidad de que, tras el homenaje institucional y las condolencias de rigor, la carga real quede otra vez en manos de la familia. <\/p>\n","protected":false},"excerpt":{"rendered":"<p>El colaborador cubano Yosewel D\u00edaz Camaliche muri\u00f3 en Venezuela y su caso revive el temor al desamparo estatal.<\/p>\n","protected":false},"author":13,"featured_media":237502,"comment_status":"open","ping_status":"closed","sticky":false,"template":"","format":"standard","meta":{"_acf_changed":false,"footnotes":""},"categories":[9334],"tags":[758,30927,1503,30930,8100,16810,1030,30931],"class_list":{"0":"post-237500","1":"post","2":"type-post","3":"status-publish","4":"format-standard","5":"has-post-thumbnail","7":"category-covid","8":"tag-medicos-cubanos","9":"tag-mision-internacionalista","10":"tag-pinar-del-rio","11":"tag-policlinico-pedro-borras-astorga","12":"tag-repatriacion","13":"tag-salud-cubana","14":"tag-venezuela","15":"tag-yosewel-diaz-camaliche"},"acf":[],"yoast_head":"<!-- This site is optimized with the Yoast SEO plugin v27.5 - https:\/\/yoast.com\/product\/yoast-seo-wordpress\/ -->\n<title>Otro m\u00e9dico cubano fallece en Venezuela. En este caso, puede que Cuba s\u00ed se haga responsable de traer su cuerpo - Cuballama Noticias<\/title>\n<meta name=\"description\" content=\"Otro m\u00e9dico cubano muri\u00f3 en Venezuela y crece el temor de que Cuba tampoco asuma los costos tras su fallecimiento.\" \/>\n<meta name=\"robots\" content=\"index, follow, max-snippet:-1, max-image-preview:large, max-video-preview:-1\" \/>\n<link rel=\"canonical\" href=\"https:\/\/www.cuballama.com\/noticias\/otro-medico-cubano-fallece-en-venezuela-en-este-caso-puede-que-cuba-si-se-haga-responsable-de-traer-su-cuerpo\/\" \/>\n<meta property=\"og:locale\" content=\"es_ES\" \/>\n<meta property=\"og:type\" content=\"article\" \/>\n<meta property=\"og:title\" content=\"Otro m\u00e9dico cubano fallece en Venezuela. En este caso, puede que Cuba s\u00ed se haga responsable de traer su cuerpo - Cuballama Noticias\" \/>\n<meta property=\"og:description\" content=\"Otro m\u00e9dico cubano muri\u00f3 en Venezuela y crece el temor de que Cuba tampoco asuma los costos tras su fallecimiento.\" \/>\n<meta property=\"og:url\" content=\"https:\/\/www.cuballama.com\/noticias\/otro-medico-cubano-fallece-en-venezuela-en-este-caso-puede-que-cuba-si-se-haga-responsable-de-traer-su-cuerpo\/\" \/>\n<meta property=\"og:site_name\" content=\"Cuballama Noticias\" \/>\n<meta property=\"article:publisher\" content=\"https:\/\/www.facebook.com\/CubaLlama\" \/>\n<meta property=\"article:published_time\" content=\"2026-03-11T06:10:06+00:00\" \/>\n<meta property=\"article:modified_time\" content=\"2026-03-11T06:10:08+00:00\" \/>\n<meta property=\"og:image\" content=\"https:\/\/cdn1.mediawpaccore.net\/wp-content\/uploads\/2026\/03\/08044742\/image-33.png\" \/>\n\t<meta property=\"og:image:width\" content=\"1969\" \/>\n\t<meta property=\"og:image:height\" content=\"1035\" \/>\n\t<meta property=\"og:image:type\" content=\"image\/png\" \/>\n<meta name=\"author\" content=\"Roberto A.\" \/>\n<meta name=\"twitter:card\" content=\"summary_large_image\" \/>\n<meta name=\"twitter:creator\" content=\"@cuballama\" \/>\n<meta name=\"twitter:site\" content=\"@cuballama\" \/>\n<meta name=\"twitter:label1\" content=\"Escrito por\" \/>\n\t<meta name=\"twitter:data1\" content=\"Roberto A.\" \/>\n\t<meta name=\"twitter:label2\" content=\"Tiempo de lectura\" \/>\n\t<meta name=\"twitter:data2\" content=\"3 minutos\" \/>\n<script type=\"application\/ld+json\" class=\"yoast-schema-graph\">{\"@context\":\"https:\\\/\\\/schema.org\",\"@graph\":[{\"@type\":\"Article\",\"@id\":\"https:\\\/\\\/www.cuballama.com\\\/noticias\\\/otro-medico-cubano-fallece-en-venezuela-en-este-caso-puede-que-cuba-si-se-haga-responsable-de-traer-su-cuerpo\\\/#article\",\"isPartOf\":{\"@id\":\"https:\\\/\\\/www.cuballama.com\\\/noticias\\\/otro-medico-cubano-fallece-en-venezuela-en-este-caso-puede-que-cuba-si-se-haga-responsable-de-traer-su-cuerpo\\\/\"},\"author\":{\"name\":\"Roberto A.\",\"@id\":\"https:\\\/\\\/www.cuballama.com\\\/noticias\\\/#\\\/schema\\\/person\\\/a58502ed4146c8e9f83872e897c76cd2\"},\"headline\":\"Otro m\u00e9dico cubano fallece en Venezuela. En este caso, puede que Cuba s\u00ed se haga responsable de traer su cuerpo\",\"datePublished\":\"2026-03-11T06:10:06+00:00\",\"dateModified\":\"2026-03-11T06:10:08+00:00\",\"mainEntityOfPage\":{\"@id\":\"https:\\\/\\\/www.cuballama.com\\\/noticias\\\/otro-medico-cubano-fallece-en-venezuela-en-este-caso-puede-que-cuba-si-se-haga-responsable-de-traer-su-cuerpo\\\/\"},\"wordCount\":656,\"commentCount\":0,\"publisher\":{\"@id\":\"https:\\\/\\\/www.cuballama.com\\\/noticias\\\/#organization\"},\"image\":{\"@id\":\"https:\\\/\\\/www.cuballama.com\\\/noticias\\\/otro-medico-cubano-fallece-en-venezuela-en-este-caso-puede-que-cuba-si-se-haga-responsable-de-traer-su-cuerpo\\\/#primaryimage\"},\"thumbnailUrl\":\"https:\\\/\\\/cdn1.mediawpaccore.net\\\/wp-content\\\/uploads\\\/2026\\\/03\\\/08044742\\\/image-33.png\",\"keywords\":[\"M\u00e9dicos Cubanos\",\"misi\u00f3n internacionalista\",\"Pinar del R\u00edo\",\"Policl\u00ednico Pedro Borr\u00e1s Astorga\",\"repatriaci\u00f3n\",\"salud cubana\",\"venezuela\",\"Yosewel D\u00edaz Camaliche\"],\"articleSection\":[\"Covid\"],\"inLanguage\":\"es\",\"potentialAction\":[{\"@type\":\"CommentAction\",\"name\":\"Comment\",\"target\":[\"https:\\\/\\\/www.cuballama.com\\\/noticias\\\/otro-medico-cubano-fallece-en-venezuela-en-este-caso-puede-que-cuba-si-se-haga-responsable-de-traer-su-cuerpo\\\/#respond\"]}]},{\"@type\":\"WebPage\",\"@id\":\"https:\\\/\\\/www.cuballama.com\\\/noticias\\\/otro-medico-cubano-fallece-en-venezuela-en-este-caso-puede-que-cuba-si-se-haga-responsable-de-traer-su-cuerpo\\\/\",\"url\":\"https:\\\/\\\/www.cuballama.com\\\/noticias\\\/otro-medico-cubano-fallece-en-venezuela-en-este-caso-puede-que-cuba-si-se-haga-responsable-de-traer-su-cuerpo\\\/\",\"name\":\"Otro m\u00e9dico cubano fallece en Venezuela. En este caso, puede que Cuba s\u00ed se haga responsable de traer su cuerpo - Cuballama Noticias\",\"isPartOf\":{\"@id\":\"https:\\\/\\\/www.cuballama.com\\\/noticias\\\/#website\"},\"primaryImageOfPage\":{\"@id\":\"https:\\\/\\\/www.cuballama.com\\\/noticias\\\/otro-medico-cubano-fallece-en-venezuela-en-este-caso-puede-que-cuba-si-se-haga-responsable-de-traer-su-cuerpo\\\/#primaryimage\"},\"image\":{\"@id\":\"https:\\\/\\\/www.cuballama.com\\\/noticias\\\/otro-medico-cubano-fallece-en-venezuela-en-este-caso-puede-que-cuba-si-se-haga-responsable-de-traer-su-cuerpo\\\/#primaryimage\"},\"thumbnailUrl\":\"https:\\\/\\\/cdn1.mediawpaccore.net\\\/wp-content\\\/uploads\\\/2026\\\/03\\\/08044742\\\/image-33.png\",\"datePublished\":\"2026-03-11T06:10:06+00:00\",\"dateModified\":\"2026-03-11T06:10:08+00:00\",\"description\":\"Otro m\u00e9dico cubano muri\u00f3 en Venezuela y crece el temor de que Cuba tampoco asuma los costos tras su fallecimiento.\",\"breadcrumb\":{\"@id\":\"https:\\\/\\\/www.cuballama.com\\\/noticias\\\/otro-medico-cubano-fallece-en-venezuela-en-este-caso-puede-que-cuba-si-se-haga-responsable-de-traer-su-cuerpo\\\/#breadcrumb\"},\"inLanguage\":\"es\",\"potentialAction\":[{\"@type\":\"ReadAction\",\"target\":[\"https:\\\/\\\/www.cuballama.com\\\/noticias\\\/otro-medico-cubano-fallece-en-venezuela-en-este-caso-puede-que-cuba-si-se-haga-responsable-de-traer-su-cuerpo\\\/\"]}]},{\"@type\":\"ImageObject\",\"inLanguage\":\"es\",\"@id\":\"https:\\\/\\\/www.cuballama.com\\\/noticias\\\/otro-medico-cubano-fallece-en-venezuela-en-este-caso-puede-que-cuba-si-se-haga-responsable-de-traer-su-cuerpo\\\/#primaryimage\",\"url\":\"https:\\\/\\\/cdn1.mediawpaccore.net\\\/wp-content\\\/uploads\\\/2026\\\/03\\\/08044742\\\/image-33.png\",\"contentUrl\":\"https:\\\/\\\/cdn1.mediawpaccore.net\\\/wp-content\\\/uploads\\\/2026\\\/03\\\/08044742\\\/image-33.png\",\"width\":1969,\"height\":1035,\"caption\":\"El Policl\u00ednico Pedro Borr\u00e1s Astorga, una instituci\u00f3n de salud de Pinar del R\u00edo, lament\u00f3 el fallecimiento de Yosewel D\u00edaz Camaliche mientras cumpl\u00eda misi\u00f3n en la \u201chermana Rep\u00fablica Bolivariana de Venezuela\u201d.\"},{\"@type\":\"BreadcrumbList\",\"@id\":\"https:\\\/\\\/www.cuballama.com\\\/noticias\\\/otro-medico-cubano-fallece-en-venezuela-en-este-caso-puede-que-cuba-si-se-haga-responsable-de-traer-su-cuerpo\\\/#breadcrumb\",\"itemListElement\":[{\"@type\":\"ListItem\",\"position\":1,\"name\":\"Home\",\"item\":\"https:\\\/\\\/www.cuballama.com\\\/noticias\\\/\"},{\"@type\":\"ListItem\",\"position\":2,\"name\":\"Otro m\u00e9dico cubano fallece en Venezuela. En este caso, puede que Cuba s\u00ed se haga responsable de traer su cuerpo\"}]},{\"@type\":\"WebSite\",\"@id\":\"https:\\\/\\\/www.cuballama.com\\\/noticias\\\/#website\",\"url\":\"https:\\\/\\\/www.cuballama.com\\\/noticias\\\/\",\"name\":\"Cuballama Noticias\",\"description\":\"Medio digital sobre Cuba y el mundo\",\"publisher\":{\"@id\":\"https:\\\/\\\/www.cuballama.com\\\/noticias\\\/#organization\"},\"potentialAction\":[{\"@type\":\"SearchAction\",\"target\":{\"@type\":\"EntryPoint\",\"urlTemplate\":\"https:\\\/\\\/www.cuballama.com\\\/noticias\\\/?s={search_term_string}\"},\"query-input\":{\"@type\":\"PropertyValueSpecification\",\"valueRequired\":true,\"valueName\":\"search_term_string\"}}],\"inLanguage\":\"es\"},{\"@type\":\"Organization\",\"@id\":\"https:\\\/\\\/www.cuballama.com\\\/noticias\\\/#organization\",\"name\":\"Cuballama\",\"url\":\"https:\\\/\\\/www.cuballama.com\\\/noticias\\\/\",\"logo\":{\"@type\":\"ImageObject\",\"inLanguage\":\"es\",\"@id\":\"https:\\\/\\\/www.cuballama.com\\\/noticias\\\/#\\\/schema\\\/logo\\\/image\\\/\",\"url\":\"https:\\\/\\\/cdn1.mediawpaccore.net\\\/wp-content\\\/uploads\\\/2021\\\/12\\\/28171206\\\/cbll-logo-color-sm.png\",\"contentUrl\":\"https:\\\/\\\/cdn1.mediawpaccore.net\\\/wp-content\\\/uploads\\\/2021\\\/12\\\/28171206\\\/cbll-logo-color-sm.png\",\"width\":600,\"height\":133,\"caption\":\"Cuballama\"},\"image\":{\"@id\":\"https:\\\/\\\/www.cuballama.com\\\/noticias\\\/#\\\/schema\\\/logo\\\/image\\\/\"},\"sameAs\":[\"https:\\\/\\\/www.facebook.com\\\/CubaLlama\",\"https:\\\/\\\/x.com\\\/cuballama\",\"https:\\\/\\\/www.instagram.com\\\/stories\\\/cuballama_oficial\\\/\",\"https:\\\/\\\/www.youtube.com\\\/channel\\\/UCKkFE-d_axENGZcrc4as0IA\"]},{\"@type\":\"Person\",\"@id\":\"https:\\\/\\\/www.cuballama.com\\\/noticias\\\/#\\\/schema\\\/person\\\/a58502ed4146c8e9f83872e897c76cd2\",\"name\":\"Roberto A.\",\"description\":\"Roberto A. Periodista por decisi\u00f3n propia. Interesado en cualquier tema que me apasione y cada vez m\u00e1s comprometido con la verdad y la objetividad period\u00edstica. Graduado en La Habana hace ya muchos a\u00f1os, luego de una accidentada y polvorienta b\u00fasqueda de informaci\u00f3n sobre un tema in\u00e9dito. La Tesis, por cierto, desapareci\u00f3 de la biblioteca y no se conservan copias de la misma.\",\"url\":\"https:\\\/\\\/www.cuballama.com\\\/noticias\\\/author\\\/roberto\\\/\"}]}<\/script>\n<!-- \/ Yoast SEO plugin. -->","yoast_head_json":{"title":"Otro m\u00e9dico cubano fallece en Venezuela. En este caso, puede que Cuba s\u00ed se haga responsable de traer su cuerpo - Cuballama Noticias","description":"Otro m\u00e9dico cubano muri\u00f3 en Venezuela y crece el temor de que Cuba tampoco asuma los costos tras su fallecimiento.","robots":{"index":"index","follow":"follow","max-snippet":"max-snippet:-1","max-image-preview":"max-image-preview:large","max-video-preview":"max-video-preview:-1"},"canonical":"https:\/\/www.cuballama.com\/noticias\/otro-medico-cubano-fallece-en-venezuela-en-este-caso-puede-que-cuba-si-se-haga-responsable-de-traer-su-cuerpo\/","og_locale":"es_ES","og_type":"article","og_title":"Otro m\u00e9dico cubano fallece en Venezuela. En este caso, puede que Cuba s\u00ed se haga responsable de traer su cuerpo - Cuballama Noticias","og_description":"Otro m\u00e9dico cubano muri\u00f3 en Venezuela y crece el temor de que Cuba tampoco asuma los costos tras su fallecimiento.","og_url":"https:\/\/www.cuballama.com\/noticias\/otro-medico-cubano-fallece-en-venezuela-en-este-caso-puede-que-cuba-si-se-haga-responsable-de-traer-su-cuerpo\/","og_site_name":"Cuballama Noticias","article_publisher":"https:\/\/www.facebook.com\/CubaLlama","article_published_time":"2026-03-11T06:10:06+00:00","article_modified_time":"2026-03-11T06:10:08+00:00","og_image":[{"width":1969,"height":1035,"url":"https:\/\/cdn1.mediawpaccore.net\/wp-content\/uploads\/2026\/03\/08044742\/image-33.png","type":"image\/png"}],"author":"Roberto A.","twitter_card":"summary_large_image","twitter_creator":"@cuballama","twitter_site":"@cuballama","twitter_misc":{"Escrito por":"Roberto A.","Tiempo de lectura":"3 minutos"},"schema":{"@context":"https:\/\/schema.org","@graph":[{"@type":"Article","@id":"https:\/\/www.cuballama.com\/noticias\/otro-medico-cubano-fallece-en-venezuela-en-este-caso-puede-que-cuba-si-se-haga-responsable-de-traer-su-cuerpo\/#article","isPartOf":{"@id":"https:\/\/www.cuballama.com\/noticias\/otro-medico-cubano-fallece-en-venezuela-en-este-caso-puede-que-cuba-si-se-haga-responsable-de-traer-su-cuerpo\/"},"author":{"name":"Roberto A.","@id":"https:\/\/www.cuballama.com\/noticias\/#\/schema\/person\/a58502ed4146c8e9f83872e897c76cd2"},"headline":"Otro m\u00e9dico cubano fallece en Venezuela. En este caso, puede que Cuba s\u00ed se haga responsable de traer su cuerpo","datePublished":"2026-03-11T06:10:06+00:00","dateModified":"2026-03-11T06:10:08+00:00","mainEntityOfPage":{"@id":"https:\/\/www.cuballama.com\/noticias\/otro-medico-cubano-fallece-en-venezuela-en-este-caso-puede-que-cuba-si-se-haga-responsable-de-traer-su-cuerpo\/"},"wordCount":656,"commentCount":0,"publisher":{"@id":"https:\/\/www.cuballama.com\/noticias\/#organization"},"image":{"@id":"https:\/\/www.cuballama.com\/noticias\/otro-medico-cubano-fallece-en-venezuela-en-este-caso-puede-que-cuba-si-se-haga-responsable-de-traer-su-cuerpo\/#primaryimage"},"thumbnailUrl":"https:\/\/cdn1.mediawpaccore.net\/wp-content\/uploads\/2026\/03\/08044742\/image-33.png","keywords":["M\u00e9dicos Cubanos","misi\u00f3n internacionalista","Pinar del R\u00edo","Policl\u00ednico Pedro Borr\u00e1s Astorga","repatriaci\u00f3n","salud cubana","venezuela","Yosewel D\u00edaz Camaliche"],"articleSection":["Covid"],"inLanguage":"es","potentialAction":[{"@type":"CommentAction","name":"Comment","target":["https:\/\/www.cuballama.com\/noticias\/otro-medico-cubano-fallece-en-venezuela-en-este-caso-puede-que-cuba-si-se-haga-responsable-de-traer-su-cuerpo\/#respond"]}]},{"@type":"WebPage","@id":"https:\/\/www.cuballama.com\/noticias\/otro-medico-cubano-fallece-en-venezuela-en-este-caso-puede-que-cuba-si-se-haga-responsable-de-traer-su-cuerpo\/","url":"https:\/\/www.cuballama.com\/noticias\/otro-medico-cubano-fallece-en-venezuela-en-este-caso-puede-que-cuba-si-se-haga-responsable-de-traer-su-cuerpo\/","name":"Otro m\u00e9dico cubano fallece en Venezuela. En este caso, puede que Cuba s\u00ed se haga responsable de traer su cuerpo - Cuballama Noticias","isPartOf":{"@id":"https:\/\/www.cuballama.com\/noticias\/#website"},"primaryImageOfPage":{"@id":"https:\/\/www.cuballama.com\/noticias\/otro-medico-cubano-fallece-en-venezuela-en-este-caso-puede-que-cuba-si-se-haga-responsable-de-traer-su-cuerpo\/#primaryimage"},"image":{"@id":"https:\/\/www.cuballama.com\/noticias\/otro-medico-cubano-fallece-en-venezuela-en-este-caso-puede-que-cuba-si-se-haga-responsable-de-traer-su-cuerpo\/#primaryimage"},"thumbnailUrl":"https:\/\/cdn1.mediawpaccore.net\/wp-content\/uploads\/2026\/03\/08044742\/image-33.png","datePublished":"2026-03-11T06:10:06+00:00","dateModified":"2026-03-11T06:10:08+00:00","description":"Otro m\u00e9dico cubano muri\u00f3 en Venezuela y crece el temor de que Cuba tampoco asuma los costos tras su fallecimiento.","breadcrumb":{"@id":"https:\/\/www.cuballama.com\/noticias\/otro-medico-cubano-fallece-en-venezuela-en-este-caso-puede-que-cuba-si-se-haga-responsable-de-traer-su-cuerpo\/#breadcrumb"},"inLanguage":"es","potentialAction":[{"@type":"ReadAction","target":["https:\/\/www.cuballama.com\/noticias\/otro-medico-cubano-fallece-en-venezuela-en-este-caso-puede-que-cuba-si-se-haga-responsable-de-traer-su-cuerpo\/"]}]},{"@type":"ImageObject","inLanguage":"es","@id":"https:\/\/www.cuballama.com\/noticias\/otro-medico-cubano-fallece-en-venezuela-en-este-caso-puede-que-cuba-si-se-haga-responsable-de-traer-su-cuerpo\/#primaryimage","url":"https:\/\/cdn1.mediawpaccore.net\/wp-content\/uploads\/2026\/03\/08044742\/image-33.png","contentUrl":"https:\/\/cdn1.mediawpaccore.net\/wp-content\/uploads\/2026\/03\/08044742\/image-33.png","width":1969,"height":1035,"caption":"El Policl\u00ednico Pedro Borr\u00e1s Astorga, una instituci\u00f3n de salud de Pinar del R\u00edo, lament\u00f3 el fallecimiento de Yosewel D\u00edaz Camaliche mientras cumpl\u00eda misi\u00f3n en la \u201chermana Rep\u00fablica Bolivariana de Venezuela\u201d."},{"@type":"BreadcrumbList","@id":"https:\/\/www.cuballama.com\/noticias\/otro-medico-cubano-fallece-en-venezuela-en-este-caso-puede-que-cuba-si-se-haga-responsable-de-traer-su-cuerpo\/#breadcrumb","itemListElement":[{"@type":"ListItem","position":1,"name":"Home","item":"https:\/\/www.cuballama.com\/noticias\/"},{"@type":"ListItem","position":2,"name":"Otro m\u00e9dico cubano fallece en Venezuela. En este caso, puede que Cuba s\u00ed se haga responsable de traer su cuerpo"}]},{"@type":"WebSite","@id":"https:\/\/www.cuballama.com\/noticias\/#website","url":"https:\/\/www.cuballama.com\/noticias\/","name":"Cuballama Noticias","description":"Medio digital sobre Cuba y el mundo","publisher":{"@id":"https:\/\/www.cuballama.com\/noticias\/#organization"},"potentialAction":[{"@type":"SearchAction","target":{"@type":"EntryPoint","urlTemplate":"https:\/\/www.cuballama.com\/noticias\/?s={search_term_string}"},"query-input":{"@type":"PropertyValueSpecification","valueRequired":true,"valueName":"search_term_string"}}],"inLanguage":"es"},{"@type":"Organization","@id":"https:\/\/www.cuballama.com\/noticias\/#organization","name":"Cuballama","url":"https:\/\/www.cuballama.com\/noticias\/","logo":{"@type":"ImageObject","inLanguage":"es","@id":"https:\/\/www.cuballama.com\/noticias\/#\/schema\/logo\/image\/","url":"https:\/\/cdn1.mediawpaccore.net\/wp-content\/uploads\/2021\/12\/28171206\/cbll-logo-color-sm.png","contentUrl":"https:\/\/cdn1.mediawpaccore.net\/wp-content\/uploads\/2021\/12\/28171206\/cbll-logo-color-sm.png","width":600,"height":133,"caption":"Cuballama"},"image":{"@id":"https:\/\/www.cuballama.com\/noticias\/#\/schema\/logo\/image\/"},"sameAs":["https:\/\/www.facebook.com\/CubaLlama","https:\/\/x.com\/cuballama","https:\/\/www.instagram.com\/stories\/cuballama_oficial\/","https:\/\/www.youtube.com\/channel\/UCKkFE-d_axENGZcrc4as0IA"]},{"@type":"Person","@id":"https:\/\/www.cuballama.com\/noticias\/#\/schema\/person\/a58502ed4146c8e9f83872e897c76cd2","name":"Roberto A.","description":"Roberto A. Periodista por decisi\u00f3n propia. Interesado en cualquier tema que me apasione y cada vez m\u00e1s comprometido con la verdad y la objetividad period\u00edstica. Graduado en La Habana hace ya muchos a\u00f1os, luego de una accidentada y polvorienta b\u00fasqueda de informaci\u00f3n sobre un tema in\u00e9dito. La Tesis, por cierto, desapareci\u00f3 de la biblioteca y no se conservan copias de la misma.","url":"https:\/\/www.cuballama.com\/noticias\/author\/roberto\/"}]}},"_links":{"self":[{"href":"https:\/\/www.cuballama.com\/noticias\/wp-json\/wp\/v2\/posts\/237500","targetHints":{"allow":["GET"]}}],"collection":[{"href":"https:\/\/www.cuballama.com\/noticias\/wp-json\/wp\/v2\/posts"}],"about":[{"href":"https:\/\/www.cuballama.com\/noticias\/wp-json\/wp\/v2\/types\/post"}],"author":[{"embeddable":true,"href":"https:\/\/www.cuballama.com\/noticias\/wp-json\/wp\/v2\/users\/13"}],"replies":[{"embeddable":true,"href":"https:\/\/www.cuballama.com\/noticias\/wp-json\/wp\/v2\/comments?post=237500"}],"version-history":[{"count":4,"href":"https:\/\/www.cuballama.com\/noticias\/wp-json\/wp\/v2\/posts\/237500\/revisions"}],"predecessor-version":[{"id":237545,"href":"https:\/\/www.cuballama.com\/noticias\/wp-json\/wp\/v2\/posts\/237500\/revisions\/237545"}],"wp:featuredmedia":[{"embeddable":true,"href":"https:\/\/www.cuballama.com\/noticias\/wp-json\/wp\/v2\/media\/237502"}],"wp:attachment":[{"href":"https:\/\/www.cuballama.com\/noticias\/wp-json\/wp\/v2\/media?parent=237500"}],"wp:term":[{"taxonomy":"category","embeddable":true,"href":"https:\/\/www.cuballama.com\/noticias\/wp-json\/wp\/v2\/categories?post=237500"},{"taxonomy":"post_tag","embeddable":true,"href":"https:\/\/www.cuballama.com\/noticias\/wp-json\/wp\/v2\/tags?post=237500"}],"curies":[{"name":"wp","href":"https:\/\/api.w.org\/{rel}","templated":true}]}}