{"id":237495,"date":"2026-03-08T08:06:35","date_gmt":"2026-03-08T12:06:35","guid":{"rendered":"https:\/\/www.cuballama.com\/noticias\/?p=237495"},"modified":"2026-03-08T08:06:37","modified_gmt":"2026-03-08T12:06:37","slug":"medico-cubano-fallece-en-venezuela-durante-mision-y-cuba-no-se-hace-responsable-de-traer-el-cuerpo-a-la-isla","status":"publish","type":"post","link":"https:\/\/www.cuballama.com\/noticias\/medico-cubano-fallece-en-venezuela-durante-mision-y-cuba-no-se-hace-responsable-de-traer-el-cuerpo-a-la-isla\/","title":{"rendered":"M\u00e9dico cubano fallece en Venezuela durante \u00abmisi\u00f3n\u00bb y Cuba no se hace responsable de traer el cuerpo a la isla"},"content":{"rendered":"\n<p>La familia del doctor cubano Roberto Mengana Arias est\u00e1 pidiendo ayuda urgente para poder repatriar su cuerpo desde Venezuela, donde falleci\u00f3 en un accidente de tr\u00e1nsito mientras cumpl\u00eda \u00abmisi\u00f3n internacionalista\u00bb. La denuncia fue hecha p\u00fablicamente por su hermano, Rayne Daniel Molina Arias, en una publicaci\u00f3n de <em><a href=\"https:\/\/www.facebook.com\/raynedaniel.molinaarias\/posts\/pfbid02yfRYK3mYhLB6GVwJjzGZ2psg9oNiAcMs4wugfcCTfT9zZeCdrsbmu7sH19PfkDf1l\" target=\"_blank\" rel=\"noreferrer noopener nofollow\">Facebook<\/a><\/em> en la que explic\u00f3 que el costo exigido para trasladar el cad\u00e1ver a Cuba asciende a 10.000 d\u00f3lares, una suma que la familia asegura no poder asumir.<\/p>\n\n\n\n<p>Seg\u00fan el testimonio de su hermano, la intenci\u00f3n de la familia es que Roberto Mengana Arias pueda ser velado y enterrado en su tierra, y que su madre tenga la posibilidad de despedirlo. En el mensaje, Molina Arias a\u00f1adi\u00f3 que la mujer es paciente oncol\u00f3gica, con c\u00e1ncer de tiroides y una traqueotom\u00eda, y que adem\u00e1s no ha logrado mejorar por la falta de medicamentos e insumos hospitalarios. Tambi\u00e9n asegur\u00f3 que el Gobierno cubano no se estar\u00eda haciendo cargo de la situaci\u00f3n. <\/p>\n\n\n\n<p>La publicaci\u00f3n a\u00f1ade que el m\u00e9dico dej\u00f3 en Venezuela una viuda y tres hijos, lo que agrava el impacto humano del caso. A partir de ese llamado, comenzaron a multiplicarse en redes sociales los mensajes de condolencias de amigos, excompa\u00f1eros y vecinos que lo describen como un \u201cbuen m\u00e9dico\u201d, \u201cbuen ser humano\u201d y una persona muy querida en su entorno.<\/p>\n\n\n\n<iframe loading=\"lazy\" src=\"https:\/\/www.facebook.com\/plugins\/post.php?href=https%3A%2F%2Fwww.facebook.com%2Fraynedaniel.molinaarias%2Fposts%2Fpfbid02yfRYK3mYhLB6GVwJjzGZ2psg9oNiAcMs4wugfcCTfT9zZeCdrsbmu7sH19PfkDf1l&#038;show_text=true&#038;width=500\" width=\"500\" height=\"761\" style=\"border:none;overflow:hidden\" scrolling=\"no\" frameborder=\"0\" allowfullscreen=\"true\" allow=\"autoplay; clipboard-write; encrypted-media; picture-in-picture; web-share\"><\/iframe>\n\n\n\n<p>Entre los comentarios que acompa\u00f1an la denuncia p\u00fablica aparecen referencias de personas que aseguran haber compartido aulas con \u00e9l, haberlo conocido desde la ni\u00f1ez o haber coincidido con Roberto Mengana Arias en actividades deportivas. Una de esas voces lo record\u00f3 como \u201ccompa\u00f1ero de judo\u201d desde la etapa escolar, mientras otros insistieron en que era un hombre noble, callado e inteligente. Esa reacci\u00f3n en cadena sugiere que su muerte ha causado una fuerte conmoci\u00f3n entre personas cercanas a la familia.<\/p>\n\n\n\n<p>El caso vuelve a poner atenci\u00f3n sobre una realidad que ya ha aparecido en otras denuncias: el alt\u00edsimo costo de repatriar a cubanos fallecidos en el extranjero y la dependencia casi absoluta de campa\u00f1as familiares, colectas y solidaridad en redes sociales para lograr el traslado del cuerpo. En este caso, el reclamo central de la familia es reunir con rapidez el dinero suficiente para que el m\u00e9dico no sea enterrado fuera de Cuba y pueda recibir sepultura junto a los suyos.<\/p>\n\n\n\n<p><\/p>\n\n\n\n<p><\/p>\n","protected":false},"excerpt":{"rendered":"<p>La familia del m\u00e9dico cubano Roberto Mengana Arias pide ayuda para repatriar desde Venezuela su cuerpo tras morir en un accidente.<\/p>\n","protected":false},"author":13,"featured_media":237496,"comment_status":"open","ping_status":"closed","sticky":false,"template":"","format":"standard","meta":{"_acf_changed":false,"footnotes":""},"categories":[18,955],"tags":[4773,3117,10697,30927,8100,30928,1030],"class_list":{"0":"post-237495","1":"post","2":"type-post","3":"status-publish","4":"format-standard","5":"has-post-thumbnail","7":"category-noticias","8":"category-noticias-de-cuba","9":"tag-accidente-de-transito","10":"tag-cubanos-en-el-exterior","11":"tag-medico-cubano","12":"tag-mision-internacionalista","13":"tag-repatriacion","14":"tag-roberto-mengana-arias","15":"tag-venezuela"},"acf":[],"yoast_head":"<!-- This site is optimized with the Yoast SEO plugin v27.4 - https:\/\/yoast.com\/product\/yoast-seo-wordpress\/ -->\n<title>M\u00e9dico cubano fallece en Venezuela durante &quot;misi\u00f3n&quot; y Cuba no se hace responsable de traer el cuerpo a la isla - Cuballama Noticias<\/title>\n<meta name=\"description\" content=\"Piden ayuda para repatriar desde Venezuela el cuerpo del m\u00e9dico cubano Roberto Mengana Arias tras morir en accidente.\" \/>\n<meta name=\"robots\" content=\"index, follow, max-snippet:-1, max-image-preview:large, max-video-preview:-1\" \/>\n<link rel=\"canonical\" href=\"https:\/\/www.cuballama.com\/noticias\/medico-cubano-fallece-en-venezuela-durante-mision-y-cuba-no-se-hace-responsable-de-traer-el-cuerpo-a-la-isla\/\" \/>\n<meta property=\"og:locale\" content=\"es_ES\" \/>\n<meta property=\"og:type\" content=\"article\" \/>\n<meta property=\"og:title\" content=\"M\u00e9dico cubano fallece en Venezuela durante &quot;misi\u00f3n&quot; y Cuba no se hace responsable de traer el cuerpo a la isla - Cuballama Noticias\" \/>\n<meta property=\"og:description\" content=\"Piden ayuda para repatriar desde Venezuela el cuerpo del m\u00e9dico cubano Roberto Mengana Arias tras morir en accidente.\" \/>\n<meta property=\"og:url\" content=\"https:\/\/www.cuballama.com\/noticias\/medico-cubano-fallece-en-venezuela-durante-mision-y-cuba-no-se-hace-responsable-de-traer-el-cuerpo-a-la-isla\/\" \/>\n<meta property=\"og:site_name\" content=\"Cuballama Noticias\" \/>\n<meta property=\"article:publisher\" content=\"https:\/\/www.facebook.com\/CubaLlama\" \/>\n<meta property=\"article:published_time\" content=\"2026-03-08T12:06:35+00:00\" \/>\n<meta property=\"article:modified_time\" content=\"2026-03-08T12:06:37+00:00\" \/>\n<meta property=\"og:image\" content=\"https:\/\/cdn1.mediawpaccore.net\/wp-content\/uploads\/2026\/03\/08042104\/image-32.png\" \/>\n\t<meta property=\"og:image:width\" content=\"1396\" \/>\n\t<meta property=\"og:image:height\" content=\"713\" \/>\n\t<meta property=\"og:image:type\" content=\"image\/png\" \/>\n<meta name=\"author\" content=\"Roberto A.\" \/>\n<meta name=\"twitter:card\" content=\"summary_large_image\" \/>\n<meta name=\"twitter:creator\" content=\"@cuballama\" \/>\n<meta name=\"twitter:site\" content=\"@cuballama\" \/>\n<meta name=\"twitter:label1\" content=\"Escrito por\" \/>\n\t<meta name=\"twitter:data1\" content=\"Roberto A.\" \/>\n\t<meta name=\"twitter:label2\" content=\"Tiempo de lectura\" \/>\n\t<meta name=\"twitter:data2\" content=\"2 minutos\" \/>\n<script type=\"application\/ld+json\" class=\"yoast-schema-graph\">{\"@context\":\"https:\\\/\\\/schema.org\",\"@graph\":[{\"@type\":\"Article\",\"@id\":\"https:\\\/\\\/www.cuballama.com\\\/noticias\\\/medico-cubano-fallece-en-venezuela-durante-mision-y-cuba-no-se-hace-responsable-de-traer-el-cuerpo-a-la-isla\\\/#article\",\"isPartOf\":{\"@id\":\"https:\\\/\\\/www.cuballama.com\\\/noticias\\\/medico-cubano-fallece-en-venezuela-durante-mision-y-cuba-no-se-hace-responsable-de-traer-el-cuerpo-a-la-isla\\\/\"},\"author\":{\"name\":\"Roberto A.\",\"@id\":\"https:\\\/\\\/www.cuballama.com\\\/noticias\\\/#\\\/schema\\\/person\\\/a58502ed4146c8e9f83872e897c76cd2\"},\"headline\":\"M\u00e9dico cubano fallece en Venezuela durante \u00abmisi\u00f3n\u00bb y Cuba no se hace responsable de traer el cuerpo a la isla\",\"datePublished\":\"2026-03-08T12:06:35+00:00\",\"dateModified\":\"2026-03-08T12:06:37+00:00\",\"mainEntityOfPage\":{\"@id\":\"https:\\\/\\\/www.cuballama.com\\\/noticias\\\/medico-cubano-fallece-en-venezuela-durante-mision-y-cuba-no-se-hace-responsable-de-traer-el-cuerpo-a-la-isla\\\/\"},\"wordCount\":428,\"commentCount\":0,\"publisher\":{\"@id\":\"https:\\\/\\\/www.cuballama.com\\\/noticias\\\/#organization\"},\"image\":{\"@id\":\"https:\\\/\\\/www.cuballama.com\\\/noticias\\\/medico-cubano-fallece-en-venezuela-durante-mision-y-cuba-no-se-hace-responsable-de-traer-el-cuerpo-a-la-isla\\\/#primaryimage\"},\"thumbnailUrl\":\"https:\\\/\\\/cdn1.mediawpaccore.net\\\/wp-content\\\/uploads\\\/2026\\\/03\\\/08042104\\\/image-32.png\",\"keywords\":[\"accidente de tr\u00e1nsito\",\"Cubanos en el exterior\",\"m\u00e9dico cubano\",\"misi\u00f3n internacionalista\",\"repatriaci\u00f3n\",\"Roberto Mengana Arias\",\"venezuela\"],\"articleSection\":[\"Noticias\",\"Noticias de Cuba\"],\"inLanguage\":\"es\",\"potentialAction\":[{\"@type\":\"CommentAction\",\"name\":\"Comment\",\"target\":[\"https:\\\/\\\/www.cuballama.com\\\/noticias\\\/medico-cubano-fallece-en-venezuela-durante-mision-y-cuba-no-se-hace-responsable-de-traer-el-cuerpo-a-la-isla\\\/#respond\"]}]},{\"@type\":\"WebPage\",\"@id\":\"https:\\\/\\\/www.cuballama.com\\\/noticias\\\/medico-cubano-fallece-en-venezuela-durante-mision-y-cuba-no-se-hace-responsable-de-traer-el-cuerpo-a-la-isla\\\/\",\"url\":\"https:\\\/\\\/www.cuballama.com\\\/noticias\\\/medico-cubano-fallece-en-venezuela-durante-mision-y-cuba-no-se-hace-responsable-de-traer-el-cuerpo-a-la-isla\\\/\",\"name\":\"M\u00e9dico cubano fallece en Venezuela durante \\\"misi\u00f3n\\\" y Cuba no se hace responsable de traer el cuerpo a la isla - Cuballama Noticias\",\"isPartOf\":{\"@id\":\"https:\\\/\\\/www.cuballama.com\\\/noticias\\\/#website\"},\"primaryImageOfPage\":{\"@id\":\"https:\\\/\\\/www.cuballama.com\\\/noticias\\\/medico-cubano-fallece-en-venezuela-durante-mision-y-cuba-no-se-hace-responsable-de-traer-el-cuerpo-a-la-isla\\\/#primaryimage\"},\"image\":{\"@id\":\"https:\\\/\\\/www.cuballama.com\\\/noticias\\\/medico-cubano-fallece-en-venezuela-durante-mision-y-cuba-no-se-hace-responsable-de-traer-el-cuerpo-a-la-isla\\\/#primaryimage\"},\"thumbnailUrl\":\"https:\\\/\\\/cdn1.mediawpaccore.net\\\/wp-content\\\/uploads\\\/2026\\\/03\\\/08042104\\\/image-32.png\",\"datePublished\":\"2026-03-08T12:06:35+00:00\",\"dateModified\":\"2026-03-08T12:06:37+00:00\",\"description\":\"Piden ayuda para repatriar desde Venezuela el cuerpo del m\u00e9dico cubano Roberto Mengana Arias tras morir en accidente.\",\"breadcrumb\":{\"@id\":\"https:\\\/\\\/www.cuballama.com\\\/noticias\\\/medico-cubano-fallece-en-venezuela-durante-mision-y-cuba-no-se-hace-responsable-de-traer-el-cuerpo-a-la-isla\\\/#breadcrumb\"},\"inLanguage\":\"es\",\"potentialAction\":[{\"@type\":\"ReadAction\",\"target\":[\"https:\\\/\\\/www.cuballama.com\\\/noticias\\\/medico-cubano-fallece-en-venezuela-durante-mision-y-cuba-no-se-hace-responsable-de-traer-el-cuerpo-a-la-isla\\\/\"]}]},{\"@type\":\"ImageObject\",\"inLanguage\":\"es\",\"@id\":\"https:\\\/\\\/www.cuballama.com\\\/noticias\\\/medico-cubano-fallece-en-venezuela-durante-mision-y-cuba-no-se-hace-responsable-de-traer-el-cuerpo-a-la-isla\\\/#primaryimage\",\"url\":\"https:\\\/\\\/cdn1.mediawpaccore.net\\\/wp-content\\\/uploads\\\/2026\\\/03\\\/08042104\\\/image-32.png\",\"contentUrl\":\"https:\\\/\\\/cdn1.mediawpaccore.net\\\/wp-content\\\/uploads\\\/2026\\\/03\\\/08042104\\\/image-32.png\",\"width\":1396,\"height\":713,\"caption\":\"doctor cubano Roberto Mengana Arias, fallecido en Venezuela. Foto v\u00eda Facebook\"},{\"@type\":\"BreadcrumbList\",\"@id\":\"https:\\\/\\\/www.cuballama.com\\\/noticias\\\/medico-cubano-fallece-en-venezuela-durante-mision-y-cuba-no-se-hace-responsable-de-traer-el-cuerpo-a-la-isla\\\/#breadcrumb\",\"itemListElement\":[{\"@type\":\"ListItem\",\"position\":1,\"name\":\"Home\",\"item\":\"https:\\\/\\\/www.cuballama.com\\\/noticias\\\/\"},{\"@type\":\"ListItem\",\"position\":2,\"name\":\"M\u00e9dico cubano fallece en Venezuela durante \u00abmisi\u00f3n\u00bb y Cuba no se hace responsable de traer el cuerpo a la isla\"}]},{\"@type\":\"WebSite\",\"@id\":\"https:\\\/\\\/www.cuballama.com\\\/noticias\\\/#website\",\"url\":\"https:\\\/\\\/www.cuballama.com\\\/noticias\\\/\",\"name\":\"Cuballama Noticias\",\"description\":\"Medio digital sobre Cuba y el mundo\",\"publisher\":{\"@id\":\"https:\\\/\\\/www.cuballama.com\\\/noticias\\\/#organization\"},\"potentialAction\":[{\"@type\":\"SearchAction\",\"target\":{\"@type\":\"EntryPoint\",\"urlTemplate\":\"https:\\\/\\\/www.cuballama.com\\\/noticias\\\/?s={search_term_string}\"},\"query-input\":{\"@type\":\"PropertyValueSpecification\",\"valueRequired\":true,\"valueName\":\"search_term_string\"}}],\"inLanguage\":\"es\"},{\"@type\":\"Organization\",\"@id\":\"https:\\\/\\\/www.cuballama.com\\\/noticias\\\/#organization\",\"name\":\"Cuballama\",\"url\":\"https:\\\/\\\/www.cuballama.com\\\/noticias\\\/\",\"logo\":{\"@type\":\"ImageObject\",\"inLanguage\":\"es\",\"@id\":\"https:\\\/\\\/www.cuballama.com\\\/noticias\\\/#\\\/schema\\\/logo\\\/image\\\/\",\"url\":\"https:\\\/\\\/cdn1.mediawpaccore.net\\\/wp-content\\\/uploads\\\/2021\\\/12\\\/28171206\\\/cbll-logo-color-sm.png\",\"contentUrl\":\"https:\\\/\\\/cdn1.mediawpaccore.net\\\/wp-content\\\/uploads\\\/2021\\\/12\\\/28171206\\\/cbll-logo-color-sm.png\",\"width\":600,\"height\":133,\"caption\":\"Cuballama\"},\"image\":{\"@id\":\"https:\\\/\\\/www.cuballama.com\\\/noticias\\\/#\\\/schema\\\/logo\\\/image\\\/\"},\"sameAs\":[\"https:\\\/\\\/www.facebook.com\\\/CubaLlama\",\"https:\\\/\\\/x.com\\\/cuballama\",\"https:\\\/\\\/www.instagram.com\\\/stories\\\/cuballama_oficial\\\/\",\"https:\\\/\\\/www.youtube.com\\\/channel\\\/UCKkFE-d_axENGZcrc4as0IA\"]},{\"@type\":\"Person\",\"@id\":\"https:\\\/\\\/www.cuballama.com\\\/noticias\\\/#\\\/schema\\\/person\\\/a58502ed4146c8e9f83872e897c76cd2\",\"name\":\"Roberto A.\",\"description\":\"Roberto A. Periodista por decisi\u00f3n propia. Interesado en cualquier tema que me apasione y cada vez m\u00e1s comprometido con la verdad y la objetividad period\u00edstica. Graduado en La Habana hace ya muchos a\u00f1os, luego de una accidentada y polvorienta b\u00fasqueda de informaci\u00f3n sobre un tema in\u00e9dito. La Tesis, por cierto, desapareci\u00f3 de la biblioteca y no se conservan copias de la misma.\",\"url\":\"https:\\\/\\\/www.cuballama.com\\\/noticias\\\/author\\\/roberto\\\/\"}]}<\/script>\n<!-- \/ Yoast SEO plugin. -->","yoast_head_json":{"title":"M\u00e9dico cubano fallece en Venezuela durante \"misi\u00f3n\" y Cuba no se hace responsable de traer el cuerpo a la isla - Cuballama Noticias","description":"Piden ayuda para repatriar desde Venezuela el cuerpo del m\u00e9dico cubano Roberto Mengana Arias tras morir en accidente.","robots":{"index":"index","follow":"follow","max-snippet":"max-snippet:-1","max-image-preview":"max-image-preview:large","max-video-preview":"max-video-preview:-1"},"canonical":"https:\/\/www.cuballama.com\/noticias\/medico-cubano-fallece-en-venezuela-durante-mision-y-cuba-no-se-hace-responsable-de-traer-el-cuerpo-a-la-isla\/","og_locale":"es_ES","og_type":"article","og_title":"M\u00e9dico cubano fallece en Venezuela durante \"misi\u00f3n\" y Cuba no se hace responsable de traer el cuerpo a la isla - Cuballama Noticias","og_description":"Piden ayuda para repatriar desde Venezuela el cuerpo del m\u00e9dico cubano Roberto Mengana Arias tras morir en accidente.","og_url":"https:\/\/www.cuballama.com\/noticias\/medico-cubano-fallece-en-venezuela-durante-mision-y-cuba-no-se-hace-responsable-de-traer-el-cuerpo-a-la-isla\/","og_site_name":"Cuballama Noticias","article_publisher":"https:\/\/www.facebook.com\/CubaLlama","article_published_time":"2026-03-08T12:06:35+00:00","article_modified_time":"2026-03-08T12:06:37+00:00","og_image":[{"width":1396,"height":713,"url":"https:\/\/cdn1.mediawpaccore.net\/wp-content\/uploads\/2026\/03\/08042104\/image-32.png","type":"image\/png"}],"author":"Roberto A.","twitter_card":"summary_large_image","twitter_creator":"@cuballama","twitter_site":"@cuballama","twitter_misc":{"Escrito por":"Roberto A.","Tiempo de lectura":"2 minutos"},"schema":{"@context":"https:\/\/schema.org","@graph":[{"@type":"Article","@id":"https:\/\/www.cuballama.com\/noticias\/medico-cubano-fallece-en-venezuela-durante-mision-y-cuba-no-se-hace-responsable-de-traer-el-cuerpo-a-la-isla\/#article","isPartOf":{"@id":"https:\/\/www.cuballama.com\/noticias\/medico-cubano-fallece-en-venezuela-durante-mision-y-cuba-no-se-hace-responsable-de-traer-el-cuerpo-a-la-isla\/"},"author":{"name":"Roberto A.","@id":"https:\/\/www.cuballama.com\/noticias\/#\/schema\/person\/a58502ed4146c8e9f83872e897c76cd2"},"headline":"M\u00e9dico cubano fallece en Venezuela durante \u00abmisi\u00f3n\u00bb y Cuba no se hace responsable de traer el cuerpo a la isla","datePublished":"2026-03-08T12:06:35+00:00","dateModified":"2026-03-08T12:06:37+00:00","mainEntityOfPage":{"@id":"https:\/\/www.cuballama.com\/noticias\/medico-cubano-fallece-en-venezuela-durante-mision-y-cuba-no-se-hace-responsable-de-traer-el-cuerpo-a-la-isla\/"},"wordCount":428,"commentCount":0,"publisher":{"@id":"https:\/\/www.cuballama.com\/noticias\/#organization"},"image":{"@id":"https:\/\/www.cuballama.com\/noticias\/medico-cubano-fallece-en-venezuela-durante-mision-y-cuba-no-se-hace-responsable-de-traer-el-cuerpo-a-la-isla\/#primaryimage"},"thumbnailUrl":"https:\/\/cdn1.mediawpaccore.net\/wp-content\/uploads\/2026\/03\/08042104\/image-32.png","keywords":["accidente de tr\u00e1nsito","Cubanos en el exterior","m\u00e9dico cubano","misi\u00f3n internacionalista","repatriaci\u00f3n","Roberto Mengana Arias","venezuela"],"articleSection":["Noticias","Noticias de Cuba"],"inLanguage":"es","potentialAction":[{"@type":"CommentAction","name":"Comment","target":["https:\/\/www.cuballama.com\/noticias\/medico-cubano-fallece-en-venezuela-durante-mision-y-cuba-no-se-hace-responsable-de-traer-el-cuerpo-a-la-isla\/#respond"]}]},{"@type":"WebPage","@id":"https:\/\/www.cuballama.com\/noticias\/medico-cubano-fallece-en-venezuela-durante-mision-y-cuba-no-se-hace-responsable-de-traer-el-cuerpo-a-la-isla\/","url":"https:\/\/www.cuballama.com\/noticias\/medico-cubano-fallece-en-venezuela-durante-mision-y-cuba-no-se-hace-responsable-de-traer-el-cuerpo-a-la-isla\/","name":"M\u00e9dico cubano fallece en Venezuela durante \"misi\u00f3n\" y Cuba no se hace responsable de traer el cuerpo a la isla - Cuballama Noticias","isPartOf":{"@id":"https:\/\/www.cuballama.com\/noticias\/#website"},"primaryImageOfPage":{"@id":"https:\/\/www.cuballama.com\/noticias\/medico-cubano-fallece-en-venezuela-durante-mision-y-cuba-no-se-hace-responsable-de-traer-el-cuerpo-a-la-isla\/#primaryimage"},"image":{"@id":"https:\/\/www.cuballama.com\/noticias\/medico-cubano-fallece-en-venezuela-durante-mision-y-cuba-no-se-hace-responsable-de-traer-el-cuerpo-a-la-isla\/#primaryimage"},"thumbnailUrl":"https:\/\/cdn1.mediawpaccore.net\/wp-content\/uploads\/2026\/03\/08042104\/image-32.png","datePublished":"2026-03-08T12:06:35+00:00","dateModified":"2026-03-08T12:06:37+00:00","description":"Piden ayuda para repatriar desde Venezuela el cuerpo del m\u00e9dico cubano Roberto Mengana Arias tras morir en accidente.","breadcrumb":{"@id":"https:\/\/www.cuballama.com\/noticias\/medico-cubano-fallece-en-venezuela-durante-mision-y-cuba-no-se-hace-responsable-de-traer-el-cuerpo-a-la-isla\/#breadcrumb"},"inLanguage":"es","potentialAction":[{"@type":"ReadAction","target":["https:\/\/www.cuballama.com\/noticias\/medico-cubano-fallece-en-venezuela-durante-mision-y-cuba-no-se-hace-responsable-de-traer-el-cuerpo-a-la-isla\/"]}]},{"@type":"ImageObject","inLanguage":"es","@id":"https:\/\/www.cuballama.com\/noticias\/medico-cubano-fallece-en-venezuela-durante-mision-y-cuba-no-se-hace-responsable-de-traer-el-cuerpo-a-la-isla\/#primaryimage","url":"https:\/\/cdn1.mediawpaccore.net\/wp-content\/uploads\/2026\/03\/08042104\/image-32.png","contentUrl":"https:\/\/cdn1.mediawpaccore.net\/wp-content\/uploads\/2026\/03\/08042104\/image-32.png","width":1396,"height":713,"caption":"doctor cubano Roberto Mengana Arias, fallecido en Venezuela. Foto v\u00eda Facebook"},{"@type":"BreadcrumbList","@id":"https:\/\/www.cuballama.com\/noticias\/medico-cubano-fallece-en-venezuela-durante-mision-y-cuba-no-se-hace-responsable-de-traer-el-cuerpo-a-la-isla\/#breadcrumb","itemListElement":[{"@type":"ListItem","position":1,"name":"Home","item":"https:\/\/www.cuballama.com\/noticias\/"},{"@type":"ListItem","position":2,"name":"M\u00e9dico cubano fallece en Venezuela durante \u00abmisi\u00f3n\u00bb y Cuba no se hace responsable de traer el cuerpo a la isla"}]},{"@type":"WebSite","@id":"https:\/\/www.cuballama.com\/noticias\/#website","url":"https:\/\/www.cuballama.com\/noticias\/","name":"Cuballama Noticias","description":"Medio digital sobre Cuba y el mundo","publisher":{"@id":"https:\/\/www.cuballama.com\/noticias\/#organization"},"potentialAction":[{"@type":"SearchAction","target":{"@type":"EntryPoint","urlTemplate":"https:\/\/www.cuballama.com\/noticias\/?s={search_term_string}"},"query-input":{"@type":"PropertyValueSpecification","valueRequired":true,"valueName":"search_term_string"}}],"inLanguage":"es"},{"@type":"Organization","@id":"https:\/\/www.cuballama.com\/noticias\/#organization","name":"Cuballama","url":"https:\/\/www.cuballama.com\/noticias\/","logo":{"@type":"ImageObject","inLanguage":"es","@id":"https:\/\/www.cuballama.com\/noticias\/#\/schema\/logo\/image\/","url":"https:\/\/cdn1.mediawpaccore.net\/wp-content\/uploads\/2021\/12\/28171206\/cbll-logo-color-sm.png","contentUrl":"https:\/\/cdn1.mediawpaccore.net\/wp-content\/uploads\/2021\/12\/28171206\/cbll-logo-color-sm.png","width":600,"height":133,"caption":"Cuballama"},"image":{"@id":"https:\/\/www.cuballama.com\/noticias\/#\/schema\/logo\/image\/"},"sameAs":["https:\/\/www.facebook.com\/CubaLlama","https:\/\/x.com\/cuballama","https:\/\/www.instagram.com\/stories\/cuballama_oficial\/","https:\/\/www.youtube.com\/channel\/UCKkFE-d_axENGZcrc4as0IA"]},{"@type":"Person","@id":"https:\/\/www.cuballama.com\/noticias\/#\/schema\/person\/a58502ed4146c8e9f83872e897c76cd2","name":"Roberto A.","description":"Roberto A. Periodista por decisi\u00f3n propia. Interesado en cualquier tema que me apasione y cada vez m\u00e1s comprometido con la verdad y la objetividad period\u00edstica. Graduado en La Habana hace ya muchos a\u00f1os, luego de una accidentada y polvorienta b\u00fasqueda de informaci\u00f3n sobre un tema in\u00e9dito. La Tesis, por cierto, desapareci\u00f3 de la biblioteca y no se conservan copias de la misma.","url":"https:\/\/www.cuballama.com\/noticias\/author\/roberto\/"}]}},"_links":{"self":[{"href":"https:\/\/www.cuballama.com\/noticias\/wp-json\/wp\/v2\/posts\/237495","targetHints":{"allow":["GET"]}}],"collection":[{"href":"https:\/\/www.cuballama.com\/noticias\/wp-json\/wp\/v2\/posts"}],"about":[{"href":"https:\/\/www.cuballama.com\/noticias\/wp-json\/wp\/v2\/types\/post"}],"author":[{"embeddable":true,"href":"https:\/\/www.cuballama.com\/noticias\/wp-json\/wp\/v2\/users\/13"}],"replies":[{"embeddable":true,"href":"https:\/\/www.cuballama.com\/noticias\/wp-json\/wp\/v2\/comments?post=237495"}],"version-history":[{"count":2,"href":"https:\/\/www.cuballama.com\/noticias\/wp-json\/wp\/v2\/posts\/237495\/revisions"}],"predecessor-version":[{"id":237499,"href":"https:\/\/www.cuballama.com\/noticias\/wp-json\/wp\/v2\/posts\/237495\/revisions\/237499"}],"wp:featuredmedia":[{"embeddable":true,"href":"https:\/\/www.cuballama.com\/noticias\/wp-json\/wp\/v2\/media\/237496"}],"wp:attachment":[{"href":"https:\/\/www.cuballama.com\/noticias\/wp-json\/wp\/v2\/media?parent=237495"}],"wp:term":[{"taxonomy":"category","embeddable":true,"href":"https:\/\/www.cuballama.com\/noticias\/wp-json\/wp\/v2\/categories?post=237495"},{"taxonomy":"post_tag","embeddable":true,"href":"https:\/\/www.cuballama.com\/noticias\/wp-json\/wp\/v2\/tags?post=237495"}],"curies":[{"name":"wp","href":"https:\/\/api.w.org\/{rel}","templated":true}]}}