{"id":237484,"date":"2026-03-07T14:49:18","date_gmt":"2026-03-07T19:49:18","guid":{"rendered":"https:\/\/www.cuballama.com\/noticias\/?p=237484"},"modified":"2026-03-08T08:36:19","modified_gmt":"2026-03-08T12:36:19","slug":"en-una-hora-marco-rubio-podria-resolver-situacion-de-cuba-dice-trump-en-cumbre-de-miami","status":"publish","type":"post","link":"https:\/\/www.cuballama.com\/noticias\/en-una-hora-marco-rubio-podria-resolver-situacion-de-cuba-dice-trump-en-cumbre-de-miami\/","title":{"rendered":"\u201cEn una hora\u00bb Marco Rubio podr\u00eda resolver situaci\u00f3n de Cuba dice Trump en Cumbre de Miami"},"content":{"rendered":"\n<p>Pese a la in\u00e9dita ofensiva medi\u00e1tica de Donald Trump sobre el futuro de Cuba con un punto culminante este s\u00e1bado cuando afirm\u00f3 que muy pronto se pudiera llegar a un acuerdo con las autoridades comunistas de la Isla, ni Ra\u00fal Castro ni Miguel Diaz-Canel ni sus entornos respectivos han confirmado al pueblo cubano estas negociaciones.<\/p>\n\n\n\n<p>\u00abCon la hist\u00f3rica transformaci\u00f3n en Venezuela, tambi\u00e9n estamos ansiosos con el cambio que veremos pronto en Cuba\u00bb dijo Trump al inaugurar en Miami una \u00abcumbre\u00bb&nbsp; bautizada como \u00abEscudo de las Am\u00e9ricas\u00bb con mandatarios latinoamericanos y caribe\u00f1os aliados, junto a su secretario de Estado, el cubano americano Marco Rubio, y de la Guerra, Pete Hegseth.<\/p>\n\n\n\n<p>\u00abCuba est\u00e1 llegando al final de la l\u00ednea: no tienen dinero ni petr\u00f3leo. Tienen una mala filosof\u00eda. Tienen un r\u00e9gimen que ha sido malo por mucho tiempo\u00bb\u2019  dijo en un auditorio encabezado por los mandatarios\u00a0Javier Milei, Argentina;\u00a0Rodrigo Paz ,Bolivia;\u00a0Jos\u00e9 Antonio Kast, Chile ;Rodrigo Chaves, Costa Rica; Luis Abinader, Rep\u00fablica Dominicana;\u00a0Daniel Noboa, Ecuador;\u00a0Nayib Bukele, El Salvador; Tito Asfura, Honduras;\u00a0Mohamed Irfaan Al\u00ed, Guyana Jos\u00e9 Mulino, Panam\u00e1 ;\u00a0Santiago Pe\u00f1a, Paraguay\u00a0 y\u00a0Kamla Persad-Bissessar, Trinidad y Tobago.<\/p>\n\n\n\n<p>Kast asumir\u00e1 el cargo el pr\u00f3ximo mi\u00e9rcoles 11 de marzo. Tambi\u00e9n se encontraba la presidenta electa de Costa Rica, Laura Fern\u00e1ndez. El objetivo de esta coalici\u00f3n es combatir a los c\u00e1rteles de la droga y\u00a0\u00a0\u00abpromover la libertad, la seguridad y la prosperidad en nuestra regi\u00f3n\u00bb seg\u00fan la Casa Blanca.<\/p>\n\n\n\n<p>Tras actualizar a los invitados de las operaciones militares de EE.UU junto a Israel contra Ir\u00e1n, Trump dedic\u00f3 el final de su intervenci\u00f3n a Venezuela y Cuba sobre la que dijo que tras cerr\u00e1rseles los recursos petroleros desde Caracas \u00ablos aviones que van, no tienen combustible para salir\u00bb.<\/p>\n\n\n\n<p>As\u00ed que (los cubanos) est\u00e1n negociando con Marco (Rubio)\u00a0y conmigo, y otros, y creo que se pudiera llegar a un acuerdo con Cuba\u00bb<\/p>\n\n\n\n<p>\u00abDesde que era ni\u00f1o\u00a0 he escuchado esto sobre Cuba. Es un desastre, pero Cuba est\u00e1 en la \u00faltima fase\u00bb. Aclar\u00f3 que en estos momentos la prioridad es Ir\u00e1n pero insinu\u00f3 que no obstante Rubio pudiera tomarse un tiempo y \u00abquiz\u00e1s en una hora\u00bb pudiera resolver la situaci\u00f3n de Cuba, lo que para muchos fue una alusi\u00f3n a presuntas concesiones pol\u00edticas detr\u00e1s de exigencias econ\u00f3micas de Washington que ha escuchado de representantes del gobierno cubano en contactos \u00absecretos\u00bb que al parecer ya no lo son tanto.<\/p>\n\n\n\n<p>De acuerdo a\u00a0 \u00abfiltraciones\u00bb de importantes funcionarios de la administraci\u00f3n Trump en la prensa estadounidense, el nieto coronel guardaespalda de Ra\u00fal Castro, Ra\u00fal Guillermo Rodr\u00edguez Castro, y la veterana diplom\u00e1tica Josefina Vidal, se presentaron\u00a0 en San Crist\u00f3bal y Nieves, al margen de la Cumbre de Caricom, y hablaron con miembros del equipo de Rubio d\u00edas atr\u00e1s. <br>Mientras se\u00f1alaba hacia los presentes, Trump revel\u00f3 que varios de esos presidentes latinoamericanos le hab\u00edan pedido de favor que resolviera la situaci\u00f3n de Cuba. \u00bb Lo voy a hacer!\u00bb dijo. \u00abDebe quedar claro : bajo nuestra nueva doctrina, no vamos a permitir influencias hostiles en el hemisferio (y esto incluye al Canal de Panam\u00e1). Juntos vamos a proteger nuestra soberan\u00eda y nuestra seguridad, libertad e independencia\u00bb. <br><\/p>\n","protected":false},"excerpt":{"rendered":"<p>As\u00ed que (los cubanos) est\u00e1n negociando con Marco (Rubio)\u00a0y conmigo, y otros, y creo que se pudiera llegar a un acuerdo con Cuba\u00bb<\/p>\n","protected":false},"author":24,"featured_media":237332,"comment_status":"open","ping_status":"closed","sticky":false,"template":"","format":"standard","meta":{"_acf_changed":false,"footnotes":""},"categories":[18,955],"tags":[10867,11,92,941,1212,256,600,11017],"class_list":{"0":"post-237484","1":"post","2":"type-post","3":"status-publish","4":"format-standard","5":"has-post-thumbnail","7":"category-noticias","8":"category-noticias-de-cuba","9":"tag-crisis-en-cuba","10":"tag-cuba","11":"tag-cubanos","12":"tag-destacado","13":"tag-marco-rubio","14":"tag-miami","15":"tag-migrantes-cubanos","16":"tag-superdestacado"},"acf":[],"yoast_head":"<!-- This site is optimized with the Yoast SEO plugin v27.5 - https:\/\/yoast.com\/product\/yoast-seo-wordpress\/ -->\n<title>\u201cEn una hora&quot; Marco Rubio podr\u00eda resolver situaci\u00f3n de Cuba dice Trump en Cumbre de Miami - Cuballama Noticias<\/title>\n<meta name=\"description\" content=\"&quot;Con la hist\u00f3rica transformaci\u00f3n en Venezuela, tambi\u00e9n estamos ansiosos con el cambio que veremos pronto en Cuba&quot; dijo Trump en Miami.\" \/>\n<meta name=\"robots\" content=\"index, follow, max-snippet:-1, max-image-preview:large, max-video-preview:-1\" \/>\n<link rel=\"canonical\" href=\"https:\/\/www.cuballama.com\/noticias\/en-una-hora-marco-rubio-podria-resolver-situacion-de-cuba-dice-trump-en-cumbre-de-miami\/\" \/>\n<meta property=\"og:locale\" content=\"es_ES\" \/>\n<meta property=\"og:type\" content=\"article\" \/>\n<meta property=\"og:title\" content=\"\u201cEn una hora&quot; Marco Rubio podr\u00eda resolver situaci\u00f3n de Cuba dice Trump en Cumbre de Miami - Cuballama Noticias\" \/>\n<meta property=\"og:description\" content=\"&quot;Con la hist\u00f3rica transformaci\u00f3n en Venezuela, tambi\u00e9n estamos ansiosos con el cambio que veremos pronto en Cuba&quot; dijo Trump en Miami.\" \/>\n<meta property=\"og:url\" content=\"https:\/\/www.cuballama.com\/noticias\/en-una-hora-marco-rubio-podria-resolver-situacion-de-cuba-dice-trump-en-cumbre-de-miami\/\" \/>\n<meta property=\"og:site_name\" content=\"Cuballama Noticias\" \/>\n<meta property=\"article:publisher\" content=\"https:\/\/www.facebook.com\/CubaLlama\" \/>\n<meta property=\"article:published_time\" content=\"2026-03-07T19:49:18+00:00\" \/>\n<meta property=\"article:modified_time\" content=\"2026-03-08T12:36:19+00:00\" \/>\n<meta property=\"og:image\" content=\"https:\/\/cdn1.mediawpaccore.net\/wp-content\/uploads\/2026\/03\/05221203\/Captura-de-pantalla_5-3-2026_22925_www.instagram.com_.jpg\" \/>\n\t<meta property=\"og:image:width\" content=\"1200\" \/>\n\t<meta property=\"og:image:height\" content=\"630\" \/>\n\t<meta property=\"og:image:type\" content=\"image\/jpeg\" \/>\n<meta name=\"author\" content=\"Manu\" \/>\n<meta name=\"twitter:card\" content=\"summary_large_image\" \/>\n<meta name=\"twitter:creator\" content=\"@cuballama\" \/>\n<meta name=\"twitter:site\" content=\"@cuballama\" \/>\n<meta name=\"twitter:label1\" content=\"Escrito por\" \/>\n\t<meta name=\"twitter:data1\" content=\"Manu\" \/>\n\t<meta name=\"twitter:label2\" content=\"Tiempo de lectura\" \/>\n\t<meta name=\"twitter:data2\" content=\"3 minutos\" \/>\n<script type=\"application\/ld+json\" class=\"yoast-schema-graph\">{\"@context\":\"https:\\\/\\\/schema.org\",\"@graph\":[{\"@type\":\"Article\",\"@id\":\"https:\\\/\\\/www.cuballama.com\\\/noticias\\\/en-una-hora-marco-rubio-podria-resolver-situacion-de-cuba-dice-trump-en-cumbre-de-miami\\\/#article\",\"isPartOf\":{\"@id\":\"https:\\\/\\\/www.cuballama.com\\\/noticias\\\/en-una-hora-marco-rubio-podria-resolver-situacion-de-cuba-dice-trump-en-cumbre-de-miami\\\/\"},\"author\":{\"name\":\"Manu\",\"@id\":\"https:\\\/\\\/www.cuballama.com\\\/noticias\\\/#\\\/schema\\\/person\\\/5889f7d070564f8386e7944d14d436cd\"},\"headline\":\"\u201cEn una hora\u00bb Marco Rubio podr\u00eda resolver situaci\u00f3n de Cuba dice Trump en Cumbre de Miami\",\"datePublished\":\"2026-03-07T19:49:18+00:00\",\"dateModified\":\"2026-03-08T12:36:19+00:00\",\"mainEntityOfPage\":{\"@id\":\"https:\\\/\\\/www.cuballama.com\\\/noticias\\\/en-una-hora-marco-rubio-podria-resolver-situacion-de-cuba-dice-trump-en-cumbre-de-miami\\\/\"},\"wordCount\":581,\"commentCount\":0,\"publisher\":{\"@id\":\"https:\\\/\\\/www.cuballama.com\\\/noticias\\\/#organization\"},\"image\":{\"@id\":\"https:\\\/\\\/www.cuballama.com\\\/noticias\\\/en-una-hora-marco-rubio-podria-resolver-situacion-de-cuba-dice-trump-en-cumbre-de-miami\\\/#primaryimage\"},\"thumbnailUrl\":\"https:\\\/\\\/cdn1.mediawpaccore.net\\\/wp-content\\\/uploads\\\/2026\\\/03\\\/05221203\\\/Captura-de-pantalla_5-3-2026_22925_www.instagram.com_.jpg\",\"keywords\":[\"Crisis en Cuba\",\"Cuba\",\"cubanos\",\"destacado\",\"Marco Rubio\",\"Miami\",\"Migrantes cubanos\",\"superdestacado\"],\"articleSection\":[\"Noticias\",\"Noticias de Cuba\"],\"inLanguage\":\"es\",\"potentialAction\":[{\"@type\":\"CommentAction\",\"name\":\"Comment\",\"target\":[\"https:\\\/\\\/www.cuballama.com\\\/noticias\\\/en-una-hora-marco-rubio-podria-resolver-situacion-de-cuba-dice-trump-en-cumbre-de-miami\\\/#respond\"]}]},{\"@type\":\"WebPage\",\"@id\":\"https:\\\/\\\/www.cuballama.com\\\/noticias\\\/en-una-hora-marco-rubio-podria-resolver-situacion-de-cuba-dice-trump-en-cumbre-de-miami\\\/\",\"url\":\"https:\\\/\\\/www.cuballama.com\\\/noticias\\\/en-una-hora-marco-rubio-podria-resolver-situacion-de-cuba-dice-trump-en-cumbre-de-miami\\\/\",\"name\":\"\u201cEn una hora\\\" Marco Rubio podr\u00eda resolver situaci\u00f3n de Cuba dice Trump en Cumbre de Miami - Cuballama Noticias\",\"isPartOf\":{\"@id\":\"https:\\\/\\\/www.cuballama.com\\\/noticias\\\/#website\"},\"primaryImageOfPage\":{\"@id\":\"https:\\\/\\\/www.cuballama.com\\\/noticias\\\/en-una-hora-marco-rubio-podria-resolver-situacion-de-cuba-dice-trump-en-cumbre-de-miami\\\/#primaryimage\"},\"image\":{\"@id\":\"https:\\\/\\\/www.cuballama.com\\\/noticias\\\/en-una-hora-marco-rubio-podria-resolver-situacion-de-cuba-dice-trump-en-cumbre-de-miami\\\/#primaryimage\"},\"thumbnailUrl\":\"https:\\\/\\\/cdn1.mediawpaccore.net\\\/wp-content\\\/uploads\\\/2026\\\/03\\\/05221203\\\/Captura-de-pantalla_5-3-2026_22925_www.instagram.com_.jpg\",\"datePublished\":\"2026-03-07T19:49:18+00:00\",\"dateModified\":\"2026-03-08T12:36:19+00:00\",\"description\":\"\\\"Con la hist\u00f3rica transformaci\u00f3n en Venezuela, tambi\u00e9n estamos ansiosos con el cambio que veremos pronto en Cuba\\\" dijo Trump en Miami.\",\"breadcrumb\":{\"@id\":\"https:\\\/\\\/www.cuballama.com\\\/noticias\\\/en-una-hora-marco-rubio-podria-resolver-situacion-de-cuba-dice-trump-en-cumbre-de-miami\\\/#breadcrumb\"},\"inLanguage\":\"es\",\"potentialAction\":[{\"@type\":\"ReadAction\",\"target\":[\"https:\\\/\\\/www.cuballama.com\\\/noticias\\\/en-una-hora-marco-rubio-podria-resolver-situacion-de-cuba-dice-trump-en-cumbre-de-miami\\\/\"]}]},{\"@type\":\"ImageObject\",\"inLanguage\":\"es\",\"@id\":\"https:\\\/\\\/www.cuballama.com\\\/noticias\\\/en-una-hora-marco-rubio-podria-resolver-situacion-de-cuba-dice-trump-en-cumbre-de-miami\\\/#primaryimage\",\"url\":\"https:\\\/\\\/cdn1.mediawpaccore.net\\\/wp-content\\\/uploads\\\/2026\\\/03\\\/05221203\\\/Captura-de-pantalla_5-3-2026_22925_www.instagram.com_.jpg\",\"contentUrl\":\"https:\\\/\\\/cdn1.mediawpaccore.net\\\/wp-content\\\/uploads\\\/2026\\\/03\\\/05221203\\\/Captura-de-pantalla_5-3-2026_22925_www.instagram.com_.jpg\",\"width\":1200,\"height\":630,\"caption\":\"Donald Trump. Foto: Instagram\\\/The White House.\"},{\"@type\":\"BreadcrumbList\",\"@id\":\"https:\\\/\\\/www.cuballama.com\\\/noticias\\\/en-una-hora-marco-rubio-podria-resolver-situacion-de-cuba-dice-trump-en-cumbre-de-miami\\\/#breadcrumb\",\"itemListElement\":[{\"@type\":\"ListItem\",\"position\":1,\"name\":\"Home\",\"item\":\"https:\\\/\\\/www.cuballama.com\\\/noticias\\\/\"},{\"@type\":\"ListItem\",\"position\":2,\"name\":\"\u201cEn una hora\u00bb Marco Rubio podr\u00eda resolver situaci\u00f3n de Cuba dice Trump en Cumbre de Miami\"}]},{\"@type\":\"WebSite\",\"@id\":\"https:\\\/\\\/www.cuballama.com\\\/noticias\\\/#website\",\"url\":\"https:\\\/\\\/www.cuballama.com\\\/noticias\\\/\",\"name\":\"Cuballama Noticias\",\"description\":\"Medio digital sobre Cuba y el mundo\",\"publisher\":{\"@id\":\"https:\\\/\\\/www.cuballama.com\\\/noticias\\\/#organization\"},\"potentialAction\":[{\"@type\":\"SearchAction\",\"target\":{\"@type\":\"EntryPoint\",\"urlTemplate\":\"https:\\\/\\\/www.cuballama.com\\\/noticias\\\/?s={search_term_string}\"},\"query-input\":{\"@type\":\"PropertyValueSpecification\",\"valueRequired\":true,\"valueName\":\"search_term_string\"}}],\"inLanguage\":\"es\"},{\"@type\":\"Organization\",\"@id\":\"https:\\\/\\\/www.cuballama.com\\\/noticias\\\/#organization\",\"name\":\"Cuballama\",\"url\":\"https:\\\/\\\/www.cuballama.com\\\/noticias\\\/\",\"logo\":{\"@type\":\"ImageObject\",\"inLanguage\":\"es\",\"@id\":\"https:\\\/\\\/www.cuballama.com\\\/noticias\\\/#\\\/schema\\\/logo\\\/image\\\/\",\"url\":\"https:\\\/\\\/cdn1.mediawpaccore.net\\\/wp-content\\\/uploads\\\/2021\\\/12\\\/28171206\\\/cbll-logo-color-sm.png\",\"contentUrl\":\"https:\\\/\\\/cdn1.mediawpaccore.net\\\/wp-content\\\/uploads\\\/2021\\\/12\\\/28171206\\\/cbll-logo-color-sm.png\",\"width\":600,\"height\":133,\"caption\":\"Cuballama\"},\"image\":{\"@id\":\"https:\\\/\\\/www.cuballama.com\\\/noticias\\\/#\\\/schema\\\/logo\\\/image\\\/\"},\"sameAs\":[\"https:\\\/\\\/www.facebook.com\\\/CubaLlama\",\"https:\\\/\\\/x.com\\\/cuballama\",\"https:\\\/\\\/www.instagram.com\\\/stories\\\/cuballama_oficial\\\/\",\"https:\\\/\\\/www.youtube.com\\\/channel\\\/UCKkFE-d_axENGZcrc4as0IA\"]},{\"@type\":\"Person\",\"@id\":\"https:\\\/\\\/www.cuballama.com\\\/noticias\\\/#\\\/schema\\\/person\\\/5889f7d070564f8386e7944d14d436cd\",\"name\":\"Manu\",\"url\":\"https:\\\/\\\/www.cuballama.com\\\/noticias\\\/author\\\/manu\\\/\"}]}<\/script>\n<!-- \/ Yoast SEO plugin. -->","yoast_head_json":{"title":"\u201cEn una hora\" Marco Rubio podr\u00eda resolver situaci\u00f3n de Cuba dice Trump en Cumbre de Miami - Cuballama Noticias","description":"\"Con la hist\u00f3rica transformaci\u00f3n en Venezuela, tambi\u00e9n estamos ansiosos con el cambio que veremos pronto en Cuba\" dijo Trump en Miami.","robots":{"index":"index","follow":"follow","max-snippet":"max-snippet:-1","max-image-preview":"max-image-preview:large","max-video-preview":"max-video-preview:-1"},"canonical":"https:\/\/www.cuballama.com\/noticias\/en-una-hora-marco-rubio-podria-resolver-situacion-de-cuba-dice-trump-en-cumbre-de-miami\/","og_locale":"es_ES","og_type":"article","og_title":"\u201cEn una hora\" Marco Rubio podr\u00eda resolver situaci\u00f3n de Cuba dice Trump en Cumbre de Miami - Cuballama Noticias","og_description":"\"Con la hist\u00f3rica transformaci\u00f3n en Venezuela, tambi\u00e9n estamos ansiosos con el cambio que veremos pronto en Cuba\" dijo Trump en Miami.","og_url":"https:\/\/www.cuballama.com\/noticias\/en-una-hora-marco-rubio-podria-resolver-situacion-de-cuba-dice-trump-en-cumbre-de-miami\/","og_site_name":"Cuballama Noticias","article_publisher":"https:\/\/www.facebook.com\/CubaLlama","article_published_time":"2026-03-07T19:49:18+00:00","article_modified_time":"2026-03-08T12:36:19+00:00","og_image":[{"width":1200,"height":630,"url":"https:\/\/cdn1.mediawpaccore.net\/wp-content\/uploads\/2026\/03\/05221203\/Captura-de-pantalla_5-3-2026_22925_www.instagram.com_.jpg","type":"image\/jpeg"}],"author":"Manu","twitter_card":"summary_large_image","twitter_creator":"@cuballama","twitter_site":"@cuballama","twitter_misc":{"Escrito por":"Manu","Tiempo de lectura":"3 minutos"},"schema":{"@context":"https:\/\/schema.org","@graph":[{"@type":"Article","@id":"https:\/\/www.cuballama.com\/noticias\/en-una-hora-marco-rubio-podria-resolver-situacion-de-cuba-dice-trump-en-cumbre-de-miami\/#article","isPartOf":{"@id":"https:\/\/www.cuballama.com\/noticias\/en-una-hora-marco-rubio-podria-resolver-situacion-de-cuba-dice-trump-en-cumbre-de-miami\/"},"author":{"name":"Manu","@id":"https:\/\/www.cuballama.com\/noticias\/#\/schema\/person\/5889f7d070564f8386e7944d14d436cd"},"headline":"\u201cEn una hora\u00bb Marco Rubio podr\u00eda resolver situaci\u00f3n de Cuba dice Trump en Cumbre de Miami","datePublished":"2026-03-07T19:49:18+00:00","dateModified":"2026-03-08T12:36:19+00:00","mainEntityOfPage":{"@id":"https:\/\/www.cuballama.com\/noticias\/en-una-hora-marco-rubio-podria-resolver-situacion-de-cuba-dice-trump-en-cumbre-de-miami\/"},"wordCount":581,"commentCount":0,"publisher":{"@id":"https:\/\/www.cuballama.com\/noticias\/#organization"},"image":{"@id":"https:\/\/www.cuballama.com\/noticias\/en-una-hora-marco-rubio-podria-resolver-situacion-de-cuba-dice-trump-en-cumbre-de-miami\/#primaryimage"},"thumbnailUrl":"https:\/\/cdn1.mediawpaccore.net\/wp-content\/uploads\/2026\/03\/05221203\/Captura-de-pantalla_5-3-2026_22925_www.instagram.com_.jpg","keywords":["Crisis en Cuba","Cuba","cubanos","destacado","Marco Rubio","Miami","Migrantes cubanos","superdestacado"],"articleSection":["Noticias","Noticias de Cuba"],"inLanguage":"es","potentialAction":[{"@type":"CommentAction","name":"Comment","target":["https:\/\/www.cuballama.com\/noticias\/en-una-hora-marco-rubio-podria-resolver-situacion-de-cuba-dice-trump-en-cumbre-de-miami\/#respond"]}]},{"@type":"WebPage","@id":"https:\/\/www.cuballama.com\/noticias\/en-una-hora-marco-rubio-podria-resolver-situacion-de-cuba-dice-trump-en-cumbre-de-miami\/","url":"https:\/\/www.cuballama.com\/noticias\/en-una-hora-marco-rubio-podria-resolver-situacion-de-cuba-dice-trump-en-cumbre-de-miami\/","name":"\u201cEn una hora\" Marco Rubio podr\u00eda resolver situaci\u00f3n de Cuba dice Trump en Cumbre de Miami - Cuballama Noticias","isPartOf":{"@id":"https:\/\/www.cuballama.com\/noticias\/#website"},"primaryImageOfPage":{"@id":"https:\/\/www.cuballama.com\/noticias\/en-una-hora-marco-rubio-podria-resolver-situacion-de-cuba-dice-trump-en-cumbre-de-miami\/#primaryimage"},"image":{"@id":"https:\/\/www.cuballama.com\/noticias\/en-una-hora-marco-rubio-podria-resolver-situacion-de-cuba-dice-trump-en-cumbre-de-miami\/#primaryimage"},"thumbnailUrl":"https:\/\/cdn1.mediawpaccore.net\/wp-content\/uploads\/2026\/03\/05221203\/Captura-de-pantalla_5-3-2026_22925_www.instagram.com_.jpg","datePublished":"2026-03-07T19:49:18+00:00","dateModified":"2026-03-08T12:36:19+00:00","description":"\"Con la hist\u00f3rica transformaci\u00f3n en Venezuela, tambi\u00e9n estamos ansiosos con el cambio que veremos pronto en Cuba\" dijo Trump en Miami.","breadcrumb":{"@id":"https:\/\/www.cuballama.com\/noticias\/en-una-hora-marco-rubio-podria-resolver-situacion-de-cuba-dice-trump-en-cumbre-de-miami\/#breadcrumb"},"inLanguage":"es","potentialAction":[{"@type":"ReadAction","target":["https:\/\/www.cuballama.com\/noticias\/en-una-hora-marco-rubio-podria-resolver-situacion-de-cuba-dice-trump-en-cumbre-de-miami\/"]}]},{"@type":"ImageObject","inLanguage":"es","@id":"https:\/\/www.cuballama.com\/noticias\/en-una-hora-marco-rubio-podria-resolver-situacion-de-cuba-dice-trump-en-cumbre-de-miami\/#primaryimage","url":"https:\/\/cdn1.mediawpaccore.net\/wp-content\/uploads\/2026\/03\/05221203\/Captura-de-pantalla_5-3-2026_22925_www.instagram.com_.jpg","contentUrl":"https:\/\/cdn1.mediawpaccore.net\/wp-content\/uploads\/2026\/03\/05221203\/Captura-de-pantalla_5-3-2026_22925_www.instagram.com_.jpg","width":1200,"height":630,"caption":"Donald Trump. Foto: Instagram\/The White House."},{"@type":"BreadcrumbList","@id":"https:\/\/www.cuballama.com\/noticias\/en-una-hora-marco-rubio-podria-resolver-situacion-de-cuba-dice-trump-en-cumbre-de-miami\/#breadcrumb","itemListElement":[{"@type":"ListItem","position":1,"name":"Home","item":"https:\/\/www.cuballama.com\/noticias\/"},{"@type":"ListItem","position":2,"name":"\u201cEn una hora\u00bb Marco Rubio podr\u00eda resolver situaci\u00f3n de Cuba dice Trump en Cumbre de Miami"}]},{"@type":"WebSite","@id":"https:\/\/www.cuballama.com\/noticias\/#website","url":"https:\/\/www.cuballama.com\/noticias\/","name":"Cuballama Noticias","description":"Medio digital sobre Cuba y el mundo","publisher":{"@id":"https:\/\/www.cuballama.com\/noticias\/#organization"},"potentialAction":[{"@type":"SearchAction","target":{"@type":"EntryPoint","urlTemplate":"https:\/\/www.cuballama.com\/noticias\/?s={search_term_string}"},"query-input":{"@type":"PropertyValueSpecification","valueRequired":true,"valueName":"search_term_string"}}],"inLanguage":"es"},{"@type":"Organization","@id":"https:\/\/www.cuballama.com\/noticias\/#organization","name":"Cuballama","url":"https:\/\/www.cuballama.com\/noticias\/","logo":{"@type":"ImageObject","inLanguage":"es","@id":"https:\/\/www.cuballama.com\/noticias\/#\/schema\/logo\/image\/","url":"https:\/\/cdn1.mediawpaccore.net\/wp-content\/uploads\/2021\/12\/28171206\/cbll-logo-color-sm.png","contentUrl":"https:\/\/cdn1.mediawpaccore.net\/wp-content\/uploads\/2021\/12\/28171206\/cbll-logo-color-sm.png","width":600,"height":133,"caption":"Cuballama"},"image":{"@id":"https:\/\/www.cuballama.com\/noticias\/#\/schema\/logo\/image\/"},"sameAs":["https:\/\/www.facebook.com\/CubaLlama","https:\/\/x.com\/cuballama","https:\/\/www.instagram.com\/stories\/cuballama_oficial\/","https:\/\/www.youtube.com\/channel\/UCKkFE-d_axENGZcrc4as0IA"]},{"@type":"Person","@id":"https:\/\/www.cuballama.com\/noticias\/#\/schema\/person\/5889f7d070564f8386e7944d14d436cd","name":"Manu","url":"https:\/\/www.cuballama.com\/noticias\/author\/manu\/"}]}},"_links":{"self":[{"href":"https:\/\/www.cuballama.com\/noticias\/wp-json\/wp\/v2\/posts\/237484","targetHints":{"allow":["GET"]}}],"collection":[{"href":"https:\/\/www.cuballama.com\/noticias\/wp-json\/wp\/v2\/posts"}],"about":[{"href":"https:\/\/www.cuballama.com\/noticias\/wp-json\/wp\/v2\/types\/post"}],"author":[{"embeddable":true,"href":"https:\/\/www.cuballama.com\/noticias\/wp-json\/wp\/v2\/users\/24"}],"replies":[{"embeddable":true,"href":"https:\/\/www.cuballama.com\/noticias\/wp-json\/wp\/v2\/comments?post=237484"}],"version-history":[{"count":5,"href":"https:\/\/www.cuballama.com\/noticias\/wp-json\/wp\/v2\/posts\/237484\/revisions"}],"predecessor-version":[{"id":237489,"href":"https:\/\/www.cuballama.com\/noticias\/wp-json\/wp\/v2\/posts\/237484\/revisions\/237489"}],"wp:featuredmedia":[{"embeddable":true,"href":"https:\/\/www.cuballama.com\/noticias\/wp-json\/wp\/v2\/media\/237332"}],"wp:attachment":[{"href":"https:\/\/www.cuballama.com\/noticias\/wp-json\/wp\/v2\/media?parent=237484"}],"wp:term":[{"taxonomy":"category","embeddable":true,"href":"https:\/\/www.cuballama.com\/noticias\/wp-json\/wp\/v2\/categories?post=237484"},{"taxonomy":"post_tag","embeddable":true,"href":"https:\/\/www.cuballama.com\/noticias\/wp-json\/wp\/v2\/tags?post=237484"}],"curies":[{"name":"wp","href":"https:\/\/api.w.org\/{rel}","templated":true}]}}