{"id":237467,"date":"2026-03-07T12:50:45","date_gmt":"2026-03-07T17:50:45","guid":{"rendered":"https:\/\/www.cuballama.com\/noticias\/?p=237467"},"modified":"2026-03-07T12:53:26","modified_gmt":"2026-03-07T17:53:26","slug":"piden-ayuda-para-repatriar-cuerpo-de-omar-dariel-perez-torres-cubano-fallecido-en-rusia","status":"publish","type":"post","link":"https:\/\/www.cuballama.com\/noticias\/piden-ayuda-para-repatriar-cuerpo-de-omar-dariel-perez-torres-cubano-fallecido-en-rusia\/","title":{"rendered":"Piden ayuda para repatriar cuerpo de Omar Dariel P\u00e9rez Torres, cubano fallecido en Rusia"},"content":{"rendered":"\n<p>La muerte del cubano Omar Dariel P\u00e9rez Torres en Rusia ha provocado una cadena de mensajes de dolor entre familiares, amigos y conocidos, que ahora piden ayuda econ\u00f3mica para poder enfrentar los tr\u00e1mites tras su fallecimiento y lograr la repatriaci\u00f3n de su cuerpo. La solicitud comenz\u00f3 a circular en redes sociales, sobre todo en publicaciones compartidas desde Sochi y en grupos de cubanos residentes en Rusia, donde varias personas han pedido apoyo \u201ccon lo que puedan\u201d.<\/p>\n\n\n\n<p>Las condolencias comenzaron a multiplicarse a partir de posteos de allegados que lo identifican como Omar Dariel P\u00e9rez Torres, tambi\u00e9n llamado por muchos \u201cOmarito\u201d. En esos mensajes lo describen como un joven alegre, querido en su barrio, buen padre y una persona muy cercana a su familia. Una de las publicaciones m\u00e1s compartidas lo despide como \u201camigo, vecino, compa\u00f1ero e hijo\u201d, mientras otra lo recuerda como \u201cbuen hombre, buen amigo y s\u00faper padre\u201d, reflejando el golpe emocional que su muerte ha causado entre quienes lo conoc\u00edan. <\/p>\n\n\n\n<p>Los comentarios dejan ver adem\u00e1s que P\u00e9rez Torres era natural de Santiago de Cuba y que manten\u00eda v\u00ednculos fuertes con su comunidad de origen, donde su muerte ha sido recibida con consternaci\u00f3n. En el <a href=\"https:\/\/www.facebook.com\/groups\/280430370935757\/permalink\/1236249675353817\/?rdid=b8niLxMrPQTdCD8T#\" target=\"_blank\" rel=\"noreferrer noopener nofollow\">grupo de cubanos en Rusia <\/a>donde se difundi\u00f3 el llamado de ayuda, varios usuarios preguntaron qu\u00e9 hab\u00eda ocurrido y desde esa misma cadena se confirm\u00f3 que el fallecimiento ocurri\u00f3 en territorio ruso. Una de las respuestas tambi\u00e9n lo ubica como santiaguero que estaba viviendo en Rusia.<\/p>\n\n\n\n<iframe loading=\"lazy\" src=\"https:\/\/www.facebook.com\/plugins\/post.php?href=https%3A%2F%2Fwww.facebook.com%2Fyainelis.perez.perez.774588%2Fposts%2Fpfbid0zP9G1gycmC8MD5ATefF5MUoZpv1UGUr29MTZvugf26ZvUo65ZPRT1F1Hz1iCcx7bl&#038;show_text=true&#038;width=500\" width=\"500\" height=\"647\" style=\"border:none;overflow:hidden\" scrolling=\"no\" frameborder=\"0\" allowfullscreen=\"true\" allow=\"autoplay; clipboard-write; encrypted-media; picture-in-picture; web-share\"><\/iframe>\n\n\n\n<p>Sobre la causa de la muerte, lo \u00fanico que ha circulado hasta ahora son versiones no confirmadas en comentarios de Facebook. Algunas personas afirman que habr\u00eda sufrido un infarto, pero hasta el momento no aparece en fuentes p\u00fablicas consultadas un comunicado oficial o reporte independiente que confirme de manera verificable las circunstancias exactas del fallecimiento. Por eso, ese punto debe manejarse todav\u00eda como una versi\u00f3n de redes y no como un dato cerrado.<\/p>\n\n\n\n<p>Lo que s\u00ed parece claro en las publicaciones es la urgencia de la familia y del c\u00edrculo cercano por reunir recursos. El llamado no se presenta solo como un gesto de solidaridad, sino como una necesidad inmediata ante el alto costo de los tr\u00e1mites funerarios y de traslado internacional. En este tipo de casos, cuando un migrante cubano fallece fuera del pa\u00eds, los gastos para preservar el cuerpo, documentarlo y devolverlo a Cuba suelen superar con creces las posibilidades de una familia com\u00fan.<\/p>\n\n\n\n<p>Mientras no haya una comunicaci\u00f3n oficial con m\u00e1s detalles, el caso de Omar Dariel P\u00e9rez Torres sigue sostenido por la movilizaci\u00f3n de amigos, vecinos y cubanos en Rusia que intentan evitar que todo termine en una despedida marcada por la distancia y la impotencia. La prioridad ahora, seg\u00fan muestran esas publicaciones, es una sola: conseguir que Omarito pueda volver a su tierra.<\/p>\n","protected":false},"excerpt":{"rendered":"<p>Familiares y amigos piden ayuda para repatriar desde Rusia el cuerpo del cubano Omar Dariel P\u00e9rez Torres.<\/p>\n","protected":false},"author":13,"featured_media":237469,"comment_status":"open","ping_status":"closed","sticky":false,"template":"","format":"standard","meta":{"_acf_changed":false,"footnotes":""},"categories":[18,955,957],"tags":[10022,30923,6100,600,30922,30924,8100,160,30921],"class_list":{"0":"post-237467","1":"post","2":"type-post","3":"status-publish","4":"format-standard","5":"has-post-thumbnail","7":"category-noticias","8":"category-noticias-de-cuba","9":"category-noticias-internacionales","10":"tag-ayuda-economica","11":"tag-cubano-fallecido-en-rusia","12":"tag-cubanos-en-rusia","13":"tag-migrantes-cubanos","14":"tag-omar-dariel-perez-torres","15":"tag-omarito","16":"tag-repatriacion","17":"tag-santiago-de-cuba","18":"tag-sochi"},"acf":[],"yoast_head":"<!-- This site is optimized with the Yoast SEO plugin v27.5 - https:\/\/yoast.com\/product\/yoast-seo-wordpress\/ -->\n<title>Piden ayuda para repatriar cuerpo de Omar Dariel P\u00e9rez Torres, cubano fallecido en Rusia - Cuballama Noticias<\/title>\n<meta name=\"description\" content=\"Familiares y amigos piden ayuda para repatriar desde Rusia el cuerpo del cubano Omar Dariel P\u00e9rez Torres, fallecido\" \/>\n<meta name=\"robots\" content=\"index, follow, max-snippet:-1, max-image-preview:large, max-video-preview:-1\" \/>\n<link rel=\"canonical\" href=\"https:\/\/www.cuballama.com\/noticias\/piden-ayuda-para-repatriar-cuerpo-de-omar-dariel-perez-torres-cubano-fallecido-en-rusia\/\" \/>\n<meta property=\"og:locale\" content=\"es_ES\" \/>\n<meta property=\"og:type\" content=\"article\" \/>\n<meta property=\"og:title\" content=\"Piden ayuda para repatriar cuerpo de Omar Dariel P\u00e9rez Torres, cubano fallecido en Rusia - Cuballama Noticias\" \/>\n<meta property=\"og:description\" content=\"Familiares y amigos piden ayuda para repatriar desde Rusia el cuerpo del cubano Omar Dariel P\u00e9rez Torres, fallecido\" \/>\n<meta property=\"og:url\" content=\"https:\/\/www.cuballama.com\/noticias\/piden-ayuda-para-repatriar-cuerpo-de-omar-dariel-perez-torres-cubano-fallecido-en-rusia\/\" \/>\n<meta property=\"og:site_name\" content=\"Cuballama Noticias\" \/>\n<meta property=\"article:publisher\" content=\"https:\/\/www.facebook.com\/CubaLlama\" \/>\n<meta property=\"article:published_time\" content=\"2026-03-07T17:50:45+00:00\" \/>\n<meta property=\"article:modified_time\" content=\"2026-03-07T17:53:26+00:00\" \/>\n<meta property=\"og:image\" content=\"https:\/\/cdn1.mediawpaccore.net\/wp-content\/uploads\/2026\/03\/07062512\/image-31.png\" \/>\n\t<meta property=\"og:image:width\" content=\"1276\" \/>\n\t<meta property=\"og:image:height\" content=\"738\" \/>\n\t<meta property=\"og:image:type\" content=\"image\/png\" \/>\n<meta name=\"author\" content=\"Roberto A.\" \/>\n<meta name=\"twitter:card\" content=\"summary_large_image\" \/>\n<meta name=\"twitter:creator\" content=\"@cuballama\" \/>\n<meta name=\"twitter:site\" content=\"@cuballama\" \/>\n<meta name=\"twitter:label1\" content=\"Escrito por\" \/>\n\t<meta name=\"twitter:data1\" content=\"Roberto A.\" \/>\n\t<meta name=\"twitter:label2\" content=\"Tiempo de lectura\" \/>\n\t<meta name=\"twitter:data2\" content=\"3 minutos\" \/>\n<script type=\"application\/ld+json\" class=\"yoast-schema-graph\">{\"@context\":\"https:\\\/\\\/schema.org\",\"@graph\":[{\"@type\":\"Article\",\"@id\":\"https:\\\/\\\/www.cuballama.com\\\/noticias\\\/piden-ayuda-para-repatriar-cuerpo-de-omar-dariel-perez-torres-cubano-fallecido-en-rusia\\\/#article\",\"isPartOf\":{\"@id\":\"https:\\\/\\\/www.cuballama.com\\\/noticias\\\/piden-ayuda-para-repatriar-cuerpo-de-omar-dariel-perez-torres-cubano-fallecido-en-rusia\\\/\"},\"author\":{\"name\":\"Roberto A.\",\"@id\":\"https:\\\/\\\/www.cuballama.com\\\/noticias\\\/#\\\/schema\\\/person\\\/a58502ed4146c8e9f83872e897c76cd2\"},\"headline\":\"Piden ayuda para repatriar cuerpo de Omar Dariel P\u00e9rez Torres, cubano fallecido en Rusia\",\"datePublished\":\"2026-03-07T17:50:45+00:00\",\"dateModified\":\"2026-03-07T17:53:26+00:00\",\"mainEntityOfPage\":{\"@id\":\"https:\\\/\\\/www.cuballama.com\\\/noticias\\\/piden-ayuda-para-repatriar-cuerpo-de-omar-dariel-perez-torres-cubano-fallecido-en-rusia\\\/\"},\"wordCount\":505,\"commentCount\":0,\"publisher\":{\"@id\":\"https:\\\/\\\/www.cuballama.com\\\/noticias\\\/#organization\"},\"image\":{\"@id\":\"https:\\\/\\\/www.cuballama.com\\\/noticias\\\/piden-ayuda-para-repatriar-cuerpo-de-omar-dariel-perez-torres-cubano-fallecido-en-rusia\\\/#primaryimage\"},\"thumbnailUrl\":\"https:\\\/\\\/cdn1.mediawpaccore.net\\\/wp-content\\\/uploads\\\/2026\\\/03\\\/07062512\\\/image-31.png\",\"keywords\":[\"Ayuda econ\u00f3mica\",\"cubano fallecido en Rusia\",\"Cubanos en Rusia\",\"Migrantes cubanos\",\"Omar Dariel P\u00e9rez Torres\",\"Omarito\",\"repatriaci\u00f3n\",\"Santiago de Cuba\",\"Sochi\"],\"articleSection\":[\"Noticias\",\"Noticias de Cuba\",\"Noticias Internacionales\"],\"inLanguage\":\"es\",\"potentialAction\":[{\"@type\":\"CommentAction\",\"name\":\"Comment\",\"target\":[\"https:\\\/\\\/www.cuballama.com\\\/noticias\\\/piden-ayuda-para-repatriar-cuerpo-de-omar-dariel-perez-torres-cubano-fallecido-en-rusia\\\/#respond\"]}]},{\"@type\":\"WebPage\",\"@id\":\"https:\\\/\\\/www.cuballama.com\\\/noticias\\\/piden-ayuda-para-repatriar-cuerpo-de-omar-dariel-perez-torres-cubano-fallecido-en-rusia\\\/\",\"url\":\"https:\\\/\\\/www.cuballama.com\\\/noticias\\\/piden-ayuda-para-repatriar-cuerpo-de-omar-dariel-perez-torres-cubano-fallecido-en-rusia\\\/\",\"name\":\"Piden ayuda para repatriar cuerpo de Omar Dariel P\u00e9rez Torres, cubano fallecido en Rusia - Cuballama Noticias\",\"isPartOf\":{\"@id\":\"https:\\\/\\\/www.cuballama.com\\\/noticias\\\/#website\"},\"primaryImageOfPage\":{\"@id\":\"https:\\\/\\\/www.cuballama.com\\\/noticias\\\/piden-ayuda-para-repatriar-cuerpo-de-omar-dariel-perez-torres-cubano-fallecido-en-rusia\\\/#primaryimage\"},\"image\":{\"@id\":\"https:\\\/\\\/www.cuballama.com\\\/noticias\\\/piden-ayuda-para-repatriar-cuerpo-de-omar-dariel-perez-torres-cubano-fallecido-en-rusia\\\/#primaryimage\"},\"thumbnailUrl\":\"https:\\\/\\\/cdn1.mediawpaccore.net\\\/wp-content\\\/uploads\\\/2026\\\/03\\\/07062512\\\/image-31.png\",\"datePublished\":\"2026-03-07T17:50:45+00:00\",\"dateModified\":\"2026-03-07T17:53:26+00:00\",\"description\":\"Familiares y amigos piden ayuda para repatriar desde Rusia el cuerpo del cubano Omar Dariel P\u00e9rez Torres, fallecido\",\"breadcrumb\":{\"@id\":\"https:\\\/\\\/www.cuballama.com\\\/noticias\\\/piden-ayuda-para-repatriar-cuerpo-de-omar-dariel-perez-torres-cubano-fallecido-en-rusia\\\/#breadcrumb\"},\"inLanguage\":\"es\",\"potentialAction\":[{\"@type\":\"ReadAction\",\"target\":[\"https:\\\/\\\/www.cuballama.com\\\/noticias\\\/piden-ayuda-para-repatriar-cuerpo-de-omar-dariel-perez-torres-cubano-fallecido-en-rusia\\\/\"]}]},{\"@type\":\"ImageObject\",\"inLanguage\":\"es\",\"@id\":\"https:\\\/\\\/www.cuballama.com\\\/noticias\\\/piden-ayuda-para-repatriar-cuerpo-de-omar-dariel-perez-torres-cubano-fallecido-en-rusia\\\/#primaryimage\",\"url\":\"https:\\\/\\\/cdn1.mediawpaccore.net\\\/wp-content\\\/uploads\\\/2026\\\/03\\\/07062512\\\/image-31.png\",\"contentUrl\":\"https:\\\/\\\/cdn1.mediawpaccore.net\\\/wp-content\\\/uploads\\\/2026\\\/03\\\/07062512\\\/image-31.png\",\"width\":1276,\"height\":738,\"caption\":\"Cubano fallecido en Rusia. Foto: V\u00eda Facebook \\\/ Yanier Alejandro Mestre Caballero\"},{\"@type\":\"BreadcrumbList\",\"@id\":\"https:\\\/\\\/www.cuballama.com\\\/noticias\\\/piden-ayuda-para-repatriar-cuerpo-de-omar-dariel-perez-torres-cubano-fallecido-en-rusia\\\/#breadcrumb\",\"itemListElement\":[{\"@type\":\"ListItem\",\"position\":1,\"name\":\"Home\",\"item\":\"https:\\\/\\\/www.cuballama.com\\\/noticias\\\/\"},{\"@type\":\"ListItem\",\"position\":2,\"name\":\"Piden ayuda para repatriar cuerpo de Omar Dariel P\u00e9rez Torres, cubano fallecido en Rusia\"}]},{\"@type\":\"WebSite\",\"@id\":\"https:\\\/\\\/www.cuballama.com\\\/noticias\\\/#website\",\"url\":\"https:\\\/\\\/www.cuballama.com\\\/noticias\\\/\",\"name\":\"Cuballama Noticias\",\"description\":\"Medio digital sobre Cuba y el mundo\",\"publisher\":{\"@id\":\"https:\\\/\\\/www.cuballama.com\\\/noticias\\\/#organization\"},\"potentialAction\":[{\"@type\":\"SearchAction\",\"target\":{\"@type\":\"EntryPoint\",\"urlTemplate\":\"https:\\\/\\\/www.cuballama.com\\\/noticias\\\/?s={search_term_string}\"},\"query-input\":{\"@type\":\"PropertyValueSpecification\",\"valueRequired\":true,\"valueName\":\"search_term_string\"}}],\"inLanguage\":\"es\"},{\"@type\":\"Organization\",\"@id\":\"https:\\\/\\\/www.cuballama.com\\\/noticias\\\/#organization\",\"name\":\"Cuballama\",\"url\":\"https:\\\/\\\/www.cuballama.com\\\/noticias\\\/\",\"logo\":{\"@type\":\"ImageObject\",\"inLanguage\":\"es\",\"@id\":\"https:\\\/\\\/www.cuballama.com\\\/noticias\\\/#\\\/schema\\\/logo\\\/image\\\/\",\"url\":\"https:\\\/\\\/cdn1.mediawpaccore.net\\\/wp-content\\\/uploads\\\/2021\\\/12\\\/28171206\\\/cbll-logo-color-sm.png\",\"contentUrl\":\"https:\\\/\\\/cdn1.mediawpaccore.net\\\/wp-content\\\/uploads\\\/2021\\\/12\\\/28171206\\\/cbll-logo-color-sm.png\",\"width\":600,\"height\":133,\"caption\":\"Cuballama\"},\"image\":{\"@id\":\"https:\\\/\\\/www.cuballama.com\\\/noticias\\\/#\\\/schema\\\/logo\\\/image\\\/\"},\"sameAs\":[\"https:\\\/\\\/www.facebook.com\\\/CubaLlama\",\"https:\\\/\\\/x.com\\\/cuballama\",\"https:\\\/\\\/www.instagram.com\\\/stories\\\/cuballama_oficial\\\/\",\"https:\\\/\\\/www.youtube.com\\\/channel\\\/UCKkFE-d_axENGZcrc4as0IA\"]},{\"@type\":\"Person\",\"@id\":\"https:\\\/\\\/www.cuballama.com\\\/noticias\\\/#\\\/schema\\\/person\\\/a58502ed4146c8e9f83872e897c76cd2\",\"name\":\"Roberto A.\",\"description\":\"Roberto A. Periodista por decisi\u00f3n propia. Interesado en cualquier tema que me apasione y cada vez m\u00e1s comprometido con la verdad y la objetividad period\u00edstica. Graduado en La Habana hace ya muchos a\u00f1os, luego de una accidentada y polvorienta b\u00fasqueda de informaci\u00f3n sobre un tema in\u00e9dito. La Tesis, por cierto, desapareci\u00f3 de la biblioteca y no se conservan copias de la misma.\",\"url\":\"https:\\\/\\\/www.cuballama.com\\\/noticias\\\/author\\\/roberto\\\/\"}]}<\/script>\n<!-- \/ Yoast SEO plugin. -->","yoast_head_json":{"title":"Piden ayuda para repatriar cuerpo de Omar Dariel P\u00e9rez Torres, cubano fallecido en Rusia - Cuballama Noticias","description":"Familiares y amigos piden ayuda para repatriar desde Rusia el cuerpo del cubano Omar Dariel P\u00e9rez Torres, fallecido","robots":{"index":"index","follow":"follow","max-snippet":"max-snippet:-1","max-image-preview":"max-image-preview:large","max-video-preview":"max-video-preview:-1"},"canonical":"https:\/\/www.cuballama.com\/noticias\/piden-ayuda-para-repatriar-cuerpo-de-omar-dariel-perez-torres-cubano-fallecido-en-rusia\/","og_locale":"es_ES","og_type":"article","og_title":"Piden ayuda para repatriar cuerpo de Omar Dariel P\u00e9rez Torres, cubano fallecido en Rusia - Cuballama Noticias","og_description":"Familiares y amigos piden ayuda para repatriar desde Rusia el cuerpo del cubano Omar Dariel P\u00e9rez Torres, fallecido","og_url":"https:\/\/www.cuballama.com\/noticias\/piden-ayuda-para-repatriar-cuerpo-de-omar-dariel-perez-torres-cubano-fallecido-en-rusia\/","og_site_name":"Cuballama Noticias","article_publisher":"https:\/\/www.facebook.com\/CubaLlama","article_published_time":"2026-03-07T17:50:45+00:00","article_modified_time":"2026-03-07T17:53:26+00:00","og_image":[{"width":1276,"height":738,"url":"https:\/\/cdn1.mediawpaccore.net\/wp-content\/uploads\/2026\/03\/07062512\/image-31.png","type":"image\/png"}],"author":"Roberto A.","twitter_card":"summary_large_image","twitter_creator":"@cuballama","twitter_site":"@cuballama","twitter_misc":{"Escrito por":"Roberto A.","Tiempo de lectura":"3 minutos"},"schema":{"@context":"https:\/\/schema.org","@graph":[{"@type":"Article","@id":"https:\/\/www.cuballama.com\/noticias\/piden-ayuda-para-repatriar-cuerpo-de-omar-dariel-perez-torres-cubano-fallecido-en-rusia\/#article","isPartOf":{"@id":"https:\/\/www.cuballama.com\/noticias\/piden-ayuda-para-repatriar-cuerpo-de-omar-dariel-perez-torres-cubano-fallecido-en-rusia\/"},"author":{"name":"Roberto A.","@id":"https:\/\/www.cuballama.com\/noticias\/#\/schema\/person\/a58502ed4146c8e9f83872e897c76cd2"},"headline":"Piden ayuda para repatriar cuerpo de Omar Dariel P\u00e9rez Torres, cubano fallecido en Rusia","datePublished":"2026-03-07T17:50:45+00:00","dateModified":"2026-03-07T17:53:26+00:00","mainEntityOfPage":{"@id":"https:\/\/www.cuballama.com\/noticias\/piden-ayuda-para-repatriar-cuerpo-de-omar-dariel-perez-torres-cubano-fallecido-en-rusia\/"},"wordCount":505,"commentCount":0,"publisher":{"@id":"https:\/\/www.cuballama.com\/noticias\/#organization"},"image":{"@id":"https:\/\/www.cuballama.com\/noticias\/piden-ayuda-para-repatriar-cuerpo-de-omar-dariel-perez-torres-cubano-fallecido-en-rusia\/#primaryimage"},"thumbnailUrl":"https:\/\/cdn1.mediawpaccore.net\/wp-content\/uploads\/2026\/03\/07062512\/image-31.png","keywords":["Ayuda econ\u00f3mica","cubano fallecido en Rusia","Cubanos en Rusia","Migrantes cubanos","Omar Dariel P\u00e9rez Torres","Omarito","repatriaci\u00f3n","Santiago de Cuba","Sochi"],"articleSection":["Noticias","Noticias de Cuba","Noticias Internacionales"],"inLanguage":"es","potentialAction":[{"@type":"CommentAction","name":"Comment","target":["https:\/\/www.cuballama.com\/noticias\/piden-ayuda-para-repatriar-cuerpo-de-omar-dariel-perez-torres-cubano-fallecido-en-rusia\/#respond"]}]},{"@type":"WebPage","@id":"https:\/\/www.cuballama.com\/noticias\/piden-ayuda-para-repatriar-cuerpo-de-omar-dariel-perez-torres-cubano-fallecido-en-rusia\/","url":"https:\/\/www.cuballama.com\/noticias\/piden-ayuda-para-repatriar-cuerpo-de-omar-dariel-perez-torres-cubano-fallecido-en-rusia\/","name":"Piden ayuda para repatriar cuerpo de Omar Dariel P\u00e9rez Torres, cubano fallecido en Rusia - Cuballama Noticias","isPartOf":{"@id":"https:\/\/www.cuballama.com\/noticias\/#website"},"primaryImageOfPage":{"@id":"https:\/\/www.cuballama.com\/noticias\/piden-ayuda-para-repatriar-cuerpo-de-omar-dariel-perez-torres-cubano-fallecido-en-rusia\/#primaryimage"},"image":{"@id":"https:\/\/www.cuballama.com\/noticias\/piden-ayuda-para-repatriar-cuerpo-de-omar-dariel-perez-torres-cubano-fallecido-en-rusia\/#primaryimage"},"thumbnailUrl":"https:\/\/cdn1.mediawpaccore.net\/wp-content\/uploads\/2026\/03\/07062512\/image-31.png","datePublished":"2026-03-07T17:50:45+00:00","dateModified":"2026-03-07T17:53:26+00:00","description":"Familiares y amigos piden ayuda para repatriar desde Rusia el cuerpo del cubano Omar Dariel P\u00e9rez Torres, fallecido","breadcrumb":{"@id":"https:\/\/www.cuballama.com\/noticias\/piden-ayuda-para-repatriar-cuerpo-de-omar-dariel-perez-torres-cubano-fallecido-en-rusia\/#breadcrumb"},"inLanguage":"es","potentialAction":[{"@type":"ReadAction","target":["https:\/\/www.cuballama.com\/noticias\/piden-ayuda-para-repatriar-cuerpo-de-omar-dariel-perez-torres-cubano-fallecido-en-rusia\/"]}]},{"@type":"ImageObject","inLanguage":"es","@id":"https:\/\/www.cuballama.com\/noticias\/piden-ayuda-para-repatriar-cuerpo-de-omar-dariel-perez-torres-cubano-fallecido-en-rusia\/#primaryimage","url":"https:\/\/cdn1.mediawpaccore.net\/wp-content\/uploads\/2026\/03\/07062512\/image-31.png","contentUrl":"https:\/\/cdn1.mediawpaccore.net\/wp-content\/uploads\/2026\/03\/07062512\/image-31.png","width":1276,"height":738,"caption":"Cubano fallecido en Rusia. Foto: V\u00eda Facebook \/ Yanier Alejandro Mestre Caballero"},{"@type":"BreadcrumbList","@id":"https:\/\/www.cuballama.com\/noticias\/piden-ayuda-para-repatriar-cuerpo-de-omar-dariel-perez-torres-cubano-fallecido-en-rusia\/#breadcrumb","itemListElement":[{"@type":"ListItem","position":1,"name":"Home","item":"https:\/\/www.cuballama.com\/noticias\/"},{"@type":"ListItem","position":2,"name":"Piden ayuda para repatriar cuerpo de Omar Dariel P\u00e9rez Torres, cubano fallecido en Rusia"}]},{"@type":"WebSite","@id":"https:\/\/www.cuballama.com\/noticias\/#website","url":"https:\/\/www.cuballama.com\/noticias\/","name":"Cuballama Noticias","description":"Medio digital sobre Cuba y el mundo","publisher":{"@id":"https:\/\/www.cuballama.com\/noticias\/#organization"},"potentialAction":[{"@type":"SearchAction","target":{"@type":"EntryPoint","urlTemplate":"https:\/\/www.cuballama.com\/noticias\/?s={search_term_string}"},"query-input":{"@type":"PropertyValueSpecification","valueRequired":true,"valueName":"search_term_string"}}],"inLanguage":"es"},{"@type":"Organization","@id":"https:\/\/www.cuballama.com\/noticias\/#organization","name":"Cuballama","url":"https:\/\/www.cuballama.com\/noticias\/","logo":{"@type":"ImageObject","inLanguage":"es","@id":"https:\/\/www.cuballama.com\/noticias\/#\/schema\/logo\/image\/","url":"https:\/\/cdn1.mediawpaccore.net\/wp-content\/uploads\/2021\/12\/28171206\/cbll-logo-color-sm.png","contentUrl":"https:\/\/cdn1.mediawpaccore.net\/wp-content\/uploads\/2021\/12\/28171206\/cbll-logo-color-sm.png","width":600,"height":133,"caption":"Cuballama"},"image":{"@id":"https:\/\/www.cuballama.com\/noticias\/#\/schema\/logo\/image\/"},"sameAs":["https:\/\/www.facebook.com\/CubaLlama","https:\/\/x.com\/cuballama","https:\/\/www.instagram.com\/stories\/cuballama_oficial\/","https:\/\/www.youtube.com\/channel\/UCKkFE-d_axENGZcrc4as0IA"]},{"@type":"Person","@id":"https:\/\/www.cuballama.com\/noticias\/#\/schema\/person\/a58502ed4146c8e9f83872e897c76cd2","name":"Roberto A.","description":"Roberto A. Periodista por decisi\u00f3n propia. Interesado en cualquier tema que me apasione y cada vez m\u00e1s comprometido con la verdad y la objetividad period\u00edstica. Graduado en La Habana hace ya muchos a\u00f1os, luego de una accidentada y polvorienta b\u00fasqueda de informaci\u00f3n sobre un tema in\u00e9dito. La Tesis, por cierto, desapareci\u00f3 de la biblioteca y no se conservan copias de la misma.","url":"https:\/\/www.cuballama.com\/noticias\/author\/roberto\/"}]}},"_links":{"self":[{"href":"https:\/\/www.cuballama.com\/noticias\/wp-json\/wp\/v2\/posts\/237467","targetHints":{"allow":["GET"]}}],"collection":[{"href":"https:\/\/www.cuballama.com\/noticias\/wp-json\/wp\/v2\/posts"}],"about":[{"href":"https:\/\/www.cuballama.com\/noticias\/wp-json\/wp\/v2\/types\/post"}],"author":[{"embeddable":true,"href":"https:\/\/www.cuballama.com\/noticias\/wp-json\/wp\/v2\/users\/13"}],"replies":[{"embeddable":true,"href":"https:\/\/www.cuballama.com\/noticias\/wp-json\/wp\/v2\/comments?post=237467"}],"version-history":[{"count":2,"href":"https:\/\/www.cuballama.com\/noticias\/wp-json\/wp\/v2\/posts\/237467\/revisions"}],"predecessor-version":[{"id":237470,"href":"https:\/\/www.cuballama.com\/noticias\/wp-json\/wp\/v2\/posts\/237467\/revisions\/237470"}],"wp:featuredmedia":[{"embeddable":true,"href":"https:\/\/www.cuballama.com\/noticias\/wp-json\/wp\/v2\/media\/237469"}],"wp:attachment":[{"href":"https:\/\/www.cuballama.com\/noticias\/wp-json\/wp\/v2\/media?parent=237467"}],"wp:term":[{"taxonomy":"category","embeddable":true,"href":"https:\/\/www.cuballama.com\/noticias\/wp-json\/wp\/v2\/categories?post=237467"},{"taxonomy":"post_tag","embeddable":true,"href":"https:\/\/www.cuballama.com\/noticias\/wp-json\/wp\/v2\/tags?post=237467"}],"curies":[{"name":"wp","href":"https:\/\/api.w.org\/{rel}","templated":true}]}}