{"id":237448,"date":"2026-03-08T08:06:05","date_gmt":"2026-03-08T12:06:05","guid":{"rendered":"https:\/\/www.cuballama.com\/noticias\/?p=237448"},"modified":"2026-03-08T08:06:08","modified_gmt":"2026-03-08T12:06:08","slug":"identifican-a-roise-martinez-como-el-segundo-cubano-fallecido-en-mexico-en-un-hecho-que-aun-se-investiga","status":"publish","type":"post","link":"https:\/\/www.cuballama.com\/noticias\/identifican-a-roise-martinez-como-el-segundo-cubano-fallecido-en-mexico-en-un-hecho-que-aun-se-investiga\/","title":{"rendered":"Identifican a Roise Mart\u00ednez como el segundo cubano fallecido en M\u00e9xico en un hecho que a\u00fan se investiga"},"content":{"rendered":"\n<p>Publicaciones que circularon en redes sociales en las \u00faltimas horas permitieron identificar al segundo cubano que habr\u00eda fallecido recientemente en M\u00e9xico junto a Yoanqui Almeida. Se trata de Roise Mart\u00ednez, joven originario de Buena Vista, en el municipio San Luis, provincia de Pinar del R\u00edo, cuyo nombre comenz\u00f3 a aparecer en mensajes de condolencias compartidos por amigos y familiares.<\/p>\n\n\n\n<p>La identificaci\u00f3n surge despu\u00e9s de que, en la nota inicial difundida en redes, solo se hab\u00eda confirmado el nombre de Yoanqui Almeida, mientras se sospechaba que una segunda v\u00edctima tambi\u00e9n era cubana. En aquel momento, los datos disponibles proven\u00edan \u00fanicamente de testimonios en Facebook y no exist\u00edan reportes oficiales que confirmaran las identidades de los fallecidos. <\/p>\n\n\n\n<p>Con el paso de las horas, varias publicaciones comenzaron a mencionar directamente a Roise Mart\u00ednez como la otra persona que muri\u00f3 en el mismo hecho. En uno de esos mensajes, el usuario Abrahan Vegas Prohia escribi\u00f3 en<em><a href=\"https:\/\/www.facebook.com\/100084321936013\/posts\/895915129895877\/?mibextid=rS40aB7S9Ucbxw6v\" target=\"_blank\" rel=\"noreferrer noopener nofollow\"> Facebook<\/a><\/em>: \u201cVuela alto campe\u00f3n, nunca fuiste mala persona ni estuviste en malos pasos, solo estabas en el lugar equivocado. Mis condolencias para la familia de Roise Mart\u00ednez\u201d.<\/p>\n\n\n\n<iframe loading=\"lazy\" src=\"https:\/\/www.facebook.com\/plugins\/post.php?href=https%3A%2F%2Fwww.facebook.com%2Fabrahan.vegas.2025%2Fposts%2Fpfbid02JDoKGXhLJB5whk3FGdQ69kPhJxNn4vU3LM3u8Vqs1jDjYxB9aY91LFZ32HmpQxS5l&#038;show_text=true&#038;width=500\" width=\"500\" height=\"628\" style=\"border:none;overflow:hidden\" scrolling=\"no\" frameborder=\"0\" allowfullscreen=\"true\" allow=\"autoplay; clipboard-write; encrypted-media; picture-in-picture; web-share\"><\/iframe>\n\n\n\n<p>En los comentarios de esa publicaci\u00f3n, varios usuarios confirmaron que se trataba del mismo suceso en el que tambi\u00e9n perdi\u00f3 la vida Yoanqui Almeida. \u201cY a Yoanky tambi\u00e9n\u201d, escribi\u00f3 una internauta, a lo que el propio autor del post respondi\u00f3: \u201cCorrecto\u201d.<\/p>\n\n\n\n<p>La reacci\u00f3n en redes muestra una fuerte conmoci\u00f3n entre personas que aseguran conocer a Mart\u00ednez desde Cuba. Muchos lo describen como \u201cbuen chamaco\u201d, \u201cexcelente persona\u201d o \u201cgran amigo\u201d, mientras otros env\u00edan condolencias a su madre y a la familia que permanece en la isla.<\/p>\n\n\n\n<p>\u201cMi m\u00e1s sentido p\u00e9same para la familia de mi amigo Roise. Que su mam\u00e1 tenga fuerzas para soportar tanto dolor\u201d, escribi\u00f3 uno de los usuarios en la cadena de comentarios. Otra persona a\u00f1adi\u00f3: \u201cNunca te voy a olvidar, campe\u00f3n\u201d.<\/p>\n\n\n\n<p>Los mensajes tambi\u00e9n confirman que tanto Mart\u00ednez como Almeida eran conocidos en la comunidad de Buena Vista, una localidad del municipio San Luis en Pinar del R\u00edo, de donde varios emigrantes han salido en los \u00faltimos a\u00f1os rumbo a M\u00e9xico y Estados Unidos.<\/p>\n\n\n\n<p>Hasta ahora, al igual que ocurri\u00f3 con la identificaci\u00f3n inicial de Yoanqui Almeida, los detalles sobre las circunstancias exactas de las muertes siguen bas\u00e1ndose en testimonios difundidos en redes sociales. En algunos comentarios circula la versi\u00f3n de que ambos habr\u00edan sido asesinados, aunque esa afirmaci\u00f3n no ha sido confirmada por autoridades mexicanas ni por reportes oficiales.<\/p>\n\n\n\n<p>En la nota inicial, amigos de Almeida tambi\u00e9n ped\u00edan ayuda econ\u00f3mica urgente para evitar que su cuerpo fuera enviado a una fosa com\u00fan en M\u00e9xico, lo que moviliz\u00f3 a varios conocidos que comenzaron a compartir informaci\u00f3n y mensajes de apoyo.<\/p>\n\n\n\n<p>Con la identificaci\u00f3n de Roise Mart\u00ednez como la segunda v\u00edctima, el caso ha generado a\u00fan m\u00e1s impacto entre pinare\u00f1os dentro y fuera de Cuba, donde amigos y familiares siguen compartiendo mensajes de duelo y tratando de esclarecer lo ocurrido.<\/p>\n\n\n\n<p><strong>noticia relacionada: <a href=\"https:\/\/www.cuballama.com\/noticias\/identificado-yoanqui-almeida-como-uno-de-los-dos-cubanos-fallecidos-ayer-en-mexico\/\" target=\"_blank\" rel=\"noreferrer noopener\">Identificado Yoanqui Almeida como uno de los dos cubanos fallecidos ayer en M\u00e9xico<\/a><br><\/strong><br><\/p>\n","protected":false},"excerpt":{"rendered":"<p>Roise Mart\u00ednez fue identificado en redes sociales como el segundo cubano fallecido en M\u00e9xico junto a Yoanqui Almeida, ambos de Buena Vista, Pinar del R\u00edo.<\/p>\n","protected":false},"author":13,"featured_media":237451,"comment_status":"open","ping_status":"closed","sticky":false,"template":"","format":"standard","meta":{"_acf_changed":false,"footnotes":""},"categories":[18,955,957],"tags":[317,4523,30912,600,1503,30913,30087,30914,30863],"class_list":{"0":"post-237448","1":"post","2":"type-post","3":"status-publish","4":"format-standard","5":"has-post-thumbnail","7":"category-noticias","8":"category-noticias-de-cuba","9":"category-noticias-internacionales","10":"tag-buena-vista","11":"tag-cubanos-en-mexico","12":"tag-cubanos-muertos-en-mexico","13":"tag-migrantes-cubanos","14":"tag-pinar-del-rio","15":"tag-roise-martinez","16":"tag-san-luis","17":"tag-tragedia-migratoria","18":"tag-yoanqui-almeida"},"acf":[],"yoast_head":"<!-- This site is optimized with the Yoast SEO plugin v27.4 - https:\/\/yoast.com\/product\/yoast-seo-wordpress\/ -->\n<title>Identifican a Roise Mart\u00ednez como el segundo cubano fallecido en M\u00e9xico en un hecho que a\u00fan se investiga - Cuballama Noticias<\/title>\n<meta name=\"description\" content=\"Identifican a Roise Mart\u00ednez como el segundo cubano muerto en M\u00e9xico junto a Yoanqui Almeida, ambos de Buena Vista, Pinar del R\u00edo.\" \/>\n<meta name=\"robots\" content=\"index, follow, max-snippet:-1, max-image-preview:large, max-video-preview:-1\" \/>\n<link rel=\"canonical\" href=\"https:\/\/www.cuballama.com\/noticias\/identifican-a-roise-martinez-como-el-segundo-cubano-fallecido-en-mexico-en-un-hecho-que-aun-se-investiga\/\" \/>\n<meta property=\"og:locale\" content=\"es_ES\" \/>\n<meta property=\"og:type\" content=\"article\" \/>\n<meta property=\"og:title\" content=\"Identifican a Roise Mart\u00ednez como el segundo cubano fallecido en M\u00e9xico en un hecho que a\u00fan se investiga - Cuballama Noticias\" \/>\n<meta property=\"og:description\" content=\"Identifican a Roise Mart\u00ednez como el segundo cubano muerto en M\u00e9xico junto a Yoanqui Almeida, ambos de Buena Vista, Pinar del R\u00edo.\" \/>\n<meta property=\"og:url\" content=\"https:\/\/www.cuballama.com\/noticias\/identifican-a-roise-martinez-como-el-segundo-cubano-fallecido-en-mexico-en-un-hecho-que-aun-se-investiga\/\" \/>\n<meta property=\"og:site_name\" content=\"Cuballama Noticias\" \/>\n<meta property=\"article:publisher\" content=\"https:\/\/www.facebook.com\/CubaLlama\" \/>\n<meta property=\"article:published_time\" content=\"2026-03-08T12:06:05+00:00\" \/>\n<meta property=\"article:modified_time\" content=\"2026-03-08T12:06:08+00:00\" \/>\n<meta property=\"og:image\" content=\"https:\/\/cdn1.mediawpaccore.net\/wp-content\/uploads\/2026\/03\/07024902\/image-29.png\" \/>\n\t<meta property=\"og:image:width\" content=\"1956\" \/>\n\t<meta property=\"og:image:height\" content=\"1036\" \/>\n\t<meta property=\"og:image:type\" content=\"image\/png\" \/>\n<meta name=\"author\" content=\"Roberto A.\" \/>\n<meta name=\"twitter:card\" content=\"summary_large_image\" \/>\n<meta name=\"twitter:creator\" content=\"@cuballama\" \/>\n<meta name=\"twitter:site\" content=\"@cuballama\" \/>\n<meta name=\"twitter:label1\" content=\"Escrito por\" \/>\n\t<meta name=\"twitter:data1\" content=\"Roberto A.\" \/>\n\t<meta name=\"twitter:label2\" content=\"Tiempo de lectura\" \/>\n\t<meta name=\"twitter:data2\" content=\"3 minutos\" \/>\n<script type=\"application\/ld+json\" class=\"yoast-schema-graph\">{\"@context\":\"https:\\\/\\\/schema.org\",\"@graph\":[{\"@type\":\"Article\",\"@id\":\"https:\\\/\\\/www.cuballama.com\\\/noticias\\\/identifican-a-roise-martinez-como-el-segundo-cubano-fallecido-en-mexico-en-un-hecho-que-aun-se-investiga\\\/#article\",\"isPartOf\":{\"@id\":\"https:\\\/\\\/www.cuballama.com\\\/noticias\\\/identifican-a-roise-martinez-como-el-segundo-cubano-fallecido-en-mexico-en-un-hecho-que-aun-se-investiga\\\/\"},\"author\":{\"name\":\"Roberto A.\",\"@id\":\"https:\\\/\\\/www.cuballama.com\\\/noticias\\\/#\\\/schema\\\/person\\\/a58502ed4146c8e9f83872e897c76cd2\"},\"headline\":\"Identifican a Roise Mart\u00ednez como el segundo cubano fallecido en M\u00e9xico en un hecho que a\u00fan se investiga\",\"datePublished\":\"2026-03-08T12:06:05+00:00\",\"dateModified\":\"2026-03-08T12:06:08+00:00\",\"mainEntityOfPage\":{\"@id\":\"https:\\\/\\\/www.cuballama.com\\\/noticias\\\/identifican-a-roise-martinez-como-el-segundo-cubano-fallecido-en-mexico-en-un-hecho-que-aun-se-investiga\\\/\"},\"wordCount\":565,\"commentCount\":0,\"publisher\":{\"@id\":\"https:\\\/\\\/www.cuballama.com\\\/noticias\\\/#organization\"},\"image\":{\"@id\":\"https:\\\/\\\/www.cuballama.com\\\/noticias\\\/identifican-a-roise-martinez-como-el-segundo-cubano-fallecido-en-mexico-en-un-hecho-que-aun-se-investiga\\\/#primaryimage\"},\"thumbnailUrl\":\"https:\\\/\\\/cdn1.mediawpaccore.net\\\/wp-content\\\/uploads\\\/2026\\\/03\\\/07024902\\\/image-29.png\",\"keywords\":[\"Buena Vista\",\"Cubanos en M\u00e9xico\",\"cubanos muertos en M\u00e9xico\",\"Migrantes cubanos\",\"Pinar del R\u00edo\",\"Roise Mart\u00ednez\",\"San Luis\",\"tragedia migratoria\",\"Yoanqui Almeida\"],\"articleSection\":[\"Noticias\",\"Noticias de Cuba\",\"Noticias Internacionales\"],\"inLanguage\":\"es\",\"potentialAction\":[{\"@type\":\"CommentAction\",\"name\":\"Comment\",\"target\":[\"https:\\\/\\\/www.cuballama.com\\\/noticias\\\/identifican-a-roise-martinez-como-el-segundo-cubano-fallecido-en-mexico-en-un-hecho-que-aun-se-investiga\\\/#respond\"]}]},{\"@type\":\"WebPage\",\"@id\":\"https:\\\/\\\/www.cuballama.com\\\/noticias\\\/identifican-a-roise-martinez-como-el-segundo-cubano-fallecido-en-mexico-en-un-hecho-que-aun-se-investiga\\\/\",\"url\":\"https:\\\/\\\/www.cuballama.com\\\/noticias\\\/identifican-a-roise-martinez-como-el-segundo-cubano-fallecido-en-mexico-en-un-hecho-que-aun-se-investiga\\\/\",\"name\":\"Identifican a Roise Mart\u00ednez como el segundo cubano fallecido en M\u00e9xico en un hecho que a\u00fan se investiga - Cuballama Noticias\",\"isPartOf\":{\"@id\":\"https:\\\/\\\/www.cuballama.com\\\/noticias\\\/#website\"},\"primaryImageOfPage\":{\"@id\":\"https:\\\/\\\/www.cuballama.com\\\/noticias\\\/identifican-a-roise-martinez-como-el-segundo-cubano-fallecido-en-mexico-en-un-hecho-que-aun-se-investiga\\\/#primaryimage\"},\"image\":{\"@id\":\"https:\\\/\\\/www.cuballama.com\\\/noticias\\\/identifican-a-roise-martinez-como-el-segundo-cubano-fallecido-en-mexico-en-un-hecho-que-aun-se-investiga\\\/#primaryimage\"},\"thumbnailUrl\":\"https:\\\/\\\/cdn1.mediawpaccore.net\\\/wp-content\\\/uploads\\\/2026\\\/03\\\/07024902\\\/image-29.png\",\"datePublished\":\"2026-03-08T12:06:05+00:00\",\"dateModified\":\"2026-03-08T12:06:08+00:00\",\"description\":\"Identifican a Roise Mart\u00ednez como el segundo cubano muerto en M\u00e9xico junto a Yoanqui Almeida, ambos de Buena Vista, Pinar del R\u00edo.\",\"breadcrumb\":{\"@id\":\"https:\\\/\\\/www.cuballama.com\\\/noticias\\\/identifican-a-roise-martinez-como-el-segundo-cubano-fallecido-en-mexico-en-un-hecho-que-aun-se-investiga\\\/#breadcrumb\"},\"inLanguage\":\"es\",\"potentialAction\":[{\"@type\":\"ReadAction\",\"target\":[\"https:\\\/\\\/www.cuballama.com\\\/noticias\\\/identifican-a-roise-martinez-como-el-segundo-cubano-fallecido-en-mexico-en-un-hecho-que-aun-se-investiga\\\/\"]}]},{\"@type\":\"ImageObject\",\"inLanguage\":\"es\",\"@id\":\"https:\\\/\\\/www.cuballama.com\\\/noticias\\\/identifican-a-roise-martinez-como-el-segundo-cubano-fallecido-en-mexico-en-un-hecho-que-aun-se-investiga\\\/#primaryimage\",\"url\":\"https:\\\/\\\/cdn1.mediawpaccore.net\\\/wp-content\\\/uploads\\\/2026\\\/03\\\/07024902\\\/image-29.png\",\"contentUrl\":\"https:\\\/\\\/cdn1.mediawpaccore.net\\\/wp-content\\\/uploads\\\/2026\\\/03\\\/07024902\\\/image-29.png\",\"width\":1956,\"height\":1036,\"caption\":\"Con la identificaci\u00f3n de Roise Mart\u00ednez, se cierra la b\u00fasqueda de los nombres de dos cubanos asesinados en M\u00e9xico hace cuesti\u00f3n de 72 horas. Foto v\u00eda Roise Mart\u00ednez \\\/ TikTok\"},{\"@type\":\"BreadcrumbList\",\"@id\":\"https:\\\/\\\/www.cuballama.com\\\/noticias\\\/identifican-a-roise-martinez-como-el-segundo-cubano-fallecido-en-mexico-en-un-hecho-que-aun-se-investiga\\\/#breadcrumb\",\"itemListElement\":[{\"@type\":\"ListItem\",\"position\":1,\"name\":\"Home\",\"item\":\"https:\\\/\\\/www.cuballama.com\\\/noticias\\\/\"},{\"@type\":\"ListItem\",\"position\":2,\"name\":\"Identifican a Roise Mart\u00ednez como el segundo cubano fallecido en M\u00e9xico en un hecho que a\u00fan se investiga\"}]},{\"@type\":\"WebSite\",\"@id\":\"https:\\\/\\\/www.cuballama.com\\\/noticias\\\/#website\",\"url\":\"https:\\\/\\\/www.cuballama.com\\\/noticias\\\/\",\"name\":\"Cuballama Noticias\",\"description\":\"Medio digital sobre Cuba y el mundo\",\"publisher\":{\"@id\":\"https:\\\/\\\/www.cuballama.com\\\/noticias\\\/#organization\"},\"potentialAction\":[{\"@type\":\"SearchAction\",\"target\":{\"@type\":\"EntryPoint\",\"urlTemplate\":\"https:\\\/\\\/www.cuballama.com\\\/noticias\\\/?s={search_term_string}\"},\"query-input\":{\"@type\":\"PropertyValueSpecification\",\"valueRequired\":true,\"valueName\":\"search_term_string\"}}],\"inLanguage\":\"es\"},{\"@type\":\"Organization\",\"@id\":\"https:\\\/\\\/www.cuballama.com\\\/noticias\\\/#organization\",\"name\":\"Cuballama\",\"url\":\"https:\\\/\\\/www.cuballama.com\\\/noticias\\\/\",\"logo\":{\"@type\":\"ImageObject\",\"inLanguage\":\"es\",\"@id\":\"https:\\\/\\\/www.cuballama.com\\\/noticias\\\/#\\\/schema\\\/logo\\\/image\\\/\",\"url\":\"https:\\\/\\\/cdn1.mediawpaccore.net\\\/wp-content\\\/uploads\\\/2021\\\/12\\\/28171206\\\/cbll-logo-color-sm.png\",\"contentUrl\":\"https:\\\/\\\/cdn1.mediawpaccore.net\\\/wp-content\\\/uploads\\\/2021\\\/12\\\/28171206\\\/cbll-logo-color-sm.png\",\"width\":600,\"height\":133,\"caption\":\"Cuballama\"},\"image\":{\"@id\":\"https:\\\/\\\/www.cuballama.com\\\/noticias\\\/#\\\/schema\\\/logo\\\/image\\\/\"},\"sameAs\":[\"https:\\\/\\\/www.facebook.com\\\/CubaLlama\",\"https:\\\/\\\/x.com\\\/cuballama\",\"https:\\\/\\\/www.instagram.com\\\/stories\\\/cuballama_oficial\\\/\",\"https:\\\/\\\/www.youtube.com\\\/channel\\\/UCKkFE-d_axENGZcrc4as0IA\"]},{\"@type\":\"Person\",\"@id\":\"https:\\\/\\\/www.cuballama.com\\\/noticias\\\/#\\\/schema\\\/person\\\/a58502ed4146c8e9f83872e897c76cd2\",\"name\":\"Roberto A.\",\"description\":\"Roberto A. Periodista por decisi\u00f3n propia. Interesado en cualquier tema que me apasione y cada vez m\u00e1s comprometido con la verdad y la objetividad period\u00edstica. Graduado en La Habana hace ya muchos a\u00f1os, luego de una accidentada y polvorienta b\u00fasqueda de informaci\u00f3n sobre un tema in\u00e9dito. La Tesis, por cierto, desapareci\u00f3 de la biblioteca y no se conservan copias de la misma.\",\"url\":\"https:\\\/\\\/www.cuballama.com\\\/noticias\\\/author\\\/roberto\\\/\"}]}<\/script>\n<!-- \/ Yoast SEO plugin. -->","yoast_head_json":{"title":"Identifican a Roise Mart\u00ednez como el segundo cubano fallecido en M\u00e9xico en un hecho que a\u00fan se investiga - Cuballama Noticias","description":"Identifican a Roise Mart\u00ednez como el segundo cubano muerto en M\u00e9xico junto a Yoanqui Almeida, ambos de Buena Vista, Pinar del R\u00edo.","robots":{"index":"index","follow":"follow","max-snippet":"max-snippet:-1","max-image-preview":"max-image-preview:large","max-video-preview":"max-video-preview:-1"},"canonical":"https:\/\/www.cuballama.com\/noticias\/identifican-a-roise-martinez-como-el-segundo-cubano-fallecido-en-mexico-en-un-hecho-que-aun-se-investiga\/","og_locale":"es_ES","og_type":"article","og_title":"Identifican a Roise Mart\u00ednez como el segundo cubano fallecido en M\u00e9xico en un hecho que a\u00fan se investiga - Cuballama Noticias","og_description":"Identifican a Roise Mart\u00ednez como el segundo cubano muerto en M\u00e9xico junto a Yoanqui Almeida, ambos de Buena Vista, Pinar del R\u00edo.","og_url":"https:\/\/www.cuballama.com\/noticias\/identifican-a-roise-martinez-como-el-segundo-cubano-fallecido-en-mexico-en-un-hecho-que-aun-se-investiga\/","og_site_name":"Cuballama Noticias","article_publisher":"https:\/\/www.facebook.com\/CubaLlama","article_published_time":"2026-03-08T12:06:05+00:00","article_modified_time":"2026-03-08T12:06:08+00:00","og_image":[{"width":1956,"height":1036,"url":"https:\/\/cdn1.mediawpaccore.net\/wp-content\/uploads\/2026\/03\/07024902\/image-29.png","type":"image\/png"}],"author":"Roberto A.","twitter_card":"summary_large_image","twitter_creator":"@cuballama","twitter_site":"@cuballama","twitter_misc":{"Escrito por":"Roberto A.","Tiempo de lectura":"3 minutos"},"schema":{"@context":"https:\/\/schema.org","@graph":[{"@type":"Article","@id":"https:\/\/www.cuballama.com\/noticias\/identifican-a-roise-martinez-como-el-segundo-cubano-fallecido-en-mexico-en-un-hecho-que-aun-se-investiga\/#article","isPartOf":{"@id":"https:\/\/www.cuballama.com\/noticias\/identifican-a-roise-martinez-como-el-segundo-cubano-fallecido-en-mexico-en-un-hecho-que-aun-se-investiga\/"},"author":{"name":"Roberto A.","@id":"https:\/\/www.cuballama.com\/noticias\/#\/schema\/person\/a58502ed4146c8e9f83872e897c76cd2"},"headline":"Identifican a Roise Mart\u00ednez como el segundo cubano fallecido en M\u00e9xico en un hecho que a\u00fan se investiga","datePublished":"2026-03-08T12:06:05+00:00","dateModified":"2026-03-08T12:06:08+00:00","mainEntityOfPage":{"@id":"https:\/\/www.cuballama.com\/noticias\/identifican-a-roise-martinez-como-el-segundo-cubano-fallecido-en-mexico-en-un-hecho-que-aun-se-investiga\/"},"wordCount":565,"commentCount":0,"publisher":{"@id":"https:\/\/www.cuballama.com\/noticias\/#organization"},"image":{"@id":"https:\/\/www.cuballama.com\/noticias\/identifican-a-roise-martinez-como-el-segundo-cubano-fallecido-en-mexico-en-un-hecho-que-aun-se-investiga\/#primaryimage"},"thumbnailUrl":"https:\/\/cdn1.mediawpaccore.net\/wp-content\/uploads\/2026\/03\/07024902\/image-29.png","keywords":["Buena Vista","Cubanos en M\u00e9xico","cubanos muertos en M\u00e9xico","Migrantes cubanos","Pinar del R\u00edo","Roise Mart\u00ednez","San Luis","tragedia migratoria","Yoanqui Almeida"],"articleSection":["Noticias","Noticias de Cuba","Noticias Internacionales"],"inLanguage":"es","potentialAction":[{"@type":"CommentAction","name":"Comment","target":["https:\/\/www.cuballama.com\/noticias\/identifican-a-roise-martinez-como-el-segundo-cubano-fallecido-en-mexico-en-un-hecho-que-aun-se-investiga\/#respond"]}]},{"@type":"WebPage","@id":"https:\/\/www.cuballama.com\/noticias\/identifican-a-roise-martinez-como-el-segundo-cubano-fallecido-en-mexico-en-un-hecho-que-aun-se-investiga\/","url":"https:\/\/www.cuballama.com\/noticias\/identifican-a-roise-martinez-como-el-segundo-cubano-fallecido-en-mexico-en-un-hecho-que-aun-se-investiga\/","name":"Identifican a Roise Mart\u00ednez como el segundo cubano fallecido en M\u00e9xico en un hecho que a\u00fan se investiga - Cuballama Noticias","isPartOf":{"@id":"https:\/\/www.cuballama.com\/noticias\/#website"},"primaryImageOfPage":{"@id":"https:\/\/www.cuballama.com\/noticias\/identifican-a-roise-martinez-como-el-segundo-cubano-fallecido-en-mexico-en-un-hecho-que-aun-se-investiga\/#primaryimage"},"image":{"@id":"https:\/\/www.cuballama.com\/noticias\/identifican-a-roise-martinez-como-el-segundo-cubano-fallecido-en-mexico-en-un-hecho-que-aun-se-investiga\/#primaryimage"},"thumbnailUrl":"https:\/\/cdn1.mediawpaccore.net\/wp-content\/uploads\/2026\/03\/07024902\/image-29.png","datePublished":"2026-03-08T12:06:05+00:00","dateModified":"2026-03-08T12:06:08+00:00","description":"Identifican a Roise Mart\u00ednez como el segundo cubano muerto en M\u00e9xico junto a Yoanqui Almeida, ambos de Buena Vista, Pinar del R\u00edo.","breadcrumb":{"@id":"https:\/\/www.cuballama.com\/noticias\/identifican-a-roise-martinez-como-el-segundo-cubano-fallecido-en-mexico-en-un-hecho-que-aun-se-investiga\/#breadcrumb"},"inLanguage":"es","potentialAction":[{"@type":"ReadAction","target":["https:\/\/www.cuballama.com\/noticias\/identifican-a-roise-martinez-como-el-segundo-cubano-fallecido-en-mexico-en-un-hecho-que-aun-se-investiga\/"]}]},{"@type":"ImageObject","inLanguage":"es","@id":"https:\/\/www.cuballama.com\/noticias\/identifican-a-roise-martinez-como-el-segundo-cubano-fallecido-en-mexico-en-un-hecho-que-aun-se-investiga\/#primaryimage","url":"https:\/\/cdn1.mediawpaccore.net\/wp-content\/uploads\/2026\/03\/07024902\/image-29.png","contentUrl":"https:\/\/cdn1.mediawpaccore.net\/wp-content\/uploads\/2026\/03\/07024902\/image-29.png","width":1956,"height":1036,"caption":"Con la identificaci\u00f3n de Roise Mart\u00ednez, se cierra la b\u00fasqueda de los nombres de dos cubanos asesinados en M\u00e9xico hace cuesti\u00f3n de 72 horas. Foto v\u00eda Roise Mart\u00ednez \/ TikTok"},{"@type":"BreadcrumbList","@id":"https:\/\/www.cuballama.com\/noticias\/identifican-a-roise-martinez-como-el-segundo-cubano-fallecido-en-mexico-en-un-hecho-que-aun-se-investiga\/#breadcrumb","itemListElement":[{"@type":"ListItem","position":1,"name":"Home","item":"https:\/\/www.cuballama.com\/noticias\/"},{"@type":"ListItem","position":2,"name":"Identifican a Roise Mart\u00ednez como el segundo cubano fallecido en M\u00e9xico en un hecho que a\u00fan se investiga"}]},{"@type":"WebSite","@id":"https:\/\/www.cuballama.com\/noticias\/#website","url":"https:\/\/www.cuballama.com\/noticias\/","name":"Cuballama Noticias","description":"Medio digital sobre Cuba y el mundo","publisher":{"@id":"https:\/\/www.cuballama.com\/noticias\/#organization"},"potentialAction":[{"@type":"SearchAction","target":{"@type":"EntryPoint","urlTemplate":"https:\/\/www.cuballama.com\/noticias\/?s={search_term_string}"},"query-input":{"@type":"PropertyValueSpecification","valueRequired":true,"valueName":"search_term_string"}}],"inLanguage":"es"},{"@type":"Organization","@id":"https:\/\/www.cuballama.com\/noticias\/#organization","name":"Cuballama","url":"https:\/\/www.cuballama.com\/noticias\/","logo":{"@type":"ImageObject","inLanguage":"es","@id":"https:\/\/www.cuballama.com\/noticias\/#\/schema\/logo\/image\/","url":"https:\/\/cdn1.mediawpaccore.net\/wp-content\/uploads\/2021\/12\/28171206\/cbll-logo-color-sm.png","contentUrl":"https:\/\/cdn1.mediawpaccore.net\/wp-content\/uploads\/2021\/12\/28171206\/cbll-logo-color-sm.png","width":600,"height":133,"caption":"Cuballama"},"image":{"@id":"https:\/\/www.cuballama.com\/noticias\/#\/schema\/logo\/image\/"},"sameAs":["https:\/\/www.facebook.com\/CubaLlama","https:\/\/x.com\/cuballama","https:\/\/www.instagram.com\/stories\/cuballama_oficial\/","https:\/\/www.youtube.com\/channel\/UCKkFE-d_axENGZcrc4as0IA"]},{"@type":"Person","@id":"https:\/\/www.cuballama.com\/noticias\/#\/schema\/person\/a58502ed4146c8e9f83872e897c76cd2","name":"Roberto A.","description":"Roberto A. Periodista por decisi\u00f3n propia. Interesado en cualquier tema que me apasione y cada vez m\u00e1s comprometido con la verdad y la objetividad period\u00edstica. Graduado en La Habana hace ya muchos a\u00f1os, luego de una accidentada y polvorienta b\u00fasqueda de informaci\u00f3n sobre un tema in\u00e9dito. La Tesis, por cierto, desapareci\u00f3 de la biblioteca y no se conservan copias de la misma.","url":"https:\/\/www.cuballama.com\/noticias\/author\/roberto\/"}]}},"_links":{"self":[{"href":"https:\/\/www.cuballama.com\/noticias\/wp-json\/wp\/v2\/posts\/237448","targetHints":{"allow":["GET"]}}],"collection":[{"href":"https:\/\/www.cuballama.com\/noticias\/wp-json\/wp\/v2\/posts"}],"about":[{"href":"https:\/\/www.cuballama.com\/noticias\/wp-json\/wp\/v2\/types\/post"}],"author":[{"embeddable":true,"href":"https:\/\/www.cuballama.com\/noticias\/wp-json\/wp\/v2\/users\/13"}],"replies":[{"embeddable":true,"href":"https:\/\/www.cuballama.com\/noticias\/wp-json\/wp\/v2\/comments?post=237448"}],"version-history":[{"count":2,"href":"https:\/\/www.cuballama.com\/noticias\/wp-json\/wp\/v2\/posts\/237448\/revisions"}],"predecessor-version":[{"id":237452,"href":"https:\/\/www.cuballama.com\/noticias\/wp-json\/wp\/v2\/posts\/237448\/revisions\/237452"}],"wp:featuredmedia":[{"embeddable":true,"href":"https:\/\/www.cuballama.com\/noticias\/wp-json\/wp\/v2\/media\/237451"}],"wp:attachment":[{"href":"https:\/\/www.cuballama.com\/noticias\/wp-json\/wp\/v2\/media?parent=237448"}],"wp:term":[{"taxonomy":"category","embeddable":true,"href":"https:\/\/www.cuballama.com\/noticias\/wp-json\/wp\/v2\/categories?post=237448"},{"taxonomy":"post_tag","embeddable":true,"href":"https:\/\/www.cuballama.com\/noticias\/wp-json\/wp\/v2\/tags?post=237448"}],"curies":[{"name":"wp","href":"https:\/\/api.w.org\/{rel}","templated":true}]}}