{"id":237411,"date":"2026-03-06T14:48:24","date_gmt":"2026-03-06T19:48:24","guid":{"rendered":"https:\/\/www.cuballama.com\/noticias\/?p=237411"},"modified":"2026-03-06T15:05:27","modified_gmt":"2026-03-06T20:05:27","slug":"lieter-ledesma-enciende-las-redes-tras-darle-la-espalda-al-team-cuba-por-razones-politicas","status":"publish","type":"post","link":"https:\/\/www.cuballama.com\/noticias\/lieter-ledesma-enciende-las-redes-tras-darle-la-espalda-al-team-cuba-por-razones-politicas\/","title":{"rendered":"Lieter Ledesma enciende las redes tras darle la espalda al team Cuba por razones pol\u00edticas"},"content":{"rendered":"\n<p>El actor y presentador cubanoamericano Lieter Ledesma encendi\u00f3 este jueves las redes sociales con un post dedicado al inicio del Cl\u00e1sico Mundial de B\u00e9isbol 2026, en el que dej\u00f3 claro su apoyo al equipo de Estados Unidos.<\/p>\n\n\n\n<p>\u201cAl igual que en el torneo pasado, el coraz\u00f3n no pacta con la conciencia. \u00bfCubano? S\u00ed. Eso nadie me lo quita, pero tambi\u00e9n, hijo \u2014por decisi\u00f3n y gratitud\u2014 de Estados Unidos. Y ese es el equipo que voy a apoyar\u201d, escribi\u00f3 en la publicaci\u00f3n sobre el evento que desde el mi\u00e9rcoles re\u00fane a la \u00e9lite de la pelota en estadios de Jap\u00f3n, Puerto Rico y Estados Unidos, la cual posteriormente borr\u00f3.<\/p>\n\n\n\n<p>\u201cNo al team \u2018Asere\u2019. No mientras muchos de sus mejores peloteros, hijos libres de esa tierra, no puedan representar a una Cuba diferente: la naci\u00f3n que so\u00f1amos, el pa\u00eds que nos merecemos. No, mientras una dictadura decida qui\u00e9n puede jugar y qui\u00e9n no. Qui\u00e9n es cubano y qui\u00e9n no\u201d, expres\u00f3 al pie de dos fotograf\u00edas en las que hac\u00eda gala de una camiseta de USA personalizada con su apellido, Ledesma, y el n\u00famero 9, aunque con una bandera cubana detr\u00e1s.<\/p>\n\n\n\n<figure class=\"wp-block-image size-large\"><img loading=\"lazy\" decoding=\"async\" width=\"645\" height=\"1024\" src=\"https:\/\/cdn1.mediawpaccore.net\/wp-content\/uploads\/2026\/03\/06144357\/WhatsApp-Image-2026-03-06-at-11.19.03-645x1024.jpeg\" alt=\"\" class=\"wp-image-237416\" srcset=\"https:\/\/cdn1.mediawpaccore.net\/wp-content\/uploads\/2026\/03\/06144357\/WhatsApp-Image-2026-03-06-at-11.19.03-645x1024.jpeg 645w, https:\/\/cdn1.mediawpaccore.net\/wp-content\/uploads\/2026\/03\/06144357\/WhatsApp-Image-2026-03-06-at-11.19.03-189x300.jpeg 189w, https:\/\/cdn1.mediawpaccore.net\/wp-content\/uploads\/2026\/03\/06144357\/WhatsApp-Image-2026-03-06-at-11.19.03-768x1220.jpeg 768w, https:\/\/cdn1.mediawpaccore.net\/wp-content\/uploads\/2026\/03\/06144357\/WhatsApp-Image-2026-03-06-at-11.19.03-967x1536.jpeg 967w, https:\/\/cdn1.mediawpaccore.net\/wp-content\/uploads\/2026\/03\/06144357\/WhatsApp-Image-2026-03-06-at-11.19.03-264x420.jpeg 264w, https:\/\/cdn1.mediawpaccore.net\/wp-content\/uploads\/2026\/03\/06144357\/WhatsApp-Image-2026-03-06-at-11.19.03-150x238.jpeg 150w, https:\/\/cdn1.mediawpaccore.net\/wp-content\/uploads\/2026\/03\/06144357\/WhatsApp-Image-2026-03-06-at-11.19.03-300x477.jpeg 300w, https:\/\/cdn1.mediawpaccore.net\/wp-content\/uploads\/2026\/03\/06144357\/WhatsApp-Image-2026-03-06-at-11.19.03-696x1106.jpeg 696w, https:\/\/cdn1.mediawpaccore.net\/wp-content\/uploads\/2026\/03\/06144357\/WhatsApp-Image-2026-03-06-at-11.19.03-1068x1697.jpeg 1068w, https:\/\/cdn1.mediawpaccore.net\/wp-content\/uploads\/2026\/03\/06144357\/WhatsApp-Image-2026-03-06-at-11.19.03.jpeg 1206w\" sizes=\"auto, (max-width: 645px) 100vw, 645px\" \/><\/figure>\n\n\n\n<p>\u201cMientras haya un pueblo muriendo de hambre para sostener los privilegios de unos pocos, mientras en Cuba no puedan escucharse todas las voces y pague con c\u00e1rcel el pensamiento diferente, este ser\u00e1 mi equipo: team USA. Se acerca el d\u00eda donde volver\u00e9 a gritar con orgullo por un equipo donde quepamos todos\u201d, concluy\u00f3 el joven artista, que lleg\u00f3 a Estados Unidos <a href=\"https:\/\/www.cuballama.com\/noticias\/actor-lieter-ledesma-celebra-una-decada-en-ee-uu-aqui-se-vino-a-trabajar\/?srsltid=AfmBOophSEkS9x-p6TSiK_k-mQQpDaD4doGSAY50mGrD_TGP-0RZr4tC\">hace m\u00e1s de diez a\u00f1os<\/a>.<\/p>\n\n\n\n<p>La opini\u00f3n de Ledesma dividi\u00f3 enseguida a sus miles de seguidores, aunque fueron m\u00e1s los que coincidieron en que no deber\u00eda ligar el deporte con la pol\u00edtica.<\/p>\n\n\n\n<figure class=\"wp-block-image size-large\"><img loading=\"lazy\" decoding=\"async\" width=\"587\" height=\"1024\" src=\"https:\/\/cdn1.mediawpaccore.net\/wp-content\/uploads\/2026\/03\/06144417\/WhatsApp-Image-2026-03-06-at-14.33.39-587x1024.jpeg\" alt=\"\" class=\"wp-image-237417\" srcset=\"https:\/\/cdn1.mediawpaccore.net\/wp-content\/uploads\/2026\/03\/06144417\/WhatsApp-Image-2026-03-06-at-14.33.39-587x1024.jpeg 587w, https:\/\/cdn1.mediawpaccore.net\/wp-content\/uploads\/2026\/03\/06144417\/WhatsApp-Image-2026-03-06-at-14.33.39-172x300.jpeg 172w, https:\/\/cdn1.mediawpaccore.net\/wp-content\/uploads\/2026\/03\/06144417\/WhatsApp-Image-2026-03-06-at-14.33.39-768x1341.jpeg 768w, https:\/\/cdn1.mediawpaccore.net\/wp-content\/uploads\/2026\/03\/06144417\/WhatsApp-Image-2026-03-06-at-14.33.39-880x1536.jpeg 880w, https:\/\/cdn1.mediawpaccore.net\/wp-content\/uploads\/2026\/03\/06144417\/WhatsApp-Image-2026-03-06-at-14.33.39-241x420.jpeg 241w, https:\/\/cdn1.mediawpaccore.net\/wp-content\/uploads\/2026\/03\/06144417\/WhatsApp-Image-2026-03-06-at-14.33.39-150x262.jpeg 150w, https:\/\/cdn1.mediawpaccore.net\/wp-content\/uploads\/2026\/03\/06144417\/WhatsApp-Image-2026-03-06-at-14.33.39-300x524.jpeg 300w, https:\/\/cdn1.mediawpaccore.net\/wp-content\/uploads\/2026\/03\/06144417\/WhatsApp-Image-2026-03-06-at-14.33.39-696x1215.jpeg 696w, https:\/\/cdn1.mediawpaccore.net\/wp-content\/uploads\/2026\/03\/06144417\/WhatsApp-Image-2026-03-06-at-14.33.39-1068x1864.jpeg 1068w, https:\/\/cdn1.mediawpaccore.net\/wp-content\/uploads\/2026\/03\/06144417\/WhatsApp-Image-2026-03-06-at-14.33.39.jpeg 1168w\" sizes=\"auto, (max-width: 587px) 100vw, 587px\" \/><\/figure>\n\n\n\n<p>\u201cLe voy al de las cuatro letras, dondequiera que me encuentre. Aunque no est\u00e9 de acuerdo con esa tiran\u00eda, ese es mi pa\u00eds y esa es mi bandera. Las palabras suyas tendr\u00edan m\u00e1s valor si las hubiera dicho en Cuba y no desde la comodidad de lejos. Por eso no le creo. Su equipo no se llama USA se llama conveniencia\u201d, fue una de las duras cr\u00edticas que recibi\u00f3.<\/p>\n\n\n\n<p>Cabe recordar que recientemente Ledesma respondi\u00f3 <a href=\"https:\/\/www.cuballama.com\/noticias\/lieter-ledesma-reacciona-a-criticas-por-cruce-con-zajaris-me-han-dicho-hasta-que-no-merezco-estar-en-este-pais\/?srsltid=AfmBOop6wjkrT0U7ij_k39b3NdLLZUfQo1XQdjKAgA9zEb9_HBHMrZSS\">p\u00fablicamente<\/a> a la ola de cr\u00edticas que recibi\u00f3 tras el tenso intercambio que protagoniz\u00f3 con la actriz Zajaris Fern\u00e1ndez durante el espacio de entrevistas que conduce en el canal de La Familia Cubana.&nbsp;<\/p>\n\n\n\n<p>Despu\u00e9s de recibir incluso amenazas de muerte por sus comentarios, el actor explic\u00f3 que su intenci\u00f3n no fue negar las dif\u00edciles condiciones pol\u00edticas y econ\u00f3micas de la isla, sino matizar que la decisi\u00f3n de emigrar puede responder a m\u00faltiples razones.<\/p>\n\n\n\n<p><\/p>\n","protected":false},"excerpt":{"rendered":"<p>El actor despert\u00f3 pol\u00e9mica con un post dedicado al inicio del Cl\u00e1sico Mundial de B\u00e9isbol 2026.<\/p>\n","protected":false},"author":30,"featured_media":237413,"comment_status":"open","ping_status":"closed","sticky":false,"template":"","format":"standard","meta":{"_acf_changed":false,"footnotes":""},"categories":[443,18],"tags":[12851,11050,941,10032,15574,30907],"class_list":{"0":"post-237411","1":"post","2":"type-post","3":"status-publish","4":"format-standard","5":"has-post-thumbnail","7":"category-farandula","8":"category-noticias","9":"tag-clasico-mundial-de-beisbol","10":"tag-cubanos-en-miami","11":"tag-destacado","12":"tag-lieter-ledesma","13":"tag-team-cuba","14":"tag-team-usa"},"acf":[],"yoast_head":"<!-- This site is optimized with the Yoast SEO plugin v27.4 - https:\/\/yoast.com\/product\/yoast-seo-wordpress\/ -->\n<title>Lieter Ledesma enciende las redes tras darle la espalda al team Cuba por razones pol\u00edticas - Cuballama Noticias<\/title>\n<meta name=\"description\" content=\"El actor y presentador cubano Lieter Ledesma encendi\u00f3 este jueves las redes sociales con un post sobre el Cl\u00e1sico Mundial de B\u00e9isbol 2026.\" \/>\n<meta name=\"robots\" content=\"index, follow, max-snippet:-1, max-image-preview:large, max-video-preview:-1\" \/>\n<link rel=\"canonical\" href=\"https:\/\/www.cuballama.com\/noticias\/lieter-ledesma-enciende-las-redes-tras-darle-la-espalda-al-team-cuba-por-razones-politicas\/\" \/>\n<meta property=\"og:locale\" content=\"es_ES\" \/>\n<meta property=\"og:type\" content=\"article\" \/>\n<meta property=\"og:title\" content=\"Lieter Ledesma enciende las redes tras darle la espalda al team Cuba por razones pol\u00edticas - Cuballama Noticias\" \/>\n<meta property=\"og:description\" content=\"El actor y presentador cubano Lieter Ledesma encendi\u00f3 este jueves las redes sociales con un post sobre el Cl\u00e1sico Mundial de B\u00e9isbol 2026.\" \/>\n<meta property=\"og:url\" content=\"https:\/\/www.cuballama.com\/noticias\/lieter-ledesma-enciende-las-redes-tras-darle-la-espalda-al-team-cuba-por-razones-politicas\/\" \/>\n<meta property=\"og:site_name\" content=\"Cuballama Noticias\" \/>\n<meta property=\"article:publisher\" content=\"https:\/\/www.facebook.com\/CubaLlama\" \/>\n<meta property=\"article:published_time\" content=\"2026-03-06T19:48:24+00:00\" \/>\n<meta property=\"article:modified_time\" content=\"2026-03-06T20:05:27+00:00\" \/>\n<meta property=\"og:image\" content=\"https:\/\/cdn1.mediawpaccore.net\/wp-content\/uploads\/2026\/03\/06111823\/Captura-de-pantalla_6-3-2026_111211_www.instagram.com_.jpg\" \/>\n\t<meta property=\"og:image:width\" content=\"1200\" \/>\n\t<meta property=\"og:image:height\" content=\"630\" \/>\n\t<meta property=\"og:image:type\" content=\"image\/jpeg\" \/>\n<meta name=\"author\" content=\"Kathy\" \/>\n<meta name=\"twitter:card\" content=\"summary_large_image\" \/>\n<meta name=\"twitter:creator\" content=\"@cuballama\" \/>\n<meta name=\"twitter:site\" content=\"@cuballama\" \/>\n<meta name=\"twitter:label1\" content=\"Escrito por\" \/>\n\t<meta name=\"twitter:data1\" content=\"Kathy\" \/>\n\t<meta name=\"twitter:label2\" content=\"Tiempo de lectura\" \/>\n\t<meta name=\"twitter:data2\" content=\"3 minutos\" \/>\n<script type=\"application\/ld+json\" class=\"yoast-schema-graph\">{\"@context\":\"https:\\\/\\\/schema.org\",\"@graph\":[{\"@type\":\"Article\",\"@id\":\"https:\\\/\\\/www.cuballama.com\\\/noticias\\\/lieter-ledesma-enciende-las-redes-tras-darle-la-espalda-al-team-cuba-por-razones-politicas\\\/#article\",\"isPartOf\":{\"@id\":\"https:\\\/\\\/www.cuballama.com\\\/noticias\\\/lieter-ledesma-enciende-las-redes-tras-darle-la-espalda-al-team-cuba-por-razones-politicas\\\/\"},\"author\":{\"name\":\"Kathy\",\"@id\":\"https:\\\/\\\/www.cuballama.com\\\/noticias\\\/#\\\/schema\\\/person\\\/86cd3e3f4974437f031211213bf892d5\"},\"headline\":\"Lieter Ledesma enciende las redes tras darle la espalda al team Cuba por razones pol\u00edticas\",\"datePublished\":\"2026-03-06T19:48:24+00:00\",\"dateModified\":\"2026-03-06T20:05:27+00:00\",\"mainEntityOfPage\":{\"@id\":\"https:\\\/\\\/www.cuballama.com\\\/noticias\\\/lieter-ledesma-enciende-las-redes-tras-darle-la-espalda-al-team-cuba-por-razones-politicas\\\/\"},\"wordCount\":487,\"commentCount\":0,\"publisher\":{\"@id\":\"https:\\\/\\\/www.cuballama.com\\\/noticias\\\/#organization\"},\"image\":{\"@id\":\"https:\\\/\\\/www.cuballama.com\\\/noticias\\\/lieter-ledesma-enciende-las-redes-tras-darle-la-espalda-al-team-cuba-por-razones-politicas\\\/#primaryimage\"},\"thumbnailUrl\":\"https:\\\/\\\/cdn1.mediawpaccore.net\\\/wp-content\\\/uploads\\\/2026\\\/03\\\/06111823\\\/Captura-de-pantalla_6-3-2026_111211_www.instagram.com_.jpg\",\"keywords\":[\"Cl\u00e1sico Mundial de B\u00e9isbol\",\"cubanos en Miami\",\"destacado\",\"Lieter Ledesma\",\"Team Cuba\",\"Team USA\"],\"articleSection\":[\"Far\u00e1ndula\",\"Noticias\"],\"inLanguage\":\"es\",\"potentialAction\":[{\"@type\":\"CommentAction\",\"name\":\"Comment\",\"target\":[\"https:\\\/\\\/www.cuballama.com\\\/noticias\\\/lieter-ledesma-enciende-las-redes-tras-darle-la-espalda-al-team-cuba-por-razones-politicas\\\/#respond\"]}]},{\"@type\":\"WebPage\",\"@id\":\"https:\\\/\\\/www.cuballama.com\\\/noticias\\\/lieter-ledesma-enciende-las-redes-tras-darle-la-espalda-al-team-cuba-por-razones-politicas\\\/\",\"url\":\"https:\\\/\\\/www.cuballama.com\\\/noticias\\\/lieter-ledesma-enciende-las-redes-tras-darle-la-espalda-al-team-cuba-por-razones-politicas\\\/\",\"name\":\"Lieter Ledesma enciende las redes tras darle la espalda al team Cuba por razones pol\u00edticas - Cuballama Noticias\",\"isPartOf\":{\"@id\":\"https:\\\/\\\/www.cuballama.com\\\/noticias\\\/#website\"},\"primaryImageOfPage\":{\"@id\":\"https:\\\/\\\/www.cuballama.com\\\/noticias\\\/lieter-ledesma-enciende-las-redes-tras-darle-la-espalda-al-team-cuba-por-razones-politicas\\\/#primaryimage\"},\"image\":{\"@id\":\"https:\\\/\\\/www.cuballama.com\\\/noticias\\\/lieter-ledesma-enciende-las-redes-tras-darle-la-espalda-al-team-cuba-por-razones-politicas\\\/#primaryimage\"},\"thumbnailUrl\":\"https:\\\/\\\/cdn1.mediawpaccore.net\\\/wp-content\\\/uploads\\\/2026\\\/03\\\/06111823\\\/Captura-de-pantalla_6-3-2026_111211_www.instagram.com_.jpg\",\"datePublished\":\"2026-03-06T19:48:24+00:00\",\"dateModified\":\"2026-03-06T20:05:27+00:00\",\"description\":\"El actor y presentador cubano Lieter Ledesma encendi\u00f3 este jueves las redes sociales con un post sobre el Cl\u00e1sico Mundial de B\u00e9isbol 2026.\",\"breadcrumb\":{\"@id\":\"https:\\\/\\\/www.cuballama.com\\\/noticias\\\/lieter-ledesma-enciende-las-redes-tras-darle-la-espalda-al-team-cuba-por-razones-politicas\\\/#breadcrumb\"},\"inLanguage\":\"es\",\"potentialAction\":[{\"@type\":\"ReadAction\",\"target\":[\"https:\\\/\\\/www.cuballama.com\\\/noticias\\\/lieter-ledesma-enciende-las-redes-tras-darle-la-espalda-al-team-cuba-por-razones-politicas\\\/\"]}]},{\"@type\":\"ImageObject\",\"inLanguage\":\"es\",\"@id\":\"https:\\\/\\\/www.cuballama.com\\\/noticias\\\/lieter-ledesma-enciende-las-redes-tras-darle-la-espalda-al-team-cuba-por-razones-politicas\\\/#primaryimage\",\"url\":\"https:\\\/\\\/cdn1.mediawpaccore.net\\\/wp-content\\\/uploads\\\/2026\\\/03\\\/06111823\\\/Captura-de-pantalla_6-3-2026_111211_www.instagram.com_.jpg\",\"contentUrl\":\"https:\\\/\\\/cdn1.mediawpaccore.net\\\/wp-content\\\/uploads\\\/2026\\\/03\\\/06111823\\\/Captura-de-pantalla_6-3-2026_111211_www.instagram.com_.jpg\",\"width\":1200,\"height\":630,\"caption\":\"Lieter Ledesma. Foto: Facebook\\\/Lieter Ledesma.\"},{\"@type\":\"BreadcrumbList\",\"@id\":\"https:\\\/\\\/www.cuballama.com\\\/noticias\\\/lieter-ledesma-enciende-las-redes-tras-darle-la-espalda-al-team-cuba-por-razones-politicas\\\/#breadcrumb\",\"itemListElement\":[{\"@type\":\"ListItem\",\"position\":1,\"name\":\"Home\",\"item\":\"https:\\\/\\\/www.cuballama.com\\\/noticias\\\/\"},{\"@type\":\"ListItem\",\"position\":2,\"name\":\"Lieter Ledesma enciende las redes tras darle la espalda al team Cuba por razones pol\u00edticas\"}]},{\"@type\":\"WebSite\",\"@id\":\"https:\\\/\\\/www.cuballama.com\\\/noticias\\\/#website\",\"url\":\"https:\\\/\\\/www.cuballama.com\\\/noticias\\\/\",\"name\":\"Cuballama Noticias\",\"description\":\"Medio digital sobre Cuba y el mundo\",\"publisher\":{\"@id\":\"https:\\\/\\\/www.cuballama.com\\\/noticias\\\/#organization\"},\"potentialAction\":[{\"@type\":\"SearchAction\",\"target\":{\"@type\":\"EntryPoint\",\"urlTemplate\":\"https:\\\/\\\/www.cuballama.com\\\/noticias\\\/?s={search_term_string}\"},\"query-input\":{\"@type\":\"PropertyValueSpecification\",\"valueRequired\":true,\"valueName\":\"search_term_string\"}}],\"inLanguage\":\"es\"},{\"@type\":\"Organization\",\"@id\":\"https:\\\/\\\/www.cuballama.com\\\/noticias\\\/#organization\",\"name\":\"Cuballama\",\"url\":\"https:\\\/\\\/www.cuballama.com\\\/noticias\\\/\",\"logo\":{\"@type\":\"ImageObject\",\"inLanguage\":\"es\",\"@id\":\"https:\\\/\\\/www.cuballama.com\\\/noticias\\\/#\\\/schema\\\/logo\\\/image\\\/\",\"url\":\"https:\\\/\\\/cdn1.mediawpaccore.net\\\/wp-content\\\/uploads\\\/2021\\\/12\\\/28171206\\\/cbll-logo-color-sm.png\",\"contentUrl\":\"https:\\\/\\\/cdn1.mediawpaccore.net\\\/wp-content\\\/uploads\\\/2021\\\/12\\\/28171206\\\/cbll-logo-color-sm.png\",\"width\":600,\"height\":133,\"caption\":\"Cuballama\"},\"image\":{\"@id\":\"https:\\\/\\\/www.cuballama.com\\\/noticias\\\/#\\\/schema\\\/logo\\\/image\\\/\"},\"sameAs\":[\"https:\\\/\\\/www.facebook.com\\\/CubaLlama\",\"https:\\\/\\\/x.com\\\/cuballama\",\"https:\\\/\\\/www.instagram.com\\\/stories\\\/cuballama_oficial\\\/\",\"https:\\\/\\\/www.youtube.com\\\/channel\\\/UCKkFE-d_axENGZcrc4as0IA\"]},{\"@type\":\"Person\",\"@id\":\"https:\\\/\\\/www.cuballama.com\\\/noticias\\\/#\\\/schema\\\/person\\\/86cd3e3f4974437f031211213bf892d5\",\"name\":\"Kathy\",\"url\":\"https:\\\/\\\/www.cuballama.com\\\/noticias\\\/author\\\/kathy\\\/\"}]}<\/script>\n<!-- \/ Yoast SEO plugin. -->","yoast_head_json":{"title":"Lieter Ledesma enciende las redes tras darle la espalda al team Cuba por razones pol\u00edticas - Cuballama Noticias","description":"El actor y presentador cubano Lieter Ledesma encendi\u00f3 este jueves las redes sociales con un post sobre el Cl\u00e1sico Mundial de B\u00e9isbol 2026.","robots":{"index":"index","follow":"follow","max-snippet":"max-snippet:-1","max-image-preview":"max-image-preview:large","max-video-preview":"max-video-preview:-1"},"canonical":"https:\/\/www.cuballama.com\/noticias\/lieter-ledesma-enciende-las-redes-tras-darle-la-espalda-al-team-cuba-por-razones-politicas\/","og_locale":"es_ES","og_type":"article","og_title":"Lieter Ledesma enciende las redes tras darle la espalda al team Cuba por razones pol\u00edticas - Cuballama Noticias","og_description":"El actor y presentador cubano Lieter Ledesma encendi\u00f3 este jueves las redes sociales con un post sobre el Cl\u00e1sico Mundial de B\u00e9isbol 2026.","og_url":"https:\/\/www.cuballama.com\/noticias\/lieter-ledesma-enciende-las-redes-tras-darle-la-espalda-al-team-cuba-por-razones-politicas\/","og_site_name":"Cuballama Noticias","article_publisher":"https:\/\/www.facebook.com\/CubaLlama","article_published_time":"2026-03-06T19:48:24+00:00","article_modified_time":"2026-03-06T20:05:27+00:00","og_image":[{"width":1200,"height":630,"url":"https:\/\/cdn1.mediawpaccore.net\/wp-content\/uploads\/2026\/03\/06111823\/Captura-de-pantalla_6-3-2026_111211_www.instagram.com_.jpg","type":"image\/jpeg"}],"author":"Kathy","twitter_card":"summary_large_image","twitter_creator":"@cuballama","twitter_site":"@cuballama","twitter_misc":{"Escrito por":"Kathy","Tiempo de lectura":"3 minutos"},"schema":{"@context":"https:\/\/schema.org","@graph":[{"@type":"Article","@id":"https:\/\/www.cuballama.com\/noticias\/lieter-ledesma-enciende-las-redes-tras-darle-la-espalda-al-team-cuba-por-razones-politicas\/#article","isPartOf":{"@id":"https:\/\/www.cuballama.com\/noticias\/lieter-ledesma-enciende-las-redes-tras-darle-la-espalda-al-team-cuba-por-razones-politicas\/"},"author":{"name":"Kathy","@id":"https:\/\/www.cuballama.com\/noticias\/#\/schema\/person\/86cd3e3f4974437f031211213bf892d5"},"headline":"Lieter Ledesma enciende las redes tras darle la espalda al team Cuba por razones pol\u00edticas","datePublished":"2026-03-06T19:48:24+00:00","dateModified":"2026-03-06T20:05:27+00:00","mainEntityOfPage":{"@id":"https:\/\/www.cuballama.com\/noticias\/lieter-ledesma-enciende-las-redes-tras-darle-la-espalda-al-team-cuba-por-razones-politicas\/"},"wordCount":487,"commentCount":0,"publisher":{"@id":"https:\/\/www.cuballama.com\/noticias\/#organization"},"image":{"@id":"https:\/\/www.cuballama.com\/noticias\/lieter-ledesma-enciende-las-redes-tras-darle-la-espalda-al-team-cuba-por-razones-politicas\/#primaryimage"},"thumbnailUrl":"https:\/\/cdn1.mediawpaccore.net\/wp-content\/uploads\/2026\/03\/06111823\/Captura-de-pantalla_6-3-2026_111211_www.instagram.com_.jpg","keywords":["Cl\u00e1sico Mundial de B\u00e9isbol","cubanos en Miami","destacado","Lieter Ledesma","Team Cuba","Team USA"],"articleSection":["Far\u00e1ndula","Noticias"],"inLanguage":"es","potentialAction":[{"@type":"CommentAction","name":"Comment","target":["https:\/\/www.cuballama.com\/noticias\/lieter-ledesma-enciende-las-redes-tras-darle-la-espalda-al-team-cuba-por-razones-politicas\/#respond"]}]},{"@type":"WebPage","@id":"https:\/\/www.cuballama.com\/noticias\/lieter-ledesma-enciende-las-redes-tras-darle-la-espalda-al-team-cuba-por-razones-politicas\/","url":"https:\/\/www.cuballama.com\/noticias\/lieter-ledesma-enciende-las-redes-tras-darle-la-espalda-al-team-cuba-por-razones-politicas\/","name":"Lieter Ledesma enciende las redes tras darle la espalda al team Cuba por razones pol\u00edticas - Cuballama Noticias","isPartOf":{"@id":"https:\/\/www.cuballama.com\/noticias\/#website"},"primaryImageOfPage":{"@id":"https:\/\/www.cuballama.com\/noticias\/lieter-ledesma-enciende-las-redes-tras-darle-la-espalda-al-team-cuba-por-razones-politicas\/#primaryimage"},"image":{"@id":"https:\/\/www.cuballama.com\/noticias\/lieter-ledesma-enciende-las-redes-tras-darle-la-espalda-al-team-cuba-por-razones-politicas\/#primaryimage"},"thumbnailUrl":"https:\/\/cdn1.mediawpaccore.net\/wp-content\/uploads\/2026\/03\/06111823\/Captura-de-pantalla_6-3-2026_111211_www.instagram.com_.jpg","datePublished":"2026-03-06T19:48:24+00:00","dateModified":"2026-03-06T20:05:27+00:00","description":"El actor y presentador cubano Lieter Ledesma encendi\u00f3 este jueves las redes sociales con un post sobre el Cl\u00e1sico Mundial de B\u00e9isbol 2026.","breadcrumb":{"@id":"https:\/\/www.cuballama.com\/noticias\/lieter-ledesma-enciende-las-redes-tras-darle-la-espalda-al-team-cuba-por-razones-politicas\/#breadcrumb"},"inLanguage":"es","potentialAction":[{"@type":"ReadAction","target":["https:\/\/www.cuballama.com\/noticias\/lieter-ledesma-enciende-las-redes-tras-darle-la-espalda-al-team-cuba-por-razones-politicas\/"]}]},{"@type":"ImageObject","inLanguage":"es","@id":"https:\/\/www.cuballama.com\/noticias\/lieter-ledesma-enciende-las-redes-tras-darle-la-espalda-al-team-cuba-por-razones-politicas\/#primaryimage","url":"https:\/\/cdn1.mediawpaccore.net\/wp-content\/uploads\/2026\/03\/06111823\/Captura-de-pantalla_6-3-2026_111211_www.instagram.com_.jpg","contentUrl":"https:\/\/cdn1.mediawpaccore.net\/wp-content\/uploads\/2026\/03\/06111823\/Captura-de-pantalla_6-3-2026_111211_www.instagram.com_.jpg","width":1200,"height":630,"caption":"Lieter Ledesma. Foto: Facebook\/Lieter Ledesma."},{"@type":"BreadcrumbList","@id":"https:\/\/www.cuballama.com\/noticias\/lieter-ledesma-enciende-las-redes-tras-darle-la-espalda-al-team-cuba-por-razones-politicas\/#breadcrumb","itemListElement":[{"@type":"ListItem","position":1,"name":"Home","item":"https:\/\/www.cuballama.com\/noticias\/"},{"@type":"ListItem","position":2,"name":"Lieter Ledesma enciende las redes tras darle la espalda al team Cuba por razones pol\u00edticas"}]},{"@type":"WebSite","@id":"https:\/\/www.cuballama.com\/noticias\/#website","url":"https:\/\/www.cuballama.com\/noticias\/","name":"Cuballama Noticias","description":"Medio digital sobre Cuba y el mundo","publisher":{"@id":"https:\/\/www.cuballama.com\/noticias\/#organization"},"potentialAction":[{"@type":"SearchAction","target":{"@type":"EntryPoint","urlTemplate":"https:\/\/www.cuballama.com\/noticias\/?s={search_term_string}"},"query-input":{"@type":"PropertyValueSpecification","valueRequired":true,"valueName":"search_term_string"}}],"inLanguage":"es"},{"@type":"Organization","@id":"https:\/\/www.cuballama.com\/noticias\/#organization","name":"Cuballama","url":"https:\/\/www.cuballama.com\/noticias\/","logo":{"@type":"ImageObject","inLanguage":"es","@id":"https:\/\/www.cuballama.com\/noticias\/#\/schema\/logo\/image\/","url":"https:\/\/cdn1.mediawpaccore.net\/wp-content\/uploads\/2021\/12\/28171206\/cbll-logo-color-sm.png","contentUrl":"https:\/\/cdn1.mediawpaccore.net\/wp-content\/uploads\/2021\/12\/28171206\/cbll-logo-color-sm.png","width":600,"height":133,"caption":"Cuballama"},"image":{"@id":"https:\/\/www.cuballama.com\/noticias\/#\/schema\/logo\/image\/"},"sameAs":["https:\/\/www.facebook.com\/CubaLlama","https:\/\/x.com\/cuballama","https:\/\/www.instagram.com\/stories\/cuballama_oficial\/","https:\/\/www.youtube.com\/channel\/UCKkFE-d_axENGZcrc4as0IA"]},{"@type":"Person","@id":"https:\/\/www.cuballama.com\/noticias\/#\/schema\/person\/86cd3e3f4974437f031211213bf892d5","name":"Kathy","url":"https:\/\/www.cuballama.com\/noticias\/author\/kathy\/"}]}},"_links":{"self":[{"href":"https:\/\/www.cuballama.com\/noticias\/wp-json\/wp\/v2\/posts\/237411","targetHints":{"allow":["GET"]}}],"collection":[{"href":"https:\/\/www.cuballama.com\/noticias\/wp-json\/wp\/v2\/posts"}],"about":[{"href":"https:\/\/www.cuballama.com\/noticias\/wp-json\/wp\/v2\/types\/post"}],"author":[{"embeddable":true,"href":"https:\/\/www.cuballama.com\/noticias\/wp-json\/wp\/v2\/users\/30"}],"replies":[{"embeddable":true,"href":"https:\/\/www.cuballama.com\/noticias\/wp-json\/wp\/v2\/comments?post=237411"}],"version-history":[{"count":5,"href":"https:\/\/www.cuballama.com\/noticias\/wp-json\/wp\/v2\/posts\/237411\/revisions"}],"predecessor-version":[{"id":237422,"href":"https:\/\/www.cuballama.com\/noticias\/wp-json\/wp\/v2\/posts\/237411\/revisions\/237422"}],"wp:featuredmedia":[{"embeddable":true,"href":"https:\/\/www.cuballama.com\/noticias\/wp-json\/wp\/v2\/media\/237413"}],"wp:attachment":[{"href":"https:\/\/www.cuballama.com\/noticias\/wp-json\/wp\/v2\/media?parent=237411"}],"wp:term":[{"taxonomy":"category","embeddable":true,"href":"https:\/\/www.cuballama.com\/noticias\/wp-json\/wp\/v2\/categories?post=237411"},{"taxonomy":"post_tag","embeddable":true,"href":"https:\/\/www.cuballama.com\/noticias\/wp-json\/wp\/v2\/tags?post=237411"}],"curies":[{"name":"wp","href":"https:\/\/api.w.org\/{rel}","templated":true}]}}