{"id":237395,"date":"2026-03-06T14:41:15","date_gmt":"2026-03-06T19:41:15","guid":{"rendered":"https:\/\/www.cuballama.com\/noticias\/?p=237395"},"modified":"2026-03-06T14:41:17","modified_gmt":"2026-03-06T19:41:17","slug":"fallece-roberto-almarales-el-caballo-de-batalla-de-cienfuegos-y-verdugo-de-los-industriales","status":"publish","type":"post","link":"https:\/\/www.cuballama.com\/noticias\/fallece-roberto-almarales-el-caballo-de-batalla-de-cienfuegos-y-verdugo-de-los-industriales\/","title":{"rendered":"Fallece Roberto Almarales, el caballo de batalla de Cienfuegos y verdugo de los Industriales"},"content":{"rendered":"\n<p>El b\u00e9isbol cubano despidi\u00f3 este 5 de marzo de 2026 a Roberto Almarales Garc\u00eda, uno de los lanzadores m\u00e1s recordados de Cienfuegos y una figura de peso en la historia de las Series Nacionales. <\/p>\n\n\n\n<p>La noticia fue dada a conocer por Wilfredo Rodr\u00edguez Quintana en <em><a href=\"https:\/\/www.facebook.com\/wilfredo.rodriguezquintana.7\/posts\/pfbid02eF919EGWuGToJZstBjYx9sRT5czdT6Pyns7bqr889JEsWktMQWZSrLyK3tq3qF4Ll\" target=\"_blank\" rel=\"noreferrer noopener nofollow\">Facebook<\/a><\/em>, con un mensaje breve y directo.<\/p>\n\n\n\n<p>\u201cHoy 5 de marzo de 2026 nos dice adi\u00f3s un querido y respetado lanzador de nuestro b\u00e9isbol cubano. EPD Roberto Almarales Garc\u00eda\u201d. En esa misma publicaci\u00f3n lo describi\u00f3 como un referente para Santa Isabel de las Lajas, Cienfuegos y toda Cuba.<\/p>\n\n\n\n<iframe loading=\"lazy\" src=\"https:\/\/www.facebook.com\/plugins\/post.php?href=https%3A%2F%2Fwww.facebook.com%2Fwilfredo.rodriguezquintana.7%2Fposts%2Fpfbid02eF919EGWuGToJZstBjYx9sRT5czdT6Pyns7bqr889JEsWktMQWZSrLyK3tq3qF4Ll&#038;show_text=true&#038;width=500\" width=\"500\" height=\"723\" style=\"border:none;overflow:hidden\" scrolling=\"no\" frameborder=\"0\" allowfullscreen=\"true\" allow=\"autoplay; clipboard-write; encrypted-media; picture-in-picture; web-share\"><\/iframe>\n\n\n\n<p>Almarales naci\u00f3 el 9 de febrero de 1955 en Santa Isabel de las Lajas, en la actual provincia de Cienfuegos, y desarroll\u00f3 una carrera larga y s\u00f3lida como pitcher derecho, se\u00f1ala la p\u00e1gina <em><a href=\"https:\/\/www.ecured.cu\/Roberto_Almarales_Garc%C3%ADa\" target=\"_blank\" rel=\"noreferrer noopener nofollow\">Ecured<\/a><\/em>. Los registros consultados coinciden en que jug\u00f3 18 temporadas en Series Nacionales, con presencia en equipos como Arroceros, Cienfuegos y Azucareros, aunque fue con la franela cienfueguera donde dej\u00f3 la huella m\u00e1s profunda. Tambi\u00e9n aparece vinculado a Las Villas en las Selectivas, etapa en la que sigui\u00f3 construyendo una reputaci\u00f3n de lanzador resistente y confiable.<\/p>\n\n\n\n<p>Sus n\u00fameros ayudan a entender por qu\u00e9 tantos aficionados lo siguen recordando. En su <a href=\"https:\/\/destacadosbeisbolcubacom.wordpress.com\/roberto-almarales-garcia\/\" target=\"_blank\" rel=\"noreferrer noopener nofollow\">hoja de vida como pelotero<\/a> figuran 107 victorias, 115 derrotas, 1.882 entradas lanzadas, 242 juegos iniciados, 93 juegos completos, 20 lechadas y 861 ponches, con promedio de carreras limpias de 3.95. Son cifras de un abridor de gran carga de trabajo, de esos que asum\u00edan la pelota una y otra vez y sosten\u00edan rotaciones enteras. En 1988-1989 lider\u00f3 los juegos iniciados en su zona, y en 1989 alcanz\u00f3 la marca de 100 victorias, un registro reservado para nombres mayores dentro del pitcheo cubano.<\/p>\n\n\n\n<p>Su nombre qued\u00f3 adem\u00e1s asociado al sufrimiento de Industriales y de Ciudad de La Habana, al punto de que en espacios de aficionados y materiales dedicados a la memoria beisbolera todav\u00eda aparece descrito como \u201cverdugo\u201d de esos equipos. No era una etiqueta gratuita: Almarales construy\u00f3 parte de su leyenda a fuerza de salidas largas, victorias importantes y una presencia inc\u00f3moda para rivales de peso, especialmente en a\u00f1os en que Cienfuegos necesitaba brazos capaces de aguantar presi\u00f3n y volumen.<\/p>\n\n\n\n<iframe loading=\"lazy\" width=\"1253\" height=\"705\" src=\"https:\/\/www.youtube.com\/embed\/MhjuPUvNxII\" title=\"ROBERTO ALMARALES: EL VERDUGO DE INDUSTRIALES Y CIUDAD HABANA\" frameborder=\"0\" allow=\"accelerometer; autoplay; clipboard-write; encrypted-media; gyroscope; picture-in-picture; web-share\" referrerpolicy=\"strict-origin-when-cross-origin\" allowfullscreen><\/iframe>\n\n\n\n<p>La dimensi\u00f3n humana apareci\u00f3 con fuerza en los comentarios que hoy vuelven a circular. Adriano Losa Rodr\u00edguez lo hab\u00eda presentado tiempo atr\u00e1s como \u201cuno de los lanzadores m\u00e1s destacados de Cienfuegos\u201d, invitando a un programa especial para repasar su trayectoria. Bajo aquella publicaci\u00f3n quedaron frases que hoy suenan a despedida: \u201cGrande entre los Grandes\u201d, escribi\u00f3 Lily Canedo. \u201cGran PERSONA Y BUEN LANZADOR\u201d, apunt\u00f3 Jorge Luis Bello. Erenio Humberto Cabezas lo defini\u00f3 como \u201ctremendo apaga fuegos, acostumbrado para estos momentos\u201d. Francisco Vera Iznaga lo llam\u00f3 \u201cun mago con los lanzamientos\u201d. Otros recordaron su humildad, disciplina y vocaci\u00f3n de entrenador. \u201cFue mi primer entrenador\u201d, coment\u00f3 Yeiniel Cruz.<\/p>\n\n\n\n<p>No faltaron, incluso entonces, voces que ped\u00edan mayor atenci\u00f3n institucional. \u201cHay que atenderlo como gloria que es del deporte revolucionario\u201d, reclam\u00f3 un usuario en referencia a problemas de salud que ya atravesaba. Ese reclamo reaparece ahora, tras su fallecimiento.<\/p>\n\n\n\n<p>El escritor Camilo Venegas, <a href=\"https:\/\/elfogonerovenegas.blogspot.com\/2016\/05\/roberto-almarales.html\" target=\"_blank\" rel=\"noreferrer noopener nofollow\">\u00abEl Fogonero\u00bb<\/a>, narraba en mayo de 2016 una an\u00e9cdota sobre este pitcher, que fue el sucesor de <a href=\"https:\/\/www.baseball-reference.com\/bullpen\/Rolando_Mac%C3%ADas\" target=\"_blank\" rel=\"noreferrer noopener nofollow\">Rolando Mac\u00edas <\/a>y el predecesor de Adiel Palma, Yosvany P\u00e9rez y Norberto Gonz\u00e1lez. Ellos cinco conforman, sin dudas, los cinco mejores pitchers que ha dado la provincia de Cienfuegos.<\/p>\n\n\n\n<p>Venegas lo recuerda como uno de los peloteros m\u00e1s sobresalientes de aquellos a\u00f1os, 70 y 80\u00b4en los que Cienfuegos no le ganaba a nadie en la pelota, y era Roberto Almarales, el \u00fanico que sacaba la cara por los llamados \u00abElefantes\u00bb. <\/p>\n\n\n\n<p><em>\u00abRecuerdo un domingo de principios de los 80 en que tir\u00f3 tremendo juego en el 5 de septiembre.\u00a0\u00a0Cuando pas\u00f3 en la guagua de Lajas, los borrachos de mi pueblo lo hicieron bajar para celebrar la victoria. A las 10 de la noche lo subieron a un tren de carga para que lo dejaran en Cruces y, una vez all\u00ed, trataran de mandarlo a como diera lugar para Santa Isabel.<\/em><\/p>\n\n\n\n<p><em>\u00abNunca supe c\u00f3mo lleg\u00f3, solo s\u00e9 que el s\u00e1bado siguiente le gan\u00f3 a Jorge Luis Vald\u00e9s y al temible Henequeneros. \u201c\u00a1Ese negro es un ping\u00fa, cojones!\u201d, exclam\u00f3 el Curro Guedes cuando Almarales sac\u00f3 el \u00faltimo out. Era una \u00e9poca muy rom\u00e1ntica, en que bastaba que nuestro equipo ganara un partido para sentirnos dichosos,\u00bb<\/em> narra Venegas en su blog.<\/p>\n\n\n\n<p>\u00abYa casi nadie recuerda a Roberto Almarales. Pero cuando yo pienso en aquella \u00e9poca, su nombre es uno de los primeros que me viene a la cabeza,\u00bb dijo.<\/p>\n\n\n\n<p>En una cr\u00f3nica que publiqu\u00e9 en el a\u00f1o 2017 en la revista digital <em><a href=\"https:\/\/playoffmagazine.com\/el-jonron-que-nadie-vio\/\" target=\"_blank\" rel=\"noreferrer noopener nofollow\">Play Off Magazine<\/a><\/em>, sobre otra de las leyendas del equipo de Cienfuegos de aquellos a\u00f1os, Adolfo Borrell, escrib\u00ed:<\/p>\n\n\n\n<p>\u00abEsa fue la \u00e9poca en que Cienfuegos s\u00f3lo ganaba con Mu\u00f1oz y Che\u00edto, y algunas veces con algo que hac\u00eda Sixto Hern\u00e1ndez, porque pitchers, lo que se dice PITCHERS, a excepci\u00f3n \u2013 y modesta \u2013 de Roberto Almarales y de Octavio G\u00e1lvez, no ten\u00edamos uno.\u00bb Aunque a fuerza de ser sinceros, ten\u00edamos otros dos m\u00e1s: Ram\u00f3n Castellanos y Jose Ram\u00f3n Sastre; pero era Almarales nuestro caballo de batalla. <\/p>\n\n\n\n<p>M\u00e1s all\u00e1 de los n\u00fameros, la muerte de Roberto Almarales reactiva el recuerdo de una generaci\u00f3n de pitchers hechos para durar, competir y cargar innings sin tanto alarde. En Cienfuegos su nombre sigue apareciendo entre los lanzadores m\u00e1s destacados de la historia del equipo, junto a otros referentes del mont\u00edculo. Ahora queda su legado en la estad\u00edstica, en la memoria de la afici\u00f3n sure\u00f1a y en ese raro prestigio que solo conservan los peloteros que hicieron carrera enfrentando, y muchas veces doblegando, a los grandes.<\/p>\n\n\n\n<p><\/p>\n","protected":false},"excerpt":{"rendered":"<p>Muri\u00f3 Roberto Almarales Garc\u00eda, hist\u00f3rico lanzador de Cienfuegos y figura del b\u00e9isbol cubano, recordado por su larga carrera y por castigar a Industriales.<\/p>\n","protected":false},"author":13,"featured_media":237397,"comment_status":"open","ping_status":"closed","sticky":false,"template":"","format":"standard","meta":{"_acf_changed":false,"footnotes":""},"categories":[9334],"tags":[12446,29,3486,30904,30905,9757,30906],"class_list":{"0":"post-237395","1":"post","2":"type-post","3":"status-publish","4":"format-standard","5":"has-post-thumbnail","7":"category-covid","8":"tag-beisbol-cubano-2","9":"tag-cienfuegos","10":"tag-industriales","11":"tag-roberto-almarales","12":"tag-santa-isabel-de-las-lajas","13":"tag-series-nacionales","14":"tag-wilfredo-rodriguez-quintana"},"acf":[],"yoast_head":"<!-- This site is optimized with the Yoast SEO plugin v27.4 - https:\/\/yoast.com\/product\/yoast-seo-wordpress\/ -->\n<title>Fallece Roberto Almarales, el caballo de batalla de Cienfuegos y verdugo de los Industriales - Cuballama Noticias<\/title>\n<meta name=\"description\" content=\"Muri\u00f3 Roberto Almarales, hist\u00f3rico lanzador de Cienfuegos, recordado en el b\u00e9isbol cubano por dominar a Industriales siempre.\" \/>\n<meta name=\"robots\" content=\"index, follow, max-snippet:-1, max-image-preview:large, max-video-preview:-1\" \/>\n<link rel=\"canonical\" href=\"https:\/\/www.cuballama.com\/noticias\/fallece-roberto-almarales-el-caballo-de-batalla-de-cienfuegos-y-verdugo-de-los-industriales\/\" \/>\n<meta property=\"og:locale\" content=\"es_ES\" \/>\n<meta property=\"og:type\" content=\"article\" \/>\n<meta property=\"og:title\" content=\"Fallece Roberto Almarales, el caballo de batalla de Cienfuegos y verdugo de los Industriales - Cuballama Noticias\" \/>\n<meta property=\"og:description\" content=\"Muri\u00f3 Roberto Almarales, hist\u00f3rico lanzador de Cienfuegos, recordado en el b\u00e9isbol cubano por dominar a Industriales siempre.\" \/>\n<meta property=\"og:url\" content=\"https:\/\/www.cuballama.com\/noticias\/fallece-roberto-almarales-el-caballo-de-batalla-de-cienfuegos-y-verdugo-de-los-industriales\/\" \/>\n<meta property=\"og:site_name\" content=\"Cuballama Noticias\" \/>\n<meta property=\"article:publisher\" content=\"https:\/\/www.facebook.com\/CubaLlama\" \/>\n<meta property=\"article:published_time\" content=\"2026-03-06T19:41:15+00:00\" \/>\n<meta property=\"article:modified_time\" content=\"2026-03-06T19:41:17+00:00\" \/>\n<meta property=\"og:image\" content=\"https:\/\/cdn1.mediawpaccore.net\/wp-content\/uploads\/2026\/03\/06074233\/image-27.png\" \/>\n\t<meta property=\"og:image:width\" content=\"1962\" \/>\n\t<meta property=\"og:image:height\" content=\"1030\" \/>\n\t<meta property=\"og:image:type\" content=\"image\/png\" \/>\n<meta name=\"author\" content=\"Roberto A.\" \/>\n<meta name=\"twitter:card\" content=\"summary_large_image\" \/>\n<meta name=\"twitter:creator\" content=\"@cuballama\" \/>\n<meta name=\"twitter:site\" content=\"@cuballama\" \/>\n<meta name=\"twitter:label1\" content=\"Escrito por\" \/>\n\t<meta name=\"twitter:data1\" content=\"Roberto A.\" \/>\n<script type=\"application\/ld+json\" class=\"yoast-schema-graph\">{\"@context\":\"https:\\\/\\\/schema.org\",\"@graph\":[{\"@type\":\"Article\",\"@id\":\"https:\\\/\\\/www.cuballama.com\\\/noticias\\\/fallece-roberto-almarales-el-caballo-de-batalla-de-cienfuegos-y-verdugo-de-los-industriales\\\/#article\",\"isPartOf\":{\"@id\":\"https:\\\/\\\/www.cuballama.com\\\/noticias\\\/fallece-roberto-almarales-el-caballo-de-batalla-de-cienfuegos-y-verdugo-de-los-industriales\\\/\"},\"author\":{\"name\":\"Roberto A.\",\"@id\":\"https:\\\/\\\/www.cuballama.com\\\/noticias\\\/#\\\/schema\\\/person\\\/a58502ed4146c8e9f83872e897c76cd2\"},\"headline\":\"Fallece Roberto Almarales, el caballo de batalla de Cienfuegos y verdugo de los Industriales\",\"datePublished\":\"2026-03-06T19:41:15+00:00\",\"dateModified\":\"2026-03-06T19:41:17+00:00\",\"mainEntityOfPage\":{\"@id\":\"https:\\\/\\\/www.cuballama.com\\\/noticias\\\/fallece-roberto-almarales-el-caballo-de-batalla-de-cienfuegos-y-verdugo-de-los-industriales\\\/\"},\"wordCount\":985,\"commentCount\":0,\"publisher\":{\"@id\":\"https:\\\/\\\/www.cuballama.com\\\/noticias\\\/#organization\"},\"image\":{\"@id\":\"https:\\\/\\\/www.cuballama.com\\\/noticias\\\/fallece-roberto-almarales-el-caballo-de-batalla-de-cienfuegos-y-verdugo-de-los-industriales\\\/#primaryimage\"},\"thumbnailUrl\":\"https:\\\/\\\/cdn1.mediawpaccore.net\\\/wp-content\\\/uploads\\\/2026\\\/03\\\/06074233\\\/image-27.png\",\"keywords\":[\"b\u00e9isbol cubano\",\"cienfuegos\",\"Industriales\",\"Roberto Almarales\",\"Santa Isabel de las Lajas\",\"Series Nacionales\",\"Wilfredo Rodr\u00edguez Quintana\"],\"articleSection\":[\"Covid\"],\"inLanguage\":\"es\",\"potentialAction\":[{\"@type\":\"CommentAction\",\"name\":\"Comment\",\"target\":[\"https:\\\/\\\/www.cuballama.com\\\/noticias\\\/fallece-roberto-almarales-el-caballo-de-batalla-de-cienfuegos-y-verdugo-de-los-industriales\\\/#respond\"]}]},{\"@type\":\"WebPage\",\"@id\":\"https:\\\/\\\/www.cuballama.com\\\/noticias\\\/fallece-roberto-almarales-el-caballo-de-batalla-de-cienfuegos-y-verdugo-de-los-industriales\\\/\",\"url\":\"https:\\\/\\\/www.cuballama.com\\\/noticias\\\/fallece-roberto-almarales-el-caballo-de-batalla-de-cienfuegos-y-verdugo-de-los-industriales\\\/\",\"name\":\"Fallece Roberto Almarales, el caballo de batalla de Cienfuegos y verdugo de los Industriales - Cuballama Noticias\",\"isPartOf\":{\"@id\":\"https:\\\/\\\/www.cuballama.com\\\/noticias\\\/#website\"},\"primaryImageOfPage\":{\"@id\":\"https:\\\/\\\/www.cuballama.com\\\/noticias\\\/fallece-roberto-almarales-el-caballo-de-batalla-de-cienfuegos-y-verdugo-de-los-industriales\\\/#primaryimage\"},\"image\":{\"@id\":\"https:\\\/\\\/www.cuballama.com\\\/noticias\\\/fallece-roberto-almarales-el-caballo-de-batalla-de-cienfuegos-y-verdugo-de-los-industriales\\\/#primaryimage\"},\"thumbnailUrl\":\"https:\\\/\\\/cdn1.mediawpaccore.net\\\/wp-content\\\/uploads\\\/2026\\\/03\\\/06074233\\\/image-27.png\",\"datePublished\":\"2026-03-06T19:41:15+00:00\",\"dateModified\":\"2026-03-06T19:41:17+00:00\",\"description\":\"Muri\u00f3 Roberto Almarales, hist\u00f3rico lanzador de Cienfuegos, recordado en el b\u00e9isbol cubano por dominar a Industriales siempre.\",\"breadcrumb\":{\"@id\":\"https:\\\/\\\/www.cuballama.com\\\/noticias\\\/fallece-roberto-almarales-el-caballo-de-batalla-de-cienfuegos-y-verdugo-de-los-industriales\\\/#breadcrumb\"},\"inLanguage\":\"es\",\"potentialAction\":[{\"@type\":\"ReadAction\",\"target\":[\"https:\\\/\\\/www.cuballama.com\\\/noticias\\\/fallece-roberto-almarales-el-caballo-de-batalla-de-cienfuegos-y-verdugo-de-los-industriales\\\/\"]}]},{\"@type\":\"ImageObject\",\"inLanguage\":\"es\",\"@id\":\"https:\\\/\\\/www.cuballama.com\\\/noticias\\\/fallece-roberto-almarales-el-caballo-de-batalla-de-cienfuegos-y-verdugo-de-los-industriales\\\/#primaryimage\",\"url\":\"https:\\\/\\\/cdn1.mediawpaccore.net\\\/wp-content\\\/uploads\\\/2026\\\/03\\\/06074233\\\/image-27.png\",\"contentUrl\":\"https:\\\/\\\/cdn1.mediawpaccore.net\\\/wp-content\\\/uploads\\\/2026\\\/03\\\/06074233\\\/image-27.png\",\"width\":1962,\"height\":1030,\"caption\":\"Foto: Collage v\u00eda Youtube y Facebook (Wilfredo Rodr\u00edguez Quintana)\"},{\"@type\":\"BreadcrumbList\",\"@id\":\"https:\\\/\\\/www.cuballama.com\\\/noticias\\\/fallece-roberto-almarales-el-caballo-de-batalla-de-cienfuegos-y-verdugo-de-los-industriales\\\/#breadcrumb\",\"itemListElement\":[{\"@type\":\"ListItem\",\"position\":1,\"name\":\"Home\",\"item\":\"https:\\\/\\\/www.cuballama.com\\\/noticias\\\/\"},{\"@type\":\"ListItem\",\"position\":2,\"name\":\"Fallece Roberto Almarales, el caballo de batalla de Cienfuegos y verdugo de los Industriales\"}]},{\"@type\":\"WebSite\",\"@id\":\"https:\\\/\\\/www.cuballama.com\\\/noticias\\\/#website\",\"url\":\"https:\\\/\\\/www.cuballama.com\\\/noticias\\\/\",\"name\":\"Cuballama Noticias\",\"description\":\"Medio digital sobre Cuba y el mundo\",\"publisher\":{\"@id\":\"https:\\\/\\\/www.cuballama.com\\\/noticias\\\/#organization\"},\"potentialAction\":[{\"@type\":\"SearchAction\",\"target\":{\"@type\":\"EntryPoint\",\"urlTemplate\":\"https:\\\/\\\/www.cuballama.com\\\/noticias\\\/?s={search_term_string}\"},\"query-input\":{\"@type\":\"PropertyValueSpecification\",\"valueRequired\":true,\"valueName\":\"search_term_string\"}}],\"inLanguage\":\"es\"},{\"@type\":\"Organization\",\"@id\":\"https:\\\/\\\/www.cuballama.com\\\/noticias\\\/#organization\",\"name\":\"Cuballama\",\"url\":\"https:\\\/\\\/www.cuballama.com\\\/noticias\\\/\",\"logo\":{\"@type\":\"ImageObject\",\"inLanguage\":\"es\",\"@id\":\"https:\\\/\\\/www.cuballama.com\\\/noticias\\\/#\\\/schema\\\/logo\\\/image\\\/\",\"url\":\"https:\\\/\\\/cdn1.mediawpaccore.net\\\/wp-content\\\/uploads\\\/2021\\\/12\\\/28171206\\\/cbll-logo-color-sm.png\",\"contentUrl\":\"https:\\\/\\\/cdn1.mediawpaccore.net\\\/wp-content\\\/uploads\\\/2021\\\/12\\\/28171206\\\/cbll-logo-color-sm.png\",\"width\":600,\"height\":133,\"caption\":\"Cuballama\"},\"image\":{\"@id\":\"https:\\\/\\\/www.cuballama.com\\\/noticias\\\/#\\\/schema\\\/logo\\\/image\\\/\"},\"sameAs\":[\"https:\\\/\\\/www.facebook.com\\\/CubaLlama\",\"https:\\\/\\\/x.com\\\/cuballama\",\"https:\\\/\\\/www.instagram.com\\\/stories\\\/cuballama_oficial\\\/\",\"https:\\\/\\\/www.youtube.com\\\/channel\\\/UCKkFE-d_axENGZcrc4as0IA\"]},{\"@type\":\"Person\",\"@id\":\"https:\\\/\\\/www.cuballama.com\\\/noticias\\\/#\\\/schema\\\/person\\\/a58502ed4146c8e9f83872e897c76cd2\",\"name\":\"Roberto A.\",\"description\":\"Roberto A. Periodista por decisi\u00f3n propia. Interesado en cualquier tema que me apasione y cada vez m\u00e1s comprometido con la verdad y la objetividad period\u00edstica. Graduado en La Habana hace ya muchos a\u00f1os, luego de una accidentada y polvorienta b\u00fasqueda de informaci\u00f3n sobre un tema in\u00e9dito. La Tesis, por cierto, desapareci\u00f3 de la biblioteca y no se conservan copias de la misma.\",\"url\":\"https:\\\/\\\/www.cuballama.com\\\/noticias\\\/author\\\/roberto\\\/\"}]}<\/script>\n<!-- \/ Yoast SEO plugin. -->","yoast_head_json":{"title":"Fallece Roberto Almarales, el caballo de batalla de Cienfuegos y verdugo de los Industriales - Cuballama Noticias","description":"Muri\u00f3 Roberto Almarales, hist\u00f3rico lanzador de Cienfuegos, recordado en el b\u00e9isbol cubano por dominar a Industriales siempre.","robots":{"index":"index","follow":"follow","max-snippet":"max-snippet:-1","max-image-preview":"max-image-preview:large","max-video-preview":"max-video-preview:-1"},"canonical":"https:\/\/www.cuballama.com\/noticias\/fallece-roberto-almarales-el-caballo-de-batalla-de-cienfuegos-y-verdugo-de-los-industriales\/","og_locale":"es_ES","og_type":"article","og_title":"Fallece Roberto Almarales, el caballo de batalla de Cienfuegos y verdugo de los Industriales - Cuballama Noticias","og_description":"Muri\u00f3 Roberto Almarales, hist\u00f3rico lanzador de Cienfuegos, recordado en el b\u00e9isbol cubano por dominar a Industriales siempre.","og_url":"https:\/\/www.cuballama.com\/noticias\/fallece-roberto-almarales-el-caballo-de-batalla-de-cienfuegos-y-verdugo-de-los-industriales\/","og_site_name":"Cuballama Noticias","article_publisher":"https:\/\/www.facebook.com\/CubaLlama","article_published_time":"2026-03-06T19:41:15+00:00","article_modified_time":"2026-03-06T19:41:17+00:00","og_image":[{"width":1962,"height":1030,"url":"https:\/\/cdn1.mediawpaccore.net\/wp-content\/uploads\/2026\/03\/06074233\/image-27.png","type":"image\/png"}],"author":"Roberto A.","twitter_card":"summary_large_image","twitter_creator":"@cuballama","twitter_site":"@cuballama","twitter_misc":{"Escrito por":"Roberto A."},"schema":{"@context":"https:\/\/schema.org","@graph":[{"@type":"Article","@id":"https:\/\/www.cuballama.com\/noticias\/fallece-roberto-almarales-el-caballo-de-batalla-de-cienfuegos-y-verdugo-de-los-industriales\/#article","isPartOf":{"@id":"https:\/\/www.cuballama.com\/noticias\/fallece-roberto-almarales-el-caballo-de-batalla-de-cienfuegos-y-verdugo-de-los-industriales\/"},"author":{"name":"Roberto A.","@id":"https:\/\/www.cuballama.com\/noticias\/#\/schema\/person\/a58502ed4146c8e9f83872e897c76cd2"},"headline":"Fallece Roberto Almarales, el caballo de batalla de Cienfuegos y verdugo de los Industriales","datePublished":"2026-03-06T19:41:15+00:00","dateModified":"2026-03-06T19:41:17+00:00","mainEntityOfPage":{"@id":"https:\/\/www.cuballama.com\/noticias\/fallece-roberto-almarales-el-caballo-de-batalla-de-cienfuegos-y-verdugo-de-los-industriales\/"},"wordCount":985,"commentCount":0,"publisher":{"@id":"https:\/\/www.cuballama.com\/noticias\/#organization"},"image":{"@id":"https:\/\/www.cuballama.com\/noticias\/fallece-roberto-almarales-el-caballo-de-batalla-de-cienfuegos-y-verdugo-de-los-industriales\/#primaryimage"},"thumbnailUrl":"https:\/\/cdn1.mediawpaccore.net\/wp-content\/uploads\/2026\/03\/06074233\/image-27.png","keywords":["b\u00e9isbol cubano","cienfuegos","Industriales","Roberto Almarales","Santa Isabel de las Lajas","Series Nacionales","Wilfredo Rodr\u00edguez Quintana"],"articleSection":["Covid"],"inLanguage":"es","potentialAction":[{"@type":"CommentAction","name":"Comment","target":["https:\/\/www.cuballama.com\/noticias\/fallece-roberto-almarales-el-caballo-de-batalla-de-cienfuegos-y-verdugo-de-los-industriales\/#respond"]}]},{"@type":"WebPage","@id":"https:\/\/www.cuballama.com\/noticias\/fallece-roberto-almarales-el-caballo-de-batalla-de-cienfuegos-y-verdugo-de-los-industriales\/","url":"https:\/\/www.cuballama.com\/noticias\/fallece-roberto-almarales-el-caballo-de-batalla-de-cienfuegos-y-verdugo-de-los-industriales\/","name":"Fallece Roberto Almarales, el caballo de batalla de Cienfuegos y verdugo de los Industriales - Cuballama Noticias","isPartOf":{"@id":"https:\/\/www.cuballama.com\/noticias\/#website"},"primaryImageOfPage":{"@id":"https:\/\/www.cuballama.com\/noticias\/fallece-roberto-almarales-el-caballo-de-batalla-de-cienfuegos-y-verdugo-de-los-industriales\/#primaryimage"},"image":{"@id":"https:\/\/www.cuballama.com\/noticias\/fallece-roberto-almarales-el-caballo-de-batalla-de-cienfuegos-y-verdugo-de-los-industriales\/#primaryimage"},"thumbnailUrl":"https:\/\/cdn1.mediawpaccore.net\/wp-content\/uploads\/2026\/03\/06074233\/image-27.png","datePublished":"2026-03-06T19:41:15+00:00","dateModified":"2026-03-06T19:41:17+00:00","description":"Muri\u00f3 Roberto Almarales, hist\u00f3rico lanzador de Cienfuegos, recordado en el b\u00e9isbol cubano por dominar a Industriales siempre.","breadcrumb":{"@id":"https:\/\/www.cuballama.com\/noticias\/fallece-roberto-almarales-el-caballo-de-batalla-de-cienfuegos-y-verdugo-de-los-industriales\/#breadcrumb"},"inLanguage":"es","potentialAction":[{"@type":"ReadAction","target":["https:\/\/www.cuballama.com\/noticias\/fallece-roberto-almarales-el-caballo-de-batalla-de-cienfuegos-y-verdugo-de-los-industriales\/"]}]},{"@type":"ImageObject","inLanguage":"es","@id":"https:\/\/www.cuballama.com\/noticias\/fallece-roberto-almarales-el-caballo-de-batalla-de-cienfuegos-y-verdugo-de-los-industriales\/#primaryimage","url":"https:\/\/cdn1.mediawpaccore.net\/wp-content\/uploads\/2026\/03\/06074233\/image-27.png","contentUrl":"https:\/\/cdn1.mediawpaccore.net\/wp-content\/uploads\/2026\/03\/06074233\/image-27.png","width":1962,"height":1030,"caption":"Foto: Collage v\u00eda Youtube y Facebook (Wilfredo Rodr\u00edguez Quintana)"},{"@type":"BreadcrumbList","@id":"https:\/\/www.cuballama.com\/noticias\/fallece-roberto-almarales-el-caballo-de-batalla-de-cienfuegos-y-verdugo-de-los-industriales\/#breadcrumb","itemListElement":[{"@type":"ListItem","position":1,"name":"Home","item":"https:\/\/www.cuballama.com\/noticias\/"},{"@type":"ListItem","position":2,"name":"Fallece Roberto Almarales, el caballo de batalla de Cienfuegos y verdugo de los Industriales"}]},{"@type":"WebSite","@id":"https:\/\/www.cuballama.com\/noticias\/#website","url":"https:\/\/www.cuballama.com\/noticias\/","name":"Cuballama Noticias","description":"Medio digital sobre Cuba y el mundo","publisher":{"@id":"https:\/\/www.cuballama.com\/noticias\/#organization"},"potentialAction":[{"@type":"SearchAction","target":{"@type":"EntryPoint","urlTemplate":"https:\/\/www.cuballama.com\/noticias\/?s={search_term_string}"},"query-input":{"@type":"PropertyValueSpecification","valueRequired":true,"valueName":"search_term_string"}}],"inLanguage":"es"},{"@type":"Organization","@id":"https:\/\/www.cuballama.com\/noticias\/#organization","name":"Cuballama","url":"https:\/\/www.cuballama.com\/noticias\/","logo":{"@type":"ImageObject","inLanguage":"es","@id":"https:\/\/www.cuballama.com\/noticias\/#\/schema\/logo\/image\/","url":"https:\/\/cdn1.mediawpaccore.net\/wp-content\/uploads\/2021\/12\/28171206\/cbll-logo-color-sm.png","contentUrl":"https:\/\/cdn1.mediawpaccore.net\/wp-content\/uploads\/2021\/12\/28171206\/cbll-logo-color-sm.png","width":600,"height":133,"caption":"Cuballama"},"image":{"@id":"https:\/\/www.cuballama.com\/noticias\/#\/schema\/logo\/image\/"},"sameAs":["https:\/\/www.facebook.com\/CubaLlama","https:\/\/x.com\/cuballama","https:\/\/www.instagram.com\/stories\/cuballama_oficial\/","https:\/\/www.youtube.com\/channel\/UCKkFE-d_axENGZcrc4as0IA"]},{"@type":"Person","@id":"https:\/\/www.cuballama.com\/noticias\/#\/schema\/person\/a58502ed4146c8e9f83872e897c76cd2","name":"Roberto A.","description":"Roberto A. Periodista por decisi\u00f3n propia. Interesado en cualquier tema que me apasione y cada vez m\u00e1s comprometido con la verdad y la objetividad period\u00edstica. Graduado en La Habana hace ya muchos a\u00f1os, luego de una accidentada y polvorienta b\u00fasqueda de informaci\u00f3n sobre un tema in\u00e9dito. La Tesis, por cierto, desapareci\u00f3 de la biblioteca y no se conservan copias de la misma.","url":"https:\/\/www.cuballama.com\/noticias\/author\/roberto\/"}]}},"_links":{"self":[{"href":"https:\/\/www.cuballama.com\/noticias\/wp-json\/wp\/v2\/posts\/237395","targetHints":{"allow":["GET"]}}],"collection":[{"href":"https:\/\/www.cuballama.com\/noticias\/wp-json\/wp\/v2\/posts"}],"about":[{"href":"https:\/\/www.cuballama.com\/noticias\/wp-json\/wp\/v2\/types\/post"}],"author":[{"embeddable":true,"href":"https:\/\/www.cuballama.com\/noticias\/wp-json\/wp\/v2\/users\/13"}],"replies":[{"embeddable":true,"href":"https:\/\/www.cuballama.com\/noticias\/wp-json\/wp\/v2\/comments?post=237395"}],"version-history":[{"count":4,"href":"https:\/\/www.cuballama.com\/noticias\/wp-json\/wp\/v2\/posts\/237395\/revisions"}],"predecessor-version":[{"id":237404,"href":"https:\/\/www.cuballama.com\/noticias\/wp-json\/wp\/v2\/posts\/237395\/revisions\/237404"}],"wp:featuredmedia":[{"embeddable":true,"href":"https:\/\/www.cuballama.com\/noticias\/wp-json\/wp\/v2\/media\/237397"}],"wp:attachment":[{"href":"https:\/\/www.cuballama.com\/noticias\/wp-json\/wp\/v2\/media?parent=237395"}],"wp:term":[{"taxonomy":"category","embeddable":true,"href":"https:\/\/www.cuballama.com\/noticias\/wp-json\/wp\/v2\/categories?post=237395"},{"taxonomy":"post_tag","embeddable":true,"href":"https:\/\/www.cuballama.com\/noticias\/wp-json\/wp\/v2\/tags?post=237395"}],"curies":[{"name":"wp","href":"https:\/\/api.w.org\/{rel}","templated":true}]}}