{"id":237391,"date":"2026-03-06T07:10:11","date_gmt":"2026-03-06T12:10:11","guid":{"rendered":"https:\/\/www.cuballama.com\/noticias\/?p=237391"},"modified":"2026-03-06T07:10:13","modified_gmt":"2026-03-06T12:10:13","slug":"la-policia-no-ha-dado-con-ellos-yomil-expone-a-los-presuntos-asesinos-de-su-amigo-tresto","status":"publish","type":"post","link":"https:\/\/www.cuballama.com\/noticias\/la-policia-no-ha-dado-con-ellos-yomil-expone-a-los-presuntos-asesinos-de-su-amigo-tresto\/","title":{"rendered":"\u201cLa polic\u00eda no ha dado con ellos\u201d: Yomil expone a los presuntos asesinos de su amigo Tresto"},"content":{"rendered":"\n<p>El reguetonero cubano Yomil Hidalgo denunci\u00f3 p\u00fablicamente en sus historias de Instagram a los presuntos responsables del asesinato de su amigo Reydiel de la Puente Hern\u00e1ndez, conocido por sus allegados como Tresto, quien muri\u00f3 tras recibir varias pu\u00f1aladas durante una pelea callejera ocurrida en el parque Trillo de La Habana.<\/p>\n\n\n\n<p>En una historia de Instagram, el artista comparti\u00f3 fotograf\u00edas de los supuestos implicados y afirm\u00f3 que se tratar\u00eda de dos personas identificadas como Michael y Yiralis. Seg\u00fan expres\u00f3, decidi\u00f3 hacer p\u00fablicas sus identidades porque, hasta el momento, ninguno se habr\u00eda entregado a las autoridades y, seg\u00fan su versi\u00f3n, la polic\u00eda todav\u00eda no habr\u00eda logrado localizarlos.<\/p>\n\n\n\n<p>\u201cDebido a que ninguno de estos dos personajes se ha entregado y todav\u00eda la polic\u00eda no ha dado con ellos, me veo en la necesidad de poner sus caras p\u00fablicamente\u201d, escribi\u00f3 el cantante junto a las im\u00e1genes difundidas en sus historias.<\/p>\n\n\n\n<figure class=\"wp-block-image size-large\"><img loading=\"lazy\" decoding=\"async\" width=\"579\" height=\"1024\" src=\"https:\/\/cdn1.mediawpaccore.net\/wp-content\/uploads\/2026\/03\/06070756\/Captura-de-pantalla-2026-03-06-a-las-12.52.14-579x1024.png\" alt=\"\" class=\"wp-image-237393\" srcset=\"https:\/\/cdn1.mediawpaccore.net\/wp-content\/uploads\/2026\/03\/06070756\/Captura-de-pantalla-2026-03-06-a-las-12.52.14-579x1024.png 579w, https:\/\/cdn1.mediawpaccore.net\/wp-content\/uploads\/2026\/03\/06070756\/Captura-de-pantalla-2026-03-06-a-las-12.52.14-170x300.png 170w, https:\/\/cdn1.mediawpaccore.net\/wp-content\/uploads\/2026\/03\/06070756\/Captura-de-pantalla-2026-03-06-a-las-12.52.14-768x1359.png 768w, https:\/\/cdn1.mediawpaccore.net\/wp-content\/uploads\/2026\/03\/06070756\/Captura-de-pantalla-2026-03-06-a-las-12.52.14-237x420.png 237w, https:\/\/cdn1.mediawpaccore.net\/wp-content\/uploads\/2026\/03\/06070756\/Captura-de-pantalla-2026-03-06-a-las-12.52.14-150x265.png 150w, https:\/\/cdn1.mediawpaccore.net\/wp-content\/uploads\/2026\/03\/06070756\/Captura-de-pantalla-2026-03-06-a-las-12.52.14-300x531.png 300w, https:\/\/cdn1.mediawpaccore.net\/wp-content\/uploads\/2026\/03\/06070756\/Captura-de-pantalla-2026-03-06-a-las-12.52.14-696x1232.png 696w, https:\/\/cdn1.mediawpaccore.net\/wp-content\/uploads\/2026\/03\/06070756\/Captura-de-pantalla-2026-03-06-a-las-12.52.14.png 816w\" sizes=\"auto, (max-width: 579px) 100vw, 579px\" \/><\/figure>\n\n\n\n<p>En el mismo mensaje, Yomil asegur\u00f3 que ambos estar\u00edan vinculados directamente con el hecho violento que termin\u00f3 con la vida de su amigo. Seg\u00fan su relato, uno de ellos ser\u00eda el autor material del ataque con arma blanca, mientras que la otra persona habr\u00eda actuado como c\u00f3mplice.<\/p>\n\n\n\n<p>\u201cEstos dos son los culpables de la muerte de Trestoneles, uno fue el que lo mat\u00f3 y la otra fue la c\u00f3mplice que estaba manejando la moto y llev\u00e1ndolo a todos los lugares donde \u00e9l frecuentaba ir\u201d, afirm\u00f3 el reguetonero.<\/p>\n\n\n\n<p><strong>Lea m\u00e1s: <a href=\"https:\/\/www.cuballama.com\/noticias\/amigo-de-yomil-y-de-el-dany-es-asesinado-a-punaladas-en-el-parque-trillo-de-la-habana\/\" target=\"_blank\" rel=\"noreferrer noopener\">Amigo de Yomil y de El Dany es asesinado a pu\u00f1aladas en el parque Trillo de La Habana<\/a><\/strong><\/p>\n\n\n\n<p>El m\u00fasico tambi\u00e9n se\u00f1al\u00f3 que, de acuerdo con su versi\u00f3n, la mujer habr\u00eda estado presente durante todo el incidente y habr\u00eda contribuido a que se produjera la confrontaci\u00f3n. \u201cEstuvo en todo momento presente y, en vez de evitar, al contrario, fue la que provoc\u00f3 todo\u201d, a\u00f1adi\u00f3.<\/p>\n\n\n\n<p>En otro fragmento de sus historias, el artista lanz\u00f3 un mensaje directo al presunto agresor, inst\u00e1ndolo a entregarse a las autoridades y enfrentar las consecuencias de sus actos. \u201cSi t\u00fa eres guapo de verdad entr\u00e9gate y enfrenta con moral tus actos. No corras, que en donde te vean ya est\u00e1s marcado de por vida\u201d, escribi\u00f3.<\/p>\n\n\n\n<blockquote class=\"instagram-media\" data-instgrm-captioned data-instgrm-permalink=\"https:\/\/www.instagram.com\/reel\/DVRbAfzDq9V\/?utm_source=ig_embed&amp;utm_campaign=loading\" data-instgrm-version=\"14\" style=\" background:#FFF; border:0; border-radius:3px; box-shadow:0 0 1px 0 rgba(0,0,0,0.5),0 1px 10px 0 rgba(0,0,0,0.15); margin: 1px; max-width:540px; min-width:326px; padding:0; width:99.375%; width:-webkit-calc(100% - 2px); width:calc(100% - 2px);\"><div style=\"padding:16px;\"> <a href=\"https:\/\/www.instagram.com\/reel\/DVRbAfzDq9V\/?utm_source=ig_embed&amp;utm_campaign=loading\" style=\" background:#FFFFFF; line-height:0; padding:0 0; text-align:center; text-decoration:none; width:100%;\" target=\"_blank\"> <div style=\" display: flex; flex-direction: row; align-items: center;\"> <div style=\"background-color: #F4F4F4; border-radius: 50%; flex-grow: 0; height: 40px; margin-right: 14px; width: 40px;\"><\/div> <div style=\"display: flex; flex-direction: column; flex-grow: 1; justify-content: center;\"> <div style=\" background-color: #F4F4F4; border-radius: 4px; flex-grow: 0; height: 14px; margin-bottom: 6px; width: 100px;\"><\/div> <div style=\" background-color: #F4F4F4; border-radius: 4px; flex-grow: 0; height: 14px; width: 60px;\"><\/div><\/div><\/div><div style=\"padding: 19% 0;\"><\/div> <div style=\"display:block; height:50px; margin:0 auto 12px; width:50px;\"><svg width=\"50px\" height=\"50px\" viewBox=\"0 0 60 60\" version=\"1.1\" xmlns=\"https:\/\/www.w3.org\/2000\/svg\" xmlns:xlink=\"https:\/\/www.w3.org\/1999\/xlink\"><g stroke=\"none\" stroke-width=\"1\" fill=\"none\" fill-rule=\"evenodd\"><g transform=\"translate(-511.000000, -20.000000)\" fill=\"#000000\"><g><path d=\"M556.869,30.41 C554.814,30.41 553.148,32.076 553.148,34.131 C553.148,36.186 554.814,37.852 556.869,37.852 C558.924,37.852 560.59,36.186 560.59,34.131 C560.59,32.076 558.924,30.41 556.869,30.41 M541,60.657 C535.114,60.657 530.342,55.887 530.342,50 C530.342,44.114 535.114,39.342 541,39.342 C546.887,39.342 551.658,44.114 551.658,50 C551.658,55.887 546.887,60.657 541,60.657 M541,33.886 C532.1,33.886 524.886,41.1 524.886,50 C524.886,58.899 532.1,66.113 541,66.113 C549.9,66.113 557.115,58.899 557.115,50 C557.115,41.1 549.9,33.886 541,33.886 M565.378,62.101 C565.244,65.022 564.756,66.606 564.346,67.663 C563.803,69.06 563.154,70.057 562.106,71.106 C561.058,72.155 560.06,72.803 558.662,73.347 C557.607,73.757 556.021,74.244 553.102,74.378 C549.944,74.521 548.997,74.552 541,74.552 C533.003,74.552 532.056,74.521 528.898,74.378 C525.979,74.244 524.393,73.757 523.338,73.347 C521.94,72.803 520.942,72.155 519.894,71.106 C518.846,70.057 518.197,69.06 517.654,67.663 C517.244,66.606 516.755,65.022 516.623,62.101 C516.479,58.943 516.448,57.996 516.448,50 C516.448,42.003 516.479,41.056 516.623,37.899 C516.755,34.978 517.244,33.391 517.654,32.338 C518.197,30.938 518.846,29.942 519.894,28.894 C520.942,27.846 521.94,27.196 523.338,26.654 C524.393,26.244 525.979,25.756 528.898,25.623 C532.057,25.479 533.004,25.448 541,25.448 C548.997,25.448 549.943,25.479 553.102,25.623 C556.021,25.756 557.607,26.244 558.662,26.654 C560.06,27.196 561.058,27.846 562.106,28.894 C563.154,29.942 563.803,30.938 564.346,32.338 C564.756,33.391 565.244,34.978 565.378,37.899 C565.522,41.056 565.552,42.003 565.552,50 C565.552,57.996 565.522,58.943 565.378,62.101 M570.82,37.631 C570.674,34.438 570.167,32.258 569.425,30.349 C568.659,28.377 567.633,26.702 565.965,25.035 C564.297,23.368 562.623,22.342 560.652,21.575 C558.743,20.834 556.562,20.326 553.369,20.18 C550.169,20.033 549.148,20 541,20 C532.853,20 531.831,20.033 528.631,20.18 C525.438,20.326 523.257,20.834 521.349,21.575 C519.376,22.342 517.703,23.368 516.035,25.035 C514.368,26.702 513.342,28.377 512.574,30.349 C511.834,32.258 511.326,34.438 511.181,37.631 C511.035,40.831 511,41.851 511,50 C511,58.147 511.035,59.17 511.181,62.369 C511.326,65.562 511.834,67.743 512.574,69.651 C513.342,71.625 514.368,73.296 516.035,74.965 C517.703,76.634 519.376,77.658 521.349,78.425 C523.257,79.167 525.438,79.673 528.631,79.82 C531.831,79.965 532.853,80.001 541,80.001 C549.148,80.001 550.169,79.965 553.369,79.82 C556.562,79.673 558.743,79.167 560.652,78.425 C562.623,77.658 564.297,76.634 565.965,74.965 C567.633,73.296 568.659,71.625 569.425,69.651 C570.167,67.743 570.674,65.562 570.82,62.369 C570.966,59.17 571,58.147 571,50 C571,41.851 570.966,40.831 570.82,37.631\"><\/path><\/g><\/g><\/g><\/svg><\/div><div style=\"padding-top: 8px;\"> <div style=\" color:#3897f0; font-family:Arial,sans-serif; font-size:14px; font-style:normal; font-weight:550; line-height:18px;\">Ver esta publicaci\u00f3n en Instagram<\/div><\/div><div style=\"padding: 12.5% 0;\"><\/div> <div style=\"display: flex; flex-direction: row; margin-bottom: 14px; align-items: center;\"><div> <div style=\"background-color: #F4F4F4; border-radius: 50%; height: 12.5px; width: 12.5px; transform: translateX(0px) translateY(7px);\"><\/div> <div style=\"background-color: #F4F4F4; height: 12.5px; transform: rotate(-45deg) translateX(3px) translateY(1px); width: 12.5px; flex-grow: 0; margin-right: 14px; margin-left: 2px;\"><\/div> <div style=\"background-color: #F4F4F4; border-radius: 50%; height: 12.5px; width: 12.5px; transform: translateX(9px) translateY(-18px);\"><\/div><\/div><div style=\"margin-left: 8px;\"> <div style=\" background-color: #F4F4F4; border-radius: 50%; flex-grow: 0; height: 20px; width: 20px;\"><\/div> <div style=\" width: 0; height: 0; border-top: 2px solid transparent; border-left: 6px solid #f4f4f4; border-bottom: 2px solid transparent; transform: translateX(16px) translateY(-4px) rotate(30deg)\"><\/div><\/div><div style=\"margin-left: auto;\"> <div style=\" width: 0px; border-top: 8px solid #F4F4F4; border-right: 8px solid transparent; transform: translateY(16px);\"><\/div> <div style=\" background-color: #F4F4F4; flex-grow: 0; height: 12px; width: 16px; transform: translateY(-4px);\"><\/div> <div style=\" width: 0; height: 0; border-top: 8px solid #F4F4F4; border-left: 8px solid transparent; transform: translateY(-4px) translateX(8px);\"><\/div><\/div><\/div> <div style=\"display: flex; flex-direction: column; flex-grow: 1; justify-content: center; margin-bottom: 24px;\"> <div style=\" background-color: #F4F4F4; border-radius: 4px; flex-grow: 0; height: 14px; margin-bottom: 6px; width: 224px;\"><\/div> <div style=\" background-color: #F4F4F4; border-radius: 4px; flex-grow: 0; height: 14px; width: 144px;\"><\/div><\/div><\/a><p style=\" color:#c9c8cd; font-family:Arial,sans-serif; font-size:14px; line-height:17px; margin-bottom:0; margin-top:8px; overflow:hidden; padding:8px 0 7px; text-align:center; text-overflow:ellipsis; white-space:nowrap;\"><a href=\"https:\/\/www.instagram.com\/reel\/DVRbAfzDq9V\/?utm_source=ig_embed&amp;utm_campaign=loading\" style=\" color:#c9c8cd; font-family:Arial,sans-serif; font-size:14px; font-style:normal; font-weight:normal; line-height:17px; text-decoration:none;\" target=\"_blank\">Una publicaci\u00f3n compartida de Yomil (@yomil_champions)<\/a><\/p><\/div><\/blockquote>\n<script async src=\"\/\/www.instagram.com\/embed.js\"><\/script>\n\n\n\n<p>Yomil tambi\u00e9n se refiri\u00f3 a la relaci\u00f3n conflictiva que, seg\u00fan \u00e9l, exist\u00eda previamente entre el presunto agresor y la v\u00edctima, sugiriendo que las tensiones entre ambos no eran recientes. \u201cSab\u00edas que ten\u00edas que hacerlo as\u00ed porque, con ese chiquitico vivo, t\u00fa sabes que la ten\u00edas demasiado apretada, porque el problema de esa magnitud con \u00e9l era todos los d\u00edas de este mundo\u201d, expres\u00f3.<\/p>\n\n\n\n<p>Las publicaciones del cantante generaron numerosas reacciones entre sus seguidores, quienes compartieron los mensajes y comentaron sobre el caso en redes sociales. El reguetonero finaliz\u00f3 sus historias con un mensaje de despedida para su amigo fallecido, record\u00e1ndolo p\u00fablicamente y pidiendo a sus allegados que mantengan viva su memoria.<\/p>\n\n\n\n<p>\u201cDescansa en paz, Tresto, que los tuyos seguiremos record\u00e1ndote. Y, a todos tus amigos, que nunca se olviden de la cara de estos dos\u201d, concluy\u00f3.<\/p>\n\n\n\n<p>Hasta el momento, no se ha informado oficialmente sobre detenciones relacionadas con el asesinato ocurrido en el parque Trillo, un suceso que ha generado conmoci\u00f3n entre seguidores del artista y usuarios de redes sociales en Cuba.<\/p>\n","protected":false},"excerpt":{"rendered":"<p>El artista lanz\u00f3 un mensaje directo al presunto agresor, inst\u00e1ndolo a entregarse a las autoridades y enfrentar las consecuencias de sus actos<\/p>\n","protected":false},"author":27,"featured_media":237392,"comment_status":"open","ping_status":"closed","sticky":false,"template":"","format":"standard","meta":{"_acf_changed":false,"footnotes":""},"categories":[443],"tags":[10867,941,6160,10276,11438],"class_list":{"0":"post-237391","1":"post","2":"type-post","3":"status-publish","4":"format-standard","5":"has-post-thumbnail","7":"category-farandula","8":"tag-crisis-en-cuba","9":"tag-destacado","10":"tag-reguetoneros-cubanos","11":"tag-violencia-en-cuba","12":"tag-yomil"},"acf":[],"yoast_head":"<!-- This site is optimized with the Yoast SEO plugin v27.5 - https:\/\/yoast.com\/product\/yoast-seo-wordpress\/ -->\n<title>\u201cLa polic\u00eda no ha dado con ellos\u201d: Yomil expone a los presuntos asesinos de su amigo Tresto - Cuballama Noticias<\/title>\n<meta name=\"description\" content=\"Yomil denunci\u00f3 p\u00fablicamente a los presuntos responsables del asesinato de su amigo Reydiel de la Puente Hern\u00e1ndez, conocido como Tresto\" \/>\n<meta name=\"robots\" content=\"index, follow, max-snippet:-1, max-image-preview:large, max-video-preview:-1\" \/>\n<link rel=\"canonical\" href=\"https:\/\/www.cuballama.com\/noticias\/la-policia-no-ha-dado-con-ellos-yomil-expone-a-los-presuntos-asesinos-de-su-amigo-tresto\/\" \/>\n<meta property=\"og:locale\" content=\"es_ES\" \/>\n<meta property=\"og:type\" content=\"article\" \/>\n<meta property=\"og:title\" content=\"\u201cLa polic\u00eda no ha dado con ellos\u201d: Yomil expone a los presuntos asesinos de su amigo Tresto - Cuballama Noticias\" \/>\n<meta property=\"og:description\" content=\"Yomil denunci\u00f3 p\u00fablicamente a los presuntos responsables del asesinato de su amigo Reydiel de la Puente Hern\u00e1ndez, conocido como Tresto\" \/>\n<meta property=\"og:url\" content=\"https:\/\/www.cuballama.com\/noticias\/la-policia-no-ha-dado-con-ellos-yomil-expone-a-los-presuntos-asesinos-de-su-amigo-tresto\/\" \/>\n<meta property=\"og:site_name\" content=\"Cuballama Noticias\" \/>\n<meta property=\"article:publisher\" content=\"https:\/\/www.facebook.com\/CubaLlama\" \/>\n<meta property=\"article:published_time\" content=\"2026-03-06T12:10:11+00:00\" \/>\n<meta property=\"article:modified_time\" content=\"2026-03-06T12:10:13+00:00\" \/>\n<meta property=\"og:image\" content=\"https:\/\/cdn1.mediawpaccore.net\/wp-content\/uploads\/2026\/03\/06065759\/WhatsApp-Image-2026-03-06-at-12.56.10.jpeg\" \/>\n\t<meta property=\"og:image:width\" content=\"1889\" \/>\n\t<meta property=\"og:image:height\" content=\"1317\" \/>\n\t<meta property=\"og:image:type\" content=\"image\/jpeg\" \/>\n<meta name=\"author\" content=\"Rafa\" \/>\n<meta name=\"twitter:card\" content=\"summary_large_image\" \/>\n<meta name=\"twitter:creator\" content=\"@cuballama\" \/>\n<meta name=\"twitter:site\" content=\"@cuballama\" \/>\n<meta name=\"twitter:label1\" content=\"Escrito por\" \/>\n\t<meta name=\"twitter:data1\" content=\"Rafa\" \/>\n\t<meta name=\"twitter:label2\" content=\"Tiempo de lectura\" \/>\n\t<meta name=\"twitter:data2\" content=\"3 minutos\" \/>\n<script type=\"application\/ld+json\" class=\"yoast-schema-graph\">{\"@context\":\"https:\\\/\\\/schema.org\",\"@graph\":[{\"@type\":\"Article\",\"@id\":\"https:\\\/\\\/www.cuballama.com\\\/noticias\\\/la-policia-no-ha-dado-con-ellos-yomil-expone-a-los-presuntos-asesinos-de-su-amigo-tresto\\\/#article\",\"isPartOf\":{\"@id\":\"https:\\\/\\\/www.cuballama.com\\\/noticias\\\/la-policia-no-ha-dado-con-ellos-yomil-expone-a-los-presuntos-asesinos-de-su-amigo-tresto\\\/\"},\"author\":{\"name\":\"Rafa\",\"@id\":\"https:\\\/\\\/www.cuballama.com\\\/noticias\\\/#\\\/schema\\\/person\\\/0f97914526a658755f00e59ec2a832f2\"},\"headline\":\"\u201cLa polic\u00eda no ha dado con ellos\u201d: Yomil expone a los presuntos asesinos de su amigo Tresto\",\"datePublished\":\"2026-03-06T12:10:11+00:00\",\"dateModified\":\"2026-03-06T12:10:13+00:00\",\"mainEntityOfPage\":{\"@id\":\"https:\\\/\\\/www.cuballama.com\\\/noticias\\\/la-policia-no-ha-dado-con-ellos-yomil-expone-a-los-presuntos-asesinos-de-su-amigo-tresto\\\/\"},\"wordCount\":608,\"commentCount\":0,\"publisher\":{\"@id\":\"https:\\\/\\\/www.cuballama.com\\\/noticias\\\/#organization\"},\"image\":{\"@id\":\"https:\\\/\\\/www.cuballama.com\\\/noticias\\\/la-policia-no-ha-dado-con-ellos-yomil-expone-a-los-presuntos-asesinos-de-su-amigo-tresto\\\/#primaryimage\"},\"thumbnailUrl\":\"https:\\\/\\\/cdn1.mediawpaccore.net\\\/wp-content\\\/uploads\\\/2026\\\/03\\\/06065759\\\/WhatsApp-Image-2026-03-06-at-12.56.10.jpeg\",\"keywords\":[\"Crisis en Cuba\",\"destacado\",\"Reguetoneros cubanos\",\"violencia en Cuba\",\"Yomil\"],\"articleSection\":[\"Far\u00e1ndula\"],\"inLanguage\":\"es\",\"potentialAction\":[{\"@type\":\"CommentAction\",\"name\":\"Comment\",\"target\":[\"https:\\\/\\\/www.cuballama.com\\\/noticias\\\/la-policia-no-ha-dado-con-ellos-yomil-expone-a-los-presuntos-asesinos-de-su-amigo-tresto\\\/#respond\"]}]},{\"@type\":\"WebPage\",\"@id\":\"https:\\\/\\\/www.cuballama.com\\\/noticias\\\/la-policia-no-ha-dado-con-ellos-yomil-expone-a-los-presuntos-asesinos-de-su-amigo-tresto\\\/\",\"url\":\"https:\\\/\\\/www.cuballama.com\\\/noticias\\\/la-policia-no-ha-dado-con-ellos-yomil-expone-a-los-presuntos-asesinos-de-su-amigo-tresto\\\/\",\"name\":\"\u201cLa polic\u00eda no ha dado con ellos\u201d: Yomil expone a los presuntos asesinos de su amigo Tresto - Cuballama Noticias\",\"isPartOf\":{\"@id\":\"https:\\\/\\\/www.cuballama.com\\\/noticias\\\/#website\"},\"primaryImageOfPage\":{\"@id\":\"https:\\\/\\\/www.cuballama.com\\\/noticias\\\/la-policia-no-ha-dado-con-ellos-yomil-expone-a-los-presuntos-asesinos-de-su-amigo-tresto\\\/#primaryimage\"},\"image\":{\"@id\":\"https:\\\/\\\/www.cuballama.com\\\/noticias\\\/la-policia-no-ha-dado-con-ellos-yomil-expone-a-los-presuntos-asesinos-de-su-amigo-tresto\\\/#primaryimage\"},\"thumbnailUrl\":\"https:\\\/\\\/cdn1.mediawpaccore.net\\\/wp-content\\\/uploads\\\/2026\\\/03\\\/06065759\\\/WhatsApp-Image-2026-03-06-at-12.56.10.jpeg\",\"datePublished\":\"2026-03-06T12:10:11+00:00\",\"dateModified\":\"2026-03-06T12:10:13+00:00\",\"description\":\"Yomil denunci\u00f3 p\u00fablicamente a los presuntos responsables del asesinato de su amigo Reydiel de la Puente Hern\u00e1ndez, conocido como Tresto\",\"breadcrumb\":{\"@id\":\"https:\\\/\\\/www.cuballama.com\\\/noticias\\\/la-policia-no-ha-dado-con-ellos-yomil-expone-a-los-presuntos-asesinos-de-su-amigo-tresto\\\/#breadcrumb\"},\"inLanguage\":\"es\",\"potentialAction\":[{\"@type\":\"ReadAction\",\"target\":[\"https:\\\/\\\/www.cuballama.com\\\/noticias\\\/la-policia-no-ha-dado-con-ellos-yomil-expone-a-los-presuntos-asesinos-de-su-amigo-tresto\\\/\"]}]},{\"@type\":\"ImageObject\",\"inLanguage\":\"es\",\"@id\":\"https:\\\/\\\/www.cuballama.com\\\/noticias\\\/la-policia-no-ha-dado-con-ellos-yomil-expone-a-los-presuntos-asesinos-de-su-amigo-tresto\\\/#primaryimage\",\"url\":\"https:\\\/\\\/cdn1.mediawpaccore.net\\\/wp-content\\\/uploads\\\/2026\\\/03\\\/06065759\\\/WhatsApp-Image-2026-03-06-at-12.56.10.jpeg\",\"contentUrl\":\"https:\\\/\\\/cdn1.mediawpaccore.net\\\/wp-content\\\/uploads\\\/2026\\\/03\\\/06065759\\\/WhatsApp-Image-2026-03-06-at-12.56.10.jpeg\",\"width\":1889,\"height\":1317,\"caption\":\"\u201cLa polic\u00eda no ha dado con ellos\u201d: Yomil expone a los presuntos asesinos de su amigo Tresto. Foto: Historias de Instagram de Yomil\"},{\"@type\":\"BreadcrumbList\",\"@id\":\"https:\\\/\\\/www.cuballama.com\\\/noticias\\\/la-policia-no-ha-dado-con-ellos-yomil-expone-a-los-presuntos-asesinos-de-su-amigo-tresto\\\/#breadcrumb\",\"itemListElement\":[{\"@type\":\"ListItem\",\"position\":1,\"name\":\"Home\",\"item\":\"https:\\\/\\\/www.cuballama.com\\\/noticias\\\/\"},{\"@type\":\"ListItem\",\"position\":2,\"name\":\"\u201cLa polic\u00eda no ha dado con ellos\u201d: Yomil expone a los presuntos asesinos de su amigo Tresto\"}]},{\"@type\":\"WebSite\",\"@id\":\"https:\\\/\\\/www.cuballama.com\\\/noticias\\\/#website\",\"url\":\"https:\\\/\\\/www.cuballama.com\\\/noticias\\\/\",\"name\":\"Cuballama Noticias\",\"description\":\"Medio digital sobre Cuba y el mundo\",\"publisher\":{\"@id\":\"https:\\\/\\\/www.cuballama.com\\\/noticias\\\/#organization\"},\"potentialAction\":[{\"@type\":\"SearchAction\",\"target\":{\"@type\":\"EntryPoint\",\"urlTemplate\":\"https:\\\/\\\/www.cuballama.com\\\/noticias\\\/?s={search_term_string}\"},\"query-input\":{\"@type\":\"PropertyValueSpecification\",\"valueRequired\":true,\"valueName\":\"search_term_string\"}}],\"inLanguage\":\"es\"},{\"@type\":\"Organization\",\"@id\":\"https:\\\/\\\/www.cuballama.com\\\/noticias\\\/#organization\",\"name\":\"Cuballama\",\"url\":\"https:\\\/\\\/www.cuballama.com\\\/noticias\\\/\",\"logo\":{\"@type\":\"ImageObject\",\"inLanguage\":\"es\",\"@id\":\"https:\\\/\\\/www.cuballama.com\\\/noticias\\\/#\\\/schema\\\/logo\\\/image\\\/\",\"url\":\"https:\\\/\\\/cdn1.mediawpaccore.net\\\/wp-content\\\/uploads\\\/2021\\\/12\\\/28171206\\\/cbll-logo-color-sm.png\",\"contentUrl\":\"https:\\\/\\\/cdn1.mediawpaccore.net\\\/wp-content\\\/uploads\\\/2021\\\/12\\\/28171206\\\/cbll-logo-color-sm.png\",\"width\":600,\"height\":133,\"caption\":\"Cuballama\"},\"image\":{\"@id\":\"https:\\\/\\\/www.cuballama.com\\\/noticias\\\/#\\\/schema\\\/logo\\\/image\\\/\"},\"sameAs\":[\"https:\\\/\\\/www.facebook.com\\\/CubaLlama\",\"https:\\\/\\\/x.com\\\/cuballama\",\"https:\\\/\\\/www.instagram.com\\\/stories\\\/cuballama_oficial\\\/\",\"https:\\\/\\\/www.youtube.com\\\/channel\\\/UCKkFE-d_axENGZcrc4as0IA\"]},{\"@type\":\"Person\",\"@id\":\"https:\\\/\\\/www.cuballama.com\\\/noticias\\\/#\\\/schema\\\/person\\\/0f97914526a658755f00e59ec2a832f2\",\"name\":\"Rafa\",\"url\":\"https:\\\/\\\/www.cuballama.com\\\/noticias\\\/author\\\/rafa\\\/\"}]}<\/script>\n<!-- \/ Yoast SEO plugin. -->","yoast_head_json":{"title":"\u201cLa polic\u00eda no ha dado con ellos\u201d: Yomil expone a los presuntos asesinos de su amigo Tresto - Cuballama Noticias","description":"Yomil denunci\u00f3 p\u00fablicamente a los presuntos responsables del asesinato de su amigo Reydiel de la Puente Hern\u00e1ndez, conocido como Tresto","robots":{"index":"index","follow":"follow","max-snippet":"max-snippet:-1","max-image-preview":"max-image-preview:large","max-video-preview":"max-video-preview:-1"},"canonical":"https:\/\/www.cuballama.com\/noticias\/la-policia-no-ha-dado-con-ellos-yomil-expone-a-los-presuntos-asesinos-de-su-amigo-tresto\/","og_locale":"es_ES","og_type":"article","og_title":"\u201cLa polic\u00eda no ha dado con ellos\u201d: Yomil expone a los presuntos asesinos de su amigo Tresto - Cuballama Noticias","og_description":"Yomil denunci\u00f3 p\u00fablicamente a los presuntos responsables del asesinato de su amigo Reydiel de la Puente Hern\u00e1ndez, conocido como Tresto","og_url":"https:\/\/www.cuballama.com\/noticias\/la-policia-no-ha-dado-con-ellos-yomil-expone-a-los-presuntos-asesinos-de-su-amigo-tresto\/","og_site_name":"Cuballama Noticias","article_publisher":"https:\/\/www.facebook.com\/CubaLlama","article_published_time":"2026-03-06T12:10:11+00:00","article_modified_time":"2026-03-06T12:10:13+00:00","og_image":[{"width":1889,"height":1317,"url":"https:\/\/cdn1.mediawpaccore.net\/wp-content\/uploads\/2026\/03\/06065759\/WhatsApp-Image-2026-03-06-at-12.56.10.jpeg","type":"image\/jpeg"}],"author":"Rafa","twitter_card":"summary_large_image","twitter_creator":"@cuballama","twitter_site":"@cuballama","twitter_misc":{"Escrito por":"Rafa","Tiempo de lectura":"3 minutos"},"schema":{"@context":"https:\/\/schema.org","@graph":[{"@type":"Article","@id":"https:\/\/www.cuballama.com\/noticias\/la-policia-no-ha-dado-con-ellos-yomil-expone-a-los-presuntos-asesinos-de-su-amigo-tresto\/#article","isPartOf":{"@id":"https:\/\/www.cuballama.com\/noticias\/la-policia-no-ha-dado-con-ellos-yomil-expone-a-los-presuntos-asesinos-de-su-amigo-tresto\/"},"author":{"name":"Rafa","@id":"https:\/\/www.cuballama.com\/noticias\/#\/schema\/person\/0f97914526a658755f00e59ec2a832f2"},"headline":"\u201cLa polic\u00eda no ha dado con ellos\u201d: Yomil expone a los presuntos asesinos de su amigo Tresto","datePublished":"2026-03-06T12:10:11+00:00","dateModified":"2026-03-06T12:10:13+00:00","mainEntityOfPage":{"@id":"https:\/\/www.cuballama.com\/noticias\/la-policia-no-ha-dado-con-ellos-yomil-expone-a-los-presuntos-asesinos-de-su-amigo-tresto\/"},"wordCount":608,"commentCount":0,"publisher":{"@id":"https:\/\/www.cuballama.com\/noticias\/#organization"},"image":{"@id":"https:\/\/www.cuballama.com\/noticias\/la-policia-no-ha-dado-con-ellos-yomil-expone-a-los-presuntos-asesinos-de-su-amigo-tresto\/#primaryimage"},"thumbnailUrl":"https:\/\/cdn1.mediawpaccore.net\/wp-content\/uploads\/2026\/03\/06065759\/WhatsApp-Image-2026-03-06-at-12.56.10.jpeg","keywords":["Crisis en Cuba","destacado","Reguetoneros cubanos","violencia en Cuba","Yomil"],"articleSection":["Far\u00e1ndula"],"inLanguage":"es","potentialAction":[{"@type":"CommentAction","name":"Comment","target":["https:\/\/www.cuballama.com\/noticias\/la-policia-no-ha-dado-con-ellos-yomil-expone-a-los-presuntos-asesinos-de-su-amigo-tresto\/#respond"]}]},{"@type":"WebPage","@id":"https:\/\/www.cuballama.com\/noticias\/la-policia-no-ha-dado-con-ellos-yomil-expone-a-los-presuntos-asesinos-de-su-amigo-tresto\/","url":"https:\/\/www.cuballama.com\/noticias\/la-policia-no-ha-dado-con-ellos-yomil-expone-a-los-presuntos-asesinos-de-su-amigo-tresto\/","name":"\u201cLa polic\u00eda no ha dado con ellos\u201d: Yomil expone a los presuntos asesinos de su amigo Tresto - Cuballama Noticias","isPartOf":{"@id":"https:\/\/www.cuballama.com\/noticias\/#website"},"primaryImageOfPage":{"@id":"https:\/\/www.cuballama.com\/noticias\/la-policia-no-ha-dado-con-ellos-yomil-expone-a-los-presuntos-asesinos-de-su-amigo-tresto\/#primaryimage"},"image":{"@id":"https:\/\/www.cuballama.com\/noticias\/la-policia-no-ha-dado-con-ellos-yomil-expone-a-los-presuntos-asesinos-de-su-amigo-tresto\/#primaryimage"},"thumbnailUrl":"https:\/\/cdn1.mediawpaccore.net\/wp-content\/uploads\/2026\/03\/06065759\/WhatsApp-Image-2026-03-06-at-12.56.10.jpeg","datePublished":"2026-03-06T12:10:11+00:00","dateModified":"2026-03-06T12:10:13+00:00","description":"Yomil denunci\u00f3 p\u00fablicamente a los presuntos responsables del asesinato de su amigo Reydiel de la Puente Hern\u00e1ndez, conocido como Tresto","breadcrumb":{"@id":"https:\/\/www.cuballama.com\/noticias\/la-policia-no-ha-dado-con-ellos-yomil-expone-a-los-presuntos-asesinos-de-su-amigo-tresto\/#breadcrumb"},"inLanguage":"es","potentialAction":[{"@type":"ReadAction","target":["https:\/\/www.cuballama.com\/noticias\/la-policia-no-ha-dado-con-ellos-yomil-expone-a-los-presuntos-asesinos-de-su-amigo-tresto\/"]}]},{"@type":"ImageObject","inLanguage":"es","@id":"https:\/\/www.cuballama.com\/noticias\/la-policia-no-ha-dado-con-ellos-yomil-expone-a-los-presuntos-asesinos-de-su-amigo-tresto\/#primaryimage","url":"https:\/\/cdn1.mediawpaccore.net\/wp-content\/uploads\/2026\/03\/06065759\/WhatsApp-Image-2026-03-06-at-12.56.10.jpeg","contentUrl":"https:\/\/cdn1.mediawpaccore.net\/wp-content\/uploads\/2026\/03\/06065759\/WhatsApp-Image-2026-03-06-at-12.56.10.jpeg","width":1889,"height":1317,"caption":"\u201cLa polic\u00eda no ha dado con ellos\u201d: Yomil expone a los presuntos asesinos de su amigo Tresto. Foto: Historias de Instagram de Yomil"},{"@type":"BreadcrumbList","@id":"https:\/\/www.cuballama.com\/noticias\/la-policia-no-ha-dado-con-ellos-yomil-expone-a-los-presuntos-asesinos-de-su-amigo-tresto\/#breadcrumb","itemListElement":[{"@type":"ListItem","position":1,"name":"Home","item":"https:\/\/www.cuballama.com\/noticias\/"},{"@type":"ListItem","position":2,"name":"\u201cLa polic\u00eda no ha dado con ellos\u201d: Yomil expone a los presuntos asesinos de su amigo Tresto"}]},{"@type":"WebSite","@id":"https:\/\/www.cuballama.com\/noticias\/#website","url":"https:\/\/www.cuballama.com\/noticias\/","name":"Cuballama Noticias","description":"Medio digital sobre Cuba y el mundo","publisher":{"@id":"https:\/\/www.cuballama.com\/noticias\/#organization"},"potentialAction":[{"@type":"SearchAction","target":{"@type":"EntryPoint","urlTemplate":"https:\/\/www.cuballama.com\/noticias\/?s={search_term_string}"},"query-input":{"@type":"PropertyValueSpecification","valueRequired":true,"valueName":"search_term_string"}}],"inLanguage":"es"},{"@type":"Organization","@id":"https:\/\/www.cuballama.com\/noticias\/#organization","name":"Cuballama","url":"https:\/\/www.cuballama.com\/noticias\/","logo":{"@type":"ImageObject","inLanguage":"es","@id":"https:\/\/www.cuballama.com\/noticias\/#\/schema\/logo\/image\/","url":"https:\/\/cdn1.mediawpaccore.net\/wp-content\/uploads\/2021\/12\/28171206\/cbll-logo-color-sm.png","contentUrl":"https:\/\/cdn1.mediawpaccore.net\/wp-content\/uploads\/2021\/12\/28171206\/cbll-logo-color-sm.png","width":600,"height":133,"caption":"Cuballama"},"image":{"@id":"https:\/\/www.cuballama.com\/noticias\/#\/schema\/logo\/image\/"},"sameAs":["https:\/\/www.facebook.com\/CubaLlama","https:\/\/x.com\/cuballama","https:\/\/www.instagram.com\/stories\/cuballama_oficial\/","https:\/\/www.youtube.com\/channel\/UCKkFE-d_axENGZcrc4as0IA"]},{"@type":"Person","@id":"https:\/\/www.cuballama.com\/noticias\/#\/schema\/person\/0f97914526a658755f00e59ec2a832f2","name":"Rafa","url":"https:\/\/www.cuballama.com\/noticias\/author\/rafa\/"}]}},"_links":{"self":[{"href":"https:\/\/www.cuballama.com\/noticias\/wp-json\/wp\/v2\/posts\/237391","targetHints":{"allow":["GET"]}}],"collection":[{"href":"https:\/\/www.cuballama.com\/noticias\/wp-json\/wp\/v2\/posts"}],"about":[{"href":"https:\/\/www.cuballama.com\/noticias\/wp-json\/wp\/v2\/types\/post"}],"author":[{"embeddable":true,"href":"https:\/\/www.cuballama.com\/noticias\/wp-json\/wp\/v2\/users\/27"}],"replies":[{"embeddable":true,"href":"https:\/\/www.cuballama.com\/noticias\/wp-json\/wp\/v2\/comments?post=237391"}],"version-history":[{"count":1,"href":"https:\/\/www.cuballama.com\/noticias\/wp-json\/wp\/v2\/posts\/237391\/revisions"}],"predecessor-version":[{"id":237394,"href":"https:\/\/www.cuballama.com\/noticias\/wp-json\/wp\/v2\/posts\/237391\/revisions\/237394"}],"wp:featuredmedia":[{"embeddable":true,"href":"https:\/\/www.cuballama.com\/noticias\/wp-json\/wp\/v2\/media\/237392"}],"wp:attachment":[{"href":"https:\/\/www.cuballama.com\/noticias\/wp-json\/wp\/v2\/media?parent=237391"}],"wp:term":[{"taxonomy":"category","embeddable":true,"href":"https:\/\/www.cuballama.com\/noticias\/wp-json\/wp\/v2\/categories?post=237391"},{"taxonomy":"post_tag","embeddable":true,"href":"https:\/\/www.cuballama.com\/noticias\/wp-json\/wp\/v2\/tags?post=237391"}],"curies":[{"name":"wp","href":"https:\/\/api.w.org\/{rel}","templated":true}]}}