{"id":237389,"date":"2026-03-06T08:04:47","date_gmt":"2026-03-06T13:04:47","guid":{"rendered":"https:\/\/www.cuballama.com\/noticias\/?p=237389"},"modified":"2026-03-06T08:04:49","modified_gmt":"2026-03-06T13:04:49","slug":"el-micha-wow-popy-osmani-garcia-y-ahora-lkimii-tambien-se-cambia-el-color-de-los-ojos","status":"publish","type":"post","link":"https:\/\/www.cuballama.com\/noticias\/el-micha-wow-popy-osmani-garcia-y-ahora-lkimii-tambien-se-cambia-el-color-de-los-ojos\/","title":{"rendered":"El Micha, Wow Popy, Osmani Garc\u00eda\u2026 Y ahora L\u2019Kimii tambi\u00e9n se cambia el color de los ojos"},"content":{"rendered":"\n<p>El cambio permanente del color de los ojos se ha convertido en una de las tendencias est\u00e9ticas m\u00e1s comentadas entre artistas cubanos radicados en Miami. A la lista de m\u00fasicos que han decidido modificar su mirada ahora se suma el reguetonero L\u2019Kimii, quien recientemente revel\u00f3 que tambi\u00e9n se someti\u00f3 al procedimiento.<\/p>\n\n\n\n<p>El artista, cuyo nombre real es Osniel Andr\u00e9s Cobarrubia Alfonso, comparti\u00f3 la noticia con sus seguidores a trav\u00e9s de un video en su cuenta oficial de TikTok. En el clip aparece acostado, mostrando de cerca sus ojos a apenas d\u00edas de la intervenci\u00f3n y explicando que prefiri\u00f3 no anunciarlo antes.<\/p>\n\n\n\n<p><strong>Lea m\u00e1s: <a href=\"https:\/\/www.cuballama.com\/noticias\/la-maldicion-de-samantha-lkimii-enfrenta-una-disputa-legal-con-su-disquera-plus-media\/\" target=\"_blank\" rel=\"noreferrer noopener\">\u00bfLa maldici\u00f3n de Samantha? L\u2019Kimii enfrenta una disputa legal con su disquera Plus Media<\/a><\/strong><\/p>\n\n\n\n<p>\u201cFamilia, no quer\u00eda decirles nada, pero me hice el cambio de color de los ojos\u201d, coment\u00f3 mientras ense\u00f1aba el resultado. Seg\u00fan cont\u00f3, las molestias han sido m\u00ednimas durante la recuperaci\u00f3n. \u201cMe arde un poquito nada m\u00e1s, pero no me molesta ni nada\u201d, explic\u00f3.<\/p>\n\n\n\n<figure class=\"wp-block-embed is-type-video is-provider-tiktok wp-block-embed-tiktok\"><div class=\"wp-block-embed__wrapper\">\n<blockquote class=\"tiktok-embed\" cite=\"https:\/\/www.tiktok.com\/@osniel_kimii_music\/video\/7613586952465452319\" data-video-id=\"7613586952465452319\" data-embed-from=\"oembed\" style=\"max-width:605px; min-width:325px;\"> <section> <a target=\"_blank\" title=\"@osniel_kimii_music\" href=\"https:\/\/www.tiktok.com\/@osniel_kimii_music?refer=embed\">@osniel_kimii_music<\/a> <p>Bueno familia\u2026 no les quer\u00eda decir nada \ud83e\udd2d pero me hice el color de los ojos \ud83d\udc40\u2728 S\u00ed, as\u00ed mismo como lo est\u00e1n viendo\u2026 \u00bfQu\u00e9 dicen, me queda duro o qu\u00e9? \ud83d\ude0f\ud83d\udd25 Los leo en los comentarios \ud83d\udc47\ud83d\udcac<\/p> <a target=\"_blank\" title=\"\u266c sonido original - Osniel Kimii\" href=\"https:\/\/www.tiktok.com\/music\/sonido-original-7613586959235500830?refer=embed\">\u266c sonido original &#8211; Osniel Kimii<\/a> <\/section> <\/blockquote> <script async src=\"https:\/\/www.tiktok.com\/embed.js\"><\/script>\n<\/div><\/figure>\n\n\n\n<p>A diferencia de otras personas que buscan tonos claros como azul o verde, L\u2019Kimii asegur\u00f3 que opt\u00f3 por un color m\u00e1s oscuro. El cantante dijo haberse inspirado en los ojos de su padre, Juan Carlos, describiendo el tono elegido como un azul tan profundo que puede parecer negro.<\/p>\n\n\n\n<p>Con esta decisi\u00f3n, el reguetonero se une a otros artistas cubanos que en los \u00faltimos a\u00f1os han mostrado p\u00fablicamente resultados similares. Entre ellos figuran Osmani Garc\u00eda, Wow Popy, La Diosa, Eduardo Antonio y El Micha, quienes tambi\u00e9n han compartido en redes sociales sus experiencias con el cambio de color de ojos.<\/p>\n\n\n\n<p>La creciente visibilidad del procedimiento entre figuras del entretenimiento ha contribuido a que el tema genere debates en redes sociales, donde abundan tanto comentarios de admiraci\u00f3n como cr\u00edticas o bromas.<\/p>\n\n\n\n<p>El procedimiento que permite modificar el color de los ojos se conoce generalmente como queratopigmentaci\u00f3n o tatuaje corneal. Se trata de una t\u00e9cnica en la que se introducen pigmentos dentro de la c\u00f3rnea para alterar el color visible del iris.<\/p>\n\n\n\n<p><strong>Lea m\u00e1s: <a href=\"https:\/\/www.cuballama.com\/noticias\/ultrack-se-cambia-el-color-de-los-ojos-y-verde-que-me-pega\/\" target=\"_blank\" rel=\"noreferrer noopener\">Ultrack se cambia el color de los ojos: \u201cY verde, que me pega\u201d<\/a><\/strong><\/p>\n\n\n\n<p>Para realizarla, los especialistas utilizan l\u00e1ser de alta precisi\u00f3n que crea microcanales en la c\u00f3rnea, donde posteriormente se depositan los pigmentos biocompatibles. El procedimiento suele durar menos de una hora y se realiza con anestesia local.<\/p>\n\n\n\n<p>Aunque hoy se promociona con fines est\u00e9ticos, la queratopigmentaci\u00f3n fue desarrollada originalmente con objetivos m\u00e9dicos, por ejemplo para tratar defectos en el iris, cicatrices corneales o problemas de sensibilidad a la luz.<\/p>\n\n\n\n<p>M\u00e1s all\u00e1 de las advertencias m\u00e9dicas, la popularidad del cambio de color de ojos sigue creciendo, en parte impulsada por la exposici\u00f3n que le han dado artistas e influencers en plataformas como Instagram o TikTok. Cada nueva intervenci\u00f3n genera miles de comentarios, memes y debates sobre los l\u00edmites de la cirug\u00eda est\u00e9tica.<\/p>\n\n\n\n<p>Ahora, con L\u2019Kimii sum\u00e1ndose a la lista, la tendencia vuelve a colocarse en el centro de la conversaci\u00f3n digital entre los seguidores del g\u00e9nero urbano cubano.<\/p>\n","protected":false},"excerpt":{"rendered":"<p>El joven artista asegura que se hizo el procedimiento en honor a su padre<\/p>\n","protected":false},"author":27,"featured_media":237399,"comment_status":"open","ping_status":"closed","sticky":false,"template":"","format":"standard","meta":{"_acf_changed":false,"footnotes":""},"categories":[443],"tags":[22535,21190,11050,20326,6160],"class_list":{"0":"post-237389","1":"post","2":"type-post","3":"status-publish","4":"format-standard","5":"has-post-thumbnail","7":"category-farandula","8":"tag-cambio-de-color-de-ojos","9":"tag-cirugia-estetica-2","10":"tag-cubanos-en-miami","11":"tag-el-kimii","12":"tag-reguetoneros-cubanos"},"acf":[],"yoast_head":"<!-- This site is optimized with the Yoast SEO plugin v27.5 - https:\/\/yoast.com\/product\/yoast-seo-wordpress\/ -->\n<title>El Micha, Wow Popy, Osmani Garc\u00eda\u2026 Y ahora L\u2019Kimii tambi\u00e9n se cambia el color de los ojos - Cuballama Noticias<\/title>\n<meta name=\"description\" content=\"\u201cFamilia, no quer\u00eda decirles nada, pero me hice el cambio de color de los ojos\u201d, coment\u00f3 Kimii mientras ense\u00f1aba el resultado\" \/>\n<meta name=\"robots\" content=\"index, follow, max-snippet:-1, max-image-preview:large, max-video-preview:-1\" \/>\n<link rel=\"canonical\" href=\"https:\/\/www.cuballama.com\/noticias\/el-micha-wow-popy-osmani-garcia-y-ahora-lkimii-tambien-se-cambia-el-color-de-los-ojos\/\" \/>\n<meta property=\"og:locale\" content=\"es_ES\" \/>\n<meta property=\"og:type\" content=\"article\" \/>\n<meta property=\"og:title\" content=\"El Micha, Wow Popy, Osmani Garc\u00eda\u2026 Y ahora L\u2019Kimii tambi\u00e9n se cambia el color de los ojos - Cuballama Noticias\" \/>\n<meta property=\"og:description\" content=\"\u201cFamilia, no quer\u00eda decirles nada, pero me hice el cambio de color de los ojos\u201d, coment\u00f3 Kimii mientras ense\u00f1aba el resultado\" \/>\n<meta property=\"og:url\" content=\"https:\/\/www.cuballama.com\/noticias\/el-micha-wow-popy-osmani-garcia-y-ahora-lkimii-tambien-se-cambia-el-color-de-los-ojos\/\" \/>\n<meta property=\"og:site_name\" content=\"Cuballama Noticias\" \/>\n<meta property=\"article:publisher\" content=\"https:\/\/www.facebook.com\/CubaLlama\" \/>\n<meta property=\"article:published_time\" content=\"2026-03-06T13:04:47+00:00\" \/>\n<meta property=\"article:modified_time\" content=\"2026-03-06T13:04:49+00:00\" \/>\n<meta property=\"og:image\" content=\"https:\/\/cdn1.mediawpaccore.net\/wp-content\/uploads\/2026\/03\/06074557\/WhatsApp-Image-2026-03-06-at-13.45.35.jpeg\" \/>\n\t<meta property=\"og:image:width\" content=\"1889\" \/>\n\t<meta property=\"og:image:height\" content=\"1280\" \/>\n\t<meta property=\"og:image:type\" content=\"image\/jpeg\" \/>\n<meta name=\"author\" content=\"Rafa\" \/>\n<meta name=\"twitter:card\" content=\"summary_large_image\" \/>\n<meta name=\"twitter:creator\" content=\"@cuballama\" \/>\n<meta name=\"twitter:site\" content=\"@cuballama\" \/>\n<meta name=\"twitter:label1\" content=\"Escrito por\" \/>\n\t<meta name=\"twitter:data1\" content=\"Rafa\" \/>\n\t<meta name=\"twitter:label2\" content=\"Tiempo de lectura\" \/>\n\t<meta name=\"twitter:data2\" content=\"3 minutos\" \/>\n<script type=\"application\/ld+json\" class=\"yoast-schema-graph\">{\"@context\":\"https:\\\/\\\/schema.org\",\"@graph\":[{\"@type\":\"Article\",\"@id\":\"https:\\\/\\\/www.cuballama.com\\\/noticias\\\/el-micha-wow-popy-osmani-garcia-y-ahora-lkimii-tambien-se-cambia-el-color-de-los-ojos\\\/#article\",\"isPartOf\":{\"@id\":\"https:\\\/\\\/www.cuballama.com\\\/noticias\\\/el-micha-wow-popy-osmani-garcia-y-ahora-lkimii-tambien-se-cambia-el-color-de-los-ojos\\\/\"},\"author\":{\"name\":\"Rafa\",\"@id\":\"https:\\\/\\\/www.cuballama.com\\\/noticias\\\/#\\\/schema\\\/person\\\/0f97914526a658755f00e59ec2a832f2\"},\"headline\":\"El Micha, Wow Popy, Osmani Garc\u00eda\u2026 Y ahora L\u2019Kimii tambi\u00e9n se cambia el color de los ojos\",\"datePublished\":\"2026-03-06T13:04:47+00:00\",\"dateModified\":\"2026-03-06T13:04:49+00:00\",\"mainEntityOfPage\":{\"@id\":\"https:\\\/\\\/www.cuballama.com\\\/noticias\\\/el-micha-wow-popy-osmani-garcia-y-ahora-lkimii-tambien-se-cambia-el-color-de-los-ojos\\\/\"},\"wordCount\":566,\"commentCount\":0,\"publisher\":{\"@id\":\"https:\\\/\\\/www.cuballama.com\\\/noticias\\\/#organization\"},\"image\":{\"@id\":\"https:\\\/\\\/www.cuballama.com\\\/noticias\\\/el-micha-wow-popy-osmani-garcia-y-ahora-lkimii-tambien-se-cambia-el-color-de-los-ojos\\\/#primaryimage\"},\"thumbnailUrl\":\"https:\\\/\\\/cdn1.mediawpaccore.net\\\/wp-content\\\/uploads\\\/2026\\\/03\\\/06074557\\\/WhatsApp-Image-2026-03-06-at-13.45.35.jpeg\",\"keywords\":[\"cambio de color de ojos\",\"cirug\u00eda est\u00e9tica\",\"cubanos en Miami\",\"El Kimii\",\"Reguetoneros cubanos\"],\"articleSection\":[\"Far\u00e1ndula\"],\"inLanguage\":\"es\",\"potentialAction\":[{\"@type\":\"CommentAction\",\"name\":\"Comment\",\"target\":[\"https:\\\/\\\/www.cuballama.com\\\/noticias\\\/el-micha-wow-popy-osmani-garcia-y-ahora-lkimii-tambien-se-cambia-el-color-de-los-ojos\\\/#respond\"]}]},{\"@type\":\"WebPage\",\"@id\":\"https:\\\/\\\/www.cuballama.com\\\/noticias\\\/el-micha-wow-popy-osmani-garcia-y-ahora-lkimii-tambien-se-cambia-el-color-de-los-ojos\\\/\",\"url\":\"https:\\\/\\\/www.cuballama.com\\\/noticias\\\/el-micha-wow-popy-osmani-garcia-y-ahora-lkimii-tambien-se-cambia-el-color-de-los-ojos\\\/\",\"name\":\"El Micha, Wow Popy, Osmani Garc\u00eda\u2026 Y ahora L\u2019Kimii tambi\u00e9n se cambia el color de los ojos - Cuballama Noticias\",\"isPartOf\":{\"@id\":\"https:\\\/\\\/www.cuballama.com\\\/noticias\\\/#website\"},\"primaryImageOfPage\":{\"@id\":\"https:\\\/\\\/www.cuballama.com\\\/noticias\\\/el-micha-wow-popy-osmani-garcia-y-ahora-lkimii-tambien-se-cambia-el-color-de-los-ojos\\\/#primaryimage\"},\"image\":{\"@id\":\"https:\\\/\\\/www.cuballama.com\\\/noticias\\\/el-micha-wow-popy-osmani-garcia-y-ahora-lkimii-tambien-se-cambia-el-color-de-los-ojos\\\/#primaryimage\"},\"thumbnailUrl\":\"https:\\\/\\\/cdn1.mediawpaccore.net\\\/wp-content\\\/uploads\\\/2026\\\/03\\\/06074557\\\/WhatsApp-Image-2026-03-06-at-13.45.35.jpeg\",\"datePublished\":\"2026-03-06T13:04:47+00:00\",\"dateModified\":\"2026-03-06T13:04:49+00:00\",\"description\":\"\u201cFamilia, no quer\u00eda decirles nada, pero me hice el cambio de color de los ojos\u201d, coment\u00f3 Kimii mientras ense\u00f1aba el resultado\",\"breadcrumb\":{\"@id\":\"https:\\\/\\\/www.cuballama.com\\\/noticias\\\/el-micha-wow-popy-osmani-garcia-y-ahora-lkimii-tambien-se-cambia-el-color-de-los-ojos\\\/#breadcrumb\"},\"inLanguage\":\"es\",\"potentialAction\":[{\"@type\":\"ReadAction\",\"target\":[\"https:\\\/\\\/www.cuballama.com\\\/noticias\\\/el-micha-wow-popy-osmani-garcia-y-ahora-lkimii-tambien-se-cambia-el-color-de-los-ojos\\\/\"]}]},{\"@type\":\"ImageObject\",\"inLanguage\":\"es\",\"@id\":\"https:\\\/\\\/www.cuballama.com\\\/noticias\\\/el-micha-wow-popy-osmani-garcia-y-ahora-lkimii-tambien-se-cambia-el-color-de-los-ojos\\\/#primaryimage\",\"url\":\"https:\\\/\\\/cdn1.mediawpaccore.net\\\/wp-content\\\/uploads\\\/2026\\\/03\\\/06074557\\\/WhatsApp-Image-2026-03-06-at-13.45.35.jpeg\",\"contentUrl\":\"https:\\\/\\\/cdn1.mediawpaccore.net\\\/wp-content\\\/uploads\\\/2026\\\/03\\\/06074557\\\/WhatsApp-Image-2026-03-06-at-13.45.35.jpeg\",\"width\":1889,\"height\":1280,\"caption\":\"El Micha, Wow Popy, Osmani Garc\u00eda\u2026 Y ahora L\u2019Kimii tambi\u00e9n se cambia el color de los ojos. Foto: L'Kimii\\\/TikTok\"},{\"@type\":\"BreadcrumbList\",\"@id\":\"https:\\\/\\\/www.cuballama.com\\\/noticias\\\/el-micha-wow-popy-osmani-garcia-y-ahora-lkimii-tambien-se-cambia-el-color-de-los-ojos\\\/#breadcrumb\",\"itemListElement\":[{\"@type\":\"ListItem\",\"position\":1,\"name\":\"Home\",\"item\":\"https:\\\/\\\/www.cuballama.com\\\/noticias\\\/\"},{\"@type\":\"ListItem\",\"position\":2,\"name\":\"El Micha, Wow Popy, Osmani Garc\u00eda\u2026 Y ahora L\u2019Kimii tambi\u00e9n se cambia el color de los ojos\"}]},{\"@type\":\"WebSite\",\"@id\":\"https:\\\/\\\/www.cuballama.com\\\/noticias\\\/#website\",\"url\":\"https:\\\/\\\/www.cuballama.com\\\/noticias\\\/\",\"name\":\"Cuballama Noticias\",\"description\":\"Medio digital sobre Cuba y el mundo\",\"publisher\":{\"@id\":\"https:\\\/\\\/www.cuballama.com\\\/noticias\\\/#organization\"},\"potentialAction\":[{\"@type\":\"SearchAction\",\"target\":{\"@type\":\"EntryPoint\",\"urlTemplate\":\"https:\\\/\\\/www.cuballama.com\\\/noticias\\\/?s={search_term_string}\"},\"query-input\":{\"@type\":\"PropertyValueSpecification\",\"valueRequired\":true,\"valueName\":\"search_term_string\"}}],\"inLanguage\":\"es\"},{\"@type\":\"Organization\",\"@id\":\"https:\\\/\\\/www.cuballama.com\\\/noticias\\\/#organization\",\"name\":\"Cuballama\",\"url\":\"https:\\\/\\\/www.cuballama.com\\\/noticias\\\/\",\"logo\":{\"@type\":\"ImageObject\",\"inLanguage\":\"es\",\"@id\":\"https:\\\/\\\/www.cuballama.com\\\/noticias\\\/#\\\/schema\\\/logo\\\/image\\\/\",\"url\":\"https:\\\/\\\/cdn1.mediawpaccore.net\\\/wp-content\\\/uploads\\\/2021\\\/12\\\/28171206\\\/cbll-logo-color-sm.png\",\"contentUrl\":\"https:\\\/\\\/cdn1.mediawpaccore.net\\\/wp-content\\\/uploads\\\/2021\\\/12\\\/28171206\\\/cbll-logo-color-sm.png\",\"width\":600,\"height\":133,\"caption\":\"Cuballama\"},\"image\":{\"@id\":\"https:\\\/\\\/www.cuballama.com\\\/noticias\\\/#\\\/schema\\\/logo\\\/image\\\/\"},\"sameAs\":[\"https:\\\/\\\/www.facebook.com\\\/CubaLlama\",\"https:\\\/\\\/x.com\\\/cuballama\",\"https:\\\/\\\/www.instagram.com\\\/stories\\\/cuballama_oficial\\\/\",\"https:\\\/\\\/www.youtube.com\\\/channel\\\/UCKkFE-d_axENGZcrc4as0IA\"]},{\"@type\":\"Person\",\"@id\":\"https:\\\/\\\/www.cuballama.com\\\/noticias\\\/#\\\/schema\\\/person\\\/0f97914526a658755f00e59ec2a832f2\",\"name\":\"Rafa\",\"url\":\"https:\\\/\\\/www.cuballama.com\\\/noticias\\\/author\\\/rafa\\\/\"}]}<\/script>\n<!-- \/ Yoast SEO plugin. -->","yoast_head_json":{"title":"El Micha, Wow Popy, Osmani Garc\u00eda\u2026 Y ahora L\u2019Kimii tambi\u00e9n se cambia el color de los ojos - Cuballama Noticias","description":"\u201cFamilia, no quer\u00eda decirles nada, pero me hice el cambio de color de los ojos\u201d, coment\u00f3 Kimii mientras ense\u00f1aba el resultado","robots":{"index":"index","follow":"follow","max-snippet":"max-snippet:-1","max-image-preview":"max-image-preview:large","max-video-preview":"max-video-preview:-1"},"canonical":"https:\/\/www.cuballama.com\/noticias\/el-micha-wow-popy-osmani-garcia-y-ahora-lkimii-tambien-se-cambia-el-color-de-los-ojos\/","og_locale":"es_ES","og_type":"article","og_title":"El Micha, Wow Popy, Osmani Garc\u00eda\u2026 Y ahora L\u2019Kimii tambi\u00e9n se cambia el color de los ojos - Cuballama Noticias","og_description":"\u201cFamilia, no quer\u00eda decirles nada, pero me hice el cambio de color de los ojos\u201d, coment\u00f3 Kimii mientras ense\u00f1aba el resultado","og_url":"https:\/\/www.cuballama.com\/noticias\/el-micha-wow-popy-osmani-garcia-y-ahora-lkimii-tambien-se-cambia-el-color-de-los-ojos\/","og_site_name":"Cuballama Noticias","article_publisher":"https:\/\/www.facebook.com\/CubaLlama","article_published_time":"2026-03-06T13:04:47+00:00","article_modified_time":"2026-03-06T13:04:49+00:00","og_image":[{"width":1889,"height":1280,"url":"https:\/\/cdn1.mediawpaccore.net\/wp-content\/uploads\/2026\/03\/06074557\/WhatsApp-Image-2026-03-06-at-13.45.35.jpeg","type":"image\/jpeg"}],"author":"Rafa","twitter_card":"summary_large_image","twitter_creator":"@cuballama","twitter_site":"@cuballama","twitter_misc":{"Escrito por":"Rafa","Tiempo de lectura":"3 minutos"},"schema":{"@context":"https:\/\/schema.org","@graph":[{"@type":"Article","@id":"https:\/\/www.cuballama.com\/noticias\/el-micha-wow-popy-osmani-garcia-y-ahora-lkimii-tambien-se-cambia-el-color-de-los-ojos\/#article","isPartOf":{"@id":"https:\/\/www.cuballama.com\/noticias\/el-micha-wow-popy-osmani-garcia-y-ahora-lkimii-tambien-se-cambia-el-color-de-los-ojos\/"},"author":{"name":"Rafa","@id":"https:\/\/www.cuballama.com\/noticias\/#\/schema\/person\/0f97914526a658755f00e59ec2a832f2"},"headline":"El Micha, Wow Popy, Osmani Garc\u00eda\u2026 Y ahora L\u2019Kimii tambi\u00e9n se cambia el color de los ojos","datePublished":"2026-03-06T13:04:47+00:00","dateModified":"2026-03-06T13:04:49+00:00","mainEntityOfPage":{"@id":"https:\/\/www.cuballama.com\/noticias\/el-micha-wow-popy-osmani-garcia-y-ahora-lkimii-tambien-se-cambia-el-color-de-los-ojos\/"},"wordCount":566,"commentCount":0,"publisher":{"@id":"https:\/\/www.cuballama.com\/noticias\/#organization"},"image":{"@id":"https:\/\/www.cuballama.com\/noticias\/el-micha-wow-popy-osmani-garcia-y-ahora-lkimii-tambien-se-cambia-el-color-de-los-ojos\/#primaryimage"},"thumbnailUrl":"https:\/\/cdn1.mediawpaccore.net\/wp-content\/uploads\/2026\/03\/06074557\/WhatsApp-Image-2026-03-06-at-13.45.35.jpeg","keywords":["cambio de color de ojos","cirug\u00eda est\u00e9tica","cubanos en Miami","El Kimii","Reguetoneros cubanos"],"articleSection":["Far\u00e1ndula"],"inLanguage":"es","potentialAction":[{"@type":"CommentAction","name":"Comment","target":["https:\/\/www.cuballama.com\/noticias\/el-micha-wow-popy-osmani-garcia-y-ahora-lkimii-tambien-se-cambia-el-color-de-los-ojos\/#respond"]}]},{"@type":"WebPage","@id":"https:\/\/www.cuballama.com\/noticias\/el-micha-wow-popy-osmani-garcia-y-ahora-lkimii-tambien-se-cambia-el-color-de-los-ojos\/","url":"https:\/\/www.cuballama.com\/noticias\/el-micha-wow-popy-osmani-garcia-y-ahora-lkimii-tambien-se-cambia-el-color-de-los-ojos\/","name":"El Micha, Wow Popy, Osmani Garc\u00eda\u2026 Y ahora L\u2019Kimii tambi\u00e9n se cambia el color de los ojos - Cuballama Noticias","isPartOf":{"@id":"https:\/\/www.cuballama.com\/noticias\/#website"},"primaryImageOfPage":{"@id":"https:\/\/www.cuballama.com\/noticias\/el-micha-wow-popy-osmani-garcia-y-ahora-lkimii-tambien-se-cambia-el-color-de-los-ojos\/#primaryimage"},"image":{"@id":"https:\/\/www.cuballama.com\/noticias\/el-micha-wow-popy-osmani-garcia-y-ahora-lkimii-tambien-se-cambia-el-color-de-los-ojos\/#primaryimage"},"thumbnailUrl":"https:\/\/cdn1.mediawpaccore.net\/wp-content\/uploads\/2026\/03\/06074557\/WhatsApp-Image-2026-03-06-at-13.45.35.jpeg","datePublished":"2026-03-06T13:04:47+00:00","dateModified":"2026-03-06T13:04:49+00:00","description":"\u201cFamilia, no quer\u00eda decirles nada, pero me hice el cambio de color de los ojos\u201d, coment\u00f3 Kimii mientras ense\u00f1aba el resultado","breadcrumb":{"@id":"https:\/\/www.cuballama.com\/noticias\/el-micha-wow-popy-osmani-garcia-y-ahora-lkimii-tambien-se-cambia-el-color-de-los-ojos\/#breadcrumb"},"inLanguage":"es","potentialAction":[{"@type":"ReadAction","target":["https:\/\/www.cuballama.com\/noticias\/el-micha-wow-popy-osmani-garcia-y-ahora-lkimii-tambien-se-cambia-el-color-de-los-ojos\/"]}]},{"@type":"ImageObject","inLanguage":"es","@id":"https:\/\/www.cuballama.com\/noticias\/el-micha-wow-popy-osmani-garcia-y-ahora-lkimii-tambien-se-cambia-el-color-de-los-ojos\/#primaryimage","url":"https:\/\/cdn1.mediawpaccore.net\/wp-content\/uploads\/2026\/03\/06074557\/WhatsApp-Image-2026-03-06-at-13.45.35.jpeg","contentUrl":"https:\/\/cdn1.mediawpaccore.net\/wp-content\/uploads\/2026\/03\/06074557\/WhatsApp-Image-2026-03-06-at-13.45.35.jpeg","width":1889,"height":1280,"caption":"El Micha, Wow Popy, Osmani Garc\u00eda\u2026 Y ahora L\u2019Kimii tambi\u00e9n se cambia el color de los ojos. Foto: L'Kimii\/TikTok"},{"@type":"BreadcrumbList","@id":"https:\/\/www.cuballama.com\/noticias\/el-micha-wow-popy-osmani-garcia-y-ahora-lkimii-tambien-se-cambia-el-color-de-los-ojos\/#breadcrumb","itemListElement":[{"@type":"ListItem","position":1,"name":"Home","item":"https:\/\/www.cuballama.com\/noticias\/"},{"@type":"ListItem","position":2,"name":"El Micha, Wow Popy, Osmani Garc\u00eda\u2026 Y ahora L\u2019Kimii tambi\u00e9n se cambia el color de los ojos"}]},{"@type":"WebSite","@id":"https:\/\/www.cuballama.com\/noticias\/#website","url":"https:\/\/www.cuballama.com\/noticias\/","name":"Cuballama Noticias","description":"Medio digital sobre Cuba y el mundo","publisher":{"@id":"https:\/\/www.cuballama.com\/noticias\/#organization"},"potentialAction":[{"@type":"SearchAction","target":{"@type":"EntryPoint","urlTemplate":"https:\/\/www.cuballama.com\/noticias\/?s={search_term_string}"},"query-input":{"@type":"PropertyValueSpecification","valueRequired":true,"valueName":"search_term_string"}}],"inLanguage":"es"},{"@type":"Organization","@id":"https:\/\/www.cuballama.com\/noticias\/#organization","name":"Cuballama","url":"https:\/\/www.cuballama.com\/noticias\/","logo":{"@type":"ImageObject","inLanguage":"es","@id":"https:\/\/www.cuballama.com\/noticias\/#\/schema\/logo\/image\/","url":"https:\/\/cdn1.mediawpaccore.net\/wp-content\/uploads\/2021\/12\/28171206\/cbll-logo-color-sm.png","contentUrl":"https:\/\/cdn1.mediawpaccore.net\/wp-content\/uploads\/2021\/12\/28171206\/cbll-logo-color-sm.png","width":600,"height":133,"caption":"Cuballama"},"image":{"@id":"https:\/\/www.cuballama.com\/noticias\/#\/schema\/logo\/image\/"},"sameAs":["https:\/\/www.facebook.com\/CubaLlama","https:\/\/x.com\/cuballama","https:\/\/www.instagram.com\/stories\/cuballama_oficial\/","https:\/\/www.youtube.com\/channel\/UCKkFE-d_axENGZcrc4as0IA"]},{"@type":"Person","@id":"https:\/\/www.cuballama.com\/noticias\/#\/schema\/person\/0f97914526a658755f00e59ec2a832f2","name":"Rafa","url":"https:\/\/www.cuballama.com\/noticias\/author\/rafa\/"}]}},"_links":{"self":[{"href":"https:\/\/www.cuballama.com\/noticias\/wp-json\/wp\/v2\/posts\/237389","targetHints":{"allow":["GET"]}}],"collection":[{"href":"https:\/\/www.cuballama.com\/noticias\/wp-json\/wp\/v2\/posts"}],"about":[{"href":"https:\/\/www.cuballama.com\/noticias\/wp-json\/wp\/v2\/types\/post"}],"author":[{"embeddable":true,"href":"https:\/\/www.cuballama.com\/noticias\/wp-json\/wp\/v2\/users\/27"}],"replies":[{"embeddable":true,"href":"https:\/\/www.cuballama.com\/noticias\/wp-json\/wp\/v2\/comments?post=237389"}],"version-history":[{"count":1,"href":"https:\/\/www.cuballama.com\/noticias\/wp-json\/wp\/v2\/posts\/237389\/revisions"}],"predecessor-version":[{"id":237405,"href":"https:\/\/www.cuballama.com\/noticias\/wp-json\/wp\/v2\/posts\/237389\/revisions\/237405"}],"wp:featuredmedia":[{"embeddable":true,"href":"https:\/\/www.cuballama.com\/noticias\/wp-json\/wp\/v2\/media\/237399"}],"wp:attachment":[{"href":"https:\/\/www.cuballama.com\/noticias\/wp-json\/wp\/v2\/media?parent=237389"}],"wp:term":[{"taxonomy":"category","embeddable":true,"href":"https:\/\/www.cuballama.com\/noticias\/wp-json\/wp\/v2\/categories?post=237389"},{"taxonomy":"post_tag","embeddable":true,"href":"https:\/\/www.cuballama.com\/noticias\/wp-json\/wp\/v2\/tags?post=237389"}],"curies":[{"name":"wp","href":"https:\/\/api.w.org\/{rel}","templated":true}]}}