{"id":237382,"date":"2026-03-06T14:42:18","date_gmt":"2026-03-06T19:42:18","guid":{"rendered":"https:\/\/www.cuballama.com\/noticias\/?p=237382"},"modified":"2026-03-06T14:42:21","modified_gmt":"2026-03-06T19:42:21","slug":"trump-calienta-y-esta-a-punto-de-sacudir-la-mata-para-revolver-el-avispero-en-cuba","status":"publish","type":"post","link":"https:\/\/www.cuballama.com\/noticias\/trump-calienta-y-esta-a-punto-de-sacudir-la-mata-para-revolver-el-avispero-en-cuba\/","title":{"rendered":"Trump calienta y est\u00e1 a punto de sacudir la mata para revolver el avispero en Cuba"},"content":{"rendered":"\n<p>Durante los \u00faltimos d\u00edas, una cadena de declaraciones del presidente de Estados Unidos, Donald Trump, ha colocado nuevamente a Cuba en el centro del debate pol\u00edtico dentro y fuera de la isla. No se trata de una sola frase suelta. Son varias, pronunciadas en distintos momentos y contextos, que juntas forman una narrativa que muchos en Miami y en el exilio cubano est\u00e1n leyendo como se\u00f1ales de que algo se est\u00e1 moviendo. <\/p>\n\n\n\n<p>La secuencia comenz\u00f3 durante un evento en la Casa Blanca con el club Inter Miami, donde Trump lanz\u00f3 un comentario que r\u00e1pidamente se volvi\u00f3 titular: \u201cQuiero esperar un par de semanas\u2026 pero sospecho que pronto estaremos celebrando lo que est\u00e1 pasando en Cuba\u201d. La frase, dirigida al empresario cubanoamericano Jorge Mas, dej\u00f3 flotando la idea de que podr\u00edan venir cambios en la isla, aunque el mandatario no ofreci\u00f3 detalles concretos sobre qu\u00e9 tipo de acontecimientos anticipa.<\/p>\n\n\n\n<p>En el mismo acto, Trump fue a\u00fan m\u00e1s expl\u00edcito al referirse al secretario de Estado, Marco Rubio, uno de los pol\u00edticos estadounidenses m\u00e1s asociados con la pol\u00edtica hacia Cuba. \u201cTu pr\u00f3ximo proyecto ser\u00e1 Cuba\u201d, le dijo frente a los presentes. El comentario fue interpretado como una se\u00f1al de que el tema cubano podr\u00eda convertirse en una prioridad dentro de la agenda de la administraci\u00f3n estadounidense.<\/p>\n\n\n\n<p>El propio Trump reforz\u00f3 esa idea al afirmar que \u201clo que est\u00e1 pasando en Cuba es incre\u00edble\u2026 lo vamos a arreglar\u201d. En ese mismo momento habl\u00f3 de la posibilidad de que muchos cubanos que hoy viven en el exterior puedan regresar alg\u00fan d\u00eda a la isla.<\/p>\n\n\n\n<p>La ret\u00f3rica no se detuvo ah\u00ed. En otras declaraciones, el presidente asegur\u00f3 que el gobierno cubano estar\u00eda \u201cdesesperado\u201d por alcanzar alg\u00fan tipo de acuerdo con Washington, insinuando que desde La Habana existir\u00eda inter\u00e9s en negociar con Estados Unidos en medio de la crisis econ\u00f3mica que atraviesa el pa\u00eds.<\/p>\n\n\n\n<p>Incluso lleg\u00f3 a plantear una predicci\u00f3n m\u00e1s directa sobre el futuro del r\u00e9gimen. En una entrevista telef\u00f3nica, Trump afirm\u00f3 que \u201cCuba tambi\u00e9n va a caer\u201d, y atribuy\u00f3 el deterioro actual de la situaci\u00f3n en la isla a las medidas de presi\u00f3n impulsadas por su administraci\u00f3n, incluyendo restricciones energ\u00e9ticas que han afectado el flujo de recursos provenientes de Venezuela.<\/p>\n\n\n\n<p>Dentro de ese mismo discurso, Trump tambi\u00e9n se ha encargado de reforzar el papel de Rubio en la estrategia hacia La Habana. Durante una de sus intervenciones lo elogi\u00f3 p\u00fablicamente y asegur\u00f3 que su gesti\u00f3n ser\u00e1 recordada como \u201cla del mejor secretario de Estado en la historia del pa\u00eds\u201d, al tiempo que dejaba entrever que el expediente Cuba podr\u00eda quedar bajo su responsabilidad pol\u00edtica.<\/p>\n\n\n\n<p>No es la primera vez que el presidente habla en esos t\u00e9rminos. En semanas anteriores tambi\u00e9n hab\u00eda confirmado que su gobierno manten\u00eda conversaciones \u201ca muy alto nivel\u201d relacionadas con Cuba y que Rubio estaba involucrado directamente en esos contactos.<\/p>\n\n\n\n<p>Cuando se ponen todas estas frases juntas, el cuadro que emerge es el de una administraci\u00f3n que vuelve a colocar a Cuba en su radar estrat\u00e9gico. Analistas y comentaristas en redes sociales interpretan que Washington podr\u00eda estar preparando alg\u00fan tipo de movimiento diplom\u00e1tico o pol\u00edtico relacionado con la isla, aunque por ahora todo permanece en el terreno de las insinuaciones.<\/p>\n\n\n\n<p>Mientras tanto, dentro del exilio cubano las palabras de Trump han vuelto a encender expectativas. Cada frase, cada gui\u00f1o, cada referencia a \u201clo que est\u00e1 pasando en Cuba\u201d alimenta una lectura que muchos resumen con un lenguaje muy cubano: el presidente est\u00e1 calentando el tema\u2026 y parece dispuesto a sacudir la mata para revolver el avispero.<\/p>\n\n\n\n<p><br><\/p>\n","protected":false},"excerpt":{"rendered":"<p>Una serie de declaraciones de Donald Trump sobre Cuba, Marco Rubio y el futuro de la isla ha desatado especulaciones en el exilio sobre posibles cambios pol\u00edticos.<\/p>\n","protected":false},"author":13,"featured_media":237384,"comment_status":"open","ping_status":"closed","sticky":false,"template":"","format":"standard","meta":{"_acf_changed":false,"footnotes":""},"categories":[18,955,9667],"tags":[11,700,8000,5213,1212,30899,30582,9815,30583],"class_list":{"0":"post-237382","1":"post","2":"type-post","3":"status-publish","4":"format-standard","5":"has-post-thumbnail","7":"category-noticias","8":"category-noticias-de-cuba","9":"category-opinion","10":"tag-cuba","11":"tag-donald-trump","12":"tag-exilio-cubano","13":"tag-jorge-mas","14":"tag-marco-rubio","15":"tag-miami-politica","16":"tag-politica-hacia-cuba","17":"tag-regimen-cubano","18":"tag-relaciones-estados-unidos-cuba-2"},"acf":[],"yoast_head":"<!-- This site is optimized with the Yoast SEO plugin v27.4 - https:\/\/yoast.com\/product\/yoast-seo-wordpress\/ -->\n<title>Trump calienta y est\u00e1 a punto de sacudir la mata para revolver el avispero en Cuba - Cuballama Noticias<\/title>\n<meta name=\"description\" content=\"Trump encadena declaraciones sobre Cuba y deja entrever posibles cambios que ya generan expectativa en Miami.\" \/>\n<meta name=\"robots\" content=\"index, follow, max-snippet:-1, max-image-preview:large, max-video-preview:-1\" \/>\n<link rel=\"canonical\" href=\"https:\/\/www.cuballama.com\/noticias\/trump-calienta-y-esta-a-punto-de-sacudir-la-mata-para-revolver-el-avispero-en-cuba\/\" \/>\n<meta property=\"og:locale\" content=\"es_ES\" \/>\n<meta property=\"og:type\" content=\"article\" \/>\n<meta property=\"og:title\" content=\"Trump calienta y est\u00e1 a punto de sacudir la mata para revolver el avispero en Cuba - Cuballama Noticias\" \/>\n<meta property=\"og:description\" content=\"Trump encadena declaraciones sobre Cuba y deja entrever posibles cambios que ya generan expectativa en Miami.\" \/>\n<meta property=\"og:url\" content=\"https:\/\/www.cuballama.com\/noticias\/trump-calienta-y-esta-a-punto-de-sacudir-la-mata-para-revolver-el-avispero-en-cuba\/\" \/>\n<meta property=\"og:site_name\" content=\"Cuballama Noticias\" \/>\n<meta property=\"article:publisher\" content=\"https:\/\/www.facebook.com\/CubaLlama\" \/>\n<meta property=\"article:published_time\" content=\"2026-03-06T19:42:18+00:00\" \/>\n<meta property=\"article:modified_time\" content=\"2026-03-06T19:42:21+00:00\" \/>\n<meta property=\"og:image\" content=\"https:\/\/cdn1.mediawpaccore.net\/wp-content\/uploads\/2026\/03\/06060950\/image-25-1024x537.png\" \/>\n\t<meta property=\"og:image:width\" content=\"1024\" \/>\n\t<meta property=\"og:image:height\" content=\"537\" \/>\n\t<meta property=\"og:image:type\" content=\"image\/png\" \/>\n<meta name=\"author\" content=\"Roberto A.\" \/>\n<meta name=\"twitter:card\" content=\"summary_large_image\" \/>\n<meta name=\"twitter:creator\" content=\"@cuballama\" \/>\n<meta name=\"twitter:site\" content=\"@cuballama\" \/>\n<meta name=\"twitter:label1\" content=\"Escrito por\" \/>\n\t<meta name=\"twitter:data1\" content=\"Roberto A.\" \/>\n\t<meta name=\"twitter:label2\" content=\"Tiempo de lectura\" \/>\n\t<meta name=\"twitter:data2\" content=\"3 minutos\" \/>\n<script type=\"application\/ld+json\" class=\"yoast-schema-graph\">{\"@context\":\"https:\\\/\\\/schema.org\",\"@graph\":[{\"@type\":\"Article\",\"@id\":\"https:\\\/\\\/www.cuballama.com\\\/noticias\\\/trump-calienta-y-esta-a-punto-de-sacudir-la-mata-para-revolver-el-avispero-en-cuba\\\/#article\",\"isPartOf\":{\"@id\":\"https:\\\/\\\/www.cuballama.com\\\/noticias\\\/trump-calienta-y-esta-a-punto-de-sacudir-la-mata-para-revolver-el-avispero-en-cuba\\\/\"},\"author\":{\"name\":\"Roberto A.\",\"@id\":\"https:\\\/\\\/www.cuballama.com\\\/noticias\\\/#\\\/schema\\\/person\\\/a58502ed4146c8e9f83872e897c76cd2\"},\"headline\":\"Trump calienta y est\u00e1 a punto de sacudir la mata para revolver el avispero en Cuba\",\"datePublished\":\"2026-03-06T19:42:18+00:00\",\"dateModified\":\"2026-03-06T19:42:21+00:00\",\"mainEntityOfPage\":{\"@id\":\"https:\\\/\\\/www.cuballama.com\\\/noticias\\\/trump-calienta-y-esta-a-punto-de-sacudir-la-mata-para-revolver-el-avispero-en-cuba\\\/\"},\"wordCount\":652,\"commentCount\":0,\"publisher\":{\"@id\":\"https:\\\/\\\/www.cuballama.com\\\/noticias\\\/#organization\"},\"image\":{\"@id\":\"https:\\\/\\\/www.cuballama.com\\\/noticias\\\/trump-calienta-y-esta-a-punto-de-sacudir-la-mata-para-revolver-el-avispero-en-cuba\\\/#primaryimage\"},\"thumbnailUrl\":\"https:\\\/\\\/cdn1.mediawpaccore.net\\\/wp-content\\\/uploads\\\/2026\\\/03\\\/06060950\\\/image-25.png\",\"keywords\":[\"Cuba\",\"Donald Trump\",\"Exilio Cubano\",\"Jorge Mas\",\"Marco Rubio\",\"Miami pol\u00edtica\",\"pol\u00edtica hacia Cuba\",\"R\u00e9gimen cubano\",\"relaciones Estados Unidos Cuba\"],\"articleSection\":[\"Noticias\",\"Noticias de Cuba\",\"Opini\u00f3n\"],\"inLanguage\":\"es\",\"potentialAction\":[{\"@type\":\"CommentAction\",\"name\":\"Comment\",\"target\":[\"https:\\\/\\\/www.cuballama.com\\\/noticias\\\/trump-calienta-y-esta-a-punto-de-sacudir-la-mata-para-revolver-el-avispero-en-cuba\\\/#respond\"]}]},{\"@type\":\"WebPage\",\"@id\":\"https:\\\/\\\/www.cuballama.com\\\/noticias\\\/trump-calienta-y-esta-a-punto-de-sacudir-la-mata-para-revolver-el-avispero-en-cuba\\\/\",\"url\":\"https:\\\/\\\/www.cuballama.com\\\/noticias\\\/trump-calienta-y-esta-a-punto-de-sacudir-la-mata-para-revolver-el-avispero-en-cuba\\\/\",\"name\":\"Trump calienta y est\u00e1 a punto de sacudir la mata para revolver el avispero en Cuba - Cuballama Noticias\",\"isPartOf\":{\"@id\":\"https:\\\/\\\/www.cuballama.com\\\/noticias\\\/#website\"},\"primaryImageOfPage\":{\"@id\":\"https:\\\/\\\/www.cuballama.com\\\/noticias\\\/trump-calienta-y-esta-a-punto-de-sacudir-la-mata-para-revolver-el-avispero-en-cuba\\\/#primaryimage\"},\"image\":{\"@id\":\"https:\\\/\\\/www.cuballama.com\\\/noticias\\\/trump-calienta-y-esta-a-punto-de-sacudir-la-mata-para-revolver-el-avispero-en-cuba\\\/#primaryimage\"},\"thumbnailUrl\":\"https:\\\/\\\/cdn1.mediawpaccore.net\\\/wp-content\\\/uploads\\\/2026\\\/03\\\/06060950\\\/image-25.png\",\"datePublished\":\"2026-03-06T19:42:18+00:00\",\"dateModified\":\"2026-03-06T19:42:21+00:00\",\"description\":\"Trump encadena declaraciones sobre Cuba y deja entrever posibles cambios que ya generan expectativa en Miami.\",\"breadcrumb\":{\"@id\":\"https:\\\/\\\/www.cuballama.com\\\/noticias\\\/trump-calienta-y-esta-a-punto-de-sacudir-la-mata-para-revolver-el-avispero-en-cuba\\\/#breadcrumb\"},\"inLanguage\":\"es\",\"potentialAction\":[{\"@type\":\"ReadAction\",\"target\":[\"https:\\\/\\\/www.cuballama.com\\\/noticias\\\/trump-calienta-y-esta-a-punto-de-sacudir-la-mata-para-revolver-el-avispero-en-cuba\\\/\"]}]},{\"@type\":\"ImageObject\",\"inLanguage\":\"es\",\"@id\":\"https:\\\/\\\/www.cuballama.com\\\/noticias\\\/trump-calienta-y-esta-a-punto-de-sacudir-la-mata-para-revolver-el-avispero-en-cuba\\\/#primaryimage\",\"url\":\"https:\\\/\\\/cdn1.mediawpaccore.net\\\/wp-content\\\/uploads\\\/2026\\\/03\\\/06060950\\\/image-25.png\",\"contentUrl\":\"https:\\\/\\\/cdn1.mediawpaccore.net\\\/wp-content\\\/uploads\\\/2026\\\/03\\\/06060950\\\/image-25.png\",\"width\":1963,\"height\":1029,\"caption\":\"Foto Generada por la IA\"},{\"@type\":\"BreadcrumbList\",\"@id\":\"https:\\\/\\\/www.cuballama.com\\\/noticias\\\/trump-calienta-y-esta-a-punto-de-sacudir-la-mata-para-revolver-el-avispero-en-cuba\\\/#breadcrumb\",\"itemListElement\":[{\"@type\":\"ListItem\",\"position\":1,\"name\":\"Home\",\"item\":\"https:\\\/\\\/www.cuballama.com\\\/noticias\\\/\"},{\"@type\":\"ListItem\",\"position\":2,\"name\":\"Trump calienta y est\u00e1 a punto de sacudir la mata para revolver el avispero en Cuba\"}]},{\"@type\":\"WebSite\",\"@id\":\"https:\\\/\\\/www.cuballama.com\\\/noticias\\\/#website\",\"url\":\"https:\\\/\\\/www.cuballama.com\\\/noticias\\\/\",\"name\":\"Cuballama Noticias\",\"description\":\"Medio digital sobre Cuba y el mundo\",\"publisher\":{\"@id\":\"https:\\\/\\\/www.cuballama.com\\\/noticias\\\/#organization\"},\"potentialAction\":[{\"@type\":\"SearchAction\",\"target\":{\"@type\":\"EntryPoint\",\"urlTemplate\":\"https:\\\/\\\/www.cuballama.com\\\/noticias\\\/?s={search_term_string}\"},\"query-input\":{\"@type\":\"PropertyValueSpecification\",\"valueRequired\":true,\"valueName\":\"search_term_string\"}}],\"inLanguage\":\"es\"},{\"@type\":\"Organization\",\"@id\":\"https:\\\/\\\/www.cuballama.com\\\/noticias\\\/#organization\",\"name\":\"Cuballama\",\"url\":\"https:\\\/\\\/www.cuballama.com\\\/noticias\\\/\",\"logo\":{\"@type\":\"ImageObject\",\"inLanguage\":\"es\",\"@id\":\"https:\\\/\\\/www.cuballama.com\\\/noticias\\\/#\\\/schema\\\/logo\\\/image\\\/\",\"url\":\"https:\\\/\\\/cdn1.mediawpaccore.net\\\/wp-content\\\/uploads\\\/2021\\\/12\\\/28171206\\\/cbll-logo-color-sm.png\",\"contentUrl\":\"https:\\\/\\\/cdn1.mediawpaccore.net\\\/wp-content\\\/uploads\\\/2021\\\/12\\\/28171206\\\/cbll-logo-color-sm.png\",\"width\":600,\"height\":133,\"caption\":\"Cuballama\"},\"image\":{\"@id\":\"https:\\\/\\\/www.cuballama.com\\\/noticias\\\/#\\\/schema\\\/logo\\\/image\\\/\"},\"sameAs\":[\"https:\\\/\\\/www.facebook.com\\\/CubaLlama\",\"https:\\\/\\\/x.com\\\/cuballama\",\"https:\\\/\\\/www.instagram.com\\\/stories\\\/cuballama_oficial\\\/\",\"https:\\\/\\\/www.youtube.com\\\/channel\\\/UCKkFE-d_axENGZcrc4as0IA\"]},{\"@type\":\"Person\",\"@id\":\"https:\\\/\\\/www.cuballama.com\\\/noticias\\\/#\\\/schema\\\/person\\\/a58502ed4146c8e9f83872e897c76cd2\",\"name\":\"Roberto A.\",\"description\":\"Roberto A. Periodista por decisi\u00f3n propia. Interesado en cualquier tema que me apasione y cada vez m\u00e1s comprometido con la verdad y la objetividad period\u00edstica. Graduado en La Habana hace ya muchos a\u00f1os, luego de una accidentada y polvorienta b\u00fasqueda de informaci\u00f3n sobre un tema in\u00e9dito. La Tesis, por cierto, desapareci\u00f3 de la biblioteca y no se conservan copias de la misma.\",\"url\":\"https:\\\/\\\/www.cuballama.com\\\/noticias\\\/author\\\/roberto\\\/\"}]}<\/script>\n<!-- \/ Yoast SEO plugin. -->","yoast_head_json":{"title":"Trump calienta y est\u00e1 a punto de sacudir la mata para revolver el avispero en Cuba - Cuballama Noticias","description":"Trump encadena declaraciones sobre Cuba y deja entrever posibles cambios que ya generan expectativa en Miami.","robots":{"index":"index","follow":"follow","max-snippet":"max-snippet:-1","max-image-preview":"max-image-preview:large","max-video-preview":"max-video-preview:-1"},"canonical":"https:\/\/www.cuballama.com\/noticias\/trump-calienta-y-esta-a-punto-de-sacudir-la-mata-para-revolver-el-avispero-en-cuba\/","og_locale":"es_ES","og_type":"article","og_title":"Trump calienta y est\u00e1 a punto de sacudir la mata para revolver el avispero en Cuba - Cuballama Noticias","og_description":"Trump encadena declaraciones sobre Cuba y deja entrever posibles cambios que ya generan expectativa en Miami.","og_url":"https:\/\/www.cuballama.com\/noticias\/trump-calienta-y-esta-a-punto-de-sacudir-la-mata-para-revolver-el-avispero-en-cuba\/","og_site_name":"Cuballama Noticias","article_publisher":"https:\/\/www.facebook.com\/CubaLlama","article_published_time":"2026-03-06T19:42:18+00:00","article_modified_time":"2026-03-06T19:42:21+00:00","og_image":[{"width":1024,"height":537,"url":"https:\/\/cdn1.mediawpaccore.net\/wp-content\/uploads\/2026\/03\/06060950\/image-25-1024x537.png","type":"image\/png"}],"author":"Roberto A.","twitter_card":"summary_large_image","twitter_creator":"@cuballama","twitter_site":"@cuballama","twitter_misc":{"Escrito por":"Roberto A.","Tiempo de lectura":"3 minutos"},"schema":{"@context":"https:\/\/schema.org","@graph":[{"@type":"Article","@id":"https:\/\/www.cuballama.com\/noticias\/trump-calienta-y-esta-a-punto-de-sacudir-la-mata-para-revolver-el-avispero-en-cuba\/#article","isPartOf":{"@id":"https:\/\/www.cuballama.com\/noticias\/trump-calienta-y-esta-a-punto-de-sacudir-la-mata-para-revolver-el-avispero-en-cuba\/"},"author":{"name":"Roberto A.","@id":"https:\/\/www.cuballama.com\/noticias\/#\/schema\/person\/a58502ed4146c8e9f83872e897c76cd2"},"headline":"Trump calienta y est\u00e1 a punto de sacudir la mata para revolver el avispero en Cuba","datePublished":"2026-03-06T19:42:18+00:00","dateModified":"2026-03-06T19:42:21+00:00","mainEntityOfPage":{"@id":"https:\/\/www.cuballama.com\/noticias\/trump-calienta-y-esta-a-punto-de-sacudir-la-mata-para-revolver-el-avispero-en-cuba\/"},"wordCount":652,"commentCount":0,"publisher":{"@id":"https:\/\/www.cuballama.com\/noticias\/#organization"},"image":{"@id":"https:\/\/www.cuballama.com\/noticias\/trump-calienta-y-esta-a-punto-de-sacudir-la-mata-para-revolver-el-avispero-en-cuba\/#primaryimage"},"thumbnailUrl":"https:\/\/cdn1.mediawpaccore.net\/wp-content\/uploads\/2026\/03\/06060950\/image-25.png","keywords":["Cuba","Donald Trump","Exilio Cubano","Jorge Mas","Marco Rubio","Miami pol\u00edtica","pol\u00edtica hacia Cuba","R\u00e9gimen cubano","relaciones Estados Unidos Cuba"],"articleSection":["Noticias","Noticias de Cuba","Opini\u00f3n"],"inLanguage":"es","potentialAction":[{"@type":"CommentAction","name":"Comment","target":["https:\/\/www.cuballama.com\/noticias\/trump-calienta-y-esta-a-punto-de-sacudir-la-mata-para-revolver-el-avispero-en-cuba\/#respond"]}]},{"@type":"WebPage","@id":"https:\/\/www.cuballama.com\/noticias\/trump-calienta-y-esta-a-punto-de-sacudir-la-mata-para-revolver-el-avispero-en-cuba\/","url":"https:\/\/www.cuballama.com\/noticias\/trump-calienta-y-esta-a-punto-de-sacudir-la-mata-para-revolver-el-avispero-en-cuba\/","name":"Trump calienta y est\u00e1 a punto de sacudir la mata para revolver el avispero en Cuba - Cuballama Noticias","isPartOf":{"@id":"https:\/\/www.cuballama.com\/noticias\/#website"},"primaryImageOfPage":{"@id":"https:\/\/www.cuballama.com\/noticias\/trump-calienta-y-esta-a-punto-de-sacudir-la-mata-para-revolver-el-avispero-en-cuba\/#primaryimage"},"image":{"@id":"https:\/\/www.cuballama.com\/noticias\/trump-calienta-y-esta-a-punto-de-sacudir-la-mata-para-revolver-el-avispero-en-cuba\/#primaryimage"},"thumbnailUrl":"https:\/\/cdn1.mediawpaccore.net\/wp-content\/uploads\/2026\/03\/06060950\/image-25.png","datePublished":"2026-03-06T19:42:18+00:00","dateModified":"2026-03-06T19:42:21+00:00","description":"Trump encadena declaraciones sobre Cuba y deja entrever posibles cambios que ya generan expectativa en Miami.","breadcrumb":{"@id":"https:\/\/www.cuballama.com\/noticias\/trump-calienta-y-esta-a-punto-de-sacudir-la-mata-para-revolver-el-avispero-en-cuba\/#breadcrumb"},"inLanguage":"es","potentialAction":[{"@type":"ReadAction","target":["https:\/\/www.cuballama.com\/noticias\/trump-calienta-y-esta-a-punto-de-sacudir-la-mata-para-revolver-el-avispero-en-cuba\/"]}]},{"@type":"ImageObject","inLanguage":"es","@id":"https:\/\/www.cuballama.com\/noticias\/trump-calienta-y-esta-a-punto-de-sacudir-la-mata-para-revolver-el-avispero-en-cuba\/#primaryimage","url":"https:\/\/cdn1.mediawpaccore.net\/wp-content\/uploads\/2026\/03\/06060950\/image-25.png","contentUrl":"https:\/\/cdn1.mediawpaccore.net\/wp-content\/uploads\/2026\/03\/06060950\/image-25.png","width":1963,"height":1029,"caption":"Foto Generada por la IA"},{"@type":"BreadcrumbList","@id":"https:\/\/www.cuballama.com\/noticias\/trump-calienta-y-esta-a-punto-de-sacudir-la-mata-para-revolver-el-avispero-en-cuba\/#breadcrumb","itemListElement":[{"@type":"ListItem","position":1,"name":"Home","item":"https:\/\/www.cuballama.com\/noticias\/"},{"@type":"ListItem","position":2,"name":"Trump calienta y est\u00e1 a punto de sacudir la mata para revolver el avispero en Cuba"}]},{"@type":"WebSite","@id":"https:\/\/www.cuballama.com\/noticias\/#website","url":"https:\/\/www.cuballama.com\/noticias\/","name":"Cuballama Noticias","description":"Medio digital sobre Cuba y el mundo","publisher":{"@id":"https:\/\/www.cuballama.com\/noticias\/#organization"},"potentialAction":[{"@type":"SearchAction","target":{"@type":"EntryPoint","urlTemplate":"https:\/\/www.cuballama.com\/noticias\/?s={search_term_string}"},"query-input":{"@type":"PropertyValueSpecification","valueRequired":true,"valueName":"search_term_string"}}],"inLanguage":"es"},{"@type":"Organization","@id":"https:\/\/www.cuballama.com\/noticias\/#organization","name":"Cuballama","url":"https:\/\/www.cuballama.com\/noticias\/","logo":{"@type":"ImageObject","inLanguage":"es","@id":"https:\/\/www.cuballama.com\/noticias\/#\/schema\/logo\/image\/","url":"https:\/\/cdn1.mediawpaccore.net\/wp-content\/uploads\/2021\/12\/28171206\/cbll-logo-color-sm.png","contentUrl":"https:\/\/cdn1.mediawpaccore.net\/wp-content\/uploads\/2021\/12\/28171206\/cbll-logo-color-sm.png","width":600,"height":133,"caption":"Cuballama"},"image":{"@id":"https:\/\/www.cuballama.com\/noticias\/#\/schema\/logo\/image\/"},"sameAs":["https:\/\/www.facebook.com\/CubaLlama","https:\/\/x.com\/cuballama","https:\/\/www.instagram.com\/stories\/cuballama_oficial\/","https:\/\/www.youtube.com\/channel\/UCKkFE-d_axENGZcrc4as0IA"]},{"@type":"Person","@id":"https:\/\/www.cuballama.com\/noticias\/#\/schema\/person\/a58502ed4146c8e9f83872e897c76cd2","name":"Roberto A.","description":"Roberto A. Periodista por decisi\u00f3n propia. Interesado en cualquier tema que me apasione y cada vez m\u00e1s comprometido con la verdad y la objetividad period\u00edstica. Graduado en La Habana hace ya muchos a\u00f1os, luego de una accidentada y polvorienta b\u00fasqueda de informaci\u00f3n sobre un tema in\u00e9dito. La Tesis, por cierto, desapareci\u00f3 de la biblioteca y no se conservan copias de la misma.","url":"https:\/\/www.cuballama.com\/noticias\/author\/roberto\/"}]}},"_links":{"self":[{"href":"https:\/\/www.cuballama.com\/noticias\/wp-json\/wp\/v2\/posts\/237382","targetHints":{"allow":["GET"]}}],"collection":[{"href":"https:\/\/www.cuballama.com\/noticias\/wp-json\/wp\/v2\/posts"}],"about":[{"href":"https:\/\/www.cuballama.com\/noticias\/wp-json\/wp\/v2\/types\/post"}],"author":[{"embeddable":true,"href":"https:\/\/www.cuballama.com\/noticias\/wp-json\/wp\/v2\/users\/13"}],"replies":[{"embeddable":true,"href":"https:\/\/www.cuballama.com\/noticias\/wp-json\/wp\/v2\/comments?post=237382"}],"version-history":[{"count":2,"href":"https:\/\/www.cuballama.com\/noticias\/wp-json\/wp\/v2\/posts\/237382\/revisions"}],"predecessor-version":[{"id":237385,"href":"https:\/\/www.cuballama.com\/noticias\/wp-json\/wp\/v2\/posts\/237382\/revisions\/237385"}],"wp:featuredmedia":[{"embeddable":true,"href":"https:\/\/www.cuballama.com\/noticias\/wp-json\/wp\/v2\/media\/237384"}],"wp:attachment":[{"href":"https:\/\/www.cuballama.com\/noticias\/wp-json\/wp\/v2\/media?parent=237382"}],"wp:term":[{"taxonomy":"category","embeddable":true,"href":"https:\/\/www.cuballama.com\/noticias\/wp-json\/wp\/v2\/categories?post=237382"},{"taxonomy":"post_tag","embeddable":true,"href":"https:\/\/www.cuballama.com\/noticias\/wp-json\/wp\/v2\/tags?post=237382"}],"curies":[{"name":"wp","href":"https:\/\/api.w.org\/{rel}","templated":true}]}}