{"id":237366,"date":"2026-03-06T10:47:53","date_gmt":"2026-03-06T15:47:53","guid":{"rendered":"https:\/\/www.cuballama.com\/noticias\/?p=237366"},"modified":"2026-03-06T10:47:56","modified_gmt":"2026-03-06T15:47:56","slug":"muere-alberto-herrero-legendario-showman-del-salon-rojo-del-capri-y-rey-de-las-noches-de-farandula-habaneras","status":"publish","type":"post","link":"https:\/\/www.cuballama.com\/noticias\/muere-alberto-herrero-legendario-showman-del-salon-rojo-del-capri-y-rey-de-las-noches-de-farandula-habaneras\/","title":{"rendered":"Muere Alberto Herrero, legendario showman del Sal\u00f3n Rojo del Capri y Rey de las Noches de far\u00e1ndula habaneras"},"content":{"rendered":"\n<p>La desaparici\u00f3n f\u00edsica del cantante cubano Alberto Herrero, recordado por generaciones como una de las figuras emblem\u00e1ticas de la noche habanera y, en especial, como el showman del Sal\u00f3n Rojo del Capri, comenz\u00f3 a ser reportada este 5 y 6 de marzo en redes sociales por artistas, p\u00e1ginas culturales y admiradores que lamentaron su muerte a los 80 a\u00f1os. <\/p>\n\n\n\n<p>Entre los mensajes localizados aparecen publicaciones del humorista Alexis Vald\u00e9s y de varias p\u00e1ginas dedicadas a la cultura cubana, que coinciden en identificarlo como una figura popular de la m\u00fasica y el espect\u00e1culo. Algunas de esas publicaciones sit\u00faan su fallecimiento en Miami, aunque ese detalle no aparece todav\u00eda respaldado, al menos de forma visible, por una nota institucional amplia de los organismos culturales cubanos y es probable que no se haga nunca, como otras veces ha sucedido. <\/p>\n\n\n\n<p>Herrero era una voz muy asociada al circuito de cabar\u00e9s y centros nocturnos de Cuba. Un reportaje publicado por Radio Cadena Habana el 15 de enero de 2026 lo presentaba como un artista nacido el 5 de enero de 1946 en Holgu\u00edn, formado inicialmente en agrupaciones locales como el combo Los C\u00e9ntury y luego consolidado en La Habana como solista en escenarios de fuerte peso simb\u00f3lico dentro del entretenimiento cubano, entre ellos Tropicana. <\/p>\n\n\n\n<p>Ese mismo texto lo describ\u00eda entonces como un int\u00e9rprete todav\u00eda activo, con actuaciones en vivo dentro y fuera de Cuba, y lo situaba como una referencia del rock and roll cubano de los a\u00f1os setenta, asociado a temas como <em>Qui\u00e9n te lo va a creer <\/em>(Mentiras), adem\u00e1s de composiciones propias como <em>\u00c1mame<\/em> y <em>Oh, qu\u00e9 gran suerte<\/em>. De todas ellas, la primera, fue un verdadero himno y la canci\u00f3n que m\u00e1s recuerdan de \u00e9l, los cubanos.<\/p>\n\n\n\n<iframe loading=\"lazy\" width=\"1108\" height=\"829\" src=\"https:\/\/www.youtube.com\/embed\/j2mPM-CFRiI\" title=\"Quien te lo va a creer  -  Alberto Herrero\" frameborder=\"0\" allow=\"accelerometer; autoplay; clipboard-write; encrypted-media; gyroscope; picture-in-picture; web-share\" referrerpolicy=\"strict-origin-when-cross-origin\" allowfullscreen><\/iframe>\n\n\n\n<p>Aunque la evocaci\u00f3n m\u00e1s repetida en las reacciones de estas horas es la del Sal\u00f3n Rojo del Capri, su nombre tambi\u00e9n aparece vinculado a otros espacios esenciales de la vida nocturna cubana. Un texto de memorias publicado en 2016 sobre los grandes centros nocturnos de La Habana lo menciona entre las voces que dieron vida al Sal\u00f3n Rojo del Hotel Nacional, junto a otras figuras del espect\u00e1culo insular. Viajar a La Habana, en los a\u00f1os 2000\u00b4y no asistir al show que Alberto Herrero daba con bailarinas y otras figuras en el Parisi\u00e9n del Hotel Nacional por la \u00abm\u00f3dica cifra\u00bb de 30 d\u00f3lares, era como no haber disfrutado verdaderamente de una noche de far\u00e1ndula, en la capital.<\/p>\n\n\n\n<p>Hasta el momento, la noticia de su fallecimiento circula sobre todo en publicaciones de redes sociales y rese\u00f1as breves, mientras se multiplican las condolencias de colegas y seguidores que lo recuerdan como \u201cel rey de la noche\u201d y como una presencia inseparable de la bohemia habanera. <\/p>\n\n\n\n<p>Con su partida, desaparece una de esas figuras de escenario que no solo cantaban: tambi\u00e9n animaban, conduc\u00edan y daban personalidad a una \u00e9poca del espect\u00e1culo cubano que sigue viva en la memoria de su p\u00fablico.<\/p>\n\n\n\n<iframe loading=\"lazy\" width=\"1253\" height=\"678\" src=\"https:\/\/www.youtube.com\/embed\/eG3nizIUDg8\" title=\"El rey de las noches, Alberto Herrero, en ENTN\" frameborder=\"0\" allow=\"accelerometer; autoplay; clipboard-write; encrypted-media; gyroscope; picture-in-picture; web-share\" referrerpolicy=\"strict-origin-when-cross-origin\" allowfullscreen><\/iframe>\n\n\n\n<iframe loading=\"lazy\" width=\"1105\" height=\"829\" src=\"https:\/\/www.youtube.com\/embed\/3T_PSksaQTs\" title=\"La muela de Carlucho con Alberto Herrero - Am\u00e9rica TeV\u00e9\" frameborder=\"0\" allow=\"accelerometer; autoplay; clipboard-write; encrypted-media; gyroscope; picture-in-picture; web-share\" referrerpolicy=\"strict-origin-when-cross-origin\" allowfullscreen><\/iframe>\n","protected":false},"excerpt":{"rendered":"<p>El cantante cubano Alberto Herrero, figura emblem\u00e1tica de la vida nocturna habanera y del Sal\u00f3n Rojo del Capri, falleci\u00f3 a los 80 a\u00f1os.<\/p>\n","protected":false},"author":13,"featured_media":237368,"comment_status":"open","ping_status":"closed","sticky":false,"template":"","format":"standard","meta":{"_acf_changed":false,"footnotes":""},"categories":[443,18,955],"tags":[30888,252,30890,1259,11354,30889,30887,1430,30886],"class_list":{"0":"post-237366","1":"post","2":"type-post","3":"status-publish","4":"format-standard","5":"has-post-thumbnail","7":"category-farandula","8":"category-noticias","9":"category-noticias-de-cuba","10":"tag-alberto-herrero","11":"tag-artistas-cubanos","12":"tag-cabaret-en-cuba","13":"tag-cultura-cubana","14":"tag-musica-cubana-2","15":"tag-salon-rojo-del-capri","16":"tag-showman-cubano","17":"tag-tropicana","18":"tag-vida-nocturna-en-la-habana"},"acf":[],"yoast_head":"<!-- This site is optimized with the Yoast SEO plugin v27.4 - https:\/\/yoast.com\/product\/yoast-seo-wordpress\/ -->\n<title>Muere Alberto Herrero, legendario showman del Sal\u00f3n Rojo del Capri y Rey de las Noches de far\u00e1ndula habaneras - Cuballama Noticias<\/title>\n<meta name=\"description\" content=\"Muere Alberto Herrero, hist\u00f3rico showman del Sal\u00f3n Rojo del Capri y figura emblem\u00e1tica de la vida nocturna de La Habana.\" \/>\n<meta name=\"robots\" content=\"index, follow, max-snippet:-1, max-image-preview:large, max-video-preview:-1\" \/>\n<link rel=\"canonical\" href=\"https:\/\/www.cuballama.com\/noticias\/muere-alberto-herrero-legendario-showman-del-salon-rojo-del-capri-y-rey-de-las-noches-de-farandula-habaneras\/\" \/>\n<meta property=\"og:locale\" content=\"es_ES\" \/>\n<meta property=\"og:type\" content=\"article\" \/>\n<meta property=\"og:title\" content=\"Muere Alberto Herrero, legendario showman del Sal\u00f3n Rojo del Capri y Rey de las Noches de far\u00e1ndula habaneras - Cuballama Noticias\" \/>\n<meta property=\"og:description\" content=\"Muere Alberto Herrero, hist\u00f3rico showman del Sal\u00f3n Rojo del Capri y figura emblem\u00e1tica de la vida nocturna de La Habana.\" \/>\n<meta property=\"og:url\" content=\"https:\/\/www.cuballama.com\/noticias\/muere-alberto-herrero-legendario-showman-del-salon-rojo-del-capri-y-rey-de-las-noches-de-farandula-habaneras\/\" \/>\n<meta property=\"og:site_name\" content=\"Cuballama Noticias\" \/>\n<meta property=\"article:publisher\" content=\"https:\/\/www.facebook.com\/CubaLlama\" \/>\n<meta property=\"article:published_time\" content=\"2026-03-06T15:47:53+00:00\" \/>\n<meta property=\"article:modified_time\" content=\"2026-03-06T15:47:56+00:00\" \/>\n<meta property=\"og:image\" content=\"https:\/\/cdn1.mediawpaccore.net\/wp-content\/uploads\/2026\/03\/06042326\/image-22.png\" \/>\n\t<meta property=\"og:image:width\" content=\"1913\" \/>\n\t<meta property=\"og:image:height\" content=\"1068\" \/>\n\t<meta property=\"og:image:type\" content=\"image\/png\" \/>\n<meta name=\"author\" content=\"Roberto A.\" \/>\n<meta name=\"twitter:card\" content=\"summary_large_image\" \/>\n<meta name=\"twitter:creator\" content=\"@cuballama\" \/>\n<meta name=\"twitter:site\" content=\"@cuballama\" \/>\n<meta name=\"twitter:label1\" content=\"Escrito por\" \/>\n\t<meta name=\"twitter:data1\" content=\"Roberto A.\" \/>\n\t<meta name=\"twitter:label2\" content=\"Tiempo de lectura\" \/>\n\t<meta name=\"twitter:data2\" content=\"1 minuto\" \/>\n<script type=\"application\/ld+json\" class=\"yoast-schema-graph\">{\"@context\":\"https:\\\/\\\/schema.org\",\"@graph\":[{\"@type\":\"Article\",\"@id\":\"https:\\\/\\\/www.cuballama.com\\\/noticias\\\/muere-alberto-herrero-legendario-showman-del-salon-rojo-del-capri-y-rey-de-las-noches-de-farandula-habaneras\\\/#article\",\"isPartOf\":{\"@id\":\"https:\\\/\\\/www.cuballama.com\\\/noticias\\\/muere-alberto-herrero-legendario-showman-del-salon-rojo-del-capri-y-rey-de-las-noches-de-farandula-habaneras\\\/\"},\"author\":{\"name\":\"Roberto A.\",\"@id\":\"https:\\\/\\\/www.cuballama.com\\\/noticias\\\/#\\\/schema\\\/person\\\/a58502ed4146c8e9f83872e897c76cd2\"},\"headline\":\"Muere Alberto Herrero, legendario showman del Sal\u00f3n Rojo del Capri y Rey de las Noches de far\u00e1ndula habaneras\",\"datePublished\":\"2026-03-06T15:47:53+00:00\",\"dateModified\":\"2026-03-06T15:47:56+00:00\",\"mainEntityOfPage\":{\"@id\":\"https:\\\/\\\/www.cuballama.com\\\/noticias\\\/muere-alberto-herrero-legendario-showman-del-salon-rojo-del-capri-y-rey-de-las-noches-de-farandula-habaneras\\\/\"},\"wordCount\":533,\"commentCount\":0,\"publisher\":{\"@id\":\"https:\\\/\\\/www.cuballama.com\\\/noticias\\\/#organization\"},\"image\":{\"@id\":\"https:\\\/\\\/www.cuballama.com\\\/noticias\\\/muere-alberto-herrero-legendario-showman-del-salon-rojo-del-capri-y-rey-de-las-noches-de-farandula-habaneras\\\/#primaryimage\"},\"thumbnailUrl\":\"https:\\\/\\\/cdn1.mediawpaccore.net\\\/wp-content\\\/uploads\\\/2026\\\/03\\\/06042326\\\/image-22.png\",\"keywords\":[\"Alberto Herrero\",\"Artistas cubanos\",\"cabaret en Cuba\",\"cultura cubana\",\"m\u00fasica cubana\",\"Sal\u00f3n Rojo del Capri\",\"showman cubano\",\"Tropicana\",\"vida nocturna en La Habana\"],\"articleSection\":[\"Far\u00e1ndula\",\"Noticias\",\"Noticias de Cuba\"],\"inLanguage\":\"es\",\"potentialAction\":[{\"@type\":\"CommentAction\",\"name\":\"Comment\",\"target\":[\"https:\\\/\\\/www.cuballama.com\\\/noticias\\\/muere-alberto-herrero-legendario-showman-del-salon-rojo-del-capri-y-rey-de-las-noches-de-farandula-habaneras\\\/#respond\"]}]},{\"@type\":\"WebPage\",\"@id\":\"https:\\\/\\\/www.cuballama.com\\\/noticias\\\/muere-alberto-herrero-legendario-showman-del-salon-rojo-del-capri-y-rey-de-las-noches-de-farandula-habaneras\\\/\",\"url\":\"https:\\\/\\\/www.cuballama.com\\\/noticias\\\/muere-alberto-herrero-legendario-showman-del-salon-rojo-del-capri-y-rey-de-las-noches-de-farandula-habaneras\\\/\",\"name\":\"Muere Alberto Herrero, legendario showman del Sal\u00f3n Rojo del Capri y Rey de las Noches de far\u00e1ndula habaneras - Cuballama Noticias\",\"isPartOf\":{\"@id\":\"https:\\\/\\\/www.cuballama.com\\\/noticias\\\/#website\"},\"primaryImageOfPage\":{\"@id\":\"https:\\\/\\\/www.cuballama.com\\\/noticias\\\/muere-alberto-herrero-legendario-showman-del-salon-rojo-del-capri-y-rey-de-las-noches-de-farandula-habaneras\\\/#primaryimage\"},\"image\":{\"@id\":\"https:\\\/\\\/www.cuballama.com\\\/noticias\\\/muere-alberto-herrero-legendario-showman-del-salon-rojo-del-capri-y-rey-de-las-noches-de-farandula-habaneras\\\/#primaryimage\"},\"thumbnailUrl\":\"https:\\\/\\\/cdn1.mediawpaccore.net\\\/wp-content\\\/uploads\\\/2026\\\/03\\\/06042326\\\/image-22.png\",\"datePublished\":\"2026-03-06T15:47:53+00:00\",\"dateModified\":\"2026-03-06T15:47:56+00:00\",\"description\":\"Muere Alberto Herrero, hist\u00f3rico showman del Sal\u00f3n Rojo del Capri y figura emblem\u00e1tica de la vida nocturna de La Habana.\",\"breadcrumb\":{\"@id\":\"https:\\\/\\\/www.cuballama.com\\\/noticias\\\/muere-alberto-herrero-legendario-showman-del-salon-rojo-del-capri-y-rey-de-las-noches-de-farandula-habaneras\\\/#breadcrumb\"},\"inLanguage\":\"es\",\"potentialAction\":[{\"@type\":\"ReadAction\",\"target\":[\"https:\\\/\\\/www.cuballama.com\\\/noticias\\\/muere-alberto-herrero-legendario-showman-del-salon-rojo-del-capri-y-rey-de-las-noches-de-farandula-habaneras\\\/\"]}]},{\"@type\":\"ImageObject\",\"inLanguage\":\"es\",\"@id\":\"https:\\\/\\\/www.cuballama.com\\\/noticias\\\/muere-alberto-herrero-legendario-showman-del-salon-rojo-del-capri-y-rey-de-las-noches-de-farandula-habaneras\\\/#primaryimage\",\"url\":\"https:\\\/\\\/cdn1.mediawpaccore.net\\\/wp-content\\\/uploads\\\/2026\\\/03\\\/06042326\\\/image-22.png\",\"contentUrl\":\"https:\\\/\\\/cdn1.mediawpaccore.net\\\/wp-content\\\/uploads\\\/2026\\\/03\\\/06042326\\\/image-22.png\",\"width\":1913,\"height\":1068,\"caption\":\"Foto v\u00eda Ram\u00f3n Hern\u00e1ndez Cas\u00ed \\\/ Facebook. En la foto aparecen, Mirta Medina a la izquierda; Alberto Herrero en el centro; y Alexis Vald\u00e9s, a la derecha\"},{\"@type\":\"BreadcrumbList\",\"@id\":\"https:\\\/\\\/www.cuballama.com\\\/noticias\\\/muere-alberto-herrero-legendario-showman-del-salon-rojo-del-capri-y-rey-de-las-noches-de-farandula-habaneras\\\/#breadcrumb\",\"itemListElement\":[{\"@type\":\"ListItem\",\"position\":1,\"name\":\"Home\",\"item\":\"https:\\\/\\\/www.cuballama.com\\\/noticias\\\/\"},{\"@type\":\"ListItem\",\"position\":2,\"name\":\"Muere Alberto Herrero, legendario showman del Sal\u00f3n Rojo del Capri y Rey de las Noches de far\u00e1ndula habaneras\"}]},{\"@type\":\"WebSite\",\"@id\":\"https:\\\/\\\/www.cuballama.com\\\/noticias\\\/#website\",\"url\":\"https:\\\/\\\/www.cuballama.com\\\/noticias\\\/\",\"name\":\"Cuballama Noticias\",\"description\":\"Medio digital sobre Cuba y el mundo\",\"publisher\":{\"@id\":\"https:\\\/\\\/www.cuballama.com\\\/noticias\\\/#organization\"},\"potentialAction\":[{\"@type\":\"SearchAction\",\"target\":{\"@type\":\"EntryPoint\",\"urlTemplate\":\"https:\\\/\\\/www.cuballama.com\\\/noticias\\\/?s={search_term_string}\"},\"query-input\":{\"@type\":\"PropertyValueSpecification\",\"valueRequired\":true,\"valueName\":\"search_term_string\"}}],\"inLanguage\":\"es\"},{\"@type\":\"Organization\",\"@id\":\"https:\\\/\\\/www.cuballama.com\\\/noticias\\\/#organization\",\"name\":\"Cuballama\",\"url\":\"https:\\\/\\\/www.cuballama.com\\\/noticias\\\/\",\"logo\":{\"@type\":\"ImageObject\",\"inLanguage\":\"es\",\"@id\":\"https:\\\/\\\/www.cuballama.com\\\/noticias\\\/#\\\/schema\\\/logo\\\/image\\\/\",\"url\":\"https:\\\/\\\/cdn1.mediawpaccore.net\\\/wp-content\\\/uploads\\\/2021\\\/12\\\/28171206\\\/cbll-logo-color-sm.png\",\"contentUrl\":\"https:\\\/\\\/cdn1.mediawpaccore.net\\\/wp-content\\\/uploads\\\/2021\\\/12\\\/28171206\\\/cbll-logo-color-sm.png\",\"width\":600,\"height\":133,\"caption\":\"Cuballama\"},\"image\":{\"@id\":\"https:\\\/\\\/www.cuballama.com\\\/noticias\\\/#\\\/schema\\\/logo\\\/image\\\/\"},\"sameAs\":[\"https:\\\/\\\/www.facebook.com\\\/CubaLlama\",\"https:\\\/\\\/x.com\\\/cuballama\",\"https:\\\/\\\/www.instagram.com\\\/stories\\\/cuballama_oficial\\\/\",\"https:\\\/\\\/www.youtube.com\\\/channel\\\/UCKkFE-d_axENGZcrc4as0IA\"]},{\"@type\":\"Person\",\"@id\":\"https:\\\/\\\/www.cuballama.com\\\/noticias\\\/#\\\/schema\\\/person\\\/a58502ed4146c8e9f83872e897c76cd2\",\"name\":\"Roberto A.\",\"description\":\"Roberto A. Periodista por decisi\u00f3n propia. Interesado en cualquier tema que me apasione y cada vez m\u00e1s comprometido con la verdad y la objetividad period\u00edstica. Graduado en La Habana hace ya muchos a\u00f1os, luego de una accidentada y polvorienta b\u00fasqueda de informaci\u00f3n sobre un tema in\u00e9dito. La Tesis, por cierto, desapareci\u00f3 de la biblioteca y no se conservan copias de la misma.\",\"url\":\"https:\\\/\\\/www.cuballama.com\\\/noticias\\\/author\\\/roberto\\\/\"}]}<\/script>\n<!-- \/ Yoast SEO plugin. -->","yoast_head_json":{"title":"Muere Alberto Herrero, legendario showman del Sal\u00f3n Rojo del Capri y Rey de las Noches de far\u00e1ndula habaneras - Cuballama Noticias","description":"Muere Alberto Herrero, hist\u00f3rico showman del Sal\u00f3n Rojo del Capri y figura emblem\u00e1tica de la vida nocturna de La Habana.","robots":{"index":"index","follow":"follow","max-snippet":"max-snippet:-1","max-image-preview":"max-image-preview:large","max-video-preview":"max-video-preview:-1"},"canonical":"https:\/\/www.cuballama.com\/noticias\/muere-alberto-herrero-legendario-showman-del-salon-rojo-del-capri-y-rey-de-las-noches-de-farandula-habaneras\/","og_locale":"es_ES","og_type":"article","og_title":"Muere Alberto Herrero, legendario showman del Sal\u00f3n Rojo del Capri y Rey de las Noches de far\u00e1ndula habaneras - Cuballama Noticias","og_description":"Muere Alberto Herrero, hist\u00f3rico showman del Sal\u00f3n Rojo del Capri y figura emblem\u00e1tica de la vida nocturna de La Habana.","og_url":"https:\/\/www.cuballama.com\/noticias\/muere-alberto-herrero-legendario-showman-del-salon-rojo-del-capri-y-rey-de-las-noches-de-farandula-habaneras\/","og_site_name":"Cuballama Noticias","article_publisher":"https:\/\/www.facebook.com\/CubaLlama","article_published_time":"2026-03-06T15:47:53+00:00","article_modified_time":"2026-03-06T15:47:56+00:00","og_image":[{"width":1913,"height":1068,"url":"https:\/\/cdn1.mediawpaccore.net\/wp-content\/uploads\/2026\/03\/06042326\/image-22.png","type":"image\/png"}],"author":"Roberto A.","twitter_card":"summary_large_image","twitter_creator":"@cuballama","twitter_site":"@cuballama","twitter_misc":{"Escrito por":"Roberto A.","Tiempo de lectura":"1 minuto"},"schema":{"@context":"https:\/\/schema.org","@graph":[{"@type":"Article","@id":"https:\/\/www.cuballama.com\/noticias\/muere-alberto-herrero-legendario-showman-del-salon-rojo-del-capri-y-rey-de-las-noches-de-farandula-habaneras\/#article","isPartOf":{"@id":"https:\/\/www.cuballama.com\/noticias\/muere-alberto-herrero-legendario-showman-del-salon-rojo-del-capri-y-rey-de-las-noches-de-farandula-habaneras\/"},"author":{"name":"Roberto A.","@id":"https:\/\/www.cuballama.com\/noticias\/#\/schema\/person\/a58502ed4146c8e9f83872e897c76cd2"},"headline":"Muere Alberto Herrero, legendario showman del Sal\u00f3n Rojo del Capri y Rey de las Noches de far\u00e1ndula habaneras","datePublished":"2026-03-06T15:47:53+00:00","dateModified":"2026-03-06T15:47:56+00:00","mainEntityOfPage":{"@id":"https:\/\/www.cuballama.com\/noticias\/muere-alberto-herrero-legendario-showman-del-salon-rojo-del-capri-y-rey-de-las-noches-de-farandula-habaneras\/"},"wordCount":533,"commentCount":0,"publisher":{"@id":"https:\/\/www.cuballama.com\/noticias\/#organization"},"image":{"@id":"https:\/\/www.cuballama.com\/noticias\/muere-alberto-herrero-legendario-showman-del-salon-rojo-del-capri-y-rey-de-las-noches-de-farandula-habaneras\/#primaryimage"},"thumbnailUrl":"https:\/\/cdn1.mediawpaccore.net\/wp-content\/uploads\/2026\/03\/06042326\/image-22.png","keywords":["Alberto Herrero","Artistas cubanos","cabaret en Cuba","cultura cubana","m\u00fasica cubana","Sal\u00f3n Rojo del Capri","showman cubano","Tropicana","vida nocturna en La Habana"],"articleSection":["Far\u00e1ndula","Noticias","Noticias de Cuba"],"inLanguage":"es","potentialAction":[{"@type":"CommentAction","name":"Comment","target":["https:\/\/www.cuballama.com\/noticias\/muere-alberto-herrero-legendario-showman-del-salon-rojo-del-capri-y-rey-de-las-noches-de-farandula-habaneras\/#respond"]}]},{"@type":"WebPage","@id":"https:\/\/www.cuballama.com\/noticias\/muere-alberto-herrero-legendario-showman-del-salon-rojo-del-capri-y-rey-de-las-noches-de-farandula-habaneras\/","url":"https:\/\/www.cuballama.com\/noticias\/muere-alberto-herrero-legendario-showman-del-salon-rojo-del-capri-y-rey-de-las-noches-de-farandula-habaneras\/","name":"Muere Alberto Herrero, legendario showman del Sal\u00f3n Rojo del Capri y Rey de las Noches de far\u00e1ndula habaneras - Cuballama Noticias","isPartOf":{"@id":"https:\/\/www.cuballama.com\/noticias\/#website"},"primaryImageOfPage":{"@id":"https:\/\/www.cuballama.com\/noticias\/muere-alberto-herrero-legendario-showman-del-salon-rojo-del-capri-y-rey-de-las-noches-de-farandula-habaneras\/#primaryimage"},"image":{"@id":"https:\/\/www.cuballama.com\/noticias\/muere-alberto-herrero-legendario-showman-del-salon-rojo-del-capri-y-rey-de-las-noches-de-farandula-habaneras\/#primaryimage"},"thumbnailUrl":"https:\/\/cdn1.mediawpaccore.net\/wp-content\/uploads\/2026\/03\/06042326\/image-22.png","datePublished":"2026-03-06T15:47:53+00:00","dateModified":"2026-03-06T15:47:56+00:00","description":"Muere Alberto Herrero, hist\u00f3rico showman del Sal\u00f3n Rojo del Capri y figura emblem\u00e1tica de la vida nocturna de La Habana.","breadcrumb":{"@id":"https:\/\/www.cuballama.com\/noticias\/muere-alberto-herrero-legendario-showman-del-salon-rojo-del-capri-y-rey-de-las-noches-de-farandula-habaneras\/#breadcrumb"},"inLanguage":"es","potentialAction":[{"@type":"ReadAction","target":["https:\/\/www.cuballama.com\/noticias\/muere-alberto-herrero-legendario-showman-del-salon-rojo-del-capri-y-rey-de-las-noches-de-farandula-habaneras\/"]}]},{"@type":"ImageObject","inLanguage":"es","@id":"https:\/\/www.cuballama.com\/noticias\/muere-alberto-herrero-legendario-showman-del-salon-rojo-del-capri-y-rey-de-las-noches-de-farandula-habaneras\/#primaryimage","url":"https:\/\/cdn1.mediawpaccore.net\/wp-content\/uploads\/2026\/03\/06042326\/image-22.png","contentUrl":"https:\/\/cdn1.mediawpaccore.net\/wp-content\/uploads\/2026\/03\/06042326\/image-22.png","width":1913,"height":1068,"caption":"Foto v\u00eda Ram\u00f3n Hern\u00e1ndez Cas\u00ed \/ Facebook. En la foto aparecen, Mirta Medina a la izquierda; Alberto Herrero en el centro; y Alexis Vald\u00e9s, a la derecha"},{"@type":"BreadcrumbList","@id":"https:\/\/www.cuballama.com\/noticias\/muere-alberto-herrero-legendario-showman-del-salon-rojo-del-capri-y-rey-de-las-noches-de-farandula-habaneras\/#breadcrumb","itemListElement":[{"@type":"ListItem","position":1,"name":"Home","item":"https:\/\/www.cuballama.com\/noticias\/"},{"@type":"ListItem","position":2,"name":"Muere Alberto Herrero, legendario showman del Sal\u00f3n Rojo del Capri y Rey de las Noches de far\u00e1ndula habaneras"}]},{"@type":"WebSite","@id":"https:\/\/www.cuballama.com\/noticias\/#website","url":"https:\/\/www.cuballama.com\/noticias\/","name":"Cuballama Noticias","description":"Medio digital sobre Cuba y el mundo","publisher":{"@id":"https:\/\/www.cuballama.com\/noticias\/#organization"},"potentialAction":[{"@type":"SearchAction","target":{"@type":"EntryPoint","urlTemplate":"https:\/\/www.cuballama.com\/noticias\/?s={search_term_string}"},"query-input":{"@type":"PropertyValueSpecification","valueRequired":true,"valueName":"search_term_string"}}],"inLanguage":"es"},{"@type":"Organization","@id":"https:\/\/www.cuballama.com\/noticias\/#organization","name":"Cuballama","url":"https:\/\/www.cuballama.com\/noticias\/","logo":{"@type":"ImageObject","inLanguage":"es","@id":"https:\/\/www.cuballama.com\/noticias\/#\/schema\/logo\/image\/","url":"https:\/\/cdn1.mediawpaccore.net\/wp-content\/uploads\/2021\/12\/28171206\/cbll-logo-color-sm.png","contentUrl":"https:\/\/cdn1.mediawpaccore.net\/wp-content\/uploads\/2021\/12\/28171206\/cbll-logo-color-sm.png","width":600,"height":133,"caption":"Cuballama"},"image":{"@id":"https:\/\/www.cuballama.com\/noticias\/#\/schema\/logo\/image\/"},"sameAs":["https:\/\/www.facebook.com\/CubaLlama","https:\/\/x.com\/cuballama","https:\/\/www.instagram.com\/stories\/cuballama_oficial\/","https:\/\/www.youtube.com\/channel\/UCKkFE-d_axENGZcrc4as0IA"]},{"@type":"Person","@id":"https:\/\/www.cuballama.com\/noticias\/#\/schema\/person\/a58502ed4146c8e9f83872e897c76cd2","name":"Roberto A.","description":"Roberto A. Periodista por decisi\u00f3n propia. Interesado en cualquier tema que me apasione y cada vez m\u00e1s comprometido con la verdad y la objetividad period\u00edstica. Graduado en La Habana hace ya muchos a\u00f1os, luego de una accidentada y polvorienta b\u00fasqueda de informaci\u00f3n sobre un tema in\u00e9dito. La Tesis, por cierto, desapareci\u00f3 de la biblioteca y no se conservan copias de la misma.","url":"https:\/\/www.cuballama.com\/noticias\/author\/roberto\/"}]}},"_links":{"self":[{"href":"https:\/\/www.cuballama.com\/noticias\/wp-json\/wp\/v2\/posts\/237366","targetHints":{"allow":["GET"]}}],"collection":[{"href":"https:\/\/www.cuballama.com\/noticias\/wp-json\/wp\/v2\/posts"}],"about":[{"href":"https:\/\/www.cuballama.com\/noticias\/wp-json\/wp\/v2\/types\/post"}],"author":[{"embeddable":true,"href":"https:\/\/www.cuballama.com\/noticias\/wp-json\/wp\/v2\/users\/13"}],"replies":[{"embeddable":true,"href":"https:\/\/www.cuballama.com\/noticias\/wp-json\/wp\/v2\/comments?post=237366"}],"version-history":[{"count":3,"href":"https:\/\/www.cuballama.com\/noticias\/wp-json\/wp\/v2\/posts\/237366\/revisions"}],"predecessor-version":[{"id":237370,"href":"https:\/\/www.cuballama.com\/noticias\/wp-json\/wp\/v2\/posts\/237366\/revisions\/237370"}],"wp:featuredmedia":[{"embeddable":true,"href":"https:\/\/www.cuballama.com\/noticias\/wp-json\/wp\/v2\/media\/237368"}],"wp:attachment":[{"href":"https:\/\/www.cuballama.com\/noticias\/wp-json\/wp\/v2\/media?parent=237366"}],"wp:term":[{"taxonomy":"category","embeddable":true,"href":"https:\/\/www.cuballama.com\/noticias\/wp-json\/wp\/v2\/categories?post=237366"},{"taxonomy":"post_tag","embeddable":true,"href":"https:\/\/www.cuballama.com\/noticias\/wp-json\/wp\/v2\/tags?post=237366"}],"curies":[{"name":"wp","href":"https:\/\/api.w.org\/{rel}","templated":true}]}}