{"id":237354,"date":"2026-03-06T14:43:10","date_gmt":"2026-03-06T19:43:10","guid":{"rendered":"https:\/\/www.cuballama.com\/noticias\/?p=237354"},"modified":"2026-03-06T14:43:12","modified_gmt":"2026-03-06T19:43:12","slug":"accion-de-guardia-de-seguridad-de-supermercado-contra-joven-que-robaba-con-un-brazo-partido-divide-a-internautas","status":"publish","type":"post","link":"https:\/\/www.cuballama.com\/noticias\/accion-de-guardia-de-seguridad-de-supermercado-contra-joven-que-robaba-con-un-brazo-partido-divide-a-internautas\/","title":{"rendered":"Acci\u00f3n de guardia de seguridad de supermercado contra joven que robaba con un brazo partido divide a internautas"},"content":{"rendered":"\n<p>Un video que vuelve a circular con fuerza en redes sociales ha provocado un intenso debate entre internautas sobre los l\u00edmites de actuaci\u00f3n de los vigilantes de seguridad en comercios. Las im\u00e1genes, difundidas recientemente en p\u00e1ginas como <em><a href=\"https:\/\/www.facebook.com\/reel\/919491474007916\" target=\"_blank\" rel=\"noreferrer noopener nofollow\">\u201cFuengirolasequeja\u201d,<\/a><\/em> muestran el momento en que un guardia de seguridad reduce a un joven al que habr\u00eda sorprendido robando en un supermercado Mercadona de la provincia de Granada.<\/p>\n\n\n\n<p>El clip se ha vuelto viral en las \u00faltimas horas y acumula miles de reproducciones y comentarios en distintas plataformas. En la grabaci\u00f3n se observa al vigilante forcejeando con el presunto ladr\u00f3n mientras varias personas alrededor comentan la escena o la graban con sus tel\u00e9fonos. <\/p>\n\n\n\n<p>Muchos usuarios han interpretado que el joven ten\u00eda un brazo lesionado o inmovilizado, lo que ha intensificado la discusi\u00f3n en redes. Sin embargo, ese extremo no ha sido confirmado oficialmente y forma parte de las interpretaciones que circulan en comentarios de los propios usuarios. Incluso, puede ser que el chico estuviese mintiendo.<\/p>\n\n\n\n<p>Ve\u00e1moslo primero.<\/p>\n\n\n\n<iframe loading=\"lazy\" src=\"https:\/\/www.facebook.com\/plugins\/video.php?height=476&#038;href=https%3A%2F%2Fwww.facebook.com%2Freel%2F919491474007916%2F&#038;show_text=true&#038;width=267&#038;t=0\" width=\"267\" height=\"591\" style=\"border:none;overflow:hidden\" scrolling=\"no\" frameborder=\"0\" allowfullscreen=\"true\" allow=\"autoplay; clipboard-write; encrypted-media; picture-in-picture; web-share\" allowFullScreen=\"true\"><\/iframe>\n\n\n\n<p>La viralizaci\u00f3n actual del video ha dado lugar a una fuerte divisi\u00f3n de opiniones. Por un lado, numerosos internautas defienden la actuaci\u00f3n del vigilante, argumentando que simplemente estaba cumpliendo con su trabajo al impedir un hurto.<\/p>\n\n\n\n<p>\u201cUn premio al de seguridad\u201d, escribi\u00f3 un usuario en Facebook. Otros comentarios siguen una l\u00ednea similar: \u201cEl guardia de seguridad est\u00e1 haciendo su trabajo\u201d o \u201cCuando un seguridad te pilla, haces caso\u201d.<\/p>\n\n\n\n<p>Tambi\u00e9n hay quienes sostienen que la intervenci\u00f3n fue necesaria para evitar que el sospechoso escapara. Algunos incluso aplauden abiertamente la actuaci\u00f3n del vigilante, afirmando que \u201cmuy bien hecho\u201d o que \u201cpoco le ha hecho\u201d.<\/p>\n\n\n\n<p>En el otro lado del debate, varios usuarios consideran que la reacci\u00f3n fue desproporcionada para un caso de hurto. \u201cNo es polic\u00eda, es seguridad y no puede actuar as\u00ed\u201d, opin\u00f3 una internauta, mientras otros cuestionaron si el uso de la fuerza fue adecuado para una situaci\u00f3n de robo menor.<\/p>\n\n\n\n<p>En ese grupo aparecen comentarios que se\u00f1alan que el m\u00e9todo utilizado fue excesivo o que el vigilante podr\u00eda enfrentar consecuencias legales si se demuestra un uso indebido de la fuerza.<\/p>\n\n\n\n<p>El debate se ha amplificado tambi\u00e9n por comentarios cargados de insultos, ataques personales e incluso referencias raciales, algo frecuente en discusiones virales en redes sociales.<\/p>\n\n\n\n<p>Pese a que muchos usuarios presentan el video como un hecho reciente, verificaciones realizadas previamente por plataformas especializadas en desinformaci\u00f3n indican que las im\u00e1genes no corresponden a un incidente ocurrido este 2026. El suceso se registr\u00f3 en realidad en diciembre de 2023 en un Mercadona de Santa Fe, en Granada, y ya hab\u00eda sido objeto de discusi\u00f3n p\u00fablica durante buena parte de los inicios del 2024.<\/p>\n\n\n\n<p>En aquel momento, la empresa de seguridad implicada se\u00f1al\u00f3 que el vigilante actu\u00f3 dentro del marco legal al intervenir tras detectar un presunto hurto y la resistencia del sospechoso.<\/p>\n\n\n\n<p>La recirculaci\u00f3n actual del video demuestra c\u00f3mo un mismo contenido puede volver a viralizarse meses o incluso a\u00f1os despu\u00e9s, reabriendo debates sociales sobre seguridad privada, uso de la fuerza y delincuencia en comercios.<\/p>\n\n\n\n<p>Mientras tanto, el clip contin\u00faa acumulando reproducciones y comentarios, convertido nuevamente en un foco de discusi\u00f3n digital.<\/p>\n\n\n\n<p>Y t\u00fa, \u00bfqu\u00e9 opinas? \u00bfMerec\u00eda el chico esa correcci\u00f3n? \u00bfApoyas al guardia de seguridad? \u00bfO crees que se le fue la mano?<\/p>\n","protected":false},"excerpt":{"rendered":"<p>Un video viral reabre el debate en redes sobre el uso de la fuerza por vigilantes de seguridad en supermercados.<\/p>\n","protected":false},"author":13,"featured_media":237355,"comment_status":"open","ping_status":"closed","sticky":false,"template":"","format":"standard","meta":{"_acf_changed":false,"footnotes":""},"categories":[18,957,961,965],"tags":[20055,30878,30881,30880,30876,729,30877,28980,1139,30879],"class_list":{"0":"post-237354","1":"post","2":"type-post","3":"status-publish","4":"format-standard","5":"has-post-thumbnail","7":"category-noticias","8":"category-noticias-internacionales","9":"category-videos","10":"category-viral","11":"tag-debate-en-redes","13":"tag-espana-2","14":"tag-hurto-en-supermercado","15":"tag-mercadona-granada","16":"tag-redes-sociales","17":"tag-santa-fe-granada","18":"tag-seguridad-privada","19":"tag-video-viral","20":"tag-vigilante-de-seguridad"},"acf":[],"yoast_head":"<!-- This site is optimized with the Yoast SEO plugin v27.4 - https:\/\/yoast.com\/product\/yoast-seo-wordpress\/ -->\n<title>Acci\u00f3n de guardia de seguridad de supermercado contra joven que robaba con un brazo partido divide a internautas - Cuballama Noticias<\/title>\n<meta name=\"description\" content=\"Un video viral reabre el debate sobre la actuaci\u00f3n de un vigilante de seguridad en un supermercado tras sorprender a un joven hurtando.\" \/>\n<meta name=\"robots\" content=\"index, follow, max-snippet:-1, max-image-preview:large, max-video-preview:-1\" \/>\n<link rel=\"canonical\" href=\"https:\/\/www.cuballama.com\/noticias\/accion-de-guardia-de-seguridad-de-supermercado-contra-joven-que-robaba-con-un-brazo-partido-divide-a-internautas\/\" \/>\n<meta property=\"og:locale\" content=\"es_ES\" \/>\n<meta property=\"og:type\" content=\"article\" \/>\n<meta property=\"og:title\" content=\"Acci\u00f3n de guardia de seguridad de supermercado contra joven que robaba con un brazo partido divide a internautas - Cuballama Noticias\" \/>\n<meta property=\"og:description\" content=\"Un video viral reabre el debate sobre la actuaci\u00f3n de un vigilante de seguridad en un supermercado tras sorprender a un joven hurtando.\" \/>\n<meta property=\"og:url\" content=\"https:\/\/www.cuballama.com\/noticias\/accion-de-guardia-de-seguridad-de-supermercado-contra-joven-que-robaba-con-un-brazo-partido-divide-a-internautas\/\" \/>\n<meta property=\"og:site_name\" content=\"Cuballama Noticias\" \/>\n<meta property=\"article:publisher\" content=\"https:\/\/www.facebook.com\/CubaLlama\" \/>\n<meta property=\"article:published_time\" content=\"2026-03-06T19:43:10+00:00\" \/>\n<meta property=\"article:modified_time\" content=\"2026-03-06T19:43:12+00:00\" \/>\n<meta property=\"og:image\" content=\"https:\/\/cdn1.mediawpaccore.net\/wp-content\/uploads\/2026\/03\/06035302\/image-19.png\" \/>\n\t<meta property=\"og:image:width\" content=\"1966\" \/>\n\t<meta property=\"og:image:height\" content=\"1033\" \/>\n\t<meta property=\"og:image:type\" content=\"image\/png\" \/>\n<meta name=\"author\" content=\"Roberto A.\" \/>\n<meta name=\"twitter:card\" content=\"summary_large_image\" \/>\n<meta name=\"twitter:creator\" content=\"@cuballama\" \/>\n<meta name=\"twitter:site\" content=\"@cuballama\" \/>\n<meta name=\"twitter:label1\" content=\"Escrito por\" \/>\n\t<meta name=\"twitter:data1\" content=\"Roberto A.\" \/>\n\t<meta name=\"twitter:label2\" content=\"Tiempo de lectura\" \/>\n\t<meta name=\"twitter:data2\" content=\"3 minutos\" \/>\n<script type=\"application\/ld+json\" class=\"yoast-schema-graph\">{\"@context\":\"https:\\\/\\\/schema.org\",\"@graph\":[{\"@type\":\"Article\",\"@id\":\"https:\\\/\\\/www.cuballama.com\\\/noticias\\\/accion-de-guardia-de-seguridad-de-supermercado-contra-joven-que-robaba-con-un-brazo-partido-divide-a-internautas\\\/#article\",\"isPartOf\":{\"@id\":\"https:\\\/\\\/www.cuballama.com\\\/noticias\\\/accion-de-guardia-de-seguridad-de-supermercado-contra-joven-que-robaba-con-un-brazo-partido-divide-a-internautas\\\/\"},\"author\":{\"name\":\"Roberto A.\",\"@id\":\"https:\\\/\\\/www.cuballama.com\\\/noticias\\\/#\\\/schema\\\/person\\\/a58502ed4146c8e9f83872e897c76cd2\"},\"headline\":\"Acci\u00f3n de guardia de seguridad de supermercado contra joven que robaba con un brazo partido divide a internautas\",\"datePublished\":\"2026-03-06T19:43:10+00:00\",\"dateModified\":\"2026-03-06T19:43:12+00:00\",\"mainEntityOfPage\":{\"@id\":\"https:\\\/\\\/www.cuballama.com\\\/noticias\\\/accion-de-guardia-de-seguridad-de-supermercado-contra-joven-que-robaba-con-un-brazo-partido-divide-a-internautas\\\/\"},\"wordCount\":592,\"commentCount\":0,\"publisher\":{\"@id\":\"https:\\\/\\\/www.cuballama.com\\\/noticias\\\/#organization\"},\"image\":{\"@id\":\"https:\\\/\\\/www.cuballama.com\\\/noticias\\\/accion-de-guardia-de-seguridad-de-supermercado-contra-joven-que-robaba-con-un-brazo-partido-divide-a-internautas\\\/#primaryimage\"},\"thumbnailUrl\":\"https:\\\/\\\/cdn1.mediawpaccore.net\\\/wp-content\\\/uploads\\\/2026\\\/03\\\/06035302\\\/image-19.png\",\"keywords\":[\"Debate en redes\",\"desinformaci\u00f3n viral\",\"Espa\u00f1a.\",\"hurto en supermercado\",\"Mercadona Granada\",\"redes Sociales\",\"Santa Fe Granada\",\"seguridad privada\",\"Video Viral\",\"vigilante de seguridad\"],\"articleSection\":[\"Noticias\",\"Noticias Internacionales\",\"Videos\",\"Viral\"],\"inLanguage\":\"es\",\"potentialAction\":[{\"@type\":\"CommentAction\",\"name\":\"Comment\",\"target\":[\"https:\\\/\\\/www.cuballama.com\\\/noticias\\\/accion-de-guardia-de-seguridad-de-supermercado-contra-joven-que-robaba-con-un-brazo-partido-divide-a-internautas\\\/#respond\"]}]},{\"@type\":\"WebPage\",\"@id\":\"https:\\\/\\\/www.cuballama.com\\\/noticias\\\/accion-de-guardia-de-seguridad-de-supermercado-contra-joven-que-robaba-con-un-brazo-partido-divide-a-internautas\\\/\",\"url\":\"https:\\\/\\\/www.cuballama.com\\\/noticias\\\/accion-de-guardia-de-seguridad-de-supermercado-contra-joven-que-robaba-con-un-brazo-partido-divide-a-internautas\\\/\",\"name\":\"Acci\u00f3n de guardia de seguridad de supermercado contra joven que robaba con un brazo partido divide a internautas - Cuballama Noticias\",\"isPartOf\":{\"@id\":\"https:\\\/\\\/www.cuballama.com\\\/noticias\\\/#website\"},\"primaryImageOfPage\":{\"@id\":\"https:\\\/\\\/www.cuballama.com\\\/noticias\\\/accion-de-guardia-de-seguridad-de-supermercado-contra-joven-que-robaba-con-un-brazo-partido-divide-a-internautas\\\/#primaryimage\"},\"image\":{\"@id\":\"https:\\\/\\\/www.cuballama.com\\\/noticias\\\/accion-de-guardia-de-seguridad-de-supermercado-contra-joven-que-robaba-con-un-brazo-partido-divide-a-internautas\\\/#primaryimage\"},\"thumbnailUrl\":\"https:\\\/\\\/cdn1.mediawpaccore.net\\\/wp-content\\\/uploads\\\/2026\\\/03\\\/06035302\\\/image-19.png\",\"datePublished\":\"2026-03-06T19:43:10+00:00\",\"dateModified\":\"2026-03-06T19:43:12+00:00\",\"description\":\"Un video viral reabre el debate sobre la actuaci\u00f3n de un vigilante de seguridad en un supermercado tras sorprender a un joven hurtando.\",\"breadcrumb\":{\"@id\":\"https:\\\/\\\/www.cuballama.com\\\/noticias\\\/accion-de-guardia-de-seguridad-de-supermercado-contra-joven-que-robaba-con-un-brazo-partido-divide-a-internautas\\\/#breadcrumb\"},\"inLanguage\":\"es\",\"potentialAction\":[{\"@type\":\"ReadAction\",\"target\":[\"https:\\\/\\\/www.cuballama.com\\\/noticias\\\/accion-de-guardia-de-seguridad-de-supermercado-contra-joven-que-robaba-con-un-brazo-partido-divide-a-internautas\\\/\"]}]},{\"@type\":\"ImageObject\",\"inLanguage\":\"es\",\"@id\":\"https:\\\/\\\/www.cuballama.com\\\/noticias\\\/accion-de-guardia-de-seguridad-de-supermercado-contra-joven-que-robaba-con-un-brazo-partido-divide-a-internautas\\\/#primaryimage\",\"url\":\"https:\\\/\\\/cdn1.mediawpaccore.net\\\/wp-content\\\/uploads\\\/2026\\\/03\\\/06035302\\\/image-19.png\",\"contentUrl\":\"https:\\\/\\\/cdn1.mediawpaccore.net\\\/wp-content\\\/uploads\\\/2026\\\/03\\\/06035302\\\/image-19.png\",\"width\":1966,\"height\":1033,\"caption\":\"Imagen en tres tiempos del perro estrall\u00f3n que le metieron al joven ladr\u00f3n. Foto: Video Screenshot\"},{\"@type\":\"BreadcrumbList\",\"@id\":\"https:\\\/\\\/www.cuballama.com\\\/noticias\\\/accion-de-guardia-de-seguridad-de-supermercado-contra-joven-que-robaba-con-un-brazo-partido-divide-a-internautas\\\/#breadcrumb\",\"itemListElement\":[{\"@type\":\"ListItem\",\"position\":1,\"name\":\"Home\",\"item\":\"https:\\\/\\\/www.cuballama.com\\\/noticias\\\/\"},{\"@type\":\"ListItem\",\"position\":2,\"name\":\"Acci\u00f3n de guardia de seguridad de supermercado contra joven que robaba con un brazo partido divide a internautas\"}]},{\"@type\":\"WebSite\",\"@id\":\"https:\\\/\\\/www.cuballama.com\\\/noticias\\\/#website\",\"url\":\"https:\\\/\\\/www.cuballama.com\\\/noticias\\\/\",\"name\":\"Cuballama Noticias\",\"description\":\"Medio digital sobre Cuba y el mundo\",\"publisher\":{\"@id\":\"https:\\\/\\\/www.cuballama.com\\\/noticias\\\/#organization\"},\"potentialAction\":[{\"@type\":\"SearchAction\",\"target\":{\"@type\":\"EntryPoint\",\"urlTemplate\":\"https:\\\/\\\/www.cuballama.com\\\/noticias\\\/?s={search_term_string}\"},\"query-input\":{\"@type\":\"PropertyValueSpecification\",\"valueRequired\":true,\"valueName\":\"search_term_string\"}}],\"inLanguage\":\"es\"},{\"@type\":\"Organization\",\"@id\":\"https:\\\/\\\/www.cuballama.com\\\/noticias\\\/#organization\",\"name\":\"Cuballama\",\"url\":\"https:\\\/\\\/www.cuballama.com\\\/noticias\\\/\",\"logo\":{\"@type\":\"ImageObject\",\"inLanguage\":\"es\",\"@id\":\"https:\\\/\\\/www.cuballama.com\\\/noticias\\\/#\\\/schema\\\/logo\\\/image\\\/\",\"url\":\"https:\\\/\\\/cdn1.mediawpaccore.net\\\/wp-content\\\/uploads\\\/2021\\\/12\\\/28171206\\\/cbll-logo-color-sm.png\",\"contentUrl\":\"https:\\\/\\\/cdn1.mediawpaccore.net\\\/wp-content\\\/uploads\\\/2021\\\/12\\\/28171206\\\/cbll-logo-color-sm.png\",\"width\":600,\"height\":133,\"caption\":\"Cuballama\"},\"image\":{\"@id\":\"https:\\\/\\\/www.cuballama.com\\\/noticias\\\/#\\\/schema\\\/logo\\\/image\\\/\"},\"sameAs\":[\"https:\\\/\\\/www.facebook.com\\\/CubaLlama\",\"https:\\\/\\\/x.com\\\/cuballama\",\"https:\\\/\\\/www.instagram.com\\\/stories\\\/cuballama_oficial\\\/\",\"https:\\\/\\\/www.youtube.com\\\/channel\\\/UCKkFE-d_axENGZcrc4as0IA\"]},{\"@type\":\"Person\",\"@id\":\"https:\\\/\\\/www.cuballama.com\\\/noticias\\\/#\\\/schema\\\/person\\\/a58502ed4146c8e9f83872e897c76cd2\",\"name\":\"Roberto A.\",\"description\":\"Roberto A. Periodista por decisi\u00f3n propia. Interesado en cualquier tema que me apasione y cada vez m\u00e1s comprometido con la verdad y la objetividad period\u00edstica. Graduado en La Habana hace ya muchos a\u00f1os, luego de una accidentada y polvorienta b\u00fasqueda de informaci\u00f3n sobre un tema in\u00e9dito. La Tesis, por cierto, desapareci\u00f3 de la biblioteca y no se conservan copias de la misma.\",\"url\":\"https:\\\/\\\/www.cuballama.com\\\/noticias\\\/author\\\/roberto\\\/\"}]}<\/script>\n<!-- \/ Yoast SEO plugin. -->","yoast_head_json":{"title":"Acci\u00f3n de guardia de seguridad de supermercado contra joven que robaba con un brazo partido divide a internautas - Cuballama Noticias","description":"Un video viral reabre el debate sobre la actuaci\u00f3n de un vigilante de seguridad en un supermercado tras sorprender a un joven hurtando.","robots":{"index":"index","follow":"follow","max-snippet":"max-snippet:-1","max-image-preview":"max-image-preview:large","max-video-preview":"max-video-preview:-1"},"canonical":"https:\/\/www.cuballama.com\/noticias\/accion-de-guardia-de-seguridad-de-supermercado-contra-joven-que-robaba-con-un-brazo-partido-divide-a-internautas\/","og_locale":"es_ES","og_type":"article","og_title":"Acci\u00f3n de guardia de seguridad de supermercado contra joven que robaba con un brazo partido divide a internautas - Cuballama Noticias","og_description":"Un video viral reabre el debate sobre la actuaci\u00f3n de un vigilante de seguridad en un supermercado tras sorprender a un joven hurtando.","og_url":"https:\/\/www.cuballama.com\/noticias\/accion-de-guardia-de-seguridad-de-supermercado-contra-joven-que-robaba-con-un-brazo-partido-divide-a-internautas\/","og_site_name":"Cuballama Noticias","article_publisher":"https:\/\/www.facebook.com\/CubaLlama","article_published_time":"2026-03-06T19:43:10+00:00","article_modified_time":"2026-03-06T19:43:12+00:00","og_image":[{"width":1966,"height":1033,"url":"https:\/\/cdn1.mediawpaccore.net\/wp-content\/uploads\/2026\/03\/06035302\/image-19.png","type":"image\/png"}],"author":"Roberto A.","twitter_card":"summary_large_image","twitter_creator":"@cuballama","twitter_site":"@cuballama","twitter_misc":{"Escrito por":"Roberto A.","Tiempo de lectura":"3 minutos"},"schema":{"@context":"https:\/\/schema.org","@graph":[{"@type":"Article","@id":"https:\/\/www.cuballama.com\/noticias\/accion-de-guardia-de-seguridad-de-supermercado-contra-joven-que-robaba-con-un-brazo-partido-divide-a-internautas\/#article","isPartOf":{"@id":"https:\/\/www.cuballama.com\/noticias\/accion-de-guardia-de-seguridad-de-supermercado-contra-joven-que-robaba-con-un-brazo-partido-divide-a-internautas\/"},"author":{"name":"Roberto A.","@id":"https:\/\/www.cuballama.com\/noticias\/#\/schema\/person\/a58502ed4146c8e9f83872e897c76cd2"},"headline":"Acci\u00f3n de guardia de seguridad de supermercado contra joven que robaba con un brazo partido divide a internautas","datePublished":"2026-03-06T19:43:10+00:00","dateModified":"2026-03-06T19:43:12+00:00","mainEntityOfPage":{"@id":"https:\/\/www.cuballama.com\/noticias\/accion-de-guardia-de-seguridad-de-supermercado-contra-joven-que-robaba-con-un-brazo-partido-divide-a-internautas\/"},"wordCount":592,"commentCount":0,"publisher":{"@id":"https:\/\/www.cuballama.com\/noticias\/#organization"},"image":{"@id":"https:\/\/www.cuballama.com\/noticias\/accion-de-guardia-de-seguridad-de-supermercado-contra-joven-que-robaba-con-un-brazo-partido-divide-a-internautas\/#primaryimage"},"thumbnailUrl":"https:\/\/cdn1.mediawpaccore.net\/wp-content\/uploads\/2026\/03\/06035302\/image-19.png","keywords":["Debate en redes","desinformaci\u00f3n viral","Espa\u00f1a.","hurto en supermercado","Mercadona Granada","redes Sociales","Santa Fe Granada","seguridad privada","Video Viral","vigilante de seguridad"],"articleSection":["Noticias","Noticias Internacionales","Videos","Viral"],"inLanguage":"es","potentialAction":[{"@type":"CommentAction","name":"Comment","target":["https:\/\/www.cuballama.com\/noticias\/accion-de-guardia-de-seguridad-de-supermercado-contra-joven-que-robaba-con-un-brazo-partido-divide-a-internautas\/#respond"]}]},{"@type":"WebPage","@id":"https:\/\/www.cuballama.com\/noticias\/accion-de-guardia-de-seguridad-de-supermercado-contra-joven-que-robaba-con-un-brazo-partido-divide-a-internautas\/","url":"https:\/\/www.cuballama.com\/noticias\/accion-de-guardia-de-seguridad-de-supermercado-contra-joven-que-robaba-con-un-brazo-partido-divide-a-internautas\/","name":"Acci\u00f3n de guardia de seguridad de supermercado contra joven que robaba con un brazo partido divide a internautas - Cuballama Noticias","isPartOf":{"@id":"https:\/\/www.cuballama.com\/noticias\/#website"},"primaryImageOfPage":{"@id":"https:\/\/www.cuballama.com\/noticias\/accion-de-guardia-de-seguridad-de-supermercado-contra-joven-que-robaba-con-un-brazo-partido-divide-a-internautas\/#primaryimage"},"image":{"@id":"https:\/\/www.cuballama.com\/noticias\/accion-de-guardia-de-seguridad-de-supermercado-contra-joven-que-robaba-con-un-brazo-partido-divide-a-internautas\/#primaryimage"},"thumbnailUrl":"https:\/\/cdn1.mediawpaccore.net\/wp-content\/uploads\/2026\/03\/06035302\/image-19.png","datePublished":"2026-03-06T19:43:10+00:00","dateModified":"2026-03-06T19:43:12+00:00","description":"Un video viral reabre el debate sobre la actuaci\u00f3n de un vigilante de seguridad en un supermercado tras sorprender a un joven hurtando.","breadcrumb":{"@id":"https:\/\/www.cuballama.com\/noticias\/accion-de-guardia-de-seguridad-de-supermercado-contra-joven-que-robaba-con-un-brazo-partido-divide-a-internautas\/#breadcrumb"},"inLanguage":"es","potentialAction":[{"@type":"ReadAction","target":["https:\/\/www.cuballama.com\/noticias\/accion-de-guardia-de-seguridad-de-supermercado-contra-joven-que-robaba-con-un-brazo-partido-divide-a-internautas\/"]}]},{"@type":"ImageObject","inLanguage":"es","@id":"https:\/\/www.cuballama.com\/noticias\/accion-de-guardia-de-seguridad-de-supermercado-contra-joven-que-robaba-con-un-brazo-partido-divide-a-internautas\/#primaryimage","url":"https:\/\/cdn1.mediawpaccore.net\/wp-content\/uploads\/2026\/03\/06035302\/image-19.png","contentUrl":"https:\/\/cdn1.mediawpaccore.net\/wp-content\/uploads\/2026\/03\/06035302\/image-19.png","width":1966,"height":1033,"caption":"Imagen en tres tiempos del perro estrall\u00f3n que le metieron al joven ladr\u00f3n. Foto: Video Screenshot"},{"@type":"BreadcrumbList","@id":"https:\/\/www.cuballama.com\/noticias\/accion-de-guardia-de-seguridad-de-supermercado-contra-joven-que-robaba-con-un-brazo-partido-divide-a-internautas\/#breadcrumb","itemListElement":[{"@type":"ListItem","position":1,"name":"Home","item":"https:\/\/www.cuballama.com\/noticias\/"},{"@type":"ListItem","position":2,"name":"Acci\u00f3n de guardia de seguridad de supermercado contra joven que robaba con un brazo partido divide a internautas"}]},{"@type":"WebSite","@id":"https:\/\/www.cuballama.com\/noticias\/#website","url":"https:\/\/www.cuballama.com\/noticias\/","name":"Cuballama Noticias","description":"Medio digital sobre Cuba y el mundo","publisher":{"@id":"https:\/\/www.cuballama.com\/noticias\/#organization"},"potentialAction":[{"@type":"SearchAction","target":{"@type":"EntryPoint","urlTemplate":"https:\/\/www.cuballama.com\/noticias\/?s={search_term_string}"},"query-input":{"@type":"PropertyValueSpecification","valueRequired":true,"valueName":"search_term_string"}}],"inLanguage":"es"},{"@type":"Organization","@id":"https:\/\/www.cuballama.com\/noticias\/#organization","name":"Cuballama","url":"https:\/\/www.cuballama.com\/noticias\/","logo":{"@type":"ImageObject","inLanguage":"es","@id":"https:\/\/www.cuballama.com\/noticias\/#\/schema\/logo\/image\/","url":"https:\/\/cdn1.mediawpaccore.net\/wp-content\/uploads\/2021\/12\/28171206\/cbll-logo-color-sm.png","contentUrl":"https:\/\/cdn1.mediawpaccore.net\/wp-content\/uploads\/2021\/12\/28171206\/cbll-logo-color-sm.png","width":600,"height":133,"caption":"Cuballama"},"image":{"@id":"https:\/\/www.cuballama.com\/noticias\/#\/schema\/logo\/image\/"},"sameAs":["https:\/\/www.facebook.com\/CubaLlama","https:\/\/x.com\/cuballama","https:\/\/www.instagram.com\/stories\/cuballama_oficial\/","https:\/\/www.youtube.com\/channel\/UCKkFE-d_axENGZcrc4as0IA"]},{"@type":"Person","@id":"https:\/\/www.cuballama.com\/noticias\/#\/schema\/person\/a58502ed4146c8e9f83872e897c76cd2","name":"Roberto A.","description":"Roberto A. Periodista por decisi\u00f3n propia. Interesado en cualquier tema que me apasione y cada vez m\u00e1s comprometido con la verdad y la objetividad period\u00edstica. Graduado en La Habana hace ya muchos a\u00f1os, luego de una accidentada y polvorienta b\u00fasqueda de informaci\u00f3n sobre un tema in\u00e9dito. La Tesis, por cierto, desapareci\u00f3 de la biblioteca y no se conservan copias de la misma.","url":"https:\/\/www.cuballama.com\/noticias\/author\/roberto\/"}]}},"_links":{"self":[{"href":"https:\/\/www.cuballama.com\/noticias\/wp-json\/wp\/v2\/posts\/237354","targetHints":{"allow":["GET"]}}],"collection":[{"href":"https:\/\/www.cuballama.com\/noticias\/wp-json\/wp\/v2\/posts"}],"about":[{"href":"https:\/\/www.cuballama.com\/noticias\/wp-json\/wp\/v2\/types\/post"}],"author":[{"embeddable":true,"href":"https:\/\/www.cuballama.com\/noticias\/wp-json\/wp\/v2\/users\/13"}],"replies":[{"embeddable":true,"href":"https:\/\/www.cuballama.com\/noticias\/wp-json\/wp\/v2\/comments?post=237354"}],"version-history":[{"count":1,"href":"https:\/\/www.cuballama.com\/noticias\/wp-json\/wp\/v2\/posts\/237354\/revisions"}],"predecessor-version":[{"id":237356,"href":"https:\/\/www.cuballama.com\/noticias\/wp-json\/wp\/v2\/posts\/237354\/revisions\/237356"}],"wp:featuredmedia":[{"embeddable":true,"href":"https:\/\/www.cuballama.com\/noticias\/wp-json\/wp\/v2\/media\/237355"}],"wp:attachment":[{"href":"https:\/\/www.cuballama.com\/noticias\/wp-json\/wp\/v2\/media?parent=237354"}],"wp:term":[{"taxonomy":"category","embeddable":true,"href":"https:\/\/www.cuballama.com\/noticias\/wp-json\/wp\/v2\/categories?post=237354"},{"taxonomy":"post_tag","embeddable":true,"href":"https:\/\/www.cuballama.com\/noticias\/wp-json\/wp\/v2\/tags?post=237354"}],"curies":[{"name":"wp","href":"https:\/\/api.w.org\/{rel}","templated":true}]}}