{"id":237351,"date":"2026-03-08T14:55:17","date_gmt":"2026-03-08T18:55:17","guid":{"rendered":"https:\/\/www.cuballama.com\/noticias\/?p=237351"},"modified":"2026-03-08T14:55:20","modified_gmt":"2026-03-08T18:55:20","slug":"joven-espanol-se-somete-a-experimento-30-dias-sin-movil-y-esto-fue-lo-que-paso","status":"publish","type":"post","link":"https:\/\/www.cuballama.com\/noticias\/joven-espanol-se-somete-a-experimento-30-dias-sin-movil-y-esto-fue-lo-que-paso\/","title":{"rendered":"Joven espa\u00f1ol se somete a experimento: 30 d\u00edas sin m\u00f3vil. Y esto fue lo que pas\u00f3"},"content":{"rendered":"\n<p>Juan Dom\u00ednguez, cocreador del p\u00f3dcast <em>Tengo Un Plan<\/em>, decidi\u00f3 pasar 30 d\u00edas sin m\u00f3vil en un momento en que el uso intensivo de pantallas se ha vuelto rutina. \u00bfQu\u00e9 sucedi\u00f3? Ya te lo contamos.<\/p>\n\n\n\n<p>El estudio no surge de la nada. Seg\u00fan la Encuesta sobre equipamiento y uso de TIC en los hogares del INE, el 92,5 % de la poblaci\u00f3n de 16 a 74 a\u00f1os en Espa\u00f1a utiliz\u00f3 internet a diario en 2025, un dato que retrata hasta qu\u00e9 punto la conexi\u00f3n permanente forma ya parte de la vida cotidiana. En ese contexto, el joven espa\u00f1ol puso a prueba qu\u00e9 ocurre cuando esa relaci\u00f3n se corta casi de ra\u00edz.<\/p>\n\n\n\n<p>El punto de partida fue un cansancio muy reconocible.<\/p>\n\n\n\n<p><em> \u201cEstoy harto de perder el tiempo con contenido vac\u00edo\u201d, <\/em>dijo al explicar por qu\u00e9 acept\u00f3 el reto. Sus reglas fueron estrictas: nada de redes sociales, nada de tablet y nada de tel\u00e9fono inteligente; solo un m\u00f3vil anal\u00f3gico para lo b\u00e1sico, 30 minutos diarios de WhatsApp desde el ordenador, un m\u00e1ximo de tres horas de ordenador para trabajar y una hora al d\u00eda dedicada a pensar. El experimento fue seguido por Ana Asensio, psic\u00f3loga sanitaria y doctora en Neurociencia, que le realiz\u00f3 pruebas neuropsicol\u00f3gicas, cuestionarios de estr\u00e9s y un electroencefalograma comparativo.<\/p>\n\n\n\n<p>Durante el proceso, Dom\u00ednguez describi\u00f3 primero aburrimiento, luego una ansiedad leve y, despu\u00e9s, una sensaci\u00f3n de tiempo recuperado. Asegur\u00f3 sentirse m\u00e1s creativo, m\u00e1s productivo y con sue\u00f1os m\u00e1s l\u00facidos. En la evaluaci\u00f3n final, explic\u00f3 que con pantalla predominaba una activaci\u00f3n mental m\u00e1s acelerada y que, sin ella, su cerebro tend\u00eda a un estado m\u00e1s calmado y concentrado. Los indicadores que se divulgaron tras la prueba apuntan a una ca\u00edda del estr\u00e9s fisiol\u00f3gico y emocional, una fuerte reducci\u00f3n de la sensaci\u00f3n de urgencia constante y una mejora notable en control atencional. <\/p>\n\n\n\n<p>La experiencia no es una rareza aislada. Un estudio publicado en PNAS Nexus en 2025 hall\u00f3 que bloquear el internet m\u00f3vil durante dos semanas redujo el uso del tel\u00e9fono y mejor\u00f3 bienestar subjetivo, salud mental y atenci\u00f3n sostenida. Otro trabajo publicado en BMC Psychology en 2024 observ\u00f3 menos tiempo de pantalla y mejoras en algunos indicadores tras 14 d\u00edas de abstinencia de redes sociales. Aun as\u00ed, una revisi\u00f3n sistem\u00e1tica y metaan\u00e1lisis publicada en Scientific Reports en 2025 advirti\u00f3 que los efectos sobre bienestar y satisfacci\u00f3n vital no siempre son consistentes.<\/p>\n\n\n\n<p>El propio Dom\u00ednguez sali\u00f3 del experimento sin convertirlo en serm\u00f3n tecnol\u00f3gico. Su conclusi\u00f3n fue m\u00e1s inc\u00f3moda, se\u00f1ala <em><a href=\"https:\/\/www.lavanguardia.com\/neo\/20260303\/11479473\/juan-dominguez-30-dias-movil-pantalla-predomina-onda-beta-pantalla-alfa-sostenido-llevar-coche-revolucionado.html\" target=\"_blank\" rel=\"noreferrer noopener nofollow\">La Vanguardia<\/a><\/em>: al dejar de consumir por un lado, termin\u00f3 trabajando m\u00e1s por otro. La desconexi\u00f3n, en su caso, no borr\u00f3 la necesidad de llenar el tiempo; solo la dej\u00f3 m\u00e1s a la vista.<\/p>\n\n\n\n<p><strong><a href=\"https:\/\/www.youtube.com\/watch?v=OqXmf8G-rsw\">As\u00ed lo cont\u00f3 \u00e9l en su canal, en primera persona<\/a><\/strong>.<\/p>\n\n\n\n<figure class=\"wp-block-embed is-type-video is-provider-youtube wp-block-embed-youtube wp-embed-aspect-16-9 wp-has-aspect-ratio\"><div class=\"wp-block-embed__wrapper\">\n<div class=\"youtube-embed\" data-video_id=\"OqXmf8G-rsw\"><iframe loading=\"lazy\" title=\"Vivo 30 D\u00edas Sin M\u00f3vil\" width=\"696\" height=\"392\" src=\"https:\/\/www.youtube.com\/embed\/OqXmf8G-rsw?feature=oembed&#038;enablejsapi=1\" frameborder=\"0\" allow=\"accelerometer; autoplay; clipboard-write; encrypted-media; gyroscope; picture-in-picture; web-share\" referrerpolicy=\"strict-origin-when-cross-origin\" allowfullscreen><\/iframe><\/div>\n<\/div><\/figure>\n","protected":false},"excerpt":{"rendered":"<p>Juan Dom\u00ednguez pas\u00f3 un mes sin m\u00f3vil ni redes y asegura que gan\u00f3 foco, calma y tiempo. La evidencia cient\u00edfica apunta en esa direcci\u00f3n.<\/p>\n","protected":false},"author":13,"featured_media":237352,"comment_status":"open","ping_status":"closed","sticky":false,"template":"","format":"standard","meta":{"_acf_changed":false,"footnotes":""},"categories":[18,957,11025,11028,11029],"tags":[30870,30873,30871,30869,272,30875,30872,30874,729,9402],"class_list":{"0":"post-237351","1":"post","2":"type-post","3":"status-publish","4":"format-standard","5":"has-post-thumbnail","7":"category-noticias","8":"category-noticias-internacionales","9":"category-salud","10":"category-sociedad","11":"category-tecnologia","12":"tag-30-dias-sin-movil","13":"tag-ana-asensio","14":"tag-atencion","16":"tag-espana","17":"tag-experimento-digital","18":"tag-juan-dominguez","19":"tag-pnas-nexus","20":"tag-redes-sociales","21":"tag-salud-mental"},"acf":[],"yoast_head":"<!-- This site is optimized with the Yoast SEO plugin v27.4 - https:\/\/yoast.com\/product\/yoast-seo-wordpress\/ -->\n<title>Joven espa\u00f1ol se somete a experimento: 30 d\u00edas sin m\u00f3vil. Y esto fue lo que pas\u00f3 - Cuballama Noticias<\/title>\n<meta name=\"description\" content=\"Juan Dom\u00ednguez pas\u00f3 30 d\u00edas sin m\u00f3vil y report\u00f3 m\u00e1s calma, foco y menos estr\u00e9s, en l\u00ednea con estudios recientes.\" \/>\n<meta name=\"robots\" content=\"index, follow, max-snippet:-1, max-image-preview:large, max-video-preview:-1\" \/>\n<link rel=\"canonical\" href=\"https:\/\/www.cuballama.com\/noticias\/joven-espanol-se-somete-a-experimento-30-dias-sin-movil-y-esto-fue-lo-que-paso\/\" \/>\n<meta property=\"og:locale\" content=\"es_ES\" \/>\n<meta property=\"og:type\" content=\"article\" \/>\n<meta property=\"og:title\" content=\"Joven espa\u00f1ol se somete a experimento: 30 d\u00edas sin m\u00f3vil. Y esto fue lo que pas\u00f3 - Cuballama Noticias\" \/>\n<meta property=\"og:description\" content=\"Juan Dom\u00ednguez pas\u00f3 30 d\u00edas sin m\u00f3vil y report\u00f3 m\u00e1s calma, foco y menos estr\u00e9s, en l\u00ednea con estudios recientes.\" \/>\n<meta property=\"og:url\" content=\"https:\/\/www.cuballama.com\/noticias\/joven-espanol-se-somete-a-experimento-30-dias-sin-movil-y-esto-fue-lo-que-paso\/\" \/>\n<meta property=\"og:site_name\" content=\"Cuballama Noticias\" \/>\n<meta property=\"article:publisher\" content=\"https:\/\/www.facebook.com\/CubaLlama\" \/>\n<meta property=\"article:published_time\" content=\"2026-03-08T18:55:17+00:00\" \/>\n<meta property=\"article:modified_time\" content=\"2026-03-08T18:55:20+00:00\" \/>\n<meta property=\"og:image\" content=\"https:\/\/cdn1.mediawpaccore.net\/wp-content\/uploads\/2026\/03\/06034039\/image-18.png\" \/>\n\t<meta property=\"og:image:width\" content=\"1762\" \/>\n\t<meta property=\"og:image:height\" content=\"956\" \/>\n\t<meta property=\"og:image:type\" content=\"image\/png\" \/>\n<meta name=\"author\" content=\"Roberto A.\" \/>\n<meta name=\"twitter:card\" content=\"summary_large_image\" \/>\n<meta name=\"twitter:creator\" content=\"@cuballama\" \/>\n<meta name=\"twitter:site\" content=\"@cuballama\" \/>\n<meta name=\"twitter:label1\" content=\"Escrito por\" \/>\n\t<meta name=\"twitter:data1\" content=\"Roberto A.\" \/>\n\t<meta name=\"twitter:label2\" content=\"Tiempo de lectura\" \/>\n\t<meta name=\"twitter:data2\" content=\"3 minutos\" \/>\n<script type=\"application\/ld+json\" class=\"yoast-schema-graph\">{\"@context\":\"https:\\\/\\\/schema.org\",\"@graph\":[{\"@type\":\"Article\",\"@id\":\"https:\\\/\\\/www.cuballama.com\\\/noticias\\\/joven-espanol-se-somete-a-experimento-30-dias-sin-movil-y-esto-fue-lo-que-paso\\\/#article\",\"isPartOf\":{\"@id\":\"https:\\\/\\\/www.cuballama.com\\\/noticias\\\/joven-espanol-se-somete-a-experimento-30-dias-sin-movil-y-esto-fue-lo-que-paso\\\/\"},\"author\":{\"name\":\"Roberto A.\",\"@id\":\"https:\\\/\\\/www.cuballama.com\\\/noticias\\\/#\\\/schema\\\/person\\\/a58502ed4146c8e9f83872e897c76cd2\"},\"headline\":\"Joven espa\u00f1ol se somete a experimento: 30 d\u00edas sin m\u00f3vil. Y esto fue lo que pas\u00f3\",\"datePublished\":\"2026-03-08T18:55:17+00:00\",\"dateModified\":\"2026-03-08T18:55:20+00:00\",\"mainEntityOfPage\":{\"@id\":\"https:\\\/\\\/www.cuballama.com\\\/noticias\\\/joven-espanol-se-somete-a-experimento-30-dias-sin-movil-y-esto-fue-lo-que-paso\\\/\"},\"wordCount\":523,\"commentCount\":0,\"publisher\":{\"@id\":\"https:\\\/\\\/www.cuballama.com\\\/noticias\\\/#organization\"},\"image\":{\"@id\":\"https:\\\/\\\/www.cuballama.com\\\/noticias\\\/joven-espanol-se-somete-a-experimento-30-dias-sin-movil-y-esto-fue-lo-que-paso\\\/#primaryimage\"},\"thumbnailUrl\":\"https:\\\/\\\/cdn1.mediawpaccore.net\\\/wp-content\\\/uploads\\\/2026\\\/03\\\/06034039\\\/image-18.png\",\"keywords\":[\"30 d\u00edas sin m\u00f3vil\",\"Ana Asensio\",\"atenci\u00f3n\",\"desintoxicaci\u00f3n digital\",\"espa\u00f1a\",\"experimento digital\",\"Juan Dom\u00ednguez\",\"PNAS Nexus\",\"redes Sociales\",\"salud mental\"],\"articleSection\":[\"Noticias\",\"Noticias Internacionales\",\"Salud\",\"Sociedad\",\"Tecnolog\u00eda\"],\"inLanguage\":\"es\",\"potentialAction\":[{\"@type\":\"CommentAction\",\"name\":\"Comment\",\"target\":[\"https:\\\/\\\/www.cuballama.com\\\/noticias\\\/joven-espanol-se-somete-a-experimento-30-dias-sin-movil-y-esto-fue-lo-que-paso\\\/#respond\"]}]},{\"@type\":\"WebPage\",\"@id\":\"https:\\\/\\\/www.cuballama.com\\\/noticias\\\/joven-espanol-se-somete-a-experimento-30-dias-sin-movil-y-esto-fue-lo-que-paso\\\/\",\"url\":\"https:\\\/\\\/www.cuballama.com\\\/noticias\\\/joven-espanol-se-somete-a-experimento-30-dias-sin-movil-y-esto-fue-lo-que-paso\\\/\",\"name\":\"Joven espa\u00f1ol se somete a experimento: 30 d\u00edas sin m\u00f3vil. Y esto fue lo que pas\u00f3 - Cuballama Noticias\",\"isPartOf\":{\"@id\":\"https:\\\/\\\/www.cuballama.com\\\/noticias\\\/#website\"},\"primaryImageOfPage\":{\"@id\":\"https:\\\/\\\/www.cuballama.com\\\/noticias\\\/joven-espanol-se-somete-a-experimento-30-dias-sin-movil-y-esto-fue-lo-que-paso\\\/#primaryimage\"},\"image\":{\"@id\":\"https:\\\/\\\/www.cuballama.com\\\/noticias\\\/joven-espanol-se-somete-a-experimento-30-dias-sin-movil-y-esto-fue-lo-que-paso\\\/#primaryimage\"},\"thumbnailUrl\":\"https:\\\/\\\/cdn1.mediawpaccore.net\\\/wp-content\\\/uploads\\\/2026\\\/03\\\/06034039\\\/image-18.png\",\"datePublished\":\"2026-03-08T18:55:17+00:00\",\"dateModified\":\"2026-03-08T18:55:20+00:00\",\"description\":\"Juan Dom\u00ednguez pas\u00f3 30 d\u00edas sin m\u00f3vil y report\u00f3 m\u00e1s calma, foco y menos estr\u00e9s, en l\u00ednea con estudios recientes.\",\"breadcrumb\":{\"@id\":\"https:\\\/\\\/www.cuballama.com\\\/noticias\\\/joven-espanol-se-somete-a-experimento-30-dias-sin-movil-y-esto-fue-lo-que-paso\\\/#breadcrumb\"},\"inLanguage\":\"es\",\"potentialAction\":[{\"@type\":\"ReadAction\",\"target\":[\"https:\\\/\\\/www.cuballama.com\\\/noticias\\\/joven-espanol-se-somete-a-experimento-30-dias-sin-movil-y-esto-fue-lo-que-paso\\\/\"]}]},{\"@type\":\"ImageObject\",\"inLanguage\":\"es\",\"@id\":\"https:\\\/\\\/www.cuballama.com\\\/noticias\\\/joven-espanol-se-somete-a-experimento-30-dias-sin-movil-y-esto-fue-lo-que-paso\\\/#primaryimage\",\"url\":\"https:\\\/\\\/cdn1.mediawpaccore.net\\\/wp-content\\\/uploads\\\/2026\\\/03\\\/06034039\\\/image-18.png\",\"contentUrl\":\"https:\\\/\\\/cdn1.mediawpaccore.net\\\/wp-content\\\/uploads\\\/2026\\\/03\\\/06034039\\\/image-18.png\",\"width\":1762,\"height\":956,\"caption\":\"Foto: V\u00eda @tengounplanpodcast \\\/ Youtube Video Screenshot\"},{\"@type\":\"BreadcrumbList\",\"@id\":\"https:\\\/\\\/www.cuballama.com\\\/noticias\\\/joven-espanol-se-somete-a-experimento-30-dias-sin-movil-y-esto-fue-lo-que-paso\\\/#breadcrumb\",\"itemListElement\":[{\"@type\":\"ListItem\",\"position\":1,\"name\":\"Home\",\"item\":\"https:\\\/\\\/www.cuballama.com\\\/noticias\\\/\"},{\"@type\":\"ListItem\",\"position\":2,\"name\":\"Joven espa\u00f1ol se somete a experimento: 30 d\u00edas sin m\u00f3vil. Y esto fue lo que pas\u00f3\"}]},{\"@type\":\"WebSite\",\"@id\":\"https:\\\/\\\/www.cuballama.com\\\/noticias\\\/#website\",\"url\":\"https:\\\/\\\/www.cuballama.com\\\/noticias\\\/\",\"name\":\"Cuballama Noticias\",\"description\":\"Medio digital sobre Cuba y el mundo\",\"publisher\":{\"@id\":\"https:\\\/\\\/www.cuballama.com\\\/noticias\\\/#organization\"},\"potentialAction\":[{\"@type\":\"SearchAction\",\"target\":{\"@type\":\"EntryPoint\",\"urlTemplate\":\"https:\\\/\\\/www.cuballama.com\\\/noticias\\\/?s={search_term_string}\"},\"query-input\":{\"@type\":\"PropertyValueSpecification\",\"valueRequired\":true,\"valueName\":\"search_term_string\"}}],\"inLanguage\":\"es\"},{\"@type\":\"Organization\",\"@id\":\"https:\\\/\\\/www.cuballama.com\\\/noticias\\\/#organization\",\"name\":\"Cuballama\",\"url\":\"https:\\\/\\\/www.cuballama.com\\\/noticias\\\/\",\"logo\":{\"@type\":\"ImageObject\",\"inLanguage\":\"es\",\"@id\":\"https:\\\/\\\/www.cuballama.com\\\/noticias\\\/#\\\/schema\\\/logo\\\/image\\\/\",\"url\":\"https:\\\/\\\/cdn1.mediawpaccore.net\\\/wp-content\\\/uploads\\\/2021\\\/12\\\/28171206\\\/cbll-logo-color-sm.png\",\"contentUrl\":\"https:\\\/\\\/cdn1.mediawpaccore.net\\\/wp-content\\\/uploads\\\/2021\\\/12\\\/28171206\\\/cbll-logo-color-sm.png\",\"width\":600,\"height\":133,\"caption\":\"Cuballama\"},\"image\":{\"@id\":\"https:\\\/\\\/www.cuballama.com\\\/noticias\\\/#\\\/schema\\\/logo\\\/image\\\/\"},\"sameAs\":[\"https:\\\/\\\/www.facebook.com\\\/CubaLlama\",\"https:\\\/\\\/x.com\\\/cuballama\",\"https:\\\/\\\/www.instagram.com\\\/stories\\\/cuballama_oficial\\\/\",\"https:\\\/\\\/www.youtube.com\\\/channel\\\/UCKkFE-d_axENGZcrc4as0IA\"]},{\"@type\":\"Person\",\"@id\":\"https:\\\/\\\/www.cuballama.com\\\/noticias\\\/#\\\/schema\\\/person\\\/a58502ed4146c8e9f83872e897c76cd2\",\"name\":\"Roberto A.\",\"description\":\"Roberto A. Periodista por decisi\u00f3n propia. Interesado en cualquier tema que me apasione y cada vez m\u00e1s comprometido con la verdad y la objetividad period\u00edstica. Graduado en La Habana hace ya muchos a\u00f1os, luego de una accidentada y polvorienta b\u00fasqueda de informaci\u00f3n sobre un tema in\u00e9dito. La Tesis, por cierto, desapareci\u00f3 de la biblioteca y no se conservan copias de la misma.\",\"url\":\"https:\\\/\\\/www.cuballama.com\\\/noticias\\\/author\\\/roberto\\\/\"}]}<\/script>\n<!-- \/ Yoast SEO plugin. -->","yoast_head_json":{"title":"Joven espa\u00f1ol se somete a experimento: 30 d\u00edas sin m\u00f3vil. Y esto fue lo que pas\u00f3 - Cuballama Noticias","description":"Juan Dom\u00ednguez pas\u00f3 30 d\u00edas sin m\u00f3vil y report\u00f3 m\u00e1s calma, foco y menos estr\u00e9s, en l\u00ednea con estudios recientes.","robots":{"index":"index","follow":"follow","max-snippet":"max-snippet:-1","max-image-preview":"max-image-preview:large","max-video-preview":"max-video-preview:-1"},"canonical":"https:\/\/www.cuballama.com\/noticias\/joven-espanol-se-somete-a-experimento-30-dias-sin-movil-y-esto-fue-lo-que-paso\/","og_locale":"es_ES","og_type":"article","og_title":"Joven espa\u00f1ol se somete a experimento: 30 d\u00edas sin m\u00f3vil. Y esto fue lo que pas\u00f3 - Cuballama Noticias","og_description":"Juan Dom\u00ednguez pas\u00f3 30 d\u00edas sin m\u00f3vil y report\u00f3 m\u00e1s calma, foco y menos estr\u00e9s, en l\u00ednea con estudios recientes.","og_url":"https:\/\/www.cuballama.com\/noticias\/joven-espanol-se-somete-a-experimento-30-dias-sin-movil-y-esto-fue-lo-que-paso\/","og_site_name":"Cuballama Noticias","article_publisher":"https:\/\/www.facebook.com\/CubaLlama","article_published_time":"2026-03-08T18:55:17+00:00","article_modified_time":"2026-03-08T18:55:20+00:00","og_image":[{"width":1762,"height":956,"url":"https:\/\/cdn1.mediawpaccore.net\/wp-content\/uploads\/2026\/03\/06034039\/image-18.png","type":"image\/png"}],"author":"Roberto A.","twitter_card":"summary_large_image","twitter_creator":"@cuballama","twitter_site":"@cuballama","twitter_misc":{"Escrito por":"Roberto A.","Tiempo de lectura":"3 minutos"},"schema":{"@context":"https:\/\/schema.org","@graph":[{"@type":"Article","@id":"https:\/\/www.cuballama.com\/noticias\/joven-espanol-se-somete-a-experimento-30-dias-sin-movil-y-esto-fue-lo-que-paso\/#article","isPartOf":{"@id":"https:\/\/www.cuballama.com\/noticias\/joven-espanol-se-somete-a-experimento-30-dias-sin-movil-y-esto-fue-lo-que-paso\/"},"author":{"name":"Roberto A.","@id":"https:\/\/www.cuballama.com\/noticias\/#\/schema\/person\/a58502ed4146c8e9f83872e897c76cd2"},"headline":"Joven espa\u00f1ol se somete a experimento: 30 d\u00edas sin m\u00f3vil. Y esto fue lo que pas\u00f3","datePublished":"2026-03-08T18:55:17+00:00","dateModified":"2026-03-08T18:55:20+00:00","mainEntityOfPage":{"@id":"https:\/\/www.cuballama.com\/noticias\/joven-espanol-se-somete-a-experimento-30-dias-sin-movil-y-esto-fue-lo-que-paso\/"},"wordCount":523,"commentCount":0,"publisher":{"@id":"https:\/\/www.cuballama.com\/noticias\/#organization"},"image":{"@id":"https:\/\/www.cuballama.com\/noticias\/joven-espanol-se-somete-a-experimento-30-dias-sin-movil-y-esto-fue-lo-que-paso\/#primaryimage"},"thumbnailUrl":"https:\/\/cdn1.mediawpaccore.net\/wp-content\/uploads\/2026\/03\/06034039\/image-18.png","keywords":["30 d\u00edas sin m\u00f3vil","Ana Asensio","atenci\u00f3n","desintoxicaci\u00f3n digital","espa\u00f1a","experimento digital","Juan Dom\u00ednguez","PNAS Nexus","redes Sociales","salud mental"],"articleSection":["Noticias","Noticias Internacionales","Salud","Sociedad","Tecnolog\u00eda"],"inLanguage":"es","potentialAction":[{"@type":"CommentAction","name":"Comment","target":["https:\/\/www.cuballama.com\/noticias\/joven-espanol-se-somete-a-experimento-30-dias-sin-movil-y-esto-fue-lo-que-paso\/#respond"]}]},{"@type":"WebPage","@id":"https:\/\/www.cuballama.com\/noticias\/joven-espanol-se-somete-a-experimento-30-dias-sin-movil-y-esto-fue-lo-que-paso\/","url":"https:\/\/www.cuballama.com\/noticias\/joven-espanol-se-somete-a-experimento-30-dias-sin-movil-y-esto-fue-lo-que-paso\/","name":"Joven espa\u00f1ol se somete a experimento: 30 d\u00edas sin m\u00f3vil. Y esto fue lo que pas\u00f3 - Cuballama Noticias","isPartOf":{"@id":"https:\/\/www.cuballama.com\/noticias\/#website"},"primaryImageOfPage":{"@id":"https:\/\/www.cuballama.com\/noticias\/joven-espanol-se-somete-a-experimento-30-dias-sin-movil-y-esto-fue-lo-que-paso\/#primaryimage"},"image":{"@id":"https:\/\/www.cuballama.com\/noticias\/joven-espanol-se-somete-a-experimento-30-dias-sin-movil-y-esto-fue-lo-que-paso\/#primaryimage"},"thumbnailUrl":"https:\/\/cdn1.mediawpaccore.net\/wp-content\/uploads\/2026\/03\/06034039\/image-18.png","datePublished":"2026-03-08T18:55:17+00:00","dateModified":"2026-03-08T18:55:20+00:00","description":"Juan Dom\u00ednguez pas\u00f3 30 d\u00edas sin m\u00f3vil y report\u00f3 m\u00e1s calma, foco y menos estr\u00e9s, en l\u00ednea con estudios recientes.","breadcrumb":{"@id":"https:\/\/www.cuballama.com\/noticias\/joven-espanol-se-somete-a-experimento-30-dias-sin-movil-y-esto-fue-lo-que-paso\/#breadcrumb"},"inLanguage":"es","potentialAction":[{"@type":"ReadAction","target":["https:\/\/www.cuballama.com\/noticias\/joven-espanol-se-somete-a-experimento-30-dias-sin-movil-y-esto-fue-lo-que-paso\/"]}]},{"@type":"ImageObject","inLanguage":"es","@id":"https:\/\/www.cuballama.com\/noticias\/joven-espanol-se-somete-a-experimento-30-dias-sin-movil-y-esto-fue-lo-que-paso\/#primaryimage","url":"https:\/\/cdn1.mediawpaccore.net\/wp-content\/uploads\/2026\/03\/06034039\/image-18.png","contentUrl":"https:\/\/cdn1.mediawpaccore.net\/wp-content\/uploads\/2026\/03\/06034039\/image-18.png","width":1762,"height":956,"caption":"Foto: V\u00eda @tengounplanpodcast \/ Youtube Video Screenshot"},{"@type":"BreadcrumbList","@id":"https:\/\/www.cuballama.com\/noticias\/joven-espanol-se-somete-a-experimento-30-dias-sin-movil-y-esto-fue-lo-que-paso\/#breadcrumb","itemListElement":[{"@type":"ListItem","position":1,"name":"Home","item":"https:\/\/www.cuballama.com\/noticias\/"},{"@type":"ListItem","position":2,"name":"Joven espa\u00f1ol se somete a experimento: 30 d\u00edas sin m\u00f3vil. Y esto fue lo que pas\u00f3"}]},{"@type":"WebSite","@id":"https:\/\/www.cuballama.com\/noticias\/#website","url":"https:\/\/www.cuballama.com\/noticias\/","name":"Cuballama Noticias","description":"Medio digital sobre Cuba y el mundo","publisher":{"@id":"https:\/\/www.cuballama.com\/noticias\/#organization"},"potentialAction":[{"@type":"SearchAction","target":{"@type":"EntryPoint","urlTemplate":"https:\/\/www.cuballama.com\/noticias\/?s={search_term_string}"},"query-input":{"@type":"PropertyValueSpecification","valueRequired":true,"valueName":"search_term_string"}}],"inLanguage":"es"},{"@type":"Organization","@id":"https:\/\/www.cuballama.com\/noticias\/#organization","name":"Cuballama","url":"https:\/\/www.cuballama.com\/noticias\/","logo":{"@type":"ImageObject","inLanguage":"es","@id":"https:\/\/www.cuballama.com\/noticias\/#\/schema\/logo\/image\/","url":"https:\/\/cdn1.mediawpaccore.net\/wp-content\/uploads\/2021\/12\/28171206\/cbll-logo-color-sm.png","contentUrl":"https:\/\/cdn1.mediawpaccore.net\/wp-content\/uploads\/2021\/12\/28171206\/cbll-logo-color-sm.png","width":600,"height":133,"caption":"Cuballama"},"image":{"@id":"https:\/\/www.cuballama.com\/noticias\/#\/schema\/logo\/image\/"},"sameAs":["https:\/\/www.facebook.com\/CubaLlama","https:\/\/x.com\/cuballama","https:\/\/www.instagram.com\/stories\/cuballama_oficial\/","https:\/\/www.youtube.com\/channel\/UCKkFE-d_axENGZcrc4as0IA"]},{"@type":"Person","@id":"https:\/\/www.cuballama.com\/noticias\/#\/schema\/person\/a58502ed4146c8e9f83872e897c76cd2","name":"Roberto A.","description":"Roberto A. Periodista por decisi\u00f3n propia. Interesado en cualquier tema que me apasione y cada vez m\u00e1s comprometido con la verdad y la objetividad period\u00edstica. Graduado en La Habana hace ya muchos a\u00f1os, luego de una accidentada y polvorienta b\u00fasqueda de informaci\u00f3n sobre un tema in\u00e9dito. La Tesis, por cierto, desapareci\u00f3 de la biblioteca y no se conservan copias de la misma.","url":"https:\/\/www.cuballama.com\/noticias\/author\/roberto\/"}]}},"_links":{"self":[{"href":"https:\/\/www.cuballama.com\/noticias\/wp-json\/wp\/v2\/posts\/237351","targetHints":{"allow":["GET"]}}],"collection":[{"href":"https:\/\/www.cuballama.com\/noticias\/wp-json\/wp\/v2\/posts"}],"about":[{"href":"https:\/\/www.cuballama.com\/noticias\/wp-json\/wp\/v2\/types\/post"}],"author":[{"embeddable":true,"href":"https:\/\/www.cuballama.com\/noticias\/wp-json\/wp\/v2\/users\/13"}],"replies":[{"embeddable":true,"href":"https:\/\/www.cuballama.com\/noticias\/wp-json\/wp\/v2\/comments?post=237351"}],"version-history":[{"count":1,"href":"https:\/\/www.cuballama.com\/noticias\/wp-json\/wp\/v2\/posts\/237351\/revisions"}],"predecessor-version":[{"id":237353,"href":"https:\/\/www.cuballama.com\/noticias\/wp-json\/wp\/v2\/posts\/237351\/revisions\/237353"}],"wp:featuredmedia":[{"embeddable":true,"href":"https:\/\/www.cuballama.com\/noticias\/wp-json\/wp\/v2\/media\/237352"}],"wp:attachment":[{"href":"https:\/\/www.cuballama.com\/noticias\/wp-json\/wp\/v2\/media?parent=237351"}],"wp:term":[{"taxonomy":"category","embeddable":true,"href":"https:\/\/www.cuballama.com\/noticias\/wp-json\/wp\/v2\/categories?post=237351"},{"taxonomy":"post_tag","embeddable":true,"href":"https:\/\/www.cuballama.com\/noticias\/wp-json\/wp\/v2\/tags?post=237351"}],"curies":[{"name":"wp","href":"https:\/\/api.w.org\/{rel}","templated":true}]}}