{"id":237321,"date":"2026-03-06T06:00:00","date_gmt":"2026-03-06T11:00:00","guid":{"rendered":"https:\/\/www.cuballama.com\/noticias\/?p=237321"},"modified":"2026-03-06T10:54:54","modified_gmt":"2026-03-06T15:54:54","slug":"trump-sugiere-que-cuba-seria-lo-proximo-es-solo-cuestion-de-tiempo","status":"publish","type":"post","link":"https:\/\/www.cuballama.com\/noticias\/trump-sugiere-que-cuba-seria-lo-proximo-es-solo-cuestion-de-tiempo\/","title":{"rendered":"Trump sugiere que Cuba ser\u00eda lo pr\u00f3ximo: \u201cEs solo cuesti\u00f3n de tiempo\u201d"},"content":{"rendered":"\n<p>El presidente de Estados Unidos, Donald Trump, sugiri\u00f3 este jueves que su administraci\u00f3n volver\u00e1 la vista hacia Cuba cuando terminen las operaciones militares en Ir\u00e1n.<\/p>\n\n\n\n<p>\u201cLo que est\u00e1 sucediendo con Cuba es incre\u00edble\u201d, expres\u00f3 Trump durante una visita del Inter Miami CF, el campe\u00f3n De la Major League F\u00fatbol 2025, a la Casa Blanca.<\/p>\n\n\n\n<p>\u201cCreemos que queremos arreglarlo, terminar este primero, pero eso ser\u00e1 solo una cuesti\u00f3n de tiempo antes de que ustedes y mucha gente incre\u00edble vaya a volver a Cuba, con suerte no para quedarse\u201d, se\u00f1al\u00f3 Trump al dirigirse a la audiencia entre los que estaban varios cubanoamericanos.<\/p>\n\n\n\n<p>\u201cQuer\u00eda esperar un par de semanas, pero sospecho que pronto estaremos juntos otra vez, celebrando lo que est\u00e1 pasando en Cuba\u201d, afirm\u00f3 el mandatario al referirse a los cambios que podr\u00edan venir en Cuba en un comentario al empresario cubanoamericano Jos\u00e9 Mas, copropietario del club Inter Miami.<\/p>\n\n\n\n<p>Inmerso en un conflicto militar en escalada en el Medio Oriente, Trump recalc\u00f3 que est\u00e1 considerando otra importante medida de pol\u00edtica exterior.<\/p>\n\n\n\n<p>\u201cNo tienen idea. Cuba quiere llegar a un trato de forma desesperada\u201d, asegur\u00f3 el republicano.<\/p>\n\n\n\n<blockquote class=\"twitter-tweet\"><p lang=\"en\" dir=\"ltr\">President Trump says Secretary of State Marco Rubio has been doing a \u201cfantastic job\u201d with the Middle East and Cuba. \u201cWhat&#39;s happening with Cuba is amazing, and we think that we want to finish this one first, but that will be just a question of time before you and a lot of\u2026 <a href=\"https:\/\/t.co\/Blfbw610s5\">pic.twitter.com\/Blfbw610s5<\/a><\/p>&mdash; CBS News (@CBSNews) <a href=\"https:\/\/twitter.com\/CBSNews\/status\/2029681778672255174?ref_src=twsrc%5Etfw\">March 5, 2026<\/a><\/blockquote> <script async src=\"https:\/\/platform.twitter.com\/widgets.js\" charset=\"utf-8\"><\/script>\n\n\n\n<p>\u201cTe queremos de vuelta y no queremos perderte. No queremos que sea tan agradable que se queden. Pero algunas personas probablemente quieran quedarse. Ellos aman tanto a Cuba\u201d, dijo. \u201cEsa era otra que se supon\u00eda que no deb\u00eda suceder\u201d.<\/p>\n\n\n\n<p>Trump se centr\u00f3 en Cuba despu\u00e9s de proporcionar una actualizaci\u00f3n jactanciosa sobre la guerra en Ir\u00e1n, donde dijo que los ej\u00e9rcitos de Estados Unidos e Israel contin\u00faan \u201cdemoliendo totalmente al enemigo\u201d.<\/p>\n\n\n\n<p>\u201cHas estado haciendo un trabajo fant\u00e1stico en un lugar llamado Cuba\u201d, agreg\u00f3 Trump al hablarle al secretario de Estado Marco, Rubio.<\/p>\n\n\n\n<p>\u201cTu pr\u00f3ximo proyecto ser\u00e1 Cuba\u201d, dijo Trump al referirse al jefe de la diplomacia estadounidense, a quien elogi\u00f3 una vez m\u00e1s. \u201cLes digo que ser\u00e1 recordado como el mejor secretario de Estado en la historia de este pa\u00eds\u201d, recalc\u00f3.<\/p>\n\n\n\n<p>\u201c\u00c9l est\u00e1 haciendo un gran trabajo, y el pr\u00f3ximo ser\u00e1\u2026 queremos hacer esa Cuba especial\u201d, dijo Trump, dejando la frase inconclusa.<\/p>\n\n\n\n<p>Previamente, en una entrevista con el medio <em>Politico<\/em>, el republicano hab\u00eda se\u00f1alado que la ca\u00edda del gobierno cubano ser\u00eda \u201cla cereza del pastel\u201d, donde agreg\u00f3 que su Administraci\u00f3n est\u00e1 en contacto con el Gobierno cubano.<\/p>\n\n\n\n<p>La pasada semana Trump plante\u00f3 la posibilidad de <a href=\"https:\/\/www.cuballama.com\/noticias\/trump-espera-que-ee-uu-inicie-una-toma-amistosa-y-controlada-de-cuba\/?srsltid=AfmBOorApH-SkZo-SHhEELm1NJtCJf5idscRzQRf-EIRoltj4zg-QOkQ\" target=\"_blank\" rel=\"noreferrer noopener\">una \u201ctoma de control amistosa\u201d de Cuba<\/a>, al afirmar que el Gobierno de la isla ha estado en conversaciones con su Gobierno sobre el futuro del pa\u00eds.<\/p>\n\n\n\n<p><\/p>\n","protected":false},"excerpt":{"rendered":"<p>El presidente de Estados Unidos sugiri\u00f3 que el tema Cuba ser\u00e1 uno de los pr\u00f3ximos asuntos importantes en la agenda de su gobierno.<\/p>\n","protected":false},"author":30,"featured_media":237332,"comment_status":"open","ping_status":"closed","sticky":false,"template":"","format":"standard","meta":{"_acf_changed":false,"footnotes":""},"categories":[18,955],"tags":[10867,700,1212,23998,11017],"class_list":{"0":"post-237321","1":"post","2":"type-post","3":"status-publish","4":"format-standard","5":"has-post-thumbnail","7":"category-noticias","8":"category-noticias-de-cuba","9":"tag-crisis-en-cuba","10":"tag-donald-trump","11":"tag-marco-rubio","12":"tag-relaciones-ee-uu-cuba","13":"tag-superdestacado"},"acf":[],"yoast_head":"<!-- This site is optimized with the Yoast SEO plugin v27.4 - https:\/\/yoast.com\/product\/yoast-seo-wordpress\/ -->\n<title>Trump sugiere que Cuba ser\u00eda lo pr\u00f3ximo: \u201cEs solo cuesti\u00f3n de tiempo\u201d - Cuballama Noticias<\/title>\n<meta name=\"description\" content=\"El presidente de EE.UU., Donald Trump, sugiri\u00f3 este jueves que su administraci\u00f3n volver\u00e1 la vista hacia Cuba cuando termine en Ir\u00e1n.\" \/>\n<meta name=\"robots\" content=\"index, follow, max-snippet:-1, max-image-preview:large, max-video-preview:-1\" \/>\n<link rel=\"canonical\" href=\"https:\/\/www.cuballama.com\/noticias\/trump-sugiere-que-cuba-seria-lo-proximo-es-solo-cuestion-de-tiempo\/\" \/>\n<meta property=\"og:locale\" content=\"es_ES\" \/>\n<meta property=\"og:type\" content=\"article\" \/>\n<meta property=\"og:title\" content=\"Trump sugiere que Cuba ser\u00eda lo pr\u00f3ximo: \u201cEs solo cuesti\u00f3n de tiempo\u201d - Cuballama Noticias\" \/>\n<meta property=\"og:description\" content=\"El presidente de EE.UU., Donald Trump, sugiri\u00f3 este jueves que su administraci\u00f3n volver\u00e1 la vista hacia Cuba cuando termine en Ir\u00e1n.\" \/>\n<meta property=\"og:url\" content=\"https:\/\/www.cuballama.com\/noticias\/trump-sugiere-que-cuba-seria-lo-proximo-es-solo-cuestion-de-tiempo\/\" \/>\n<meta property=\"og:site_name\" content=\"Cuballama Noticias\" \/>\n<meta property=\"article:publisher\" content=\"https:\/\/www.facebook.com\/CubaLlama\" \/>\n<meta property=\"article:published_time\" content=\"2026-03-06T11:00:00+00:00\" \/>\n<meta property=\"article:modified_time\" content=\"2026-03-06T15:54:54+00:00\" \/>\n<meta property=\"og:image\" content=\"https:\/\/cdn1.mediawpaccore.net\/wp-content\/uploads\/2026\/03\/05221203\/Captura-de-pantalla_5-3-2026_22925_www.instagram.com_.jpg\" \/>\n\t<meta property=\"og:image:width\" content=\"1200\" \/>\n\t<meta property=\"og:image:height\" content=\"630\" \/>\n\t<meta property=\"og:image:type\" content=\"image\/jpeg\" \/>\n<meta name=\"author\" content=\"Kathy\" \/>\n<meta name=\"twitter:card\" content=\"summary_large_image\" \/>\n<meta name=\"twitter:creator\" content=\"@cuballama\" \/>\n<meta name=\"twitter:site\" content=\"@cuballama\" \/>\n<meta name=\"twitter:label1\" content=\"Escrito por\" \/>\n\t<meta name=\"twitter:data1\" content=\"Kathy\" \/>\n\t<meta name=\"twitter:label2\" content=\"Tiempo de lectura\" \/>\n\t<meta name=\"twitter:data2\" content=\"3 minutos\" \/>\n<script type=\"application\/ld+json\" class=\"yoast-schema-graph\">{\"@context\":\"https:\\\/\\\/schema.org\",\"@graph\":[{\"@type\":\"Article\",\"@id\":\"https:\\\/\\\/www.cuballama.com\\\/noticias\\\/trump-sugiere-que-cuba-seria-lo-proximo-es-solo-cuestion-de-tiempo\\\/#article\",\"isPartOf\":{\"@id\":\"https:\\\/\\\/www.cuballama.com\\\/noticias\\\/trump-sugiere-que-cuba-seria-lo-proximo-es-solo-cuestion-de-tiempo\\\/\"},\"author\":{\"name\":\"Kathy\",\"@id\":\"https:\\\/\\\/www.cuballama.com\\\/noticias\\\/#\\\/schema\\\/person\\\/86cd3e3f4974437f031211213bf892d5\"},\"headline\":\"Trump sugiere que Cuba ser\u00eda lo pr\u00f3ximo: \u201cEs solo cuesti\u00f3n de tiempo\u201d\",\"datePublished\":\"2026-03-06T11:00:00+00:00\",\"dateModified\":\"2026-03-06T15:54:54+00:00\",\"mainEntityOfPage\":{\"@id\":\"https:\\\/\\\/www.cuballama.com\\\/noticias\\\/trump-sugiere-que-cuba-seria-lo-proximo-es-solo-cuestion-de-tiempo\\\/\"},\"wordCount\":511,\"commentCount\":0,\"publisher\":{\"@id\":\"https:\\\/\\\/www.cuballama.com\\\/noticias\\\/#organization\"},\"image\":{\"@id\":\"https:\\\/\\\/www.cuballama.com\\\/noticias\\\/trump-sugiere-que-cuba-seria-lo-proximo-es-solo-cuestion-de-tiempo\\\/#primaryimage\"},\"thumbnailUrl\":\"https:\\\/\\\/cdn1.mediawpaccore.net\\\/wp-content\\\/uploads\\\/2026\\\/03\\\/05221203\\\/Captura-de-pantalla_5-3-2026_22925_www.instagram.com_.jpg\",\"keywords\":[\"Crisis en Cuba\",\"Donald Trump\",\"Marco Rubio\",\"relaciones EE.UU.-Cuba\",\"superdestacado\"],\"articleSection\":[\"Noticias\",\"Noticias de Cuba\"],\"inLanguage\":\"es\",\"potentialAction\":[{\"@type\":\"CommentAction\",\"name\":\"Comment\",\"target\":[\"https:\\\/\\\/www.cuballama.com\\\/noticias\\\/trump-sugiere-que-cuba-seria-lo-proximo-es-solo-cuestion-de-tiempo\\\/#respond\"]}]},{\"@type\":\"WebPage\",\"@id\":\"https:\\\/\\\/www.cuballama.com\\\/noticias\\\/trump-sugiere-que-cuba-seria-lo-proximo-es-solo-cuestion-de-tiempo\\\/\",\"url\":\"https:\\\/\\\/www.cuballama.com\\\/noticias\\\/trump-sugiere-que-cuba-seria-lo-proximo-es-solo-cuestion-de-tiempo\\\/\",\"name\":\"Trump sugiere que Cuba ser\u00eda lo pr\u00f3ximo: \u201cEs solo cuesti\u00f3n de tiempo\u201d - Cuballama Noticias\",\"isPartOf\":{\"@id\":\"https:\\\/\\\/www.cuballama.com\\\/noticias\\\/#website\"},\"primaryImageOfPage\":{\"@id\":\"https:\\\/\\\/www.cuballama.com\\\/noticias\\\/trump-sugiere-que-cuba-seria-lo-proximo-es-solo-cuestion-de-tiempo\\\/#primaryimage\"},\"image\":{\"@id\":\"https:\\\/\\\/www.cuballama.com\\\/noticias\\\/trump-sugiere-que-cuba-seria-lo-proximo-es-solo-cuestion-de-tiempo\\\/#primaryimage\"},\"thumbnailUrl\":\"https:\\\/\\\/cdn1.mediawpaccore.net\\\/wp-content\\\/uploads\\\/2026\\\/03\\\/05221203\\\/Captura-de-pantalla_5-3-2026_22925_www.instagram.com_.jpg\",\"datePublished\":\"2026-03-06T11:00:00+00:00\",\"dateModified\":\"2026-03-06T15:54:54+00:00\",\"description\":\"El presidente de EE.UU., Donald Trump, sugiri\u00f3 este jueves que su administraci\u00f3n volver\u00e1 la vista hacia Cuba cuando termine en Ir\u00e1n.\",\"breadcrumb\":{\"@id\":\"https:\\\/\\\/www.cuballama.com\\\/noticias\\\/trump-sugiere-que-cuba-seria-lo-proximo-es-solo-cuestion-de-tiempo\\\/#breadcrumb\"},\"inLanguage\":\"es\",\"potentialAction\":[{\"@type\":\"ReadAction\",\"target\":[\"https:\\\/\\\/www.cuballama.com\\\/noticias\\\/trump-sugiere-que-cuba-seria-lo-proximo-es-solo-cuestion-de-tiempo\\\/\"]}]},{\"@type\":\"ImageObject\",\"inLanguage\":\"es\",\"@id\":\"https:\\\/\\\/www.cuballama.com\\\/noticias\\\/trump-sugiere-que-cuba-seria-lo-proximo-es-solo-cuestion-de-tiempo\\\/#primaryimage\",\"url\":\"https:\\\/\\\/cdn1.mediawpaccore.net\\\/wp-content\\\/uploads\\\/2026\\\/03\\\/05221203\\\/Captura-de-pantalla_5-3-2026_22925_www.instagram.com_.jpg\",\"contentUrl\":\"https:\\\/\\\/cdn1.mediawpaccore.net\\\/wp-content\\\/uploads\\\/2026\\\/03\\\/05221203\\\/Captura-de-pantalla_5-3-2026_22925_www.instagram.com_.jpg\",\"width\":1200,\"height\":630,\"caption\":\"Donald Trump. Foto: Instagram\\\/The White House.\"},{\"@type\":\"BreadcrumbList\",\"@id\":\"https:\\\/\\\/www.cuballama.com\\\/noticias\\\/trump-sugiere-que-cuba-seria-lo-proximo-es-solo-cuestion-de-tiempo\\\/#breadcrumb\",\"itemListElement\":[{\"@type\":\"ListItem\",\"position\":1,\"name\":\"Home\",\"item\":\"https:\\\/\\\/www.cuballama.com\\\/noticias\\\/\"},{\"@type\":\"ListItem\",\"position\":2,\"name\":\"Trump sugiere que Cuba ser\u00eda lo pr\u00f3ximo: \u201cEs solo cuesti\u00f3n de tiempo\u201d\"}]},{\"@type\":\"WebSite\",\"@id\":\"https:\\\/\\\/www.cuballama.com\\\/noticias\\\/#website\",\"url\":\"https:\\\/\\\/www.cuballama.com\\\/noticias\\\/\",\"name\":\"Cuballama Noticias\",\"description\":\"Medio digital sobre Cuba y el mundo\",\"publisher\":{\"@id\":\"https:\\\/\\\/www.cuballama.com\\\/noticias\\\/#organization\"},\"potentialAction\":[{\"@type\":\"SearchAction\",\"target\":{\"@type\":\"EntryPoint\",\"urlTemplate\":\"https:\\\/\\\/www.cuballama.com\\\/noticias\\\/?s={search_term_string}\"},\"query-input\":{\"@type\":\"PropertyValueSpecification\",\"valueRequired\":true,\"valueName\":\"search_term_string\"}}],\"inLanguage\":\"es\"},{\"@type\":\"Organization\",\"@id\":\"https:\\\/\\\/www.cuballama.com\\\/noticias\\\/#organization\",\"name\":\"Cuballama\",\"url\":\"https:\\\/\\\/www.cuballama.com\\\/noticias\\\/\",\"logo\":{\"@type\":\"ImageObject\",\"inLanguage\":\"es\",\"@id\":\"https:\\\/\\\/www.cuballama.com\\\/noticias\\\/#\\\/schema\\\/logo\\\/image\\\/\",\"url\":\"https:\\\/\\\/cdn1.mediawpaccore.net\\\/wp-content\\\/uploads\\\/2021\\\/12\\\/28171206\\\/cbll-logo-color-sm.png\",\"contentUrl\":\"https:\\\/\\\/cdn1.mediawpaccore.net\\\/wp-content\\\/uploads\\\/2021\\\/12\\\/28171206\\\/cbll-logo-color-sm.png\",\"width\":600,\"height\":133,\"caption\":\"Cuballama\"},\"image\":{\"@id\":\"https:\\\/\\\/www.cuballama.com\\\/noticias\\\/#\\\/schema\\\/logo\\\/image\\\/\"},\"sameAs\":[\"https:\\\/\\\/www.facebook.com\\\/CubaLlama\",\"https:\\\/\\\/x.com\\\/cuballama\",\"https:\\\/\\\/www.instagram.com\\\/stories\\\/cuballama_oficial\\\/\",\"https:\\\/\\\/www.youtube.com\\\/channel\\\/UCKkFE-d_axENGZcrc4as0IA\"]},{\"@type\":\"Person\",\"@id\":\"https:\\\/\\\/www.cuballama.com\\\/noticias\\\/#\\\/schema\\\/person\\\/86cd3e3f4974437f031211213bf892d5\",\"name\":\"Kathy\",\"url\":\"https:\\\/\\\/www.cuballama.com\\\/noticias\\\/author\\\/kathy\\\/\"}]}<\/script>\n<!-- \/ Yoast SEO plugin. -->","yoast_head_json":{"title":"Trump sugiere que Cuba ser\u00eda lo pr\u00f3ximo: \u201cEs solo cuesti\u00f3n de tiempo\u201d - Cuballama Noticias","description":"El presidente de EE.UU., Donald Trump, sugiri\u00f3 este jueves que su administraci\u00f3n volver\u00e1 la vista hacia Cuba cuando termine en Ir\u00e1n.","robots":{"index":"index","follow":"follow","max-snippet":"max-snippet:-1","max-image-preview":"max-image-preview:large","max-video-preview":"max-video-preview:-1"},"canonical":"https:\/\/www.cuballama.com\/noticias\/trump-sugiere-que-cuba-seria-lo-proximo-es-solo-cuestion-de-tiempo\/","og_locale":"es_ES","og_type":"article","og_title":"Trump sugiere que Cuba ser\u00eda lo pr\u00f3ximo: \u201cEs solo cuesti\u00f3n de tiempo\u201d - Cuballama Noticias","og_description":"El presidente de EE.UU., Donald Trump, sugiri\u00f3 este jueves que su administraci\u00f3n volver\u00e1 la vista hacia Cuba cuando termine en Ir\u00e1n.","og_url":"https:\/\/www.cuballama.com\/noticias\/trump-sugiere-que-cuba-seria-lo-proximo-es-solo-cuestion-de-tiempo\/","og_site_name":"Cuballama Noticias","article_publisher":"https:\/\/www.facebook.com\/CubaLlama","article_published_time":"2026-03-06T11:00:00+00:00","article_modified_time":"2026-03-06T15:54:54+00:00","og_image":[{"width":1200,"height":630,"url":"https:\/\/cdn1.mediawpaccore.net\/wp-content\/uploads\/2026\/03\/05221203\/Captura-de-pantalla_5-3-2026_22925_www.instagram.com_.jpg","type":"image\/jpeg"}],"author":"Kathy","twitter_card":"summary_large_image","twitter_creator":"@cuballama","twitter_site":"@cuballama","twitter_misc":{"Escrito por":"Kathy","Tiempo de lectura":"3 minutos"},"schema":{"@context":"https:\/\/schema.org","@graph":[{"@type":"Article","@id":"https:\/\/www.cuballama.com\/noticias\/trump-sugiere-que-cuba-seria-lo-proximo-es-solo-cuestion-de-tiempo\/#article","isPartOf":{"@id":"https:\/\/www.cuballama.com\/noticias\/trump-sugiere-que-cuba-seria-lo-proximo-es-solo-cuestion-de-tiempo\/"},"author":{"name":"Kathy","@id":"https:\/\/www.cuballama.com\/noticias\/#\/schema\/person\/86cd3e3f4974437f031211213bf892d5"},"headline":"Trump sugiere que Cuba ser\u00eda lo pr\u00f3ximo: \u201cEs solo cuesti\u00f3n de tiempo\u201d","datePublished":"2026-03-06T11:00:00+00:00","dateModified":"2026-03-06T15:54:54+00:00","mainEntityOfPage":{"@id":"https:\/\/www.cuballama.com\/noticias\/trump-sugiere-que-cuba-seria-lo-proximo-es-solo-cuestion-de-tiempo\/"},"wordCount":511,"commentCount":0,"publisher":{"@id":"https:\/\/www.cuballama.com\/noticias\/#organization"},"image":{"@id":"https:\/\/www.cuballama.com\/noticias\/trump-sugiere-que-cuba-seria-lo-proximo-es-solo-cuestion-de-tiempo\/#primaryimage"},"thumbnailUrl":"https:\/\/cdn1.mediawpaccore.net\/wp-content\/uploads\/2026\/03\/05221203\/Captura-de-pantalla_5-3-2026_22925_www.instagram.com_.jpg","keywords":["Crisis en Cuba","Donald Trump","Marco Rubio","relaciones EE.UU.-Cuba","superdestacado"],"articleSection":["Noticias","Noticias de Cuba"],"inLanguage":"es","potentialAction":[{"@type":"CommentAction","name":"Comment","target":["https:\/\/www.cuballama.com\/noticias\/trump-sugiere-que-cuba-seria-lo-proximo-es-solo-cuestion-de-tiempo\/#respond"]}]},{"@type":"WebPage","@id":"https:\/\/www.cuballama.com\/noticias\/trump-sugiere-que-cuba-seria-lo-proximo-es-solo-cuestion-de-tiempo\/","url":"https:\/\/www.cuballama.com\/noticias\/trump-sugiere-que-cuba-seria-lo-proximo-es-solo-cuestion-de-tiempo\/","name":"Trump sugiere que Cuba ser\u00eda lo pr\u00f3ximo: \u201cEs solo cuesti\u00f3n de tiempo\u201d - Cuballama Noticias","isPartOf":{"@id":"https:\/\/www.cuballama.com\/noticias\/#website"},"primaryImageOfPage":{"@id":"https:\/\/www.cuballama.com\/noticias\/trump-sugiere-que-cuba-seria-lo-proximo-es-solo-cuestion-de-tiempo\/#primaryimage"},"image":{"@id":"https:\/\/www.cuballama.com\/noticias\/trump-sugiere-que-cuba-seria-lo-proximo-es-solo-cuestion-de-tiempo\/#primaryimage"},"thumbnailUrl":"https:\/\/cdn1.mediawpaccore.net\/wp-content\/uploads\/2026\/03\/05221203\/Captura-de-pantalla_5-3-2026_22925_www.instagram.com_.jpg","datePublished":"2026-03-06T11:00:00+00:00","dateModified":"2026-03-06T15:54:54+00:00","description":"El presidente de EE.UU., Donald Trump, sugiri\u00f3 este jueves que su administraci\u00f3n volver\u00e1 la vista hacia Cuba cuando termine en Ir\u00e1n.","breadcrumb":{"@id":"https:\/\/www.cuballama.com\/noticias\/trump-sugiere-que-cuba-seria-lo-proximo-es-solo-cuestion-de-tiempo\/#breadcrumb"},"inLanguage":"es","potentialAction":[{"@type":"ReadAction","target":["https:\/\/www.cuballama.com\/noticias\/trump-sugiere-que-cuba-seria-lo-proximo-es-solo-cuestion-de-tiempo\/"]}]},{"@type":"ImageObject","inLanguage":"es","@id":"https:\/\/www.cuballama.com\/noticias\/trump-sugiere-que-cuba-seria-lo-proximo-es-solo-cuestion-de-tiempo\/#primaryimage","url":"https:\/\/cdn1.mediawpaccore.net\/wp-content\/uploads\/2026\/03\/05221203\/Captura-de-pantalla_5-3-2026_22925_www.instagram.com_.jpg","contentUrl":"https:\/\/cdn1.mediawpaccore.net\/wp-content\/uploads\/2026\/03\/05221203\/Captura-de-pantalla_5-3-2026_22925_www.instagram.com_.jpg","width":1200,"height":630,"caption":"Donald Trump. Foto: Instagram\/The White House."},{"@type":"BreadcrumbList","@id":"https:\/\/www.cuballama.com\/noticias\/trump-sugiere-que-cuba-seria-lo-proximo-es-solo-cuestion-de-tiempo\/#breadcrumb","itemListElement":[{"@type":"ListItem","position":1,"name":"Home","item":"https:\/\/www.cuballama.com\/noticias\/"},{"@type":"ListItem","position":2,"name":"Trump sugiere que Cuba ser\u00eda lo pr\u00f3ximo: \u201cEs solo cuesti\u00f3n de tiempo\u201d"}]},{"@type":"WebSite","@id":"https:\/\/www.cuballama.com\/noticias\/#website","url":"https:\/\/www.cuballama.com\/noticias\/","name":"Cuballama Noticias","description":"Medio digital sobre Cuba y el mundo","publisher":{"@id":"https:\/\/www.cuballama.com\/noticias\/#organization"},"potentialAction":[{"@type":"SearchAction","target":{"@type":"EntryPoint","urlTemplate":"https:\/\/www.cuballama.com\/noticias\/?s={search_term_string}"},"query-input":{"@type":"PropertyValueSpecification","valueRequired":true,"valueName":"search_term_string"}}],"inLanguage":"es"},{"@type":"Organization","@id":"https:\/\/www.cuballama.com\/noticias\/#organization","name":"Cuballama","url":"https:\/\/www.cuballama.com\/noticias\/","logo":{"@type":"ImageObject","inLanguage":"es","@id":"https:\/\/www.cuballama.com\/noticias\/#\/schema\/logo\/image\/","url":"https:\/\/cdn1.mediawpaccore.net\/wp-content\/uploads\/2021\/12\/28171206\/cbll-logo-color-sm.png","contentUrl":"https:\/\/cdn1.mediawpaccore.net\/wp-content\/uploads\/2021\/12\/28171206\/cbll-logo-color-sm.png","width":600,"height":133,"caption":"Cuballama"},"image":{"@id":"https:\/\/www.cuballama.com\/noticias\/#\/schema\/logo\/image\/"},"sameAs":["https:\/\/www.facebook.com\/CubaLlama","https:\/\/x.com\/cuballama","https:\/\/www.instagram.com\/stories\/cuballama_oficial\/","https:\/\/www.youtube.com\/channel\/UCKkFE-d_axENGZcrc4as0IA"]},{"@type":"Person","@id":"https:\/\/www.cuballama.com\/noticias\/#\/schema\/person\/86cd3e3f4974437f031211213bf892d5","name":"Kathy","url":"https:\/\/www.cuballama.com\/noticias\/author\/kathy\/"}]}},"_links":{"self":[{"href":"https:\/\/www.cuballama.com\/noticias\/wp-json\/wp\/v2\/posts\/237321","targetHints":{"allow":["GET"]}}],"collection":[{"href":"https:\/\/www.cuballama.com\/noticias\/wp-json\/wp\/v2\/posts"}],"about":[{"href":"https:\/\/www.cuballama.com\/noticias\/wp-json\/wp\/v2\/types\/post"}],"author":[{"embeddable":true,"href":"https:\/\/www.cuballama.com\/noticias\/wp-json\/wp\/v2\/users\/30"}],"replies":[{"embeddable":true,"href":"https:\/\/www.cuballama.com\/noticias\/wp-json\/wp\/v2\/comments?post=237321"}],"version-history":[{"count":7,"href":"https:\/\/www.cuballama.com\/noticias\/wp-json\/wp\/v2\/posts\/237321\/revisions"}],"predecessor-version":[{"id":237338,"href":"https:\/\/www.cuballama.com\/noticias\/wp-json\/wp\/v2\/posts\/237321\/revisions\/237338"}],"wp:featuredmedia":[{"embeddable":true,"href":"https:\/\/www.cuballama.com\/noticias\/wp-json\/wp\/v2\/media\/237332"}],"wp:attachment":[{"href":"https:\/\/www.cuballama.com\/noticias\/wp-json\/wp\/v2\/media?parent=237321"}],"wp:term":[{"taxonomy":"category","embeddable":true,"href":"https:\/\/www.cuballama.com\/noticias\/wp-json\/wp\/v2\/categories?post=237321"},{"taxonomy":"post_tag","embeddable":true,"href":"https:\/\/www.cuballama.com\/noticias\/wp-json\/wp\/v2\/tags?post=237321"}],"curies":[{"name":"wp","href":"https:\/\/api.w.org\/{rel}","templated":true}]}}