{"id":237287,"date":"2026-03-05T18:47:36","date_gmt":"2026-03-05T23:47:36","guid":{"rendered":"https:\/\/www.cuballama.com\/noticias\/?p=237287"},"modified":"2026-03-05T23:30:23","modified_gmt":"2026-03-06T04:30:23","slug":"fallece-quinto-tripulante-de-lancha-abatida-por-guardafronteras-en-cuba","status":"publish","type":"post","link":"https:\/\/www.cuballama.com\/noticias\/fallece-quinto-tripulante-de-lancha-abatida-por-guardafronteras-en-cuba\/","title":{"rendered":"Fallece quinto tripulante de lancha abatida por guardafronteras en Cuba"},"content":{"rendered":"\n<p><a href=\"https:\/\/www.cuballama.com\/noticias\/revelan-detalles-sobre-ciudadano-americano-detenido-tras-incursion-de-lancha-de-florida-en-cuba\/?srsltid=AfmBOorm8xiu3Syi0FC1E4qhKX2aiXI9JUDiJg9bMqzLMsUDsCcAR0xg\" target=\"_blank\" rel=\"noreferrer noopener\">Roberto \u00c1lvarez \u00c1vila<\/a>, uno de los diez tripulantes de la lancha de Florida abatida por Tropas Guardafronteras de Cuba el pasado mi\u00e9rcoles 25 de febrero en las costas del norte de Villa Clara, falleci\u00f3 este mi\u00e9rcoles 4 de marzo en una instalaci\u00f3n hospitalaria en La Habana, seg\u00fan confirmaron este jueves fuentes familiares en Miami.<\/p>\n\n\n\n<p>\u00c1lvarez \u00c1vila, quien result\u00f3 herido en el enfrentamiento que tuvo lugar en Cayo Falcones, en el municipio de Corralillo, cuando las autoridades detectaron \u201cuna lancha r\u00e1pida infractora dentro de las aguas territoriales cubanas\u201d, hab\u00eda sido trasladado a la capital cubana tras estar ingresado en terapia intensiva en el Hospital Provincial Universitario \u201cArnaldo Mili\u00e1n Castro\u201d, en Santa Clara, Villa Clara.<\/p>\n\n\n\n<p>Seg\u00fan revel\u00f3 el periodista Mario J. Pent\u00f3n, de <em>Mart\u00ed Noticias<\/em>, un oficial de la Seguridad del Estado llam\u00f3 este 5 de marzo a sus familiares en Palmira, Cienfuegos, para informarles que hab\u00eda muerto tras sufrir \u201cdos paros respiratorios durante una operaci\u00f3n a la que estaba siendo sometido en La Habana\u201d.<\/p>\n\n\n\n<p>Seg\u00fan se\u00f1alaron fuentes internas del hospital villaclare\u00f1o, el joven de 34 a\u00f1os fue atendido como paciente de neurocirug\u00eda, ya que una bala hab\u00eda quedado incrustada en su cr\u00e1neo.<\/p>\n\n\n\n<p>Solo despu\u00e9s de que lo trasladaran a La Habana le dijeron a sus familiares que \u201cya estaba fuera de peligro\u201d y que hab\u00eda sido reunido con el resto de los detenidos.<\/p>\n\n\n\n<p>Este jueves las autoridades sugirieron a los familiares que el cuerpo fuera cremado inmediatamente despu\u00e9s de reconocerlo.<\/p>\n\n\n\n<p>En un comunicado oficial le\u00eddo en televisi\u00f3n nacional la noche de este jueves, el r\u00e9gimen cubano admiti\u00f3 que \u00c1lvarez \u00c1vila \u201cfalleci\u00f3 el 4 de marzo a consecuencia de las heridas recibidas\u201d.<\/p>\n\n\n\n<iframe loading=\"lazy\" src=\"https:\/\/www.facebook.com\/plugins\/post.php?href=https%3A%2F%2Fwww.facebook.com%2FMarioJPenton%2Fposts%2Fpfbid029265CPPRqSVafRQuQK9jVuQWuCmwUYBSqwEC6qNYTwYvSJNCYywNYpJc6JzXcKBnl&#038;show_text=true&#038;width=500\" width=\"500\" height=\"736\" style=\"border:none;overflow:hidden\" scrolling=\"no\" frameborder=\"0\" allowfullscreen=\"true\" allow=\"autoplay; clipboard-write; encrypted-media; picture-in-picture; web-share\"><\/iframe>\n\n\n\n<p>Se trata del quinto fallecido (y el segundo cubanoamericano) tras \u201cla incursi\u00f3n ilegal de una lancha r\u00e1pida con diez personas armadas a bordo\u201d, seg\u00fan el recuento del Ministerio del Interior de Cuba (Minint), en el que ya aparec\u00edan como fallecidos Pavel Alling Pe\u00f1a, Michael Ortega Casanova, Ledi\u00e1n Padr\u00f3n Guevara y H\u00e9ctor Duani Cruz Correa.&nbsp;<\/p>\n\n\n\n<p>El fin de semana Pent\u00f3n destac\u00f3 que \u00c1lvarez \u00c1vila, como Alling, otro de los fallecidos, era ciudadano estadounidense. Seg\u00fan hab\u00eda adelantado <em>The New York Times<\/em>, al menos dos de los tripulantes eran ciudadanos americanos, otro ten\u00eda una visa para prometido y los dem\u00e1s ser\u00edan residentes legales permanentes.<\/p>\n\n\n\n<p>\u00c1lvarez \u00c1vila, cuyo nombre no apareci\u00f3 en el recuento inicial de los participantes en la incursi\u00f3n armada por error del Minint, era uno de los seis heridos capturados tras el tiroteo, junto a Cristian Ernesto Acosta Guevara, Conrado Galindo Serrior, Jos\u00e9 Manuel Rodr\u00edguez Castell\u00f3, Leord\u00e1n Cruz G\u00f3mez y Amijail S\u00e1nchez Gonz\u00e1lez. De acuerdo con La Habana, los seis hab\u00edan resultado heridos.<\/p>\n\n\n\n<p>El nombre de \u00c1lvarez \u00c1vila se confundi\u00f3 entonces con el de Roberto Azcorra Consuegra, otro activista por la libertad de Cuba, que permaneci\u00f3 en Miami, Florida, y que asegur\u00f3 no haber participado en la expedici\u00f3n, pese a que conoc\u00eda a los implicados.<\/p>\n\n\n\n<p>\u201cLos detenidos heridos contin\u00faan recibiendo asistencia m\u00e9dica especializada de acuerdo al estado de salud y la gravedad de cada cual\u201d, apunt\u00f3 este jueves el gobierno.<\/p>\n\n\n\n<p>\u00c1lvarez \u00c1vila, que hab\u00eda llegado con nueve a\u00f1os a Estados Unidos, era padre de tres ni\u00f1as y llevaba 17 a\u00f1os casado. \u201c\u00c9l es una buena persona que ama a Cuba, un luchador por la libertad\u201d, se\u00f1al\u00f3 sobre \u00e9l su esposa.<\/p>\n\n\n\n<p>Seg\u00fan la versi\u00f3n cubana de los hechos, que Estados Unidos investiga, el incidente se produjo cuando una fragata de guardacostas se acerc\u00f3 a la lancha para solicitar su identificaci\u00f3n, pero sus pasajeros respondieron abriendo fuego.<\/p>\n\n\n\n<p>El martes la Fiscal\u00eda General de la Rep\u00fablica de Cuba anunci\u00f3 que hab\u00eda instruido <a href=\"https:\/\/www.cuballama.com\/noticias\/fiscalia-de-cuba-acusa-de-terrorismo-a-detenidos-a-bordo-de-lancha-de-florida\/?srsltid=AfmBOoodiGQqdyiRfk8GQ9E9CzMcjqf_suXFjOhOqS2x0f6T_HQ31gO_\" target=\"_blank\" rel=\"noreferrer noopener\">cargos por delitos de terrorismo<\/a> contra los seis detenidos tras el enfrentamiento y que hab\u00eda pedido prisi\u00f3n provisional para ellos.<\/p>\n","protected":false},"excerpt":{"rendered":"<p>El fallecido, Roberto \u00c1lvarez \u00c1vila, ten\u00eda una bala incrustada en su cr\u00e1neo.<\/p>\n","protected":false},"author":30,"featured_media":237293,"comment_status":"open","ping_status":"closed","sticky":false,"template":"","format":"standard","meta":{"_acf_changed":false,"footnotes":""},"categories":[18,955],"tags":[30771,30868,11017],"class_list":{"0":"post-237287","1":"post","2":"type-post","3":"status-publish","4":"format-standard","5":"has-post-thumbnail","7":"category-noticias","8":"category-noticias-de-cuba","9":"tag-lancha","10":"tag-roberto-alvarez-avila","11":"tag-superdestacado"},"acf":[],"yoast_head":"<!-- This site is optimized with the Yoast SEO plugin v27.5 - https:\/\/yoast.com\/product\/yoast-seo-wordpress\/ -->\n<title>Fallece quinto tripulante de lancha abatida por guardafronteras en Cuba - Cuballama Noticias<\/title>\n<meta name=\"description\" content=\"Roberto \u00c1lvarez \u00c1vila, uno de los tripulantes de la lancha abatida por Tropas Guardafronteras de Cuba la pasada semana, falleci\u00f3.\" \/>\n<meta name=\"robots\" content=\"index, follow, max-snippet:-1, max-image-preview:large, max-video-preview:-1\" \/>\n<link rel=\"canonical\" href=\"https:\/\/www.cuballama.com\/noticias\/fallece-quinto-tripulante-de-lancha-abatida-por-guardafronteras-en-cuba\/\" \/>\n<meta property=\"og:locale\" content=\"es_ES\" \/>\n<meta property=\"og:type\" content=\"article\" \/>\n<meta property=\"og:title\" content=\"Fallece quinto tripulante de lancha abatida por guardafronteras en Cuba - Cuballama Noticias\" \/>\n<meta property=\"og:description\" content=\"Roberto \u00c1lvarez \u00c1vila, uno de los tripulantes de la lancha abatida por Tropas Guardafronteras de Cuba la pasada semana, falleci\u00f3.\" \/>\n<meta property=\"og:url\" content=\"https:\/\/www.cuballama.com\/noticias\/fallece-quinto-tripulante-de-lancha-abatida-por-guardafronteras-en-cuba\/\" \/>\n<meta property=\"og:site_name\" content=\"Cuballama Noticias\" \/>\n<meta property=\"article:publisher\" content=\"https:\/\/www.facebook.com\/CubaLlama\" \/>\n<meta property=\"article:published_time\" content=\"2026-03-05T23:47:36+00:00\" \/>\n<meta property=\"article:modified_time\" content=\"2026-03-06T04:30:23+00:00\" \/>\n<meta property=\"og:image\" content=\"https:\/\/cdn1.mediawpaccore.net\/wp-content\/uploads\/2026\/03\/05180928\/642735057_1481377316944440_4439267856698811446_n2.jpg\" \/>\n\t<meta property=\"og:image:width\" content=\"1200\" \/>\n\t<meta property=\"og:image:height\" content=\"630\" \/>\n\t<meta property=\"og:image:type\" content=\"image\/jpeg\" \/>\n<meta name=\"author\" content=\"Kathy\" \/>\n<meta name=\"twitter:card\" content=\"summary_large_image\" \/>\n<meta name=\"twitter:creator\" content=\"@cuballama\" \/>\n<meta name=\"twitter:site\" content=\"@cuballama\" \/>\n<meta name=\"twitter:label1\" content=\"Escrito por\" \/>\n\t<meta name=\"twitter:data1\" content=\"Kathy\" \/>\n\t<meta name=\"twitter:label2\" content=\"Tiempo de lectura\" \/>\n\t<meta name=\"twitter:data2\" content=\"3 minutos\" \/>\n<script type=\"application\/ld+json\" class=\"yoast-schema-graph\">{\"@context\":\"https:\\\/\\\/schema.org\",\"@graph\":[{\"@type\":\"Article\",\"@id\":\"https:\\\/\\\/www.cuballama.com\\\/noticias\\\/fallece-quinto-tripulante-de-lancha-abatida-por-guardafronteras-en-cuba\\\/#article\",\"isPartOf\":{\"@id\":\"https:\\\/\\\/www.cuballama.com\\\/noticias\\\/fallece-quinto-tripulante-de-lancha-abatida-por-guardafronteras-en-cuba\\\/\"},\"author\":{\"name\":\"Kathy\",\"@id\":\"https:\\\/\\\/www.cuballama.com\\\/noticias\\\/#\\\/schema\\\/person\\\/86cd3e3f4974437f031211213bf892d5\"},\"headline\":\"Fallece quinto tripulante de lancha abatida por guardafronteras en Cuba\",\"datePublished\":\"2026-03-05T23:47:36+00:00\",\"dateModified\":\"2026-03-06T04:30:23+00:00\",\"mainEntityOfPage\":{\"@id\":\"https:\\\/\\\/www.cuballama.com\\\/noticias\\\/fallece-quinto-tripulante-de-lancha-abatida-por-guardafronteras-en-cuba\\\/\"},\"wordCount\":675,\"commentCount\":0,\"publisher\":{\"@id\":\"https:\\\/\\\/www.cuballama.com\\\/noticias\\\/#organization\"},\"image\":{\"@id\":\"https:\\\/\\\/www.cuballama.com\\\/noticias\\\/fallece-quinto-tripulante-de-lancha-abatida-por-guardafronteras-en-cuba\\\/#primaryimage\"},\"thumbnailUrl\":\"https:\\\/\\\/cdn1.mediawpaccore.net\\\/wp-content\\\/uploads\\\/2026\\\/03\\\/05180928\\\/642735057_1481377316944440_4439267856698811446_n2.jpg\",\"keywords\":[\"lancha\",\"Roberto \u00c1lvarez \u00c1vila\",\"superdestacado\"],\"articleSection\":[\"Noticias\",\"Noticias de Cuba\"],\"inLanguage\":\"es\",\"potentialAction\":[{\"@type\":\"CommentAction\",\"name\":\"Comment\",\"target\":[\"https:\\\/\\\/www.cuballama.com\\\/noticias\\\/fallece-quinto-tripulante-de-lancha-abatida-por-guardafronteras-en-cuba\\\/#respond\"]}]},{\"@type\":\"WebPage\",\"@id\":\"https:\\\/\\\/www.cuballama.com\\\/noticias\\\/fallece-quinto-tripulante-de-lancha-abatida-por-guardafronteras-en-cuba\\\/\",\"url\":\"https:\\\/\\\/www.cuballama.com\\\/noticias\\\/fallece-quinto-tripulante-de-lancha-abatida-por-guardafronteras-en-cuba\\\/\",\"name\":\"Fallece quinto tripulante de lancha abatida por guardafronteras en Cuba - Cuballama Noticias\",\"isPartOf\":{\"@id\":\"https:\\\/\\\/www.cuballama.com\\\/noticias\\\/#website\"},\"primaryImageOfPage\":{\"@id\":\"https:\\\/\\\/www.cuballama.com\\\/noticias\\\/fallece-quinto-tripulante-de-lancha-abatida-por-guardafronteras-en-cuba\\\/#primaryimage\"},\"image\":{\"@id\":\"https:\\\/\\\/www.cuballama.com\\\/noticias\\\/fallece-quinto-tripulante-de-lancha-abatida-por-guardafronteras-en-cuba\\\/#primaryimage\"},\"thumbnailUrl\":\"https:\\\/\\\/cdn1.mediawpaccore.net\\\/wp-content\\\/uploads\\\/2026\\\/03\\\/05180928\\\/642735057_1481377316944440_4439267856698811446_n2.jpg\",\"datePublished\":\"2026-03-05T23:47:36+00:00\",\"dateModified\":\"2026-03-06T04:30:23+00:00\",\"description\":\"Roberto \u00c1lvarez \u00c1vila, uno de los tripulantes de la lancha abatida por Tropas Guardafronteras de Cuba la pasada semana, falleci\u00f3.\",\"breadcrumb\":{\"@id\":\"https:\\\/\\\/www.cuballama.com\\\/noticias\\\/fallece-quinto-tripulante-de-lancha-abatida-por-guardafronteras-en-cuba\\\/#breadcrumb\"},\"inLanguage\":\"es\",\"potentialAction\":[{\"@type\":\"ReadAction\",\"target\":[\"https:\\\/\\\/www.cuballama.com\\\/noticias\\\/fallece-quinto-tripulante-de-lancha-abatida-por-guardafronteras-en-cuba\\\/\"]}]},{\"@type\":\"ImageObject\",\"inLanguage\":\"es\",\"@id\":\"https:\\\/\\\/www.cuballama.com\\\/noticias\\\/fallece-quinto-tripulante-de-lancha-abatida-por-guardafronteras-en-cuba\\\/#primaryimage\",\"url\":\"https:\\\/\\\/cdn1.mediawpaccore.net\\\/wp-content\\\/uploads\\\/2026\\\/03\\\/05180928\\\/642735057_1481377316944440_4439267856698811446_n2.jpg\",\"contentUrl\":\"https:\\\/\\\/cdn1.mediawpaccore.net\\\/wp-content\\\/uploads\\\/2026\\\/03\\\/05180928\\\/642735057_1481377316944440_4439267856698811446_n2.jpg\",\"width\":1200,\"height\":630,\"caption\":\"Roberto \u00c1lvarez \u00c1vila. Foto: Facebook\\\/Roberto \u00c1lvarez \u00c1vila.\"},{\"@type\":\"BreadcrumbList\",\"@id\":\"https:\\\/\\\/www.cuballama.com\\\/noticias\\\/fallece-quinto-tripulante-de-lancha-abatida-por-guardafronteras-en-cuba\\\/#breadcrumb\",\"itemListElement\":[{\"@type\":\"ListItem\",\"position\":1,\"name\":\"Home\",\"item\":\"https:\\\/\\\/www.cuballama.com\\\/noticias\\\/\"},{\"@type\":\"ListItem\",\"position\":2,\"name\":\"Fallece quinto tripulante de lancha abatida por guardafronteras en Cuba\"}]},{\"@type\":\"WebSite\",\"@id\":\"https:\\\/\\\/www.cuballama.com\\\/noticias\\\/#website\",\"url\":\"https:\\\/\\\/www.cuballama.com\\\/noticias\\\/\",\"name\":\"Cuballama Noticias\",\"description\":\"Medio digital sobre Cuba y el mundo\",\"publisher\":{\"@id\":\"https:\\\/\\\/www.cuballama.com\\\/noticias\\\/#organization\"},\"potentialAction\":[{\"@type\":\"SearchAction\",\"target\":{\"@type\":\"EntryPoint\",\"urlTemplate\":\"https:\\\/\\\/www.cuballama.com\\\/noticias\\\/?s={search_term_string}\"},\"query-input\":{\"@type\":\"PropertyValueSpecification\",\"valueRequired\":true,\"valueName\":\"search_term_string\"}}],\"inLanguage\":\"es\"},{\"@type\":\"Organization\",\"@id\":\"https:\\\/\\\/www.cuballama.com\\\/noticias\\\/#organization\",\"name\":\"Cuballama\",\"url\":\"https:\\\/\\\/www.cuballama.com\\\/noticias\\\/\",\"logo\":{\"@type\":\"ImageObject\",\"inLanguage\":\"es\",\"@id\":\"https:\\\/\\\/www.cuballama.com\\\/noticias\\\/#\\\/schema\\\/logo\\\/image\\\/\",\"url\":\"https:\\\/\\\/cdn1.mediawpaccore.net\\\/wp-content\\\/uploads\\\/2021\\\/12\\\/28171206\\\/cbll-logo-color-sm.png\",\"contentUrl\":\"https:\\\/\\\/cdn1.mediawpaccore.net\\\/wp-content\\\/uploads\\\/2021\\\/12\\\/28171206\\\/cbll-logo-color-sm.png\",\"width\":600,\"height\":133,\"caption\":\"Cuballama\"},\"image\":{\"@id\":\"https:\\\/\\\/www.cuballama.com\\\/noticias\\\/#\\\/schema\\\/logo\\\/image\\\/\"},\"sameAs\":[\"https:\\\/\\\/www.facebook.com\\\/CubaLlama\",\"https:\\\/\\\/x.com\\\/cuballama\",\"https:\\\/\\\/www.instagram.com\\\/stories\\\/cuballama_oficial\\\/\",\"https:\\\/\\\/www.youtube.com\\\/channel\\\/UCKkFE-d_axENGZcrc4as0IA\"]},{\"@type\":\"Person\",\"@id\":\"https:\\\/\\\/www.cuballama.com\\\/noticias\\\/#\\\/schema\\\/person\\\/86cd3e3f4974437f031211213bf892d5\",\"name\":\"Kathy\",\"url\":\"https:\\\/\\\/www.cuballama.com\\\/noticias\\\/author\\\/kathy\\\/\"}]}<\/script>\n<!-- \/ Yoast SEO plugin. -->","yoast_head_json":{"title":"Fallece quinto tripulante de lancha abatida por guardafronteras en Cuba - Cuballama Noticias","description":"Roberto \u00c1lvarez \u00c1vila, uno de los tripulantes de la lancha abatida por Tropas Guardafronteras de Cuba la pasada semana, falleci\u00f3.","robots":{"index":"index","follow":"follow","max-snippet":"max-snippet:-1","max-image-preview":"max-image-preview:large","max-video-preview":"max-video-preview:-1"},"canonical":"https:\/\/www.cuballama.com\/noticias\/fallece-quinto-tripulante-de-lancha-abatida-por-guardafronteras-en-cuba\/","og_locale":"es_ES","og_type":"article","og_title":"Fallece quinto tripulante de lancha abatida por guardafronteras en Cuba - Cuballama Noticias","og_description":"Roberto \u00c1lvarez \u00c1vila, uno de los tripulantes de la lancha abatida por Tropas Guardafronteras de Cuba la pasada semana, falleci\u00f3.","og_url":"https:\/\/www.cuballama.com\/noticias\/fallece-quinto-tripulante-de-lancha-abatida-por-guardafronteras-en-cuba\/","og_site_name":"Cuballama Noticias","article_publisher":"https:\/\/www.facebook.com\/CubaLlama","article_published_time":"2026-03-05T23:47:36+00:00","article_modified_time":"2026-03-06T04:30:23+00:00","og_image":[{"width":1200,"height":630,"url":"https:\/\/cdn1.mediawpaccore.net\/wp-content\/uploads\/2026\/03\/05180928\/642735057_1481377316944440_4439267856698811446_n2.jpg","type":"image\/jpeg"}],"author":"Kathy","twitter_card":"summary_large_image","twitter_creator":"@cuballama","twitter_site":"@cuballama","twitter_misc":{"Escrito por":"Kathy","Tiempo de lectura":"3 minutos"},"schema":{"@context":"https:\/\/schema.org","@graph":[{"@type":"Article","@id":"https:\/\/www.cuballama.com\/noticias\/fallece-quinto-tripulante-de-lancha-abatida-por-guardafronteras-en-cuba\/#article","isPartOf":{"@id":"https:\/\/www.cuballama.com\/noticias\/fallece-quinto-tripulante-de-lancha-abatida-por-guardafronteras-en-cuba\/"},"author":{"name":"Kathy","@id":"https:\/\/www.cuballama.com\/noticias\/#\/schema\/person\/86cd3e3f4974437f031211213bf892d5"},"headline":"Fallece quinto tripulante de lancha abatida por guardafronteras en Cuba","datePublished":"2026-03-05T23:47:36+00:00","dateModified":"2026-03-06T04:30:23+00:00","mainEntityOfPage":{"@id":"https:\/\/www.cuballama.com\/noticias\/fallece-quinto-tripulante-de-lancha-abatida-por-guardafronteras-en-cuba\/"},"wordCount":675,"commentCount":0,"publisher":{"@id":"https:\/\/www.cuballama.com\/noticias\/#organization"},"image":{"@id":"https:\/\/www.cuballama.com\/noticias\/fallece-quinto-tripulante-de-lancha-abatida-por-guardafronteras-en-cuba\/#primaryimage"},"thumbnailUrl":"https:\/\/cdn1.mediawpaccore.net\/wp-content\/uploads\/2026\/03\/05180928\/642735057_1481377316944440_4439267856698811446_n2.jpg","keywords":["lancha","Roberto \u00c1lvarez \u00c1vila","superdestacado"],"articleSection":["Noticias","Noticias de Cuba"],"inLanguage":"es","potentialAction":[{"@type":"CommentAction","name":"Comment","target":["https:\/\/www.cuballama.com\/noticias\/fallece-quinto-tripulante-de-lancha-abatida-por-guardafronteras-en-cuba\/#respond"]}]},{"@type":"WebPage","@id":"https:\/\/www.cuballama.com\/noticias\/fallece-quinto-tripulante-de-lancha-abatida-por-guardafronteras-en-cuba\/","url":"https:\/\/www.cuballama.com\/noticias\/fallece-quinto-tripulante-de-lancha-abatida-por-guardafronteras-en-cuba\/","name":"Fallece quinto tripulante de lancha abatida por guardafronteras en Cuba - Cuballama Noticias","isPartOf":{"@id":"https:\/\/www.cuballama.com\/noticias\/#website"},"primaryImageOfPage":{"@id":"https:\/\/www.cuballama.com\/noticias\/fallece-quinto-tripulante-de-lancha-abatida-por-guardafronteras-en-cuba\/#primaryimage"},"image":{"@id":"https:\/\/www.cuballama.com\/noticias\/fallece-quinto-tripulante-de-lancha-abatida-por-guardafronteras-en-cuba\/#primaryimage"},"thumbnailUrl":"https:\/\/cdn1.mediawpaccore.net\/wp-content\/uploads\/2026\/03\/05180928\/642735057_1481377316944440_4439267856698811446_n2.jpg","datePublished":"2026-03-05T23:47:36+00:00","dateModified":"2026-03-06T04:30:23+00:00","description":"Roberto \u00c1lvarez \u00c1vila, uno de los tripulantes de la lancha abatida por Tropas Guardafronteras de Cuba la pasada semana, falleci\u00f3.","breadcrumb":{"@id":"https:\/\/www.cuballama.com\/noticias\/fallece-quinto-tripulante-de-lancha-abatida-por-guardafronteras-en-cuba\/#breadcrumb"},"inLanguage":"es","potentialAction":[{"@type":"ReadAction","target":["https:\/\/www.cuballama.com\/noticias\/fallece-quinto-tripulante-de-lancha-abatida-por-guardafronteras-en-cuba\/"]}]},{"@type":"ImageObject","inLanguage":"es","@id":"https:\/\/www.cuballama.com\/noticias\/fallece-quinto-tripulante-de-lancha-abatida-por-guardafronteras-en-cuba\/#primaryimage","url":"https:\/\/cdn1.mediawpaccore.net\/wp-content\/uploads\/2026\/03\/05180928\/642735057_1481377316944440_4439267856698811446_n2.jpg","contentUrl":"https:\/\/cdn1.mediawpaccore.net\/wp-content\/uploads\/2026\/03\/05180928\/642735057_1481377316944440_4439267856698811446_n2.jpg","width":1200,"height":630,"caption":"Roberto \u00c1lvarez \u00c1vila. Foto: Facebook\/Roberto \u00c1lvarez \u00c1vila."},{"@type":"BreadcrumbList","@id":"https:\/\/www.cuballama.com\/noticias\/fallece-quinto-tripulante-de-lancha-abatida-por-guardafronteras-en-cuba\/#breadcrumb","itemListElement":[{"@type":"ListItem","position":1,"name":"Home","item":"https:\/\/www.cuballama.com\/noticias\/"},{"@type":"ListItem","position":2,"name":"Fallece quinto tripulante de lancha abatida por guardafronteras en Cuba"}]},{"@type":"WebSite","@id":"https:\/\/www.cuballama.com\/noticias\/#website","url":"https:\/\/www.cuballama.com\/noticias\/","name":"Cuballama Noticias","description":"Medio digital sobre Cuba y el mundo","publisher":{"@id":"https:\/\/www.cuballama.com\/noticias\/#organization"},"potentialAction":[{"@type":"SearchAction","target":{"@type":"EntryPoint","urlTemplate":"https:\/\/www.cuballama.com\/noticias\/?s={search_term_string}"},"query-input":{"@type":"PropertyValueSpecification","valueRequired":true,"valueName":"search_term_string"}}],"inLanguage":"es"},{"@type":"Organization","@id":"https:\/\/www.cuballama.com\/noticias\/#organization","name":"Cuballama","url":"https:\/\/www.cuballama.com\/noticias\/","logo":{"@type":"ImageObject","inLanguage":"es","@id":"https:\/\/www.cuballama.com\/noticias\/#\/schema\/logo\/image\/","url":"https:\/\/cdn1.mediawpaccore.net\/wp-content\/uploads\/2021\/12\/28171206\/cbll-logo-color-sm.png","contentUrl":"https:\/\/cdn1.mediawpaccore.net\/wp-content\/uploads\/2021\/12\/28171206\/cbll-logo-color-sm.png","width":600,"height":133,"caption":"Cuballama"},"image":{"@id":"https:\/\/www.cuballama.com\/noticias\/#\/schema\/logo\/image\/"},"sameAs":["https:\/\/www.facebook.com\/CubaLlama","https:\/\/x.com\/cuballama","https:\/\/www.instagram.com\/stories\/cuballama_oficial\/","https:\/\/www.youtube.com\/channel\/UCKkFE-d_axENGZcrc4as0IA"]},{"@type":"Person","@id":"https:\/\/www.cuballama.com\/noticias\/#\/schema\/person\/86cd3e3f4974437f031211213bf892d5","name":"Kathy","url":"https:\/\/www.cuballama.com\/noticias\/author\/kathy\/"}]}},"_links":{"self":[{"href":"https:\/\/www.cuballama.com\/noticias\/wp-json\/wp\/v2\/posts\/237287","targetHints":{"allow":["GET"]}}],"collection":[{"href":"https:\/\/www.cuballama.com\/noticias\/wp-json\/wp\/v2\/posts"}],"about":[{"href":"https:\/\/www.cuballama.com\/noticias\/wp-json\/wp\/v2\/types\/post"}],"author":[{"embeddable":true,"href":"https:\/\/www.cuballama.com\/noticias\/wp-json\/wp\/v2\/users\/30"}],"replies":[{"embeddable":true,"href":"https:\/\/www.cuballama.com\/noticias\/wp-json\/wp\/v2\/comments?post=237287"}],"version-history":[{"count":24,"href":"https:\/\/www.cuballama.com\/noticias\/wp-json\/wp\/v2\/posts\/237287\/revisions"}],"predecessor-version":[{"id":237342,"href":"https:\/\/www.cuballama.com\/noticias\/wp-json\/wp\/v2\/posts\/237287\/revisions\/237342"}],"wp:featuredmedia":[{"embeddable":true,"href":"https:\/\/www.cuballama.com\/noticias\/wp-json\/wp\/v2\/media\/237293"}],"wp:attachment":[{"href":"https:\/\/www.cuballama.com\/noticias\/wp-json\/wp\/v2\/media?parent=237287"}],"wp:term":[{"taxonomy":"category","embeddable":true,"href":"https:\/\/www.cuballama.com\/noticias\/wp-json\/wp\/v2\/categories?post=237287"},{"taxonomy":"post_tag","embeddable":true,"href":"https:\/\/www.cuballama.com\/noticias\/wp-json\/wp\/v2\/tags?post=237287"}],"curies":[{"name":"wp","href":"https:\/\/api.w.org\/{rel}","templated":true}]}}