{"id":237275,"date":"2026-03-05T16:57:38","date_gmt":"2026-03-05T21:57:38","guid":{"rendered":"https:\/\/www.cuballama.com\/noticias\/?p=237275"},"modified":"2026-03-12T20:06:10","modified_gmt":"2026-03-13T00:06:10","slug":"ultima-hora-destituida-kristi-noem-como-secretaria-de-seguridad-nacional","status":"publish","type":"post","link":"https:\/\/www.cuballama.com\/noticias\/ultima-hora-destituida-kristi-noem-como-secretaria-de-seguridad-nacional\/","title":{"rendered":"\u00daltima hora: Destituida Kristi Noem como secretaria de Seguridad Nacional"},"content":{"rendered":"\n<p>El presidente de Estados Unidos, Donald Trump, anunci\u00f3 este jueves 5 de marzo la destituci\u00f3n de Kristi Noem como secretaria de Seguridad Nacional.<\/p>\n\n\n\n<p>Seg\u00fan anunci\u00f3 Trump en su cuenta de Truth Social, Noem ser\u00e1 remplazada por Markwayne Mullin, senador republicano por Oklahoma, despu\u00e9s de 14 meses en el cargo.<\/p>\n\n\n\n<p>Mullin, de 48 a\u00f1os, se desempe\u00f1a como senador federal desde 2023, luego de una d\u00e9cada como legislador por Oklahoma en la C\u00e1mara de Representantes de Estados Unidos.&nbsp;<\/p>\n\n\n\n<p>El cambio de puesto en la gesti\u00f3n del Departamento de Seguridad Nacional (DHS) ser\u00e1 efectivo a partir de este 31 de marzo.<\/p>\n\n\n\n<p>El l\u00edder republicano destac\u00f3 que Noem ha tenido \u201cnumerosos y espectaculares resultados\u201d a cargo del DHS, \u201cespecialmente en la frontera\u201d.<\/p>\n\n\n\n<iframe loading=\"lazy\" src=\"https:\/\/www.facebook.com\/plugins\/post.php?href=https%3A%2F%2Fwww.facebook.com%2Fwilfredo.cancioisla%2Fposts%2Fpfbid0afkREMHZX2oQ7R395ifPJDCpg5fVFW82LVGJud3fo8w1SxDNDaj7HVUgEWtiRE7Pl&#038;show_text=true&#038;width=500\" width=\"500\" height=\"772\" style=\"border:none;overflow:hidden\" scrolling=\"no\" frameborder=\"0\" allowfullscreen=\"true\" allow=\"autoplay; clipboard-write; encrypted-media; picture-in-picture; web-share\"><\/iframe>\n\n\n\n<p>Noem, explic\u00f3 Trump, pasar\u00e1 a ser \u201cEnviada Especial para el Escudo de las Am\u00e9ricas\u201d, un cargo vinculado a una nueva iniciativa de seguridad regional que Washington presentar\u00e1 este fin de semana durante una cumbre con mandatarios latinoamericanos en Miami, Florida.&nbsp;<\/p>\n\n\n\n<p>En cualquier caso, la destituci\u00f3n de Noem tras una semana de audiencias en el Congreso en las que se ha criticado duramente su liderazgo, marcado por pol\u00e9micas que le restaron el apoyo dentro y fuera del gobierno.&nbsp;<\/p>\n\n\n\n<p>Hay que recordar que la exgobernadora de Dakota del Sur, de 54 a\u00f1os, fue una figura protagonista en la implementaci\u00f3n de la agresiva pol\u00edtica migratoria de la administraci\u00f3n Trump. Su destituci\u00f3n es la primera de un secretario del gabinete durante el segundo mandato de Trump.<\/p>\n\n\n\n<p>Noem fue la cara m\u00e1s visible de la extensa campa\u00f1a de deportaci\u00f3n y de acciones de persecuci\u00f3n impulsadas por Trump en la frontera sur.<\/p>\n\n\n\n<p><\/p>\n","protected":false},"excerpt":{"rendered":"<p>Noem ser\u00e1 remplazada por Markwayne Mullin, senador republicano por Oklahoma.<\/p>\n","protected":false},"author":30,"featured_media":233973,"comment_status":"open","ping_status":"closed","sticky":false,"template":"","format":"standard","meta":{"_acf_changed":false,"footnotes":""},"categories":[18,953],"tags":[941,6153,23892],"class_list":{"0":"post-237275","1":"post","2":"type-post","3":"status-publish","4":"format-standard","5":"has-post-thumbnail","7":"category-noticias","8":"category-usa","9":"tag-destacado","10":"tag-dhs","11":"tag-kristi-noem"},"acf":[],"yoast_head":"<!-- This site is optimized with the Yoast SEO plugin v27.4 - https:\/\/yoast.com\/product\/yoast-seo-wordpress\/ -->\n<title>\u00daltima hora: Destituida Kristi Noem como secretaria de Seguridad Nacional - Cuballama Noticias<\/title>\n<meta name=\"description\" content=\"El presidente de EE.UU., Donald Trump, anunci\u00f3 este jueves 5 de marzo la destituci\u00f3n de Kristi Noem como secretaria de Seguridad Nacional.\" \/>\n<meta name=\"robots\" content=\"index, follow, max-snippet:-1, max-image-preview:large, max-video-preview:-1\" \/>\n<link rel=\"canonical\" href=\"https:\/\/www.cuballama.com\/noticias\/ultima-hora-destituida-kristi-noem-como-secretaria-de-seguridad-nacional\/\" \/>\n<meta property=\"og:locale\" content=\"es_ES\" \/>\n<meta property=\"og:type\" content=\"article\" \/>\n<meta property=\"og:title\" content=\"\u00daltima hora: Destituida Kristi Noem como secretaria de Seguridad Nacional - Cuballama Noticias\" \/>\n<meta property=\"og:description\" content=\"El presidente de EE.UU., Donald Trump, anunci\u00f3 este jueves 5 de marzo la destituci\u00f3n de Kristi Noem como secretaria de Seguridad Nacional.\" \/>\n<meta property=\"og:url\" content=\"https:\/\/www.cuballama.com\/noticias\/ultima-hora-destituida-kristi-noem-como-secretaria-de-seguridad-nacional\/\" \/>\n<meta property=\"og:site_name\" content=\"Cuballama Noticias\" \/>\n<meta property=\"article:publisher\" content=\"https:\/\/www.facebook.com\/CubaLlama\" \/>\n<meta property=\"article:published_time\" content=\"2026-03-05T21:57:38+00:00\" \/>\n<meta property=\"article:modified_time\" content=\"2026-03-13T00:06:10+00:00\" \/>\n<meta property=\"og:image\" content=\"https:\/\/cdn1.mediawpaccore.net\/wp-content\/uploads\/2026\/01\/31233101\/G5PRjEaXoAACW5c1.jpg\" \/>\n\t<meta property=\"og:image:width\" content=\"1200\" \/>\n\t<meta property=\"og:image:height\" content=\"630\" \/>\n\t<meta property=\"og:image:type\" content=\"image\/jpeg\" \/>\n<meta name=\"author\" content=\"Kathy\" \/>\n<meta name=\"twitter:card\" content=\"summary_large_image\" \/>\n<meta name=\"twitter:creator\" content=\"@cuballama\" \/>\n<meta name=\"twitter:site\" content=\"@cuballama\" \/>\n<meta name=\"twitter:label1\" content=\"Escrito por\" \/>\n\t<meta name=\"twitter:data1\" content=\"Kathy\" \/>\n\t<meta name=\"twitter:label2\" content=\"Tiempo de lectura\" \/>\n\t<meta name=\"twitter:data2\" content=\"2 minutos\" \/>\n<script type=\"application\/ld+json\" class=\"yoast-schema-graph\">{\"@context\":\"https:\\\/\\\/schema.org\",\"@graph\":[{\"@type\":\"Article\",\"@id\":\"https:\\\/\\\/www.cuballama.com\\\/noticias\\\/ultima-hora-destituida-kristi-noem-como-secretaria-de-seguridad-nacional\\\/#article\",\"isPartOf\":{\"@id\":\"https:\\\/\\\/www.cuballama.com\\\/noticias\\\/ultima-hora-destituida-kristi-noem-como-secretaria-de-seguridad-nacional\\\/\"},\"author\":{\"name\":\"Kathy\",\"@id\":\"https:\\\/\\\/www.cuballama.com\\\/noticias\\\/#\\\/schema\\\/person\\\/86cd3e3f4974437f031211213bf892d5\"},\"headline\":\"\u00daltima hora: Destituida Kristi Noem como secretaria de Seguridad Nacional\",\"datePublished\":\"2026-03-05T21:57:38+00:00\",\"dateModified\":\"2026-03-13T00:06:10+00:00\",\"mainEntityOfPage\":{\"@id\":\"https:\\\/\\\/www.cuballama.com\\\/noticias\\\/ultima-hora-destituida-kristi-noem-como-secretaria-de-seguridad-nacional\\\/\"},\"wordCount\":292,\"commentCount\":0,\"publisher\":{\"@id\":\"https:\\\/\\\/www.cuballama.com\\\/noticias\\\/#organization\"},\"image\":{\"@id\":\"https:\\\/\\\/www.cuballama.com\\\/noticias\\\/ultima-hora-destituida-kristi-noem-como-secretaria-de-seguridad-nacional\\\/#primaryimage\"},\"thumbnailUrl\":\"https:\\\/\\\/cdn1.mediawpaccore.net\\\/wp-content\\\/uploads\\\/2026\\\/01\\\/31233101\\\/G5PRjEaXoAACW5c1.jpg\",\"keywords\":[\"destacado\",\"DHS\",\"Kristi Noem\"],\"articleSection\":[\"Noticias\",\"USA\"],\"inLanguage\":\"es\",\"potentialAction\":[{\"@type\":\"CommentAction\",\"name\":\"Comment\",\"target\":[\"https:\\\/\\\/www.cuballama.com\\\/noticias\\\/ultima-hora-destituida-kristi-noem-como-secretaria-de-seguridad-nacional\\\/#respond\"]}]},{\"@type\":\"WebPage\",\"@id\":\"https:\\\/\\\/www.cuballama.com\\\/noticias\\\/ultima-hora-destituida-kristi-noem-como-secretaria-de-seguridad-nacional\\\/\",\"url\":\"https:\\\/\\\/www.cuballama.com\\\/noticias\\\/ultima-hora-destituida-kristi-noem-como-secretaria-de-seguridad-nacional\\\/\",\"name\":\"\u00daltima hora: Destituida Kristi Noem como secretaria de Seguridad Nacional - Cuballama Noticias\",\"isPartOf\":{\"@id\":\"https:\\\/\\\/www.cuballama.com\\\/noticias\\\/#website\"},\"primaryImageOfPage\":{\"@id\":\"https:\\\/\\\/www.cuballama.com\\\/noticias\\\/ultima-hora-destituida-kristi-noem-como-secretaria-de-seguridad-nacional\\\/#primaryimage\"},\"image\":{\"@id\":\"https:\\\/\\\/www.cuballama.com\\\/noticias\\\/ultima-hora-destituida-kristi-noem-como-secretaria-de-seguridad-nacional\\\/#primaryimage\"},\"thumbnailUrl\":\"https:\\\/\\\/cdn1.mediawpaccore.net\\\/wp-content\\\/uploads\\\/2026\\\/01\\\/31233101\\\/G5PRjEaXoAACW5c1.jpg\",\"datePublished\":\"2026-03-05T21:57:38+00:00\",\"dateModified\":\"2026-03-13T00:06:10+00:00\",\"description\":\"El presidente de EE.UU., Donald Trump, anunci\u00f3 este jueves 5 de marzo la destituci\u00f3n de Kristi Noem como secretaria de Seguridad Nacional.\",\"breadcrumb\":{\"@id\":\"https:\\\/\\\/www.cuballama.com\\\/noticias\\\/ultima-hora-destituida-kristi-noem-como-secretaria-de-seguridad-nacional\\\/#breadcrumb\"},\"inLanguage\":\"es\",\"potentialAction\":[{\"@type\":\"ReadAction\",\"target\":[\"https:\\\/\\\/www.cuballama.com\\\/noticias\\\/ultima-hora-destituida-kristi-noem-como-secretaria-de-seguridad-nacional\\\/\"]}]},{\"@type\":\"ImageObject\",\"inLanguage\":\"es\",\"@id\":\"https:\\\/\\\/www.cuballama.com\\\/noticias\\\/ultima-hora-destituida-kristi-noem-como-secretaria-de-seguridad-nacional\\\/#primaryimage\",\"url\":\"https:\\\/\\\/cdn1.mediawpaccore.net\\\/wp-content\\\/uploads\\\/2026\\\/01\\\/31233101\\\/G5PRjEaXoAACW5c1.jpg\",\"contentUrl\":\"https:\\\/\\\/cdn1.mediawpaccore.net\\\/wp-content\\\/uploads\\\/2026\\\/01\\\/31233101\\\/G5PRjEaXoAACW5c1.jpg\",\"width\":1200,\"height\":630,\"caption\":\"Kristi Noem. Foto: X\\\/Kristi Noem.\"},{\"@type\":\"BreadcrumbList\",\"@id\":\"https:\\\/\\\/www.cuballama.com\\\/noticias\\\/ultima-hora-destituida-kristi-noem-como-secretaria-de-seguridad-nacional\\\/#breadcrumb\",\"itemListElement\":[{\"@type\":\"ListItem\",\"position\":1,\"name\":\"Home\",\"item\":\"https:\\\/\\\/www.cuballama.com\\\/noticias\\\/\"},{\"@type\":\"ListItem\",\"position\":2,\"name\":\"\u00daltima hora: Destituida Kristi Noem como secretaria de Seguridad Nacional\"}]},{\"@type\":\"WebSite\",\"@id\":\"https:\\\/\\\/www.cuballama.com\\\/noticias\\\/#website\",\"url\":\"https:\\\/\\\/www.cuballama.com\\\/noticias\\\/\",\"name\":\"Cuballama Noticias\",\"description\":\"Medio digital sobre Cuba y el mundo\",\"publisher\":{\"@id\":\"https:\\\/\\\/www.cuballama.com\\\/noticias\\\/#organization\"},\"potentialAction\":[{\"@type\":\"SearchAction\",\"target\":{\"@type\":\"EntryPoint\",\"urlTemplate\":\"https:\\\/\\\/www.cuballama.com\\\/noticias\\\/?s={search_term_string}\"},\"query-input\":{\"@type\":\"PropertyValueSpecification\",\"valueRequired\":true,\"valueName\":\"search_term_string\"}}],\"inLanguage\":\"es\"},{\"@type\":\"Organization\",\"@id\":\"https:\\\/\\\/www.cuballama.com\\\/noticias\\\/#organization\",\"name\":\"Cuballama\",\"url\":\"https:\\\/\\\/www.cuballama.com\\\/noticias\\\/\",\"logo\":{\"@type\":\"ImageObject\",\"inLanguage\":\"es\",\"@id\":\"https:\\\/\\\/www.cuballama.com\\\/noticias\\\/#\\\/schema\\\/logo\\\/image\\\/\",\"url\":\"https:\\\/\\\/cdn1.mediawpaccore.net\\\/wp-content\\\/uploads\\\/2021\\\/12\\\/28171206\\\/cbll-logo-color-sm.png\",\"contentUrl\":\"https:\\\/\\\/cdn1.mediawpaccore.net\\\/wp-content\\\/uploads\\\/2021\\\/12\\\/28171206\\\/cbll-logo-color-sm.png\",\"width\":600,\"height\":133,\"caption\":\"Cuballama\"},\"image\":{\"@id\":\"https:\\\/\\\/www.cuballama.com\\\/noticias\\\/#\\\/schema\\\/logo\\\/image\\\/\"},\"sameAs\":[\"https:\\\/\\\/www.facebook.com\\\/CubaLlama\",\"https:\\\/\\\/x.com\\\/cuballama\",\"https:\\\/\\\/www.instagram.com\\\/stories\\\/cuballama_oficial\\\/\",\"https:\\\/\\\/www.youtube.com\\\/channel\\\/UCKkFE-d_axENGZcrc4as0IA\"]},{\"@type\":\"Person\",\"@id\":\"https:\\\/\\\/www.cuballama.com\\\/noticias\\\/#\\\/schema\\\/person\\\/86cd3e3f4974437f031211213bf892d5\",\"name\":\"Kathy\",\"url\":\"https:\\\/\\\/www.cuballama.com\\\/noticias\\\/author\\\/kathy\\\/\"}]}<\/script>\n<!-- \/ Yoast SEO plugin. -->","yoast_head_json":{"title":"\u00daltima hora: Destituida Kristi Noem como secretaria de Seguridad Nacional - Cuballama Noticias","description":"El presidente de EE.UU., Donald Trump, anunci\u00f3 este jueves 5 de marzo la destituci\u00f3n de Kristi Noem como secretaria de Seguridad Nacional.","robots":{"index":"index","follow":"follow","max-snippet":"max-snippet:-1","max-image-preview":"max-image-preview:large","max-video-preview":"max-video-preview:-1"},"canonical":"https:\/\/www.cuballama.com\/noticias\/ultima-hora-destituida-kristi-noem-como-secretaria-de-seguridad-nacional\/","og_locale":"es_ES","og_type":"article","og_title":"\u00daltima hora: Destituida Kristi Noem como secretaria de Seguridad Nacional - Cuballama Noticias","og_description":"El presidente de EE.UU., Donald Trump, anunci\u00f3 este jueves 5 de marzo la destituci\u00f3n de Kristi Noem como secretaria de Seguridad Nacional.","og_url":"https:\/\/www.cuballama.com\/noticias\/ultima-hora-destituida-kristi-noem-como-secretaria-de-seguridad-nacional\/","og_site_name":"Cuballama Noticias","article_publisher":"https:\/\/www.facebook.com\/CubaLlama","article_published_time":"2026-03-05T21:57:38+00:00","article_modified_time":"2026-03-13T00:06:10+00:00","og_image":[{"width":1200,"height":630,"url":"https:\/\/cdn1.mediawpaccore.net\/wp-content\/uploads\/2026\/01\/31233101\/G5PRjEaXoAACW5c1.jpg","type":"image\/jpeg"}],"author":"Kathy","twitter_card":"summary_large_image","twitter_creator":"@cuballama","twitter_site":"@cuballama","twitter_misc":{"Escrito por":"Kathy","Tiempo de lectura":"2 minutos"},"schema":{"@context":"https:\/\/schema.org","@graph":[{"@type":"Article","@id":"https:\/\/www.cuballama.com\/noticias\/ultima-hora-destituida-kristi-noem-como-secretaria-de-seguridad-nacional\/#article","isPartOf":{"@id":"https:\/\/www.cuballama.com\/noticias\/ultima-hora-destituida-kristi-noem-como-secretaria-de-seguridad-nacional\/"},"author":{"name":"Kathy","@id":"https:\/\/www.cuballama.com\/noticias\/#\/schema\/person\/86cd3e3f4974437f031211213bf892d5"},"headline":"\u00daltima hora: Destituida Kristi Noem como secretaria de Seguridad Nacional","datePublished":"2026-03-05T21:57:38+00:00","dateModified":"2026-03-13T00:06:10+00:00","mainEntityOfPage":{"@id":"https:\/\/www.cuballama.com\/noticias\/ultima-hora-destituida-kristi-noem-como-secretaria-de-seguridad-nacional\/"},"wordCount":292,"commentCount":0,"publisher":{"@id":"https:\/\/www.cuballama.com\/noticias\/#organization"},"image":{"@id":"https:\/\/www.cuballama.com\/noticias\/ultima-hora-destituida-kristi-noem-como-secretaria-de-seguridad-nacional\/#primaryimage"},"thumbnailUrl":"https:\/\/cdn1.mediawpaccore.net\/wp-content\/uploads\/2026\/01\/31233101\/G5PRjEaXoAACW5c1.jpg","keywords":["destacado","DHS","Kristi Noem"],"articleSection":["Noticias","USA"],"inLanguage":"es","potentialAction":[{"@type":"CommentAction","name":"Comment","target":["https:\/\/www.cuballama.com\/noticias\/ultima-hora-destituida-kristi-noem-como-secretaria-de-seguridad-nacional\/#respond"]}]},{"@type":"WebPage","@id":"https:\/\/www.cuballama.com\/noticias\/ultima-hora-destituida-kristi-noem-como-secretaria-de-seguridad-nacional\/","url":"https:\/\/www.cuballama.com\/noticias\/ultima-hora-destituida-kristi-noem-como-secretaria-de-seguridad-nacional\/","name":"\u00daltima hora: Destituida Kristi Noem como secretaria de Seguridad Nacional - Cuballama Noticias","isPartOf":{"@id":"https:\/\/www.cuballama.com\/noticias\/#website"},"primaryImageOfPage":{"@id":"https:\/\/www.cuballama.com\/noticias\/ultima-hora-destituida-kristi-noem-como-secretaria-de-seguridad-nacional\/#primaryimage"},"image":{"@id":"https:\/\/www.cuballama.com\/noticias\/ultima-hora-destituida-kristi-noem-como-secretaria-de-seguridad-nacional\/#primaryimage"},"thumbnailUrl":"https:\/\/cdn1.mediawpaccore.net\/wp-content\/uploads\/2026\/01\/31233101\/G5PRjEaXoAACW5c1.jpg","datePublished":"2026-03-05T21:57:38+00:00","dateModified":"2026-03-13T00:06:10+00:00","description":"El presidente de EE.UU., Donald Trump, anunci\u00f3 este jueves 5 de marzo la destituci\u00f3n de Kristi Noem como secretaria de Seguridad Nacional.","breadcrumb":{"@id":"https:\/\/www.cuballama.com\/noticias\/ultima-hora-destituida-kristi-noem-como-secretaria-de-seguridad-nacional\/#breadcrumb"},"inLanguage":"es","potentialAction":[{"@type":"ReadAction","target":["https:\/\/www.cuballama.com\/noticias\/ultima-hora-destituida-kristi-noem-como-secretaria-de-seguridad-nacional\/"]}]},{"@type":"ImageObject","inLanguage":"es","@id":"https:\/\/www.cuballama.com\/noticias\/ultima-hora-destituida-kristi-noem-como-secretaria-de-seguridad-nacional\/#primaryimage","url":"https:\/\/cdn1.mediawpaccore.net\/wp-content\/uploads\/2026\/01\/31233101\/G5PRjEaXoAACW5c1.jpg","contentUrl":"https:\/\/cdn1.mediawpaccore.net\/wp-content\/uploads\/2026\/01\/31233101\/G5PRjEaXoAACW5c1.jpg","width":1200,"height":630,"caption":"Kristi Noem. Foto: X\/Kristi Noem."},{"@type":"BreadcrumbList","@id":"https:\/\/www.cuballama.com\/noticias\/ultima-hora-destituida-kristi-noem-como-secretaria-de-seguridad-nacional\/#breadcrumb","itemListElement":[{"@type":"ListItem","position":1,"name":"Home","item":"https:\/\/www.cuballama.com\/noticias\/"},{"@type":"ListItem","position":2,"name":"\u00daltima hora: Destituida Kristi Noem como secretaria de Seguridad Nacional"}]},{"@type":"WebSite","@id":"https:\/\/www.cuballama.com\/noticias\/#website","url":"https:\/\/www.cuballama.com\/noticias\/","name":"Cuballama Noticias","description":"Medio digital sobre Cuba y el mundo","publisher":{"@id":"https:\/\/www.cuballama.com\/noticias\/#organization"},"potentialAction":[{"@type":"SearchAction","target":{"@type":"EntryPoint","urlTemplate":"https:\/\/www.cuballama.com\/noticias\/?s={search_term_string}"},"query-input":{"@type":"PropertyValueSpecification","valueRequired":true,"valueName":"search_term_string"}}],"inLanguage":"es"},{"@type":"Organization","@id":"https:\/\/www.cuballama.com\/noticias\/#organization","name":"Cuballama","url":"https:\/\/www.cuballama.com\/noticias\/","logo":{"@type":"ImageObject","inLanguage":"es","@id":"https:\/\/www.cuballama.com\/noticias\/#\/schema\/logo\/image\/","url":"https:\/\/cdn1.mediawpaccore.net\/wp-content\/uploads\/2021\/12\/28171206\/cbll-logo-color-sm.png","contentUrl":"https:\/\/cdn1.mediawpaccore.net\/wp-content\/uploads\/2021\/12\/28171206\/cbll-logo-color-sm.png","width":600,"height":133,"caption":"Cuballama"},"image":{"@id":"https:\/\/www.cuballama.com\/noticias\/#\/schema\/logo\/image\/"},"sameAs":["https:\/\/www.facebook.com\/CubaLlama","https:\/\/x.com\/cuballama","https:\/\/www.instagram.com\/stories\/cuballama_oficial\/","https:\/\/www.youtube.com\/channel\/UCKkFE-d_axENGZcrc4as0IA"]},{"@type":"Person","@id":"https:\/\/www.cuballama.com\/noticias\/#\/schema\/person\/86cd3e3f4974437f031211213bf892d5","name":"Kathy","url":"https:\/\/www.cuballama.com\/noticias\/author\/kathy\/"}]}},"_links":{"self":[{"href":"https:\/\/www.cuballama.com\/noticias\/wp-json\/wp\/v2\/posts\/237275","targetHints":{"allow":["GET"]}}],"collection":[{"href":"https:\/\/www.cuballama.com\/noticias\/wp-json\/wp\/v2\/posts"}],"about":[{"href":"https:\/\/www.cuballama.com\/noticias\/wp-json\/wp\/v2\/types\/post"}],"author":[{"embeddable":true,"href":"https:\/\/www.cuballama.com\/noticias\/wp-json\/wp\/v2\/users\/30"}],"replies":[{"embeddable":true,"href":"https:\/\/www.cuballama.com\/noticias\/wp-json\/wp\/v2\/comments?post=237275"}],"version-history":[{"count":4,"href":"https:\/\/www.cuballama.com\/noticias\/wp-json\/wp\/v2\/posts\/237275\/revisions"}],"predecessor-version":[{"id":237994,"href":"https:\/\/www.cuballama.com\/noticias\/wp-json\/wp\/v2\/posts\/237275\/revisions\/237994"}],"wp:featuredmedia":[{"embeddable":true,"href":"https:\/\/www.cuballama.com\/noticias\/wp-json\/wp\/v2\/media\/233973"}],"wp:attachment":[{"href":"https:\/\/www.cuballama.com\/noticias\/wp-json\/wp\/v2\/media?parent=237275"}],"wp:term":[{"taxonomy":"category","embeddable":true,"href":"https:\/\/www.cuballama.com\/noticias\/wp-json\/wp\/v2\/categories?post=237275"},{"taxonomy":"post_tag","embeddable":true,"href":"https:\/\/www.cuballama.com\/noticias\/wp-json\/wp\/v2\/tags?post=237275"}],"curies":[{"name":"wp","href":"https:\/\/api.w.org\/{rel}","templated":true}]}}