{"id":237273,"date":"2026-03-05T16:55:04","date_gmt":"2026-03-05T21:55:04","guid":{"rendered":"https:\/\/www.cuballama.com\/noticias\/?p=237273"},"modified":"2026-03-05T16:55:57","modified_gmt":"2026-03-05T21:55:57","slug":"vispera-de-cumbre-en-miami-trump-adelanta-cuba-tambien-va-a-caer","status":"publish","type":"post","link":"https:\/\/www.cuballama.com\/noticias\/vispera-de-cumbre-en-miami-trump-adelanta-cuba-tambien-va-a-caer\/","title":{"rendered":"V\u00edspera de\u00a0\u00abCumbre\u00bb en Miami Trump adelanta: \u00abCuba tambi\u00e9n va a caer\u00bb"},"content":{"rendered":"\n<p>Una semana despu\u00e9s de su sorpresivo comentario de la posibilidad de una \u00abtoma de control amistosa\u00bb de Cuba, hoy jueves el presidente Donald Trump predijo que el gobierno iran\u00ed no ser\u00eda el \u00faltimo en ceder y que\u00a0\u00abCuba tambi\u00e9n va a caer\u00bb.<\/p>\n\n\n\n<p>Las declaraciones el mandatario estadounidense las hizo en entrevista telef\u00f3nica al medio estadounidense \u00abPol\u00edtico\u00bb, en la antesala de su encuentro con una docena de l\u00edderes de Am\u00e9rica Latina y el Caribe este s\u00e1bado en Miami.<\/p>\n\n\n\n<p>El objetivo de esta nueva Cumbre bautizada como \u00abEscudo de las Am\u00e9ricas\u00bb, seg\u00fan la portavoz de la Casa Blanca, Karoline Leavitt, es \u00abpromover la libertad, la seguridad y la prosperidad en nuestra regi\u00f3n\u00bb.<\/p>\n\n\n\n<p>De acuerdo a \u00abPol\u00edtico\u00bb\u00a0una encuesta publicada el jueves por Fox News\u00a0revel\u00f3 que los votantes tienen opiniones divididas sobre Ir\u00e1n.\u00bbA la gente le encanta lo que est\u00e1 pasando\u00bb, insisti\u00f3 Trump. Vaticin\u00f3 que el gobierno iran\u00ed no ser\u00eda el \u00faltimo en ceder ante una confrontaci\u00f3n : \u00abCuba tambi\u00e9n va a caer.\u00bb\u00bbCortamos todo el petr\u00f3leo, todo el dinero, o cortamos todo lo que llega desde Venezuela, que era la \u00fanica fuente. Y quieren llegar a un acuerdo\u00bb, dijo.<\/p>\n\n\n\n<p>Cit\u00f3 la publicaci\u00f3n que al preguntarle si Estados Unidos estaba jugando un papel en un posible cambio de r\u00e9gimen, Trump respondi\u00f3: \u00abBueno, \u00bfqu\u00e9 opinas? Durante 50 a\u00f1os, eso es la guinda del pastel. Venezuela lo est\u00e1 haciendo de maravilla.\u00a0[Delcy Rodr\u00edguez] est\u00e1 haciendo\u00a0un trabajo fant\u00e1stico. La relaci\u00f3n con ellos es estupenda.\u00bb<\/p>\n\n\n\n<p>Trump tambi\u00e9n confirm\u00f3 que Estados Unidos est\u00e1 en contacto con el liderazgo comunista cubano &nbsp;tras la captura del l\u00edder venezolano Nicol\u00e1s Maduro.\u00bbNecesitan ayuda. Estamos hablando con Cuba\u00bb, dijo Trump a&nbsp; \u00abPol\u00edtico\u00bb en alusi\u00f3n a la recurrente menci\u00f3n en las \u00faltimas semanas por su parte de presuntos contactos con oficiales cubanos encabezados por el nieto coronel guardaespaldas de Ra\u00fal Castro, Ra\u00fal Guillermo&nbsp; Rodr\u00edguez Castro.<\/p>\n\n\n\n<p>No solamente las autoridades cubanas contin\u00faan sin develarle a sus ciudadanos qui\u00e9nes est\u00e1n sosteniendo en su nombre estos&nbsp; presuntos \u00abintercambios\u00bb, desmentidos en ocasiones. Trump y su entorno igualmente no los identific an ni tampoco los de la parte estadounidense<\/p>\n\n\n\n<p>En su conversaci\u00f3n con \u00abPol\u00edtico\u00bb, Trump&nbsp; sugiri\u00f3 que el empeoramiento de la situaci\u00f3n de la isla es en parte resultado de la presi\u00f3n estadounidense, incluyendo el corte del suministro de petr\u00f3leo venezolano que antes sosten\u00eda La Habana, sobre todo \u00abpor mi intervenci\u00f3n\u00bb precis\u00f3 \u00ab\u00bfCu\u00e1nto tiempo llevas oyendo hablar de Cuba \u2014 Cuba, Cuba \u2014 durante 50 a\u00f1os?\u00bb a\u00f1adi\u00f3 Trump. \u00abY esa es una de las peque\u00f1as cosas que me interesan\u00bb.&nbsp;<\/p>\n\n\n\n<p>Adem\u00e1s de hablar en la entrevista sobre&nbsp; &nbsp;las operaciones militares estadounidenses junto a Israel&nbsp; contra Ir\u00e1n, Trump critic\u00f3&nbsp;al presidente ucraniano Volodymyr Zelenskyy y al gigante tecnol\u00f3gico Anthropic.<\/p>\n\n\n\n<p>Javier Milei,Argentina;\u00a0Rodrigo Paz ,Bolivia;\u00a0Jos\u00e9 Antonio Kast\u00a0Chile ;Rodrigo Chaves\u00a0Costa Rica; Luis Abinader\u00a0Rep\u00fablica Dominicana;\u00a0Daniel Noboa\u00a0Ecuador;\u00a0Nayib Bukele\u00a0El Salvador; Tito Asfura\u00a0Honduras;\u00a0Mohamed Irfaan Al\u00ed\u00a0Guyana;\u00a0Jos\u00e9 Mulino\u00a0Panam\u00e1 ;\u00a0Santiago Pe\u00f1a\u00a0Paraguay\u00a0 y\u00a0Kamla Persad-Bissessar\u00a0Trinidad y Tobago, son los mandatarios anunciados hasta ahora para la reuni\u00f3n del sur de La Florida.<\/p>\n\n\n\n<p>Kast asumir\u00e1 el cargo el pr\u00f3ximo mi\u00e9rcoles 11 de marzo. El gobierno cubano ha rechazado reiteradamente las declaraciones de Trump.\u00a0<\/p>\n","protected":false},"excerpt":{"rendered":"<p>Las declaraciones el mandatario estadounidense las hizo en entrevista telef\u00f3nica al medio estadounidense \u00abPol\u00edtico\u00bb, en la antesala de su encuentro con una docena de l\u00edderes de Am\u00e9rica Latina y el Caribe este s\u00e1bado en Miami.<\/p>\n","protected":false},"author":24,"featured_media":204093,"comment_status":"open","ping_status":"closed","sticky":false,"template":"","format":"standard","meta":{"_acf_changed":false,"footnotes":""},"categories":[18,955],"tags":[10867,11,92,256,11017,7651],"class_list":{"0":"post-237273","1":"post","2":"type-post","3":"status-publish","4":"format-standard","5":"has-post-thumbnail","7":"category-noticias","8":"category-noticias-de-cuba","9":"tag-crisis-en-cuba","10":"tag-cuba","11":"tag-cubanos","12":"tag-miami","13":"tag-superdestacado","14":"tag-trump"},"acf":[],"yoast_head":"<!-- This site is optimized with the Yoast SEO plugin v27.5 - https:\/\/yoast.com\/product\/yoast-seo-wordpress\/ -->\n<title>V\u00edspera de\u00a0&quot;Cumbre&quot; en Miami Trump adelanta: &quot;Cuba tambi\u00e9n va a caer&quot; - Cuballama Noticias<\/title>\n<meta name=\"description\" content=\"Hoy jueves el presidente Donald Trump predijo que el gobierno iran\u00ed no ser\u00eda el \u00faltimo en ceder y que\u00a0 &quot;Cuba tambi\u00e9n va a caer&quot;.\" \/>\n<meta name=\"robots\" content=\"index, follow, max-snippet:-1, max-image-preview:large, max-video-preview:-1\" \/>\n<link rel=\"canonical\" href=\"https:\/\/www.cuballama.com\/noticias\/vispera-de-cumbre-en-miami-trump-adelanta-cuba-tambien-va-a-caer\/\" \/>\n<meta property=\"og:locale\" content=\"es_ES\" \/>\n<meta property=\"og:type\" content=\"article\" \/>\n<meta property=\"og:title\" content=\"V\u00edspera de\u00a0&quot;Cumbre&quot; en Miami Trump adelanta: &quot;Cuba tambi\u00e9n va a caer&quot; - Cuballama Noticias\" \/>\n<meta property=\"og:description\" content=\"Hoy jueves el presidente Donald Trump predijo que el gobierno iran\u00ed no ser\u00eda el \u00faltimo en ceder y que\u00a0 &quot;Cuba tambi\u00e9n va a caer&quot;.\" \/>\n<meta property=\"og:url\" content=\"https:\/\/www.cuballama.com\/noticias\/vispera-de-cumbre-en-miami-trump-adelanta-cuba-tambien-va-a-caer\/\" \/>\n<meta property=\"og:site_name\" content=\"Cuballama Noticias\" \/>\n<meta property=\"article:publisher\" content=\"https:\/\/www.facebook.com\/CubaLlama\" \/>\n<meta property=\"article:published_time\" content=\"2026-03-05T21:55:04+00:00\" \/>\n<meta property=\"article:modified_time\" content=\"2026-03-05T21:55:57+00:00\" \/>\n<meta property=\"og:image\" content=\"https:\/\/cdn1.mediawpaccore.net\/wp-content\/uploads\/2025\/04\/10230906\/Captura-de-pantalla_10-4-2025_20323_www.instagram.com_.jpg\" \/>\n\t<meta property=\"og:image:width\" content=\"1200\" \/>\n\t<meta property=\"og:image:height\" content=\"630\" \/>\n\t<meta property=\"og:image:type\" content=\"image\/jpeg\" \/>\n<meta name=\"author\" content=\"Manu\" \/>\n<meta name=\"twitter:card\" content=\"summary_large_image\" \/>\n<meta name=\"twitter:creator\" content=\"@cuballama\" \/>\n<meta name=\"twitter:site\" content=\"@cuballama\" \/>\n<meta name=\"twitter:label1\" content=\"Escrito por\" \/>\n\t<meta name=\"twitter:data1\" content=\"Manu\" \/>\n\t<meta name=\"twitter:label2\" content=\"Tiempo de lectura\" \/>\n\t<meta name=\"twitter:data2\" content=\"3 minutos\" \/>\n<script type=\"application\/ld+json\" class=\"yoast-schema-graph\">{\"@context\":\"https:\\\/\\\/schema.org\",\"@graph\":[{\"@type\":\"Article\",\"@id\":\"https:\\\/\\\/www.cuballama.com\\\/noticias\\\/vispera-de-cumbre-en-miami-trump-adelanta-cuba-tambien-va-a-caer\\\/#article\",\"isPartOf\":{\"@id\":\"https:\\\/\\\/www.cuballama.com\\\/noticias\\\/vispera-de-cumbre-en-miami-trump-adelanta-cuba-tambien-va-a-caer\\\/\"},\"author\":{\"name\":\"Manu\",\"@id\":\"https:\\\/\\\/www.cuballama.com\\\/noticias\\\/#\\\/schema\\\/person\\\/5889f7d070564f8386e7944d14d436cd\"},\"headline\":\"V\u00edspera de\u00a0\u00abCumbre\u00bb en Miami Trump adelanta: \u00abCuba tambi\u00e9n va a caer\u00bb\",\"datePublished\":\"2026-03-05T21:55:04+00:00\",\"dateModified\":\"2026-03-05T21:55:57+00:00\",\"mainEntityOfPage\":{\"@id\":\"https:\\\/\\\/www.cuballama.com\\\/noticias\\\/vispera-de-cumbre-en-miami-trump-adelanta-cuba-tambien-va-a-caer\\\/\"},\"wordCount\":592,\"commentCount\":0,\"publisher\":{\"@id\":\"https:\\\/\\\/www.cuballama.com\\\/noticias\\\/#organization\"},\"image\":{\"@id\":\"https:\\\/\\\/www.cuballama.com\\\/noticias\\\/vispera-de-cumbre-en-miami-trump-adelanta-cuba-tambien-va-a-caer\\\/#primaryimage\"},\"thumbnailUrl\":\"https:\\\/\\\/cdn1.mediawpaccore.net\\\/wp-content\\\/uploads\\\/2025\\\/04\\\/10230906\\\/Captura-de-pantalla_10-4-2025_20323_www.instagram.com_.jpg\",\"keywords\":[\"Crisis en Cuba\",\"Cuba\",\"cubanos\",\"Miami\",\"superdestacado\",\"Trump\"],\"articleSection\":[\"Noticias\",\"Noticias de Cuba\"],\"inLanguage\":\"es\",\"potentialAction\":[{\"@type\":\"CommentAction\",\"name\":\"Comment\",\"target\":[\"https:\\\/\\\/www.cuballama.com\\\/noticias\\\/vispera-de-cumbre-en-miami-trump-adelanta-cuba-tambien-va-a-caer\\\/#respond\"]}]},{\"@type\":\"WebPage\",\"@id\":\"https:\\\/\\\/www.cuballama.com\\\/noticias\\\/vispera-de-cumbre-en-miami-trump-adelanta-cuba-tambien-va-a-caer\\\/\",\"url\":\"https:\\\/\\\/www.cuballama.com\\\/noticias\\\/vispera-de-cumbre-en-miami-trump-adelanta-cuba-tambien-va-a-caer\\\/\",\"name\":\"V\u00edspera de\u00a0\\\"Cumbre\\\" en Miami Trump adelanta: \\\"Cuba tambi\u00e9n va a caer\\\" - Cuballama Noticias\",\"isPartOf\":{\"@id\":\"https:\\\/\\\/www.cuballama.com\\\/noticias\\\/#website\"},\"primaryImageOfPage\":{\"@id\":\"https:\\\/\\\/www.cuballama.com\\\/noticias\\\/vispera-de-cumbre-en-miami-trump-adelanta-cuba-tambien-va-a-caer\\\/#primaryimage\"},\"image\":{\"@id\":\"https:\\\/\\\/www.cuballama.com\\\/noticias\\\/vispera-de-cumbre-en-miami-trump-adelanta-cuba-tambien-va-a-caer\\\/#primaryimage\"},\"thumbnailUrl\":\"https:\\\/\\\/cdn1.mediawpaccore.net\\\/wp-content\\\/uploads\\\/2025\\\/04\\\/10230906\\\/Captura-de-pantalla_10-4-2025_20323_www.instagram.com_.jpg\",\"datePublished\":\"2026-03-05T21:55:04+00:00\",\"dateModified\":\"2026-03-05T21:55:57+00:00\",\"description\":\"Hoy jueves el presidente Donald Trump predijo que el gobierno iran\u00ed no ser\u00eda el \u00faltimo en ceder y que\u00a0 \\\"Cuba tambi\u00e9n va a caer\\\".\",\"breadcrumb\":{\"@id\":\"https:\\\/\\\/www.cuballama.com\\\/noticias\\\/vispera-de-cumbre-en-miami-trump-adelanta-cuba-tambien-va-a-caer\\\/#breadcrumb\"},\"inLanguage\":\"es\",\"potentialAction\":[{\"@type\":\"ReadAction\",\"target\":[\"https:\\\/\\\/www.cuballama.com\\\/noticias\\\/vispera-de-cumbre-en-miami-trump-adelanta-cuba-tambien-va-a-caer\\\/\"]}]},{\"@type\":\"ImageObject\",\"inLanguage\":\"es\",\"@id\":\"https:\\\/\\\/www.cuballama.com\\\/noticias\\\/vispera-de-cumbre-en-miami-trump-adelanta-cuba-tambien-va-a-caer\\\/#primaryimage\",\"url\":\"https:\\\/\\\/cdn1.mediawpaccore.net\\\/wp-content\\\/uploads\\\/2025\\\/04\\\/10230906\\\/Captura-de-pantalla_10-4-2025_20323_www.instagram.com_.jpg\",\"contentUrl\":\"https:\\\/\\\/cdn1.mediawpaccore.net\\\/wp-content\\\/uploads\\\/2025\\\/04\\\/10230906\\\/Captura-de-pantalla_10-4-2025_20323_www.instagram.com_.jpg\",\"width\":1200,\"height\":630,\"caption\":\"Donald Trump. Foto: Instagram\\\/POTUS.\"},{\"@type\":\"BreadcrumbList\",\"@id\":\"https:\\\/\\\/www.cuballama.com\\\/noticias\\\/vispera-de-cumbre-en-miami-trump-adelanta-cuba-tambien-va-a-caer\\\/#breadcrumb\",\"itemListElement\":[{\"@type\":\"ListItem\",\"position\":1,\"name\":\"Home\",\"item\":\"https:\\\/\\\/www.cuballama.com\\\/noticias\\\/\"},{\"@type\":\"ListItem\",\"position\":2,\"name\":\"V\u00edspera de\u00a0\u00abCumbre\u00bb en Miami Trump adelanta: \u00abCuba tambi\u00e9n va a caer\u00bb\"}]},{\"@type\":\"WebSite\",\"@id\":\"https:\\\/\\\/www.cuballama.com\\\/noticias\\\/#website\",\"url\":\"https:\\\/\\\/www.cuballama.com\\\/noticias\\\/\",\"name\":\"Cuballama Noticias\",\"description\":\"Medio digital sobre Cuba y el mundo\",\"publisher\":{\"@id\":\"https:\\\/\\\/www.cuballama.com\\\/noticias\\\/#organization\"},\"potentialAction\":[{\"@type\":\"SearchAction\",\"target\":{\"@type\":\"EntryPoint\",\"urlTemplate\":\"https:\\\/\\\/www.cuballama.com\\\/noticias\\\/?s={search_term_string}\"},\"query-input\":{\"@type\":\"PropertyValueSpecification\",\"valueRequired\":true,\"valueName\":\"search_term_string\"}}],\"inLanguage\":\"es\"},{\"@type\":\"Organization\",\"@id\":\"https:\\\/\\\/www.cuballama.com\\\/noticias\\\/#organization\",\"name\":\"Cuballama\",\"url\":\"https:\\\/\\\/www.cuballama.com\\\/noticias\\\/\",\"logo\":{\"@type\":\"ImageObject\",\"inLanguage\":\"es\",\"@id\":\"https:\\\/\\\/www.cuballama.com\\\/noticias\\\/#\\\/schema\\\/logo\\\/image\\\/\",\"url\":\"https:\\\/\\\/cdn1.mediawpaccore.net\\\/wp-content\\\/uploads\\\/2021\\\/12\\\/28171206\\\/cbll-logo-color-sm.png\",\"contentUrl\":\"https:\\\/\\\/cdn1.mediawpaccore.net\\\/wp-content\\\/uploads\\\/2021\\\/12\\\/28171206\\\/cbll-logo-color-sm.png\",\"width\":600,\"height\":133,\"caption\":\"Cuballama\"},\"image\":{\"@id\":\"https:\\\/\\\/www.cuballama.com\\\/noticias\\\/#\\\/schema\\\/logo\\\/image\\\/\"},\"sameAs\":[\"https:\\\/\\\/www.facebook.com\\\/CubaLlama\",\"https:\\\/\\\/x.com\\\/cuballama\",\"https:\\\/\\\/www.instagram.com\\\/stories\\\/cuballama_oficial\\\/\",\"https:\\\/\\\/www.youtube.com\\\/channel\\\/UCKkFE-d_axENGZcrc4as0IA\"]},{\"@type\":\"Person\",\"@id\":\"https:\\\/\\\/www.cuballama.com\\\/noticias\\\/#\\\/schema\\\/person\\\/5889f7d070564f8386e7944d14d436cd\",\"name\":\"Manu\",\"url\":\"https:\\\/\\\/www.cuballama.com\\\/noticias\\\/author\\\/manu\\\/\"}]}<\/script>\n<!-- \/ Yoast SEO plugin. -->","yoast_head_json":{"title":"V\u00edspera de\u00a0\"Cumbre\" en Miami Trump adelanta: \"Cuba tambi\u00e9n va a caer\" - Cuballama Noticias","description":"Hoy jueves el presidente Donald Trump predijo que el gobierno iran\u00ed no ser\u00eda el \u00faltimo en ceder y que\u00a0 \"Cuba tambi\u00e9n va a caer\".","robots":{"index":"index","follow":"follow","max-snippet":"max-snippet:-1","max-image-preview":"max-image-preview:large","max-video-preview":"max-video-preview:-1"},"canonical":"https:\/\/www.cuballama.com\/noticias\/vispera-de-cumbre-en-miami-trump-adelanta-cuba-tambien-va-a-caer\/","og_locale":"es_ES","og_type":"article","og_title":"V\u00edspera de\u00a0\"Cumbre\" en Miami Trump adelanta: \"Cuba tambi\u00e9n va a caer\" - Cuballama Noticias","og_description":"Hoy jueves el presidente Donald Trump predijo que el gobierno iran\u00ed no ser\u00eda el \u00faltimo en ceder y que\u00a0 \"Cuba tambi\u00e9n va a caer\".","og_url":"https:\/\/www.cuballama.com\/noticias\/vispera-de-cumbre-en-miami-trump-adelanta-cuba-tambien-va-a-caer\/","og_site_name":"Cuballama Noticias","article_publisher":"https:\/\/www.facebook.com\/CubaLlama","article_published_time":"2026-03-05T21:55:04+00:00","article_modified_time":"2026-03-05T21:55:57+00:00","og_image":[{"width":1200,"height":630,"url":"https:\/\/cdn1.mediawpaccore.net\/wp-content\/uploads\/2025\/04\/10230906\/Captura-de-pantalla_10-4-2025_20323_www.instagram.com_.jpg","type":"image\/jpeg"}],"author":"Manu","twitter_card":"summary_large_image","twitter_creator":"@cuballama","twitter_site":"@cuballama","twitter_misc":{"Escrito por":"Manu","Tiempo de lectura":"3 minutos"},"schema":{"@context":"https:\/\/schema.org","@graph":[{"@type":"Article","@id":"https:\/\/www.cuballama.com\/noticias\/vispera-de-cumbre-en-miami-trump-adelanta-cuba-tambien-va-a-caer\/#article","isPartOf":{"@id":"https:\/\/www.cuballama.com\/noticias\/vispera-de-cumbre-en-miami-trump-adelanta-cuba-tambien-va-a-caer\/"},"author":{"name":"Manu","@id":"https:\/\/www.cuballama.com\/noticias\/#\/schema\/person\/5889f7d070564f8386e7944d14d436cd"},"headline":"V\u00edspera de\u00a0\u00abCumbre\u00bb en Miami Trump adelanta: \u00abCuba tambi\u00e9n va a caer\u00bb","datePublished":"2026-03-05T21:55:04+00:00","dateModified":"2026-03-05T21:55:57+00:00","mainEntityOfPage":{"@id":"https:\/\/www.cuballama.com\/noticias\/vispera-de-cumbre-en-miami-trump-adelanta-cuba-tambien-va-a-caer\/"},"wordCount":592,"commentCount":0,"publisher":{"@id":"https:\/\/www.cuballama.com\/noticias\/#organization"},"image":{"@id":"https:\/\/www.cuballama.com\/noticias\/vispera-de-cumbre-en-miami-trump-adelanta-cuba-tambien-va-a-caer\/#primaryimage"},"thumbnailUrl":"https:\/\/cdn1.mediawpaccore.net\/wp-content\/uploads\/2025\/04\/10230906\/Captura-de-pantalla_10-4-2025_20323_www.instagram.com_.jpg","keywords":["Crisis en Cuba","Cuba","cubanos","Miami","superdestacado","Trump"],"articleSection":["Noticias","Noticias de Cuba"],"inLanguage":"es","potentialAction":[{"@type":"CommentAction","name":"Comment","target":["https:\/\/www.cuballama.com\/noticias\/vispera-de-cumbre-en-miami-trump-adelanta-cuba-tambien-va-a-caer\/#respond"]}]},{"@type":"WebPage","@id":"https:\/\/www.cuballama.com\/noticias\/vispera-de-cumbre-en-miami-trump-adelanta-cuba-tambien-va-a-caer\/","url":"https:\/\/www.cuballama.com\/noticias\/vispera-de-cumbre-en-miami-trump-adelanta-cuba-tambien-va-a-caer\/","name":"V\u00edspera de\u00a0\"Cumbre\" en Miami Trump adelanta: \"Cuba tambi\u00e9n va a caer\" - Cuballama Noticias","isPartOf":{"@id":"https:\/\/www.cuballama.com\/noticias\/#website"},"primaryImageOfPage":{"@id":"https:\/\/www.cuballama.com\/noticias\/vispera-de-cumbre-en-miami-trump-adelanta-cuba-tambien-va-a-caer\/#primaryimage"},"image":{"@id":"https:\/\/www.cuballama.com\/noticias\/vispera-de-cumbre-en-miami-trump-adelanta-cuba-tambien-va-a-caer\/#primaryimage"},"thumbnailUrl":"https:\/\/cdn1.mediawpaccore.net\/wp-content\/uploads\/2025\/04\/10230906\/Captura-de-pantalla_10-4-2025_20323_www.instagram.com_.jpg","datePublished":"2026-03-05T21:55:04+00:00","dateModified":"2026-03-05T21:55:57+00:00","description":"Hoy jueves el presidente Donald Trump predijo que el gobierno iran\u00ed no ser\u00eda el \u00faltimo en ceder y que\u00a0 \"Cuba tambi\u00e9n va a caer\".","breadcrumb":{"@id":"https:\/\/www.cuballama.com\/noticias\/vispera-de-cumbre-en-miami-trump-adelanta-cuba-tambien-va-a-caer\/#breadcrumb"},"inLanguage":"es","potentialAction":[{"@type":"ReadAction","target":["https:\/\/www.cuballama.com\/noticias\/vispera-de-cumbre-en-miami-trump-adelanta-cuba-tambien-va-a-caer\/"]}]},{"@type":"ImageObject","inLanguage":"es","@id":"https:\/\/www.cuballama.com\/noticias\/vispera-de-cumbre-en-miami-trump-adelanta-cuba-tambien-va-a-caer\/#primaryimage","url":"https:\/\/cdn1.mediawpaccore.net\/wp-content\/uploads\/2025\/04\/10230906\/Captura-de-pantalla_10-4-2025_20323_www.instagram.com_.jpg","contentUrl":"https:\/\/cdn1.mediawpaccore.net\/wp-content\/uploads\/2025\/04\/10230906\/Captura-de-pantalla_10-4-2025_20323_www.instagram.com_.jpg","width":1200,"height":630,"caption":"Donald Trump. Foto: Instagram\/POTUS."},{"@type":"BreadcrumbList","@id":"https:\/\/www.cuballama.com\/noticias\/vispera-de-cumbre-en-miami-trump-adelanta-cuba-tambien-va-a-caer\/#breadcrumb","itemListElement":[{"@type":"ListItem","position":1,"name":"Home","item":"https:\/\/www.cuballama.com\/noticias\/"},{"@type":"ListItem","position":2,"name":"V\u00edspera de\u00a0\u00abCumbre\u00bb en Miami Trump adelanta: \u00abCuba tambi\u00e9n va a caer\u00bb"}]},{"@type":"WebSite","@id":"https:\/\/www.cuballama.com\/noticias\/#website","url":"https:\/\/www.cuballama.com\/noticias\/","name":"Cuballama Noticias","description":"Medio digital sobre Cuba y el mundo","publisher":{"@id":"https:\/\/www.cuballama.com\/noticias\/#organization"},"potentialAction":[{"@type":"SearchAction","target":{"@type":"EntryPoint","urlTemplate":"https:\/\/www.cuballama.com\/noticias\/?s={search_term_string}"},"query-input":{"@type":"PropertyValueSpecification","valueRequired":true,"valueName":"search_term_string"}}],"inLanguage":"es"},{"@type":"Organization","@id":"https:\/\/www.cuballama.com\/noticias\/#organization","name":"Cuballama","url":"https:\/\/www.cuballama.com\/noticias\/","logo":{"@type":"ImageObject","inLanguage":"es","@id":"https:\/\/www.cuballama.com\/noticias\/#\/schema\/logo\/image\/","url":"https:\/\/cdn1.mediawpaccore.net\/wp-content\/uploads\/2021\/12\/28171206\/cbll-logo-color-sm.png","contentUrl":"https:\/\/cdn1.mediawpaccore.net\/wp-content\/uploads\/2021\/12\/28171206\/cbll-logo-color-sm.png","width":600,"height":133,"caption":"Cuballama"},"image":{"@id":"https:\/\/www.cuballama.com\/noticias\/#\/schema\/logo\/image\/"},"sameAs":["https:\/\/www.facebook.com\/CubaLlama","https:\/\/x.com\/cuballama","https:\/\/www.instagram.com\/stories\/cuballama_oficial\/","https:\/\/www.youtube.com\/channel\/UCKkFE-d_axENGZcrc4as0IA"]},{"@type":"Person","@id":"https:\/\/www.cuballama.com\/noticias\/#\/schema\/person\/5889f7d070564f8386e7944d14d436cd","name":"Manu","url":"https:\/\/www.cuballama.com\/noticias\/author\/manu\/"}]}},"_links":{"self":[{"href":"https:\/\/www.cuballama.com\/noticias\/wp-json\/wp\/v2\/posts\/237273","targetHints":{"allow":["GET"]}}],"collection":[{"href":"https:\/\/www.cuballama.com\/noticias\/wp-json\/wp\/v2\/posts"}],"about":[{"href":"https:\/\/www.cuballama.com\/noticias\/wp-json\/wp\/v2\/types\/post"}],"author":[{"embeddable":true,"href":"https:\/\/www.cuballama.com\/noticias\/wp-json\/wp\/v2\/users\/24"}],"replies":[{"embeddable":true,"href":"https:\/\/www.cuballama.com\/noticias\/wp-json\/wp\/v2\/comments?post=237273"}],"version-history":[{"count":4,"href":"https:\/\/www.cuballama.com\/noticias\/wp-json\/wp\/v2\/posts\/237273\/revisions"}],"predecessor-version":[{"id":237283,"href":"https:\/\/www.cuballama.com\/noticias\/wp-json\/wp\/v2\/posts\/237273\/revisions\/237283"}],"wp:featuredmedia":[{"embeddable":true,"href":"https:\/\/www.cuballama.com\/noticias\/wp-json\/wp\/v2\/media\/204093"}],"wp:attachment":[{"href":"https:\/\/www.cuballama.com\/noticias\/wp-json\/wp\/v2\/media?parent=237273"}],"wp:term":[{"taxonomy":"category","embeddable":true,"href":"https:\/\/www.cuballama.com\/noticias\/wp-json\/wp\/v2\/categories?post=237273"},{"taxonomy":"post_tag","embeddable":true,"href":"https:\/\/www.cuballama.com\/noticias\/wp-json\/wp\/v2\/tags?post=237273"}],"curies":[{"name":"wp","href":"https:\/\/api.w.org\/{rel}","templated":true}]}}