{"id":237242,"date":"2026-03-05T11:41:12","date_gmt":"2026-03-05T16:41:12","guid":{"rendered":"https:\/\/www.cuballama.com\/noticias\/?p=237242"},"modified":"2026-03-05T11:41:19","modified_gmt":"2026-03-05T16:41:19","slug":"capturan-a-israel-rojas-y-cristina-escobar-en-madrid","status":"publish","type":"post","link":"https:\/\/www.cuballama.com\/noticias\/capturan-a-israel-rojas-y-cristina-escobar-en-madrid\/","title":{"rendered":"\u00abCapturan\u00bb a Israel Rojas y Cristina Escobar en Madrid"},"content":{"rendered":"\n<p>El cantante y director del grupo Buena Fe, Israel Rojas y la periodista Cristina Escobar fueron captados en Madrid en un bus que traslada a los viajeros que arriban al aeropuerto. <\/p>\n\n\n\n<p>En la imagen, publicada por el internauta identificado como Siro Cuartel, se percibe a la pareja conversando animadamente mientras esperan llegar a su lugar de destino. <\/p>\n\n\n\n<p>Buena Fe anunci\u00f3 recientemente un concierto en Madrid bajo el nombre Canciones con Pimienta el 6 de marzo en el auditorio Marcelino Camacho. En el espect\u00e1culo compartir\u00e1n con el reconocido repentista y escritor cubano Alexis D\u00edaz Pimienta. El show ser\u00e1 parte posiblemente de una gira que lleve al d\u00fao, integrado por Israel Rojas y Yoel Mart\u00ednez,  por distintas regiones de Espa\u00f1a.<\/p>\n\n\n\n<p>En 2023 durante un periplo del grupo por Espa\u00f1a el d\u00fao sufri\u00f3 varias cancelaciones por denuncias de grupos opositores al gobierno cubano, debido al apoyo del d\u00fao al r\u00e9gimen de la isla.<\/p>\n\n\n\n<p>En el primer concierto de la gira en la sala Galileo, los m\u00e9dicos Lucio Enr\u00edquez Nodarse y Emilio Arteaga P\u00e9rez,\u00a0 fueron agredidos por personal de la embajada cubana en Madrid tras gritar la consigna \u00abPatria y vida\u00bb y pedir libertad para los presos pol\u00edticos.\u00a0Sin embargo Rojas dijo que en la presentaci\u00f3n \u00abno hubo boicot alguno\u00bb, solo \u00abamor, m\u00fasica y alegr\u00eda\u00bb.<\/p>\n\n\n\n<p>Buena Fe es uno de los grupos m\u00e1s populares entre una parte de adolescentes y j\u00f3venes cubanos y con frecuencia participa en actos de apoyo al gobierno cubano. Su cantante, Rojas,  fue uno de los que apoy\u00f3 al mandatario cubano cuando llam\u00f3 a la confrontaci\u00f3n entre cubanos durante las protestas del 11j.<\/p>\n\n\n\n<p>Escobar, por su lado, es una conocida periodista cubana que trabaj\u00f3 los temas relacionados con Estados Unidos durante a\u00f1os en el Noticiero de la Televisi\u00f3n Cubana y se gan\u00f3 el respeto de una parte de los televidentes por destreza en el manejo del lenguaje televisivo. Actualmente ocupa un cargo de importancia en el Embajada Brit\u00e1nica en Cuba. <\/p>\n\n\n\n<p><\/p>\n","protected":false},"excerpt":{"rendered":"<p>El cantante y director del grupo Buena Fe, Israel Rojas y la periodista Cristina Escobar fueron captados en Madrid en un bus que traslada a los viajeros que arriban al aeropuerto. En la imagen, publicada por el internauta identificado como Siro Cuartel, se percibe a la pareja conversando animadamente mientras esperan llegar a su lugar [&hellip;]<\/p>\n","protected":false},"author":24,"featured_media":237252,"comment_status":"open","ping_status":"closed","sticky":false,"template":"","format":"standard","meta":{"_acf_changed":false,"footnotes":""},"categories":[18,955],"tags":[10867,30862,92,941,7825],"class_list":{"0":"post-237242","1":"post","2":"type-post","3":"status-publish","4":"format-standard","5":"has-post-thumbnail","7":"category-noticias","8":"category-noticias-de-cuba","9":"tag-crisis-en-cuba","10":"tag-cristina-escibar","11":"tag-cubanos","12":"tag-destacado","13":"tag-israel-rojas"},"acf":[],"yoast_head":"<!-- This site is optimized with the Yoast SEO plugin v27.5 - https:\/\/yoast.com\/product\/yoast-seo-wordpress\/ -->\n<title>&quot;Capturan&quot; a Israel Rojas y Cristina Escobar en Madrid - Cuballama Noticias<\/title>\n<meta name=\"description\" content=\"Israel Rojas y Cristina Escobar fueron captados en Madrid en un bus que traslada a los viajeros procedentes de la aerol\u00ednea World To Fly.\" \/>\n<meta name=\"robots\" content=\"index, follow, max-snippet:-1, max-image-preview:large, max-video-preview:-1\" \/>\n<link rel=\"canonical\" href=\"https:\/\/www.cuballama.com\/noticias\/capturan-a-israel-rojas-y-cristina-escobar-en-madrid\/\" \/>\n<meta property=\"og:locale\" content=\"es_ES\" \/>\n<meta property=\"og:type\" content=\"article\" \/>\n<meta property=\"og:title\" content=\"&quot;Capturan&quot; a Israel Rojas y Cristina Escobar en Madrid - Cuballama Noticias\" \/>\n<meta property=\"og:description\" content=\"Israel Rojas y Cristina Escobar fueron captados en Madrid en un bus que traslada a los viajeros procedentes de la aerol\u00ednea World To Fly.\" \/>\n<meta property=\"og:url\" content=\"https:\/\/www.cuballama.com\/noticias\/capturan-a-israel-rojas-y-cristina-escobar-en-madrid\/\" \/>\n<meta property=\"og:site_name\" content=\"Cuballama Noticias\" \/>\n<meta property=\"article:publisher\" content=\"https:\/\/www.facebook.com\/CubaLlama\" \/>\n<meta property=\"article:published_time\" content=\"2026-03-05T16:41:12+00:00\" \/>\n<meta property=\"article:modified_time\" content=\"2026-03-05T16:41:19+00:00\" \/>\n<meta property=\"og:image\" content=\"https:\/\/cdn1.mediawpaccore.net\/wp-content\/uploads\/2026\/03\/05113406\/646817353_4395965244058311_299355283343795979_n-e1772728576666.jpg\" \/>\n\t<meta property=\"og:image:width\" content=\"1200\" \/>\n\t<meta property=\"og:image:height\" content=\"630\" \/>\n\t<meta property=\"og:image:type\" content=\"image\/jpeg\" \/>\n<meta name=\"author\" content=\"Manu\" \/>\n<meta name=\"twitter:card\" content=\"summary_large_image\" \/>\n<meta name=\"twitter:creator\" content=\"@cuballama\" \/>\n<meta name=\"twitter:site\" content=\"@cuballama\" \/>\n<meta name=\"twitter:label1\" content=\"Escrito por\" \/>\n\t<meta name=\"twitter:data1\" content=\"Manu\" \/>\n\t<meta name=\"twitter:label2\" content=\"Tiempo de lectura\" \/>\n\t<meta name=\"twitter:data2\" content=\"2 minutos\" \/>\n<script type=\"application\/ld+json\" class=\"yoast-schema-graph\">{\"@context\":\"https:\\\/\\\/schema.org\",\"@graph\":[{\"@type\":\"Article\",\"@id\":\"https:\\\/\\\/www.cuballama.com\\\/noticias\\\/capturan-a-israel-rojas-y-cristina-escobar-en-madrid\\\/#article\",\"isPartOf\":{\"@id\":\"https:\\\/\\\/www.cuballama.com\\\/noticias\\\/capturan-a-israel-rojas-y-cristina-escobar-en-madrid\\\/\"},\"author\":{\"name\":\"Manu\",\"@id\":\"https:\\\/\\\/www.cuballama.com\\\/noticias\\\/#\\\/schema\\\/person\\\/5889f7d070564f8386e7944d14d436cd\"},\"headline\":\"\u00abCapturan\u00bb a Israel Rojas y Cristina Escobar en Madrid\",\"datePublished\":\"2026-03-05T16:41:12+00:00\",\"dateModified\":\"2026-03-05T16:41:19+00:00\",\"mainEntityOfPage\":{\"@id\":\"https:\\\/\\\/www.cuballama.com\\\/noticias\\\/capturan-a-israel-rojas-y-cristina-escobar-en-madrid\\\/\"},\"wordCount\":350,\"commentCount\":0,\"publisher\":{\"@id\":\"https:\\\/\\\/www.cuballama.com\\\/noticias\\\/#organization\"},\"image\":{\"@id\":\"https:\\\/\\\/www.cuballama.com\\\/noticias\\\/capturan-a-israel-rojas-y-cristina-escobar-en-madrid\\\/#primaryimage\"},\"thumbnailUrl\":\"https:\\\/\\\/cdn1.mediawpaccore.net\\\/wp-content\\\/uploads\\\/2026\\\/03\\\/05113406\\\/646817353_4395965244058311_299355283343795979_n-e1772728576666.jpg\",\"keywords\":[\"Crisis en Cuba\",\"Cristina Escibar\",\"cubanos\",\"destacado\",\"Israel Rojas\"],\"articleSection\":[\"Noticias\",\"Noticias de Cuba\"],\"inLanguage\":\"es\",\"potentialAction\":[{\"@type\":\"CommentAction\",\"name\":\"Comment\",\"target\":[\"https:\\\/\\\/www.cuballama.com\\\/noticias\\\/capturan-a-israel-rojas-y-cristina-escobar-en-madrid\\\/#respond\"]}]},{\"@type\":\"WebPage\",\"@id\":\"https:\\\/\\\/www.cuballama.com\\\/noticias\\\/capturan-a-israel-rojas-y-cristina-escobar-en-madrid\\\/\",\"url\":\"https:\\\/\\\/www.cuballama.com\\\/noticias\\\/capturan-a-israel-rojas-y-cristina-escobar-en-madrid\\\/\",\"name\":\"\\\"Capturan\\\" a Israel Rojas y Cristina Escobar en Madrid - Cuballama Noticias\",\"isPartOf\":{\"@id\":\"https:\\\/\\\/www.cuballama.com\\\/noticias\\\/#website\"},\"primaryImageOfPage\":{\"@id\":\"https:\\\/\\\/www.cuballama.com\\\/noticias\\\/capturan-a-israel-rojas-y-cristina-escobar-en-madrid\\\/#primaryimage\"},\"image\":{\"@id\":\"https:\\\/\\\/www.cuballama.com\\\/noticias\\\/capturan-a-israel-rojas-y-cristina-escobar-en-madrid\\\/#primaryimage\"},\"thumbnailUrl\":\"https:\\\/\\\/cdn1.mediawpaccore.net\\\/wp-content\\\/uploads\\\/2026\\\/03\\\/05113406\\\/646817353_4395965244058311_299355283343795979_n-e1772728576666.jpg\",\"datePublished\":\"2026-03-05T16:41:12+00:00\",\"dateModified\":\"2026-03-05T16:41:19+00:00\",\"description\":\"Israel Rojas y Cristina Escobar fueron captados en Madrid en un bus que traslada a los viajeros procedentes de la aerol\u00ednea World To Fly.\",\"breadcrumb\":{\"@id\":\"https:\\\/\\\/www.cuballama.com\\\/noticias\\\/capturan-a-israel-rojas-y-cristina-escobar-en-madrid\\\/#breadcrumb\"},\"inLanguage\":\"es\",\"potentialAction\":[{\"@type\":\"ReadAction\",\"target\":[\"https:\\\/\\\/www.cuballama.com\\\/noticias\\\/capturan-a-israel-rojas-y-cristina-escobar-en-madrid\\\/\"]}]},{\"@type\":\"ImageObject\",\"inLanguage\":\"es\",\"@id\":\"https:\\\/\\\/www.cuballama.com\\\/noticias\\\/capturan-a-israel-rojas-y-cristina-escobar-en-madrid\\\/#primaryimage\",\"url\":\"https:\\\/\\\/cdn1.mediawpaccore.net\\\/wp-content\\\/uploads\\\/2026\\\/03\\\/05113406\\\/646817353_4395965244058311_299355283343795979_n-e1772728576666.jpg\",\"contentUrl\":\"https:\\\/\\\/cdn1.mediawpaccore.net\\\/wp-content\\\/uploads\\\/2026\\\/03\\\/05113406\\\/646817353_4395965244058311_299355283343795979_n-e1772728576666.jpg\",\"width\":1200,\"height\":630,\"caption\":\"Israel Rojas y Cristina Escobar en el tren que enlaza la terminal TS con la T4, en el aeropuerto de Madrid, Espa\u00f1a. Foto: Siro Cuartel.\"},{\"@type\":\"BreadcrumbList\",\"@id\":\"https:\\\/\\\/www.cuballama.com\\\/noticias\\\/capturan-a-israel-rojas-y-cristina-escobar-en-madrid\\\/#breadcrumb\",\"itemListElement\":[{\"@type\":\"ListItem\",\"position\":1,\"name\":\"Home\",\"item\":\"https:\\\/\\\/www.cuballama.com\\\/noticias\\\/\"},{\"@type\":\"ListItem\",\"position\":2,\"name\":\"\u00abCapturan\u00bb a Israel Rojas y Cristina Escobar en Madrid\"}]},{\"@type\":\"WebSite\",\"@id\":\"https:\\\/\\\/www.cuballama.com\\\/noticias\\\/#website\",\"url\":\"https:\\\/\\\/www.cuballama.com\\\/noticias\\\/\",\"name\":\"Cuballama Noticias\",\"description\":\"Medio digital sobre Cuba y el mundo\",\"publisher\":{\"@id\":\"https:\\\/\\\/www.cuballama.com\\\/noticias\\\/#organization\"},\"potentialAction\":[{\"@type\":\"SearchAction\",\"target\":{\"@type\":\"EntryPoint\",\"urlTemplate\":\"https:\\\/\\\/www.cuballama.com\\\/noticias\\\/?s={search_term_string}\"},\"query-input\":{\"@type\":\"PropertyValueSpecification\",\"valueRequired\":true,\"valueName\":\"search_term_string\"}}],\"inLanguage\":\"es\"},{\"@type\":\"Organization\",\"@id\":\"https:\\\/\\\/www.cuballama.com\\\/noticias\\\/#organization\",\"name\":\"Cuballama\",\"url\":\"https:\\\/\\\/www.cuballama.com\\\/noticias\\\/\",\"logo\":{\"@type\":\"ImageObject\",\"inLanguage\":\"es\",\"@id\":\"https:\\\/\\\/www.cuballama.com\\\/noticias\\\/#\\\/schema\\\/logo\\\/image\\\/\",\"url\":\"https:\\\/\\\/cdn1.mediawpaccore.net\\\/wp-content\\\/uploads\\\/2021\\\/12\\\/28171206\\\/cbll-logo-color-sm.png\",\"contentUrl\":\"https:\\\/\\\/cdn1.mediawpaccore.net\\\/wp-content\\\/uploads\\\/2021\\\/12\\\/28171206\\\/cbll-logo-color-sm.png\",\"width\":600,\"height\":133,\"caption\":\"Cuballama\"},\"image\":{\"@id\":\"https:\\\/\\\/www.cuballama.com\\\/noticias\\\/#\\\/schema\\\/logo\\\/image\\\/\"},\"sameAs\":[\"https:\\\/\\\/www.facebook.com\\\/CubaLlama\",\"https:\\\/\\\/x.com\\\/cuballama\",\"https:\\\/\\\/www.instagram.com\\\/stories\\\/cuballama_oficial\\\/\",\"https:\\\/\\\/www.youtube.com\\\/channel\\\/UCKkFE-d_axENGZcrc4as0IA\"]},{\"@type\":\"Person\",\"@id\":\"https:\\\/\\\/www.cuballama.com\\\/noticias\\\/#\\\/schema\\\/person\\\/5889f7d070564f8386e7944d14d436cd\",\"name\":\"Manu\",\"url\":\"https:\\\/\\\/www.cuballama.com\\\/noticias\\\/author\\\/manu\\\/\"}]}<\/script>\n<!-- \/ Yoast SEO plugin. -->","yoast_head_json":{"title":"\"Capturan\" a Israel Rojas y Cristina Escobar en Madrid - Cuballama Noticias","description":"Israel Rojas y Cristina Escobar fueron captados en Madrid en un bus que traslada a los viajeros procedentes de la aerol\u00ednea World To Fly.","robots":{"index":"index","follow":"follow","max-snippet":"max-snippet:-1","max-image-preview":"max-image-preview:large","max-video-preview":"max-video-preview:-1"},"canonical":"https:\/\/www.cuballama.com\/noticias\/capturan-a-israel-rojas-y-cristina-escobar-en-madrid\/","og_locale":"es_ES","og_type":"article","og_title":"\"Capturan\" a Israel Rojas y Cristina Escobar en Madrid - Cuballama Noticias","og_description":"Israel Rojas y Cristina Escobar fueron captados en Madrid en un bus que traslada a los viajeros procedentes de la aerol\u00ednea World To Fly.","og_url":"https:\/\/www.cuballama.com\/noticias\/capturan-a-israel-rojas-y-cristina-escobar-en-madrid\/","og_site_name":"Cuballama Noticias","article_publisher":"https:\/\/www.facebook.com\/CubaLlama","article_published_time":"2026-03-05T16:41:12+00:00","article_modified_time":"2026-03-05T16:41:19+00:00","og_image":[{"width":1200,"height":630,"url":"https:\/\/cdn1.mediawpaccore.net\/wp-content\/uploads\/2026\/03\/05113406\/646817353_4395965244058311_299355283343795979_n-e1772728576666.jpg","type":"image\/jpeg"}],"author":"Manu","twitter_card":"summary_large_image","twitter_creator":"@cuballama","twitter_site":"@cuballama","twitter_misc":{"Escrito por":"Manu","Tiempo de lectura":"2 minutos"},"schema":{"@context":"https:\/\/schema.org","@graph":[{"@type":"Article","@id":"https:\/\/www.cuballama.com\/noticias\/capturan-a-israel-rojas-y-cristina-escobar-en-madrid\/#article","isPartOf":{"@id":"https:\/\/www.cuballama.com\/noticias\/capturan-a-israel-rojas-y-cristina-escobar-en-madrid\/"},"author":{"name":"Manu","@id":"https:\/\/www.cuballama.com\/noticias\/#\/schema\/person\/5889f7d070564f8386e7944d14d436cd"},"headline":"\u00abCapturan\u00bb a Israel Rojas y Cristina Escobar en Madrid","datePublished":"2026-03-05T16:41:12+00:00","dateModified":"2026-03-05T16:41:19+00:00","mainEntityOfPage":{"@id":"https:\/\/www.cuballama.com\/noticias\/capturan-a-israel-rojas-y-cristina-escobar-en-madrid\/"},"wordCount":350,"commentCount":0,"publisher":{"@id":"https:\/\/www.cuballama.com\/noticias\/#organization"},"image":{"@id":"https:\/\/www.cuballama.com\/noticias\/capturan-a-israel-rojas-y-cristina-escobar-en-madrid\/#primaryimage"},"thumbnailUrl":"https:\/\/cdn1.mediawpaccore.net\/wp-content\/uploads\/2026\/03\/05113406\/646817353_4395965244058311_299355283343795979_n-e1772728576666.jpg","keywords":["Crisis en Cuba","Cristina Escibar","cubanos","destacado","Israel Rojas"],"articleSection":["Noticias","Noticias de Cuba"],"inLanguage":"es","potentialAction":[{"@type":"CommentAction","name":"Comment","target":["https:\/\/www.cuballama.com\/noticias\/capturan-a-israel-rojas-y-cristina-escobar-en-madrid\/#respond"]}]},{"@type":"WebPage","@id":"https:\/\/www.cuballama.com\/noticias\/capturan-a-israel-rojas-y-cristina-escobar-en-madrid\/","url":"https:\/\/www.cuballama.com\/noticias\/capturan-a-israel-rojas-y-cristina-escobar-en-madrid\/","name":"\"Capturan\" a Israel Rojas y Cristina Escobar en Madrid - Cuballama Noticias","isPartOf":{"@id":"https:\/\/www.cuballama.com\/noticias\/#website"},"primaryImageOfPage":{"@id":"https:\/\/www.cuballama.com\/noticias\/capturan-a-israel-rojas-y-cristina-escobar-en-madrid\/#primaryimage"},"image":{"@id":"https:\/\/www.cuballama.com\/noticias\/capturan-a-israel-rojas-y-cristina-escobar-en-madrid\/#primaryimage"},"thumbnailUrl":"https:\/\/cdn1.mediawpaccore.net\/wp-content\/uploads\/2026\/03\/05113406\/646817353_4395965244058311_299355283343795979_n-e1772728576666.jpg","datePublished":"2026-03-05T16:41:12+00:00","dateModified":"2026-03-05T16:41:19+00:00","description":"Israel Rojas y Cristina Escobar fueron captados en Madrid en un bus que traslada a los viajeros procedentes de la aerol\u00ednea World To Fly.","breadcrumb":{"@id":"https:\/\/www.cuballama.com\/noticias\/capturan-a-israel-rojas-y-cristina-escobar-en-madrid\/#breadcrumb"},"inLanguage":"es","potentialAction":[{"@type":"ReadAction","target":["https:\/\/www.cuballama.com\/noticias\/capturan-a-israel-rojas-y-cristina-escobar-en-madrid\/"]}]},{"@type":"ImageObject","inLanguage":"es","@id":"https:\/\/www.cuballama.com\/noticias\/capturan-a-israel-rojas-y-cristina-escobar-en-madrid\/#primaryimage","url":"https:\/\/cdn1.mediawpaccore.net\/wp-content\/uploads\/2026\/03\/05113406\/646817353_4395965244058311_299355283343795979_n-e1772728576666.jpg","contentUrl":"https:\/\/cdn1.mediawpaccore.net\/wp-content\/uploads\/2026\/03\/05113406\/646817353_4395965244058311_299355283343795979_n-e1772728576666.jpg","width":1200,"height":630,"caption":"Israel Rojas y Cristina Escobar en el tren que enlaza la terminal TS con la T4, en el aeropuerto de Madrid, Espa\u00f1a. Foto: Siro Cuartel."},{"@type":"BreadcrumbList","@id":"https:\/\/www.cuballama.com\/noticias\/capturan-a-israel-rojas-y-cristina-escobar-en-madrid\/#breadcrumb","itemListElement":[{"@type":"ListItem","position":1,"name":"Home","item":"https:\/\/www.cuballama.com\/noticias\/"},{"@type":"ListItem","position":2,"name":"\u00abCapturan\u00bb a Israel Rojas y Cristina Escobar en Madrid"}]},{"@type":"WebSite","@id":"https:\/\/www.cuballama.com\/noticias\/#website","url":"https:\/\/www.cuballama.com\/noticias\/","name":"Cuballama Noticias","description":"Medio digital sobre Cuba y el mundo","publisher":{"@id":"https:\/\/www.cuballama.com\/noticias\/#organization"},"potentialAction":[{"@type":"SearchAction","target":{"@type":"EntryPoint","urlTemplate":"https:\/\/www.cuballama.com\/noticias\/?s={search_term_string}"},"query-input":{"@type":"PropertyValueSpecification","valueRequired":true,"valueName":"search_term_string"}}],"inLanguage":"es"},{"@type":"Organization","@id":"https:\/\/www.cuballama.com\/noticias\/#organization","name":"Cuballama","url":"https:\/\/www.cuballama.com\/noticias\/","logo":{"@type":"ImageObject","inLanguage":"es","@id":"https:\/\/www.cuballama.com\/noticias\/#\/schema\/logo\/image\/","url":"https:\/\/cdn1.mediawpaccore.net\/wp-content\/uploads\/2021\/12\/28171206\/cbll-logo-color-sm.png","contentUrl":"https:\/\/cdn1.mediawpaccore.net\/wp-content\/uploads\/2021\/12\/28171206\/cbll-logo-color-sm.png","width":600,"height":133,"caption":"Cuballama"},"image":{"@id":"https:\/\/www.cuballama.com\/noticias\/#\/schema\/logo\/image\/"},"sameAs":["https:\/\/www.facebook.com\/CubaLlama","https:\/\/x.com\/cuballama","https:\/\/www.instagram.com\/stories\/cuballama_oficial\/","https:\/\/www.youtube.com\/channel\/UCKkFE-d_axENGZcrc4as0IA"]},{"@type":"Person","@id":"https:\/\/www.cuballama.com\/noticias\/#\/schema\/person\/5889f7d070564f8386e7944d14d436cd","name":"Manu","url":"https:\/\/www.cuballama.com\/noticias\/author\/manu\/"}]}},"_links":{"self":[{"href":"https:\/\/www.cuballama.com\/noticias\/wp-json\/wp\/v2\/posts\/237242","targetHints":{"allow":["GET"]}}],"collection":[{"href":"https:\/\/www.cuballama.com\/noticias\/wp-json\/wp\/v2\/posts"}],"about":[{"href":"https:\/\/www.cuballama.com\/noticias\/wp-json\/wp\/v2\/types\/post"}],"author":[{"embeddable":true,"href":"https:\/\/www.cuballama.com\/noticias\/wp-json\/wp\/v2\/users\/24"}],"replies":[{"embeddable":true,"href":"https:\/\/www.cuballama.com\/noticias\/wp-json\/wp\/v2\/comments?post=237242"}],"version-history":[{"count":3,"href":"https:\/\/www.cuballama.com\/noticias\/wp-json\/wp\/v2\/posts\/237242\/revisions"}],"predecessor-version":[{"id":237254,"href":"https:\/\/www.cuballama.com\/noticias\/wp-json\/wp\/v2\/posts\/237242\/revisions\/237254"}],"wp:featuredmedia":[{"embeddable":true,"href":"https:\/\/www.cuballama.com\/noticias\/wp-json\/wp\/v2\/media\/237252"}],"wp:attachment":[{"href":"https:\/\/www.cuballama.com\/noticias\/wp-json\/wp\/v2\/media?parent=237242"}],"wp:term":[{"taxonomy":"category","embeddable":true,"href":"https:\/\/www.cuballama.com\/noticias\/wp-json\/wp\/v2\/categories?post=237242"},{"taxonomy":"post_tag","embeddable":true,"href":"https:\/\/www.cuballama.com\/noticias\/wp-json\/wp\/v2\/tags?post=237242"}],"curies":[{"name":"wp","href":"https:\/\/api.w.org\/{rel}","templated":true}]}}