{"id":237199,"date":"2026-03-05T09:31:23","date_gmt":"2026-03-05T14:31:23","guid":{"rendered":"https:\/\/www.cuballama.com\/noticias\/?p=237199"},"modified":"2026-03-05T09:31:26","modified_gmt":"2026-03-05T14:31:26","slug":"de-mi-depende-una-familia-la-dura-revela-como-sigue-adelante-tras-romper-con-jacob-forever","status":"publish","type":"post","link":"https:\/\/www.cuballama.com\/noticias\/de-mi-depende-una-familia-la-dura-revela-como-sigue-adelante-tras-romper-con-jacob-forever\/","title":{"rendered":"\u201cDe m\u00ed depende una familia\u201d: La Dura revela c\u00f3mo sigue adelante tras romper con Jacob Forever"},"content":{"rendered":"\n<p>La modelo e influencer cubana Diliamne Jouve, conocida popularmente como La Dura, volvi\u00f3 a dar de qu\u00e9 hablar en redes sociales tras compartir una reflexi\u00f3n personal sobre la motivaci\u00f3n y la disciplina en su cuenta de Instagram. Sus palabras llegan meses despu\u00e9s de confirmar su separaci\u00f3n del reguetonero cubano Jacob Forever, con quien mantuvo una relaci\u00f3n de m\u00e1s de una d\u00e9cada y tiene una hija en com\u00fan.<\/p>\n\n\n\n<p>En una historia publicada recientemente, la influencer respondi\u00f3 a una pregunta de sus seguidores: \u201c\u00bfC\u00f3mo manejas los d\u00edas en que no tienes motivaci\u00f3n?\u201d. La respuesta de La Dura fue clara y profundamente personal.<\/p>\n\n\n\n<p><strong>Lea m\u00e1s: <a href=\"https:\/\/www.cuballama.com\/noticias\/el-nuevo-novio-de-la-dura-es-del-entorno-de-alexander-delgado-estos-son-los-rumores-mas-fuertes-en-las-redes\/\" target=\"_blank\" rel=\"noreferrer noopener\">\u00bfEl nuevo novio de La Dura es del entorno de Alexander Delgado? Estos son los rumores m\u00e1s fuertes en las redes<\/a><\/strong><\/p>\n\n\n\n<p>\u201cMi mayor motor es mi hija. Hay d\u00edas en los que, como todo el mundo, puedo sentirme sin motivaci\u00f3n, pero en esos momentos recuerdo que de m\u00ed depende una familia\u201d, escribi\u00f3.<\/p>\n\n\n\n<h2 class=\"wp-block-heading\">La separaci\u00f3n de La Dura y Jacob Forever tras 12 a\u00f1os de relaci\u00f3n<\/h2>\n\n\n\n<p>Sus palabras resonaron entre sus seguidores, especialmente teniendo en cuenta el momento de cambio que atraviesa en su vida personal. En septiembre de 2025, La Dura y Jacob Forever confirmaron p\u00fablicamente su separaci\u00f3n tras 12 a\u00f1os de relaci\u00f3n. Durante ese tiempo se consolidaron como una de las parejas m\u00e1s medi\u00e1ticas del entretenimiento cubano, compartiendo vida, proyectos y la crianza de su hija, Saisha.<\/p>\n\n\n\n<blockquote class=\"instagram-media\" data-instgrm-captioned data-instgrm-permalink=\"https:\/\/www.instagram.com\/p\/DUJkWpJEUMA\/?utm_source=ig_embed&amp;utm_campaign=loading\" data-instgrm-version=\"14\" style=\" background:#FFF; border:0; border-radius:3px; box-shadow:0 0 1px 0 rgba(0,0,0,0.5),0 1px 10px 0 rgba(0,0,0,0.15); margin: 1px; max-width:540px; min-width:326px; padding:0; width:99.375%; width:-webkit-calc(100% - 2px); width:calc(100% - 2px);\"><div style=\"padding:16px;\"> <a href=\"https:\/\/www.instagram.com\/p\/DUJkWpJEUMA\/?utm_source=ig_embed&amp;utm_campaign=loading\" style=\" background:#FFFFFF; line-height:0; padding:0 0; text-align:center; text-decoration:none; width:100%;\" target=\"_blank\"> <div style=\" display: flex; flex-direction: row; align-items: center;\"> <div style=\"background-color: #F4F4F4; border-radius: 50%; flex-grow: 0; height: 40px; margin-right: 14px; width: 40px;\"><\/div> <div style=\"display: flex; flex-direction: column; flex-grow: 1; justify-content: center;\"> <div style=\" background-color: #F4F4F4; border-radius: 4px; flex-grow: 0; height: 14px; margin-bottom: 6px; width: 100px;\"><\/div> <div style=\" background-color: #F4F4F4; border-radius: 4px; flex-grow: 0; height: 14px; width: 60px;\"><\/div><\/div><\/div><div style=\"padding: 19% 0;\"><\/div> <div style=\"display:block; height:50px; margin:0 auto 12px; width:50px;\"><svg width=\"50px\" height=\"50px\" viewBox=\"0 0 60 60\" version=\"1.1\" xmlns=\"https:\/\/www.w3.org\/2000\/svg\" xmlns:xlink=\"https:\/\/www.w3.org\/1999\/xlink\"><g stroke=\"none\" stroke-width=\"1\" fill=\"none\" fill-rule=\"evenodd\"><g transform=\"translate(-511.000000, -20.000000)\" fill=\"#000000\"><g><path d=\"M556.869,30.41 C554.814,30.41 553.148,32.076 553.148,34.131 C553.148,36.186 554.814,37.852 556.869,37.852 C558.924,37.852 560.59,36.186 560.59,34.131 C560.59,32.076 558.924,30.41 556.869,30.41 M541,60.657 C535.114,60.657 530.342,55.887 530.342,50 C530.342,44.114 535.114,39.342 541,39.342 C546.887,39.342 551.658,44.114 551.658,50 C551.658,55.887 546.887,60.657 541,60.657 M541,33.886 C532.1,33.886 524.886,41.1 524.886,50 C524.886,58.899 532.1,66.113 541,66.113 C549.9,66.113 557.115,58.899 557.115,50 C557.115,41.1 549.9,33.886 541,33.886 M565.378,62.101 C565.244,65.022 564.756,66.606 564.346,67.663 C563.803,69.06 563.154,70.057 562.106,71.106 C561.058,72.155 560.06,72.803 558.662,73.347 C557.607,73.757 556.021,74.244 553.102,74.378 C549.944,74.521 548.997,74.552 541,74.552 C533.003,74.552 532.056,74.521 528.898,74.378 C525.979,74.244 524.393,73.757 523.338,73.347 C521.94,72.803 520.942,72.155 519.894,71.106 C518.846,70.057 518.197,69.06 517.654,67.663 C517.244,66.606 516.755,65.022 516.623,62.101 C516.479,58.943 516.448,57.996 516.448,50 C516.448,42.003 516.479,41.056 516.623,37.899 C516.755,34.978 517.244,33.391 517.654,32.338 C518.197,30.938 518.846,29.942 519.894,28.894 C520.942,27.846 521.94,27.196 523.338,26.654 C524.393,26.244 525.979,25.756 528.898,25.623 C532.057,25.479 533.004,25.448 541,25.448 C548.997,25.448 549.943,25.479 553.102,25.623 C556.021,25.756 557.607,26.244 558.662,26.654 C560.06,27.196 561.058,27.846 562.106,28.894 C563.154,29.942 563.803,30.938 564.346,32.338 C564.756,33.391 565.244,34.978 565.378,37.899 C565.522,41.056 565.552,42.003 565.552,50 C565.552,57.996 565.522,58.943 565.378,62.101 M570.82,37.631 C570.674,34.438 570.167,32.258 569.425,30.349 C568.659,28.377 567.633,26.702 565.965,25.035 C564.297,23.368 562.623,22.342 560.652,21.575 C558.743,20.834 556.562,20.326 553.369,20.18 C550.169,20.033 549.148,20 541,20 C532.853,20 531.831,20.033 528.631,20.18 C525.438,20.326 523.257,20.834 521.349,21.575 C519.376,22.342 517.703,23.368 516.035,25.035 C514.368,26.702 513.342,28.377 512.574,30.349 C511.834,32.258 511.326,34.438 511.181,37.631 C511.035,40.831 511,41.851 511,50 C511,58.147 511.035,59.17 511.181,62.369 C511.326,65.562 511.834,67.743 512.574,69.651 C513.342,71.625 514.368,73.296 516.035,74.965 C517.703,76.634 519.376,77.658 521.349,78.425 C523.257,79.167 525.438,79.673 528.631,79.82 C531.831,79.965 532.853,80.001 541,80.001 C549.148,80.001 550.169,79.965 553.369,79.82 C556.562,79.673 558.743,79.167 560.652,78.425 C562.623,77.658 564.297,76.634 565.965,74.965 C567.633,73.296 568.659,71.625 569.425,69.651 C570.167,67.743 570.674,65.562 570.82,62.369 C570.966,59.17 571,58.147 571,50 C571,41.851 570.966,40.831 570.82,37.631\"><\/path><\/g><\/g><\/g><\/svg><\/div><div style=\"padding-top: 8px;\"> <div style=\" color:#3897f0; font-family:Arial,sans-serif; font-size:14px; font-style:normal; font-weight:550; line-height:18px;\">Ver esta publicaci\u00f3n en Instagram<\/div><\/div><div style=\"padding: 12.5% 0;\"><\/div> <div style=\"display: flex; flex-direction: row; margin-bottom: 14px; align-items: center;\"><div> <div style=\"background-color: #F4F4F4; border-radius: 50%; height: 12.5px; width: 12.5px; transform: translateX(0px) translateY(7px);\"><\/div> <div style=\"background-color: #F4F4F4; height: 12.5px; transform: rotate(-45deg) translateX(3px) translateY(1px); width: 12.5px; flex-grow: 0; margin-right: 14px; margin-left: 2px;\"><\/div> <div style=\"background-color: #F4F4F4; border-radius: 50%; height: 12.5px; width: 12.5px; transform: translateX(9px) translateY(-18px);\"><\/div><\/div><div style=\"margin-left: 8px;\"> <div style=\" background-color: #F4F4F4; border-radius: 50%; flex-grow: 0; height: 20px; width: 20px;\"><\/div> <div style=\" width: 0; height: 0; border-top: 2px solid transparent; border-left: 6px solid #f4f4f4; border-bottom: 2px solid transparent; transform: translateX(16px) translateY(-4px) rotate(30deg)\"><\/div><\/div><div style=\"margin-left: auto;\"> <div style=\" width: 0px; border-top: 8px solid #F4F4F4; border-right: 8px solid transparent; transform: translateY(16px);\"><\/div> <div style=\" background-color: #F4F4F4; flex-grow: 0; height: 12px; width: 16px; transform: translateY(-4px);\"><\/div> <div style=\" width: 0; height: 0; border-top: 8px solid #F4F4F4; border-left: 8px solid transparent; transform: translateY(-4px) translateX(8px);\"><\/div><\/div><\/div> <div style=\"display: flex; flex-direction: column; flex-grow: 1; justify-content: center; margin-bottom: 24px;\"> <div style=\" background-color: #F4F4F4; border-radius: 4px; flex-grow: 0; height: 14px; margin-bottom: 6px; width: 224px;\"><\/div> <div style=\" background-color: #F4F4F4; border-radius: 4px; flex-grow: 0; height: 14px; width: 144px;\"><\/div><\/div><\/a><p style=\" color:#c9c8cd; font-family:Arial,sans-serif; font-size:14px; line-height:17px; margin-bottom:0; margin-top:8px; overflow:hidden; padding:8px 0 7px; text-align:center; text-overflow:ellipsis; white-space:nowrap;\"><a href=\"https:\/\/www.instagram.com\/p\/DUJkWpJEUMA\/?utm_source=ig_embed&amp;utm_campaign=loading\" style=\" color:#c9c8cd; font-family:Arial,sans-serif; font-size:14px; font-style:normal; font-weight:normal; line-height:17px; text-decoration:none;\" target=\"_blank\">Una publicaci\u00f3n compartida de Diliamne Jouve \ud83e\udeb8 (@diliamnejacob)<\/a><\/p><\/div><\/blockquote>\n<script async src=\"\/\/www.instagram.com\/embed.js\"><\/script>\n\n\n\n<p>Aunque la ruptura sorprendi\u00f3 a muchos fans, ambos han intentado manejar el proceso con discreci\u00f3n y respeto. Desde entonces, La Dura ha mostrado en redes una actitud enfocada en su crecimiento personal, su maternidad y su trabajo como figura p\u00fablica.<\/p>\n\n\n\n<h2 class=\"wp-block-heading\">\u201cLa disciplina es m\u00e1s fuerte que la motivaci\u00f3n\u201d<\/h2>\n\n\n\n<p>En su reflexi\u00f3n, la influencer tambi\u00e9n habl\u00f3 sobre la importancia de la responsabilidad personal para salir adelante:<\/p>\n\n\n\n<p>\u201cTambi\u00e9n recuerdo que el estilo de vida que me gusta tener depende \u00fanicamente de m\u00ed. Eso me hace levantarme, enfocarme y seguir adelante, incluso cuando no tengo ganas\u201d, explic\u00f3.<\/p>\n\n\n\n<figure class=\"wp-block-image size-large\"><img loading=\"lazy\" decoding=\"async\" width=\"583\" height=\"1024\" src=\"https:\/\/cdn1.mediawpaccore.net\/wp-content\/uploads\/2026\/03\/05092621\/Captura-de-pantalla-2026-03-05-a-las-13.21.18-583x1024.png\" alt=\"\" class=\"wp-image-237229\" srcset=\"https:\/\/cdn1.mediawpaccore.net\/wp-content\/uploads\/2026\/03\/05092621\/Captura-de-pantalla-2026-03-05-a-las-13.21.18-583x1024.png 583w, https:\/\/cdn1.mediawpaccore.net\/wp-content\/uploads\/2026\/03\/05092621\/Captura-de-pantalla-2026-03-05-a-las-13.21.18-171x300.png 171w, https:\/\/cdn1.mediawpaccore.net\/wp-content\/uploads\/2026\/03\/05092621\/Captura-de-pantalla-2026-03-05-a-las-13.21.18-768x1348.png 768w, https:\/\/cdn1.mediawpaccore.net\/wp-content\/uploads\/2026\/03\/05092621\/Captura-de-pantalla-2026-03-05-a-las-13.21.18-239x420.png 239w, https:\/\/cdn1.mediawpaccore.net\/wp-content\/uploads\/2026\/03\/05092621\/Captura-de-pantalla-2026-03-05-a-las-13.21.18-150x263.png 150w, https:\/\/cdn1.mediawpaccore.net\/wp-content\/uploads\/2026\/03\/05092621\/Captura-de-pantalla-2026-03-05-a-las-13.21.18-300x527.png 300w, https:\/\/cdn1.mediawpaccore.net\/wp-content\/uploads\/2026\/03\/05092621\/Captura-de-pantalla-2026-03-05-a-las-13.21.18-696x1222.png 696w, https:\/\/cdn1.mediawpaccore.net\/wp-content\/uploads\/2026\/03\/05092621\/Captura-de-pantalla-2026-03-05-a-las-13.21.18.png 834w\" sizes=\"auto, (max-width: 583px) 100vw, 583px\" \/><\/figure>\n\n\n\n<p>La modelo concluy\u00f3 su mensaje con una idea que muchos seguidores interpretaron como un principio de vida: \u201cLa disciplina siempre termina siendo m\u00e1s fuerte que la motivaci\u00f3n\u201d.<\/p>\n\n\n\n<h2 class=\"wp-block-heading\">La nueva relaci\u00f3n de La Dura con el empresario Jorge Carlos Paj\u00f3n<\/h2>\n\n\n\n<p>En los \u00faltimos meses, la vida sentimental de La Dura tambi\u00e9n ha vuelto a ocupar titulares. Recientemente hizo p\u00fablica su relaci\u00f3n con el joven empresario Jorge Carlos Paj\u00f3n, uno de los socios vinculados al restaurante Lo D\u2019Alex en Miami, un proyecto gastron\u00f3mico asociado a la imagen del reconocido m\u00fasico cubano Alexander Delgado.<\/p>\n\n\n\n<p><strong>Lea m\u00e1s: <a href=\"https:\/\/www.cuballama.com\/noticias\/loma-abajo-y-sin-frenos-la-dura-oficializa-su-romance-con-jorge-carlos-pajon-en-san-valentin\/\" target=\"_blank\" rel=\"noreferrer noopener\">\u00a1Loma abajo y sin frenos! La Dura oficializa su romance con Jorge Carlos Paj\u00f3n en San Valent\u00edn<\/a><\/strong><\/p>\n\n\n\n<p>La noticia gener\u00f3 gran inter\u00e9s en redes sociales, donde seguidores y medios comenzaron a comentar sobre esta nueva etapa en la vida de la influencer. Aunque La Dura no ha compartido demasiados detalles sobre la relaci\u00f3n, las publicaciones recientes muestran que est\u00e1 disfrutando de esta nueva etapa personal.<\/p>\n\n\n\n<h2 class=\"wp-block-heading\">El crecimiento de La Dura como influencer y empresaria<\/h2>\n\n\n\n<p>Con m\u00e1s de 3 millones de seguidores en Instagram, Diliamne Jouve ha construido una s\u00f3lida presencia digital, combinando su trabajo como modelo, creadora de contenido y empresaria con su vida familiar. Su influencia va m\u00e1s all\u00e1 del entretenimiento y la moda, convirti\u00e9ndose en una figura que muchas personas siguen tambi\u00e9n por su estilo de vida y sus reflexiones personales.<\/p>\n\n\n\n<figure class=\"wp-block-image size-large\"><img loading=\"lazy\" decoding=\"async\" width=\"1024\" height=\"710\" src=\"https:\/\/cdn1.mediawpaccore.net\/wp-content\/uploads\/2026\/03\/05093029\/Captura-de-pantalla-2026-03-05-a-las-15.30.07-1024x710.png\" alt=\"\" class=\"wp-image-237233\" srcset=\"https:\/\/cdn1.mediawpaccore.net\/wp-content\/uploads\/2026\/03\/05093029\/Captura-de-pantalla-2026-03-05-a-las-15.30.07-1024x710.png 1024w, https:\/\/cdn1.mediawpaccore.net\/wp-content\/uploads\/2026\/03\/05093029\/Captura-de-pantalla-2026-03-05-a-las-15.30.07-300x208.png 300w, https:\/\/cdn1.mediawpaccore.net\/wp-content\/uploads\/2026\/03\/05093029\/Captura-de-pantalla-2026-03-05-a-las-15.30.07-768x533.png 768w, https:\/\/cdn1.mediawpaccore.net\/wp-content\/uploads\/2026\/03\/05093029\/Captura-de-pantalla-2026-03-05-a-las-15.30.07-1536x1065.png 1536w, https:\/\/cdn1.mediawpaccore.net\/wp-content\/uploads\/2026\/03\/05093029\/Captura-de-pantalla-2026-03-05-a-las-15.30.07-2048x1420.png 2048w, https:\/\/cdn1.mediawpaccore.net\/wp-content\/uploads\/2026\/03\/05093029\/Captura-de-pantalla-2026-03-05-a-las-15.30.07-606x420.png 606w, https:\/\/cdn1.mediawpaccore.net\/wp-content\/uploads\/2026\/03\/05093029\/Captura-de-pantalla-2026-03-05-a-las-15.30.07-150x104.png 150w, https:\/\/cdn1.mediawpaccore.net\/wp-content\/uploads\/2026\/03\/05093029\/Captura-de-pantalla-2026-03-05-a-las-15.30.07-218x150.png 218w, https:\/\/cdn1.mediawpaccore.net\/wp-content\/uploads\/2026\/03\/05093029\/Captura-de-pantalla-2026-03-05-a-las-15.30.07-696x483.png 696w, https:\/\/cdn1.mediawpaccore.net\/wp-content\/uploads\/2026\/03\/05093029\/Captura-de-pantalla-2026-03-05-a-las-15.30.07-1068x741.png 1068w, https:\/\/cdn1.mediawpaccore.net\/wp-content\/uploads\/2026\/03\/05093029\/Captura-de-pantalla-2026-03-05-a-las-15.30.07-1920x1332.png 1920w\" sizes=\"auto, (max-width: 1024px) 100vw, 1024px\" \/><\/figure>\n\n\n\n<p>Su reciente mensaje sobre la disciplina, la maternidad y la responsabilidad personal parece marcar el tono de esta nueva etapa. Tras el final de una relaci\u00f3n que defini\u00f3 m\u00e1s de una d\u00e9cada de su vida, La Dura parece enfocada en avanzar con determinaci\u00f3n. Y, como ella misma dej\u00f3 claro en su publicaci\u00f3n, su principal motivaci\u00f3n sigue siendo una sola: su hija.<\/p>\n","protected":false},"excerpt":{"rendered":"<p>\u201cTambi\u00e9n recuerdo que el estilo de vida que me gusta tener depende \u00fanicamente de m\u00ed. Eso me hace levantarme, enfocarme y seguir adelante, incluso cuando no tengo ganas\u201d<\/p>\n","protected":false},"author":27,"featured_media":237201,"comment_status":"open","ping_status":"closed","sticky":false,"template":"","format":"standard","meta":{"_acf_changed":false,"footnotes":""},"categories":[443],"tags":[11050,14245,264,11445,6160,16488],"class_list":{"0":"post-237199","1":"post","2":"type-post","3":"status-publish","4":"format-standard","5":"has-post-thumbnail","7":"category-farandula","8":"tag-cubanos-en-miami","9":"tag-influencer-cubana","10":"tag-jacob-forever","11":"tag-la-dura","12":"tag-reguetoneros-cubanos","13":"tag-saisha-jacob"},"acf":[],"yoast_head":"<!-- This site is optimized with the Yoast SEO plugin v27.5 - https:\/\/yoast.com\/product\/yoast-seo-wordpress\/ -->\n<title>\u201cDe m\u00ed depende una familia\u201d: La Dura revela c\u00f3mo sigue adelante tras romper con Jacob Forever - Cuballama Noticias<\/title>\n<meta name=\"description\" content=\"La Dura dio de qu\u00e9 hablar en redes tras compartir una reflexi\u00f3n personal sobre la motivaci\u00f3n y la disciplina en su cuenta de Instagram\" \/>\n<meta name=\"robots\" content=\"index, follow, max-snippet:-1, max-image-preview:large, max-video-preview:-1\" \/>\n<link rel=\"canonical\" href=\"https:\/\/www.cuballama.com\/noticias\/de-mi-depende-una-familia-la-dura-revela-como-sigue-adelante-tras-romper-con-jacob-forever\/\" \/>\n<meta property=\"og:locale\" content=\"es_ES\" \/>\n<meta property=\"og:type\" content=\"article\" \/>\n<meta property=\"og:title\" content=\"\u201cDe m\u00ed depende una familia\u201d: La Dura revela c\u00f3mo sigue adelante tras romper con Jacob Forever - Cuballama Noticias\" \/>\n<meta property=\"og:description\" content=\"La Dura dio de qu\u00e9 hablar en redes tras compartir una reflexi\u00f3n personal sobre la motivaci\u00f3n y la disciplina en su cuenta de Instagram\" \/>\n<meta property=\"og:url\" content=\"https:\/\/www.cuballama.com\/noticias\/de-mi-depende-una-familia-la-dura-revela-como-sigue-adelante-tras-romper-con-jacob-forever\/\" \/>\n<meta property=\"og:site_name\" content=\"Cuballama Noticias\" \/>\n<meta property=\"article:publisher\" content=\"https:\/\/www.facebook.com\/CubaLlama\" \/>\n<meta property=\"article:published_time\" content=\"2026-03-05T14:31:23+00:00\" \/>\n<meta property=\"article:modified_time\" content=\"2026-03-05T14:31:26+00:00\" \/>\n<meta property=\"og:image\" content=\"https:\/\/cdn1.mediawpaccore.net\/wp-content\/uploads\/2026\/03\/05072754\/WhatsApp-Image-2026-03-05-at-13.27.32.jpeg\" \/>\n\t<meta property=\"og:image:width\" content=\"1866\" \/>\n\t<meta property=\"og:image:height\" content=\"1238\" \/>\n\t<meta property=\"og:image:type\" content=\"image\/jpeg\" \/>\n<meta name=\"author\" content=\"Rafa\" \/>\n<meta name=\"twitter:card\" content=\"summary_large_image\" \/>\n<meta name=\"twitter:creator\" content=\"@cuballama\" \/>\n<meta name=\"twitter:site\" content=\"@cuballama\" \/>\n<meta name=\"twitter:label1\" content=\"Escrito por\" \/>\n\t<meta name=\"twitter:data1\" content=\"Rafa\" \/>\n\t<meta name=\"twitter:label2\" content=\"Tiempo de lectura\" \/>\n\t<meta name=\"twitter:data2\" content=\"4 minutos\" \/>\n<script type=\"application\/ld+json\" class=\"yoast-schema-graph\">{\"@context\":\"https:\\\/\\\/schema.org\",\"@graph\":[{\"@type\":\"Article\",\"@id\":\"https:\\\/\\\/www.cuballama.com\\\/noticias\\\/de-mi-depende-una-familia-la-dura-revela-como-sigue-adelante-tras-romper-con-jacob-forever\\\/#article\",\"isPartOf\":{\"@id\":\"https:\\\/\\\/www.cuballama.com\\\/noticias\\\/de-mi-depende-una-familia-la-dura-revela-como-sigue-adelante-tras-romper-con-jacob-forever\\\/\"},\"author\":{\"name\":\"Rafa\",\"@id\":\"https:\\\/\\\/www.cuballama.com\\\/noticias\\\/#\\\/schema\\\/person\\\/0f97914526a658755f00e59ec2a832f2\"},\"headline\":\"\u201cDe m\u00ed depende una familia\u201d: La Dura revela c\u00f3mo sigue adelante tras romper con Jacob Forever\",\"datePublished\":\"2026-03-05T14:31:23+00:00\",\"dateModified\":\"2026-03-05T14:31:26+00:00\",\"mainEntityOfPage\":{\"@id\":\"https:\\\/\\\/www.cuballama.com\\\/noticias\\\/de-mi-depende-una-familia-la-dura-revela-como-sigue-adelante-tras-romper-con-jacob-forever\\\/\"},\"wordCount\":696,\"commentCount\":0,\"publisher\":{\"@id\":\"https:\\\/\\\/www.cuballama.com\\\/noticias\\\/#organization\"},\"image\":{\"@id\":\"https:\\\/\\\/www.cuballama.com\\\/noticias\\\/de-mi-depende-una-familia-la-dura-revela-como-sigue-adelante-tras-romper-con-jacob-forever\\\/#primaryimage\"},\"thumbnailUrl\":\"https:\\\/\\\/cdn1.mediawpaccore.net\\\/wp-content\\\/uploads\\\/2026\\\/03\\\/05072754\\\/WhatsApp-Image-2026-03-05-at-13.27.32.jpeg\",\"keywords\":[\"cubanos en Miami\",\"influencer cubana\",\"Jacob Forever\",\"La Dura\",\"Reguetoneros cubanos\",\"Saisha Jacob\"],\"articleSection\":[\"Far\u00e1ndula\"],\"inLanguage\":\"es\",\"potentialAction\":[{\"@type\":\"CommentAction\",\"name\":\"Comment\",\"target\":[\"https:\\\/\\\/www.cuballama.com\\\/noticias\\\/de-mi-depende-una-familia-la-dura-revela-como-sigue-adelante-tras-romper-con-jacob-forever\\\/#respond\"]}]},{\"@type\":\"WebPage\",\"@id\":\"https:\\\/\\\/www.cuballama.com\\\/noticias\\\/de-mi-depende-una-familia-la-dura-revela-como-sigue-adelante-tras-romper-con-jacob-forever\\\/\",\"url\":\"https:\\\/\\\/www.cuballama.com\\\/noticias\\\/de-mi-depende-una-familia-la-dura-revela-como-sigue-adelante-tras-romper-con-jacob-forever\\\/\",\"name\":\"\u201cDe m\u00ed depende una familia\u201d: La Dura revela c\u00f3mo sigue adelante tras romper con Jacob Forever - Cuballama Noticias\",\"isPartOf\":{\"@id\":\"https:\\\/\\\/www.cuballama.com\\\/noticias\\\/#website\"},\"primaryImageOfPage\":{\"@id\":\"https:\\\/\\\/www.cuballama.com\\\/noticias\\\/de-mi-depende-una-familia-la-dura-revela-como-sigue-adelante-tras-romper-con-jacob-forever\\\/#primaryimage\"},\"image\":{\"@id\":\"https:\\\/\\\/www.cuballama.com\\\/noticias\\\/de-mi-depende-una-familia-la-dura-revela-como-sigue-adelante-tras-romper-con-jacob-forever\\\/#primaryimage\"},\"thumbnailUrl\":\"https:\\\/\\\/cdn1.mediawpaccore.net\\\/wp-content\\\/uploads\\\/2026\\\/03\\\/05072754\\\/WhatsApp-Image-2026-03-05-at-13.27.32.jpeg\",\"datePublished\":\"2026-03-05T14:31:23+00:00\",\"dateModified\":\"2026-03-05T14:31:26+00:00\",\"description\":\"La Dura dio de qu\u00e9 hablar en redes tras compartir una reflexi\u00f3n personal sobre la motivaci\u00f3n y la disciplina en su cuenta de Instagram\",\"breadcrumb\":{\"@id\":\"https:\\\/\\\/www.cuballama.com\\\/noticias\\\/de-mi-depende-una-familia-la-dura-revela-como-sigue-adelante-tras-romper-con-jacob-forever\\\/#breadcrumb\"},\"inLanguage\":\"es\",\"potentialAction\":[{\"@type\":\"ReadAction\",\"target\":[\"https:\\\/\\\/www.cuballama.com\\\/noticias\\\/de-mi-depende-una-familia-la-dura-revela-como-sigue-adelante-tras-romper-con-jacob-forever\\\/\"]}]},{\"@type\":\"ImageObject\",\"inLanguage\":\"es\",\"@id\":\"https:\\\/\\\/www.cuballama.com\\\/noticias\\\/de-mi-depende-una-familia-la-dura-revela-como-sigue-adelante-tras-romper-con-jacob-forever\\\/#primaryimage\",\"url\":\"https:\\\/\\\/cdn1.mediawpaccore.net\\\/wp-content\\\/uploads\\\/2026\\\/03\\\/05072754\\\/WhatsApp-Image-2026-03-05-at-13.27.32.jpeg\",\"contentUrl\":\"https:\\\/\\\/cdn1.mediawpaccore.net\\\/wp-content\\\/uploads\\\/2026\\\/03\\\/05072754\\\/WhatsApp-Image-2026-03-05-at-13.27.32.jpeg\",\"width\":1866,\"height\":1238,\"caption\":\"La Dura revela su motivaci\u00f3n para seguir adelante tras romper con Jacob Forever. Foto: La Dura\\\/Instagram\"},{\"@type\":\"BreadcrumbList\",\"@id\":\"https:\\\/\\\/www.cuballama.com\\\/noticias\\\/de-mi-depende-una-familia-la-dura-revela-como-sigue-adelante-tras-romper-con-jacob-forever\\\/#breadcrumb\",\"itemListElement\":[{\"@type\":\"ListItem\",\"position\":1,\"name\":\"Home\",\"item\":\"https:\\\/\\\/www.cuballama.com\\\/noticias\\\/\"},{\"@type\":\"ListItem\",\"position\":2,\"name\":\"\u201cDe m\u00ed depende una familia\u201d: La Dura revela c\u00f3mo sigue adelante tras romper con Jacob Forever\"}]},{\"@type\":\"WebSite\",\"@id\":\"https:\\\/\\\/www.cuballama.com\\\/noticias\\\/#website\",\"url\":\"https:\\\/\\\/www.cuballama.com\\\/noticias\\\/\",\"name\":\"Cuballama Noticias\",\"description\":\"Medio digital sobre Cuba y el mundo\",\"publisher\":{\"@id\":\"https:\\\/\\\/www.cuballama.com\\\/noticias\\\/#organization\"},\"potentialAction\":[{\"@type\":\"SearchAction\",\"target\":{\"@type\":\"EntryPoint\",\"urlTemplate\":\"https:\\\/\\\/www.cuballama.com\\\/noticias\\\/?s={search_term_string}\"},\"query-input\":{\"@type\":\"PropertyValueSpecification\",\"valueRequired\":true,\"valueName\":\"search_term_string\"}}],\"inLanguage\":\"es\"},{\"@type\":\"Organization\",\"@id\":\"https:\\\/\\\/www.cuballama.com\\\/noticias\\\/#organization\",\"name\":\"Cuballama\",\"url\":\"https:\\\/\\\/www.cuballama.com\\\/noticias\\\/\",\"logo\":{\"@type\":\"ImageObject\",\"inLanguage\":\"es\",\"@id\":\"https:\\\/\\\/www.cuballama.com\\\/noticias\\\/#\\\/schema\\\/logo\\\/image\\\/\",\"url\":\"https:\\\/\\\/cdn1.mediawpaccore.net\\\/wp-content\\\/uploads\\\/2021\\\/12\\\/28171206\\\/cbll-logo-color-sm.png\",\"contentUrl\":\"https:\\\/\\\/cdn1.mediawpaccore.net\\\/wp-content\\\/uploads\\\/2021\\\/12\\\/28171206\\\/cbll-logo-color-sm.png\",\"width\":600,\"height\":133,\"caption\":\"Cuballama\"},\"image\":{\"@id\":\"https:\\\/\\\/www.cuballama.com\\\/noticias\\\/#\\\/schema\\\/logo\\\/image\\\/\"},\"sameAs\":[\"https:\\\/\\\/www.facebook.com\\\/CubaLlama\",\"https:\\\/\\\/x.com\\\/cuballama\",\"https:\\\/\\\/www.instagram.com\\\/stories\\\/cuballama_oficial\\\/\",\"https:\\\/\\\/www.youtube.com\\\/channel\\\/UCKkFE-d_axENGZcrc4as0IA\"]},{\"@type\":\"Person\",\"@id\":\"https:\\\/\\\/www.cuballama.com\\\/noticias\\\/#\\\/schema\\\/person\\\/0f97914526a658755f00e59ec2a832f2\",\"name\":\"Rafa\",\"url\":\"https:\\\/\\\/www.cuballama.com\\\/noticias\\\/author\\\/rafa\\\/\"}]}<\/script>\n<!-- \/ Yoast SEO plugin. -->","yoast_head_json":{"title":"\u201cDe m\u00ed depende una familia\u201d: La Dura revela c\u00f3mo sigue adelante tras romper con Jacob Forever - Cuballama Noticias","description":"La Dura dio de qu\u00e9 hablar en redes tras compartir una reflexi\u00f3n personal sobre la motivaci\u00f3n y la disciplina en su cuenta de Instagram","robots":{"index":"index","follow":"follow","max-snippet":"max-snippet:-1","max-image-preview":"max-image-preview:large","max-video-preview":"max-video-preview:-1"},"canonical":"https:\/\/www.cuballama.com\/noticias\/de-mi-depende-una-familia-la-dura-revela-como-sigue-adelante-tras-romper-con-jacob-forever\/","og_locale":"es_ES","og_type":"article","og_title":"\u201cDe m\u00ed depende una familia\u201d: La Dura revela c\u00f3mo sigue adelante tras romper con Jacob Forever - Cuballama Noticias","og_description":"La Dura dio de qu\u00e9 hablar en redes tras compartir una reflexi\u00f3n personal sobre la motivaci\u00f3n y la disciplina en su cuenta de Instagram","og_url":"https:\/\/www.cuballama.com\/noticias\/de-mi-depende-una-familia-la-dura-revela-como-sigue-adelante-tras-romper-con-jacob-forever\/","og_site_name":"Cuballama Noticias","article_publisher":"https:\/\/www.facebook.com\/CubaLlama","article_published_time":"2026-03-05T14:31:23+00:00","article_modified_time":"2026-03-05T14:31:26+00:00","og_image":[{"width":1866,"height":1238,"url":"https:\/\/cdn1.mediawpaccore.net\/wp-content\/uploads\/2026\/03\/05072754\/WhatsApp-Image-2026-03-05-at-13.27.32.jpeg","type":"image\/jpeg"}],"author":"Rafa","twitter_card":"summary_large_image","twitter_creator":"@cuballama","twitter_site":"@cuballama","twitter_misc":{"Escrito por":"Rafa","Tiempo de lectura":"4 minutos"},"schema":{"@context":"https:\/\/schema.org","@graph":[{"@type":"Article","@id":"https:\/\/www.cuballama.com\/noticias\/de-mi-depende-una-familia-la-dura-revela-como-sigue-adelante-tras-romper-con-jacob-forever\/#article","isPartOf":{"@id":"https:\/\/www.cuballama.com\/noticias\/de-mi-depende-una-familia-la-dura-revela-como-sigue-adelante-tras-romper-con-jacob-forever\/"},"author":{"name":"Rafa","@id":"https:\/\/www.cuballama.com\/noticias\/#\/schema\/person\/0f97914526a658755f00e59ec2a832f2"},"headline":"\u201cDe m\u00ed depende una familia\u201d: La Dura revela c\u00f3mo sigue adelante tras romper con Jacob Forever","datePublished":"2026-03-05T14:31:23+00:00","dateModified":"2026-03-05T14:31:26+00:00","mainEntityOfPage":{"@id":"https:\/\/www.cuballama.com\/noticias\/de-mi-depende-una-familia-la-dura-revela-como-sigue-adelante-tras-romper-con-jacob-forever\/"},"wordCount":696,"commentCount":0,"publisher":{"@id":"https:\/\/www.cuballama.com\/noticias\/#organization"},"image":{"@id":"https:\/\/www.cuballama.com\/noticias\/de-mi-depende-una-familia-la-dura-revela-como-sigue-adelante-tras-romper-con-jacob-forever\/#primaryimage"},"thumbnailUrl":"https:\/\/cdn1.mediawpaccore.net\/wp-content\/uploads\/2026\/03\/05072754\/WhatsApp-Image-2026-03-05-at-13.27.32.jpeg","keywords":["cubanos en Miami","influencer cubana","Jacob Forever","La Dura","Reguetoneros cubanos","Saisha Jacob"],"articleSection":["Far\u00e1ndula"],"inLanguage":"es","potentialAction":[{"@type":"CommentAction","name":"Comment","target":["https:\/\/www.cuballama.com\/noticias\/de-mi-depende-una-familia-la-dura-revela-como-sigue-adelante-tras-romper-con-jacob-forever\/#respond"]}]},{"@type":"WebPage","@id":"https:\/\/www.cuballama.com\/noticias\/de-mi-depende-una-familia-la-dura-revela-como-sigue-adelante-tras-romper-con-jacob-forever\/","url":"https:\/\/www.cuballama.com\/noticias\/de-mi-depende-una-familia-la-dura-revela-como-sigue-adelante-tras-romper-con-jacob-forever\/","name":"\u201cDe m\u00ed depende una familia\u201d: La Dura revela c\u00f3mo sigue adelante tras romper con Jacob Forever - Cuballama Noticias","isPartOf":{"@id":"https:\/\/www.cuballama.com\/noticias\/#website"},"primaryImageOfPage":{"@id":"https:\/\/www.cuballama.com\/noticias\/de-mi-depende-una-familia-la-dura-revela-como-sigue-adelante-tras-romper-con-jacob-forever\/#primaryimage"},"image":{"@id":"https:\/\/www.cuballama.com\/noticias\/de-mi-depende-una-familia-la-dura-revela-como-sigue-adelante-tras-romper-con-jacob-forever\/#primaryimage"},"thumbnailUrl":"https:\/\/cdn1.mediawpaccore.net\/wp-content\/uploads\/2026\/03\/05072754\/WhatsApp-Image-2026-03-05-at-13.27.32.jpeg","datePublished":"2026-03-05T14:31:23+00:00","dateModified":"2026-03-05T14:31:26+00:00","description":"La Dura dio de qu\u00e9 hablar en redes tras compartir una reflexi\u00f3n personal sobre la motivaci\u00f3n y la disciplina en su cuenta de Instagram","breadcrumb":{"@id":"https:\/\/www.cuballama.com\/noticias\/de-mi-depende-una-familia-la-dura-revela-como-sigue-adelante-tras-romper-con-jacob-forever\/#breadcrumb"},"inLanguage":"es","potentialAction":[{"@type":"ReadAction","target":["https:\/\/www.cuballama.com\/noticias\/de-mi-depende-una-familia-la-dura-revela-como-sigue-adelante-tras-romper-con-jacob-forever\/"]}]},{"@type":"ImageObject","inLanguage":"es","@id":"https:\/\/www.cuballama.com\/noticias\/de-mi-depende-una-familia-la-dura-revela-como-sigue-adelante-tras-romper-con-jacob-forever\/#primaryimage","url":"https:\/\/cdn1.mediawpaccore.net\/wp-content\/uploads\/2026\/03\/05072754\/WhatsApp-Image-2026-03-05-at-13.27.32.jpeg","contentUrl":"https:\/\/cdn1.mediawpaccore.net\/wp-content\/uploads\/2026\/03\/05072754\/WhatsApp-Image-2026-03-05-at-13.27.32.jpeg","width":1866,"height":1238,"caption":"La Dura revela su motivaci\u00f3n para seguir adelante tras romper con Jacob Forever. Foto: La Dura\/Instagram"},{"@type":"BreadcrumbList","@id":"https:\/\/www.cuballama.com\/noticias\/de-mi-depende-una-familia-la-dura-revela-como-sigue-adelante-tras-romper-con-jacob-forever\/#breadcrumb","itemListElement":[{"@type":"ListItem","position":1,"name":"Home","item":"https:\/\/www.cuballama.com\/noticias\/"},{"@type":"ListItem","position":2,"name":"\u201cDe m\u00ed depende una familia\u201d: La Dura revela c\u00f3mo sigue adelante tras romper con Jacob Forever"}]},{"@type":"WebSite","@id":"https:\/\/www.cuballama.com\/noticias\/#website","url":"https:\/\/www.cuballama.com\/noticias\/","name":"Cuballama Noticias","description":"Medio digital sobre Cuba y el mundo","publisher":{"@id":"https:\/\/www.cuballama.com\/noticias\/#organization"},"potentialAction":[{"@type":"SearchAction","target":{"@type":"EntryPoint","urlTemplate":"https:\/\/www.cuballama.com\/noticias\/?s={search_term_string}"},"query-input":{"@type":"PropertyValueSpecification","valueRequired":true,"valueName":"search_term_string"}}],"inLanguage":"es"},{"@type":"Organization","@id":"https:\/\/www.cuballama.com\/noticias\/#organization","name":"Cuballama","url":"https:\/\/www.cuballama.com\/noticias\/","logo":{"@type":"ImageObject","inLanguage":"es","@id":"https:\/\/www.cuballama.com\/noticias\/#\/schema\/logo\/image\/","url":"https:\/\/cdn1.mediawpaccore.net\/wp-content\/uploads\/2021\/12\/28171206\/cbll-logo-color-sm.png","contentUrl":"https:\/\/cdn1.mediawpaccore.net\/wp-content\/uploads\/2021\/12\/28171206\/cbll-logo-color-sm.png","width":600,"height":133,"caption":"Cuballama"},"image":{"@id":"https:\/\/www.cuballama.com\/noticias\/#\/schema\/logo\/image\/"},"sameAs":["https:\/\/www.facebook.com\/CubaLlama","https:\/\/x.com\/cuballama","https:\/\/www.instagram.com\/stories\/cuballama_oficial\/","https:\/\/www.youtube.com\/channel\/UCKkFE-d_axENGZcrc4as0IA"]},{"@type":"Person","@id":"https:\/\/www.cuballama.com\/noticias\/#\/schema\/person\/0f97914526a658755f00e59ec2a832f2","name":"Rafa","url":"https:\/\/www.cuballama.com\/noticias\/author\/rafa\/"}]}},"_links":{"self":[{"href":"https:\/\/www.cuballama.com\/noticias\/wp-json\/wp\/v2\/posts\/237199","targetHints":{"allow":["GET"]}}],"collection":[{"href":"https:\/\/www.cuballama.com\/noticias\/wp-json\/wp\/v2\/posts"}],"about":[{"href":"https:\/\/www.cuballama.com\/noticias\/wp-json\/wp\/v2\/types\/post"}],"author":[{"embeddable":true,"href":"https:\/\/www.cuballama.com\/noticias\/wp-json\/wp\/v2\/users\/27"}],"replies":[{"embeddable":true,"href":"https:\/\/www.cuballama.com\/noticias\/wp-json\/wp\/v2\/comments?post=237199"}],"version-history":[{"count":1,"href":"https:\/\/www.cuballama.com\/noticias\/wp-json\/wp\/v2\/posts\/237199\/revisions"}],"predecessor-version":[{"id":237234,"href":"https:\/\/www.cuballama.com\/noticias\/wp-json\/wp\/v2\/posts\/237199\/revisions\/237234"}],"wp:featuredmedia":[{"embeddable":true,"href":"https:\/\/www.cuballama.com\/noticias\/wp-json\/wp\/v2\/media\/237201"}],"wp:attachment":[{"href":"https:\/\/www.cuballama.com\/noticias\/wp-json\/wp\/v2\/media?parent=237199"}],"wp:term":[{"taxonomy":"category","embeddable":true,"href":"https:\/\/www.cuballama.com\/noticias\/wp-json\/wp\/v2\/categories?post=237199"},{"taxonomy":"post_tag","embeddable":true,"href":"https:\/\/www.cuballama.com\/noticias\/wp-json\/wp\/v2\/tags?post=237199"}],"curies":[{"name":"wp","href":"https:\/\/api.w.org\/{rel}","templated":true}]}}