{"id":237185,"date":"2026-03-05T09:13:06","date_gmt":"2026-03-05T14:13:06","guid":{"rendered":"https:\/\/www.cuballama.com\/noticias\/?p=237185"},"modified":"2026-03-05T09:13:09","modified_gmt":"2026-03-05T14:13:09","slug":"este-es-mi-heredero-conoce-al-unico-hijo-de-eduardo-antonio-un-exitoso-chef-que-vive-en-mexico","status":"publish","type":"post","link":"https:\/\/www.cuballama.com\/noticias\/este-es-mi-heredero-conoce-al-unico-hijo-de-eduardo-antonio-un-exitoso-chef-que-vive-en-mexico\/","title":{"rendered":"\u201cEste es mi heredero\u201d: Conoce al \u00fanico hijo de Eduardo Antonio, un exitoso chef que vive en M\u00e9xico"},"content":{"rendered":"\n<p>El cantante cubano Eduardo Antonio, conocido como el Divo de Placetas, ha vuelto a captar la atenci\u00f3n del p\u00fablico gracias a su participaci\u00f3n en el reality show \u201cLa casa de los famosos\u201d de Telemundo. Pero, m\u00e1s all\u00e1 de sus extravagantes atuendos y su personalidad teatral, hay un aspecto de su vida que despierta curiosidad entre sus seguidores: su relaci\u00f3n con su \u00fanico hijo, un joven de 26 a\u00f1os que ha preferido mantenerse lejos del foco medi\u00e1tico.<\/p>\n\n\n\n<h2 class=\"wp-block-heading\">La trayectoria de Eduardo Antonio, el Divo de Placetas<\/h2>\n\n\n\n<p>A lo largo de su carrera, Eduardo Antonio ha sido una figura pol\u00e9mica y carism\u00e1tica dentro del entretenimiento latino. Nacido en Placetas, Cuba, el artista construy\u00f3 gran parte de su trayectoria en M\u00e9xico, donde destac\u00f3 como actor y cantante. All\u00ed se dio a conocer por su participaci\u00f3n en la televisi\u00f3n y por interpretar el tema principal del popular programa \u201cMujer\u2026 Casos de la vida real\u201d. Con el paso de los a\u00f1os se traslad\u00f3 a Miami, desde donde ha continuado su carrera musical y medi\u00e1tica.<\/p>\n\n\n\n<p>Su estilo glamoroso y su presencia en la televisi\u00f3n hispana le valieron el apodo de \u201cDivo de Placetas\u201d, sobrenombre que le otorg\u00f3 el presentador Don Francisco. En tiempos m\u00e1s recientes tambi\u00e9n se ha abierto camino como creador de contenido en redes sociales, donde comparte momentos de su vida personal y profesional.<\/p>\n\n\n\n<h2 class=\"wp-block-heading\">Eduardo Antonio Jr., el hijo de 26 a\u00f1os del Divo de Placetas<\/h2>\n\n\n\n<p>Pese a su vida p\u00fablica, hay una parte de su familia que permanece casi completamente fuera de los reflectores. Se trata de Eduardo Antonio Jr. Jim\u00e9nez, su hijo de 26 a\u00f1os, fruto de una relaci\u00f3n que el cantante tuvo con una mujer a\u00f1os atr\u00e1s. La existencia del joven nunca ha sido un secreto, aunque s\u00ed ha mantenido un perfil discreto y no se conoce qui\u00e9n es la madre.<\/p>\n\n\n\n<figure class=\"wp-block-image size-large\"><img loading=\"lazy\" decoding=\"async\" width=\"856\" height=\"1024\" src=\"https:\/\/cdn1.mediawpaccore.net\/wp-content\/uploads\/2026\/03\/05090841\/El-divo-de-Placetas-y-su-hijo-Eduardo-Antonio-Jr-856x1024.png\" alt=\"\" class=\"wp-image-237225\" srcset=\"https:\/\/cdn1.mediawpaccore.net\/wp-content\/uploads\/2026\/03\/05090841\/El-divo-de-Placetas-y-su-hijo-Eduardo-Antonio-Jr-856x1024.png 856w, https:\/\/cdn1.mediawpaccore.net\/wp-content\/uploads\/2026\/03\/05090841\/El-divo-de-Placetas-y-su-hijo-Eduardo-Antonio-Jr-251x300.png 251w, https:\/\/cdn1.mediawpaccore.net\/wp-content\/uploads\/2026\/03\/05090841\/El-divo-de-Placetas-y-su-hijo-Eduardo-Antonio-Jr-768x919.png 768w, https:\/\/cdn1.mediawpaccore.net\/wp-content\/uploads\/2026\/03\/05090841\/El-divo-de-Placetas-y-su-hijo-Eduardo-Antonio-Jr-351x420.png 351w, https:\/\/cdn1.mediawpaccore.net\/wp-content\/uploads\/2026\/03\/05090841\/El-divo-de-Placetas-y-su-hijo-Eduardo-Antonio-Jr-150x179.png 150w, https:\/\/cdn1.mediawpaccore.net\/wp-content\/uploads\/2026\/03\/05090841\/El-divo-de-Placetas-y-su-hijo-Eduardo-Antonio-Jr-300x359.png 300w, https:\/\/cdn1.mediawpaccore.net\/wp-content\/uploads\/2026\/03\/05090841\/El-divo-de-Placetas-y-su-hijo-Eduardo-Antonio-Jr-696x832.png 696w, https:\/\/cdn1.mediawpaccore.net\/wp-content\/uploads\/2026\/03\/05090841\/El-divo-de-Placetas-y-su-hijo-Eduardo-Antonio-Jr-1068x1277.png 1068w, https:\/\/cdn1.mediawpaccore.net\/wp-content\/uploads\/2026\/03\/05090841\/El-divo-de-Placetas-y-su-hijo-Eduardo-Antonio-Jr.png 1224w\" sizes=\"auto, (max-width: 856px) 100vw, 856px\" \/><\/figure>\n\n\n\n<p>Seg\u00fan ha contado Roy Garc\u00eda, esposo del artista, el joven no est\u00e1 interesado en la fama. \u201cSe llama Eduardo Antonio tambi\u00e9n. \u00c9l no es p\u00fablico; no le gusta la vida p\u00fablica\u201d, coment\u00f3 recientemente a People en Espa\u00f1ol. Actualmente, Eduardo Jr. vive en Ciudad de M\u00e9xico, donde trabaja como chef.<\/p>\n\n\n\n<h2 class=\"wp-block-heading\">La relaci\u00f3n entre el Divo de Placetas y su hijo mexicano<\/h2>\n\n\n\n<p>Aunque padre e hijo residen en pa\u00edses distintos, todo indica que mantienen un v\u00ednculo cercano. De hecho, se sabe que el joven apoya a su padre durante su participaci\u00f3n en \u201cLa casa de los famosos\u201d. Dentro del programa, el propio artista ha hecho bromas sobre la curiosa coincidencia de edades en su familia: su hijo tiene 26 a\u00f1os y su esposo Roy 29.<\/p>\n\n\n\n<blockquote class=\"instagram-media\" data-instgrm-captioned data-instgrm-permalink=\"https:\/\/www.instagram.com\/tv\/CBskMVLDBMn\/?utm_source=ig_embed&amp;utm_campaign=loading\" data-instgrm-version=\"14\" style=\" background:#FFF; border:0; border-radius:3px; box-shadow:0 0 1px 0 rgba(0,0,0,0.5),0 1px 10px 0 rgba(0,0,0,0.15); margin: 1px; max-width:540px; min-width:326px; padding:0; width:99.375%; width:-webkit-calc(100% - 2px); width:calc(100% - 2px);\"><div style=\"padding:16px;\"> <a href=\"https:\/\/www.instagram.com\/tv\/CBskMVLDBMn\/?utm_source=ig_embed&amp;utm_campaign=loading\" style=\" background:#FFFFFF; line-height:0; padding:0 0; text-align:center; text-decoration:none; width:100%;\" target=\"_blank\"> <div style=\" display: flex; flex-direction: row; align-items: center;\"> <div style=\"background-color: #F4F4F4; border-radius: 50%; flex-grow: 0; height: 40px; margin-right: 14px; width: 40px;\"><\/div> <div style=\"display: flex; flex-direction: column; flex-grow: 1; justify-content: center;\"> <div style=\" background-color: #F4F4F4; border-radius: 4px; flex-grow: 0; height: 14px; margin-bottom: 6px; width: 100px;\"><\/div> <div style=\" background-color: #F4F4F4; border-radius: 4px; flex-grow: 0; height: 14px; width: 60px;\"><\/div><\/div><\/div><div style=\"padding: 19% 0;\"><\/div> <div style=\"display:block; height:50px; margin:0 auto 12px; width:50px;\"><svg width=\"50px\" height=\"50px\" viewBox=\"0 0 60 60\" version=\"1.1\" xmlns=\"https:\/\/www.w3.org\/2000\/svg\" xmlns:xlink=\"https:\/\/www.w3.org\/1999\/xlink\"><g stroke=\"none\" stroke-width=\"1\" fill=\"none\" fill-rule=\"evenodd\"><g transform=\"translate(-511.000000, -20.000000)\" fill=\"#000000\"><g><path d=\"M556.869,30.41 C554.814,30.41 553.148,32.076 553.148,34.131 C553.148,36.186 554.814,37.852 556.869,37.852 C558.924,37.852 560.59,36.186 560.59,34.131 C560.59,32.076 558.924,30.41 556.869,30.41 M541,60.657 C535.114,60.657 530.342,55.887 530.342,50 C530.342,44.114 535.114,39.342 541,39.342 C546.887,39.342 551.658,44.114 551.658,50 C551.658,55.887 546.887,60.657 541,60.657 M541,33.886 C532.1,33.886 524.886,41.1 524.886,50 C524.886,58.899 532.1,66.113 541,66.113 C549.9,66.113 557.115,58.899 557.115,50 C557.115,41.1 549.9,33.886 541,33.886 M565.378,62.101 C565.244,65.022 564.756,66.606 564.346,67.663 C563.803,69.06 563.154,70.057 562.106,71.106 C561.058,72.155 560.06,72.803 558.662,73.347 C557.607,73.757 556.021,74.244 553.102,74.378 C549.944,74.521 548.997,74.552 541,74.552 C533.003,74.552 532.056,74.521 528.898,74.378 C525.979,74.244 524.393,73.757 523.338,73.347 C521.94,72.803 520.942,72.155 519.894,71.106 C518.846,70.057 518.197,69.06 517.654,67.663 C517.244,66.606 516.755,65.022 516.623,62.101 C516.479,58.943 516.448,57.996 516.448,50 C516.448,42.003 516.479,41.056 516.623,37.899 C516.755,34.978 517.244,33.391 517.654,32.338 C518.197,30.938 518.846,29.942 519.894,28.894 C520.942,27.846 521.94,27.196 523.338,26.654 C524.393,26.244 525.979,25.756 528.898,25.623 C532.057,25.479 533.004,25.448 541,25.448 C548.997,25.448 549.943,25.479 553.102,25.623 C556.021,25.756 557.607,26.244 558.662,26.654 C560.06,27.196 561.058,27.846 562.106,28.894 C563.154,29.942 563.803,30.938 564.346,32.338 C564.756,33.391 565.244,34.978 565.378,37.899 C565.522,41.056 565.552,42.003 565.552,50 C565.552,57.996 565.522,58.943 565.378,62.101 M570.82,37.631 C570.674,34.438 570.167,32.258 569.425,30.349 C568.659,28.377 567.633,26.702 565.965,25.035 C564.297,23.368 562.623,22.342 560.652,21.575 C558.743,20.834 556.562,20.326 553.369,20.18 C550.169,20.033 549.148,20 541,20 C532.853,20 531.831,20.033 528.631,20.18 C525.438,20.326 523.257,20.834 521.349,21.575 C519.376,22.342 517.703,23.368 516.035,25.035 C514.368,26.702 513.342,28.377 512.574,30.349 C511.834,32.258 511.326,34.438 511.181,37.631 C511.035,40.831 511,41.851 511,50 C511,58.147 511.035,59.17 511.181,62.369 C511.326,65.562 511.834,67.743 512.574,69.651 C513.342,71.625 514.368,73.296 516.035,74.965 C517.703,76.634 519.376,77.658 521.349,78.425 C523.257,79.167 525.438,79.673 528.631,79.82 C531.831,79.965 532.853,80.001 541,80.001 C549.148,80.001 550.169,79.965 553.369,79.82 C556.562,79.673 558.743,79.167 560.652,78.425 C562.623,77.658 564.297,76.634 565.965,74.965 C567.633,73.296 568.659,71.625 569.425,69.651 C570.167,67.743 570.674,65.562 570.82,62.369 C570.966,59.17 571,58.147 571,50 C571,41.851 570.966,40.831 570.82,37.631\"><\/path><\/g><\/g><\/g><\/svg><\/div><div style=\"padding-top: 8px;\"> <div style=\" color:#3897f0; font-family:Arial,sans-serif; font-size:14px; font-style:normal; font-weight:550; line-height:18px;\">Ver esta publicaci\u00f3n en Instagram<\/div><\/div><div style=\"padding: 12.5% 0;\"><\/div> <div style=\"display: flex; flex-direction: row; margin-bottom: 14px; align-items: center;\"><div> <div style=\"background-color: #F4F4F4; border-radius: 50%; height: 12.5px; width: 12.5px; transform: translateX(0px) translateY(7px);\"><\/div> <div style=\"background-color: #F4F4F4; height: 12.5px; transform: rotate(-45deg) translateX(3px) translateY(1px); width: 12.5px; flex-grow: 0; margin-right: 14px; margin-left: 2px;\"><\/div> <div style=\"background-color: #F4F4F4; border-radius: 50%; height: 12.5px; width: 12.5px; transform: translateX(9px) translateY(-18px);\"><\/div><\/div><div style=\"margin-left: 8px;\"> <div style=\" background-color: #F4F4F4; border-radius: 50%; flex-grow: 0; height: 20px; width: 20px;\"><\/div> <div style=\" width: 0; height: 0; border-top: 2px solid transparent; border-left: 6px solid #f4f4f4; border-bottom: 2px solid transparent; transform: translateX(16px) translateY(-4px) rotate(30deg)\"><\/div><\/div><div style=\"margin-left: auto;\"> <div style=\" width: 0px; border-top: 8px solid #F4F4F4; border-right: 8px solid transparent; transform: translateY(16px);\"><\/div> <div style=\" background-color: #F4F4F4; flex-grow: 0; height: 12px; width: 16px; transform: translateY(-4px);\"><\/div> <div style=\" width: 0; height: 0; border-top: 8px solid #F4F4F4; border-left: 8px solid transparent; transform: translateY(-4px) translateX(8px);\"><\/div><\/div><\/div> <div style=\"display: flex; flex-direction: column; flex-grow: 1; justify-content: center; margin-bottom: 24px;\"> <div style=\" background-color: #F4F4F4; border-radius: 4px; flex-grow: 0; height: 14px; margin-bottom: 6px; width: 224px;\"><\/div> <div style=\" background-color: #F4F4F4; border-radius: 4px; flex-grow: 0; height: 14px; width: 144px;\"><\/div><\/div><\/a><p style=\" color:#c9c8cd; font-family:Arial,sans-serif; font-size:14px; line-height:17px; margin-bottom:0; margin-top:8px; overflow:hidden; padding:8px 0 7px; text-align:center; text-overflow:ellipsis; white-space:nowrap;\"><a href=\"https:\/\/www.instagram.com\/tv\/CBskMVLDBMn\/?utm_source=ig_embed&amp;utm_campaign=loading\" style=\" color:#c9c8cd; font-family:Arial,sans-serif; font-size:14px; font-style:normal; font-weight:normal; line-height:17px; text-decoration:none;\" target=\"_blank\">Una publicaci\u00f3n compartida de EL DIVO DE CUBA . EDUARDO ANTONIO (@eldivodeplacetas)<\/a><\/p><\/div><\/blockquote>\n<script async src=\"\/\/www.instagram.com\/embed.js\"><\/script>\n\n\n\n<p>En redes sociales, las apariciones del joven son escasas. Sin embargo, en algunas publicaciones del pasado el cantante ha dejado ver el profundo cari\u00f1o que siente por \u00e9l. En una publicaci\u00f3n de 2018 lo describi\u00f3 como \u201cmi gran amor y el regalo m\u00e1s lindo que Dios me dio\u201d. A\u00f1os despu\u00e9s, en 2022, volvi\u00f3 a mencionarlo con palabras igual de emotivas, llam\u00e1ndolo \u201cmi heredero\u201d y tambi\u00e9n su \u201ctal\u00f3n de Aquiles\u201d.<\/p>\n\n\n\n<p><strong>Lea m\u00e1s: <a href=\"https:\/\/www.cuballama.com\/noticias\/eres-un-lamehuevos-de-angela-aguilar-eduardo-antonio-insulta-a-kunno-en-lcdlf\/\" target=\"_blank\" rel=\"noreferrer noopener\">\u201cEres un lamehuevos de \u00c1ngela Aguilar\u201d: Eduardo Antonio insulta a Kunno en LCDLF<\/a><\/strong><\/p>\n\n\n\n<p>\u201cMi var\u00f3n. Me sali\u00f3 alto y guapo. Ah, y el mejor chef. \u00bfQu\u00e9 les puedo decir? yo soy su pap\u00e1 y lo adoro\u201d, escribi\u00f3 entonces el artista, dejando claro el orgullo que siente por el joven.<\/p>\n\n\n\n<h2 class=\"wp-block-heading\">Eduardo Antonio Jr. y una vida lejos de la fama<\/h2>\n\n\n\n<p>Aunque Eduardo Antonio Jr. ha elegido una vida lejos de los escenarios y las c\u00e1maras, su presencia sigue siendo fundamental en la vida del Divo de Placetas. Para el cantante, m\u00e1s all\u00e1 del glamour, los shows y las pol\u00e9micas, su hijo contin\u00faa siendo una de las personas m\u00e1s importantes de su historia personal.<\/p>\n","protected":false},"excerpt":{"rendered":"<p>La existencia del joven nunca ha sido un secreto, aunque s\u00ed ha mantenido un perfil discreto y no se conoce p\u00fablicamente qui\u00e9n es la madre<\/p>\n","protected":false},"author":27,"featured_media":237193,"comment_status":"open","ping_status":"closed","sticky":false,"template":"","format":"standard","meta":{"_acf_changed":false,"footnotes":""},"categories":[443],"tags":[11307,15077,281,18077],"class_list":{"0":"post-237185","1":"post","2":"type-post","3":"status-publish","4":"format-standard","5":"has-post-thumbnail","7":"category-farandula","8":"tag-eduardo-antonio","9":"tag-el-divo-de-placetas","10":"tag-mexico","11":"tag-roy-garcia"},"acf":[],"yoast_head":"<!-- This site is optimized with the Yoast SEO plugin v27.4 - https:\/\/yoast.com\/product\/yoast-seo-wordpress\/ -->\n<title>\u201cEste es mi heredero\u201d: Conoce al \u00fanico hijo de Eduardo Antonio, un exitoso chef que vive en M\u00e9xico - Cuballama Noticias<\/title>\n<meta name=\"description\" content=\"Se trata de Eduardo Antonio Jr. Jim\u00e9nez, su hijo de 26 a\u00f1os, fruto de una relaci\u00f3n que el cantante tuvo con una mujer a\u00f1os atr\u00e1s\" \/>\n<meta name=\"robots\" content=\"index, follow, max-snippet:-1, max-image-preview:large, max-video-preview:-1\" \/>\n<link rel=\"canonical\" href=\"https:\/\/www.cuballama.com\/noticias\/este-es-mi-heredero-conoce-al-unico-hijo-de-eduardo-antonio-un-exitoso-chef-que-vive-en-mexico\/\" \/>\n<meta property=\"og:locale\" content=\"es_ES\" \/>\n<meta property=\"og:type\" content=\"article\" \/>\n<meta property=\"og:title\" content=\"\u201cEste es mi heredero\u201d: Conoce al \u00fanico hijo de Eduardo Antonio, un exitoso chef que vive en M\u00e9xico - Cuballama Noticias\" \/>\n<meta property=\"og:description\" content=\"Se trata de Eduardo Antonio Jr. Jim\u00e9nez, su hijo de 26 a\u00f1os, fruto de una relaci\u00f3n que el cantante tuvo con una mujer a\u00f1os atr\u00e1s\" \/>\n<meta property=\"og:url\" content=\"https:\/\/www.cuballama.com\/noticias\/este-es-mi-heredero-conoce-al-unico-hijo-de-eduardo-antonio-un-exitoso-chef-que-vive-en-mexico\/\" \/>\n<meta property=\"og:site_name\" content=\"Cuballama Noticias\" \/>\n<meta property=\"article:publisher\" content=\"https:\/\/www.facebook.com\/CubaLlama\" \/>\n<meta property=\"article:published_time\" content=\"2026-03-05T14:13:06+00:00\" \/>\n<meta property=\"article:modified_time\" content=\"2026-03-05T14:13:09+00:00\" \/>\n<meta property=\"og:image\" content=\"https:\/\/cdn1.mediawpaccore.net\/wp-content\/uploads\/2026\/03\/05070831\/Captura-de-pantalla-2026-03-05-a-las-13.07.30-1024x691.png\" \/>\n\t<meta property=\"og:image:width\" content=\"1024\" \/>\n\t<meta property=\"og:image:height\" content=\"691\" \/>\n\t<meta property=\"og:image:type\" content=\"image\/png\" \/>\n<meta name=\"author\" content=\"Rafa\" \/>\n<meta name=\"twitter:card\" content=\"summary_large_image\" \/>\n<meta name=\"twitter:creator\" content=\"@cuballama\" \/>\n<meta name=\"twitter:site\" content=\"@cuballama\" \/>\n<meta name=\"twitter:label1\" content=\"Escrito por\" \/>\n\t<meta name=\"twitter:data1\" content=\"Rafa\" \/>\n\t<meta name=\"twitter:label2\" content=\"Tiempo de lectura\" \/>\n\t<meta name=\"twitter:data2\" content=\"4 minutos\" \/>\n<script type=\"application\/ld+json\" class=\"yoast-schema-graph\">{\"@context\":\"https:\\\/\\\/schema.org\",\"@graph\":[{\"@type\":\"Article\",\"@id\":\"https:\\\/\\\/www.cuballama.com\\\/noticias\\\/este-es-mi-heredero-conoce-al-unico-hijo-de-eduardo-antonio-un-exitoso-chef-que-vive-en-mexico\\\/#article\",\"isPartOf\":{\"@id\":\"https:\\\/\\\/www.cuballama.com\\\/noticias\\\/este-es-mi-heredero-conoce-al-unico-hijo-de-eduardo-antonio-un-exitoso-chef-que-vive-en-mexico\\\/\"},\"author\":{\"name\":\"Rafa\",\"@id\":\"https:\\\/\\\/www.cuballama.com\\\/noticias\\\/#\\\/schema\\\/person\\\/0f97914526a658755f00e59ec2a832f2\"},\"headline\":\"\u201cEste es mi heredero\u201d: Conoce al \u00fanico hijo de Eduardo Antonio, un exitoso chef que vive en M\u00e9xico\",\"datePublished\":\"2026-03-05T14:13:06+00:00\",\"dateModified\":\"2026-03-05T14:13:09+00:00\",\"mainEntityOfPage\":{\"@id\":\"https:\\\/\\\/www.cuballama.com\\\/noticias\\\/este-es-mi-heredero-conoce-al-unico-hijo-de-eduardo-antonio-un-exitoso-chef-que-vive-en-mexico\\\/\"},\"wordCount\":688,\"commentCount\":0,\"publisher\":{\"@id\":\"https:\\\/\\\/www.cuballama.com\\\/noticias\\\/#organization\"},\"image\":{\"@id\":\"https:\\\/\\\/www.cuballama.com\\\/noticias\\\/este-es-mi-heredero-conoce-al-unico-hijo-de-eduardo-antonio-un-exitoso-chef-que-vive-en-mexico\\\/#primaryimage\"},\"thumbnailUrl\":\"https:\\\/\\\/cdn1.mediawpaccore.net\\\/wp-content\\\/uploads\\\/2026\\\/03\\\/05070831\\\/Captura-de-pantalla-2026-03-05-a-las-13.07.30.png\",\"keywords\":[\"Eduardo Antonio\",\"El Divo de Placetas\",\"M\u00e9xico\",\"Roy Garc\u00eda\"],\"articleSection\":[\"Far\u00e1ndula\"],\"inLanguage\":\"es\",\"potentialAction\":[{\"@type\":\"CommentAction\",\"name\":\"Comment\",\"target\":[\"https:\\\/\\\/www.cuballama.com\\\/noticias\\\/este-es-mi-heredero-conoce-al-unico-hijo-de-eduardo-antonio-un-exitoso-chef-que-vive-en-mexico\\\/#respond\"]}]},{\"@type\":\"WebPage\",\"@id\":\"https:\\\/\\\/www.cuballama.com\\\/noticias\\\/este-es-mi-heredero-conoce-al-unico-hijo-de-eduardo-antonio-un-exitoso-chef-que-vive-en-mexico\\\/\",\"url\":\"https:\\\/\\\/www.cuballama.com\\\/noticias\\\/este-es-mi-heredero-conoce-al-unico-hijo-de-eduardo-antonio-un-exitoso-chef-que-vive-en-mexico\\\/\",\"name\":\"\u201cEste es mi heredero\u201d: Conoce al \u00fanico hijo de Eduardo Antonio, un exitoso chef que vive en M\u00e9xico - Cuballama Noticias\",\"isPartOf\":{\"@id\":\"https:\\\/\\\/www.cuballama.com\\\/noticias\\\/#website\"},\"primaryImageOfPage\":{\"@id\":\"https:\\\/\\\/www.cuballama.com\\\/noticias\\\/este-es-mi-heredero-conoce-al-unico-hijo-de-eduardo-antonio-un-exitoso-chef-que-vive-en-mexico\\\/#primaryimage\"},\"image\":{\"@id\":\"https:\\\/\\\/www.cuballama.com\\\/noticias\\\/este-es-mi-heredero-conoce-al-unico-hijo-de-eduardo-antonio-un-exitoso-chef-que-vive-en-mexico\\\/#primaryimage\"},\"thumbnailUrl\":\"https:\\\/\\\/cdn1.mediawpaccore.net\\\/wp-content\\\/uploads\\\/2026\\\/03\\\/05070831\\\/Captura-de-pantalla-2026-03-05-a-las-13.07.30.png\",\"datePublished\":\"2026-03-05T14:13:06+00:00\",\"dateModified\":\"2026-03-05T14:13:09+00:00\",\"description\":\"Se trata de Eduardo Antonio Jr. Jim\u00e9nez, su hijo de 26 a\u00f1os, fruto de una relaci\u00f3n que el cantante tuvo con una mujer a\u00f1os atr\u00e1s\",\"breadcrumb\":{\"@id\":\"https:\\\/\\\/www.cuballama.com\\\/noticias\\\/este-es-mi-heredero-conoce-al-unico-hijo-de-eduardo-antonio-un-exitoso-chef-que-vive-en-mexico\\\/#breadcrumb\"},\"inLanguage\":\"es\",\"potentialAction\":[{\"@type\":\"ReadAction\",\"target\":[\"https:\\\/\\\/www.cuballama.com\\\/noticias\\\/este-es-mi-heredero-conoce-al-unico-hijo-de-eduardo-antonio-un-exitoso-chef-que-vive-en-mexico\\\/\"]}]},{\"@type\":\"ImageObject\",\"inLanguage\":\"es\",\"@id\":\"https:\\\/\\\/www.cuballama.com\\\/noticias\\\/este-es-mi-heredero-conoce-al-unico-hijo-de-eduardo-antonio-un-exitoso-chef-que-vive-en-mexico\\\/#primaryimage\",\"url\":\"https:\\\/\\\/cdn1.mediawpaccore.net\\\/wp-content\\\/uploads\\\/2026\\\/03\\\/05070831\\\/Captura-de-pantalla-2026-03-05-a-las-13.07.30.png\",\"contentUrl\":\"https:\\\/\\\/cdn1.mediawpaccore.net\\\/wp-content\\\/uploads\\\/2026\\\/03\\\/05070831\\\/Captura-de-pantalla-2026-03-05-a-las-13.07.30.png\",\"width\":1796,\"height\":1212,\"caption\":\"\u201cEste es mi heredero\u201d: Conoce al hijo de 26 a\u00f1os de Eduardo Antonio, el Divo de Placetas. Foto: Eduardo Antonio\\\/Facebook\"},{\"@type\":\"BreadcrumbList\",\"@id\":\"https:\\\/\\\/www.cuballama.com\\\/noticias\\\/este-es-mi-heredero-conoce-al-unico-hijo-de-eduardo-antonio-un-exitoso-chef-que-vive-en-mexico\\\/#breadcrumb\",\"itemListElement\":[{\"@type\":\"ListItem\",\"position\":1,\"name\":\"Home\",\"item\":\"https:\\\/\\\/www.cuballama.com\\\/noticias\\\/\"},{\"@type\":\"ListItem\",\"position\":2,\"name\":\"\u201cEste es mi heredero\u201d: Conoce al \u00fanico hijo de Eduardo Antonio, un exitoso chef que vive en M\u00e9xico\"}]},{\"@type\":\"WebSite\",\"@id\":\"https:\\\/\\\/www.cuballama.com\\\/noticias\\\/#website\",\"url\":\"https:\\\/\\\/www.cuballama.com\\\/noticias\\\/\",\"name\":\"Cuballama Noticias\",\"description\":\"Medio digital sobre Cuba y el mundo\",\"publisher\":{\"@id\":\"https:\\\/\\\/www.cuballama.com\\\/noticias\\\/#organization\"},\"potentialAction\":[{\"@type\":\"SearchAction\",\"target\":{\"@type\":\"EntryPoint\",\"urlTemplate\":\"https:\\\/\\\/www.cuballama.com\\\/noticias\\\/?s={search_term_string}\"},\"query-input\":{\"@type\":\"PropertyValueSpecification\",\"valueRequired\":true,\"valueName\":\"search_term_string\"}}],\"inLanguage\":\"es\"},{\"@type\":\"Organization\",\"@id\":\"https:\\\/\\\/www.cuballama.com\\\/noticias\\\/#organization\",\"name\":\"Cuballama\",\"url\":\"https:\\\/\\\/www.cuballama.com\\\/noticias\\\/\",\"logo\":{\"@type\":\"ImageObject\",\"inLanguage\":\"es\",\"@id\":\"https:\\\/\\\/www.cuballama.com\\\/noticias\\\/#\\\/schema\\\/logo\\\/image\\\/\",\"url\":\"https:\\\/\\\/cdn1.mediawpaccore.net\\\/wp-content\\\/uploads\\\/2021\\\/12\\\/28171206\\\/cbll-logo-color-sm.png\",\"contentUrl\":\"https:\\\/\\\/cdn1.mediawpaccore.net\\\/wp-content\\\/uploads\\\/2021\\\/12\\\/28171206\\\/cbll-logo-color-sm.png\",\"width\":600,\"height\":133,\"caption\":\"Cuballama\"},\"image\":{\"@id\":\"https:\\\/\\\/www.cuballama.com\\\/noticias\\\/#\\\/schema\\\/logo\\\/image\\\/\"},\"sameAs\":[\"https:\\\/\\\/www.facebook.com\\\/CubaLlama\",\"https:\\\/\\\/x.com\\\/cuballama\",\"https:\\\/\\\/www.instagram.com\\\/stories\\\/cuballama_oficial\\\/\",\"https:\\\/\\\/www.youtube.com\\\/channel\\\/UCKkFE-d_axENGZcrc4as0IA\"]},{\"@type\":\"Person\",\"@id\":\"https:\\\/\\\/www.cuballama.com\\\/noticias\\\/#\\\/schema\\\/person\\\/0f97914526a658755f00e59ec2a832f2\",\"name\":\"Rafa\",\"url\":\"https:\\\/\\\/www.cuballama.com\\\/noticias\\\/author\\\/rafa\\\/\"}]}<\/script>\n<!-- \/ Yoast SEO plugin. -->","yoast_head_json":{"title":"\u201cEste es mi heredero\u201d: Conoce al \u00fanico hijo de Eduardo Antonio, un exitoso chef que vive en M\u00e9xico - Cuballama Noticias","description":"Se trata de Eduardo Antonio Jr. Jim\u00e9nez, su hijo de 26 a\u00f1os, fruto de una relaci\u00f3n que el cantante tuvo con una mujer a\u00f1os atr\u00e1s","robots":{"index":"index","follow":"follow","max-snippet":"max-snippet:-1","max-image-preview":"max-image-preview:large","max-video-preview":"max-video-preview:-1"},"canonical":"https:\/\/www.cuballama.com\/noticias\/este-es-mi-heredero-conoce-al-unico-hijo-de-eduardo-antonio-un-exitoso-chef-que-vive-en-mexico\/","og_locale":"es_ES","og_type":"article","og_title":"\u201cEste es mi heredero\u201d: Conoce al \u00fanico hijo de Eduardo Antonio, un exitoso chef que vive en M\u00e9xico - Cuballama Noticias","og_description":"Se trata de Eduardo Antonio Jr. Jim\u00e9nez, su hijo de 26 a\u00f1os, fruto de una relaci\u00f3n que el cantante tuvo con una mujer a\u00f1os atr\u00e1s","og_url":"https:\/\/www.cuballama.com\/noticias\/este-es-mi-heredero-conoce-al-unico-hijo-de-eduardo-antonio-un-exitoso-chef-que-vive-en-mexico\/","og_site_name":"Cuballama Noticias","article_publisher":"https:\/\/www.facebook.com\/CubaLlama","article_published_time":"2026-03-05T14:13:06+00:00","article_modified_time":"2026-03-05T14:13:09+00:00","og_image":[{"width":1024,"height":691,"url":"https:\/\/cdn1.mediawpaccore.net\/wp-content\/uploads\/2026\/03\/05070831\/Captura-de-pantalla-2026-03-05-a-las-13.07.30-1024x691.png","type":"image\/png"}],"author":"Rafa","twitter_card":"summary_large_image","twitter_creator":"@cuballama","twitter_site":"@cuballama","twitter_misc":{"Escrito por":"Rafa","Tiempo de lectura":"4 minutos"},"schema":{"@context":"https:\/\/schema.org","@graph":[{"@type":"Article","@id":"https:\/\/www.cuballama.com\/noticias\/este-es-mi-heredero-conoce-al-unico-hijo-de-eduardo-antonio-un-exitoso-chef-que-vive-en-mexico\/#article","isPartOf":{"@id":"https:\/\/www.cuballama.com\/noticias\/este-es-mi-heredero-conoce-al-unico-hijo-de-eduardo-antonio-un-exitoso-chef-que-vive-en-mexico\/"},"author":{"name":"Rafa","@id":"https:\/\/www.cuballama.com\/noticias\/#\/schema\/person\/0f97914526a658755f00e59ec2a832f2"},"headline":"\u201cEste es mi heredero\u201d: Conoce al \u00fanico hijo de Eduardo Antonio, un exitoso chef que vive en M\u00e9xico","datePublished":"2026-03-05T14:13:06+00:00","dateModified":"2026-03-05T14:13:09+00:00","mainEntityOfPage":{"@id":"https:\/\/www.cuballama.com\/noticias\/este-es-mi-heredero-conoce-al-unico-hijo-de-eduardo-antonio-un-exitoso-chef-que-vive-en-mexico\/"},"wordCount":688,"commentCount":0,"publisher":{"@id":"https:\/\/www.cuballama.com\/noticias\/#organization"},"image":{"@id":"https:\/\/www.cuballama.com\/noticias\/este-es-mi-heredero-conoce-al-unico-hijo-de-eduardo-antonio-un-exitoso-chef-que-vive-en-mexico\/#primaryimage"},"thumbnailUrl":"https:\/\/cdn1.mediawpaccore.net\/wp-content\/uploads\/2026\/03\/05070831\/Captura-de-pantalla-2026-03-05-a-las-13.07.30.png","keywords":["Eduardo Antonio","El Divo de Placetas","M\u00e9xico","Roy Garc\u00eda"],"articleSection":["Far\u00e1ndula"],"inLanguage":"es","potentialAction":[{"@type":"CommentAction","name":"Comment","target":["https:\/\/www.cuballama.com\/noticias\/este-es-mi-heredero-conoce-al-unico-hijo-de-eduardo-antonio-un-exitoso-chef-que-vive-en-mexico\/#respond"]}]},{"@type":"WebPage","@id":"https:\/\/www.cuballama.com\/noticias\/este-es-mi-heredero-conoce-al-unico-hijo-de-eduardo-antonio-un-exitoso-chef-que-vive-en-mexico\/","url":"https:\/\/www.cuballama.com\/noticias\/este-es-mi-heredero-conoce-al-unico-hijo-de-eduardo-antonio-un-exitoso-chef-que-vive-en-mexico\/","name":"\u201cEste es mi heredero\u201d: Conoce al \u00fanico hijo de Eduardo Antonio, un exitoso chef que vive en M\u00e9xico - Cuballama Noticias","isPartOf":{"@id":"https:\/\/www.cuballama.com\/noticias\/#website"},"primaryImageOfPage":{"@id":"https:\/\/www.cuballama.com\/noticias\/este-es-mi-heredero-conoce-al-unico-hijo-de-eduardo-antonio-un-exitoso-chef-que-vive-en-mexico\/#primaryimage"},"image":{"@id":"https:\/\/www.cuballama.com\/noticias\/este-es-mi-heredero-conoce-al-unico-hijo-de-eduardo-antonio-un-exitoso-chef-que-vive-en-mexico\/#primaryimage"},"thumbnailUrl":"https:\/\/cdn1.mediawpaccore.net\/wp-content\/uploads\/2026\/03\/05070831\/Captura-de-pantalla-2026-03-05-a-las-13.07.30.png","datePublished":"2026-03-05T14:13:06+00:00","dateModified":"2026-03-05T14:13:09+00:00","description":"Se trata de Eduardo Antonio Jr. Jim\u00e9nez, su hijo de 26 a\u00f1os, fruto de una relaci\u00f3n que el cantante tuvo con una mujer a\u00f1os atr\u00e1s","breadcrumb":{"@id":"https:\/\/www.cuballama.com\/noticias\/este-es-mi-heredero-conoce-al-unico-hijo-de-eduardo-antonio-un-exitoso-chef-que-vive-en-mexico\/#breadcrumb"},"inLanguage":"es","potentialAction":[{"@type":"ReadAction","target":["https:\/\/www.cuballama.com\/noticias\/este-es-mi-heredero-conoce-al-unico-hijo-de-eduardo-antonio-un-exitoso-chef-que-vive-en-mexico\/"]}]},{"@type":"ImageObject","inLanguage":"es","@id":"https:\/\/www.cuballama.com\/noticias\/este-es-mi-heredero-conoce-al-unico-hijo-de-eduardo-antonio-un-exitoso-chef-que-vive-en-mexico\/#primaryimage","url":"https:\/\/cdn1.mediawpaccore.net\/wp-content\/uploads\/2026\/03\/05070831\/Captura-de-pantalla-2026-03-05-a-las-13.07.30.png","contentUrl":"https:\/\/cdn1.mediawpaccore.net\/wp-content\/uploads\/2026\/03\/05070831\/Captura-de-pantalla-2026-03-05-a-las-13.07.30.png","width":1796,"height":1212,"caption":"\u201cEste es mi heredero\u201d: Conoce al hijo de 26 a\u00f1os de Eduardo Antonio, el Divo de Placetas. Foto: Eduardo Antonio\/Facebook"},{"@type":"BreadcrumbList","@id":"https:\/\/www.cuballama.com\/noticias\/este-es-mi-heredero-conoce-al-unico-hijo-de-eduardo-antonio-un-exitoso-chef-que-vive-en-mexico\/#breadcrumb","itemListElement":[{"@type":"ListItem","position":1,"name":"Home","item":"https:\/\/www.cuballama.com\/noticias\/"},{"@type":"ListItem","position":2,"name":"\u201cEste es mi heredero\u201d: Conoce al \u00fanico hijo de Eduardo Antonio, un exitoso chef que vive en M\u00e9xico"}]},{"@type":"WebSite","@id":"https:\/\/www.cuballama.com\/noticias\/#website","url":"https:\/\/www.cuballama.com\/noticias\/","name":"Cuballama Noticias","description":"Medio digital sobre Cuba y el mundo","publisher":{"@id":"https:\/\/www.cuballama.com\/noticias\/#organization"},"potentialAction":[{"@type":"SearchAction","target":{"@type":"EntryPoint","urlTemplate":"https:\/\/www.cuballama.com\/noticias\/?s={search_term_string}"},"query-input":{"@type":"PropertyValueSpecification","valueRequired":true,"valueName":"search_term_string"}}],"inLanguage":"es"},{"@type":"Organization","@id":"https:\/\/www.cuballama.com\/noticias\/#organization","name":"Cuballama","url":"https:\/\/www.cuballama.com\/noticias\/","logo":{"@type":"ImageObject","inLanguage":"es","@id":"https:\/\/www.cuballama.com\/noticias\/#\/schema\/logo\/image\/","url":"https:\/\/cdn1.mediawpaccore.net\/wp-content\/uploads\/2021\/12\/28171206\/cbll-logo-color-sm.png","contentUrl":"https:\/\/cdn1.mediawpaccore.net\/wp-content\/uploads\/2021\/12\/28171206\/cbll-logo-color-sm.png","width":600,"height":133,"caption":"Cuballama"},"image":{"@id":"https:\/\/www.cuballama.com\/noticias\/#\/schema\/logo\/image\/"},"sameAs":["https:\/\/www.facebook.com\/CubaLlama","https:\/\/x.com\/cuballama","https:\/\/www.instagram.com\/stories\/cuballama_oficial\/","https:\/\/www.youtube.com\/channel\/UCKkFE-d_axENGZcrc4as0IA"]},{"@type":"Person","@id":"https:\/\/www.cuballama.com\/noticias\/#\/schema\/person\/0f97914526a658755f00e59ec2a832f2","name":"Rafa","url":"https:\/\/www.cuballama.com\/noticias\/author\/rafa\/"}]}},"_links":{"self":[{"href":"https:\/\/www.cuballama.com\/noticias\/wp-json\/wp\/v2\/posts\/237185","targetHints":{"allow":["GET"]}}],"collection":[{"href":"https:\/\/www.cuballama.com\/noticias\/wp-json\/wp\/v2\/posts"}],"about":[{"href":"https:\/\/www.cuballama.com\/noticias\/wp-json\/wp\/v2\/types\/post"}],"author":[{"embeddable":true,"href":"https:\/\/www.cuballama.com\/noticias\/wp-json\/wp\/v2\/users\/27"}],"replies":[{"embeddable":true,"href":"https:\/\/www.cuballama.com\/noticias\/wp-json\/wp\/v2\/comments?post=237185"}],"version-history":[{"count":1,"href":"https:\/\/www.cuballama.com\/noticias\/wp-json\/wp\/v2\/posts\/237185\/revisions"}],"predecessor-version":[{"id":237228,"href":"https:\/\/www.cuballama.com\/noticias\/wp-json\/wp\/v2\/posts\/237185\/revisions\/237228"}],"wp:featuredmedia":[{"embeddable":true,"href":"https:\/\/www.cuballama.com\/noticias\/wp-json\/wp\/v2\/media\/237193"}],"wp:attachment":[{"href":"https:\/\/www.cuballama.com\/noticias\/wp-json\/wp\/v2\/media?parent=237185"}],"wp:term":[{"taxonomy":"category","embeddable":true,"href":"https:\/\/www.cuballama.com\/noticias\/wp-json\/wp\/v2\/categories?post=237185"},{"taxonomy":"post_tag","embeddable":true,"href":"https:\/\/www.cuballama.com\/noticias\/wp-json\/wp\/v2\/tags?post=237185"}],"curies":[{"name":"wp","href":"https:\/\/api.w.org\/{rel}","templated":true}]}}