{"id":237160,"date":"2026-03-06T10:24:16","date_gmt":"2026-03-06T15:24:16","guid":{"rendered":"https:\/\/www.cuballama.com\/noticias\/?p=237160"},"modified":"2026-03-06T10:24:21","modified_gmt":"2026-03-06T15:24:21","slug":"dos-cubanos-se-montan-por-primera-vez-en-un-waymo-sin-chofer-y-esto-fue-lo-que-paso","status":"publish","type":"post","link":"https:\/\/www.cuballama.com\/noticias\/dos-cubanos-se-montan-por-primera-vez-en-un-waymo-sin-chofer-y-esto-fue-lo-que-paso\/","title":{"rendered":"Dos cubanos se montan por primera vez en un Waymo (sin chofer) y esto fue lo que pas\u00f3"},"content":{"rendered":"\n<p>La experiencia de subirse por primera vez a un autom\u00f3vil aut\u00f3nomo puede resultar sorprendente para cualquiera. Pero cuando quienes lo prueban son dos cubanos acostumbrados a comentar b\u00e9isbol con humor y espontaneidad, la reacci\u00f3n termina convirti\u00e9ndose en un momento que r\u00e1pidamente llama la atenci\u00f3n en redes.<\/p>\n\n\n\n<p>Eso fue lo que ocurri\u00f3 con <strong>Julio Estrada<\/strong> y <strong>Yordano Carmona<\/strong>, creadores del popular blog y proyecto digital <em><a href=\"https:\/\/www.facebook.com\/watch\/pelotacubanausa\/\" target=\"_blank\" rel=\"noreferrer noopener nofollow\">Pelota Cubana<\/a><\/em>, quienes compartieron un video de su primer viaje en un veh\u00edculo de <strong>Waymo<\/strong>, la empresa de autos aut\u00f3nomos de Google que opera en varias ciudades de Estados Unidos.<\/p>\n\n\n\n<p>En el video, filmado en Arizona, ambos se muestran visiblemente curiosos desde el momento en que se acercan al autom\u00f3vil. La primera reacci\u00f3n es casi autom\u00e1tica: grabarlo todo. \u201c\u00a1Graba esto! Nuestro primer autom\u00f3vil\u2026\u201d, se escucha decir mientras observan el veh\u00edculo que los llevar\u00e1 sin conductor. <\/p>\n\n\n\n<p>Lo que m\u00e1s les llama la atenci\u00f3n es precisamente la ausencia de chofer. Dentro del coche no hay nadie al volante, algo que provoca comentarios y bromas entre ambos mientras el veh\u00edculo inicia el recorrido de manera completamente autom\u00e1tica.<\/p>\n\n\n\n<p>\u201c\u00bfEso es sin chofer la idea?\u201d, pregunta uno de ellos mientras el autom\u00f3vil comienza a moverse. <\/p>\n\n\n\n<iframe loading=\"lazy\" src=\"https:\/\/www.facebook.com\/plugins\/video.php?height=476&#038;href=https%3A%2F%2Fwww.facebook.com%2Freel%2F801882315652497%2F&#038;show_text=false&#038;width=267&#038;t=0\" width=\"267\" height=\"476\" style=\"border:none;overflow:hidden\" scrolling=\"no\" frameborder=\"0\" allowfullscreen=\"true\" allow=\"autoplay; clipboard-write; encrypted-media; picture-in-picture; web-share\" allowFullScreen=\"true\"><\/iframe>\n\n\n\n<p>Durante el trayecto, los dos cubanos reaccionan con mezcla de sorpresa y diversi\u00f3n a cada movimiento del carro. Observan c\u00f3mo el sistema gira, acelera y se detiene siguiendo el tr\u00e1fico, mientras ellos intentan comprender c\u00f3mo funciona el sistema que controla el veh\u00edculo.<\/p>\n\n\n\n<p>En un momento del video se preguntan en tono jocoso qui\u00e9n tiene realmente el control. \u201c\u00bfEso lo controlan los robots?\u201d, comenta uno mientras miran alrededor del interior del autom\u00f3vil. <\/p>\n\n\n\n<p>La conversaci\u00f3n refleja el asombro que todav\u00eda generan este tipo de tecnolog\u00edas entre personas que las experimentan por primera vez. Aunque los autos aut\u00f3nomos llevan varios a\u00f1os en pruebas y operaciones limitadas en Estados Unidos, para muchos usuarios sigue siendo una experiencia in\u00e9dita viajar en un veh\u00edculo completamente automatizado.<\/p>\n\n\n\n<p>Waymo, empresa filial de Alphabet (la matriz de Google), opera actualmente servicios de transporte aut\u00f3nomo en ciudades como Phoenix, San Francisco y Los \u00c1ngeles, donde los pasajeros pueden solicitar viajes a trav\u00e9s de una aplicaci\u00f3n m\u00f3vil sin que haya un conductor humano.<\/p>\n\n\n\n<p>En el caso de Estrada y Carmona, el viaje termin\u00f3 convirti\u00e9ndose en una mezcla de curiosidad tecnol\u00f3gica y humor muy cubano, algo caracter\u00edstico del estilo con el que ambos comentan normalmente temas de b\u00e9isbol y cultura deportiva en su proyecto digital. Un periodista m\u00e1s veterano que ellos, Jorge Ebro, sal\u00f3n de la fama del Boxeo, por ejemplo, no ha vivido esa experiencia de subirse a un veh\u00edculo aut\u00f3nomo, por lo que Estrada y Carmona ya en eso le llevan ventaja<\/p>\n\n\n\n<p>Al final, la experiencia dej\u00f3 claro que, incluso en medio de la tecnolog\u00eda m\u00e1s avanzada, el asombro sigue siendo parte del viaje, especialmente cuando se vive por primera vez.<br><\/p>\n","protected":false},"excerpt":{"rendered":"<p>Julio Estrada y Yordano Carmona, del proyecto Pelota Cubana, compartieron su primera experiencia viajando en un auto aut\u00f3nomo Waymo.<\/p>\n","protected":false},"author":13,"featured_media":237177,"comment_status":"open","ping_status":"closed","sticky":false,"template":"","format":"standard","meta":{"_acf_changed":false,"footnotes":""},"categories":[21,961],"tags":[30849,13451,30851,5927,287,30852,23101,30850],"class_list":{"0":"post-237160","1":"post","2":"type-post","3":"status-publish","4":"format-standard","5":"has-post-thumbnail","7":"category-deportes","8":"category-videos","9":"tag-autos-autonomos","10":"tag-cubanos-en-estados-unidos","11":"tag-julio-estrada","12":"tag-pelota-cubana","13":"tag-tecnologia","14":"tag-vehiculos-sin-chofer","15":"tag-waymo","16":"tag-yordano-carmona"},"acf":[],"yoast_head":"<!-- This site is optimized with the Yoast SEO plugin v27.4 - https:\/\/yoast.com\/product\/yoast-seo-wordpress\/ -->\n<title>Dos cubanos se montan por primera vez en un Waymo (sin chofer) y esto fue lo que pas\u00f3 - Cuballama Noticias<\/title>\n<meta name=\"description\" content=\"Dos cubanos prueban por primera vez un auto aut\u00f3nomo Waymo y su reacci\u00f3n se vuelve una experiencia hilarante en redes sociales.\" \/>\n<meta name=\"robots\" content=\"index, follow, max-snippet:-1, max-image-preview:large, max-video-preview:-1\" \/>\n<link rel=\"canonical\" href=\"https:\/\/www.cuballama.com\/noticias\/dos-cubanos-se-montan-por-primera-vez-en-un-waymo-sin-chofer-y-esto-fue-lo-que-paso\/\" \/>\n<meta property=\"og:locale\" content=\"es_ES\" \/>\n<meta property=\"og:type\" content=\"article\" \/>\n<meta property=\"og:title\" content=\"Dos cubanos se montan por primera vez en un Waymo (sin chofer) y esto fue lo que pas\u00f3 - Cuballama Noticias\" \/>\n<meta property=\"og:description\" content=\"Dos cubanos prueban por primera vez un auto aut\u00f3nomo Waymo y su reacci\u00f3n se vuelve una experiencia hilarante en redes sociales.\" \/>\n<meta property=\"og:url\" content=\"https:\/\/www.cuballama.com\/noticias\/dos-cubanos-se-montan-por-primera-vez-en-un-waymo-sin-chofer-y-esto-fue-lo-que-paso\/\" \/>\n<meta property=\"og:site_name\" content=\"Cuballama Noticias\" \/>\n<meta property=\"article:publisher\" content=\"https:\/\/www.facebook.com\/CubaLlama\" \/>\n<meta property=\"article:published_time\" content=\"2026-03-06T15:24:16+00:00\" \/>\n<meta property=\"article:modified_time\" content=\"2026-03-06T15:24:21+00:00\" \/>\n<meta property=\"og:image\" content=\"https:\/\/cdn1.mediawpaccore.net\/wp-content\/uploads\/2026\/03\/05060248\/ChatGPT-Image-Mar-5-2026-12_01_51-PM-1024x683.png\" \/>\n\t<meta property=\"og:image:width\" content=\"1024\" \/>\n\t<meta property=\"og:image:height\" content=\"683\" \/>\n\t<meta property=\"og:image:type\" content=\"image\/png\" \/>\n<meta name=\"author\" content=\"Roberto A.\" \/>\n<meta name=\"twitter:card\" content=\"summary_large_image\" \/>\n<meta name=\"twitter:creator\" content=\"@cuballama\" \/>\n<meta name=\"twitter:site\" content=\"@cuballama\" \/>\n<meta name=\"twitter:label1\" content=\"Escrito por\" \/>\n\t<meta name=\"twitter:data1\" content=\"Roberto A.\" \/>\n\t<meta name=\"twitter:label2\" content=\"Tiempo de lectura\" \/>\n\t<meta name=\"twitter:data2\" content=\"1 minuto\" \/>\n<script type=\"application\/ld+json\" class=\"yoast-schema-graph\">{\"@context\":\"https:\\\/\\\/schema.org\",\"@graph\":[{\"@type\":\"Article\",\"@id\":\"https:\\\/\\\/www.cuballama.com\\\/noticias\\\/dos-cubanos-se-montan-por-primera-vez-en-un-waymo-sin-chofer-y-esto-fue-lo-que-paso\\\/#article\",\"isPartOf\":{\"@id\":\"https:\\\/\\\/www.cuballama.com\\\/noticias\\\/dos-cubanos-se-montan-por-primera-vez-en-un-waymo-sin-chofer-y-esto-fue-lo-que-paso\\\/\"},\"author\":{\"name\":\"Roberto A.\",\"@id\":\"https:\\\/\\\/www.cuballama.com\\\/noticias\\\/#\\\/schema\\\/person\\\/a58502ed4146c8e9f83872e897c76cd2\"},\"headline\":\"Dos cubanos se montan por primera vez en un Waymo (sin chofer) y esto fue lo que pas\u00f3\",\"datePublished\":\"2026-03-06T15:24:16+00:00\",\"dateModified\":\"2026-03-06T15:24:21+00:00\",\"mainEntityOfPage\":{\"@id\":\"https:\\\/\\\/www.cuballama.com\\\/noticias\\\/dos-cubanos-se-montan-por-primera-vez-en-un-waymo-sin-chofer-y-esto-fue-lo-que-paso\\\/\"},\"wordCount\":530,\"commentCount\":0,\"publisher\":{\"@id\":\"https:\\\/\\\/www.cuballama.com\\\/noticias\\\/#organization\"},\"image\":{\"@id\":\"https:\\\/\\\/www.cuballama.com\\\/noticias\\\/dos-cubanos-se-montan-por-primera-vez-en-un-waymo-sin-chofer-y-esto-fue-lo-que-paso\\\/#primaryimage\"},\"thumbnailUrl\":\"https:\\\/\\\/cdn1.mediawpaccore.net\\\/wp-content\\\/uploads\\\/2026\\\/03\\\/05060248\\\/ChatGPT-Image-Mar-5-2026-12_01_51-PM.png\",\"keywords\":[\"autos aut\u00f3nomos\",\"cubanos en Estados Unidos\",\"Julio Estrada\",\"pelota cubana\",\"Tecnolog\u00eda\",\"veh\u00edculos sin chofer\",\"Waymo\",\"Yordano Carmona\"],\"articleSection\":[\"Deportes\",\"Videos\"],\"inLanguage\":\"es\",\"potentialAction\":[{\"@type\":\"CommentAction\",\"name\":\"Comment\",\"target\":[\"https:\\\/\\\/www.cuballama.com\\\/noticias\\\/dos-cubanos-se-montan-por-primera-vez-en-un-waymo-sin-chofer-y-esto-fue-lo-que-paso\\\/#respond\"]}]},{\"@type\":\"WebPage\",\"@id\":\"https:\\\/\\\/www.cuballama.com\\\/noticias\\\/dos-cubanos-se-montan-por-primera-vez-en-un-waymo-sin-chofer-y-esto-fue-lo-que-paso\\\/\",\"url\":\"https:\\\/\\\/www.cuballama.com\\\/noticias\\\/dos-cubanos-se-montan-por-primera-vez-en-un-waymo-sin-chofer-y-esto-fue-lo-que-paso\\\/\",\"name\":\"Dos cubanos se montan por primera vez en un Waymo (sin chofer) y esto fue lo que pas\u00f3 - Cuballama Noticias\",\"isPartOf\":{\"@id\":\"https:\\\/\\\/www.cuballama.com\\\/noticias\\\/#website\"},\"primaryImageOfPage\":{\"@id\":\"https:\\\/\\\/www.cuballama.com\\\/noticias\\\/dos-cubanos-se-montan-por-primera-vez-en-un-waymo-sin-chofer-y-esto-fue-lo-que-paso\\\/#primaryimage\"},\"image\":{\"@id\":\"https:\\\/\\\/www.cuballama.com\\\/noticias\\\/dos-cubanos-se-montan-por-primera-vez-en-un-waymo-sin-chofer-y-esto-fue-lo-que-paso\\\/#primaryimage\"},\"thumbnailUrl\":\"https:\\\/\\\/cdn1.mediawpaccore.net\\\/wp-content\\\/uploads\\\/2026\\\/03\\\/05060248\\\/ChatGPT-Image-Mar-5-2026-12_01_51-PM.png\",\"datePublished\":\"2026-03-06T15:24:16+00:00\",\"dateModified\":\"2026-03-06T15:24:21+00:00\",\"description\":\"Dos cubanos prueban por primera vez un auto aut\u00f3nomo Waymo y su reacci\u00f3n se vuelve una experiencia hilarante en redes sociales.\",\"breadcrumb\":{\"@id\":\"https:\\\/\\\/www.cuballama.com\\\/noticias\\\/dos-cubanos-se-montan-por-primera-vez-en-un-waymo-sin-chofer-y-esto-fue-lo-que-paso\\\/#breadcrumb\"},\"inLanguage\":\"es\",\"potentialAction\":[{\"@type\":\"ReadAction\",\"target\":[\"https:\\\/\\\/www.cuballama.com\\\/noticias\\\/dos-cubanos-se-montan-por-primera-vez-en-un-waymo-sin-chofer-y-esto-fue-lo-que-paso\\\/\"]}]},{\"@type\":\"ImageObject\",\"inLanguage\":\"es\",\"@id\":\"https:\\\/\\\/www.cuballama.com\\\/noticias\\\/dos-cubanos-se-montan-por-primera-vez-en-un-waymo-sin-chofer-y-esto-fue-lo-que-paso\\\/#primaryimage\",\"url\":\"https:\\\/\\\/cdn1.mediawpaccore.net\\\/wp-content\\\/uploads\\\/2026\\\/03\\\/05060248\\\/ChatGPT-Image-Mar-5-2026-12_01_51-PM.png\",\"contentUrl\":\"https:\\\/\\\/cdn1.mediawpaccore.net\\\/wp-content\\\/uploads\\\/2026\\\/03\\\/05060248\\\/ChatGPT-Image-Mar-5-2026-12_01_51-PM.png\",\"width\":1536,\"height\":1024,\"caption\":\"Foto: Recreada con la IA\"},{\"@type\":\"BreadcrumbList\",\"@id\":\"https:\\\/\\\/www.cuballama.com\\\/noticias\\\/dos-cubanos-se-montan-por-primera-vez-en-un-waymo-sin-chofer-y-esto-fue-lo-que-paso\\\/#breadcrumb\",\"itemListElement\":[{\"@type\":\"ListItem\",\"position\":1,\"name\":\"Home\",\"item\":\"https:\\\/\\\/www.cuballama.com\\\/noticias\\\/\"},{\"@type\":\"ListItem\",\"position\":2,\"name\":\"Dos cubanos se montan por primera vez en un Waymo (sin chofer) y esto fue lo que pas\u00f3\"}]},{\"@type\":\"WebSite\",\"@id\":\"https:\\\/\\\/www.cuballama.com\\\/noticias\\\/#website\",\"url\":\"https:\\\/\\\/www.cuballama.com\\\/noticias\\\/\",\"name\":\"Cuballama Noticias\",\"description\":\"Medio digital sobre Cuba y el mundo\",\"publisher\":{\"@id\":\"https:\\\/\\\/www.cuballama.com\\\/noticias\\\/#organization\"},\"potentialAction\":[{\"@type\":\"SearchAction\",\"target\":{\"@type\":\"EntryPoint\",\"urlTemplate\":\"https:\\\/\\\/www.cuballama.com\\\/noticias\\\/?s={search_term_string}\"},\"query-input\":{\"@type\":\"PropertyValueSpecification\",\"valueRequired\":true,\"valueName\":\"search_term_string\"}}],\"inLanguage\":\"es\"},{\"@type\":\"Organization\",\"@id\":\"https:\\\/\\\/www.cuballama.com\\\/noticias\\\/#organization\",\"name\":\"Cuballama\",\"url\":\"https:\\\/\\\/www.cuballama.com\\\/noticias\\\/\",\"logo\":{\"@type\":\"ImageObject\",\"inLanguage\":\"es\",\"@id\":\"https:\\\/\\\/www.cuballama.com\\\/noticias\\\/#\\\/schema\\\/logo\\\/image\\\/\",\"url\":\"https:\\\/\\\/cdn1.mediawpaccore.net\\\/wp-content\\\/uploads\\\/2021\\\/12\\\/28171206\\\/cbll-logo-color-sm.png\",\"contentUrl\":\"https:\\\/\\\/cdn1.mediawpaccore.net\\\/wp-content\\\/uploads\\\/2021\\\/12\\\/28171206\\\/cbll-logo-color-sm.png\",\"width\":600,\"height\":133,\"caption\":\"Cuballama\"},\"image\":{\"@id\":\"https:\\\/\\\/www.cuballama.com\\\/noticias\\\/#\\\/schema\\\/logo\\\/image\\\/\"},\"sameAs\":[\"https:\\\/\\\/www.facebook.com\\\/CubaLlama\",\"https:\\\/\\\/x.com\\\/cuballama\",\"https:\\\/\\\/www.instagram.com\\\/stories\\\/cuballama_oficial\\\/\",\"https:\\\/\\\/www.youtube.com\\\/channel\\\/UCKkFE-d_axENGZcrc4as0IA\"]},{\"@type\":\"Person\",\"@id\":\"https:\\\/\\\/www.cuballama.com\\\/noticias\\\/#\\\/schema\\\/person\\\/a58502ed4146c8e9f83872e897c76cd2\",\"name\":\"Roberto A.\",\"description\":\"Roberto A. Periodista por decisi\u00f3n propia. Interesado en cualquier tema que me apasione y cada vez m\u00e1s comprometido con la verdad y la objetividad period\u00edstica. Graduado en La Habana hace ya muchos a\u00f1os, luego de una accidentada y polvorienta b\u00fasqueda de informaci\u00f3n sobre un tema in\u00e9dito. La Tesis, por cierto, desapareci\u00f3 de la biblioteca y no se conservan copias de la misma.\",\"url\":\"https:\\\/\\\/www.cuballama.com\\\/noticias\\\/author\\\/roberto\\\/\"}]}<\/script>\n<!-- \/ Yoast SEO plugin. -->","yoast_head_json":{"title":"Dos cubanos se montan por primera vez en un Waymo (sin chofer) y esto fue lo que pas\u00f3 - Cuballama Noticias","description":"Dos cubanos prueban por primera vez un auto aut\u00f3nomo Waymo y su reacci\u00f3n se vuelve una experiencia hilarante en redes sociales.","robots":{"index":"index","follow":"follow","max-snippet":"max-snippet:-1","max-image-preview":"max-image-preview:large","max-video-preview":"max-video-preview:-1"},"canonical":"https:\/\/www.cuballama.com\/noticias\/dos-cubanos-se-montan-por-primera-vez-en-un-waymo-sin-chofer-y-esto-fue-lo-que-paso\/","og_locale":"es_ES","og_type":"article","og_title":"Dos cubanos se montan por primera vez en un Waymo (sin chofer) y esto fue lo que pas\u00f3 - Cuballama Noticias","og_description":"Dos cubanos prueban por primera vez un auto aut\u00f3nomo Waymo y su reacci\u00f3n se vuelve una experiencia hilarante en redes sociales.","og_url":"https:\/\/www.cuballama.com\/noticias\/dos-cubanos-se-montan-por-primera-vez-en-un-waymo-sin-chofer-y-esto-fue-lo-que-paso\/","og_site_name":"Cuballama Noticias","article_publisher":"https:\/\/www.facebook.com\/CubaLlama","article_published_time":"2026-03-06T15:24:16+00:00","article_modified_time":"2026-03-06T15:24:21+00:00","og_image":[{"width":1024,"height":683,"url":"https:\/\/cdn1.mediawpaccore.net\/wp-content\/uploads\/2026\/03\/05060248\/ChatGPT-Image-Mar-5-2026-12_01_51-PM-1024x683.png","type":"image\/png"}],"author":"Roberto A.","twitter_card":"summary_large_image","twitter_creator":"@cuballama","twitter_site":"@cuballama","twitter_misc":{"Escrito por":"Roberto A.","Tiempo de lectura":"1 minuto"},"schema":{"@context":"https:\/\/schema.org","@graph":[{"@type":"Article","@id":"https:\/\/www.cuballama.com\/noticias\/dos-cubanos-se-montan-por-primera-vez-en-un-waymo-sin-chofer-y-esto-fue-lo-que-paso\/#article","isPartOf":{"@id":"https:\/\/www.cuballama.com\/noticias\/dos-cubanos-se-montan-por-primera-vez-en-un-waymo-sin-chofer-y-esto-fue-lo-que-paso\/"},"author":{"name":"Roberto A.","@id":"https:\/\/www.cuballama.com\/noticias\/#\/schema\/person\/a58502ed4146c8e9f83872e897c76cd2"},"headline":"Dos cubanos se montan por primera vez en un Waymo (sin chofer) y esto fue lo que pas\u00f3","datePublished":"2026-03-06T15:24:16+00:00","dateModified":"2026-03-06T15:24:21+00:00","mainEntityOfPage":{"@id":"https:\/\/www.cuballama.com\/noticias\/dos-cubanos-se-montan-por-primera-vez-en-un-waymo-sin-chofer-y-esto-fue-lo-que-paso\/"},"wordCount":530,"commentCount":0,"publisher":{"@id":"https:\/\/www.cuballama.com\/noticias\/#organization"},"image":{"@id":"https:\/\/www.cuballama.com\/noticias\/dos-cubanos-se-montan-por-primera-vez-en-un-waymo-sin-chofer-y-esto-fue-lo-que-paso\/#primaryimage"},"thumbnailUrl":"https:\/\/cdn1.mediawpaccore.net\/wp-content\/uploads\/2026\/03\/05060248\/ChatGPT-Image-Mar-5-2026-12_01_51-PM.png","keywords":["autos aut\u00f3nomos","cubanos en Estados Unidos","Julio Estrada","pelota cubana","Tecnolog\u00eda","veh\u00edculos sin chofer","Waymo","Yordano Carmona"],"articleSection":["Deportes","Videos"],"inLanguage":"es","potentialAction":[{"@type":"CommentAction","name":"Comment","target":["https:\/\/www.cuballama.com\/noticias\/dos-cubanos-se-montan-por-primera-vez-en-un-waymo-sin-chofer-y-esto-fue-lo-que-paso\/#respond"]}]},{"@type":"WebPage","@id":"https:\/\/www.cuballama.com\/noticias\/dos-cubanos-se-montan-por-primera-vez-en-un-waymo-sin-chofer-y-esto-fue-lo-que-paso\/","url":"https:\/\/www.cuballama.com\/noticias\/dos-cubanos-se-montan-por-primera-vez-en-un-waymo-sin-chofer-y-esto-fue-lo-que-paso\/","name":"Dos cubanos se montan por primera vez en un Waymo (sin chofer) y esto fue lo que pas\u00f3 - Cuballama Noticias","isPartOf":{"@id":"https:\/\/www.cuballama.com\/noticias\/#website"},"primaryImageOfPage":{"@id":"https:\/\/www.cuballama.com\/noticias\/dos-cubanos-se-montan-por-primera-vez-en-un-waymo-sin-chofer-y-esto-fue-lo-que-paso\/#primaryimage"},"image":{"@id":"https:\/\/www.cuballama.com\/noticias\/dos-cubanos-se-montan-por-primera-vez-en-un-waymo-sin-chofer-y-esto-fue-lo-que-paso\/#primaryimage"},"thumbnailUrl":"https:\/\/cdn1.mediawpaccore.net\/wp-content\/uploads\/2026\/03\/05060248\/ChatGPT-Image-Mar-5-2026-12_01_51-PM.png","datePublished":"2026-03-06T15:24:16+00:00","dateModified":"2026-03-06T15:24:21+00:00","description":"Dos cubanos prueban por primera vez un auto aut\u00f3nomo Waymo y su reacci\u00f3n se vuelve una experiencia hilarante en redes sociales.","breadcrumb":{"@id":"https:\/\/www.cuballama.com\/noticias\/dos-cubanos-se-montan-por-primera-vez-en-un-waymo-sin-chofer-y-esto-fue-lo-que-paso\/#breadcrumb"},"inLanguage":"es","potentialAction":[{"@type":"ReadAction","target":["https:\/\/www.cuballama.com\/noticias\/dos-cubanos-se-montan-por-primera-vez-en-un-waymo-sin-chofer-y-esto-fue-lo-que-paso\/"]}]},{"@type":"ImageObject","inLanguage":"es","@id":"https:\/\/www.cuballama.com\/noticias\/dos-cubanos-se-montan-por-primera-vez-en-un-waymo-sin-chofer-y-esto-fue-lo-que-paso\/#primaryimage","url":"https:\/\/cdn1.mediawpaccore.net\/wp-content\/uploads\/2026\/03\/05060248\/ChatGPT-Image-Mar-5-2026-12_01_51-PM.png","contentUrl":"https:\/\/cdn1.mediawpaccore.net\/wp-content\/uploads\/2026\/03\/05060248\/ChatGPT-Image-Mar-5-2026-12_01_51-PM.png","width":1536,"height":1024,"caption":"Foto: Recreada con la IA"},{"@type":"BreadcrumbList","@id":"https:\/\/www.cuballama.com\/noticias\/dos-cubanos-se-montan-por-primera-vez-en-un-waymo-sin-chofer-y-esto-fue-lo-que-paso\/#breadcrumb","itemListElement":[{"@type":"ListItem","position":1,"name":"Home","item":"https:\/\/www.cuballama.com\/noticias\/"},{"@type":"ListItem","position":2,"name":"Dos cubanos se montan por primera vez en un Waymo (sin chofer) y esto fue lo que pas\u00f3"}]},{"@type":"WebSite","@id":"https:\/\/www.cuballama.com\/noticias\/#website","url":"https:\/\/www.cuballama.com\/noticias\/","name":"Cuballama Noticias","description":"Medio digital sobre Cuba y el mundo","publisher":{"@id":"https:\/\/www.cuballama.com\/noticias\/#organization"},"potentialAction":[{"@type":"SearchAction","target":{"@type":"EntryPoint","urlTemplate":"https:\/\/www.cuballama.com\/noticias\/?s={search_term_string}"},"query-input":{"@type":"PropertyValueSpecification","valueRequired":true,"valueName":"search_term_string"}}],"inLanguage":"es"},{"@type":"Organization","@id":"https:\/\/www.cuballama.com\/noticias\/#organization","name":"Cuballama","url":"https:\/\/www.cuballama.com\/noticias\/","logo":{"@type":"ImageObject","inLanguage":"es","@id":"https:\/\/www.cuballama.com\/noticias\/#\/schema\/logo\/image\/","url":"https:\/\/cdn1.mediawpaccore.net\/wp-content\/uploads\/2021\/12\/28171206\/cbll-logo-color-sm.png","contentUrl":"https:\/\/cdn1.mediawpaccore.net\/wp-content\/uploads\/2021\/12\/28171206\/cbll-logo-color-sm.png","width":600,"height":133,"caption":"Cuballama"},"image":{"@id":"https:\/\/www.cuballama.com\/noticias\/#\/schema\/logo\/image\/"},"sameAs":["https:\/\/www.facebook.com\/CubaLlama","https:\/\/x.com\/cuballama","https:\/\/www.instagram.com\/stories\/cuballama_oficial\/","https:\/\/www.youtube.com\/channel\/UCKkFE-d_axENGZcrc4as0IA"]},{"@type":"Person","@id":"https:\/\/www.cuballama.com\/noticias\/#\/schema\/person\/a58502ed4146c8e9f83872e897c76cd2","name":"Roberto A.","description":"Roberto A. Periodista por decisi\u00f3n propia. Interesado en cualquier tema que me apasione y cada vez m\u00e1s comprometido con la verdad y la objetividad period\u00edstica. Graduado en La Habana hace ya muchos a\u00f1os, luego de una accidentada y polvorienta b\u00fasqueda de informaci\u00f3n sobre un tema in\u00e9dito. La Tesis, por cierto, desapareci\u00f3 de la biblioteca y no se conservan copias de la misma.","url":"https:\/\/www.cuballama.com\/noticias\/author\/roberto\/"}]}},"_links":{"self":[{"href":"https:\/\/www.cuballama.com\/noticias\/wp-json\/wp\/v2\/posts\/237160","targetHints":{"allow":["GET"]}}],"collection":[{"href":"https:\/\/www.cuballama.com\/noticias\/wp-json\/wp\/v2\/posts"}],"about":[{"href":"https:\/\/www.cuballama.com\/noticias\/wp-json\/wp\/v2\/types\/post"}],"author":[{"embeddable":true,"href":"https:\/\/www.cuballama.com\/noticias\/wp-json\/wp\/v2\/users\/13"}],"replies":[{"embeddable":true,"href":"https:\/\/www.cuballama.com\/noticias\/wp-json\/wp\/v2\/comments?post=237160"}],"version-history":[{"count":3,"href":"https:\/\/www.cuballama.com\/noticias\/wp-json\/wp\/v2\/posts\/237160\/revisions"}],"predecessor-version":[{"id":237178,"href":"https:\/\/www.cuballama.com\/noticias\/wp-json\/wp\/v2\/posts\/237160\/revisions\/237178"}],"wp:featuredmedia":[{"embeddable":true,"href":"https:\/\/www.cuballama.com\/noticias\/wp-json\/wp\/v2\/media\/237177"}],"wp:attachment":[{"href":"https:\/\/www.cuballama.com\/noticias\/wp-json\/wp\/v2\/media?parent=237160"}],"wp:term":[{"taxonomy":"category","embeddable":true,"href":"https:\/\/www.cuballama.com\/noticias\/wp-json\/wp\/v2\/categories?post=237160"},{"taxonomy":"post_tag","embeddable":true,"href":"https:\/\/www.cuballama.com\/noticias\/wp-json\/wp\/v2\/tags?post=237160"}],"curies":[{"name":"wp","href":"https:\/\/api.w.org\/{rel}","templated":true}]}}