{"id":237140,"date":"2026-03-05T05:00:00","date_gmt":"2026-03-05T10:00:00","guid":{"rendered":"https:\/\/www.cuballama.com\/noticias\/?p=237140"},"modified":"2026-03-05T11:03:01","modified_gmt":"2026-03-05T16:03:01","slug":"cancilleria-cubana-rechaza-arbitraria-e-injustificada-expulsion-de-su-personal-de-ecuador","status":"publish","type":"post","link":"https:\/\/www.cuballama.com\/noticias\/cancilleria-cubana-rechaza-arbitraria-e-injustificada-expulsion-de-su-personal-de-ecuador\/","title":{"rendered":"Canciller\u00eda cubana rechaza \u201carbitraria e injustificada\u201d expulsi\u00f3n de su personal de Ecuador"},"content":{"rendered":"\n<p>El Ministerio de Relaciones Exteriores de Cuba (Minrex) rechaz\u00f3 \u201cen los t\u00e9rminos m\u00e1s en\u00e9rgicos\u201d la decisi\u00f3n \u201carbitraria e injustificada\u201d del gobierno del Ecuador de <a href=\"https:\/\/www.cuballama.com\/noticias\/ecuador-expulsa-al-embajador-y-al-resto-del-personal-diplomatico-cubano\/\" target=\"_blank\" rel=\"noreferrer noopener\">expulsar a todo el personal<\/a> de la Embajada de la isla en el pa\u00eds sudamericano.<\/p>\n\n\n\n<p>\u201cEl 4 de marzo de 2026, el Ministerio de Relaciones Exteriores y Movilidad Humana de la Rep\u00fablica del Ecuador inform\u00f3 mediante nota verbal <a href=\"https:\/\/www.cuballama.com\/noticias\/ecuador-expulsa-al-embajador-y-al-resto-del-personal-diplomatico-cubano\/\" target=\"_blank\" rel=\"noreferrer noopener\">la decisi\u00f3n de declarar persona non grata<\/a>, sin aportar argumento alguno, a todo el personal diplom\u00e1tico, consular y administrativo de la Embajada de Cuba en Quito, al que impuso un plazo de 48 horas para abandonar el territorio ecuatoriano\u201d, reconoci\u00f3 el Minrex en un comunicado este mi\u00e9rcoles.<\/p>\n\n\n\n<p>De acuerdo con la nota de la canciller\u00eda cubana, \u201cse trata de un acto inamistoso y sin precedentes, que da\u00f1a significativamente las hist\u00f3ricas relaciones de amistad y cooperaci\u00f3n entre ambos pa\u00edses y pueblos\u201d.&nbsp;<\/p>\n\n\n\n<iframe loading=\"lazy\" src=\"https:\/\/www.facebook.com\/plugins\/post.php?href=https%3A%2F%2Fwww.facebook.com%2FCubaMINREX%2Fposts%2Fpfbid0pdsPSWGeKk9Z2orJ3WmjGAoxpXFxjii9eVEkEoBWH5uaQe5RQBujZHmhCVdURnR5l&#038;show_text=true&#038;width=500\" width=\"500\" height=\"755\" style=\"border:none;overflow:hidden\" scrolling=\"no\" frameborder=\"0\" allowfullscreen=\"true\" allow=\"autoplay; clipboard-write; encrypted-media; picture-in-picture; web-share\"><\/iframe>\n\n\n\n<p>\u201cEsta acci\u00f3n demuestra, adem\u00e1s, el desprecio del actual gobierno de Ecuador por las pr\u00e1cticas y cortes\u00edas diplom\u00e1ticas observadas por la comunidad internacional\u201d, puntualiz\u00f3 el Minrex.<\/p>\n\n\n\n<p>Asimismo, el Minrex afirm\u00f3 \u201ccateg\u00f3ricamente\u201d que el personal de la Embajada de Cuba en Quito \u201cha cumplido estrictamente con el respeto a las leyes y reglamentos del Ecuador sin inmiscuirse en los asuntos internos de ese Estado\u201d, \u201ctal como establece la Convenci\u00f3n de Viena sobre Relaciones Diplom\u00e1ticas de 1961\u201d.<\/p>\n\n\n\n<iframe loading=\"lazy\" src=\"https:\/\/www.facebook.com\/plugins\/post.php?href=https%3A%2F%2Fwww.facebook.com%2Fabelprieto11%2Fposts%2Fpfbid025P6T44sx4mozYJoUkbtkFdVtcWfvxNFbVXGr7NuYqVkhF9x6ThJQvAp3GFZauTqWl&#038;show_text=true&#038;width=500\" width=\"500\" height=\"601\" style=\"border:none;overflow:hidden\" scrolling=\"no\" frameborder=\"0\" allowfullscreen=\"true\" allow=\"autoplay; clipboard-write; encrypted-media; picture-in-picture; web-share\"><\/iframe>\n\n\n\n<p>Por otro lado, el Minrex destac\u00f3 que \u201cno parece casual\u201d que esta medida \u201chaya sido tomada en un contexto caracterizado por el reforzamiento de la agresi\u00f3n de Estados Unidos contra Cuba y de las fuertes presiones del gobierno de ese pa\u00eds a terceros Estados para que se sumen a esa pol\u00edtica, a escasos d\u00edas de la Cumbre que ha sido convocada en Miami, el 7 de marzo, con un grupo reducido de representantes de gobiernos de la regi\u00f3n\u201d.<\/p>\n\n\n\n<p>\u201cCuba est\u00e1 convencida de que el pueblo ecuatoriano sabr\u00e1 defender los lazos de solidaridad y hermandad con Cuba\u201d, concluy\u00f3 el texto.<\/p>\n\n\n\n<p><\/p>\n","protected":false},"excerpt":{"rendered":"<p>Seg\u00fan el Minrex \u201cse trata de un acto inamistoso y sin precedentes\u201d.\u00a0<\/p>\n","protected":false},"author":30,"featured_media":237142,"comment_status":"open","ping_status":"closed","sticky":false,"template":"","format":"standard","meta":{"_acf_changed":false,"footnotes":""},"categories":[18,955],"tags":[24462,3118,3536,11017],"class_list":{"0":"post-237140","1":"post","2":"type-post","3":"status-publish","4":"format-standard","5":"has-post-thumbnail","7":"category-noticias","8":"category-noticias-de-cuba","9":"tag-cubanos-en-ecuador","10":"tag-minrex","11":"tag-personal-diplomatico","12":"tag-superdestacado"},"acf":[],"yoast_head":"<!-- This site is optimized with the Yoast SEO plugin v27.4 - https:\/\/yoast.com\/product\/yoast-seo-wordpress\/ -->\n<title>Canciller\u00eda cubana rechaza \u201carbitraria e injustificada\u201d expulsi\u00f3n de su personal de Ecuador - Cuballama Noticias<\/title>\n<meta name=\"description\" content=\"La canciller\u00eda cubana rechaz\u00f3 \u201cen los t\u00e9rminos m\u00e1s en\u00e9rgicos\u201d la decisi\u00f3n del gobierno del Ecuador de expulsar a su personal.\" \/>\n<meta name=\"robots\" content=\"index, follow, max-snippet:-1, max-image-preview:large, max-video-preview:-1\" \/>\n<link rel=\"canonical\" href=\"https:\/\/www.cuballama.com\/noticias\/cancilleria-cubana-rechaza-arbitraria-e-injustificada-expulsion-de-su-personal-de-ecuador\/\" \/>\n<meta property=\"og:locale\" content=\"es_ES\" \/>\n<meta property=\"og:type\" content=\"article\" \/>\n<meta property=\"og:title\" content=\"Canciller\u00eda cubana rechaza \u201carbitraria e injustificada\u201d expulsi\u00f3n de su personal de Ecuador - Cuballama Noticias\" \/>\n<meta property=\"og:description\" content=\"La canciller\u00eda cubana rechaz\u00f3 \u201cen los t\u00e9rminos m\u00e1s en\u00e9rgicos\u201d la decisi\u00f3n del gobierno del Ecuador de expulsar a su personal.\" \/>\n<meta property=\"og:url\" content=\"https:\/\/www.cuballama.com\/noticias\/cancilleria-cubana-rechaza-arbitraria-e-injustificada-expulsion-de-su-personal-de-ecuador\/\" \/>\n<meta property=\"og:site_name\" content=\"Cuballama Noticias\" \/>\n<meta property=\"article:publisher\" content=\"https:\/\/www.facebook.com\/CubaLlama\" \/>\n<meta property=\"article:published_time\" content=\"2026-03-05T10:00:00+00:00\" \/>\n<meta property=\"article:modified_time\" content=\"2026-03-05T16:03:01+00:00\" \/>\n<meta property=\"og:image\" content=\"https:\/\/cdn1.mediawpaccore.net\/wp-content\/uploads\/2026\/03\/04200338\/GIBpFtUXwAE3rK81.jpg\" \/>\n\t<meta property=\"og:image:width\" content=\"1200\" \/>\n\t<meta property=\"og:image:height\" content=\"630\" \/>\n\t<meta property=\"og:image:type\" content=\"image\/jpeg\" \/>\n<meta name=\"author\" content=\"Kathy\" \/>\n<meta name=\"twitter:card\" content=\"summary_large_image\" \/>\n<meta name=\"twitter:creator\" content=\"@cuballama\" \/>\n<meta name=\"twitter:site\" content=\"@cuballama\" \/>\n<meta name=\"twitter:label1\" content=\"Escrito por\" \/>\n\t<meta name=\"twitter:data1\" content=\"Kathy\" \/>\n\t<meta name=\"twitter:label2\" content=\"Tiempo de lectura\" \/>\n\t<meta name=\"twitter:data2\" content=\"2 minutos\" \/>\n<script type=\"application\/ld+json\" class=\"yoast-schema-graph\">{\"@context\":\"https:\\\/\\\/schema.org\",\"@graph\":[{\"@type\":\"Article\",\"@id\":\"https:\\\/\\\/www.cuballama.com\\\/noticias\\\/cancilleria-cubana-rechaza-arbitraria-e-injustificada-expulsion-de-su-personal-de-ecuador\\\/#article\",\"isPartOf\":{\"@id\":\"https:\\\/\\\/www.cuballama.com\\\/noticias\\\/cancilleria-cubana-rechaza-arbitraria-e-injustificada-expulsion-de-su-personal-de-ecuador\\\/\"},\"author\":{\"name\":\"Kathy\",\"@id\":\"https:\\\/\\\/www.cuballama.com\\\/noticias\\\/#\\\/schema\\\/person\\\/86cd3e3f4974437f031211213bf892d5\"},\"headline\":\"Canciller\u00eda cubana rechaza \u201carbitraria e injustificada\u201d expulsi\u00f3n de su personal de Ecuador\",\"datePublished\":\"2026-03-05T10:00:00+00:00\",\"dateModified\":\"2026-03-05T16:03:01+00:00\",\"mainEntityOfPage\":{\"@id\":\"https:\\\/\\\/www.cuballama.com\\\/noticias\\\/cancilleria-cubana-rechaza-arbitraria-e-injustificada-expulsion-de-su-personal-de-ecuador\\\/\"},\"wordCount\":352,\"commentCount\":0,\"publisher\":{\"@id\":\"https:\\\/\\\/www.cuballama.com\\\/noticias\\\/#organization\"},\"image\":{\"@id\":\"https:\\\/\\\/www.cuballama.com\\\/noticias\\\/cancilleria-cubana-rechaza-arbitraria-e-injustificada-expulsion-de-su-personal-de-ecuador\\\/#primaryimage\"},\"thumbnailUrl\":\"https:\\\/\\\/cdn1.mediawpaccore.net\\\/wp-content\\\/uploads\\\/2026\\\/03\\\/04200338\\\/GIBpFtUXwAE3rK81.jpg\",\"keywords\":[\"cubanos en Ecuador\",\"MINREX\",\"personal diplom\u00e1tico\",\"superdestacado\"],\"articleSection\":[\"Noticias\",\"Noticias de Cuba\"],\"inLanguage\":\"es\",\"potentialAction\":[{\"@type\":\"CommentAction\",\"name\":\"Comment\",\"target\":[\"https:\\\/\\\/www.cuballama.com\\\/noticias\\\/cancilleria-cubana-rechaza-arbitraria-e-injustificada-expulsion-de-su-personal-de-ecuador\\\/#respond\"]}]},{\"@type\":\"WebPage\",\"@id\":\"https:\\\/\\\/www.cuballama.com\\\/noticias\\\/cancilleria-cubana-rechaza-arbitraria-e-injustificada-expulsion-de-su-personal-de-ecuador\\\/\",\"url\":\"https:\\\/\\\/www.cuballama.com\\\/noticias\\\/cancilleria-cubana-rechaza-arbitraria-e-injustificada-expulsion-de-su-personal-de-ecuador\\\/\",\"name\":\"Canciller\u00eda cubana rechaza \u201carbitraria e injustificada\u201d expulsi\u00f3n de su personal de Ecuador - Cuballama Noticias\",\"isPartOf\":{\"@id\":\"https:\\\/\\\/www.cuballama.com\\\/noticias\\\/#website\"},\"primaryImageOfPage\":{\"@id\":\"https:\\\/\\\/www.cuballama.com\\\/noticias\\\/cancilleria-cubana-rechaza-arbitraria-e-injustificada-expulsion-de-su-personal-de-ecuador\\\/#primaryimage\"},\"image\":{\"@id\":\"https:\\\/\\\/www.cuballama.com\\\/noticias\\\/cancilleria-cubana-rechaza-arbitraria-e-injustificada-expulsion-de-su-personal-de-ecuador\\\/#primaryimage\"},\"thumbnailUrl\":\"https:\\\/\\\/cdn1.mediawpaccore.net\\\/wp-content\\\/uploads\\\/2026\\\/03\\\/04200338\\\/GIBpFtUXwAE3rK81.jpg\",\"datePublished\":\"2026-03-05T10:00:00+00:00\",\"dateModified\":\"2026-03-05T16:03:01+00:00\",\"description\":\"La canciller\u00eda cubana rechaz\u00f3 \u201cen los t\u00e9rminos m\u00e1s en\u00e9rgicos\u201d la decisi\u00f3n del gobierno del Ecuador de expulsar a su personal.\",\"breadcrumb\":{\"@id\":\"https:\\\/\\\/www.cuballama.com\\\/noticias\\\/cancilleria-cubana-rechaza-arbitraria-e-injustificada-expulsion-de-su-personal-de-ecuador\\\/#breadcrumb\"},\"inLanguage\":\"es\",\"potentialAction\":[{\"@type\":\"ReadAction\",\"target\":[\"https:\\\/\\\/www.cuballama.com\\\/noticias\\\/cancilleria-cubana-rechaza-arbitraria-e-injustificada-expulsion-de-su-personal-de-ecuador\\\/\"]}]},{\"@type\":\"ImageObject\",\"inLanguage\":\"es\",\"@id\":\"https:\\\/\\\/www.cuballama.com\\\/noticias\\\/cancilleria-cubana-rechaza-arbitraria-e-injustificada-expulsion-de-su-personal-de-ecuador\\\/#primaryimage\",\"url\":\"https:\\\/\\\/cdn1.mediawpaccore.net\\\/wp-content\\\/uploads\\\/2026\\\/03\\\/04200338\\\/GIBpFtUXwAE3rK81.jpg\",\"contentUrl\":\"https:\\\/\\\/cdn1.mediawpaccore.net\\\/wp-content\\\/uploads\\\/2026\\\/03\\\/04200338\\\/GIBpFtUXwAE3rK81.jpg\",\"width\":1200,\"height\":630,\"caption\":\"Al centro el embajador de Cuba en Ecuador, Basilio Antonio Guti\u00e9rrez Garc\u00eda. Foto: X\\\/Alcald\u00eda Ciudadana de Otavalo.\"},{\"@type\":\"BreadcrumbList\",\"@id\":\"https:\\\/\\\/www.cuballama.com\\\/noticias\\\/cancilleria-cubana-rechaza-arbitraria-e-injustificada-expulsion-de-su-personal-de-ecuador\\\/#breadcrumb\",\"itemListElement\":[{\"@type\":\"ListItem\",\"position\":1,\"name\":\"Home\",\"item\":\"https:\\\/\\\/www.cuballama.com\\\/noticias\\\/\"},{\"@type\":\"ListItem\",\"position\":2,\"name\":\"Canciller\u00eda cubana rechaza \u201carbitraria e injustificada\u201d expulsi\u00f3n de su personal de Ecuador\"}]},{\"@type\":\"WebSite\",\"@id\":\"https:\\\/\\\/www.cuballama.com\\\/noticias\\\/#website\",\"url\":\"https:\\\/\\\/www.cuballama.com\\\/noticias\\\/\",\"name\":\"Cuballama Noticias\",\"description\":\"Medio digital sobre Cuba y el mundo\",\"publisher\":{\"@id\":\"https:\\\/\\\/www.cuballama.com\\\/noticias\\\/#organization\"},\"potentialAction\":[{\"@type\":\"SearchAction\",\"target\":{\"@type\":\"EntryPoint\",\"urlTemplate\":\"https:\\\/\\\/www.cuballama.com\\\/noticias\\\/?s={search_term_string}\"},\"query-input\":{\"@type\":\"PropertyValueSpecification\",\"valueRequired\":true,\"valueName\":\"search_term_string\"}}],\"inLanguage\":\"es\"},{\"@type\":\"Organization\",\"@id\":\"https:\\\/\\\/www.cuballama.com\\\/noticias\\\/#organization\",\"name\":\"Cuballama\",\"url\":\"https:\\\/\\\/www.cuballama.com\\\/noticias\\\/\",\"logo\":{\"@type\":\"ImageObject\",\"inLanguage\":\"es\",\"@id\":\"https:\\\/\\\/www.cuballama.com\\\/noticias\\\/#\\\/schema\\\/logo\\\/image\\\/\",\"url\":\"https:\\\/\\\/cdn1.mediawpaccore.net\\\/wp-content\\\/uploads\\\/2021\\\/12\\\/28171206\\\/cbll-logo-color-sm.png\",\"contentUrl\":\"https:\\\/\\\/cdn1.mediawpaccore.net\\\/wp-content\\\/uploads\\\/2021\\\/12\\\/28171206\\\/cbll-logo-color-sm.png\",\"width\":600,\"height\":133,\"caption\":\"Cuballama\"},\"image\":{\"@id\":\"https:\\\/\\\/www.cuballama.com\\\/noticias\\\/#\\\/schema\\\/logo\\\/image\\\/\"},\"sameAs\":[\"https:\\\/\\\/www.facebook.com\\\/CubaLlama\",\"https:\\\/\\\/x.com\\\/cuballama\",\"https:\\\/\\\/www.instagram.com\\\/stories\\\/cuballama_oficial\\\/\",\"https:\\\/\\\/www.youtube.com\\\/channel\\\/UCKkFE-d_axENGZcrc4as0IA\"]},{\"@type\":\"Person\",\"@id\":\"https:\\\/\\\/www.cuballama.com\\\/noticias\\\/#\\\/schema\\\/person\\\/86cd3e3f4974437f031211213bf892d5\",\"name\":\"Kathy\",\"url\":\"https:\\\/\\\/www.cuballama.com\\\/noticias\\\/author\\\/kathy\\\/\"}]}<\/script>\n<!-- \/ Yoast SEO plugin. -->","yoast_head_json":{"title":"Canciller\u00eda cubana rechaza \u201carbitraria e injustificada\u201d expulsi\u00f3n de su personal de Ecuador - Cuballama Noticias","description":"La canciller\u00eda cubana rechaz\u00f3 \u201cen los t\u00e9rminos m\u00e1s en\u00e9rgicos\u201d la decisi\u00f3n del gobierno del Ecuador de expulsar a su personal.","robots":{"index":"index","follow":"follow","max-snippet":"max-snippet:-1","max-image-preview":"max-image-preview:large","max-video-preview":"max-video-preview:-1"},"canonical":"https:\/\/www.cuballama.com\/noticias\/cancilleria-cubana-rechaza-arbitraria-e-injustificada-expulsion-de-su-personal-de-ecuador\/","og_locale":"es_ES","og_type":"article","og_title":"Canciller\u00eda cubana rechaza \u201carbitraria e injustificada\u201d expulsi\u00f3n de su personal de Ecuador - Cuballama Noticias","og_description":"La canciller\u00eda cubana rechaz\u00f3 \u201cen los t\u00e9rminos m\u00e1s en\u00e9rgicos\u201d la decisi\u00f3n del gobierno del Ecuador de expulsar a su personal.","og_url":"https:\/\/www.cuballama.com\/noticias\/cancilleria-cubana-rechaza-arbitraria-e-injustificada-expulsion-de-su-personal-de-ecuador\/","og_site_name":"Cuballama Noticias","article_publisher":"https:\/\/www.facebook.com\/CubaLlama","article_published_time":"2026-03-05T10:00:00+00:00","article_modified_time":"2026-03-05T16:03:01+00:00","og_image":[{"width":1200,"height":630,"url":"https:\/\/cdn1.mediawpaccore.net\/wp-content\/uploads\/2026\/03\/04200338\/GIBpFtUXwAE3rK81.jpg","type":"image\/jpeg"}],"author":"Kathy","twitter_card":"summary_large_image","twitter_creator":"@cuballama","twitter_site":"@cuballama","twitter_misc":{"Escrito por":"Kathy","Tiempo de lectura":"2 minutos"},"schema":{"@context":"https:\/\/schema.org","@graph":[{"@type":"Article","@id":"https:\/\/www.cuballama.com\/noticias\/cancilleria-cubana-rechaza-arbitraria-e-injustificada-expulsion-de-su-personal-de-ecuador\/#article","isPartOf":{"@id":"https:\/\/www.cuballama.com\/noticias\/cancilleria-cubana-rechaza-arbitraria-e-injustificada-expulsion-de-su-personal-de-ecuador\/"},"author":{"name":"Kathy","@id":"https:\/\/www.cuballama.com\/noticias\/#\/schema\/person\/86cd3e3f4974437f031211213bf892d5"},"headline":"Canciller\u00eda cubana rechaza \u201carbitraria e injustificada\u201d expulsi\u00f3n de su personal de Ecuador","datePublished":"2026-03-05T10:00:00+00:00","dateModified":"2026-03-05T16:03:01+00:00","mainEntityOfPage":{"@id":"https:\/\/www.cuballama.com\/noticias\/cancilleria-cubana-rechaza-arbitraria-e-injustificada-expulsion-de-su-personal-de-ecuador\/"},"wordCount":352,"commentCount":0,"publisher":{"@id":"https:\/\/www.cuballama.com\/noticias\/#organization"},"image":{"@id":"https:\/\/www.cuballama.com\/noticias\/cancilleria-cubana-rechaza-arbitraria-e-injustificada-expulsion-de-su-personal-de-ecuador\/#primaryimage"},"thumbnailUrl":"https:\/\/cdn1.mediawpaccore.net\/wp-content\/uploads\/2026\/03\/04200338\/GIBpFtUXwAE3rK81.jpg","keywords":["cubanos en Ecuador","MINREX","personal diplom\u00e1tico","superdestacado"],"articleSection":["Noticias","Noticias de Cuba"],"inLanguage":"es","potentialAction":[{"@type":"CommentAction","name":"Comment","target":["https:\/\/www.cuballama.com\/noticias\/cancilleria-cubana-rechaza-arbitraria-e-injustificada-expulsion-de-su-personal-de-ecuador\/#respond"]}]},{"@type":"WebPage","@id":"https:\/\/www.cuballama.com\/noticias\/cancilleria-cubana-rechaza-arbitraria-e-injustificada-expulsion-de-su-personal-de-ecuador\/","url":"https:\/\/www.cuballama.com\/noticias\/cancilleria-cubana-rechaza-arbitraria-e-injustificada-expulsion-de-su-personal-de-ecuador\/","name":"Canciller\u00eda cubana rechaza \u201carbitraria e injustificada\u201d expulsi\u00f3n de su personal de Ecuador - Cuballama Noticias","isPartOf":{"@id":"https:\/\/www.cuballama.com\/noticias\/#website"},"primaryImageOfPage":{"@id":"https:\/\/www.cuballama.com\/noticias\/cancilleria-cubana-rechaza-arbitraria-e-injustificada-expulsion-de-su-personal-de-ecuador\/#primaryimage"},"image":{"@id":"https:\/\/www.cuballama.com\/noticias\/cancilleria-cubana-rechaza-arbitraria-e-injustificada-expulsion-de-su-personal-de-ecuador\/#primaryimage"},"thumbnailUrl":"https:\/\/cdn1.mediawpaccore.net\/wp-content\/uploads\/2026\/03\/04200338\/GIBpFtUXwAE3rK81.jpg","datePublished":"2026-03-05T10:00:00+00:00","dateModified":"2026-03-05T16:03:01+00:00","description":"La canciller\u00eda cubana rechaz\u00f3 \u201cen los t\u00e9rminos m\u00e1s en\u00e9rgicos\u201d la decisi\u00f3n del gobierno del Ecuador de expulsar a su personal.","breadcrumb":{"@id":"https:\/\/www.cuballama.com\/noticias\/cancilleria-cubana-rechaza-arbitraria-e-injustificada-expulsion-de-su-personal-de-ecuador\/#breadcrumb"},"inLanguage":"es","potentialAction":[{"@type":"ReadAction","target":["https:\/\/www.cuballama.com\/noticias\/cancilleria-cubana-rechaza-arbitraria-e-injustificada-expulsion-de-su-personal-de-ecuador\/"]}]},{"@type":"ImageObject","inLanguage":"es","@id":"https:\/\/www.cuballama.com\/noticias\/cancilleria-cubana-rechaza-arbitraria-e-injustificada-expulsion-de-su-personal-de-ecuador\/#primaryimage","url":"https:\/\/cdn1.mediawpaccore.net\/wp-content\/uploads\/2026\/03\/04200338\/GIBpFtUXwAE3rK81.jpg","contentUrl":"https:\/\/cdn1.mediawpaccore.net\/wp-content\/uploads\/2026\/03\/04200338\/GIBpFtUXwAE3rK81.jpg","width":1200,"height":630,"caption":"Al centro el embajador de Cuba en Ecuador, Basilio Antonio Guti\u00e9rrez Garc\u00eda. Foto: X\/Alcald\u00eda Ciudadana de Otavalo."},{"@type":"BreadcrumbList","@id":"https:\/\/www.cuballama.com\/noticias\/cancilleria-cubana-rechaza-arbitraria-e-injustificada-expulsion-de-su-personal-de-ecuador\/#breadcrumb","itemListElement":[{"@type":"ListItem","position":1,"name":"Home","item":"https:\/\/www.cuballama.com\/noticias\/"},{"@type":"ListItem","position":2,"name":"Canciller\u00eda cubana rechaza \u201carbitraria e injustificada\u201d expulsi\u00f3n de su personal de Ecuador"}]},{"@type":"WebSite","@id":"https:\/\/www.cuballama.com\/noticias\/#website","url":"https:\/\/www.cuballama.com\/noticias\/","name":"Cuballama Noticias","description":"Medio digital sobre Cuba y el mundo","publisher":{"@id":"https:\/\/www.cuballama.com\/noticias\/#organization"},"potentialAction":[{"@type":"SearchAction","target":{"@type":"EntryPoint","urlTemplate":"https:\/\/www.cuballama.com\/noticias\/?s={search_term_string}"},"query-input":{"@type":"PropertyValueSpecification","valueRequired":true,"valueName":"search_term_string"}}],"inLanguage":"es"},{"@type":"Organization","@id":"https:\/\/www.cuballama.com\/noticias\/#organization","name":"Cuballama","url":"https:\/\/www.cuballama.com\/noticias\/","logo":{"@type":"ImageObject","inLanguage":"es","@id":"https:\/\/www.cuballama.com\/noticias\/#\/schema\/logo\/image\/","url":"https:\/\/cdn1.mediawpaccore.net\/wp-content\/uploads\/2021\/12\/28171206\/cbll-logo-color-sm.png","contentUrl":"https:\/\/cdn1.mediawpaccore.net\/wp-content\/uploads\/2021\/12\/28171206\/cbll-logo-color-sm.png","width":600,"height":133,"caption":"Cuballama"},"image":{"@id":"https:\/\/www.cuballama.com\/noticias\/#\/schema\/logo\/image\/"},"sameAs":["https:\/\/www.facebook.com\/CubaLlama","https:\/\/x.com\/cuballama","https:\/\/www.instagram.com\/stories\/cuballama_oficial\/","https:\/\/www.youtube.com\/channel\/UCKkFE-d_axENGZcrc4as0IA"]},{"@type":"Person","@id":"https:\/\/www.cuballama.com\/noticias\/#\/schema\/person\/86cd3e3f4974437f031211213bf892d5","name":"Kathy","url":"https:\/\/www.cuballama.com\/noticias\/author\/kathy\/"}]}},"_links":{"self":[{"href":"https:\/\/www.cuballama.com\/noticias\/wp-json\/wp\/v2\/posts\/237140","targetHints":{"allow":["GET"]}}],"collection":[{"href":"https:\/\/www.cuballama.com\/noticias\/wp-json\/wp\/v2\/posts"}],"about":[{"href":"https:\/\/www.cuballama.com\/noticias\/wp-json\/wp\/v2\/types\/post"}],"author":[{"embeddable":true,"href":"https:\/\/www.cuballama.com\/noticias\/wp-json\/wp\/v2\/users\/30"}],"replies":[{"embeddable":true,"href":"https:\/\/www.cuballama.com\/noticias\/wp-json\/wp\/v2\/comments?post=237140"}],"version-history":[{"count":5,"href":"https:\/\/www.cuballama.com\/noticias\/wp-json\/wp\/v2\/posts\/237140\/revisions"}],"predecessor-version":[{"id":237245,"href":"https:\/\/www.cuballama.com\/noticias\/wp-json\/wp\/v2\/posts\/237140\/revisions\/237245"}],"wp:featuredmedia":[{"embeddable":true,"href":"https:\/\/www.cuballama.com\/noticias\/wp-json\/wp\/v2\/media\/237142"}],"wp:attachment":[{"href":"https:\/\/www.cuballama.com\/noticias\/wp-json\/wp\/v2\/media?parent=237140"}],"wp:term":[{"taxonomy":"category","embeddable":true,"href":"https:\/\/www.cuballama.com\/noticias\/wp-json\/wp\/v2\/categories?post=237140"},{"taxonomy":"post_tag","embeddable":true,"href":"https:\/\/www.cuballama.com\/noticias\/wp-json\/wp\/v2\/tags?post=237140"}],"curies":[{"name":"wp","href":"https:\/\/api.w.org\/{rel}","templated":true}]}}