{"id":237123,"date":"2026-03-04T15:57:25","date_gmt":"2026-03-04T20:57:25","guid":{"rendered":"https:\/\/www.cuballama.com\/noticias\/?p=237123"},"modified":"2026-03-20T13:51:08","modified_gmt":"2026-03-20T17:51:08","slug":"ecuador-expulsa-al-embajador-y-al-resto-del-personal-diplomatico-cubano","status":"publish","type":"post","link":"https:\/\/www.cuballama.com\/noticias\/ecuador-expulsa-al-embajador-y-al-resto-del-personal-diplomatico-cubano\/","title":{"rendered":"Ecuador expulsa al embajador y al resto del personal diplom\u00e1tico cubano"},"content":{"rendered":"\n<p>El Gobierno de Ecuador declar\u00f3 \u201cpersona non grata\u201d al embajador de Cuba en Quito, Basilio Antonio Guti\u00e9rrez Garc\u00eda, y a todos los integrantes del personal diplom\u00e1tico, consular y administrativo acreditado en el pa\u00eds sudamericano.<\/p>\n\n\n\n<p>La declaraci\u00f3n oficial emitida este mi\u00e9rcoles 4 de marzo llega un d\u00eda despu\u00e9s de que el gobierno ecuatoriano anunciara el retiro de su embajador en La Habana, Jos\u00e9 Mar\u00eda Borja L\u00f3pez.<\/p>\n\n\n\n<p>Seg\u00fan confirm\u00f3 <em><a href=\"https:\/\/www.prensa-latina.cu\/2026\/03\/04\/ecuador-declara-non-grata-a-mision-diplomatica-de-cuba\/\" target=\"_blank\" rel=\"noreferrer noopener nofollow\">Prensa Latina<\/a><\/em>, a trav\u00e9s de su Direcci\u00f3n de Ceremonial y Protocolo, el Ministerio de Relaciones Exteriores y Movilidad Humana ecuatoriano notific\u00f3 a la Embajada de la Rep\u00fablica de Cuba en Ecuador que la decisi\u00f3n se adopta en aplicaci\u00f3n del Art\u00edculo 9 de la Convenci\u00f3n de Viena sobre Relaciones Diplom\u00e1ticas, el cual permite a un pa\u00eds receptor expulsar a diplom\u00e1ticos extranjeros sin tener que justificar su decisi\u00f3n.<\/p>\n\n\n\n<p>\u201cLa notificaci\u00f3n, que circula en redes sociales, no menciona los motivos de la declaraci\u00f3n ni si eso implicar\u00e1 una ruptura de las relaciones diplom\u00e1ticas entre ambos pa\u00edses\u201d, precis\u00f3 la agencia.<\/p>\n\n\n\n<iframe loading=\"lazy\" src=\"https:\/\/www.facebook.com\/plugins\/post.php?href=https%3A%2F%2Fwww.facebook.com%2Fjose.raul.gallego.2025%2Fposts%2Fpfbid029xN91srKPuH4jDF4mEdyhPbQKshaTmDWYCkp6xFggantmXLiLDJn1zdSAspaH2iUl&#038;show_text=true&#038;width=500\" width=\"500\" height=\"716\" style=\"border:none;overflow:hidden\" scrolling=\"no\" frameborder=\"0\" allowfullscreen=\"true\" allow=\"autoplay; clipboard-write; encrypted-media; picture-in-picture; web-share\"><\/iframe>\n\n\n\n<p>De acuerdo con la notificaci\u00f3n oficial, el Gobierno ecuatoriano concede un plazo de 48 horas, contadas desde la notificaci\u00f3n, para que el embajador y los funcionarios se\u00f1alados abandonen el pa\u00eds.<\/p>\n\n\n\n<p>En paralelo, el presidente Daniel Noboa firm\u00f3 el Decreto Ejecutivo 317, con el que dio por terminadas las funciones del embajador de Ecuador en La Habana, quien tambi\u00e9n representaba al pa\u00eds ante Jamaica, Dominica y San Vicente y las Granadinas, cuatro representaciones diplom\u00e1ticas con sede en la capital cubana.<\/p>\n\n\n\n<p>La decisi\u00f3n ocurre en medio de crecientes tensiones entre La Habana y Washington, y apenas un d\u00eda despu\u00e9s de que Estados Unidos y Ecuador anunciaran el inicio de operaciones militares conjuntas contra grupos criminales, destac\u00f3 <em>CNN<\/em>.<\/p>\n\n\n\n<p>Cabe recordar que Noboa, nacido en Miami, es uno de los mayores aliados del presidente Donald Trump en la regi\u00f3n, y ha fomentado la relaci\u00f3n desde su llegada al poder en 2023.<\/p>\n\n\n\n<p>Borja L\u00f3pez se convirti\u00f3 en embajador ante Cuba en octubre de 2021; en septiembre y diciembre de 2022, fue nombrado embajador ante Dominica y Jamaica, respectivamente; y finalmente se le nombr\u00f3 embajador ante San Vicente y las Granadinas en febrero de 2024.<\/p>\n","protected":false},"excerpt":{"rendered":"<p>Ecuador concedi\u00f3 48 horas a todo el personal diplom\u00e1tico cubano para abandonar el pa\u00eds. <\/p>\n","protected":false},"author":30,"featured_media":237128,"comment_status":"open","ping_status":"closed","sticky":false,"template":"","format":"standard","meta":{"_acf_changed":false,"footnotes":""},"categories":[18,955],"tags":[5404,10867,24462,24790,941,3536,29308],"class_list":{"0":"post-237123","1":"post","2":"type-post","3":"status-publish","4":"format-standard","5":"has-post-thumbnail","7":"category-noticias","8":"category-noticias-de-cuba","9":"tag-administracion-trump","10":"tag-crisis-en-cuba","11":"tag-cubanos-en-ecuador","12":"tag-daniel-noboa","13":"tag-destacado","14":"tag-personal-diplomatico","15":"tag-tensiones-diplomaticas"},"acf":[],"yoast_head":"<!-- This site is optimized with the Yoast SEO plugin v27.4 - https:\/\/yoast.com\/product\/yoast-seo-wordpress\/ -->\n<title>Ecuador expulsa al embajador y al resto del personal diplom\u00e1tico cubano - Cuballama Noticias<\/title>\n<meta name=\"description\" content=\"El Gobierno de Ecuador declar\u00f3 \u201cpersona non grata\u201d al embajador de Cuba en Quito, Basilio Antonio Guti\u00e9rrez Garc\u00eda.\" \/>\n<meta name=\"robots\" content=\"index, follow, max-snippet:-1, max-image-preview:large, max-video-preview:-1\" \/>\n<link rel=\"canonical\" href=\"https:\/\/www.cuballama.com\/noticias\/ecuador-expulsa-al-embajador-y-al-resto-del-personal-diplomatico-cubano\/\" \/>\n<meta property=\"og:locale\" content=\"es_ES\" \/>\n<meta property=\"og:type\" content=\"article\" \/>\n<meta property=\"og:title\" content=\"Ecuador expulsa al embajador y al resto del personal diplom\u00e1tico cubano - Cuballama Noticias\" \/>\n<meta property=\"og:description\" content=\"El Gobierno de Ecuador declar\u00f3 \u201cpersona non grata\u201d al embajador de Cuba en Quito, Basilio Antonio Guti\u00e9rrez Garc\u00eda.\" \/>\n<meta property=\"og:url\" content=\"https:\/\/www.cuballama.com\/noticias\/ecuador-expulsa-al-embajador-y-al-resto-del-personal-diplomatico-cubano\/\" \/>\n<meta property=\"og:site_name\" content=\"Cuballama Noticias\" \/>\n<meta property=\"article:publisher\" content=\"https:\/\/www.facebook.com\/CubaLlama\" \/>\n<meta property=\"article:published_time\" content=\"2026-03-04T20:57:25+00:00\" \/>\n<meta property=\"article:modified_time\" content=\"2026-03-20T17:51:08+00:00\" \/>\n<meta property=\"og:image\" content=\"https:\/\/cdn1.mediawpaccore.net\/wp-content\/uploads\/2026\/03\/04155209\/GIBpFtUXwAApOaL1.jpg\" \/>\n\t<meta property=\"og:image:width\" content=\"1200\" \/>\n\t<meta property=\"og:image:height\" content=\"630\" \/>\n\t<meta property=\"og:image:type\" content=\"image\/jpeg\" \/>\n<meta name=\"author\" content=\"Kathy\" \/>\n<meta name=\"twitter:card\" content=\"summary_large_image\" \/>\n<meta name=\"twitter:creator\" content=\"@cuballama\" \/>\n<meta name=\"twitter:site\" content=\"@cuballama\" \/>\n<meta name=\"twitter:label1\" content=\"Escrito por\" \/>\n\t<meta name=\"twitter:data1\" content=\"Kathy\" \/>\n\t<meta name=\"twitter:label2\" content=\"Tiempo de lectura\" \/>\n\t<meta name=\"twitter:data2\" content=\"2 minutos\" \/>\n<script type=\"application\/ld+json\" class=\"yoast-schema-graph\">{\"@context\":\"https:\\\/\\\/schema.org\",\"@graph\":[{\"@type\":\"Article\",\"@id\":\"https:\\\/\\\/www.cuballama.com\\\/noticias\\\/ecuador-expulsa-al-embajador-y-al-resto-del-personal-diplomatico-cubano\\\/#article\",\"isPartOf\":{\"@id\":\"https:\\\/\\\/www.cuballama.com\\\/noticias\\\/ecuador-expulsa-al-embajador-y-al-resto-del-personal-diplomatico-cubano\\\/\"},\"author\":{\"name\":\"Kathy\",\"@id\":\"https:\\\/\\\/www.cuballama.com\\\/noticias\\\/#\\\/schema\\\/person\\\/86cd3e3f4974437f031211213bf892d5\"},\"headline\":\"Ecuador expulsa al embajador y al resto del personal diplom\u00e1tico cubano\",\"datePublished\":\"2026-03-04T20:57:25+00:00\",\"dateModified\":\"2026-03-20T17:51:08+00:00\",\"mainEntityOfPage\":{\"@id\":\"https:\\\/\\\/www.cuballama.com\\\/noticias\\\/ecuador-expulsa-al-embajador-y-al-resto-del-personal-diplomatico-cubano\\\/\"},\"wordCount\":395,\"commentCount\":0,\"publisher\":{\"@id\":\"https:\\\/\\\/www.cuballama.com\\\/noticias\\\/#organization\"},\"image\":{\"@id\":\"https:\\\/\\\/www.cuballama.com\\\/noticias\\\/ecuador-expulsa-al-embajador-y-al-resto-del-personal-diplomatico-cubano\\\/#primaryimage\"},\"thumbnailUrl\":\"https:\\\/\\\/cdn1.mediawpaccore.net\\\/wp-content\\\/uploads\\\/2026\\\/03\\\/04155209\\\/GIBpFtUXwAApOaL1.jpg\",\"keywords\":[\"administraci\u00f3n Trump\",\"Crisis en Cuba\",\"cubanos en Ecuador\",\"Daniel Noboa\",\"destacado\",\"personal diplom\u00e1tico\",\"tensiones diplom\u00e1ticas\"],\"articleSection\":[\"Noticias\",\"Noticias de Cuba\"],\"inLanguage\":\"es\",\"potentialAction\":[{\"@type\":\"CommentAction\",\"name\":\"Comment\",\"target\":[\"https:\\\/\\\/www.cuballama.com\\\/noticias\\\/ecuador-expulsa-al-embajador-y-al-resto-del-personal-diplomatico-cubano\\\/#respond\"]}]},{\"@type\":\"WebPage\",\"@id\":\"https:\\\/\\\/www.cuballama.com\\\/noticias\\\/ecuador-expulsa-al-embajador-y-al-resto-del-personal-diplomatico-cubano\\\/\",\"url\":\"https:\\\/\\\/www.cuballama.com\\\/noticias\\\/ecuador-expulsa-al-embajador-y-al-resto-del-personal-diplomatico-cubano\\\/\",\"name\":\"Ecuador expulsa al embajador y al resto del personal diplom\u00e1tico cubano - Cuballama Noticias\",\"isPartOf\":{\"@id\":\"https:\\\/\\\/www.cuballama.com\\\/noticias\\\/#website\"},\"primaryImageOfPage\":{\"@id\":\"https:\\\/\\\/www.cuballama.com\\\/noticias\\\/ecuador-expulsa-al-embajador-y-al-resto-del-personal-diplomatico-cubano\\\/#primaryimage\"},\"image\":{\"@id\":\"https:\\\/\\\/www.cuballama.com\\\/noticias\\\/ecuador-expulsa-al-embajador-y-al-resto-del-personal-diplomatico-cubano\\\/#primaryimage\"},\"thumbnailUrl\":\"https:\\\/\\\/cdn1.mediawpaccore.net\\\/wp-content\\\/uploads\\\/2026\\\/03\\\/04155209\\\/GIBpFtUXwAApOaL1.jpg\",\"datePublished\":\"2026-03-04T20:57:25+00:00\",\"dateModified\":\"2026-03-20T17:51:08+00:00\",\"description\":\"El Gobierno de Ecuador declar\u00f3 \u201cpersona non grata\u201d al embajador de Cuba en Quito, Basilio Antonio Guti\u00e9rrez Garc\u00eda.\",\"breadcrumb\":{\"@id\":\"https:\\\/\\\/www.cuballama.com\\\/noticias\\\/ecuador-expulsa-al-embajador-y-al-resto-del-personal-diplomatico-cubano\\\/#breadcrumb\"},\"inLanguage\":\"es\",\"potentialAction\":[{\"@type\":\"ReadAction\",\"target\":[\"https:\\\/\\\/www.cuballama.com\\\/noticias\\\/ecuador-expulsa-al-embajador-y-al-resto-del-personal-diplomatico-cubano\\\/\"]}]},{\"@type\":\"ImageObject\",\"inLanguage\":\"es\",\"@id\":\"https:\\\/\\\/www.cuballama.com\\\/noticias\\\/ecuador-expulsa-al-embajador-y-al-resto-del-personal-diplomatico-cubano\\\/#primaryimage\",\"url\":\"https:\\\/\\\/cdn1.mediawpaccore.net\\\/wp-content\\\/uploads\\\/2026\\\/03\\\/04155209\\\/GIBpFtUXwAApOaL1.jpg\",\"contentUrl\":\"https:\\\/\\\/cdn1.mediawpaccore.net\\\/wp-content\\\/uploads\\\/2026\\\/03\\\/04155209\\\/GIBpFtUXwAApOaL1.jpg\",\"width\":1200,\"height\":630,\"caption\":\"Al centro el embajador de Cuba en Ecuador, Basilio Antonio Guti\u00e9rrez Garc\u00eda. Foto: X\\\/Alcald\u00eda Ciudadana de Otavalo.\"},{\"@type\":\"BreadcrumbList\",\"@id\":\"https:\\\/\\\/www.cuballama.com\\\/noticias\\\/ecuador-expulsa-al-embajador-y-al-resto-del-personal-diplomatico-cubano\\\/#breadcrumb\",\"itemListElement\":[{\"@type\":\"ListItem\",\"position\":1,\"name\":\"Home\",\"item\":\"https:\\\/\\\/www.cuballama.com\\\/noticias\\\/\"},{\"@type\":\"ListItem\",\"position\":2,\"name\":\"Ecuador expulsa al embajador y al resto del personal diplom\u00e1tico cubano\"}]},{\"@type\":\"WebSite\",\"@id\":\"https:\\\/\\\/www.cuballama.com\\\/noticias\\\/#website\",\"url\":\"https:\\\/\\\/www.cuballama.com\\\/noticias\\\/\",\"name\":\"Cuballama Noticias\",\"description\":\"Medio digital sobre Cuba y el mundo\",\"publisher\":{\"@id\":\"https:\\\/\\\/www.cuballama.com\\\/noticias\\\/#organization\"},\"potentialAction\":[{\"@type\":\"SearchAction\",\"target\":{\"@type\":\"EntryPoint\",\"urlTemplate\":\"https:\\\/\\\/www.cuballama.com\\\/noticias\\\/?s={search_term_string}\"},\"query-input\":{\"@type\":\"PropertyValueSpecification\",\"valueRequired\":true,\"valueName\":\"search_term_string\"}}],\"inLanguage\":\"es\"},{\"@type\":\"Organization\",\"@id\":\"https:\\\/\\\/www.cuballama.com\\\/noticias\\\/#organization\",\"name\":\"Cuballama\",\"url\":\"https:\\\/\\\/www.cuballama.com\\\/noticias\\\/\",\"logo\":{\"@type\":\"ImageObject\",\"inLanguage\":\"es\",\"@id\":\"https:\\\/\\\/www.cuballama.com\\\/noticias\\\/#\\\/schema\\\/logo\\\/image\\\/\",\"url\":\"https:\\\/\\\/cdn1.mediawpaccore.net\\\/wp-content\\\/uploads\\\/2021\\\/12\\\/28171206\\\/cbll-logo-color-sm.png\",\"contentUrl\":\"https:\\\/\\\/cdn1.mediawpaccore.net\\\/wp-content\\\/uploads\\\/2021\\\/12\\\/28171206\\\/cbll-logo-color-sm.png\",\"width\":600,\"height\":133,\"caption\":\"Cuballama\"},\"image\":{\"@id\":\"https:\\\/\\\/www.cuballama.com\\\/noticias\\\/#\\\/schema\\\/logo\\\/image\\\/\"},\"sameAs\":[\"https:\\\/\\\/www.facebook.com\\\/CubaLlama\",\"https:\\\/\\\/x.com\\\/cuballama\",\"https:\\\/\\\/www.instagram.com\\\/stories\\\/cuballama_oficial\\\/\",\"https:\\\/\\\/www.youtube.com\\\/channel\\\/UCKkFE-d_axENGZcrc4as0IA\"]},{\"@type\":\"Person\",\"@id\":\"https:\\\/\\\/www.cuballama.com\\\/noticias\\\/#\\\/schema\\\/person\\\/86cd3e3f4974437f031211213bf892d5\",\"name\":\"Kathy\",\"url\":\"https:\\\/\\\/www.cuballama.com\\\/noticias\\\/author\\\/kathy\\\/\"}]}<\/script>\n<!-- \/ Yoast SEO plugin. -->","yoast_head_json":{"title":"Ecuador expulsa al embajador y al resto del personal diplom\u00e1tico cubano - Cuballama Noticias","description":"El Gobierno de Ecuador declar\u00f3 \u201cpersona non grata\u201d al embajador de Cuba en Quito, Basilio Antonio Guti\u00e9rrez Garc\u00eda.","robots":{"index":"index","follow":"follow","max-snippet":"max-snippet:-1","max-image-preview":"max-image-preview:large","max-video-preview":"max-video-preview:-1"},"canonical":"https:\/\/www.cuballama.com\/noticias\/ecuador-expulsa-al-embajador-y-al-resto-del-personal-diplomatico-cubano\/","og_locale":"es_ES","og_type":"article","og_title":"Ecuador expulsa al embajador y al resto del personal diplom\u00e1tico cubano - Cuballama Noticias","og_description":"El Gobierno de Ecuador declar\u00f3 \u201cpersona non grata\u201d al embajador de Cuba en Quito, Basilio Antonio Guti\u00e9rrez Garc\u00eda.","og_url":"https:\/\/www.cuballama.com\/noticias\/ecuador-expulsa-al-embajador-y-al-resto-del-personal-diplomatico-cubano\/","og_site_name":"Cuballama Noticias","article_publisher":"https:\/\/www.facebook.com\/CubaLlama","article_published_time":"2026-03-04T20:57:25+00:00","article_modified_time":"2026-03-20T17:51:08+00:00","og_image":[{"width":1200,"height":630,"url":"https:\/\/cdn1.mediawpaccore.net\/wp-content\/uploads\/2026\/03\/04155209\/GIBpFtUXwAApOaL1.jpg","type":"image\/jpeg"}],"author":"Kathy","twitter_card":"summary_large_image","twitter_creator":"@cuballama","twitter_site":"@cuballama","twitter_misc":{"Escrito por":"Kathy","Tiempo de lectura":"2 minutos"},"schema":{"@context":"https:\/\/schema.org","@graph":[{"@type":"Article","@id":"https:\/\/www.cuballama.com\/noticias\/ecuador-expulsa-al-embajador-y-al-resto-del-personal-diplomatico-cubano\/#article","isPartOf":{"@id":"https:\/\/www.cuballama.com\/noticias\/ecuador-expulsa-al-embajador-y-al-resto-del-personal-diplomatico-cubano\/"},"author":{"name":"Kathy","@id":"https:\/\/www.cuballama.com\/noticias\/#\/schema\/person\/86cd3e3f4974437f031211213bf892d5"},"headline":"Ecuador expulsa al embajador y al resto del personal diplom\u00e1tico cubano","datePublished":"2026-03-04T20:57:25+00:00","dateModified":"2026-03-20T17:51:08+00:00","mainEntityOfPage":{"@id":"https:\/\/www.cuballama.com\/noticias\/ecuador-expulsa-al-embajador-y-al-resto-del-personal-diplomatico-cubano\/"},"wordCount":395,"commentCount":0,"publisher":{"@id":"https:\/\/www.cuballama.com\/noticias\/#organization"},"image":{"@id":"https:\/\/www.cuballama.com\/noticias\/ecuador-expulsa-al-embajador-y-al-resto-del-personal-diplomatico-cubano\/#primaryimage"},"thumbnailUrl":"https:\/\/cdn1.mediawpaccore.net\/wp-content\/uploads\/2026\/03\/04155209\/GIBpFtUXwAApOaL1.jpg","keywords":["administraci\u00f3n Trump","Crisis en Cuba","cubanos en Ecuador","Daniel Noboa","destacado","personal diplom\u00e1tico","tensiones diplom\u00e1ticas"],"articleSection":["Noticias","Noticias de Cuba"],"inLanguage":"es","potentialAction":[{"@type":"CommentAction","name":"Comment","target":["https:\/\/www.cuballama.com\/noticias\/ecuador-expulsa-al-embajador-y-al-resto-del-personal-diplomatico-cubano\/#respond"]}]},{"@type":"WebPage","@id":"https:\/\/www.cuballama.com\/noticias\/ecuador-expulsa-al-embajador-y-al-resto-del-personal-diplomatico-cubano\/","url":"https:\/\/www.cuballama.com\/noticias\/ecuador-expulsa-al-embajador-y-al-resto-del-personal-diplomatico-cubano\/","name":"Ecuador expulsa al embajador y al resto del personal diplom\u00e1tico cubano - Cuballama Noticias","isPartOf":{"@id":"https:\/\/www.cuballama.com\/noticias\/#website"},"primaryImageOfPage":{"@id":"https:\/\/www.cuballama.com\/noticias\/ecuador-expulsa-al-embajador-y-al-resto-del-personal-diplomatico-cubano\/#primaryimage"},"image":{"@id":"https:\/\/www.cuballama.com\/noticias\/ecuador-expulsa-al-embajador-y-al-resto-del-personal-diplomatico-cubano\/#primaryimage"},"thumbnailUrl":"https:\/\/cdn1.mediawpaccore.net\/wp-content\/uploads\/2026\/03\/04155209\/GIBpFtUXwAApOaL1.jpg","datePublished":"2026-03-04T20:57:25+00:00","dateModified":"2026-03-20T17:51:08+00:00","description":"El Gobierno de Ecuador declar\u00f3 \u201cpersona non grata\u201d al embajador de Cuba en Quito, Basilio Antonio Guti\u00e9rrez Garc\u00eda.","breadcrumb":{"@id":"https:\/\/www.cuballama.com\/noticias\/ecuador-expulsa-al-embajador-y-al-resto-del-personal-diplomatico-cubano\/#breadcrumb"},"inLanguage":"es","potentialAction":[{"@type":"ReadAction","target":["https:\/\/www.cuballama.com\/noticias\/ecuador-expulsa-al-embajador-y-al-resto-del-personal-diplomatico-cubano\/"]}]},{"@type":"ImageObject","inLanguage":"es","@id":"https:\/\/www.cuballama.com\/noticias\/ecuador-expulsa-al-embajador-y-al-resto-del-personal-diplomatico-cubano\/#primaryimage","url":"https:\/\/cdn1.mediawpaccore.net\/wp-content\/uploads\/2026\/03\/04155209\/GIBpFtUXwAApOaL1.jpg","contentUrl":"https:\/\/cdn1.mediawpaccore.net\/wp-content\/uploads\/2026\/03\/04155209\/GIBpFtUXwAApOaL1.jpg","width":1200,"height":630,"caption":"Al centro el embajador de Cuba en Ecuador, Basilio Antonio Guti\u00e9rrez Garc\u00eda. Foto: X\/Alcald\u00eda Ciudadana de Otavalo."},{"@type":"BreadcrumbList","@id":"https:\/\/www.cuballama.com\/noticias\/ecuador-expulsa-al-embajador-y-al-resto-del-personal-diplomatico-cubano\/#breadcrumb","itemListElement":[{"@type":"ListItem","position":1,"name":"Home","item":"https:\/\/www.cuballama.com\/noticias\/"},{"@type":"ListItem","position":2,"name":"Ecuador expulsa al embajador y al resto del personal diplom\u00e1tico cubano"}]},{"@type":"WebSite","@id":"https:\/\/www.cuballama.com\/noticias\/#website","url":"https:\/\/www.cuballama.com\/noticias\/","name":"Cuballama Noticias","description":"Medio digital sobre Cuba y el mundo","publisher":{"@id":"https:\/\/www.cuballama.com\/noticias\/#organization"},"potentialAction":[{"@type":"SearchAction","target":{"@type":"EntryPoint","urlTemplate":"https:\/\/www.cuballama.com\/noticias\/?s={search_term_string}"},"query-input":{"@type":"PropertyValueSpecification","valueRequired":true,"valueName":"search_term_string"}}],"inLanguage":"es"},{"@type":"Organization","@id":"https:\/\/www.cuballama.com\/noticias\/#organization","name":"Cuballama","url":"https:\/\/www.cuballama.com\/noticias\/","logo":{"@type":"ImageObject","inLanguage":"es","@id":"https:\/\/www.cuballama.com\/noticias\/#\/schema\/logo\/image\/","url":"https:\/\/cdn1.mediawpaccore.net\/wp-content\/uploads\/2021\/12\/28171206\/cbll-logo-color-sm.png","contentUrl":"https:\/\/cdn1.mediawpaccore.net\/wp-content\/uploads\/2021\/12\/28171206\/cbll-logo-color-sm.png","width":600,"height":133,"caption":"Cuballama"},"image":{"@id":"https:\/\/www.cuballama.com\/noticias\/#\/schema\/logo\/image\/"},"sameAs":["https:\/\/www.facebook.com\/CubaLlama","https:\/\/x.com\/cuballama","https:\/\/www.instagram.com\/stories\/cuballama_oficial\/","https:\/\/www.youtube.com\/channel\/UCKkFE-d_axENGZcrc4as0IA"]},{"@type":"Person","@id":"https:\/\/www.cuballama.com\/noticias\/#\/schema\/person\/86cd3e3f4974437f031211213bf892d5","name":"Kathy","url":"https:\/\/www.cuballama.com\/noticias\/author\/kathy\/"}]}},"_links":{"self":[{"href":"https:\/\/www.cuballama.com\/noticias\/wp-json\/wp\/v2\/posts\/237123","targetHints":{"allow":["GET"]}}],"collection":[{"href":"https:\/\/www.cuballama.com\/noticias\/wp-json\/wp\/v2\/posts"}],"about":[{"href":"https:\/\/www.cuballama.com\/noticias\/wp-json\/wp\/v2\/types\/post"}],"author":[{"embeddable":true,"href":"https:\/\/www.cuballama.com\/noticias\/wp-json\/wp\/v2\/users\/30"}],"replies":[{"embeddable":true,"href":"https:\/\/www.cuballama.com\/noticias\/wp-json\/wp\/v2\/comments?post=237123"}],"version-history":[{"count":7,"href":"https:\/\/www.cuballama.com\/noticias\/wp-json\/wp\/v2\/posts\/237123\/revisions"}],"predecessor-version":[{"id":237139,"href":"https:\/\/www.cuballama.com\/noticias\/wp-json\/wp\/v2\/posts\/237123\/revisions\/237139"}],"wp:featuredmedia":[{"embeddable":true,"href":"https:\/\/www.cuballama.com\/noticias\/wp-json\/wp\/v2\/media\/237128"}],"wp:attachment":[{"href":"https:\/\/www.cuballama.com\/noticias\/wp-json\/wp\/v2\/media?parent=237123"}],"wp:term":[{"taxonomy":"category","embeddable":true,"href":"https:\/\/www.cuballama.com\/noticias\/wp-json\/wp\/v2\/categories?post=237123"},{"taxonomy":"post_tag","embeddable":true,"href":"https:\/\/www.cuballama.com\/noticias\/wp-json\/wp\/v2\/tags?post=237123"}],"curies":[{"name":"wp","href":"https:\/\/api.w.org\/{rel}","templated":true}]}}