{"id":237098,"date":"2026-03-04T13:15:57","date_gmt":"2026-03-04T18:15:57","guid":{"rendered":"https:\/\/www.cuballama.com\/noticias\/?p=237098"},"modified":"2026-03-04T13:57:10","modified_gmt":"2026-03-04T18:57:10","slug":"nuevo-apagon-masivo-deja-sin-electricidad-al-occidente-y-el-centro-de-cuba","status":"publish","type":"post","link":"https:\/\/www.cuballama.com\/noticias\/nuevo-apagon-masivo-deja-sin-electricidad-al-occidente-y-el-centro-de-cuba\/","title":{"rendered":"Nuevo apag\u00f3n masivo deja sin electricidad al occidente y el centro de Cuba"},"content":{"rendered":"\n<p>Un nuevo apag\u00f3n nacional dej\u00f3 sin electricidad este mi\u00e9rcoles 4 de marzo a todo el occidente y el centro de Cuba, seg\u00fan confirm\u00f3 cerca de la una de la tarde la Uni\u00f3n El\u00e9ctrica (UNE).<\/p>\n\n\n\n<p>\u201cSe produjo una desconexi\u00f3n del Sistema Electroenerg\u00e9tico Nacional (SEN) desde Camag\u00fcey hasta Pinar del R\u00edo. Ya se encuentran activados todos los protocolos para el restablecimiento del SEN\u201d, fue el escueto mensaje compartido por la UNE en Facebook.<\/p>\n\n\n\n<p>La desconexi\u00f3n se debi\u00f3 a \u201cla salida inesperada\u201d de la Central Termoel\u00e9ctrica (CTE) Antonio Guiteras por \u201cun salidero en la caldera a las 12:41\u201d, precis\u00f3 el escueto comunicado.<\/p>\n\n\n\n<iframe loading=\"lazy\" src=\"https:\/\/www.facebook.com\/plugins\/post.php?href=https%3A%2F%2Fwww.facebook.com%2FUnionElectricaOficinaCentral%2Fposts%2Fpfbid02nTx1bcALUrEydtpg6MY6to1NcHPU53P2EYG2BDY5iowVkgwt8j6P7LExRjFVPMVel&#038;show_text=true&#038;width=500\" width=\"500\" height=\"429\" style=\"border:none;overflow:hidden\" scrolling=\"no\" frameborder=\"0\" allowfullscreen=\"true\" allow=\"autoplay; clipboard-write; encrypted-media; picture-in-picture; web-share\"><\/iframe>\n\n\n\n<p>No obstante, el periodista oficialista L\u00e1zaro Manuel Alonso detall\u00f3 en la misma red social que el servicio el\u00e9ctrico se encontraba interrumpido \u201cdesde la zona occidental de Las Tunas hasta Pinar del R\u00edo\u201d.<\/p>\n\n\n\n<p>\u201cSe precisan e implementan los protocolos para su restablecimiento gradual\u201d, indic\u00f3 el reportero de Canal Caribe.<a href=\"https:\/\/www.facebook.com\/CanalCaribeCuba?__cft__[0]=AZamzsv649GV-v5VYZkt0mCCfn0grsUq5LOYFnwahF6lMHI0cZ2YG-vrmlq5zADb6cwNuQtTX0kW-uZ7HumboSUx-Fn0dTWkTeno-YvVSktLcTj_XNIjSTwr9Q2oR1sZYdTdIFbozLX_9Yn9WF5nIupHuZhwhcLhkvCYyspjOei8umGWIwkv2lF6bVsseiRt8CQ&amp;__tn__=-]K-R\">&nbsp;<\/a><\/p>\n\n\n\n<p>\u201cSe interrumpi\u00f3 igualmente la se\u00f1al de Radio y Televisi\u00f3n por problemas t\u00e9cnicos\u201d, apunt\u00f3 el tambi\u00e9n director de noticieros del Sistema Informativo de la Televisi\u00f3n Cubana.<\/p>\n\n\n\n<iframe loading=\"lazy\" src=\"https:\/\/www.facebook.com\/plugins\/post.php?href=https%3A%2F%2Fwww.facebook.com%2Fvictor.alonso.1217%2Fposts%2Fpfbid02S98oc1Z1fMHVkgbSG2VMSiqAGzbcJtuF7UBubvNz1UR9FhATSieC6LdmEqMDMJirl&#038;show_text=true&#038;width=500\" width=\"500\" height=\"250\" style=\"border:none;overflow:hidden\" scrolling=\"no\" frameborder=\"0\" allowfullscreen=\"true\" allow=\"autoplay; clipboard-write; encrypted-media; picture-in-picture; web-share\"><\/iframe>\n\n\n\n<p>\u201cEl primer ministro, Manuel Marrero Cruz, se encuentra en el Despacho Nacional de Carga con el ministro de Energ\u00eda y Minas, Vicente De La O Levy, para precisar los detalles de la desconexi\u00f3n del SEN y las pr\u00f3ximas acciones a tomar para el restablecimiento del mismo\u201d, se\u00f1al\u00f3 en otro post la UNE.<\/p>\n\n\n\n<p>Esta misma ma\u00f1ana qued\u00f3 fuera de l\u00ednea la Unidad 3 de la CTE Ernesto Guevara De La Serna \u201cen v\u00eda libre de emergencia por suciedad en los CAR\u201d, seg\u00fan inform\u00f3 la UNE.<\/p>\n\n\n\n<iframe loading=\"lazy\" src=\"https:\/\/www.facebook.com\/plugins\/post.php?href=https%3A%2F%2Fwww.facebook.com%2FUnionElectricaOficinaCentral%2Fposts%2Fpfbid02pPftCwFnCmzHEGcCJ5xuaU38uUAPPHWqx7jFgRoSGpeoQSCRYamgTt7sV3VtPVSil&#038;show_text=true&#038;width=500\" width=\"500\" height=\"250\" style=\"border:none;overflow:hidden\" scrolling=\"no\" frameborder=\"0\" allowfullscreen=\"true\" allow=\"autoplay; clipboard-write; encrypted-media; picture-in-picture; web-share\"><\/iframe>\n\n\n\n<p>Antes de producirse el apag\u00f3n masivo, la UNE hab\u00eda reportado este mi\u00e9rcoles aver\u00edas en la Unidad 5 de la CTE Mariel, la Unidad 2 de la CTE Felton y las unidades 5 y 6 de la CTE Antonio Maceo; as\u00ed como procesos de mantenimiento en la Unidad 6 de la CTE Mariel, en la Unidad 5 de la CTE Nuevitas y en la Unidad 4 de la CTE Carlos Manuel de C\u00e9spedes en Cienfuegos.<\/p>\n\n\n\n<p>Seg\u00fan las autoridades, se pronosticaron adem\u00e1s limitaciones en la generaci\u00f3n t\u00e9rmica: 460 MW fuera de servicio.<\/p>\n\n\n\n<p>Hay que recordar que la isla vive una de sus peores crisis energ\u00e9ticas.\u00a0<\/p>\n\n\n\n<p>Este mismo mi\u00e9rcoles De la O Levy insisti\u00f3 en que \u201ctodos los municipios de Cuba tienen que seguir trabajando en una estrategia completa para su transici\u00f3n energ\u00e9tica\u201d, a trav\u00e9s de un inventario de las Fuerzas Renovables de Energ\u00eda que se est\u00e1n instalando en cada territorio, la suma \u201csumando a todos los actores econ\u00f3micos, priorizando servicios imprescindibles\u201d.<\/p>\n\n\n\n<p>Noticia en desarrollo<\/p>\n\n\n\n<p><\/p>\n","protected":false},"excerpt":{"rendered":"<p>Este mi\u00e9rcoles 4 de marzo se produjo una desconexi\u00f3n del Sistema Electroenerg\u00e9tico Nacional.<\/p>\n","protected":false},"author":30,"featured_media":214423,"comment_status":"open","ping_status":"closed","sticky":false,"template":"","format":"standard","meta":{"_acf_changed":false,"footnotes":""},"categories":[18,955],"tags":[22761,10867,11017],"class_list":{"0":"post-237098","1":"post","2":"type-post","3":"status-publish","4":"format-standard","5":"has-post-thumbnail","7":"category-noticias","8":"category-noticias-de-cuba","9":"tag-apagon-masivo","10":"tag-crisis-en-cuba","11":"tag-superdestacado"},"acf":[],"yoast_head":"<!-- This site is optimized with the Yoast SEO plugin v27.5 - https:\/\/yoast.com\/product\/yoast-seo-wordpress\/ -->\n<title>Nuevo apag\u00f3n masivo deja sin electricidad al occidente y el centro de Cuba - Cuballama Noticias<\/title>\n<meta name=\"description\" content=\"Un nuevo apag\u00f3n nacional dej\u00f3 sin electricidad este mi\u00e9rcoles 4 de marzo a todo el occidente y el centro de Cuba.\" \/>\n<meta name=\"robots\" content=\"index, follow, max-snippet:-1, max-image-preview:large, max-video-preview:-1\" \/>\n<link rel=\"canonical\" href=\"https:\/\/www.cuballama.com\/noticias\/nuevo-apagon-masivo-deja-sin-electricidad-al-occidente-y-el-centro-de-cuba\/\" \/>\n<meta property=\"og:locale\" content=\"es_ES\" \/>\n<meta property=\"og:type\" content=\"article\" \/>\n<meta property=\"og:title\" content=\"Nuevo apag\u00f3n masivo deja sin electricidad al occidente y el centro de Cuba - Cuballama Noticias\" \/>\n<meta property=\"og:description\" content=\"Un nuevo apag\u00f3n nacional dej\u00f3 sin electricidad este mi\u00e9rcoles 4 de marzo a todo el occidente y el centro de Cuba.\" \/>\n<meta property=\"og:url\" content=\"https:\/\/www.cuballama.com\/noticias\/nuevo-apagon-masivo-deja-sin-electricidad-al-occidente-y-el-centro-de-cuba\/\" \/>\n<meta property=\"og:site_name\" content=\"Cuballama Noticias\" \/>\n<meta property=\"article:publisher\" content=\"https:\/\/www.facebook.com\/CubaLlama\" \/>\n<meta property=\"article:published_time\" content=\"2026-03-04T18:15:57+00:00\" \/>\n<meta property=\"article:modified_time\" content=\"2026-03-04T18:57:10+00:00\" \/>\n<meta property=\"og:image\" content=\"https:\/\/cdn1.mediawpaccore.net\/wp-content\/uploads\/2025\/07\/24131442\/1753363007-severos-apagones-este-jueves-deficit-generacion-cuba-rebasa-1700-mw-2.webp\" \/>\n\t<meta property=\"og:image:width\" content=\"1200\" \/>\n\t<meta property=\"og:image:height\" content=\"630\" \/>\n\t<meta property=\"og:image:type\" content=\"image\/webp\" \/>\n<meta name=\"author\" content=\"Kathy\" \/>\n<meta name=\"twitter:card\" content=\"summary_large_image\" \/>\n<meta name=\"twitter:creator\" content=\"@cuballama\" \/>\n<meta name=\"twitter:site\" content=\"@cuballama\" \/>\n<meta name=\"twitter:label1\" content=\"Escrito por\" \/>\n\t<meta name=\"twitter:data1\" content=\"Kathy\" \/>\n\t<meta name=\"twitter:label2\" content=\"Tiempo de lectura\" \/>\n\t<meta name=\"twitter:data2\" content=\"3 minutos\" \/>\n<script type=\"application\/ld+json\" class=\"yoast-schema-graph\">{\"@context\":\"https:\\\/\\\/schema.org\",\"@graph\":[{\"@type\":\"Article\",\"@id\":\"https:\\\/\\\/www.cuballama.com\\\/noticias\\\/nuevo-apagon-masivo-deja-sin-electricidad-al-occidente-y-el-centro-de-cuba\\\/#article\",\"isPartOf\":{\"@id\":\"https:\\\/\\\/www.cuballama.com\\\/noticias\\\/nuevo-apagon-masivo-deja-sin-electricidad-al-occidente-y-el-centro-de-cuba\\\/\"},\"author\":{\"name\":\"Kathy\",\"@id\":\"https:\\\/\\\/www.cuballama.com\\\/noticias\\\/#\\\/schema\\\/person\\\/86cd3e3f4974437f031211213bf892d5\"},\"headline\":\"Nuevo apag\u00f3n masivo deja sin electricidad al occidente y el centro de Cuba\",\"datePublished\":\"2026-03-04T18:15:57+00:00\",\"dateModified\":\"2026-03-04T18:57:10+00:00\",\"mainEntityOfPage\":{\"@id\":\"https:\\\/\\\/www.cuballama.com\\\/noticias\\\/nuevo-apagon-masivo-deja-sin-electricidad-al-occidente-y-el-centro-de-cuba\\\/\"},\"wordCount\":466,\"commentCount\":0,\"publisher\":{\"@id\":\"https:\\\/\\\/www.cuballama.com\\\/noticias\\\/#organization\"},\"image\":{\"@id\":\"https:\\\/\\\/www.cuballama.com\\\/noticias\\\/nuevo-apagon-masivo-deja-sin-electricidad-al-occidente-y-el-centro-de-cuba\\\/#primaryimage\"},\"thumbnailUrl\":\"https:\\\/\\\/cdn1.mediawpaccore.net\\\/wp-content\\\/uploads\\\/2025\\\/07\\\/24131442\\\/1753363007-severos-apagones-este-jueves-deficit-generacion-cuba-rebasa-1700-mw-2.webp\",\"keywords\":[\"apag\u00f3n masivo\",\"Crisis en Cuba\",\"superdestacado\"],\"articleSection\":[\"Noticias\",\"Noticias de Cuba\"],\"inLanguage\":\"es\",\"potentialAction\":[{\"@type\":\"CommentAction\",\"name\":\"Comment\",\"target\":[\"https:\\\/\\\/www.cuballama.com\\\/noticias\\\/nuevo-apagon-masivo-deja-sin-electricidad-al-occidente-y-el-centro-de-cuba\\\/#respond\"]}]},{\"@type\":\"WebPage\",\"@id\":\"https:\\\/\\\/www.cuballama.com\\\/noticias\\\/nuevo-apagon-masivo-deja-sin-electricidad-al-occidente-y-el-centro-de-cuba\\\/\",\"url\":\"https:\\\/\\\/www.cuballama.com\\\/noticias\\\/nuevo-apagon-masivo-deja-sin-electricidad-al-occidente-y-el-centro-de-cuba\\\/\",\"name\":\"Nuevo apag\u00f3n masivo deja sin electricidad al occidente y el centro de Cuba - Cuballama Noticias\",\"isPartOf\":{\"@id\":\"https:\\\/\\\/www.cuballama.com\\\/noticias\\\/#website\"},\"primaryImageOfPage\":{\"@id\":\"https:\\\/\\\/www.cuballama.com\\\/noticias\\\/nuevo-apagon-masivo-deja-sin-electricidad-al-occidente-y-el-centro-de-cuba\\\/#primaryimage\"},\"image\":{\"@id\":\"https:\\\/\\\/www.cuballama.com\\\/noticias\\\/nuevo-apagon-masivo-deja-sin-electricidad-al-occidente-y-el-centro-de-cuba\\\/#primaryimage\"},\"thumbnailUrl\":\"https:\\\/\\\/cdn1.mediawpaccore.net\\\/wp-content\\\/uploads\\\/2025\\\/07\\\/24131442\\\/1753363007-severos-apagones-este-jueves-deficit-generacion-cuba-rebasa-1700-mw-2.webp\",\"datePublished\":\"2026-03-04T18:15:57+00:00\",\"dateModified\":\"2026-03-04T18:57:10+00:00\",\"description\":\"Un nuevo apag\u00f3n nacional dej\u00f3 sin electricidad este mi\u00e9rcoles 4 de marzo a todo el occidente y el centro de Cuba.\",\"breadcrumb\":{\"@id\":\"https:\\\/\\\/www.cuballama.com\\\/noticias\\\/nuevo-apagon-masivo-deja-sin-electricidad-al-occidente-y-el-centro-de-cuba\\\/#breadcrumb\"},\"inLanguage\":\"es\",\"potentialAction\":[{\"@type\":\"ReadAction\",\"target\":[\"https:\\\/\\\/www.cuballama.com\\\/noticias\\\/nuevo-apagon-masivo-deja-sin-electricidad-al-occidente-y-el-centro-de-cuba\\\/\"]}]},{\"@type\":\"ImageObject\",\"inLanguage\":\"es\",\"@id\":\"https:\\\/\\\/www.cuballama.com\\\/noticias\\\/nuevo-apagon-masivo-deja-sin-electricidad-al-occidente-y-el-centro-de-cuba\\\/#primaryimage\",\"url\":\"https:\\\/\\\/cdn1.mediawpaccore.net\\\/wp-content\\\/uploads\\\/2025\\\/07\\\/24131442\\\/1753363007-severos-apagones-este-jueves-deficit-generacion-cuba-rebasa-1700-mw-2.webp\",\"contentUrl\":\"https:\\\/\\\/cdn1.mediawpaccore.net\\\/wp-content\\\/uploads\\\/2025\\\/07\\\/24131442\\\/1753363007-severos-apagones-este-jueves-deficit-generacion-cuba-rebasa-1700-mw-2.webp\",\"width\":1200,\"height\":630,\"caption\":\"Apagones en Sancti Sp\u00edritus. Foto de referencia: Facebook\\\/Dunieski P\u00e9rez.\"},{\"@type\":\"BreadcrumbList\",\"@id\":\"https:\\\/\\\/www.cuballama.com\\\/noticias\\\/nuevo-apagon-masivo-deja-sin-electricidad-al-occidente-y-el-centro-de-cuba\\\/#breadcrumb\",\"itemListElement\":[{\"@type\":\"ListItem\",\"position\":1,\"name\":\"Home\",\"item\":\"https:\\\/\\\/www.cuballama.com\\\/noticias\\\/\"},{\"@type\":\"ListItem\",\"position\":2,\"name\":\"Nuevo apag\u00f3n masivo deja sin electricidad al occidente y el centro de Cuba\"}]},{\"@type\":\"WebSite\",\"@id\":\"https:\\\/\\\/www.cuballama.com\\\/noticias\\\/#website\",\"url\":\"https:\\\/\\\/www.cuballama.com\\\/noticias\\\/\",\"name\":\"Cuballama Noticias\",\"description\":\"Medio digital sobre Cuba y el mundo\",\"publisher\":{\"@id\":\"https:\\\/\\\/www.cuballama.com\\\/noticias\\\/#organization\"},\"potentialAction\":[{\"@type\":\"SearchAction\",\"target\":{\"@type\":\"EntryPoint\",\"urlTemplate\":\"https:\\\/\\\/www.cuballama.com\\\/noticias\\\/?s={search_term_string}\"},\"query-input\":{\"@type\":\"PropertyValueSpecification\",\"valueRequired\":true,\"valueName\":\"search_term_string\"}}],\"inLanguage\":\"es\"},{\"@type\":\"Organization\",\"@id\":\"https:\\\/\\\/www.cuballama.com\\\/noticias\\\/#organization\",\"name\":\"Cuballama\",\"url\":\"https:\\\/\\\/www.cuballama.com\\\/noticias\\\/\",\"logo\":{\"@type\":\"ImageObject\",\"inLanguage\":\"es\",\"@id\":\"https:\\\/\\\/www.cuballama.com\\\/noticias\\\/#\\\/schema\\\/logo\\\/image\\\/\",\"url\":\"https:\\\/\\\/cdn1.mediawpaccore.net\\\/wp-content\\\/uploads\\\/2021\\\/12\\\/28171206\\\/cbll-logo-color-sm.png\",\"contentUrl\":\"https:\\\/\\\/cdn1.mediawpaccore.net\\\/wp-content\\\/uploads\\\/2021\\\/12\\\/28171206\\\/cbll-logo-color-sm.png\",\"width\":600,\"height\":133,\"caption\":\"Cuballama\"},\"image\":{\"@id\":\"https:\\\/\\\/www.cuballama.com\\\/noticias\\\/#\\\/schema\\\/logo\\\/image\\\/\"},\"sameAs\":[\"https:\\\/\\\/www.facebook.com\\\/CubaLlama\",\"https:\\\/\\\/x.com\\\/cuballama\",\"https:\\\/\\\/www.instagram.com\\\/stories\\\/cuballama_oficial\\\/\",\"https:\\\/\\\/www.youtube.com\\\/channel\\\/UCKkFE-d_axENGZcrc4as0IA\"]},{\"@type\":\"Person\",\"@id\":\"https:\\\/\\\/www.cuballama.com\\\/noticias\\\/#\\\/schema\\\/person\\\/86cd3e3f4974437f031211213bf892d5\",\"name\":\"Kathy\",\"url\":\"https:\\\/\\\/www.cuballama.com\\\/noticias\\\/author\\\/kathy\\\/\"}]}<\/script>\n<!-- \/ Yoast SEO plugin. -->","yoast_head_json":{"title":"Nuevo apag\u00f3n masivo deja sin electricidad al occidente y el centro de Cuba - Cuballama Noticias","description":"Un nuevo apag\u00f3n nacional dej\u00f3 sin electricidad este mi\u00e9rcoles 4 de marzo a todo el occidente y el centro de Cuba.","robots":{"index":"index","follow":"follow","max-snippet":"max-snippet:-1","max-image-preview":"max-image-preview:large","max-video-preview":"max-video-preview:-1"},"canonical":"https:\/\/www.cuballama.com\/noticias\/nuevo-apagon-masivo-deja-sin-electricidad-al-occidente-y-el-centro-de-cuba\/","og_locale":"es_ES","og_type":"article","og_title":"Nuevo apag\u00f3n masivo deja sin electricidad al occidente y el centro de Cuba - Cuballama Noticias","og_description":"Un nuevo apag\u00f3n nacional dej\u00f3 sin electricidad este mi\u00e9rcoles 4 de marzo a todo el occidente y el centro de Cuba.","og_url":"https:\/\/www.cuballama.com\/noticias\/nuevo-apagon-masivo-deja-sin-electricidad-al-occidente-y-el-centro-de-cuba\/","og_site_name":"Cuballama Noticias","article_publisher":"https:\/\/www.facebook.com\/CubaLlama","article_published_time":"2026-03-04T18:15:57+00:00","article_modified_time":"2026-03-04T18:57:10+00:00","og_image":[{"width":1200,"height":630,"url":"https:\/\/cdn1.mediawpaccore.net\/wp-content\/uploads\/2025\/07\/24131442\/1753363007-severos-apagones-este-jueves-deficit-generacion-cuba-rebasa-1700-mw-2.webp","type":"image\/webp"}],"author":"Kathy","twitter_card":"summary_large_image","twitter_creator":"@cuballama","twitter_site":"@cuballama","twitter_misc":{"Escrito por":"Kathy","Tiempo de lectura":"3 minutos"},"schema":{"@context":"https:\/\/schema.org","@graph":[{"@type":"Article","@id":"https:\/\/www.cuballama.com\/noticias\/nuevo-apagon-masivo-deja-sin-electricidad-al-occidente-y-el-centro-de-cuba\/#article","isPartOf":{"@id":"https:\/\/www.cuballama.com\/noticias\/nuevo-apagon-masivo-deja-sin-electricidad-al-occidente-y-el-centro-de-cuba\/"},"author":{"name":"Kathy","@id":"https:\/\/www.cuballama.com\/noticias\/#\/schema\/person\/86cd3e3f4974437f031211213bf892d5"},"headline":"Nuevo apag\u00f3n masivo deja sin electricidad al occidente y el centro de Cuba","datePublished":"2026-03-04T18:15:57+00:00","dateModified":"2026-03-04T18:57:10+00:00","mainEntityOfPage":{"@id":"https:\/\/www.cuballama.com\/noticias\/nuevo-apagon-masivo-deja-sin-electricidad-al-occidente-y-el-centro-de-cuba\/"},"wordCount":466,"commentCount":0,"publisher":{"@id":"https:\/\/www.cuballama.com\/noticias\/#organization"},"image":{"@id":"https:\/\/www.cuballama.com\/noticias\/nuevo-apagon-masivo-deja-sin-electricidad-al-occidente-y-el-centro-de-cuba\/#primaryimage"},"thumbnailUrl":"https:\/\/cdn1.mediawpaccore.net\/wp-content\/uploads\/2025\/07\/24131442\/1753363007-severos-apagones-este-jueves-deficit-generacion-cuba-rebasa-1700-mw-2.webp","keywords":["apag\u00f3n masivo","Crisis en Cuba","superdestacado"],"articleSection":["Noticias","Noticias de Cuba"],"inLanguage":"es","potentialAction":[{"@type":"CommentAction","name":"Comment","target":["https:\/\/www.cuballama.com\/noticias\/nuevo-apagon-masivo-deja-sin-electricidad-al-occidente-y-el-centro-de-cuba\/#respond"]}]},{"@type":"WebPage","@id":"https:\/\/www.cuballama.com\/noticias\/nuevo-apagon-masivo-deja-sin-electricidad-al-occidente-y-el-centro-de-cuba\/","url":"https:\/\/www.cuballama.com\/noticias\/nuevo-apagon-masivo-deja-sin-electricidad-al-occidente-y-el-centro-de-cuba\/","name":"Nuevo apag\u00f3n masivo deja sin electricidad al occidente y el centro de Cuba - Cuballama Noticias","isPartOf":{"@id":"https:\/\/www.cuballama.com\/noticias\/#website"},"primaryImageOfPage":{"@id":"https:\/\/www.cuballama.com\/noticias\/nuevo-apagon-masivo-deja-sin-electricidad-al-occidente-y-el-centro-de-cuba\/#primaryimage"},"image":{"@id":"https:\/\/www.cuballama.com\/noticias\/nuevo-apagon-masivo-deja-sin-electricidad-al-occidente-y-el-centro-de-cuba\/#primaryimage"},"thumbnailUrl":"https:\/\/cdn1.mediawpaccore.net\/wp-content\/uploads\/2025\/07\/24131442\/1753363007-severos-apagones-este-jueves-deficit-generacion-cuba-rebasa-1700-mw-2.webp","datePublished":"2026-03-04T18:15:57+00:00","dateModified":"2026-03-04T18:57:10+00:00","description":"Un nuevo apag\u00f3n nacional dej\u00f3 sin electricidad este mi\u00e9rcoles 4 de marzo a todo el occidente y el centro de Cuba.","breadcrumb":{"@id":"https:\/\/www.cuballama.com\/noticias\/nuevo-apagon-masivo-deja-sin-electricidad-al-occidente-y-el-centro-de-cuba\/#breadcrumb"},"inLanguage":"es","potentialAction":[{"@type":"ReadAction","target":["https:\/\/www.cuballama.com\/noticias\/nuevo-apagon-masivo-deja-sin-electricidad-al-occidente-y-el-centro-de-cuba\/"]}]},{"@type":"ImageObject","inLanguage":"es","@id":"https:\/\/www.cuballama.com\/noticias\/nuevo-apagon-masivo-deja-sin-electricidad-al-occidente-y-el-centro-de-cuba\/#primaryimage","url":"https:\/\/cdn1.mediawpaccore.net\/wp-content\/uploads\/2025\/07\/24131442\/1753363007-severos-apagones-este-jueves-deficit-generacion-cuba-rebasa-1700-mw-2.webp","contentUrl":"https:\/\/cdn1.mediawpaccore.net\/wp-content\/uploads\/2025\/07\/24131442\/1753363007-severos-apagones-este-jueves-deficit-generacion-cuba-rebasa-1700-mw-2.webp","width":1200,"height":630,"caption":"Apagones en Sancti Sp\u00edritus. Foto de referencia: Facebook\/Dunieski P\u00e9rez."},{"@type":"BreadcrumbList","@id":"https:\/\/www.cuballama.com\/noticias\/nuevo-apagon-masivo-deja-sin-electricidad-al-occidente-y-el-centro-de-cuba\/#breadcrumb","itemListElement":[{"@type":"ListItem","position":1,"name":"Home","item":"https:\/\/www.cuballama.com\/noticias\/"},{"@type":"ListItem","position":2,"name":"Nuevo apag\u00f3n masivo deja sin electricidad al occidente y el centro de Cuba"}]},{"@type":"WebSite","@id":"https:\/\/www.cuballama.com\/noticias\/#website","url":"https:\/\/www.cuballama.com\/noticias\/","name":"Cuballama Noticias","description":"Medio digital sobre Cuba y el mundo","publisher":{"@id":"https:\/\/www.cuballama.com\/noticias\/#organization"},"potentialAction":[{"@type":"SearchAction","target":{"@type":"EntryPoint","urlTemplate":"https:\/\/www.cuballama.com\/noticias\/?s={search_term_string}"},"query-input":{"@type":"PropertyValueSpecification","valueRequired":true,"valueName":"search_term_string"}}],"inLanguage":"es"},{"@type":"Organization","@id":"https:\/\/www.cuballama.com\/noticias\/#organization","name":"Cuballama","url":"https:\/\/www.cuballama.com\/noticias\/","logo":{"@type":"ImageObject","inLanguage":"es","@id":"https:\/\/www.cuballama.com\/noticias\/#\/schema\/logo\/image\/","url":"https:\/\/cdn1.mediawpaccore.net\/wp-content\/uploads\/2021\/12\/28171206\/cbll-logo-color-sm.png","contentUrl":"https:\/\/cdn1.mediawpaccore.net\/wp-content\/uploads\/2021\/12\/28171206\/cbll-logo-color-sm.png","width":600,"height":133,"caption":"Cuballama"},"image":{"@id":"https:\/\/www.cuballama.com\/noticias\/#\/schema\/logo\/image\/"},"sameAs":["https:\/\/www.facebook.com\/CubaLlama","https:\/\/x.com\/cuballama","https:\/\/www.instagram.com\/stories\/cuballama_oficial\/","https:\/\/www.youtube.com\/channel\/UCKkFE-d_axENGZcrc4as0IA"]},{"@type":"Person","@id":"https:\/\/www.cuballama.com\/noticias\/#\/schema\/person\/86cd3e3f4974437f031211213bf892d5","name":"Kathy","url":"https:\/\/www.cuballama.com\/noticias\/author\/kathy\/"}]}},"_links":{"self":[{"href":"https:\/\/www.cuballama.com\/noticias\/wp-json\/wp\/v2\/posts\/237098","targetHints":{"allow":["GET"]}}],"collection":[{"href":"https:\/\/www.cuballama.com\/noticias\/wp-json\/wp\/v2\/posts"}],"about":[{"href":"https:\/\/www.cuballama.com\/noticias\/wp-json\/wp\/v2\/types\/post"}],"author":[{"embeddable":true,"href":"https:\/\/www.cuballama.com\/noticias\/wp-json\/wp\/v2\/users\/30"}],"replies":[{"embeddable":true,"href":"https:\/\/www.cuballama.com\/noticias\/wp-json\/wp\/v2\/comments?post=237098"}],"version-history":[{"count":7,"href":"https:\/\/www.cuballama.com\/noticias\/wp-json\/wp\/v2\/posts\/237098\/revisions"}],"predecessor-version":[{"id":237109,"href":"https:\/\/www.cuballama.com\/noticias\/wp-json\/wp\/v2\/posts\/237098\/revisions\/237109"}],"wp:featuredmedia":[{"embeddable":true,"href":"https:\/\/www.cuballama.com\/noticias\/wp-json\/wp\/v2\/media\/214423"}],"wp:attachment":[{"href":"https:\/\/www.cuballama.com\/noticias\/wp-json\/wp\/v2\/media?parent=237098"}],"wp:term":[{"taxonomy":"category","embeddable":true,"href":"https:\/\/www.cuballama.com\/noticias\/wp-json\/wp\/v2\/categories?post=237098"},{"taxonomy":"post_tag","embeddable":true,"href":"https:\/\/www.cuballama.com\/noticias\/wp-json\/wp\/v2\/tags?post=237098"}],"curies":[{"name":"wp","href":"https:\/\/api.w.org\/{rel}","templated":true}]}}