{"id":237076,"date":"2026-03-04T07:16:37","date_gmt":"2026-03-04T12:16:37","guid":{"rendered":"https:\/\/www.cuballama.com\/noticias\/?p=237076"},"modified":"2026-03-04T07:16:39","modified_gmt":"2026-03-04T12:16:39","slug":"madre-cubana-denuncia-corrupcion-y-encubrimiento-de-autoridades-en-atropello-de-su-hijo-ocurrido-el-2018","status":"publish","type":"post","link":"https:\/\/www.cuballama.com\/noticias\/madre-cubana-denuncia-corrupcion-y-encubrimiento-de-autoridades-en-atropello-de-su-hijo-ocurrido-el-2018\/","title":{"rendered":"Madre cubana denuncia corrupci\u00f3n y encubrimiento de autoridades en atropello de su hijo, ocurrido el 2018"},"content":{"rendered":"\n<p>Una madre cubana residente en Espa\u00f1a ha vuelto a denunciar p\u00fablicamente, mediante un comentario dejado en una publicaci\u00f3n en redes sociales del peri\u00f3dico oficialista matancero Gir\u00f3n, lo que considera un caso de corrupci\u00f3n y encubrimiento por parte de autoridades cubanas tras la muerte de su hijo de 13 a\u00f1os, atropellado en la ciudad de C\u00e1rdenas, Matanzas, el 18 de enero de 2018.<\/p>\n\n\n\n<p>La denuncia fue publicada en redes sociales por <strong><a href=\"https:\/\/www.facebook.com\/profile.php?id=100090922413841\" target=\"_blank\" rel=\"noreferrer noopener nofollow\">Ismary Otero<\/a><\/strong>, quien actualmente vive en Carballi\u00f1o, Galicia, y asegura que durante a\u00f1os ha intentado obtener justicia por la muerte del menor, sin resultados. Seg\u00fan su testimonio, el accidente ocurri\u00f3 alrededor de las seis de la tarde cuando un camionero \u2014a quien identifica con el apellido Mu\u00f1is (o Mu\u00f1iz)\u2014 atropell\u00f3 al ni\u00f1o mientras este circulaba en bicicleta junto a un amigo.<\/p>\n\n\n\n<p>De acuerdo con el relato de la madre, quien en su perfil de Facebook tiene varias fotos de ella junto al menor, el conductor manejaba un cami\u00f3n que distribu\u00eda harina para panader\u00edas y bodegas en la zona. Otero afirma que el hombre se encontraba fuera de horario laboral, vestido con chancletas y camiseta, presuntamente bajo los efectos del alcohol y escuchando m\u00fasica con manos libres. En esas condiciones, sostiene, adelant\u00f3 por la derecha a un coche de caballo, y en la maniobra, ilegal, impact\u00f3 al menor y caus\u00f3 su muerte. <\/p>\n\n\n\n<p>\u201c\u00c9l iba bien en su bicicleta con su amigo\u201d, escribi\u00f3 la mujer en Facebook.<\/p>\n\n\n\n<p>Otero sostiene adem\u00e1s que el proceso judicial posterior estuvo marcado por irregularidades. Seg\u00fan su versi\u00f3n, en el primer peritaje el conductor fue declarado culpable, pero posteriormente se realizaron nuevos an\u00e1lisis t\u00e9cnicos que cambiaron la conclusi\u00f3n inicial. La madre asegura que esos peritajes fueron manipulados para favorecer al acusado.<\/p>\n\n\n\n<p>En su publicaci\u00f3n, tambi\u00e9n menciona a funcionarios del sistema judicial que, seg\u00fan afirma, participaron en el proceso, incluyendo a una fiscal identificada como Kenia. <\/p>\n\n\n\n<p>\u201cFueron tres juicios y tres peritajes. Cuando el primer peritaje lo declararon culpable, buscaron otros peritos corruptos\u201d, denunci\u00f3.<\/p>\n\n\n\n<p>La mujer afirma que durante el proceso lleg\u00f3 a escuchar frases que interpret\u00f3 como una forma de presi\u00f3n para cerrar el caso. <\/p>\n\n\n\n<p>\u201cNo digas m\u00e1s, que no le quitaron la licencia y eso no te va a devolver a tu hijo\u201d, asegura que le dijeron en alg\u00fan momento del procedimiento.<\/p>\n\n\n\n<p>Siete a\u00f1os despu\u00e9s del hecho, el dolor contin\u00faa muy presente en la familia. <\/p>\n\n\n\n<p>La hermana del menor, Lisy S\u00e1nchez Otero, record\u00f3 el pasado 18 de enero el aniversario de la tragedia con un <a href=\"https:\/\/www.facebook.com\/lisy.sanchezotero\/posts\/pfbid027GCFc4abq2dBq1fR7dxKGdNcFXJtcp4MHjEffFNWoMardgRQ3JUkLGBQTkgKm1J4l\">mensaje en redes sociales <\/a>en el que expres\u00f3 el impacto permanente de la p\u00e9rdida, al compartir un reel publicado por ella en el 2024.<\/p>\n\n\n\n<p>En otra publicaci\u00f3n compartida por ella en<em><a href=\"https:\/\/www.facebook.com\/lisy.sanchezotero\/posts\/pfbid0282KEphrT3vYjd4zUz8i8HNnZrdbwaXVDBq8MBXeGUyqg7MvWa9pF8cTjEgKBHAswl\" target=\"_blank\" rel=\"noreferrer noopener nofollow\"> Facebook<\/a><\/em>, hecha el pasado a\u00f1o, dijo:<\/p>\n\n\n\n<p>\u201cNos arrancaron el coraz\u00f3n ese 18 de enero de 2018. La vida no ha sido igual sin ti\u201d, escribi\u00f3, al recordar a su hermano como \u201cel rubio m\u00e1s lindo del mundo\u201d y \u201cun ni\u00f1o cari\u00f1oso y bueno\u201d.<\/p>\n\n\n\n<p>Las denuncias de la madre han reavivado el caso en redes sociales, donde varios usuarios han compartido el testimonio y reclamado que se revisen las circunstancias del accidente y el proceso judicial que sigui\u00f3 al atropello.<\/p>\n\n\n\n<p>Hasta el momento no existe una respuesta p\u00fablica reciente de las autoridades cubanas sobre las acusaciones de encubrimiento planteadas por la familia.<br><\/p>\n","protected":false},"excerpt":{"rendered":"<p>Una madre cubana denuncia en redes irregularidades y encubrimiento en el proceso judicial por el atropello que mat\u00f3 a su hijo en C\u00e1rdenas en 2018.<\/p>\n","protected":false},"author":13,"featured_media":237078,"comment_status":"open","ping_status":"closed","sticky":false,"template":"","format":"standard","meta":{"_acf_changed":false,"footnotes":""},"categories":[18,955],"tags":[30843,30842,5097,30279,9339,1816],"class_list":{"0":"post-237076","1":"post","2":"type-post","3":"status-publish","4":"format-standard","5":"has-post-thumbnail","7":"category-noticias","8":"category-noticias-de-cuba","9":"tag-accidente-de-transito-cuba","10":"tag-atropello-en-cuba","11":"tag-cardenas","12":"tag-denuncias-en-redes","13":"tag-justicia-en-cuba","14":"tag-matanzas"},"acf":[],"yoast_head":"<!-- This site is optimized with the Yoast SEO plugin v27.4 - https:\/\/yoast.com\/product\/yoast-seo-wordpress\/ -->\n<title>Madre cubana denuncia corrupci\u00f3n y encubrimiento de autoridades en atropello de su hijo, ocurrido el 2018 - Cuballama Noticias<\/title>\n<meta name=\"description\" content=\"Madre cubana denuncia corrupci\u00f3n y encubrimiento tras atropello que caus\u00f3 la muerte de su hijo de 13 a\u00f1os en C\u00e1rdenas, Matanzas.\" \/>\n<meta name=\"robots\" content=\"index, follow, max-snippet:-1, max-image-preview:large, max-video-preview:-1\" \/>\n<link rel=\"canonical\" href=\"https:\/\/www.cuballama.com\/noticias\/madre-cubana-denuncia-corrupcion-y-encubrimiento-de-autoridades-en-atropello-de-su-hijo-ocurrido-el-2018\/\" \/>\n<meta property=\"og:locale\" content=\"es_ES\" \/>\n<meta property=\"og:type\" content=\"article\" \/>\n<meta property=\"og:title\" content=\"Madre cubana denuncia corrupci\u00f3n y encubrimiento de autoridades en atropello de su hijo, ocurrido el 2018 - Cuballama Noticias\" \/>\n<meta property=\"og:description\" content=\"Madre cubana denuncia corrupci\u00f3n y encubrimiento tras atropello que caus\u00f3 la muerte de su hijo de 13 a\u00f1os en C\u00e1rdenas, Matanzas.\" \/>\n<meta property=\"og:url\" content=\"https:\/\/www.cuballama.com\/noticias\/madre-cubana-denuncia-corrupcion-y-encubrimiento-de-autoridades-en-atropello-de-su-hijo-ocurrido-el-2018\/\" \/>\n<meta property=\"og:site_name\" content=\"Cuballama Noticias\" \/>\n<meta property=\"article:publisher\" content=\"https:\/\/www.facebook.com\/CubaLlama\" \/>\n<meta property=\"article:published_time\" content=\"2026-03-04T12:16:37+00:00\" \/>\n<meta property=\"article:modified_time\" content=\"2026-03-04T12:16:39+00:00\" \/>\n<meta property=\"og:image\" content=\"https:\/\/cdn1.mediawpaccore.net\/wp-content\/uploads\/2026\/03\/04065622\/image-12.png\" \/>\n\t<meta property=\"og:image:width\" content=\"1580\" \/>\n\t<meta property=\"og:image:height\" content=\"820\" \/>\n\t<meta property=\"og:image:type\" content=\"image\/png\" \/>\n<meta name=\"author\" content=\"Roberto A.\" \/>\n<meta name=\"twitter:card\" content=\"summary_large_image\" \/>\n<meta name=\"twitter:creator\" content=\"@cuballama\" \/>\n<meta name=\"twitter:site\" content=\"@cuballama\" \/>\n<meta name=\"twitter:label1\" content=\"Escrito por\" \/>\n\t<meta name=\"twitter:data1\" content=\"Roberto A.\" \/>\n\t<meta name=\"twitter:label2\" content=\"Tiempo de lectura\" \/>\n\t<meta name=\"twitter:data2\" content=\"3 minutos\" \/>\n<script type=\"application\/ld+json\" class=\"yoast-schema-graph\">{\"@context\":\"https:\\\/\\\/schema.org\",\"@graph\":[{\"@type\":\"Article\",\"@id\":\"https:\\\/\\\/www.cuballama.com\\\/noticias\\\/madre-cubana-denuncia-corrupcion-y-encubrimiento-de-autoridades-en-atropello-de-su-hijo-ocurrido-el-2018\\\/#article\",\"isPartOf\":{\"@id\":\"https:\\\/\\\/www.cuballama.com\\\/noticias\\\/madre-cubana-denuncia-corrupcion-y-encubrimiento-de-autoridades-en-atropello-de-su-hijo-ocurrido-el-2018\\\/\"},\"author\":{\"name\":\"Roberto A.\",\"@id\":\"https:\\\/\\\/www.cuballama.com\\\/noticias\\\/#\\\/schema\\\/person\\\/a58502ed4146c8e9f83872e897c76cd2\"},\"headline\":\"Madre cubana denuncia corrupci\u00f3n y encubrimiento de autoridades en atropello de su hijo, ocurrido el 2018\",\"datePublished\":\"2026-03-04T12:16:37+00:00\",\"dateModified\":\"2026-03-04T12:16:39+00:00\",\"mainEntityOfPage\":{\"@id\":\"https:\\\/\\\/www.cuballama.com\\\/noticias\\\/madre-cubana-denuncia-corrupcion-y-encubrimiento-de-autoridades-en-atropello-de-su-hijo-ocurrido-el-2018\\\/\"},\"wordCount\":591,\"commentCount\":0,\"publisher\":{\"@id\":\"https:\\\/\\\/www.cuballama.com\\\/noticias\\\/#organization\"},\"image\":{\"@id\":\"https:\\\/\\\/www.cuballama.com\\\/noticias\\\/madre-cubana-denuncia-corrupcion-y-encubrimiento-de-autoridades-en-atropello-de-su-hijo-ocurrido-el-2018\\\/#primaryimage\"},\"thumbnailUrl\":\"https:\\\/\\\/cdn1.mediawpaccore.net\\\/wp-content\\\/uploads\\\/2026\\\/03\\\/04065622\\\/image-12.png\",\"keywords\":[\"accidente de tr\u00e1nsito Cuba\",\"atropello en Cuba\",\"C\u00e1rdenas\",\"denuncias en redes\",\"Justicia en Cuba\",\"Matanzas\"],\"articleSection\":[\"Noticias\",\"Noticias de Cuba\"],\"inLanguage\":\"es\",\"potentialAction\":[{\"@type\":\"CommentAction\",\"name\":\"Comment\",\"target\":[\"https:\\\/\\\/www.cuballama.com\\\/noticias\\\/madre-cubana-denuncia-corrupcion-y-encubrimiento-de-autoridades-en-atropello-de-su-hijo-ocurrido-el-2018\\\/#respond\"]}]},{\"@type\":\"WebPage\",\"@id\":\"https:\\\/\\\/www.cuballama.com\\\/noticias\\\/madre-cubana-denuncia-corrupcion-y-encubrimiento-de-autoridades-en-atropello-de-su-hijo-ocurrido-el-2018\\\/\",\"url\":\"https:\\\/\\\/www.cuballama.com\\\/noticias\\\/madre-cubana-denuncia-corrupcion-y-encubrimiento-de-autoridades-en-atropello-de-su-hijo-ocurrido-el-2018\\\/\",\"name\":\"Madre cubana denuncia corrupci\u00f3n y encubrimiento de autoridades en atropello de su hijo, ocurrido el 2018 - Cuballama Noticias\",\"isPartOf\":{\"@id\":\"https:\\\/\\\/www.cuballama.com\\\/noticias\\\/#website\"},\"primaryImageOfPage\":{\"@id\":\"https:\\\/\\\/www.cuballama.com\\\/noticias\\\/madre-cubana-denuncia-corrupcion-y-encubrimiento-de-autoridades-en-atropello-de-su-hijo-ocurrido-el-2018\\\/#primaryimage\"},\"image\":{\"@id\":\"https:\\\/\\\/www.cuballama.com\\\/noticias\\\/madre-cubana-denuncia-corrupcion-y-encubrimiento-de-autoridades-en-atropello-de-su-hijo-ocurrido-el-2018\\\/#primaryimage\"},\"thumbnailUrl\":\"https:\\\/\\\/cdn1.mediawpaccore.net\\\/wp-content\\\/uploads\\\/2026\\\/03\\\/04065622\\\/image-12.png\",\"datePublished\":\"2026-03-04T12:16:37+00:00\",\"dateModified\":\"2026-03-04T12:16:39+00:00\",\"description\":\"Madre cubana denuncia corrupci\u00f3n y encubrimiento tras atropello que caus\u00f3 la muerte de su hijo de 13 a\u00f1os en C\u00e1rdenas, Matanzas.\",\"breadcrumb\":{\"@id\":\"https:\\\/\\\/www.cuballama.com\\\/noticias\\\/madre-cubana-denuncia-corrupcion-y-encubrimiento-de-autoridades-en-atropello-de-su-hijo-ocurrido-el-2018\\\/#breadcrumb\"},\"inLanguage\":\"es\",\"potentialAction\":[{\"@type\":\"ReadAction\",\"target\":[\"https:\\\/\\\/www.cuballama.com\\\/noticias\\\/madre-cubana-denuncia-corrupcion-y-encubrimiento-de-autoridades-en-atropello-de-su-hijo-ocurrido-el-2018\\\/\"]}]},{\"@type\":\"ImageObject\",\"inLanguage\":\"es\",\"@id\":\"https:\\\/\\\/www.cuballama.com\\\/noticias\\\/madre-cubana-denuncia-corrupcion-y-encubrimiento-de-autoridades-en-atropello-de-su-hijo-ocurrido-el-2018\\\/#primaryimage\",\"url\":\"https:\\\/\\\/cdn1.mediawpaccore.net\\\/wp-content\\\/uploads\\\/2026\\\/03\\\/04065622\\\/image-12.png\",\"contentUrl\":\"https:\\\/\\\/cdn1.mediawpaccore.net\\\/wp-content\\\/uploads\\\/2026\\\/03\\\/04065622\\\/image-12.png\",\"width\":1580,\"height\":820,\"caption\":\"Ismary Otero denunci\u00f3 en un comentario dejado en Facebook, que su hijo fue atropellado en el 2018 por un camionero y no se ha hecho justicia. Foto: Ismary Otero \\\/ Facebook\"},{\"@type\":\"BreadcrumbList\",\"@id\":\"https:\\\/\\\/www.cuballama.com\\\/noticias\\\/madre-cubana-denuncia-corrupcion-y-encubrimiento-de-autoridades-en-atropello-de-su-hijo-ocurrido-el-2018\\\/#breadcrumb\",\"itemListElement\":[{\"@type\":\"ListItem\",\"position\":1,\"name\":\"Home\",\"item\":\"https:\\\/\\\/www.cuballama.com\\\/noticias\\\/\"},{\"@type\":\"ListItem\",\"position\":2,\"name\":\"Madre cubana denuncia corrupci\u00f3n y encubrimiento de autoridades en atropello de su hijo, ocurrido el 2018\"}]},{\"@type\":\"WebSite\",\"@id\":\"https:\\\/\\\/www.cuballama.com\\\/noticias\\\/#website\",\"url\":\"https:\\\/\\\/www.cuballama.com\\\/noticias\\\/\",\"name\":\"Cuballama Noticias\",\"description\":\"Medio digital sobre Cuba y el mundo\",\"publisher\":{\"@id\":\"https:\\\/\\\/www.cuballama.com\\\/noticias\\\/#organization\"},\"potentialAction\":[{\"@type\":\"SearchAction\",\"target\":{\"@type\":\"EntryPoint\",\"urlTemplate\":\"https:\\\/\\\/www.cuballama.com\\\/noticias\\\/?s={search_term_string}\"},\"query-input\":{\"@type\":\"PropertyValueSpecification\",\"valueRequired\":true,\"valueName\":\"search_term_string\"}}],\"inLanguage\":\"es\"},{\"@type\":\"Organization\",\"@id\":\"https:\\\/\\\/www.cuballama.com\\\/noticias\\\/#organization\",\"name\":\"Cuballama\",\"url\":\"https:\\\/\\\/www.cuballama.com\\\/noticias\\\/\",\"logo\":{\"@type\":\"ImageObject\",\"inLanguage\":\"es\",\"@id\":\"https:\\\/\\\/www.cuballama.com\\\/noticias\\\/#\\\/schema\\\/logo\\\/image\\\/\",\"url\":\"https:\\\/\\\/cdn1.mediawpaccore.net\\\/wp-content\\\/uploads\\\/2021\\\/12\\\/28171206\\\/cbll-logo-color-sm.png\",\"contentUrl\":\"https:\\\/\\\/cdn1.mediawpaccore.net\\\/wp-content\\\/uploads\\\/2021\\\/12\\\/28171206\\\/cbll-logo-color-sm.png\",\"width\":600,\"height\":133,\"caption\":\"Cuballama\"},\"image\":{\"@id\":\"https:\\\/\\\/www.cuballama.com\\\/noticias\\\/#\\\/schema\\\/logo\\\/image\\\/\"},\"sameAs\":[\"https:\\\/\\\/www.facebook.com\\\/CubaLlama\",\"https:\\\/\\\/x.com\\\/cuballama\",\"https:\\\/\\\/www.instagram.com\\\/stories\\\/cuballama_oficial\\\/\",\"https:\\\/\\\/www.youtube.com\\\/channel\\\/UCKkFE-d_axENGZcrc4as0IA\"]},{\"@type\":\"Person\",\"@id\":\"https:\\\/\\\/www.cuballama.com\\\/noticias\\\/#\\\/schema\\\/person\\\/a58502ed4146c8e9f83872e897c76cd2\",\"name\":\"Roberto A.\",\"description\":\"Roberto A. Periodista por decisi\u00f3n propia. Interesado en cualquier tema que me apasione y cada vez m\u00e1s comprometido con la verdad y la objetividad period\u00edstica. Graduado en La Habana hace ya muchos a\u00f1os, luego de una accidentada y polvorienta b\u00fasqueda de informaci\u00f3n sobre un tema in\u00e9dito. La Tesis, por cierto, desapareci\u00f3 de la biblioteca y no se conservan copias de la misma.\",\"url\":\"https:\\\/\\\/www.cuballama.com\\\/noticias\\\/author\\\/roberto\\\/\"}]}<\/script>\n<!-- \/ Yoast SEO plugin. -->","yoast_head_json":{"title":"Madre cubana denuncia corrupci\u00f3n y encubrimiento de autoridades en atropello de su hijo, ocurrido el 2018 - Cuballama Noticias","description":"Madre cubana denuncia corrupci\u00f3n y encubrimiento tras atropello que caus\u00f3 la muerte de su hijo de 13 a\u00f1os en C\u00e1rdenas, Matanzas.","robots":{"index":"index","follow":"follow","max-snippet":"max-snippet:-1","max-image-preview":"max-image-preview:large","max-video-preview":"max-video-preview:-1"},"canonical":"https:\/\/www.cuballama.com\/noticias\/madre-cubana-denuncia-corrupcion-y-encubrimiento-de-autoridades-en-atropello-de-su-hijo-ocurrido-el-2018\/","og_locale":"es_ES","og_type":"article","og_title":"Madre cubana denuncia corrupci\u00f3n y encubrimiento de autoridades en atropello de su hijo, ocurrido el 2018 - Cuballama Noticias","og_description":"Madre cubana denuncia corrupci\u00f3n y encubrimiento tras atropello que caus\u00f3 la muerte de su hijo de 13 a\u00f1os en C\u00e1rdenas, Matanzas.","og_url":"https:\/\/www.cuballama.com\/noticias\/madre-cubana-denuncia-corrupcion-y-encubrimiento-de-autoridades-en-atropello-de-su-hijo-ocurrido-el-2018\/","og_site_name":"Cuballama Noticias","article_publisher":"https:\/\/www.facebook.com\/CubaLlama","article_published_time":"2026-03-04T12:16:37+00:00","article_modified_time":"2026-03-04T12:16:39+00:00","og_image":[{"width":1580,"height":820,"url":"https:\/\/cdn1.mediawpaccore.net\/wp-content\/uploads\/2026\/03\/04065622\/image-12.png","type":"image\/png"}],"author":"Roberto A.","twitter_card":"summary_large_image","twitter_creator":"@cuballama","twitter_site":"@cuballama","twitter_misc":{"Escrito por":"Roberto A.","Tiempo de lectura":"3 minutos"},"schema":{"@context":"https:\/\/schema.org","@graph":[{"@type":"Article","@id":"https:\/\/www.cuballama.com\/noticias\/madre-cubana-denuncia-corrupcion-y-encubrimiento-de-autoridades-en-atropello-de-su-hijo-ocurrido-el-2018\/#article","isPartOf":{"@id":"https:\/\/www.cuballama.com\/noticias\/madre-cubana-denuncia-corrupcion-y-encubrimiento-de-autoridades-en-atropello-de-su-hijo-ocurrido-el-2018\/"},"author":{"name":"Roberto A.","@id":"https:\/\/www.cuballama.com\/noticias\/#\/schema\/person\/a58502ed4146c8e9f83872e897c76cd2"},"headline":"Madre cubana denuncia corrupci\u00f3n y encubrimiento de autoridades en atropello de su hijo, ocurrido el 2018","datePublished":"2026-03-04T12:16:37+00:00","dateModified":"2026-03-04T12:16:39+00:00","mainEntityOfPage":{"@id":"https:\/\/www.cuballama.com\/noticias\/madre-cubana-denuncia-corrupcion-y-encubrimiento-de-autoridades-en-atropello-de-su-hijo-ocurrido-el-2018\/"},"wordCount":591,"commentCount":0,"publisher":{"@id":"https:\/\/www.cuballama.com\/noticias\/#organization"},"image":{"@id":"https:\/\/www.cuballama.com\/noticias\/madre-cubana-denuncia-corrupcion-y-encubrimiento-de-autoridades-en-atropello-de-su-hijo-ocurrido-el-2018\/#primaryimage"},"thumbnailUrl":"https:\/\/cdn1.mediawpaccore.net\/wp-content\/uploads\/2026\/03\/04065622\/image-12.png","keywords":["accidente de tr\u00e1nsito Cuba","atropello en Cuba","C\u00e1rdenas","denuncias en redes","Justicia en Cuba","Matanzas"],"articleSection":["Noticias","Noticias de Cuba"],"inLanguage":"es","potentialAction":[{"@type":"CommentAction","name":"Comment","target":["https:\/\/www.cuballama.com\/noticias\/madre-cubana-denuncia-corrupcion-y-encubrimiento-de-autoridades-en-atropello-de-su-hijo-ocurrido-el-2018\/#respond"]}]},{"@type":"WebPage","@id":"https:\/\/www.cuballama.com\/noticias\/madre-cubana-denuncia-corrupcion-y-encubrimiento-de-autoridades-en-atropello-de-su-hijo-ocurrido-el-2018\/","url":"https:\/\/www.cuballama.com\/noticias\/madre-cubana-denuncia-corrupcion-y-encubrimiento-de-autoridades-en-atropello-de-su-hijo-ocurrido-el-2018\/","name":"Madre cubana denuncia corrupci\u00f3n y encubrimiento de autoridades en atropello de su hijo, ocurrido el 2018 - Cuballama Noticias","isPartOf":{"@id":"https:\/\/www.cuballama.com\/noticias\/#website"},"primaryImageOfPage":{"@id":"https:\/\/www.cuballama.com\/noticias\/madre-cubana-denuncia-corrupcion-y-encubrimiento-de-autoridades-en-atropello-de-su-hijo-ocurrido-el-2018\/#primaryimage"},"image":{"@id":"https:\/\/www.cuballama.com\/noticias\/madre-cubana-denuncia-corrupcion-y-encubrimiento-de-autoridades-en-atropello-de-su-hijo-ocurrido-el-2018\/#primaryimage"},"thumbnailUrl":"https:\/\/cdn1.mediawpaccore.net\/wp-content\/uploads\/2026\/03\/04065622\/image-12.png","datePublished":"2026-03-04T12:16:37+00:00","dateModified":"2026-03-04T12:16:39+00:00","description":"Madre cubana denuncia corrupci\u00f3n y encubrimiento tras atropello que caus\u00f3 la muerte de su hijo de 13 a\u00f1os en C\u00e1rdenas, Matanzas.","breadcrumb":{"@id":"https:\/\/www.cuballama.com\/noticias\/madre-cubana-denuncia-corrupcion-y-encubrimiento-de-autoridades-en-atropello-de-su-hijo-ocurrido-el-2018\/#breadcrumb"},"inLanguage":"es","potentialAction":[{"@type":"ReadAction","target":["https:\/\/www.cuballama.com\/noticias\/madre-cubana-denuncia-corrupcion-y-encubrimiento-de-autoridades-en-atropello-de-su-hijo-ocurrido-el-2018\/"]}]},{"@type":"ImageObject","inLanguage":"es","@id":"https:\/\/www.cuballama.com\/noticias\/madre-cubana-denuncia-corrupcion-y-encubrimiento-de-autoridades-en-atropello-de-su-hijo-ocurrido-el-2018\/#primaryimage","url":"https:\/\/cdn1.mediawpaccore.net\/wp-content\/uploads\/2026\/03\/04065622\/image-12.png","contentUrl":"https:\/\/cdn1.mediawpaccore.net\/wp-content\/uploads\/2026\/03\/04065622\/image-12.png","width":1580,"height":820,"caption":"Ismary Otero denunci\u00f3 en un comentario dejado en Facebook, que su hijo fue atropellado en el 2018 por un camionero y no se ha hecho justicia. Foto: Ismary Otero \/ Facebook"},{"@type":"BreadcrumbList","@id":"https:\/\/www.cuballama.com\/noticias\/madre-cubana-denuncia-corrupcion-y-encubrimiento-de-autoridades-en-atropello-de-su-hijo-ocurrido-el-2018\/#breadcrumb","itemListElement":[{"@type":"ListItem","position":1,"name":"Home","item":"https:\/\/www.cuballama.com\/noticias\/"},{"@type":"ListItem","position":2,"name":"Madre cubana denuncia corrupci\u00f3n y encubrimiento de autoridades en atropello de su hijo, ocurrido el 2018"}]},{"@type":"WebSite","@id":"https:\/\/www.cuballama.com\/noticias\/#website","url":"https:\/\/www.cuballama.com\/noticias\/","name":"Cuballama Noticias","description":"Medio digital sobre Cuba y el mundo","publisher":{"@id":"https:\/\/www.cuballama.com\/noticias\/#organization"},"potentialAction":[{"@type":"SearchAction","target":{"@type":"EntryPoint","urlTemplate":"https:\/\/www.cuballama.com\/noticias\/?s={search_term_string}"},"query-input":{"@type":"PropertyValueSpecification","valueRequired":true,"valueName":"search_term_string"}}],"inLanguage":"es"},{"@type":"Organization","@id":"https:\/\/www.cuballama.com\/noticias\/#organization","name":"Cuballama","url":"https:\/\/www.cuballama.com\/noticias\/","logo":{"@type":"ImageObject","inLanguage":"es","@id":"https:\/\/www.cuballama.com\/noticias\/#\/schema\/logo\/image\/","url":"https:\/\/cdn1.mediawpaccore.net\/wp-content\/uploads\/2021\/12\/28171206\/cbll-logo-color-sm.png","contentUrl":"https:\/\/cdn1.mediawpaccore.net\/wp-content\/uploads\/2021\/12\/28171206\/cbll-logo-color-sm.png","width":600,"height":133,"caption":"Cuballama"},"image":{"@id":"https:\/\/www.cuballama.com\/noticias\/#\/schema\/logo\/image\/"},"sameAs":["https:\/\/www.facebook.com\/CubaLlama","https:\/\/x.com\/cuballama","https:\/\/www.instagram.com\/stories\/cuballama_oficial\/","https:\/\/www.youtube.com\/channel\/UCKkFE-d_axENGZcrc4as0IA"]},{"@type":"Person","@id":"https:\/\/www.cuballama.com\/noticias\/#\/schema\/person\/a58502ed4146c8e9f83872e897c76cd2","name":"Roberto A.","description":"Roberto A. Periodista por decisi\u00f3n propia. Interesado en cualquier tema que me apasione y cada vez m\u00e1s comprometido con la verdad y la objetividad period\u00edstica. Graduado en La Habana hace ya muchos a\u00f1os, luego de una accidentada y polvorienta b\u00fasqueda de informaci\u00f3n sobre un tema in\u00e9dito. La Tesis, por cierto, desapareci\u00f3 de la biblioteca y no se conservan copias de la misma.","url":"https:\/\/www.cuballama.com\/noticias\/author\/roberto\/"}]}},"_links":{"self":[{"href":"https:\/\/www.cuballama.com\/noticias\/wp-json\/wp\/v2\/posts\/237076","targetHints":{"allow":["GET"]}}],"collection":[{"href":"https:\/\/www.cuballama.com\/noticias\/wp-json\/wp\/v2\/posts"}],"about":[{"href":"https:\/\/www.cuballama.com\/noticias\/wp-json\/wp\/v2\/types\/post"}],"author":[{"embeddable":true,"href":"https:\/\/www.cuballama.com\/noticias\/wp-json\/wp\/v2\/users\/13"}],"replies":[{"embeddable":true,"href":"https:\/\/www.cuballama.com\/noticias\/wp-json\/wp\/v2\/comments?post=237076"}],"version-history":[{"count":2,"href":"https:\/\/www.cuballama.com\/noticias\/wp-json\/wp\/v2\/posts\/237076\/revisions"}],"predecessor-version":[{"id":237079,"href":"https:\/\/www.cuballama.com\/noticias\/wp-json\/wp\/v2\/posts\/237076\/revisions\/237079"}],"wp:featuredmedia":[{"embeddable":true,"href":"https:\/\/www.cuballama.com\/noticias\/wp-json\/wp\/v2\/media\/237078"}],"wp:attachment":[{"href":"https:\/\/www.cuballama.com\/noticias\/wp-json\/wp\/v2\/media?parent=237076"}],"wp:term":[{"taxonomy":"category","embeddable":true,"href":"https:\/\/www.cuballama.com\/noticias\/wp-json\/wp\/v2\/categories?post=237076"},{"taxonomy":"post_tag","embeddable":true,"href":"https:\/\/www.cuballama.com\/noticias\/wp-json\/wp\/v2\/tags?post=237076"}],"curies":[{"name":"wp","href":"https:\/\/api.w.org\/{rel}","templated":true}]}}