{"id":237049,"date":"2026-03-04T17:35:42","date_gmt":"2026-03-04T22:35:42","guid":{"rendered":"https:\/\/www.cuballama.com\/noticias\/?p=237049"},"modified":"2026-03-04T17:35:46","modified_gmt":"2026-03-04T22:35:46","slug":"golpean-brutalmente-a-un-cubano-en-regla-para-despojarlo-de-dinero-y-pertenencias","status":"publish","type":"post","link":"https:\/\/www.cuballama.com\/noticias\/golpean-brutalmente-a-un-cubano-en-regla-para-despojarlo-de-dinero-y-pertenencias\/","title":{"rendered":"Golpean brutalmente a un cubano en Regla para despojarlo de dinero y pertenencias"},"content":{"rendered":"\n<p>Un hombre conocido en el barrio de Casablanca, en el municipio Regla (La Habana), como <strong>El Jabao<\/strong> permanece hospitalizado en estado de coma tras una agresi\u00f3n que, seg\u00fan testimonios vecinales, estuvo vinculada al robo de dinero y pertenencias luego de que la v\u00edctima cambiara divisas y saliera a beber en una cafeter\u00eda de la zona.<\/p>\n\n\n\n<p>La denuncia, difundida en redes sociales por la p\u00e1gina <em>Nio reportando un crimen<\/em>, sit\u00faa el hecho \u201chace aproximadamente 15 d\u00edas\u201d cerca del \u00e1rea conocida como el Cristo de La Habana, un punto de tr\u00e1nsito habitual entre vecinos y visitantes. De acuerdo con los relatos compartidos por residentes, en la cafeter\u00eda se encontraba un individuo conocido como <strong>Fidelito<\/strong>, a quien algunos se\u00f1alan como informante habitual de la polic\u00eda, y tambi\u00e9n un joven identificado como <strong>V\u00edctor<\/strong>, alias <strong>El Tanke<\/strong>, de unos 23 a\u00f1os. Seg\u00fan esa versi\u00f3n, ambos habr\u00edan despojado a la v\u00edctima de su cartera con el dinero y su tel\u00e9fono, dej\u00e1ndolo abandonado en un portal.<\/p>\n\n\n\n<p>Siempre seg\u00fan los testimonios, horas m\u00e1s tarde el hombre regres\u00f3 al lugar a reclamar sus pertenencias y fue entonces cuando recibi\u00f3 una golpiza severa que lo dej\u00f3 inconsciente. Vecinos afirman que, al estar el portal asociado al consumo de alcohol, durante un tiempo varias personas pensaron que se trataba de alguien ebrio, hasta que residentes se acercaron y notaron la gravedad de las lesiones. La v\u00edctima habr\u00eda sido trasladada de urgencia al Hospital Naval, conocido oficialmente como Hospital Militar Central \u201cDr. Luis D\u00edaz Soto\u201d, donde permanece ingresado.<\/p>\n\n\n\n<p>La publicaci\u00f3n hecha en el portal de noticias <em><a href=\"https:\/\/www.facebook.com\/permalink.php?story_fbid=pfbid02V6NoqnydLunzNxv879bsLMryphMCGTcWWEBRSL2yELQ6KrbqMKzVJ3RqzkZmmNR9l&amp;id=61559784217848\" target=\"_blank\" rel=\"noreferrer noopener nofollow\">Nio Reportando un Crimen<\/a><\/em>, asegura que el paciente present\u00f3 convulsiones durante la madrugada, tiene co\u00e1gulos en el cerebro y acumula m\u00e1s de dos semanas en coma, con pron\u00f3stico reservado. Tambi\u00e9n indica que los padres de la v\u00edctima, residentes en el oriente del pa\u00eds, viajaron a La Habana para denunciar el hecho, pero que los presuntos implicados habr\u00edan sido detenidos y liberados el mismo d\u00eda, algo que \u2014de ser cierto\u2014 ha incrementado la indignaci\u00f3n comunitaria.<\/p>\n\n\n\n<iframe loading=\"lazy\" src=\"https:\/\/www.facebook.com\/plugins\/post.php?href=https%3A%2F%2Fwww.facebook.com%2Fpermalink.php%3Fstory_fbid%3Dpfbid02V6NoqnydLunzNxv879bsLMryphMCGTcWWEBRSL2yELQ6KrbqMKzVJ3RqzkZmmNR9l%26id%3D61559784217848&#038;show_text=true&#038;width=500\" width=\"500\" height=\"655\" style=\"border:none;overflow:hidden\" scrolling=\"no\" frameborder=\"0\" allowfullscreen=\"true\" allow=\"autoplay; clipboard-write; encrypted-media; picture-in-picture; web-share\"><\/iframe>\n\n\n\n<p>No existe, por ahora, confirmaci\u00f3n p\u00fablica de las autoridades sobre detenciones, medidas cautelares o el avance de la investigaci\u00f3n. El caso se difunde en un contexto de creciente preocupaci\u00f3n ciudadana por la violencia y los delitos contra la propiedad, reflejada en reportes e informes independientes que han documentado un aumento de robos y agresiones en Cuba durante 2025.<br><\/p>\n","protected":false},"excerpt":{"rendered":"<p>Vecinos de Casablanca, en Regla, denuncian que un hombre est\u00e1 en coma tras ser golpeado para robarle dinero y su tel\u00e9fono, y reclaman una investigaci\u00f3n efectiva.<\/p>\n","protected":false},"author":13,"featured_media":133536,"comment_status":"open","ping_status":"closed","sticky":false,"template":"","format":"standard","meta":{"_acf_changed":false,"footnotes":""},"categories":[18,955],"tags":[27539,8056,11,30829,164,3507,3423,682],"class_list":{"0":"post-237049","1":"post","2":"type-post","3":"status-publish","4":"format-standard","5":"has-post-thumbnail","7":"category-noticias","8":"category-noticias-de-cuba","9":"tag-asalto","10":"tag-casablanca","11":"tag-cuba","12":"tag-hospital-naval","13":"tag-la-habana","14":"tag-regla","15":"tag-robo","16":"tag-violencia"},"acf":[],"yoast_head":"<!-- This site is optimized with the Yoast SEO plugin v27.4 - https:\/\/yoast.com\/product\/yoast-seo-wordpress\/ -->\n<title>Golpean brutalmente a un cubano en Regla para despojarlo de dinero y pertenencias - Cuballama Noticias<\/title>\n<meta name=\"description\" content=\"Asaltan y golpean a un hombre en Casablanca, Regla; sigue en coma hoy tras robo de dinero y pertenencias, denuncian vecinos\u2026\u2026\" \/>\n<meta name=\"robots\" content=\"index, follow, max-snippet:-1, max-image-preview:large, max-video-preview:-1\" \/>\n<link rel=\"canonical\" href=\"https:\/\/www.cuballama.com\/noticias\/golpean-brutalmente-a-un-cubano-en-regla-para-despojarlo-de-dinero-y-pertenencias\/\" \/>\n<meta property=\"og:locale\" content=\"es_ES\" \/>\n<meta property=\"og:type\" content=\"article\" \/>\n<meta property=\"og:title\" content=\"Golpean brutalmente a un cubano en Regla para despojarlo de dinero y pertenencias - Cuballama Noticias\" \/>\n<meta property=\"og:description\" content=\"Asaltan y golpean a un hombre en Casablanca, Regla; sigue en coma hoy tras robo de dinero y pertenencias, denuncian vecinos\u2026\u2026\" \/>\n<meta property=\"og:url\" content=\"https:\/\/www.cuballama.com\/noticias\/golpean-brutalmente-a-un-cubano-en-regla-para-despojarlo-de-dinero-y-pertenencias\/\" \/>\n<meta property=\"og:site_name\" content=\"Cuballama Noticias\" \/>\n<meta property=\"article:publisher\" content=\"https:\/\/www.facebook.com\/CubaLlama\" \/>\n<meta property=\"article:published_time\" content=\"2026-03-04T22:35:42+00:00\" \/>\n<meta property=\"article:modified_time\" content=\"2026-03-04T22:35:46+00:00\" \/>\n<meta property=\"og:image\" content=\"https:\/\/cdn1.mediawpaccore.net\/wp-content\/uploads\/2023\/08\/15091259\/aniversario_64_PNR.jpg\" \/>\n\t<meta property=\"og:image:width\" content=\"1198\" \/>\n\t<meta property=\"og:image:height\" content=\"630\" \/>\n\t<meta property=\"og:image:type\" content=\"image\/jpeg\" \/>\n<meta name=\"author\" content=\"Roberto A.\" \/>\n<meta name=\"twitter:card\" content=\"summary_large_image\" \/>\n<meta name=\"twitter:creator\" content=\"@cuballama\" \/>\n<meta name=\"twitter:site\" content=\"@cuballama\" \/>\n<meta name=\"twitter:label1\" content=\"Escrito por\" \/>\n\t<meta name=\"twitter:data1\" content=\"Roberto A.\" \/>\n\t<meta name=\"twitter:label2\" content=\"Tiempo de lectura\" \/>\n\t<meta name=\"twitter:data2\" content=\"2 minutos\" \/>\n<script type=\"application\/ld+json\" class=\"yoast-schema-graph\">{\"@context\":\"https:\\\/\\\/schema.org\",\"@graph\":[{\"@type\":\"Article\",\"@id\":\"https:\\\/\\\/www.cuballama.com\\\/noticias\\\/golpean-brutalmente-a-un-cubano-en-regla-para-despojarlo-de-dinero-y-pertenencias\\\/#article\",\"isPartOf\":{\"@id\":\"https:\\\/\\\/www.cuballama.com\\\/noticias\\\/golpean-brutalmente-a-un-cubano-en-regla-para-despojarlo-de-dinero-y-pertenencias\\\/\"},\"author\":{\"name\":\"Roberto A.\",\"@id\":\"https:\\\/\\\/www.cuballama.com\\\/noticias\\\/#\\\/schema\\\/person\\\/a58502ed4146c8e9f83872e897c76cd2\"},\"headline\":\"Golpean brutalmente a un cubano en Regla para despojarlo de dinero y pertenencias\",\"datePublished\":\"2026-03-04T22:35:42+00:00\",\"dateModified\":\"2026-03-04T22:35:46+00:00\",\"mainEntityOfPage\":{\"@id\":\"https:\\\/\\\/www.cuballama.com\\\/noticias\\\/golpean-brutalmente-a-un-cubano-en-regla-para-despojarlo-de-dinero-y-pertenencias\\\/\"},\"wordCount\":435,\"commentCount\":0,\"publisher\":{\"@id\":\"https:\\\/\\\/www.cuballama.com\\\/noticias\\\/#organization\"},\"image\":{\"@id\":\"https:\\\/\\\/www.cuballama.com\\\/noticias\\\/golpean-brutalmente-a-un-cubano-en-regla-para-despojarlo-de-dinero-y-pertenencias\\\/#primaryimage\"},\"thumbnailUrl\":\"https:\\\/\\\/cdn1.mediawpaccore.net\\\/wp-content\\\/uploads\\\/2023\\\/08\\\/15091259\\\/aniversario_64_PNR.jpg\",\"keywords\":[\"asalto\",\"Casablanca\",\"Cuba\",\"Hospital Naval\",\"La Habana\",\"Regla\",\"Robo\",\"Violencia\"],\"articleSection\":[\"Noticias\",\"Noticias de Cuba\"],\"inLanguage\":\"es\",\"potentialAction\":[{\"@type\":\"CommentAction\",\"name\":\"Comment\",\"target\":[\"https:\\\/\\\/www.cuballama.com\\\/noticias\\\/golpean-brutalmente-a-un-cubano-en-regla-para-despojarlo-de-dinero-y-pertenencias\\\/#respond\"]}]},{\"@type\":\"WebPage\",\"@id\":\"https:\\\/\\\/www.cuballama.com\\\/noticias\\\/golpean-brutalmente-a-un-cubano-en-regla-para-despojarlo-de-dinero-y-pertenencias\\\/\",\"url\":\"https:\\\/\\\/www.cuballama.com\\\/noticias\\\/golpean-brutalmente-a-un-cubano-en-regla-para-despojarlo-de-dinero-y-pertenencias\\\/\",\"name\":\"Golpean brutalmente a un cubano en Regla para despojarlo de dinero y pertenencias - Cuballama Noticias\",\"isPartOf\":{\"@id\":\"https:\\\/\\\/www.cuballama.com\\\/noticias\\\/#website\"},\"primaryImageOfPage\":{\"@id\":\"https:\\\/\\\/www.cuballama.com\\\/noticias\\\/golpean-brutalmente-a-un-cubano-en-regla-para-despojarlo-de-dinero-y-pertenencias\\\/#primaryimage\"},\"image\":{\"@id\":\"https:\\\/\\\/www.cuballama.com\\\/noticias\\\/golpean-brutalmente-a-un-cubano-en-regla-para-despojarlo-de-dinero-y-pertenencias\\\/#primaryimage\"},\"thumbnailUrl\":\"https:\\\/\\\/cdn1.mediawpaccore.net\\\/wp-content\\\/uploads\\\/2023\\\/08\\\/15091259\\\/aniversario_64_PNR.jpg\",\"datePublished\":\"2026-03-04T22:35:42+00:00\",\"dateModified\":\"2026-03-04T22:35:46+00:00\",\"description\":\"Asaltan y golpean a un hombre en Casablanca, Regla; sigue en coma hoy tras robo de dinero y pertenencias, denuncian vecinos\u2026\u2026\",\"breadcrumb\":{\"@id\":\"https:\\\/\\\/www.cuballama.com\\\/noticias\\\/golpean-brutalmente-a-un-cubano-en-regla-para-despojarlo-de-dinero-y-pertenencias\\\/#breadcrumb\"},\"inLanguage\":\"es\",\"potentialAction\":[{\"@type\":\"ReadAction\",\"target\":[\"https:\\\/\\\/www.cuballama.com\\\/noticias\\\/golpean-brutalmente-a-un-cubano-en-regla-para-despojarlo-de-dinero-y-pertenencias\\\/\"]}]},{\"@type\":\"ImageObject\",\"inLanguage\":\"es\",\"@id\":\"https:\\\/\\\/www.cuballama.com\\\/noticias\\\/golpean-brutalmente-a-un-cubano-en-regla-para-despojarlo-de-dinero-y-pertenencias\\\/#primaryimage\",\"url\":\"https:\\\/\\\/cdn1.mediawpaccore.net\\\/wp-content\\\/uploads\\\/2023\\\/08\\\/15091259\\\/aniversario_64_PNR.jpg\",\"contentUrl\":\"https:\\\/\\\/cdn1.mediawpaccore.net\\\/wp-content\\\/uploads\\\/2023\\\/08\\\/15091259\\\/aniversario_64_PNR.jpg\",\"width\":1198,\"height\":630,\"caption\":\"Foto: REFERENCIAL. V\u00eda Guerrillero.cu\"},{\"@type\":\"BreadcrumbList\",\"@id\":\"https:\\\/\\\/www.cuballama.com\\\/noticias\\\/golpean-brutalmente-a-un-cubano-en-regla-para-despojarlo-de-dinero-y-pertenencias\\\/#breadcrumb\",\"itemListElement\":[{\"@type\":\"ListItem\",\"position\":1,\"name\":\"Home\",\"item\":\"https:\\\/\\\/www.cuballama.com\\\/noticias\\\/\"},{\"@type\":\"ListItem\",\"position\":2,\"name\":\"Golpean brutalmente a un cubano en Regla para despojarlo de dinero y pertenencias\"}]},{\"@type\":\"WebSite\",\"@id\":\"https:\\\/\\\/www.cuballama.com\\\/noticias\\\/#website\",\"url\":\"https:\\\/\\\/www.cuballama.com\\\/noticias\\\/\",\"name\":\"Cuballama Noticias\",\"description\":\"Medio digital sobre Cuba y el mundo\",\"publisher\":{\"@id\":\"https:\\\/\\\/www.cuballama.com\\\/noticias\\\/#organization\"},\"potentialAction\":[{\"@type\":\"SearchAction\",\"target\":{\"@type\":\"EntryPoint\",\"urlTemplate\":\"https:\\\/\\\/www.cuballama.com\\\/noticias\\\/?s={search_term_string}\"},\"query-input\":{\"@type\":\"PropertyValueSpecification\",\"valueRequired\":true,\"valueName\":\"search_term_string\"}}],\"inLanguage\":\"es\"},{\"@type\":\"Organization\",\"@id\":\"https:\\\/\\\/www.cuballama.com\\\/noticias\\\/#organization\",\"name\":\"Cuballama\",\"url\":\"https:\\\/\\\/www.cuballama.com\\\/noticias\\\/\",\"logo\":{\"@type\":\"ImageObject\",\"inLanguage\":\"es\",\"@id\":\"https:\\\/\\\/www.cuballama.com\\\/noticias\\\/#\\\/schema\\\/logo\\\/image\\\/\",\"url\":\"https:\\\/\\\/cdn1.mediawpaccore.net\\\/wp-content\\\/uploads\\\/2021\\\/12\\\/28171206\\\/cbll-logo-color-sm.png\",\"contentUrl\":\"https:\\\/\\\/cdn1.mediawpaccore.net\\\/wp-content\\\/uploads\\\/2021\\\/12\\\/28171206\\\/cbll-logo-color-sm.png\",\"width\":600,\"height\":133,\"caption\":\"Cuballama\"},\"image\":{\"@id\":\"https:\\\/\\\/www.cuballama.com\\\/noticias\\\/#\\\/schema\\\/logo\\\/image\\\/\"},\"sameAs\":[\"https:\\\/\\\/www.facebook.com\\\/CubaLlama\",\"https:\\\/\\\/x.com\\\/cuballama\",\"https:\\\/\\\/www.instagram.com\\\/stories\\\/cuballama_oficial\\\/\",\"https:\\\/\\\/www.youtube.com\\\/channel\\\/UCKkFE-d_axENGZcrc4as0IA\"]},{\"@type\":\"Person\",\"@id\":\"https:\\\/\\\/www.cuballama.com\\\/noticias\\\/#\\\/schema\\\/person\\\/a58502ed4146c8e9f83872e897c76cd2\",\"name\":\"Roberto A.\",\"description\":\"Roberto A. Periodista por decisi\u00f3n propia. Interesado en cualquier tema que me apasione y cada vez m\u00e1s comprometido con la verdad y la objetividad period\u00edstica. Graduado en La Habana hace ya muchos a\u00f1os, luego de una accidentada y polvorienta b\u00fasqueda de informaci\u00f3n sobre un tema in\u00e9dito. La Tesis, por cierto, desapareci\u00f3 de la biblioteca y no se conservan copias de la misma.\",\"url\":\"https:\\\/\\\/www.cuballama.com\\\/noticias\\\/author\\\/roberto\\\/\"}]}<\/script>\n<!-- \/ Yoast SEO plugin. -->","yoast_head_json":{"title":"Golpean brutalmente a un cubano en Regla para despojarlo de dinero y pertenencias - Cuballama Noticias","description":"Asaltan y golpean a un hombre en Casablanca, Regla; sigue en coma hoy tras robo de dinero y pertenencias, denuncian vecinos\u2026\u2026","robots":{"index":"index","follow":"follow","max-snippet":"max-snippet:-1","max-image-preview":"max-image-preview:large","max-video-preview":"max-video-preview:-1"},"canonical":"https:\/\/www.cuballama.com\/noticias\/golpean-brutalmente-a-un-cubano-en-regla-para-despojarlo-de-dinero-y-pertenencias\/","og_locale":"es_ES","og_type":"article","og_title":"Golpean brutalmente a un cubano en Regla para despojarlo de dinero y pertenencias - Cuballama Noticias","og_description":"Asaltan y golpean a un hombre en Casablanca, Regla; sigue en coma hoy tras robo de dinero y pertenencias, denuncian vecinos\u2026\u2026","og_url":"https:\/\/www.cuballama.com\/noticias\/golpean-brutalmente-a-un-cubano-en-regla-para-despojarlo-de-dinero-y-pertenencias\/","og_site_name":"Cuballama Noticias","article_publisher":"https:\/\/www.facebook.com\/CubaLlama","article_published_time":"2026-03-04T22:35:42+00:00","article_modified_time":"2026-03-04T22:35:46+00:00","og_image":[{"width":1198,"height":630,"url":"https:\/\/cdn1.mediawpaccore.net\/wp-content\/uploads\/2023\/08\/15091259\/aniversario_64_PNR.jpg","type":"image\/jpeg"}],"author":"Roberto A.","twitter_card":"summary_large_image","twitter_creator":"@cuballama","twitter_site":"@cuballama","twitter_misc":{"Escrito por":"Roberto A.","Tiempo de lectura":"2 minutos"},"schema":{"@context":"https:\/\/schema.org","@graph":[{"@type":"Article","@id":"https:\/\/www.cuballama.com\/noticias\/golpean-brutalmente-a-un-cubano-en-regla-para-despojarlo-de-dinero-y-pertenencias\/#article","isPartOf":{"@id":"https:\/\/www.cuballama.com\/noticias\/golpean-brutalmente-a-un-cubano-en-regla-para-despojarlo-de-dinero-y-pertenencias\/"},"author":{"name":"Roberto A.","@id":"https:\/\/www.cuballama.com\/noticias\/#\/schema\/person\/a58502ed4146c8e9f83872e897c76cd2"},"headline":"Golpean brutalmente a un cubano en Regla para despojarlo de dinero y pertenencias","datePublished":"2026-03-04T22:35:42+00:00","dateModified":"2026-03-04T22:35:46+00:00","mainEntityOfPage":{"@id":"https:\/\/www.cuballama.com\/noticias\/golpean-brutalmente-a-un-cubano-en-regla-para-despojarlo-de-dinero-y-pertenencias\/"},"wordCount":435,"commentCount":0,"publisher":{"@id":"https:\/\/www.cuballama.com\/noticias\/#organization"},"image":{"@id":"https:\/\/www.cuballama.com\/noticias\/golpean-brutalmente-a-un-cubano-en-regla-para-despojarlo-de-dinero-y-pertenencias\/#primaryimage"},"thumbnailUrl":"https:\/\/cdn1.mediawpaccore.net\/wp-content\/uploads\/2023\/08\/15091259\/aniversario_64_PNR.jpg","keywords":["asalto","Casablanca","Cuba","Hospital Naval","La Habana","Regla","Robo","Violencia"],"articleSection":["Noticias","Noticias de Cuba"],"inLanguage":"es","potentialAction":[{"@type":"CommentAction","name":"Comment","target":["https:\/\/www.cuballama.com\/noticias\/golpean-brutalmente-a-un-cubano-en-regla-para-despojarlo-de-dinero-y-pertenencias\/#respond"]}]},{"@type":"WebPage","@id":"https:\/\/www.cuballama.com\/noticias\/golpean-brutalmente-a-un-cubano-en-regla-para-despojarlo-de-dinero-y-pertenencias\/","url":"https:\/\/www.cuballama.com\/noticias\/golpean-brutalmente-a-un-cubano-en-regla-para-despojarlo-de-dinero-y-pertenencias\/","name":"Golpean brutalmente a un cubano en Regla para despojarlo de dinero y pertenencias - Cuballama Noticias","isPartOf":{"@id":"https:\/\/www.cuballama.com\/noticias\/#website"},"primaryImageOfPage":{"@id":"https:\/\/www.cuballama.com\/noticias\/golpean-brutalmente-a-un-cubano-en-regla-para-despojarlo-de-dinero-y-pertenencias\/#primaryimage"},"image":{"@id":"https:\/\/www.cuballama.com\/noticias\/golpean-brutalmente-a-un-cubano-en-regla-para-despojarlo-de-dinero-y-pertenencias\/#primaryimage"},"thumbnailUrl":"https:\/\/cdn1.mediawpaccore.net\/wp-content\/uploads\/2023\/08\/15091259\/aniversario_64_PNR.jpg","datePublished":"2026-03-04T22:35:42+00:00","dateModified":"2026-03-04T22:35:46+00:00","description":"Asaltan y golpean a un hombre en Casablanca, Regla; sigue en coma hoy tras robo de dinero y pertenencias, denuncian vecinos\u2026\u2026","breadcrumb":{"@id":"https:\/\/www.cuballama.com\/noticias\/golpean-brutalmente-a-un-cubano-en-regla-para-despojarlo-de-dinero-y-pertenencias\/#breadcrumb"},"inLanguage":"es","potentialAction":[{"@type":"ReadAction","target":["https:\/\/www.cuballama.com\/noticias\/golpean-brutalmente-a-un-cubano-en-regla-para-despojarlo-de-dinero-y-pertenencias\/"]}]},{"@type":"ImageObject","inLanguage":"es","@id":"https:\/\/www.cuballama.com\/noticias\/golpean-brutalmente-a-un-cubano-en-regla-para-despojarlo-de-dinero-y-pertenencias\/#primaryimage","url":"https:\/\/cdn1.mediawpaccore.net\/wp-content\/uploads\/2023\/08\/15091259\/aniversario_64_PNR.jpg","contentUrl":"https:\/\/cdn1.mediawpaccore.net\/wp-content\/uploads\/2023\/08\/15091259\/aniversario_64_PNR.jpg","width":1198,"height":630,"caption":"Foto: REFERENCIAL. V\u00eda Guerrillero.cu"},{"@type":"BreadcrumbList","@id":"https:\/\/www.cuballama.com\/noticias\/golpean-brutalmente-a-un-cubano-en-regla-para-despojarlo-de-dinero-y-pertenencias\/#breadcrumb","itemListElement":[{"@type":"ListItem","position":1,"name":"Home","item":"https:\/\/www.cuballama.com\/noticias\/"},{"@type":"ListItem","position":2,"name":"Golpean brutalmente a un cubano en Regla para despojarlo de dinero y pertenencias"}]},{"@type":"WebSite","@id":"https:\/\/www.cuballama.com\/noticias\/#website","url":"https:\/\/www.cuballama.com\/noticias\/","name":"Cuballama Noticias","description":"Medio digital sobre Cuba y el mundo","publisher":{"@id":"https:\/\/www.cuballama.com\/noticias\/#organization"},"potentialAction":[{"@type":"SearchAction","target":{"@type":"EntryPoint","urlTemplate":"https:\/\/www.cuballama.com\/noticias\/?s={search_term_string}"},"query-input":{"@type":"PropertyValueSpecification","valueRequired":true,"valueName":"search_term_string"}}],"inLanguage":"es"},{"@type":"Organization","@id":"https:\/\/www.cuballama.com\/noticias\/#organization","name":"Cuballama","url":"https:\/\/www.cuballama.com\/noticias\/","logo":{"@type":"ImageObject","inLanguage":"es","@id":"https:\/\/www.cuballama.com\/noticias\/#\/schema\/logo\/image\/","url":"https:\/\/cdn1.mediawpaccore.net\/wp-content\/uploads\/2021\/12\/28171206\/cbll-logo-color-sm.png","contentUrl":"https:\/\/cdn1.mediawpaccore.net\/wp-content\/uploads\/2021\/12\/28171206\/cbll-logo-color-sm.png","width":600,"height":133,"caption":"Cuballama"},"image":{"@id":"https:\/\/www.cuballama.com\/noticias\/#\/schema\/logo\/image\/"},"sameAs":["https:\/\/www.facebook.com\/CubaLlama","https:\/\/x.com\/cuballama","https:\/\/www.instagram.com\/stories\/cuballama_oficial\/","https:\/\/www.youtube.com\/channel\/UCKkFE-d_axENGZcrc4as0IA"]},{"@type":"Person","@id":"https:\/\/www.cuballama.com\/noticias\/#\/schema\/person\/a58502ed4146c8e9f83872e897c76cd2","name":"Roberto A.","description":"Roberto A. Periodista por decisi\u00f3n propia. Interesado en cualquier tema que me apasione y cada vez m\u00e1s comprometido con la verdad y la objetividad period\u00edstica. Graduado en La Habana hace ya muchos a\u00f1os, luego de una accidentada y polvorienta b\u00fasqueda de informaci\u00f3n sobre un tema in\u00e9dito. La Tesis, por cierto, desapareci\u00f3 de la biblioteca y no se conservan copias de la misma.","url":"https:\/\/www.cuballama.com\/noticias\/author\/roberto\/"}]}},"_links":{"self":[{"href":"https:\/\/www.cuballama.com\/noticias\/wp-json\/wp\/v2\/posts\/237049","targetHints":{"allow":["GET"]}}],"collection":[{"href":"https:\/\/www.cuballama.com\/noticias\/wp-json\/wp\/v2\/posts"}],"about":[{"href":"https:\/\/www.cuballama.com\/noticias\/wp-json\/wp\/v2\/types\/post"}],"author":[{"embeddable":true,"href":"https:\/\/www.cuballama.com\/noticias\/wp-json\/wp\/v2\/users\/13"}],"replies":[{"embeddable":true,"href":"https:\/\/www.cuballama.com\/noticias\/wp-json\/wp\/v2\/comments?post=237049"}],"version-history":[{"count":2,"href":"https:\/\/www.cuballama.com\/noticias\/wp-json\/wp\/v2\/posts\/237049\/revisions"}],"predecessor-version":[{"id":237055,"href":"https:\/\/www.cuballama.com\/noticias\/wp-json\/wp\/v2\/posts\/237049\/revisions\/237055"}],"wp:featuredmedia":[{"embeddable":true,"href":"https:\/\/www.cuballama.com\/noticias\/wp-json\/wp\/v2\/media\/133536"}],"wp:attachment":[{"href":"https:\/\/www.cuballama.com\/noticias\/wp-json\/wp\/v2\/media?parent=237049"}],"wp:term":[{"taxonomy":"category","embeddable":true,"href":"https:\/\/www.cuballama.com\/noticias\/wp-json\/wp\/v2\/categories?post=237049"},{"taxonomy":"post_tag","embeddable":true,"href":"https:\/\/www.cuballama.com\/noticias\/wp-json\/wp\/v2\/tags?post=237049"}],"curies":[{"name":"wp","href":"https:\/\/api.w.org\/{rel}","templated":true}]}}