{"id":237045,"date":"2026-03-04T12:25:33","date_gmt":"2026-03-04T17:25:33","guid":{"rendered":"https:\/\/www.cuballama.com\/noticias\/?p=237045"},"modified":"2026-03-04T12:25:35","modified_gmt":"2026-03-04T17:25:35","slug":"la-cujae-no-solo-despide-al-hermano-de-johana-tablada-sino-tambien-a-leslye-villar-ledo-fallecido-este-lunes","status":"publish","type":"post","link":"https:\/\/www.cuballama.com\/noticias\/la-cujae-no-solo-despide-al-hermano-de-johana-tablada-sino-tambien-a-leslye-villar-ledo-fallecido-este-lunes\/","title":{"rendered":"La CUJAE no solo despide al hermano de Johana Tablada, sino tambi\u00e9n a Leslye Villar Ledo, fallecido este lunes"},"content":{"rendered":"\n<p>La Universidad Tecnol\u00f3gica de La Habana Jos\u00e9 Antonio Echeverr\u00eda (CUJAE) atraviesa d\u00edas de duelo tras confirmarse el fallecimiento del profesor Leslye Villar Ledo, miembro activo de su claustro y figura muy conocida dentro de la Facultad de Telecomunicaciones y Electr\u00f3nica. La instituci\u00f3n inform\u00f3 que el docente muri\u00f3 este lunes como consecuencia de una s\u00fabita enfermedad, noticia que provoc\u00f3 una ola inmediata de mensajes de condolencias entre estudiantes, profesores y egresados de la universidad.<\/p>\n\n\n\n<p><a href=\"https:\/\/www.facebook.com\/CujaeRedSocial\/posts\/pfbid0Artwcan5NkY6oBeiaKy6WLTzH2ARV6XSBDdFHbGVSz719JnHCYCW2yLD7KKeyaDUl\">El anuncio fue realizado a trav\u00e9s de una publicaci\u00f3n oficial de la propia CUJAE en redes sociales<\/a>, donde se destac\u00f3 la trayectoria del profesor y su compromiso con la instituci\u00f3n durante a\u00f1os. Seg\u00fan el mensaje institucional, Villar Ledo fue \u201cejemplo de entrega como estudiante, como profesor y como cuadro\u201d, y mantuvo una relaci\u00f3n constante con la universidad incluso mientras ejerc\u00eda responsabilidades profesionales en la Empresa de Telecomunicaciones de Cuba (ETECSA). <\/p>\n\n\n\n<p>La nota se\u00f1ala que, aun desde sus funciones en la empresa estatal, continu\u00f3 colaborando activamente con la formaci\u00f3n acad\u00e9mica. Adem\u00e1s de impartir asignaturas, estuvo durante casi cinco a\u00f1os al frente del grupo de ETECSA en el Centro de Estudios de Tecnolog\u00edas de la Informaci\u00f3n (CETI), responsabilidad para la cual \u2014seg\u00fan el propio texto\u2014 contaba con una preparaci\u00f3n que combinaba conocimiento profundo de la universidad y experiencia dentro del sector de las telecomunicaciones.<\/p>\n\n\n\n<iframe loading=\"lazy\" src=\"https:\/\/www.facebook.com\/plugins\/post.php?href=https%3A%2F%2Fwww.facebook.com%2FCujaeRedSocial%2Fposts%2Fpfbid0Artwcan5NkY6oBeiaKy6WLTzH2ARV6XSBDdFHbGVSz719JnHCYCW2yLD7KKeyaDUl&#038;show_text=true&#038;width=500\" width=\"500\" height=\"731\" style=\"border:none;overflow:hidden\" scrolling=\"no\" frameborder=\"0\" allowfullscreen=\"true\" allow=\"autoplay; clipboard-write; encrypted-media; picture-in-picture; web-share\"><\/iframe>\n\n\n\n<p>Dentro de la carrera de Telecomunicaciones y Electr\u00f3nica era considerado uno de los especialistas con mayor dominio del plan de estudios, que comparten varias universidades del pa\u00eds. La instituci\u00f3n tambi\u00e9n subray\u00f3 que su labor result\u00f3 clave para sostener la actividad docente en momentos especialmente dif\u00edciles para el sistema universitario cubano en los \u00faltimos a\u00f1os.<\/p>\n\n\n\n<p>Tras difundirse la noticia, los comentarios en la publicaci\u00f3n se llenaron r\u00e1pidamente de mensajes de estudiantes y colegas que recordaron su cercan\u00eda humana y su compromiso con la ense\u00f1anza.<\/p>\n\n\n\n<p>\u201cHoy me duele despedir a quien fue mi profesor, mi colega de trabajo y tambi\u00e9n mi amigo. Fue una persona coherente con sus valores y, sobre todo, un ser humano bueno\u201d, escribi\u00f3 uno de sus antiguos alumnos.<\/p>\n\n\n\n<p>Otros lo describieron como un profesor respetuoso, siempre dispuesto a ayudar a estudiantes y compa\u00f1eros sin importar edad o nivel acad\u00e9mico. En varios mensajes tambi\u00e9n se record\u00f3 su paso por la direcci\u00f3n de la Uni\u00f3n de J\u00f3venes Comunistas (UJC) dentro de la universidad, donde \u2014seg\u00fan comentaron algunos usuarios\u2014 se destac\u00f3 por su responsabilidad y compromiso institucional.<\/p>\n\n\n\n<p>Entre las condolencias aparecen adem\u00e1s referencias directas a su familia, especialmente a su esposa, su madre y su hermana, quienes recibieron muestras de apoyo por parte de personas que lo conocieron en distintas etapas de su vida acad\u00e9mica.<\/p>\n\n\n\n<p>Para muchos de sus alumnos y colegas, la partida de Leslye Villar Ledo deja un vac\u00edo dif\u00edcil de llenar en las aulas y en la vida acad\u00e9mica de la universidad.<\/p>\n\n\n\n<p>La muerte de Villar Ledo ocurre en una semana particularmente sensible para la comunidad universitaria vinculada a la CUJAE. Hace apenas unas horas se conoci\u00f3 que el arquitecto y profesor Abel Tablada, hermano de la diplom\u00e1tica cubana Johana Tablada, fue despedido del claustro profesoral por sus cuestionamientos sociopol\u00edticos vertidos en redes sociales, hecho este que gener\u00f3 numerosas reacciones en redes sociales entre personas cercanas a la instituci\u00f3n.<\/p>\n\n\n\n<p><br><\/p>\n","protected":false},"excerpt":{"rendered":"<p>La CUJAE confirm\u00f3 el fallecimiento del profesor Leslye Villar Ledo, docente de Telecomunicaciones recordado por su entrega a la universidad.<\/p>\n","protected":false},"author":13,"featured_media":237070,"comment_status":"open","ping_status":"closed","sticky":false,"template":"","format":"standard","meta":{"_acf_changed":false,"footnotes":""},"categories":[18,955],"tags":[6229,51,30836,3512,30835,30834],"class_list":{"0":"post-237045","1":"post","2":"type-post","3":"status-publish","4":"format-standard","5":"has-post-thumbnail","7":"category-noticias","8":"category-noticias-de-cuba","9":"tag-cujae","10":"tag-etecsa","11":"tag-leslye-villar-ledo","12":"tag-telecomunicaciones","13":"tag-universidad-cubana","14":"tag-universidad-tecnologica-de-la-habana"},"acf":[],"yoast_head":"<!-- This site is optimized with the Yoast SEO plugin v27.4 - https:\/\/yoast.com\/product\/yoast-seo-wordpress\/ -->\n<title>La CUJAE no solo despide al hermano de Johana Tablada, sino tambi\u00e9n a Leslye Villar Ledo, fallecido este lunes - Cuballama Noticias<\/title>\n<meta name=\"description\" content=\"La CUJAE lamenta la muerte del profesor Leslye Villar Ledo, docente de Telecomunicaciones fallecido por una s\u00fabita enfermedad.\" \/>\n<meta name=\"robots\" content=\"index, follow, max-snippet:-1, max-image-preview:large, max-video-preview:-1\" \/>\n<link rel=\"canonical\" href=\"https:\/\/www.cuballama.com\/noticias\/la-cujae-no-solo-despide-al-hermano-de-johana-tablada-sino-tambien-a-leslye-villar-ledo-fallecido-este-lunes\/\" \/>\n<meta property=\"og:locale\" content=\"es_ES\" \/>\n<meta property=\"og:type\" content=\"article\" \/>\n<meta property=\"og:title\" content=\"La CUJAE no solo despide al hermano de Johana Tablada, sino tambi\u00e9n a Leslye Villar Ledo, fallecido este lunes - Cuballama Noticias\" \/>\n<meta property=\"og:description\" content=\"La CUJAE lamenta la muerte del profesor Leslye Villar Ledo, docente de Telecomunicaciones fallecido por una s\u00fabita enfermedad.\" \/>\n<meta property=\"og:url\" content=\"https:\/\/www.cuballama.com\/noticias\/la-cujae-no-solo-despide-al-hermano-de-johana-tablada-sino-tambien-a-leslye-villar-ledo-fallecido-este-lunes\/\" \/>\n<meta property=\"og:site_name\" content=\"Cuballama Noticias\" \/>\n<meta property=\"article:publisher\" content=\"https:\/\/www.facebook.com\/CubaLlama\" \/>\n<meta property=\"article:published_time\" content=\"2026-03-04T17:25:33+00:00\" \/>\n<meta property=\"article:modified_time\" content=\"2026-03-04T17:25:35+00:00\" \/>\n<meta property=\"og:image\" content=\"https:\/\/cdn1.mediawpaccore.net\/wp-content\/uploads\/2026\/03\/04060637\/image-10.png\" \/>\n\t<meta property=\"og:image:width\" content=\"1975\" \/>\n\t<meta property=\"og:image:height\" content=\"1020\" \/>\n\t<meta property=\"og:image:type\" content=\"image\/png\" \/>\n<meta name=\"author\" content=\"Roberto A.\" \/>\n<meta name=\"twitter:card\" content=\"summary_large_image\" \/>\n<meta name=\"twitter:creator\" content=\"@cuballama\" \/>\n<meta name=\"twitter:site\" content=\"@cuballama\" \/>\n<meta name=\"twitter:label1\" content=\"Escrito por\" \/>\n\t<meta name=\"twitter:data1\" content=\"Roberto A.\" \/>\n<script type=\"application\/ld+json\" class=\"yoast-schema-graph\">{\"@context\":\"https:\\\/\\\/schema.org\",\"@graph\":[{\"@type\":\"Article\",\"@id\":\"https:\\\/\\\/www.cuballama.com\\\/noticias\\\/la-cujae-no-solo-despide-al-hermano-de-johana-tablada-sino-tambien-a-leslye-villar-ledo-fallecido-este-lunes\\\/#article\",\"isPartOf\":{\"@id\":\"https:\\\/\\\/www.cuballama.com\\\/noticias\\\/la-cujae-no-solo-despide-al-hermano-de-johana-tablada-sino-tambien-a-leslye-villar-ledo-fallecido-este-lunes\\\/\"},\"author\":{\"name\":\"Roberto A.\",\"@id\":\"https:\\\/\\\/www.cuballama.com\\\/noticias\\\/#\\\/schema\\\/person\\\/a58502ed4146c8e9f83872e897c76cd2\"},\"headline\":\"La CUJAE no solo despide al hermano de Johana Tablada, sino tambi\u00e9n a Leslye Villar Ledo, fallecido este lunes\",\"datePublished\":\"2026-03-04T17:25:33+00:00\",\"dateModified\":\"2026-03-04T17:25:35+00:00\",\"mainEntityOfPage\":{\"@id\":\"https:\\\/\\\/www.cuballama.com\\\/noticias\\\/la-cujae-no-solo-despide-al-hermano-de-johana-tablada-sino-tambien-a-leslye-villar-ledo-fallecido-este-lunes\\\/\"},\"wordCount\":594,\"commentCount\":0,\"publisher\":{\"@id\":\"https:\\\/\\\/www.cuballama.com\\\/noticias\\\/#organization\"},\"image\":{\"@id\":\"https:\\\/\\\/www.cuballama.com\\\/noticias\\\/la-cujae-no-solo-despide-al-hermano-de-johana-tablada-sino-tambien-a-leslye-villar-ledo-fallecido-este-lunes\\\/#primaryimage\"},\"thumbnailUrl\":\"https:\\\/\\\/cdn1.mediawpaccore.net\\\/wp-content\\\/uploads\\\/2026\\\/03\\\/04060637\\\/image-10.png\",\"keywords\":[\"CUJAE\",\"Etecsa\",\"Leslye Villar Ledo\",\"telecomunicaciones\",\"universidad cubana\",\"Universidad Tecnol\u00f3gica de La Habana\"],\"articleSection\":[\"Noticias\",\"Noticias de Cuba\"],\"inLanguage\":\"es\",\"potentialAction\":[{\"@type\":\"CommentAction\",\"name\":\"Comment\",\"target\":[\"https:\\\/\\\/www.cuballama.com\\\/noticias\\\/la-cujae-no-solo-despide-al-hermano-de-johana-tablada-sino-tambien-a-leslye-villar-ledo-fallecido-este-lunes\\\/#respond\"]}]},{\"@type\":\"WebPage\",\"@id\":\"https:\\\/\\\/www.cuballama.com\\\/noticias\\\/la-cujae-no-solo-despide-al-hermano-de-johana-tablada-sino-tambien-a-leslye-villar-ledo-fallecido-este-lunes\\\/\",\"url\":\"https:\\\/\\\/www.cuballama.com\\\/noticias\\\/la-cujae-no-solo-despide-al-hermano-de-johana-tablada-sino-tambien-a-leslye-villar-ledo-fallecido-este-lunes\\\/\",\"name\":\"La CUJAE no solo despide al hermano de Johana Tablada, sino tambi\u00e9n a Leslye Villar Ledo, fallecido este lunes - Cuballama Noticias\",\"isPartOf\":{\"@id\":\"https:\\\/\\\/www.cuballama.com\\\/noticias\\\/#website\"},\"primaryImageOfPage\":{\"@id\":\"https:\\\/\\\/www.cuballama.com\\\/noticias\\\/la-cujae-no-solo-despide-al-hermano-de-johana-tablada-sino-tambien-a-leslye-villar-ledo-fallecido-este-lunes\\\/#primaryimage\"},\"image\":{\"@id\":\"https:\\\/\\\/www.cuballama.com\\\/noticias\\\/la-cujae-no-solo-despide-al-hermano-de-johana-tablada-sino-tambien-a-leslye-villar-ledo-fallecido-este-lunes\\\/#primaryimage\"},\"thumbnailUrl\":\"https:\\\/\\\/cdn1.mediawpaccore.net\\\/wp-content\\\/uploads\\\/2026\\\/03\\\/04060637\\\/image-10.png\",\"datePublished\":\"2026-03-04T17:25:33+00:00\",\"dateModified\":\"2026-03-04T17:25:35+00:00\",\"description\":\"La CUJAE lamenta la muerte del profesor Leslye Villar Ledo, docente de Telecomunicaciones fallecido por una s\u00fabita enfermedad.\",\"breadcrumb\":{\"@id\":\"https:\\\/\\\/www.cuballama.com\\\/noticias\\\/la-cujae-no-solo-despide-al-hermano-de-johana-tablada-sino-tambien-a-leslye-villar-ledo-fallecido-este-lunes\\\/#breadcrumb\"},\"inLanguage\":\"es\",\"potentialAction\":[{\"@type\":\"ReadAction\",\"target\":[\"https:\\\/\\\/www.cuballama.com\\\/noticias\\\/la-cujae-no-solo-despide-al-hermano-de-johana-tablada-sino-tambien-a-leslye-villar-ledo-fallecido-este-lunes\\\/\"]}]},{\"@type\":\"ImageObject\",\"inLanguage\":\"es\",\"@id\":\"https:\\\/\\\/www.cuballama.com\\\/noticias\\\/la-cujae-no-solo-despide-al-hermano-de-johana-tablada-sino-tambien-a-leslye-villar-ledo-fallecido-este-lunes\\\/#primaryimage\",\"url\":\"https:\\\/\\\/cdn1.mediawpaccore.net\\\/wp-content\\\/uploads\\\/2026\\\/03\\\/04060637\\\/image-10.png\",\"contentUrl\":\"https:\\\/\\\/cdn1.mediawpaccore.net\\\/wp-content\\\/uploads\\\/2026\\\/03\\\/04060637\\\/image-10.png\",\"width\":1975,\"height\":1020,\"caption\":\"Leslye Villa Ledo. Foto: V\u00eda P\u00e1gina de la CUJAE \\\/ Facebook\"},{\"@type\":\"BreadcrumbList\",\"@id\":\"https:\\\/\\\/www.cuballama.com\\\/noticias\\\/la-cujae-no-solo-despide-al-hermano-de-johana-tablada-sino-tambien-a-leslye-villar-ledo-fallecido-este-lunes\\\/#breadcrumb\",\"itemListElement\":[{\"@type\":\"ListItem\",\"position\":1,\"name\":\"Home\",\"item\":\"https:\\\/\\\/www.cuballama.com\\\/noticias\\\/\"},{\"@type\":\"ListItem\",\"position\":2,\"name\":\"La CUJAE no solo despide al hermano de Johana Tablada, sino tambi\u00e9n a Leslye Villar Ledo, fallecido este lunes\"}]},{\"@type\":\"WebSite\",\"@id\":\"https:\\\/\\\/www.cuballama.com\\\/noticias\\\/#website\",\"url\":\"https:\\\/\\\/www.cuballama.com\\\/noticias\\\/\",\"name\":\"Cuballama Noticias\",\"description\":\"Medio digital sobre Cuba y el mundo\",\"publisher\":{\"@id\":\"https:\\\/\\\/www.cuballama.com\\\/noticias\\\/#organization\"},\"potentialAction\":[{\"@type\":\"SearchAction\",\"target\":{\"@type\":\"EntryPoint\",\"urlTemplate\":\"https:\\\/\\\/www.cuballama.com\\\/noticias\\\/?s={search_term_string}\"},\"query-input\":{\"@type\":\"PropertyValueSpecification\",\"valueRequired\":true,\"valueName\":\"search_term_string\"}}],\"inLanguage\":\"es\"},{\"@type\":\"Organization\",\"@id\":\"https:\\\/\\\/www.cuballama.com\\\/noticias\\\/#organization\",\"name\":\"Cuballama\",\"url\":\"https:\\\/\\\/www.cuballama.com\\\/noticias\\\/\",\"logo\":{\"@type\":\"ImageObject\",\"inLanguage\":\"es\",\"@id\":\"https:\\\/\\\/www.cuballama.com\\\/noticias\\\/#\\\/schema\\\/logo\\\/image\\\/\",\"url\":\"https:\\\/\\\/cdn1.mediawpaccore.net\\\/wp-content\\\/uploads\\\/2021\\\/12\\\/28171206\\\/cbll-logo-color-sm.png\",\"contentUrl\":\"https:\\\/\\\/cdn1.mediawpaccore.net\\\/wp-content\\\/uploads\\\/2021\\\/12\\\/28171206\\\/cbll-logo-color-sm.png\",\"width\":600,\"height\":133,\"caption\":\"Cuballama\"},\"image\":{\"@id\":\"https:\\\/\\\/www.cuballama.com\\\/noticias\\\/#\\\/schema\\\/logo\\\/image\\\/\"},\"sameAs\":[\"https:\\\/\\\/www.facebook.com\\\/CubaLlama\",\"https:\\\/\\\/x.com\\\/cuballama\",\"https:\\\/\\\/www.instagram.com\\\/stories\\\/cuballama_oficial\\\/\",\"https:\\\/\\\/www.youtube.com\\\/channel\\\/UCKkFE-d_axENGZcrc4as0IA\"]},{\"@type\":\"Person\",\"@id\":\"https:\\\/\\\/www.cuballama.com\\\/noticias\\\/#\\\/schema\\\/person\\\/a58502ed4146c8e9f83872e897c76cd2\",\"name\":\"Roberto A.\",\"description\":\"Roberto A. Periodista por decisi\u00f3n propia. Interesado en cualquier tema que me apasione y cada vez m\u00e1s comprometido con la verdad y la objetividad period\u00edstica. Graduado en La Habana hace ya muchos a\u00f1os, luego de una accidentada y polvorienta b\u00fasqueda de informaci\u00f3n sobre un tema in\u00e9dito. La Tesis, por cierto, desapareci\u00f3 de la biblioteca y no se conservan copias de la misma.\",\"url\":\"https:\\\/\\\/www.cuballama.com\\\/noticias\\\/author\\\/roberto\\\/\"}]}<\/script>\n<!-- \/ Yoast SEO plugin. -->","yoast_head_json":{"title":"La CUJAE no solo despide al hermano de Johana Tablada, sino tambi\u00e9n a Leslye Villar Ledo, fallecido este lunes - Cuballama Noticias","description":"La CUJAE lamenta la muerte del profesor Leslye Villar Ledo, docente de Telecomunicaciones fallecido por una s\u00fabita enfermedad.","robots":{"index":"index","follow":"follow","max-snippet":"max-snippet:-1","max-image-preview":"max-image-preview:large","max-video-preview":"max-video-preview:-1"},"canonical":"https:\/\/www.cuballama.com\/noticias\/la-cujae-no-solo-despide-al-hermano-de-johana-tablada-sino-tambien-a-leslye-villar-ledo-fallecido-este-lunes\/","og_locale":"es_ES","og_type":"article","og_title":"La CUJAE no solo despide al hermano de Johana Tablada, sino tambi\u00e9n a Leslye Villar Ledo, fallecido este lunes - Cuballama Noticias","og_description":"La CUJAE lamenta la muerte del profesor Leslye Villar Ledo, docente de Telecomunicaciones fallecido por una s\u00fabita enfermedad.","og_url":"https:\/\/www.cuballama.com\/noticias\/la-cujae-no-solo-despide-al-hermano-de-johana-tablada-sino-tambien-a-leslye-villar-ledo-fallecido-este-lunes\/","og_site_name":"Cuballama Noticias","article_publisher":"https:\/\/www.facebook.com\/CubaLlama","article_published_time":"2026-03-04T17:25:33+00:00","article_modified_time":"2026-03-04T17:25:35+00:00","og_image":[{"width":1975,"height":1020,"url":"https:\/\/cdn1.mediawpaccore.net\/wp-content\/uploads\/2026\/03\/04060637\/image-10.png","type":"image\/png"}],"author":"Roberto A.","twitter_card":"summary_large_image","twitter_creator":"@cuballama","twitter_site":"@cuballama","twitter_misc":{"Escrito por":"Roberto A."},"schema":{"@context":"https:\/\/schema.org","@graph":[{"@type":"Article","@id":"https:\/\/www.cuballama.com\/noticias\/la-cujae-no-solo-despide-al-hermano-de-johana-tablada-sino-tambien-a-leslye-villar-ledo-fallecido-este-lunes\/#article","isPartOf":{"@id":"https:\/\/www.cuballama.com\/noticias\/la-cujae-no-solo-despide-al-hermano-de-johana-tablada-sino-tambien-a-leslye-villar-ledo-fallecido-este-lunes\/"},"author":{"name":"Roberto A.","@id":"https:\/\/www.cuballama.com\/noticias\/#\/schema\/person\/a58502ed4146c8e9f83872e897c76cd2"},"headline":"La CUJAE no solo despide al hermano de Johana Tablada, sino tambi\u00e9n a Leslye Villar Ledo, fallecido este lunes","datePublished":"2026-03-04T17:25:33+00:00","dateModified":"2026-03-04T17:25:35+00:00","mainEntityOfPage":{"@id":"https:\/\/www.cuballama.com\/noticias\/la-cujae-no-solo-despide-al-hermano-de-johana-tablada-sino-tambien-a-leslye-villar-ledo-fallecido-este-lunes\/"},"wordCount":594,"commentCount":0,"publisher":{"@id":"https:\/\/www.cuballama.com\/noticias\/#organization"},"image":{"@id":"https:\/\/www.cuballama.com\/noticias\/la-cujae-no-solo-despide-al-hermano-de-johana-tablada-sino-tambien-a-leslye-villar-ledo-fallecido-este-lunes\/#primaryimage"},"thumbnailUrl":"https:\/\/cdn1.mediawpaccore.net\/wp-content\/uploads\/2026\/03\/04060637\/image-10.png","keywords":["CUJAE","Etecsa","Leslye Villar Ledo","telecomunicaciones","universidad cubana","Universidad Tecnol\u00f3gica de La Habana"],"articleSection":["Noticias","Noticias de Cuba"],"inLanguage":"es","potentialAction":[{"@type":"CommentAction","name":"Comment","target":["https:\/\/www.cuballama.com\/noticias\/la-cujae-no-solo-despide-al-hermano-de-johana-tablada-sino-tambien-a-leslye-villar-ledo-fallecido-este-lunes\/#respond"]}]},{"@type":"WebPage","@id":"https:\/\/www.cuballama.com\/noticias\/la-cujae-no-solo-despide-al-hermano-de-johana-tablada-sino-tambien-a-leslye-villar-ledo-fallecido-este-lunes\/","url":"https:\/\/www.cuballama.com\/noticias\/la-cujae-no-solo-despide-al-hermano-de-johana-tablada-sino-tambien-a-leslye-villar-ledo-fallecido-este-lunes\/","name":"La CUJAE no solo despide al hermano de Johana Tablada, sino tambi\u00e9n a Leslye Villar Ledo, fallecido este lunes - Cuballama Noticias","isPartOf":{"@id":"https:\/\/www.cuballama.com\/noticias\/#website"},"primaryImageOfPage":{"@id":"https:\/\/www.cuballama.com\/noticias\/la-cujae-no-solo-despide-al-hermano-de-johana-tablada-sino-tambien-a-leslye-villar-ledo-fallecido-este-lunes\/#primaryimage"},"image":{"@id":"https:\/\/www.cuballama.com\/noticias\/la-cujae-no-solo-despide-al-hermano-de-johana-tablada-sino-tambien-a-leslye-villar-ledo-fallecido-este-lunes\/#primaryimage"},"thumbnailUrl":"https:\/\/cdn1.mediawpaccore.net\/wp-content\/uploads\/2026\/03\/04060637\/image-10.png","datePublished":"2026-03-04T17:25:33+00:00","dateModified":"2026-03-04T17:25:35+00:00","description":"La CUJAE lamenta la muerte del profesor Leslye Villar Ledo, docente de Telecomunicaciones fallecido por una s\u00fabita enfermedad.","breadcrumb":{"@id":"https:\/\/www.cuballama.com\/noticias\/la-cujae-no-solo-despide-al-hermano-de-johana-tablada-sino-tambien-a-leslye-villar-ledo-fallecido-este-lunes\/#breadcrumb"},"inLanguage":"es","potentialAction":[{"@type":"ReadAction","target":["https:\/\/www.cuballama.com\/noticias\/la-cujae-no-solo-despide-al-hermano-de-johana-tablada-sino-tambien-a-leslye-villar-ledo-fallecido-este-lunes\/"]}]},{"@type":"ImageObject","inLanguage":"es","@id":"https:\/\/www.cuballama.com\/noticias\/la-cujae-no-solo-despide-al-hermano-de-johana-tablada-sino-tambien-a-leslye-villar-ledo-fallecido-este-lunes\/#primaryimage","url":"https:\/\/cdn1.mediawpaccore.net\/wp-content\/uploads\/2026\/03\/04060637\/image-10.png","contentUrl":"https:\/\/cdn1.mediawpaccore.net\/wp-content\/uploads\/2026\/03\/04060637\/image-10.png","width":1975,"height":1020,"caption":"Leslye Villa Ledo. Foto: V\u00eda P\u00e1gina de la CUJAE \/ Facebook"},{"@type":"BreadcrumbList","@id":"https:\/\/www.cuballama.com\/noticias\/la-cujae-no-solo-despide-al-hermano-de-johana-tablada-sino-tambien-a-leslye-villar-ledo-fallecido-este-lunes\/#breadcrumb","itemListElement":[{"@type":"ListItem","position":1,"name":"Home","item":"https:\/\/www.cuballama.com\/noticias\/"},{"@type":"ListItem","position":2,"name":"La CUJAE no solo despide al hermano de Johana Tablada, sino tambi\u00e9n a Leslye Villar Ledo, fallecido este lunes"}]},{"@type":"WebSite","@id":"https:\/\/www.cuballama.com\/noticias\/#website","url":"https:\/\/www.cuballama.com\/noticias\/","name":"Cuballama Noticias","description":"Medio digital sobre Cuba y el mundo","publisher":{"@id":"https:\/\/www.cuballama.com\/noticias\/#organization"},"potentialAction":[{"@type":"SearchAction","target":{"@type":"EntryPoint","urlTemplate":"https:\/\/www.cuballama.com\/noticias\/?s={search_term_string}"},"query-input":{"@type":"PropertyValueSpecification","valueRequired":true,"valueName":"search_term_string"}}],"inLanguage":"es"},{"@type":"Organization","@id":"https:\/\/www.cuballama.com\/noticias\/#organization","name":"Cuballama","url":"https:\/\/www.cuballama.com\/noticias\/","logo":{"@type":"ImageObject","inLanguage":"es","@id":"https:\/\/www.cuballama.com\/noticias\/#\/schema\/logo\/image\/","url":"https:\/\/cdn1.mediawpaccore.net\/wp-content\/uploads\/2021\/12\/28171206\/cbll-logo-color-sm.png","contentUrl":"https:\/\/cdn1.mediawpaccore.net\/wp-content\/uploads\/2021\/12\/28171206\/cbll-logo-color-sm.png","width":600,"height":133,"caption":"Cuballama"},"image":{"@id":"https:\/\/www.cuballama.com\/noticias\/#\/schema\/logo\/image\/"},"sameAs":["https:\/\/www.facebook.com\/CubaLlama","https:\/\/x.com\/cuballama","https:\/\/www.instagram.com\/stories\/cuballama_oficial\/","https:\/\/www.youtube.com\/channel\/UCKkFE-d_axENGZcrc4as0IA"]},{"@type":"Person","@id":"https:\/\/www.cuballama.com\/noticias\/#\/schema\/person\/a58502ed4146c8e9f83872e897c76cd2","name":"Roberto A.","description":"Roberto A. Periodista por decisi\u00f3n propia. Interesado en cualquier tema que me apasione y cada vez m\u00e1s comprometido con la verdad y la objetividad period\u00edstica. Graduado en La Habana hace ya muchos a\u00f1os, luego de una accidentada y polvorienta b\u00fasqueda de informaci\u00f3n sobre un tema in\u00e9dito. La Tesis, por cierto, desapareci\u00f3 de la biblioteca y no se conservan copias de la misma.","url":"https:\/\/www.cuballama.com\/noticias\/author\/roberto\/"}]}},"_links":{"self":[{"href":"https:\/\/www.cuballama.com\/noticias\/wp-json\/wp\/v2\/posts\/237045","targetHints":{"allow":["GET"]}}],"collection":[{"href":"https:\/\/www.cuballama.com\/noticias\/wp-json\/wp\/v2\/posts"}],"about":[{"href":"https:\/\/www.cuballama.com\/noticias\/wp-json\/wp\/v2\/types\/post"}],"author":[{"embeddable":true,"href":"https:\/\/www.cuballama.com\/noticias\/wp-json\/wp\/v2\/users\/13"}],"replies":[{"embeddable":true,"href":"https:\/\/www.cuballama.com\/noticias\/wp-json\/wp\/v2\/comments?post=237045"}],"version-history":[{"count":4,"href":"https:\/\/www.cuballama.com\/noticias\/wp-json\/wp\/v2\/posts\/237045\/revisions"}],"predecessor-version":[{"id":237071,"href":"https:\/\/www.cuballama.com\/noticias\/wp-json\/wp\/v2\/posts\/237045\/revisions\/237071"}],"wp:featuredmedia":[{"embeddable":true,"href":"https:\/\/www.cuballama.com\/noticias\/wp-json\/wp\/v2\/media\/237070"}],"wp:attachment":[{"href":"https:\/\/www.cuballama.com\/noticias\/wp-json\/wp\/v2\/media?parent=237045"}],"wp:term":[{"taxonomy":"category","embeddable":true,"href":"https:\/\/www.cuballama.com\/noticias\/wp-json\/wp\/v2\/categories?post=237045"},{"taxonomy":"post_tag","embeddable":true,"href":"https:\/\/www.cuballama.com\/noticias\/wp-json\/wp\/v2\/tags?post=237045"}],"curies":[{"name":"wp","href":"https:\/\/api.w.org\/{rel}","templated":true}]}}