{"id":237043,"date":"2026-03-04T17:34:37","date_gmt":"2026-03-04T22:34:37","guid":{"rendered":"https:\/\/www.cuballama.com\/noticias\/?p=237043"},"modified":"2026-03-04T17:34:43","modified_gmt":"2026-03-04T22:34:43","slug":"cubano-muere-atropellado-al-cruzar-una-calle-en-la-provincia-de-matanzas","status":"publish","type":"post","link":"https:\/\/www.cuballama.com\/noticias\/cubano-muere-atropellado-al-cruzar-una-calle-en-la-provincia-de-matanzas\/","title":{"rendered":"Cubano muere atropellado al cruzar una calle en la provincia de Matanzas"},"content":{"rendered":"\n<p>Un hombre identificado como Ramiro Alonso falleci\u00f3 tras ser atropellado por una rastra cuando intentaba cruzar la V\u00eda Blanca, a la altura del kil\u00f3metro 98, en la entrada de la zona industrial de la ciudad de Matanzas. El hecho ocurri\u00f3 recientemente y fue reportado inicialmente por el <a href=\"https:\/\/www.facebook.com\/PeriodicoGiron\/posts\/pfbid0eU2SutwtCXHDwcc1dCNhrvoo72BwrKaiYghs2fUZ4RdMdcpELyxp8G48tgpAFr5al\" target=\"_blank\" rel=\"noreferrer noopener nofollow\">Peri\u00f3dico Gir\u00f3n<\/a> a trav\u00e9s de redes sociales.<\/p>\n\n\n\n<p>De acuerdo con informaciones preliminares difundidas por ese medio local, el accidente se produjo cuando el peat\u00f3n intent\u00f3 atravesar la arteria vial sin percatarse del paso de una rastra perteneciente a la empresa Rayonitro. El impacto fue fatal y el hombre muri\u00f3 en el lugar.<\/p>\n\n\n\n<p>Tras el suceso, al sitio acudieron autoridades del Partido Comunista de Cuba (PCC) y del Gobierno en el territorio, as\u00ed como efectivos del Ministerio del Interior (MININT) y personal del Sistema Integrado de Urgencias M\u00e9dicas (SIUM), quienes certificaron el fallecimiento y procedieron a acordonar el \u00e1rea para realizar las investigaciones correspondientes. <\/p>\n\n\n\n<p>Durante varios minutos el tr\u00e1nsito en la zona permaneci\u00f3 alterado mientras se llevaban a cabo las diligencias iniciales y se retiraba el cuerpo de la v\u00edctima.<\/p>\n\n\n\n<p>Aunque el reporte oficial no incluy\u00f3 inicialmente la identidad del fallecido, numerosos comentarios publicados en la propia p\u00e1gina del medio matancero permitieron identificarlo como Ramiro Alonso, residente en la zona y conocido por vecinos y allegados del reparto Dubrocq. Decenas de personas expresaron sus condolencias en redes sociales tras conocerse la noticia.<\/p>\n\n\n\n<p>El accidente ocurre en un contexto en el que muchos cubanos deben caminar largas distancias para trasladarse, debido a la persistente crisis de combustible y transporte p\u00fablico que afecta al pa\u00eds. La escasez de \u00f3mnibus y la reducci\u00f3n de rutas obliga a miles de personas a desplazarse a pie o cruzar avenidas de alto tr\u00e1fico para llegar a sus destinos.<\/p>\n\n\n\n<iframe loading=\"lazy\" src=\"https:\/\/www.facebook.com\/plugins\/post.php?href=https%3A%2F%2Fwww.facebook.com%2Fpermalink.php%3Fstory_fbid%3Dpfbid02SPmauAgp4ddN3YxZvXv7o7MWC1DGhvVRKuMq7xLnagHLUCVFGLW3oVGCvZke9cFPl%26id%3D61551435197318&#038;show_text=true&#038;width=500\" width=\"500\" height=\"476\" style=\"border:none;overflow:hidden\" scrolling=\"no\" frameborder=\"0\" allowfullscreen=\"true\" allow=\"autoplay; clipboard-write; encrypted-media; picture-in-picture; web-share\"><\/iframe>\n\n\n\n<p>Casos similares han sido reportados recientemente en otras ciudades. La pasada semana, por ejemplo, medios digitales informaron sobre la muerte de otro peat\u00f3n en La Habana, en la zona de 100 y Boyeros, tras intentar cruzar una de las principales avenidas de la capital.<\/p>\n\n\n\n<p><strong>tal vez quieras leer: <a href=\"https:\/\/www.cuballama.com\/noticias\/reportan-accidente-fatal-en-la-habana-versiones-de-testigos-detallan-lo-sucedido\/\" target=\"_blank\" rel=\"noreferrer noopener\">Reportan accidente fatal en La Habana; versiones de testigos detallan lo sucedido<\/a><\/strong><\/p>\n\n\n\n<p>Estos incidentes reflejan la vulnerabilidad de los peatones en las carreteras cubanas, donde la combinaci\u00f3n de v\u00edas de alta velocidad, iluminaci\u00f3n deficiente en algunos tramos y el incremento de desplazamientos a pie contin\u00faa generando accidentes con consecuencias fatales.<\/p>\n","protected":false},"excerpt":{"rendered":"<p>Un peat\u00f3n identificado como Ramiro Alonso muri\u00f3 atropellado por una rastra en la V\u00eda Blanca de Matanzas cuando intentaba cruzar la v\u00eda.<\/p>\n","protected":false},"author":13,"featured_media":237061,"comment_status":"open","ping_status":"closed","sticky":false,"template":"","format":"standard","meta":{"_acf_changed":false,"footnotes":""},"categories":[18,955],"tags":[4773,11,1816,30831,30830,17329,6114],"class_list":{"0":"post-237043","1":"post","2":"type-post","3":"status-publish","4":"format-standard","5":"has-post-thumbnail","7":"category-noticias","8":"category-noticias-de-cuba","9":"tag-accidente-de-transito","10":"tag-cuba","11":"tag-matanzas","12":"tag-peaton","13":"tag-ramiro-alonso","14":"tag-seguridad-vial","15":"tag-via-blanca"},"acf":[],"yoast_head":"<!-- This site is optimized with the Yoast SEO plugin v27.5 - https:\/\/yoast.com\/product\/yoast-seo-wordpress\/ -->\n<title>Cubano muere atropellado al cruzar una calle en la provincia de Matanzas - Cuballama Noticias<\/title>\n<meta name=\"description\" content=\"Ramiro Alonso muri\u00f3 atropellado por una rastra al cruzar la V\u00eda Blanca en Matanzas, en otro accidente vial fatal en Cuba.\" \/>\n<meta name=\"robots\" content=\"index, follow, max-snippet:-1, max-image-preview:large, max-video-preview:-1\" \/>\n<link rel=\"canonical\" href=\"https:\/\/www.cuballama.com\/noticias\/cubano-muere-atropellado-al-cruzar-una-calle-en-la-provincia-de-matanzas\/\" \/>\n<meta property=\"og:locale\" content=\"es_ES\" \/>\n<meta property=\"og:type\" content=\"article\" \/>\n<meta property=\"og:title\" content=\"Cubano muere atropellado al cruzar una calle en la provincia de Matanzas - Cuballama Noticias\" \/>\n<meta property=\"og:description\" content=\"Ramiro Alonso muri\u00f3 atropellado por una rastra al cruzar la V\u00eda Blanca en Matanzas, en otro accidente vial fatal en Cuba.\" \/>\n<meta property=\"og:url\" content=\"https:\/\/www.cuballama.com\/noticias\/cubano-muere-atropellado-al-cruzar-una-calle-en-la-provincia-de-matanzas\/\" \/>\n<meta property=\"og:site_name\" content=\"Cuballama Noticias\" \/>\n<meta property=\"article:publisher\" content=\"https:\/\/www.facebook.com\/CubaLlama\" \/>\n<meta property=\"article:published_time\" content=\"2026-03-04T22:34:37+00:00\" \/>\n<meta property=\"article:modified_time\" content=\"2026-03-04T22:34:43+00:00\" \/>\n<meta property=\"og:image\" content=\"https:\/\/cdn1.mediawpaccore.net\/wp-content\/uploads\/2026\/03\/04052221\/image-9.png\" \/>\n\t<meta property=\"og:image:width\" content=\"1196\" \/>\n\t<meta property=\"og:image:height\" content=\"656\" \/>\n\t<meta property=\"og:image:type\" content=\"image\/png\" \/>\n<meta name=\"author\" content=\"Roberto A.\" \/>\n<meta name=\"twitter:card\" content=\"summary_large_image\" \/>\n<meta name=\"twitter:creator\" content=\"@cuballama\" \/>\n<meta name=\"twitter:site\" content=\"@cuballama\" \/>\n<meta name=\"twitter:label1\" content=\"Escrito por\" \/>\n\t<meta name=\"twitter:data1\" content=\"Roberto A.\" \/>\n\t<meta name=\"twitter:label2\" content=\"Tiempo de lectura\" \/>\n\t<meta name=\"twitter:data2\" content=\"2 minutos\" \/>\n<script type=\"application\/ld+json\" class=\"yoast-schema-graph\">{\"@context\":\"https:\\\/\\\/schema.org\",\"@graph\":[{\"@type\":\"Article\",\"@id\":\"https:\\\/\\\/www.cuballama.com\\\/noticias\\\/cubano-muere-atropellado-al-cruzar-una-calle-en-la-provincia-de-matanzas\\\/#article\",\"isPartOf\":{\"@id\":\"https:\\\/\\\/www.cuballama.com\\\/noticias\\\/cubano-muere-atropellado-al-cruzar-una-calle-en-la-provincia-de-matanzas\\\/\"},\"author\":{\"name\":\"Roberto A.\",\"@id\":\"https:\\\/\\\/www.cuballama.com\\\/noticias\\\/#\\\/schema\\\/person\\\/a58502ed4146c8e9f83872e897c76cd2\"},\"headline\":\"Cubano muere atropellado al cruzar una calle en la provincia de Matanzas\",\"datePublished\":\"2026-03-04T22:34:37+00:00\",\"dateModified\":\"2026-03-04T22:34:43+00:00\",\"mainEntityOfPage\":{\"@id\":\"https:\\\/\\\/www.cuballama.com\\\/noticias\\\/cubano-muere-atropellado-al-cruzar-una-calle-en-la-provincia-de-matanzas\\\/\"},\"wordCount\":415,\"commentCount\":0,\"publisher\":{\"@id\":\"https:\\\/\\\/www.cuballama.com\\\/noticias\\\/#organization\"},\"image\":{\"@id\":\"https:\\\/\\\/www.cuballama.com\\\/noticias\\\/cubano-muere-atropellado-al-cruzar-una-calle-en-la-provincia-de-matanzas\\\/#primaryimage\"},\"thumbnailUrl\":\"https:\\\/\\\/cdn1.mediawpaccore.net\\\/wp-content\\\/uploads\\\/2026\\\/03\\\/04052221\\\/image-9.png\",\"keywords\":[\"accidente de tr\u00e1nsito\",\"Cuba\",\"Matanzas\",\"peat\u00f3n\",\"Ramiro Alonso\",\"seguridad vial\",\"V\u00eda Blanca\"],\"articleSection\":[\"Noticias\",\"Noticias de Cuba\"],\"inLanguage\":\"es\",\"potentialAction\":[{\"@type\":\"CommentAction\",\"name\":\"Comment\",\"target\":[\"https:\\\/\\\/www.cuballama.com\\\/noticias\\\/cubano-muere-atropellado-al-cruzar-una-calle-en-la-provincia-de-matanzas\\\/#respond\"]}]},{\"@type\":\"WebPage\",\"@id\":\"https:\\\/\\\/www.cuballama.com\\\/noticias\\\/cubano-muere-atropellado-al-cruzar-una-calle-en-la-provincia-de-matanzas\\\/\",\"url\":\"https:\\\/\\\/www.cuballama.com\\\/noticias\\\/cubano-muere-atropellado-al-cruzar-una-calle-en-la-provincia-de-matanzas\\\/\",\"name\":\"Cubano muere atropellado al cruzar una calle en la provincia de Matanzas - Cuballama Noticias\",\"isPartOf\":{\"@id\":\"https:\\\/\\\/www.cuballama.com\\\/noticias\\\/#website\"},\"primaryImageOfPage\":{\"@id\":\"https:\\\/\\\/www.cuballama.com\\\/noticias\\\/cubano-muere-atropellado-al-cruzar-una-calle-en-la-provincia-de-matanzas\\\/#primaryimage\"},\"image\":{\"@id\":\"https:\\\/\\\/www.cuballama.com\\\/noticias\\\/cubano-muere-atropellado-al-cruzar-una-calle-en-la-provincia-de-matanzas\\\/#primaryimage\"},\"thumbnailUrl\":\"https:\\\/\\\/cdn1.mediawpaccore.net\\\/wp-content\\\/uploads\\\/2026\\\/03\\\/04052221\\\/image-9.png\",\"datePublished\":\"2026-03-04T22:34:37+00:00\",\"dateModified\":\"2026-03-04T22:34:43+00:00\",\"description\":\"Ramiro Alonso muri\u00f3 atropellado por una rastra al cruzar la V\u00eda Blanca en Matanzas, en otro accidente vial fatal en Cuba.\",\"breadcrumb\":{\"@id\":\"https:\\\/\\\/www.cuballama.com\\\/noticias\\\/cubano-muere-atropellado-al-cruzar-una-calle-en-la-provincia-de-matanzas\\\/#breadcrumb\"},\"inLanguage\":\"es\",\"potentialAction\":[{\"@type\":\"ReadAction\",\"target\":[\"https:\\\/\\\/www.cuballama.com\\\/noticias\\\/cubano-muere-atropellado-al-cruzar-una-calle-en-la-provincia-de-matanzas\\\/\"]}]},{\"@type\":\"ImageObject\",\"inLanguage\":\"es\",\"@id\":\"https:\\\/\\\/www.cuballama.com\\\/noticias\\\/cubano-muere-atropellado-al-cruzar-una-calle-en-la-provincia-de-matanzas\\\/#primaryimage\",\"url\":\"https:\\\/\\\/cdn1.mediawpaccore.net\\\/wp-content\\\/uploads\\\/2026\\\/03\\\/04052221\\\/image-9.png\",\"contentUrl\":\"https:\\\/\\\/cdn1.mediawpaccore.net\\\/wp-content\\\/uploads\\\/2026\\\/03\\\/04052221\\\/image-9.png\",\"width\":1196,\"height\":656,\"caption\":\"Foto: Peri\u00f3dico Gir\u00f3n \\\/ Matanzas\"},{\"@type\":\"BreadcrumbList\",\"@id\":\"https:\\\/\\\/www.cuballama.com\\\/noticias\\\/cubano-muere-atropellado-al-cruzar-una-calle-en-la-provincia-de-matanzas\\\/#breadcrumb\",\"itemListElement\":[{\"@type\":\"ListItem\",\"position\":1,\"name\":\"Home\",\"item\":\"https:\\\/\\\/www.cuballama.com\\\/noticias\\\/\"},{\"@type\":\"ListItem\",\"position\":2,\"name\":\"Cubano muere atropellado al cruzar una calle en la provincia de Matanzas\"}]},{\"@type\":\"WebSite\",\"@id\":\"https:\\\/\\\/www.cuballama.com\\\/noticias\\\/#website\",\"url\":\"https:\\\/\\\/www.cuballama.com\\\/noticias\\\/\",\"name\":\"Cuballama Noticias\",\"description\":\"Medio digital sobre Cuba y el mundo\",\"publisher\":{\"@id\":\"https:\\\/\\\/www.cuballama.com\\\/noticias\\\/#organization\"},\"potentialAction\":[{\"@type\":\"SearchAction\",\"target\":{\"@type\":\"EntryPoint\",\"urlTemplate\":\"https:\\\/\\\/www.cuballama.com\\\/noticias\\\/?s={search_term_string}\"},\"query-input\":{\"@type\":\"PropertyValueSpecification\",\"valueRequired\":true,\"valueName\":\"search_term_string\"}}],\"inLanguage\":\"es\"},{\"@type\":\"Organization\",\"@id\":\"https:\\\/\\\/www.cuballama.com\\\/noticias\\\/#organization\",\"name\":\"Cuballama\",\"url\":\"https:\\\/\\\/www.cuballama.com\\\/noticias\\\/\",\"logo\":{\"@type\":\"ImageObject\",\"inLanguage\":\"es\",\"@id\":\"https:\\\/\\\/www.cuballama.com\\\/noticias\\\/#\\\/schema\\\/logo\\\/image\\\/\",\"url\":\"https:\\\/\\\/cdn1.mediawpaccore.net\\\/wp-content\\\/uploads\\\/2021\\\/12\\\/28171206\\\/cbll-logo-color-sm.png\",\"contentUrl\":\"https:\\\/\\\/cdn1.mediawpaccore.net\\\/wp-content\\\/uploads\\\/2021\\\/12\\\/28171206\\\/cbll-logo-color-sm.png\",\"width\":600,\"height\":133,\"caption\":\"Cuballama\"},\"image\":{\"@id\":\"https:\\\/\\\/www.cuballama.com\\\/noticias\\\/#\\\/schema\\\/logo\\\/image\\\/\"},\"sameAs\":[\"https:\\\/\\\/www.facebook.com\\\/CubaLlama\",\"https:\\\/\\\/x.com\\\/cuballama\",\"https:\\\/\\\/www.instagram.com\\\/stories\\\/cuballama_oficial\\\/\",\"https:\\\/\\\/www.youtube.com\\\/channel\\\/UCKkFE-d_axENGZcrc4as0IA\"]},{\"@type\":\"Person\",\"@id\":\"https:\\\/\\\/www.cuballama.com\\\/noticias\\\/#\\\/schema\\\/person\\\/a58502ed4146c8e9f83872e897c76cd2\",\"name\":\"Roberto A.\",\"description\":\"Roberto A. Periodista por decisi\u00f3n propia. Interesado en cualquier tema que me apasione y cada vez m\u00e1s comprometido con la verdad y la objetividad period\u00edstica. Graduado en La Habana hace ya muchos a\u00f1os, luego de una accidentada y polvorienta b\u00fasqueda de informaci\u00f3n sobre un tema in\u00e9dito. La Tesis, por cierto, desapareci\u00f3 de la biblioteca y no se conservan copias de la misma.\",\"url\":\"https:\\\/\\\/www.cuballama.com\\\/noticias\\\/author\\\/roberto\\\/\"}]}<\/script>\n<!-- \/ Yoast SEO plugin. -->","yoast_head_json":{"title":"Cubano muere atropellado al cruzar una calle en la provincia de Matanzas - Cuballama Noticias","description":"Ramiro Alonso muri\u00f3 atropellado por una rastra al cruzar la V\u00eda Blanca en Matanzas, en otro accidente vial fatal en Cuba.","robots":{"index":"index","follow":"follow","max-snippet":"max-snippet:-1","max-image-preview":"max-image-preview:large","max-video-preview":"max-video-preview:-1"},"canonical":"https:\/\/www.cuballama.com\/noticias\/cubano-muere-atropellado-al-cruzar-una-calle-en-la-provincia-de-matanzas\/","og_locale":"es_ES","og_type":"article","og_title":"Cubano muere atropellado al cruzar una calle en la provincia de Matanzas - Cuballama Noticias","og_description":"Ramiro Alonso muri\u00f3 atropellado por una rastra al cruzar la V\u00eda Blanca en Matanzas, en otro accidente vial fatal en Cuba.","og_url":"https:\/\/www.cuballama.com\/noticias\/cubano-muere-atropellado-al-cruzar-una-calle-en-la-provincia-de-matanzas\/","og_site_name":"Cuballama Noticias","article_publisher":"https:\/\/www.facebook.com\/CubaLlama","article_published_time":"2026-03-04T22:34:37+00:00","article_modified_time":"2026-03-04T22:34:43+00:00","og_image":[{"width":1196,"height":656,"url":"https:\/\/cdn1.mediawpaccore.net\/wp-content\/uploads\/2026\/03\/04052221\/image-9.png","type":"image\/png"}],"author":"Roberto A.","twitter_card":"summary_large_image","twitter_creator":"@cuballama","twitter_site":"@cuballama","twitter_misc":{"Escrito por":"Roberto A.","Tiempo de lectura":"2 minutos"},"schema":{"@context":"https:\/\/schema.org","@graph":[{"@type":"Article","@id":"https:\/\/www.cuballama.com\/noticias\/cubano-muere-atropellado-al-cruzar-una-calle-en-la-provincia-de-matanzas\/#article","isPartOf":{"@id":"https:\/\/www.cuballama.com\/noticias\/cubano-muere-atropellado-al-cruzar-una-calle-en-la-provincia-de-matanzas\/"},"author":{"name":"Roberto A.","@id":"https:\/\/www.cuballama.com\/noticias\/#\/schema\/person\/a58502ed4146c8e9f83872e897c76cd2"},"headline":"Cubano muere atropellado al cruzar una calle en la provincia de Matanzas","datePublished":"2026-03-04T22:34:37+00:00","dateModified":"2026-03-04T22:34:43+00:00","mainEntityOfPage":{"@id":"https:\/\/www.cuballama.com\/noticias\/cubano-muere-atropellado-al-cruzar-una-calle-en-la-provincia-de-matanzas\/"},"wordCount":415,"commentCount":0,"publisher":{"@id":"https:\/\/www.cuballama.com\/noticias\/#organization"},"image":{"@id":"https:\/\/www.cuballama.com\/noticias\/cubano-muere-atropellado-al-cruzar-una-calle-en-la-provincia-de-matanzas\/#primaryimage"},"thumbnailUrl":"https:\/\/cdn1.mediawpaccore.net\/wp-content\/uploads\/2026\/03\/04052221\/image-9.png","keywords":["accidente de tr\u00e1nsito","Cuba","Matanzas","peat\u00f3n","Ramiro Alonso","seguridad vial","V\u00eda Blanca"],"articleSection":["Noticias","Noticias de Cuba"],"inLanguage":"es","potentialAction":[{"@type":"CommentAction","name":"Comment","target":["https:\/\/www.cuballama.com\/noticias\/cubano-muere-atropellado-al-cruzar-una-calle-en-la-provincia-de-matanzas\/#respond"]}]},{"@type":"WebPage","@id":"https:\/\/www.cuballama.com\/noticias\/cubano-muere-atropellado-al-cruzar-una-calle-en-la-provincia-de-matanzas\/","url":"https:\/\/www.cuballama.com\/noticias\/cubano-muere-atropellado-al-cruzar-una-calle-en-la-provincia-de-matanzas\/","name":"Cubano muere atropellado al cruzar una calle en la provincia de Matanzas - Cuballama Noticias","isPartOf":{"@id":"https:\/\/www.cuballama.com\/noticias\/#website"},"primaryImageOfPage":{"@id":"https:\/\/www.cuballama.com\/noticias\/cubano-muere-atropellado-al-cruzar-una-calle-en-la-provincia-de-matanzas\/#primaryimage"},"image":{"@id":"https:\/\/www.cuballama.com\/noticias\/cubano-muere-atropellado-al-cruzar-una-calle-en-la-provincia-de-matanzas\/#primaryimage"},"thumbnailUrl":"https:\/\/cdn1.mediawpaccore.net\/wp-content\/uploads\/2026\/03\/04052221\/image-9.png","datePublished":"2026-03-04T22:34:37+00:00","dateModified":"2026-03-04T22:34:43+00:00","description":"Ramiro Alonso muri\u00f3 atropellado por una rastra al cruzar la V\u00eda Blanca en Matanzas, en otro accidente vial fatal en Cuba.","breadcrumb":{"@id":"https:\/\/www.cuballama.com\/noticias\/cubano-muere-atropellado-al-cruzar-una-calle-en-la-provincia-de-matanzas\/#breadcrumb"},"inLanguage":"es","potentialAction":[{"@type":"ReadAction","target":["https:\/\/www.cuballama.com\/noticias\/cubano-muere-atropellado-al-cruzar-una-calle-en-la-provincia-de-matanzas\/"]}]},{"@type":"ImageObject","inLanguage":"es","@id":"https:\/\/www.cuballama.com\/noticias\/cubano-muere-atropellado-al-cruzar-una-calle-en-la-provincia-de-matanzas\/#primaryimage","url":"https:\/\/cdn1.mediawpaccore.net\/wp-content\/uploads\/2026\/03\/04052221\/image-9.png","contentUrl":"https:\/\/cdn1.mediawpaccore.net\/wp-content\/uploads\/2026\/03\/04052221\/image-9.png","width":1196,"height":656,"caption":"Foto: Peri\u00f3dico Gir\u00f3n \/ Matanzas"},{"@type":"BreadcrumbList","@id":"https:\/\/www.cuballama.com\/noticias\/cubano-muere-atropellado-al-cruzar-una-calle-en-la-provincia-de-matanzas\/#breadcrumb","itemListElement":[{"@type":"ListItem","position":1,"name":"Home","item":"https:\/\/www.cuballama.com\/noticias\/"},{"@type":"ListItem","position":2,"name":"Cubano muere atropellado al cruzar una calle en la provincia de Matanzas"}]},{"@type":"WebSite","@id":"https:\/\/www.cuballama.com\/noticias\/#website","url":"https:\/\/www.cuballama.com\/noticias\/","name":"Cuballama Noticias","description":"Medio digital sobre Cuba y el mundo","publisher":{"@id":"https:\/\/www.cuballama.com\/noticias\/#organization"},"potentialAction":[{"@type":"SearchAction","target":{"@type":"EntryPoint","urlTemplate":"https:\/\/www.cuballama.com\/noticias\/?s={search_term_string}"},"query-input":{"@type":"PropertyValueSpecification","valueRequired":true,"valueName":"search_term_string"}}],"inLanguage":"es"},{"@type":"Organization","@id":"https:\/\/www.cuballama.com\/noticias\/#organization","name":"Cuballama","url":"https:\/\/www.cuballama.com\/noticias\/","logo":{"@type":"ImageObject","inLanguage":"es","@id":"https:\/\/www.cuballama.com\/noticias\/#\/schema\/logo\/image\/","url":"https:\/\/cdn1.mediawpaccore.net\/wp-content\/uploads\/2021\/12\/28171206\/cbll-logo-color-sm.png","contentUrl":"https:\/\/cdn1.mediawpaccore.net\/wp-content\/uploads\/2021\/12\/28171206\/cbll-logo-color-sm.png","width":600,"height":133,"caption":"Cuballama"},"image":{"@id":"https:\/\/www.cuballama.com\/noticias\/#\/schema\/logo\/image\/"},"sameAs":["https:\/\/www.facebook.com\/CubaLlama","https:\/\/x.com\/cuballama","https:\/\/www.instagram.com\/stories\/cuballama_oficial\/","https:\/\/www.youtube.com\/channel\/UCKkFE-d_axENGZcrc4as0IA"]},{"@type":"Person","@id":"https:\/\/www.cuballama.com\/noticias\/#\/schema\/person\/a58502ed4146c8e9f83872e897c76cd2","name":"Roberto A.","description":"Roberto A. Periodista por decisi\u00f3n propia. Interesado en cualquier tema que me apasione y cada vez m\u00e1s comprometido con la verdad y la objetividad period\u00edstica. Graduado en La Habana hace ya muchos a\u00f1os, luego de una accidentada y polvorienta b\u00fasqueda de informaci\u00f3n sobre un tema in\u00e9dito. La Tesis, por cierto, desapareci\u00f3 de la biblioteca y no se conservan copias de la misma.","url":"https:\/\/www.cuballama.com\/noticias\/author\/roberto\/"}]}},"_links":{"self":[{"href":"https:\/\/www.cuballama.com\/noticias\/wp-json\/wp\/v2\/posts\/237043","targetHints":{"allow":["GET"]}}],"collection":[{"href":"https:\/\/www.cuballama.com\/noticias\/wp-json\/wp\/v2\/posts"}],"about":[{"href":"https:\/\/www.cuballama.com\/noticias\/wp-json\/wp\/v2\/types\/post"}],"author":[{"embeddable":true,"href":"https:\/\/www.cuballama.com\/noticias\/wp-json\/wp\/v2\/users\/13"}],"replies":[{"embeddable":true,"href":"https:\/\/www.cuballama.com\/noticias\/wp-json\/wp\/v2\/comments?post=237043"}],"version-history":[{"count":3,"href":"https:\/\/www.cuballama.com\/noticias\/wp-json\/wp\/v2\/posts\/237043\/revisions"}],"predecessor-version":[{"id":237062,"href":"https:\/\/www.cuballama.com\/noticias\/wp-json\/wp\/v2\/posts\/237043\/revisions\/237062"}],"wp:featuredmedia":[{"embeddable":true,"href":"https:\/\/www.cuballama.com\/noticias\/wp-json\/wp\/v2\/media\/237061"}],"wp:attachment":[{"href":"https:\/\/www.cuballama.com\/noticias\/wp-json\/wp\/v2\/media?parent=237043"}],"wp:term":[{"taxonomy":"category","embeddable":true,"href":"https:\/\/www.cuballama.com\/noticias\/wp-json\/wp\/v2\/categories?post=237043"},{"taxonomy":"post_tag","embeddable":true,"href":"https:\/\/www.cuballama.com\/noticias\/wp-json\/wp\/v2\/tags?post=237043"}],"curies":[{"name":"wp","href":"https:\/\/api.w.org\/{rel}","templated":true}]}}