{"id":237026,"date":"2026-03-04T05:00:00","date_gmt":"2026-03-04T10:00:00","guid":{"rendered":"https:\/\/www.cuballama.com\/noticias\/?p=237026"},"modified":"2026-03-04T00:22:44","modified_gmt":"2026-03-04T05:22:44","slug":"fiscalia-de-cuba-acusa-de-terrorismo-a-detenidos-a-bordo-de-lancha-de-florida","status":"publish","type":"post","link":"https:\/\/www.cuballama.com\/noticias\/fiscalia-de-cuba-acusa-de-terrorismo-a-detenidos-a-bordo-de-lancha-de-florida\/","title":{"rendered":"Fiscal\u00eda de Cuba acusa de terrorismo a detenidos a bordo de lancha de Florida"},"content":{"rendered":"\n<p>La Fiscal\u00eda General de la Rep\u00fablica (FGR) de Cuba anunci\u00f3 este martes 3 de marzo que ha instruido cargos por delitos de terrorismo contra los seis detenidos tras el enfrentamiento armado de una embarcaci\u00f3n de tropas Guardafronteras y una lancha procedente de Florida la semana pasada.<\/p>\n\n\n\n<p>Seg\u00fan un comunicado de la FGR, se pidi\u00f3 adem\u00e1s prisi\u00f3n provisional para los seis supervivientes del incidente, los cuales fueron arrestados. Hay que recordar que en la embarcaci\u00f3n viajaban otras cuatro personas que murieron durante un intercambio de disparos.<\/p>\n\n\n\n<p>\u201cLa Fiscal\u00eda General de la Rep\u00fablica continuar\u00e1 actuando de conformidad con su encargo constitucional, en el marco de la legalidad, en la defensa de nuestro pueblo y las instituciones del pa\u00eds\u201d, indic\u00f3 el prganismo sobre la incursi\u00f3n en aguas territoriales cubanas de una lancha con diez personas a bordo.<\/p>\n\n\n\n<p>La Fiscal\u00eda asegur\u00f3 que el proceso se desarrolla \u201ccon respeto a las garant\u00edas constitucionales y al debido proceso\u201d, y que al concluir la investigaci\u00f3n se adoptar\u00e1n las decisiones legales correspondientes.<\/p>\n\n\n\n<iframe loading=\"lazy\" src=\"https:\/\/www.facebook.com\/plugins\/post.php?href=https%3A%2F%2Fwww.facebook.com%2FFGRCuba%2Fposts%2Fpfbid02Bk7cgQrDMAv2MErmsgiNvStmzCVj32ZgV3szjHa96VBzC5p7U3GDzeqd8rBp1APFl&#038;show_text=true&#038;width=500\" width=\"500\" height=\"474\" style=\"border:none;overflow:hidden\" scrolling=\"no\" frameborder=\"0\" allowfullscreen=\"true\" allow=\"autoplay; clipboard-write; encrypted-media; picture-in-picture; web-share\"><\/iframe>\n\n\n\n<p>De acuerdo con el Ministerio del Interior (Minint) de Cuba, los diez tripulantes, todos cubanos residentes en Estados Unidos, partieron de Florida en dos embarcaciones la madrugada del pasado 25 de marzo, pero una tuvo que ser abandonada despu\u00e9s de que le fallara el motor.<\/p>\n\n\n\n<p>De acuerdo con la reconstrucci\u00f3n oficial de los hechos, los cinco integrantes de la lancha averiada y las armas y las municiones que llevaban se trasladaron a la otra embarcaci\u00f3n.&nbsp;<\/p>\n\n\n\n<p>Seg\u00fan la versi\u00f3n de La Habana, la lancha con matr\u00edcula de Florida, FL7726SH, fue detectada poco despu\u00e9s de las siete de la ma\u00f1ana en la costa norte del municipio de Corralillo, en la central provincia de Villa Clara.<\/p>\n\n\n\n<p>El r\u00e9gimen cubano no solo calific\u00f3 el hecho como un \u201cintento de infiltraci\u00f3n en el territorio nacional\u201d, sino que insisti\u00f3 en que desde la lancha abrieron cuando una lancha de Tropas Guardafronteras se acerc\u00f3 a la embarcaci\u00f3n para identificarla.<\/p>\n\n\n\n<p>El an\u00e1lisis t\u00e9cnico experto, seg\u00fan el Minint, revel\u00f3 13 impactos de bala en el buque cubano, ubicados a estribor, en el casco y en las barandas. Mientras tanto, el barco procedente de Estados Unidos y equipado con un motor fuera de borda, GPS y equipo de radionavegaci\u00f3n, tuvo 21 agujeros de bala.&nbsp;<\/p>\n\n\n\n<p>Las fuerzas del Minint dijeron asimismo que hallaron \u201c<a href=\"https:\/\/www.cuballama.com\/noticias\/gobierno-cubano-expone-presunto-arsenal-que-transportaba-lancha-interceptada\/\" target=\"_blank\" rel=\"noreferrer noopener\">una gran cantidad de armas de fuego<\/a> de diferentes calibres\u201d, incluidos \u201c14 fusiles, 11 pistolas\u201d y \u201c12.846 municiones\u201d.<\/p>\n\n\n\n<p>El fiscal jefe de la Direcci\u00f3n de la FGR, Edward Roberts Campbell, ya hab\u00eda adelantado que los arrestados se enfrentaban a cargos con un \u201cmarco sancionador elevado\u201d que va de los 10 a\u00f1os \u201chasta la privaci\u00f3n de libertad perpetua y la pena de muerte\u201d.<\/p>\n\n\n\n<p>Las autoridades militares aseguraron que, luego de que el buque extranjero fuera neutralizado, los heridos fueron evacuados y llevados a hospitales.<\/p>\n\n\n\n<p>El coronel Juan Antonio Ram\u00edrez, doctor a cargo de Servicios M\u00e9dicos del Minint, declar\u00f3 que \u201clos detenidos heridos reciben atenci\u00f3n m\u00e9dica con todos los recursos necesarios. Es una pr\u00e1ctica \u00e9tica de nuestras instituciones brindar asistencia sin distinci\u00f3n\u201d.<\/p>\n\n\n\n<p><\/p>\n","protected":false},"excerpt":{"rendered":"<p>La Fiscal\u00eda General de la Rep\u00fablica pidi\u00f3 adem\u00e1s prisi\u00f3n provisional para los seis supervivientes del incidente armado.<\/p>\n","protected":false},"author":30,"featured_media":236632,"comment_status":"open","ping_status":"closed","sticky":false,"template":"","format":"standard","meta":{"_acf_changed":false,"footnotes":""},"categories":[18,955],"tags":[10867,24634,30771,11017],"class_list":{"0":"post-237026","1":"post","2":"type-post","3":"status-publish","4":"format-standard","5":"has-post-thumbnail","7":"category-noticias","8":"category-noticias-de-cuba","9":"tag-crisis-en-cuba","10":"tag-fiscalia-cubana","11":"tag-lancha","12":"tag-superdestacado"},"acf":[],"yoast_head":"<!-- This site is optimized with the Yoast SEO plugin v27.5 - https:\/\/yoast.com\/product\/yoast-seo-wordpress\/ -->\n<title>Fiscal\u00eda de Cuba acusa de terrorismo a detenidos a bordo de lancha de Florida - Cuballama Noticias<\/title>\n<meta name=\"description\" content=\"La Fiscal\u00eda General de la Rep\u00fablica de Cuba acus\u00f3 de terrorismo a los seis detenidos a bordo de una lancha proveniente de Florida.\" \/>\n<meta name=\"robots\" content=\"index, follow, max-snippet:-1, max-image-preview:large, max-video-preview:-1\" \/>\n<link rel=\"canonical\" href=\"https:\/\/www.cuballama.com\/noticias\/fiscalia-de-cuba-acusa-de-terrorismo-a-detenidos-a-bordo-de-lancha-de-florida\/\" \/>\n<meta property=\"og:locale\" content=\"es_ES\" \/>\n<meta property=\"og:type\" content=\"article\" \/>\n<meta property=\"og:title\" content=\"Fiscal\u00eda de Cuba acusa de terrorismo a detenidos a bordo de lancha de Florida - Cuballama Noticias\" \/>\n<meta property=\"og:description\" content=\"La Fiscal\u00eda General de la Rep\u00fablica de Cuba acus\u00f3 de terrorismo a los seis detenidos a bordo de una lancha proveniente de Florida.\" \/>\n<meta property=\"og:url\" content=\"https:\/\/www.cuballama.com\/noticias\/fiscalia-de-cuba-acusa-de-terrorismo-a-detenidos-a-bordo-de-lancha-de-florida\/\" \/>\n<meta property=\"og:site_name\" content=\"Cuballama Noticias\" \/>\n<meta property=\"article:publisher\" content=\"https:\/\/www.facebook.com\/CubaLlama\" \/>\n<meta property=\"article:published_time\" content=\"2026-03-04T10:00:00+00:00\" \/>\n<meta property=\"og:image\" content=\"https:\/\/cdn1.mediawpaccore.net\/wp-content\/uploads\/2026\/02\/28071808\/643837622_1479188133870689_38356453619789684_n1.jpg\" \/>\n\t<meta property=\"og:image:width\" content=\"1200\" \/>\n\t<meta property=\"og:image:height\" content=\"630\" \/>\n\t<meta property=\"og:image:type\" content=\"image\/jpeg\" \/>\n<meta name=\"author\" content=\"Kathy\" \/>\n<meta name=\"twitter:card\" content=\"summary_large_image\" \/>\n<meta name=\"twitter:creator\" content=\"@cuballama\" \/>\n<meta name=\"twitter:site\" content=\"@cuballama\" \/>\n<meta name=\"twitter:label1\" content=\"Escrito por\" \/>\n\t<meta name=\"twitter:data1\" content=\"Kathy\" \/>\n\t<meta name=\"twitter:label2\" content=\"Tiempo de lectura\" \/>\n\t<meta name=\"twitter:data2\" content=\"3 minutos\" \/>\n<script type=\"application\/ld+json\" class=\"yoast-schema-graph\">{\"@context\":\"https:\\\/\\\/schema.org\",\"@graph\":[{\"@type\":\"Article\",\"@id\":\"https:\\\/\\\/www.cuballama.com\\\/noticias\\\/fiscalia-de-cuba-acusa-de-terrorismo-a-detenidos-a-bordo-de-lancha-de-florida\\\/#article\",\"isPartOf\":{\"@id\":\"https:\\\/\\\/www.cuballama.com\\\/noticias\\\/fiscalia-de-cuba-acusa-de-terrorismo-a-detenidos-a-bordo-de-lancha-de-florida\\\/\"},\"author\":{\"name\":\"Kathy\",\"@id\":\"https:\\\/\\\/www.cuballama.com\\\/noticias\\\/#\\\/schema\\\/person\\\/86cd3e3f4974437f031211213bf892d5\"},\"headline\":\"Fiscal\u00eda de Cuba acusa de terrorismo a detenidos a bordo de lancha de Florida\",\"datePublished\":\"2026-03-04T10:00:00+00:00\",\"mainEntityOfPage\":{\"@id\":\"https:\\\/\\\/www.cuballama.com\\\/noticias\\\/fiscalia-de-cuba-acusa-de-terrorismo-a-detenidos-a-bordo-de-lancha-de-florida\\\/\"},\"wordCount\":546,\"commentCount\":0,\"publisher\":{\"@id\":\"https:\\\/\\\/www.cuballama.com\\\/noticias\\\/#organization\"},\"image\":{\"@id\":\"https:\\\/\\\/www.cuballama.com\\\/noticias\\\/fiscalia-de-cuba-acusa-de-terrorismo-a-detenidos-a-bordo-de-lancha-de-florida\\\/#primaryimage\"},\"thumbnailUrl\":\"https:\\\/\\\/cdn1.mediawpaccore.net\\\/wp-content\\\/uploads\\\/2026\\\/02\\\/28071808\\\/643837622_1479188133870689_38356453619789684_n1.jpg\",\"keywords\":[\"Crisis en Cuba\",\"Fiscal\u00eda cubana\",\"lancha\",\"superdestacado\"],\"articleSection\":[\"Noticias\",\"Noticias de Cuba\"],\"inLanguage\":\"es\",\"potentialAction\":[{\"@type\":\"CommentAction\",\"name\":\"Comment\",\"target\":[\"https:\\\/\\\/www.cuballama.com\\\/noticias\\\/fiscalia-de-cuba-acusa-de-terrorismo-a-detenidos-a-bordo-de-lancha-de-florida\\\/#respond\"]}]},{\"@type\":\"WebPage\",\"@id\":\"https:\\\/\\\/www.cuballama.com\\\/noticias\\\/fiscalia-de-cuba-acusa-de-terrorismo-a-detenidos-a-bordo-de-lancha-de-florida\\\/\",\"url\":\"https:\\\/\\\/www.cuballama.com\\\/noticias\\\/fiscalia-de-cuba-acusa-de-terrorismo-a-detenidos-a-bordo-de-lancha-de-florida\\\/\",\"name\":\"Fiscal\u00eda de Cuba acusa de terrorismo a detenidos a bordo de lancha de Florida - Cuballama Noticias\",\"isPartOf\":{\"@id\":\"https:\\\/\\\/www.cuballama.com\\\/noticias\\\/#website\"},\"primaryImageOfPage\":{\"@id\":\"https:\\\/\\\/www.cuballama.com\\\/noticias\\\/fiscalia-de-cuba-acusa-de-terrorismo-a-detenidos-a-bordo-de-lancha-de-florida\\\/#primaryimage\"},\"image\":{\"@id\":\"https:\\\/\\\/www.cuballama.com\\\/noticias\\\/fiscalia-de-cuba-acusa-de-terrorismo-a-detenidos-a-bordo-de-lancha-de-florida\\\/#primaryimage\"},\"thumbnailUrl\":\"https:\\\/\\\/cdn1.mediawpaccore.net\\\/wp-content\\\/uploads\\\/2026\\\/02\\\/28071808\\\/643837622_1479188133870689_38356453619789684_n1.jpg\",\"datePublished\":\"2026-03-04T10:00:00+00:00\",\"description\":\"La Fiscal\u00eda General de la Rep\u00fablica de Cuba acus\u00f3 de terrorismo a los seis detenidos a bordo de una lancha proveniente de Florida.\",\"breadcrumb\":{\"@id\":\"https:\\\/\\\/www.cuballama.com\\\/noticias\\\/fiscalia-de-cuba-acusa-de-terrorismo-a-detenidos-a-bordo-de-lancha-de-florida\\\/#breadcrumb\"},\"inLanguage\":\"es\",\"potentialAction\":[{\"@type\":\"ReadAction\",\"target\":[\"https:\\\/\\\/www.cuballama.com\\\/noticias\\\/fiscalia-de-cuba-acusa-de-terrorismo-a-detenidos-a-bordo-de-lancha-de-florida\\\/\"]}]},{\"@type\":\"ImageObject\",\"inLanguage\":\"es\",\"@id\":\"https:\\\/\\\/www.cuballama.com\\\/noticias\\\/fiscalia-de-cuba-acusa-de-terrorismo-a-detenidos-a-bordo-de-lancha-de-florida\\\/#primaryimage\",\"url\":\"https:\\\/\\\/cdn1.mediawpaccore.net\\\/wp-content\\\/uploads\\\/2026\\\/02\\\/28071808\\\/643837622_1479188133870689_38356453619789684_n1.jpg\",\"contentUrl\":\"https:\\\/\\\/cdn1.mediawpaccore.net\\\/wp-content\\\/uploads\\\/2026\\\/02\\\/28071808\\\/643837622_1479188133870689_38356453619789684_n1.jpg\",\"width\":1200,\"height\":630,\"caption\":\"La lancha con matr\u00edcula de Florida, folio FL7726SH, abatida el pasado 25 de febrero por Guardafronteras en Cuba. Foto: Facebook\\\/Javier D\u00edaz.\"},{\"@type\":\"BreadcrumbList\",\"@id\":\"https:\\\/\\\/www.cuballama.com\\\/noticias\\\/fiscalia-de-cuba-acusa-de-terrorismo-a-detenidos-a-bordo-de-lancha-de-florida\\\/#breadcrumb\",\"itemListElement\":[{\"@type\":\"ListItem\",\"position\":1,\"name\":\"Home\",\"item\":\"https:\\\/\\\/www.cuballama.com\\\/noticias\\\/\"},{\"@type\":\"ListItem\",\"position\":2,\"name\":\"Fiscal\u00eda de Cuba acusa de terrorismo a detenidos a bordo de lancha de Florida\"}]},{\"@type\":\"WebSite\",\"@id\":\"https:\\\/\\\/www.cuballama.com\\\/noticias\\\/#website\",\"url\":\"https:\\\/\\\/www.cuballama.com\\\/noticias\\\/\",\"name\":\"Cuballama Noticias\",\"description\":\"Medio digital sobre Cuba y el mundo\",\"publisher\":{\"@id\":\"https:\\\/\\\/www.cuballama.com\\\/noticias\\\/#organization\"},\"potentialAction\":[{\"@type\":\"SearchAction\",\"target\":{\"@type\":\"EntryPoint\",\"urlTemplate\":\"https:\\\/\\\/www.cuballama.com\\\/noticias\\\/?s={search_term_string}\"},\"query-input\":{\"@type\":\"PropertyValueSpecification\",\"valueRequired\":true,\"valueName\":\"search_term_string\"}}],\"inLanguage\":\"es\"},{\"@type\":\"Organization\",\"@id\":\"https:\\\/\\\/www.cuballama.com\\\/noticias\\\/#organization\",\"name\":\"Cuballama\",\"url\":\"https:\\\/\\\/www.cuballama.com\\\/noticias\\\/\",\"logo\":{\"@type\":\"ImageObject\",\"inLanguage\":\"es\",\"@id\":\"https:\\\/\\\/www.cuballama.com\\\/noticias\\\/#\\\/schema\\\/logo\\\/image\\\/\",\"url\":\"https:\\\/\\\/cdn1.mediawpaccore.net\\\/wp-content\\\/uploads\\\/2021\\\/12\\\/28171206\\\/cbll-logo-color-sm.png\",\"contentUrl\":\"https:\\\/\\\/cdn1.mediawpaccore.net\\\/wp-content\\\/uploads\\\/2021\\\/12\\\/28171206\\\/cbll-logo-color-sm.png\",\"width\":600,\"height\":133,\"caption\":\"Cuballama\"},\"image\":{\"@id\":\"https:\\\/\\\/www.cuballama.com\\\/noticias\\\/#\\\/schema\\\/logo\\\/image\\\/\"},\"sameAs\":[\"https:\\\/\\\/www.facebook.com\\\/CubaLlama\",\"https:\\\/\\\/x.com\\\/cuballama\",\"https:\\\/\\\/www.instagram.com\\\/stories\\\/cuballama_oficial\\\/\",\"https:\\\/\\\/www.youtube.com\\\/channel\\\/UCKkFE-d_axENGZcrc4as0IA\"]},{\"@type\":\"Person\",\"@id\":\"https:\\\/\\\/www.cuballama.com\\\/noticias\\\/#\\\/schema\\\/person\\\/86cd3e3f4974437f031211213bf892d5\",\"name\":\"Kathy\",\"url\":\"https:\\\/\\\/www.cuballama.com\\\/noticias\\\/author\\\/kathy\\\/\"}]}<\/script>\n<!-- \/ Yoast SEO plugin. -->","yoast_head_json":{"title":"Fiscal\u00eda de Cuba acusa de terrorismo a detenidos a bordo de lancha de Florida - Cuballama Noticias","description":"La Fiscal\u00eda General de la Rep\u00fablica de Cuba acus\u00f3 de terrorismo a los seis detenidos a bordo de una lancha proveniente de Florida.","robots":{"index":"index","follow":"follow","max-snippet":"max-snippet:-1","max-image-preview":"max-image-preview:large","max-video-preview":"max-video-preview:-1"},"canonical":"https:\/\/www.cuballama.com\/noticias\/fiscalia-de-cuba-acusa-de-terrorismo-a-detenidos-a-bordo-de-lancha-de-florida\/","og_locale":"es_ES","og_type":"article","og_title":"Fiscal\u00eda de Cuba acusa de terrorismo a detenidos a bordo de lancha de Florida - Cuballama Noticias","og_description":"La Fiscal\u00eda General de la Rep\u00fablica de Cuba acus\u00f3 de terrorismo a los seis detenidos a bordo de una lancha proveniente de Florida.","og_url":"https:\/\/www.cuballama.com\/noticias\/fiscalia-de-cuba-acusa-de-terrorismo-a-detenidos-a-bordo-de-lancha-de-florida\/","og_site_name":"Cuballama Noticias","article_publisher":"https:\/\/www.facebook.com\/CubaLlama","article_published_time":"2026-03-04T10:00:00+00:00","og_image":[{"width":1200,"height":630,"url":"https:\/\/cdn1.mediawpaccore.net\/wp-content\/uploads\/2026\/02\/28071808\/643837622_1479188133870689_38356453619789684_n1.jpg","type":"image\/jpeg"}],"author":"Kathy","twitter_card":"summary_large_image","twitter_creator":"@cuballama","twitter_site":"@cuballama","twitter_misc":{"Escrito por":"Kathy","Tiempo de lectura":"3 minutos"},"schema":{"@context":"https:\/\/schema.org","@graph":[{"@type":"Article","@id":"https:\/\/www.cuballama.com\/noticias\/fiscalia-de-cuba-acusa-de-terrorismo-a-detenidos-a-bordo-de-lancha-de-florida\/#article","isPartOf":{"@id":"https:\/\/www.cuballama.com\/noticias\/fiscalia-de-cuba-acusa-de-terrorismo-a-detenidos-a-bordo-de-lancha-de-florida\/"},"author":{"name":"Kathy","@id":"https:\/\/www.cuballama.com\/noticias\/#\/schema\/person\/86cd3e3f4974437f031211213bf892d5"},"headline":"Fiscal\u00eda de Cuba acusa de terrorismo a detenidos a bordo de lancha de Florida","datePublished":"2026-03-04T10:00:00+00:00","mainEntityOfPage":{"@id":"https:\/\/www.cuballama.com\/noticias\/fiscalia-de-cuba-acusa-de-terrorismo-a-detenidos-a-bordo-de-lancha-de-florida\/"},"wordCount":546,"commentCount":0,"publisher":{"@id":"https:\/\/www.cuballama.com\/noticias\/#organization"},"image":{"@id":"https:\/\/www.cuballama.com\/noticias\/fiscalia-de-cuba-acusa-de-terrorismo-a-detenidos-a-bordo-de-lancha-de-florida\/#primaryimage"},"thumbnailUrl":"https:\/\/cdn1.mediawpaccore.net\/wp-content\/uploads\/2026\/02\/28071808\/643837622_1479188133870689_38356453619789684_n1.jpg","keywords":["Crisis en Cuba","Fiscal\u00eda cubana","lancha","superdestacado"],"articleSection":["Noticias","Noticias de Cuba"],"inLanguage":"es","potentialAction":[{"@type":"CommentAction","name":"Comment","target":["https:\/\/www.cuballama.com\/noticias\/fiscalia-de-cuba-acusa-de-terrorismo-a-detenidos-a-bordo-de-lancha-de-florida\/#respond"]}]},{"@type":"WebPage","@id":"https:\/\/www.cuballama.com\/noticias\/fiscalia-de-cuba-acusa-de-terrorismo-a-detenidos-a-bordo-de-lancha-de-florida\/","url":"https:\/\/www.cuballama.com\/noticias\/fiscalia-de-cuba-acusa-de-terrorismo-a-detenidos-a-bordo-de-lancha-de-florida\/","name":"Fiscal\u00eda de Cuba acusa de terrorismo a detenidos a bordo de lancha de Florida - Cuballama Noticias","isPartOf":{"@id":"https:\/\/www.cuballama.com\/noticias\/#website"},"primaryImageOfPage":{"@id":"https:\/\/www.cuballama.com\/noticias\/fiscalia-de-cuba-acusa-de-terrorismo-a-detenidos-a-bordo-de-lancha-de-florida\/#primaryimage"},"image":{"@id":"https:\/\/www.cuballama.com\/noticias\/fiscalia-de-cuba-acusa-de-terrorismo-a-detenidos-a-bordo-de-lancha-de-florida\/#primaryimage"},"thumbnailUrl":"https:\/\/cdn1.mediawpaccore.net\/wp-content\/uploads\/2026\/02\/28071808\/643837622_1479188133870689_38356453619789684_n1.jpg","datePublished":"2026-03-04T10:00:00+00:00","description":"La Fiscal\u00eda General de la Rep\u00fablica de Cuba acus\u00f3 de terrorismo a los seis detenidos a bordo de una lancha proveniente de Florida.","breadcrumb":{"@id":"https:\/\/www.cuballama.com\/noticias\/fiscalia-de-cuba-acusa-de-terrorismo-a-detenidos-a-bordo-de-lancha-de-florida\/#breadcrumb"},"inLanguage":"es","potentialAction":[{"@type":"ReadAction","target":["https:\/\/www.cuballama.com\/noticias\/fiscalia-de-cuba-acusa-de-terrorismo-a-detenidos-a-bordo-de-lancha-de-florida\/"]}]},{"@type":"ImageObject","inLanguage":"es","@id":"https:\/\/www.cuballama.com\/noticias\/fiscalia-de-cuba-acusa-de-terrorismo-a-detenidos-a-bordo-de-lancha-de-florida\/#primaryimage","url":"https:\/\/cdn1.mediawpaccore.net\/wp-content\/uploads\/2026\/02\/28071808\/643837622_1479188133870689_38356453619789684_n1.jpg","contentUrl":"https:\/\/cdn1.mediawpaccore.net\/wp-content\/uploads\/2026\/02\/28071808\/643837622_1479188133870689_38356453619789684_n1.jpg","width":1200,"height":630,"caption":"La lancha con matr\u00edcula de Florida, folio FL7726SH, abatida el pasado 25 de febrero por Guardafronteras en Cuba. Foto: Facebook\/Javier D\u00edaz."},{"@type":"BreadcrumbList","@id":"https:\/\/www.cuballama.com\/noticias\/fiscalia-de-cuba-acusa-de-terrorismo-a-detenidos-a-bordo-de-lancha-de-florida\/#breadcrumb","itemListElement":[{"@type":"ListItem","position":1,"name":"Home","item":"https:\/\/www.cuballama.com\/noticias\/"},{"@type":"ListItem","position":2,"name":"Fiscal\u00eda de Cuba acusa de terrorismo a detenidos a bordo de lancha de Florida"}]},{"@type":"WebSite","@id":"https:\/\/www.cuballama.com\/noticias\/#website","url":"https:\/\/www.cuballama.com\/noticias\/","name":"Cuballama Noticias","description":"Medio digital sobre Cuba y el mundo","publisher":{"@id":"https:\/\/www.cuballama.com\/noticias\/#organization"},"potentialAction":[{"@type":"SearchAction","target":{"@type":"EntryPoint","urlTemplate":"https:\/\/www.cuballama.com\/noticias\/?s={search_term_string}"},"query-input":{"@type":"PropertyValueSpecification","valueRequired":true,"valueName":"search_term_string"}}],"inLanguage":"es"},{"@type":"Organization","@id":"https:\/\/www.cuballama.com\/noticias\/#organization","name":"Cuballama","url":"https:\/\/www.cuballama.com\/noticias\/","logo":{"@type":"ImageObject","inLanguage":"es","@id":"https:\/\/www.cuballama.com\/noticias\/#\/schema\/logo\/image\/","url":"https:\/\/cdn1.mediawpaccore.net\/wp-content\/uploads\/2021\/12\/28171206\/cbll-logo-color-sm.png","contentUrl":"https:\/\/cdn1.mediawpaccore.net\/wp-content\/uploads\/2021\/12\/28171206\/cbll-logo-color-sm.png","width":600,"height":133,"caption":"Cuballama"},"image":{"@id":"https:\/\/www.cuballama.com\/noticias\/#\/schema\/logo\/image\/"},"sameAs":["https:\/\/www.facebook.com\/CubaLlama","https:\/\/x.com\/cuballama","https:\/\/www.instagram.com\/stories\/cuballama_oficial\/","https:\/\/www.youtube.com\/channel\/UCKkFE-d_axENGZcrc4as0IA"]},{"@type":"Person","@id":"https:\/\/www.cuballama.com\/noticias\/#\/schema\/person\/86cd3e3f4974437f031211213bf892d5","name":"Kathy","url":"https:\/\/www.cuballama.com\/noticias\/author\/kathy\/"}]}},"_links":{"self":[{"href":"https:\/\/www.cuballama.com\/noticias\/wp-json\/wp\/v2\/posts\/237026","targetHints":{"allow":["GET"]}}],"collection":[{"href":"https:\/\/www.cuballama.com\/noticias\/wp-json\/wp\/v2\/posts"}],"about":[{"href":"https:\/\/www.cuballama.com\/noticias\/wp-json\/wp\/v2\/types\/post"}],"author":[{"embeddable":true,"href":"https:\/\/www.cuballama.com\/noticias\/wp-json\/wp\/v2\/users\/30"}],"replies":[{"embeddable":true,"href":"https:\/\/www.cuballama.com\/noticias\/wp-json\/wp\/v2\/comments?post=237026"}],"version-history":[{"count":4,"href":"https:\/\/www.cuballama.com\/noticias\/wp-json\/wp\/v2\/posts\/237026\/revisions"}],"predecessor-version":[{"id":237030,"href":"https:\/\/www.cuballama.com\/noticias\/wp-json\/wp\/v2\/posts\/237026\/revisions\/237030"}],"wp:featuredmedia":[{"embeddable":true,"href":"https:\/\/www.cuballama.com\/noticias\/wp-json\/wp\/v2\/media\/236632"}],"wp:attachment":[{"href":"https:\/\/www.cuballama.com\/noticias\/wp-json\/wp\/v2\/media?parent=237026"}],"wp:term":[{"taxonomy":"category","embeddable":true,"href":"https:\/\/www.cuballama.com\/noticias\/wp-json\/wp\/v2\/categories?post=237026"},{"taxonomy":"post_tag","embeddable":true,"href":"https:\/\/www.cuballama.com\/noticias\/wp-json\/wp\/v2\/tags?post=237026"}],"curies":[{"name":"wp","href":"https:\/\/api.w.org\/{rel}","templated":true}]}}