{"id":237017,"date":"2026-03-04T06:00:00","date_gmt":"2026-03-04T11:00:00","guid":{"rendered":"https:\/\/www.cuballama.com\/noticias\/?p=237017"},"modified":"2026-03-03T23:32:15","modified_gmt":"2026-03-04T04:32:15","slug":"hallado-culpable-de-secuestrar-torturar-y-extorsionar-a-migrantes-cubanos-en-florida","status":"publish","type":"post","link":"https:\/\/www.cuballama.com\/noticias\/hallado-culpable-de-secuestrar-torturar-y-extorsionar-a-migrantes-cubanos-en-florida\/","title":{"rendered":"Hallado culpable de secuestrar, torturar y extorsionar a migrantes cubanos en Florida"},"content":{"rendered":"\n<p>El pasado 20 de febrero, un jurado federal en Miami, Florida, declar\u00f3 <a href=\"https:\/\/www.cuballama.com\/noticias\/estadounidense-es-declarado-culpable-por-abuso-sexual-de-una-menor-en-cuba\/\" target=\"_blank\" rel=\"noreferrer noopener\">culpable<\/a> a V\u00edctor Rafael Arcia Albeja, conocido como \u201cVitico\u201d, por su papel en un esquema de contrabando que secuestr\u00f3, tortur\u00f3 y extorsion\u00f3 a migrantes cubanos.<\/p>\n\n\n\n<p>Arcia Albeja, de 32 a\u00f1os, es el \u00faltimo de seis acusados en un violento grupo que sac\u00f3 migrantes de Cuba para mantenerlos cautivos, torturarlos y forzar a sus familias a forzar pagos por su rescate.&nbsp;<\/p>\n\n\n\n<p>Seg\u00fan informaron las autoridades federales el lunes, los coacusados Osmel Ben\u00edtez, de 40 a\u00f1os, de Opa-Locka; V\u00edctor Manuel P\u00e9rez C\u00e1rdenas, de 40 a\u00f1os, de Tampa; Jhonny Walther Izaguirre L\u00f3pez, de 46 a\u00f1os, de Baton Rouge, Luisiana; Yoelys Prada Ramos, de 45 a\u00f1os, de Baton Rouge, Luisiana; y Jos\u00e9 \u00c1ngel Marrero Rodr\u00edguez, de 52 a\u00f1os, de Houston, Texas, se declararon culpables previamente.<\/p>\n\n\n\n<p>\u201cEn marzo y mayo de 2024, Arcia Albeja y P\u00e9rez C\u00e1rdenas transportaron a ciudadanos cubanos en barco desde Cayo Coco, Cuba, a Key Largo\u201d, y luego Ben\u00edtez y otros miembros del grupo transportaron a los extranjeros a una casa segura en Miami Gardens, donde exigieron 15.000 d\u00f3lares por cada uno para liberarlos.<\/p>\n\n\n\n<p>\u201cCuando las familias de varios de los extranjeros tra\u00eddos en marzo de 2024 no pagaron, Prada Ramos mostr\u00f3 a los migrantes un video que representaba a un hombre golpeando a una v\u00edctima con un machete y luego dispar\u00e1ndole a la v\u00edctima hasta la muerte\u201d, detall\u00f3 <a href=\"https:\/\/www.justice.gov\/usao-sdfl\/pr\/federal-jury-convicts-miami-man-kidnapping-alien-smuggling-and-racketeering-related\" target=\"_blank\" rel=\"noreferrer noopener nofollow\">la nota de prensa<\/a> compartida en su cuenta de X Jason A. Reding Qui\u00f1ones, fiscal federal para el Distrito Sur de Florida.<\/p>\n\n\n\n<p>\u201cArcia Albeja y otros miembros de la empresa implementaron una pol\u00edtica de que ning\u00fan extranjero ser\u00eda liberado hasta que se recibiera el pago completo\u201d, indic\u00f3 sobre un negocio de tr\u00e1fico de personas \u201caplicada a trav\u00e9s del secuestro, la tortura y el terror\u201d.<\/p>\n\n\n\n<blockquote class=\"twitter-tweet\"><p lang=\"zxx\" dir=\"ltr\"><a href=\"https:\/\/t.co\/I0mvqROmz0\">https:\/\/t.co\/I0mvqROmz0<\/a><\/p>&mdash; US Attorney Reding Qui\u00f1ones (@USAO_SDFL) <a href=\"https:\/\/twitter.com\/USAO_SDFL\/status\/2028602071113441756?ref_src=twsrc%5Etfw\">March 2, 2026<\/a><\/blockquote> <script async src=\"https:\/\/platform.twitter.com\/widgets.js\" charset=\"utf-8\"><\/script>\n\n\n\n<p>De acuerdo con Reding Qui\u00f1ones, \u201clos acusados introdujeron de contrabando a migrantes cubanos vulnerables en nuestro pa\u00eds y luego los trataron como mercanc\u00edas, encarcel\u00e1ndolos, golpe\u00e1ndolos con machetes, organizando ejecuciones simuladas y poni\u00e9ndose armas en la cabeza para extorsionar al rescate de sus familias\u201d.&nbsp;<\/p>\n\n\n\n<p>\u201cEstas no son violaciones de inmigraci\u00f3n. Son delitos federales violentos. Si explotas la desesperaci\u00f3n por ganancias en el sur de Florida, ser\u00e1s perseguido, procesado federalmente y enfrentar\u00e1s todo el peso de la ley\u201d, subray\u00f3 el fiscal.<\/p>\n\n\n\n<p>Por su parte, el agente especial a cargo del FBI en Miami, Brett Skiles, opin\u00f3 que \u201cla depravaci\u00f3n de esta operaci\u00f3n de secuestro y contrabando est\u00e1 casi fuera de la descripci\u00f3n\u201d.&nbsp;<\/p>\n\n\n\n<p>\u201cArcia Albeja y sus coacusados secuestraron, extorsionaron y torturaron a las v\u00edctimas y a sus familias poni\u00e9ndolas en circunstancias de pesadilla, como un ahorcamiento simulado y ser golpeado por un machete\u201d, a\u00f1adi\u00f3.<\/p>\n\n\n\n<p>Un extranjero testific\u00f3 que Izaguirre L\u00f3pez la puso en una llamada de FaceTime con su madre, le coloc\u00f3 una pistola en la cabeza y le dijo a su madre que si no pagaba, recibir\u00eda la cabeza de su hija.&nbsp;<\/p>\n\n\n\n<p>En otro caso, Ben\u00edtez y Arcia Albeja forzaron a uno de los alien\u00edgenas a participar en un simulacro de ahorcamiento mientras eran golpeados con un machete.<\/p>\n\n\n\n<p>Cuando el esquema de extorsi\u00f3n fracas\u00f3, los miembros de la empresa intentaron transportar a los extranjeros a Louisiana para el trabajo forzado para satisfacer las deudas de contrabando. El 20 de mayo de 2024, la polic\u00eda detuvo a Izaguirre L\u00f3pez en la autopista de peaje de Florida en el condado de Sumter, lo arrest\u00f3 y rescat\u00f3 a los extranjeros.<\/p>\n\n\n\n<p>El jurado conden\u00f3 a Arcia Albeja por conspiraci\u00f3n para secuestrar, cuatro cargos de secuestro, conspiraci\u00f3n para traer a un extranjero a Estados Unidos, traer a un extranjero a Estados Unidos y cuatro cargos de cr\u00edmenes violentos en protagonismo.&nbsp;<\/p>\n\n\n\n<p>Arcia Albeja enfrenta una sentencia m\u00e1xima de cadena perpetua por los cargos relacionados con el secuestro. Tambi\u00e9n enfrenta hasta 10 a\u00f1os de prisi\u00f3n por cada uno de los cargos de contrabando de extranjeros y hasta 20 a\u00f1os de prisi\u00f3n por cada cargo de cr\u00edmenes violentos en promoci\u00f3n de la extorsi\u00f3n.&nbsp;<\/p>\n\n\n\n<p>Un juez de la corte federal de distrito determinar\u00e1 cualquier sentencia.<\/p>\n\n\n\n<p><\/p>\n","protected":false},"excerpt":{"rendered":"<p> El hombre podr\u00eda enfrentar una sentencia m\u00e1xima de cadena perpetua.<\/p>\n","protected":false},"author":30,"featured_media":237019,"comment_status":"open","ping_status":"closed","sticky":false,"template":"","format":"standard","meta":{"_acf_changed":false,"footnotes":""},"categories":[18,11024],"tags":[27666,11050,941,600],"class_list":{"0":"post-237017","1":"post","2":"type-post","3":"status-publish","4":"format-standard","5":"has-post-thumbnail","7":"category-noticias","8":"category-noticias-de-miami","9":"tag-contrabando-de-migrantes","10":"tag-cubanos-en-miami","11":"tag-destacado","12":"tag-migrantes-cubanos"},"acf":[],"yoast_head":"<!-- This site is optimized with the Yoast SEO plugin v27.4 - https:\/\/yoast.com\/product\/yoast-seo-wordpress\/ -->\n<title>Hallado culpable de secuestrar, torturar y extorsionar a migrantes cubanos en Florida - Cuballama Noticias<\/title>\n<meta name=\"description\" content=\"Un jurado federal en Miami declar\u00f3 culpable a V\u00edctor Rafael Arcia Albeja por su papel en un esquema de contrabando de migrantes cubanos.\" \/>\n<meta name=\"robots\" content=\"index, follow, max-snippet:-1, max-image-preview:large, max-video-preview:-1\" \/>\n<link rel=\"canonical\" href=\"https:\/\/www.cuballama.com\/noticias\/hallado-culpable-de-secuestrar-torturar-y-extorsionar-a-migrantes-cubanos-en-florida\/\" \/>\n<meta property=\"og:locale\" content=\"es_ES\" \/>\n<meta property=\"og:type\" content=\"article\" \/>\n<meta property=\"og:title\" content=\"Hallado culpable de secuestrar, torturar y extorsionar a migrantes cubanos en Florida - Cuballama Noticias\" \/>\n<meta property=\"og:description\" content=\"Un jurado federal en Miami declar\u00f3 culpable a V\u00edctor Rafael Arcia Albeja por su papel en un esquema de contrabando de migrantes cubanos.\" \/>\n<meta property=\"og:url\" content=\"https:\/\/www.cuballama.com\/noticias\/hallado-culpable-de-secuestrar-torturar-y-extorsionar-a-migrantes-cubanos-en-florida\/\" \/>\n<meta property=\"og:site_name\" content=\"Cuballama Noticias\" \/>\n<meta property=\"article:publisher\" content=\"https:\/\/www.facebook.com\/CubaLlama\" \/>\n<meta property=\"article:published_time\" content=\"2026-03-04T11:00:00+00:00\" \/>\n<meta property=\"og:image\" content=\"https:\/\/cdn1.mediawpaccore.net\/wp-content\/uploads\/2026\/03\/03223450\/647042803_917176724392182_2283083727276722876_n1.jpg\" \/>\n\t<meta property=\"og:image:width\" content=\"1200\" \/>\n\t<meta property=\"og:image:height\" content=\"630\" \/>\n\t<meta property=\"og:image:type\" content=\"image\/jpeg\" \/>\n<meta name=\"author\" content=\"Kathy\" \/>\n<meta name=\"twitter:card\" content=\"summary_large_image\" \/>\n<meta name=\"twitter:creator\" content=\"@cuballama\" \/>\n<meta name=\"twitter:site\" content=\"@cuballama\" \/>\n<meta name=\"twitter:label1\" content=\"Escrito por\" \/>\n\t<meta name=\"twitter:data1\" content=\"Kathy\" \/>\n\t<meta name=\"twitter:label2\" content=\"Tiempo de lectura\" \/>\n\t<meta name=\"twitter:data2\" content=\"4 minutos\" \/>\n<script type=\"application\/ld+json\" class=\"yoast-schema-graph\">{\"@context\":\"https:\\\/\\\/schema.org\",\"@graph\":[{\"@type\":\"Article\",\"@id\":\"https:\\\/\\\/www.cuballama.com\\\/noticias\\\/hallado-culpable-de-secuestrar-torturar-y-extorsionar-a-migrantes-cubanos-en-florida\\\/#article\",\"isPartOf\":{\"@id\":\"https:\\\/\\\/www.cuballama.com\\\/noticias\\\/hallado-culpable-de-secuestrar-torturar-y-extorsionar-a-migrantes-cubanos-en-florida\\\/\"},\"author\":{\"name\":\"Kathy\",\"@id\":\"https:\\\/\\\/www.cuballama.com\\\/noticias\\\/#\\\/schema\\\/person\\\/86cd3e3f4974437f031211213bf892d5\"},\"headline\":\"Hallado culpable de secuestrar, torturar y extorsionar a migrantes cubanos en Florida\",\"datePublished\":\"2026-03-04T11:00:00+00:00\",\"mainEntityOfPage\":{\"@id\":\"https:\\\/\\\/www.cuballama.com\\\/noticias\\\/hallado-culpable-de-secuestrar-torturar-y-extorsionar-a-migrantes-cubanos-en-florida\\\/\"},\"wordCount\":740,\"commentCount\":0,\"publisher\":{\"@id\":\"https:\\\/\\\/www.cuballama.com\\\/noticias\\\/#organization\"},\"image\":{\"@id\":\"https:\\\/\\\/www.cuballama.com\\\/noticias\\\/hallado-culpable-de-secuestrar-torturar-y-extorsionar-a-migrantes-cubanos-en-florida\\\/#primaryimage\"},\"thumbnailUrl\":\"https:\\\/\\\/cdn1.mediawpaccore.net\\\/wp-content\\\/uploads\\\/2026\\\/03\\\/03223450\\\/647042803_917176724392182_2283083727276722876_n1.jpg\",\"keywords\":[\"contrabando de migrantes\",\"cubanos en Miami\",\"destacado\",\"Migrantes cubanos\"],\"articleSection\":[\"Noticias\",\"Noticias de Miami\"],\"inLanguage\":\"es\",\"potentialAction\":[{\"@type\":\"CommentAction\",\"name\":\"Comment\",\"target\":[\"https:\\\/\\\/www.cuballama.com\\\/noticias\\\/hallado-culpable-de-secuestrar-torturar-y-extorsionar-a-migrantes-cubanos-en-florida\\\/#respond\"]}]},{\"@type\":\"WebPage\",\"@id\":\"https:\\\/\\\/www.cuballama.com\\\/noticias\\\/hallado-culpable-de-secuestrar-torturar-y-extorsionar-a-migrantes-cubanos-en-florida\\\/\",\"url\":\"https:\\\/\\\/www.cuballama.com\\\/noticias\\\/hallado-culpable-de-secuestrar-torturar-y-extorsionar-a-migrantes-cubanos-en-florida\\\/\",\"name\":\"Hallado culpable de secuestrar, torturar y extorsionar a migrantes cubanos en Florida - Cuballama Noticias\",\"isPartOf\":{\"@id\":\"https:\\\/\\\/www.cuballama.com\\\/noticias\\\/#website\"},\"primaryImageOfPage\":{\"@id\":\"https:\\\/\\\/www.cuballama.com\\\/noticias\\\/hallado-culpable-de-secuestrar-torturar-y-extorsionar-a-migrantes-cubanos-en-florida\\\/#primaryimage\"},\"image\":{\"@id\":\"https:\\\/\\\/www.cuballama.com\\\/noticias\\\/hallado-culpable-de-secuestrar-torturar-y-extorsionar-a-migrantes-cubanos-en-florida\\\/#primaryimage\"},\"thumbnailUrl\":\"https:\\\/\\\/cdn1.mediawpaccore.net\\\/wp-content\\\/uploads\\\/2026\\\/03\\\/03223450\\\/647042803_917176724392182_2283083727276722876_n1.jpg\",\"datePublished\":\"2026-03-04T11:00:00+00:00\",\"description\":\"Un jurado federal en Miami declar\u00f3 culpable a V\u00edctor Rafael Arcia Albeja por su papel en un esquema de contrabando de migrantes cubanos.\",\"breadcrumb\":{\"@id\":\"https:\\\/\\\/www.cuballama.com\\\/noticias\\\/hallado-culpable-de-secuestrar-torturar-y-extorsionar-a-migrantes-cubanos-en-florida\\\/#breadcrumb\"},\"inLanguage\":\"es\",\"potentialAction\":[{\"@type\":\"ReadAction\",\"target\":[\"https:\\\/\\\/www.cuballama.com\\\/noticias\\\/hallado-culpable-de-secuestrar-torturar-y-extorsionar-a-migrantes-cubanos-en-florida\\\/\"]}]},{\"@type\":\"ImageObject\",\"inLanguage\":\"es\",\"@id\":\"https:\\\/\\\/www.cuballama.com\\\/noticias\\\/hallado-culpable-de-secuestrar-torturar-y-extorsionar-a-migrantes-cubanos-en-florida\\\/#primaryimage\",\"url\":\"https:\\\/\\\/cdn1.mediawpaccore.net\\\/wp-content\\\/uploads\\\/2026\\\/03\\\/03223450\\\/647042803_917176724392182_2283083727276722876_n1.jpg\",\"contentUrl\":\"https:\\\/\\\/cdn1.mediawpaccore.net\\\/wp-content\\\/uploads\\\/2026\\\/03\\\/03223450\\\/647042803_917176724392182_2283083727276722876_n1.jpg\",\"width\":1200,\"height\":630,\"caption\":\"Rafael Arcia Albeja. Foto: Miami.gov.\"},{\"@type\":\"BreadcrumbList\",\"@id\":\"https:\\\/\\\/www.cuballama.com\\\/noticias\\\/hallado-culpable-de-secuestrar-torturar-y-extorsionar-a-migrantes-cubanos-en-florida\\\/#breadcrumb\",\"itemListElement\":[{\"@type\":\"ListItem\",\"position\":1,\"name\":\"Home\",\"item\":\"https:\\\/\\\/www.cuballama.com\\\/noticias\\\/\"},{\"@type\":\"ListItem\",\"position\":2,\"name\":\"Hallado culpable de secuestrar, torturar y extorsionar a migrantes cubanos en Florida\"}]},{\"@type\":\"WebSite\",\"@id\":\"https:\\\/\\\/www.cuballama.com\\\/noticias\\\/#website\",\"url\":\"https:\\\/\\\/www.cuballama.com\\\/noticias\\\/\",\"name\":\"Cuballama Noticias\",\"description\":\"Medio digital sobre Cuba y el mundo\",\"publisher\":{\"@id\":\"https:\\\/\\\/www.cuballama.com\\\/noticias\\\/#organization\"},\"potentialAction\":[{\"@type\":\"SearchAction\",\"target\":{\"@type\":\"EntryPoint\",\"urlTemplate\":\"https:\\\/\\\/www.cuballama.com\\\/noticias\\\/?s={search_term_string}\"},\"query-input\":{\"@type\":\"PropertyValueSpecification\",\"valueRequired\":true,\"valueName\":\"search_term_string\"}}],\"inLanguage\":\"es\"},{\"@type\":\"Organization\",\"@id\":\"https:\\\/\\\/www.cuballama.com\\\/noticias\\\/#organization\",\"name\":\"Cuballama\",\"url\":\"https:\\\/\\\/www.cuballama.com\\\/noticias\\\/\",\"logo\":{\"@type\":\"ImageObject\",\"inLanguage\":\"es\",\"@id\":\"https:\\\/\\\/www.cuballama.com\\\/noticias\\\/#\\\/schema\\\/logo\\\/image\\\/\",\"url\":\"https:\\\/\\\/cdn1.mediawpaccore.net\\\/wp-content\\\/uploads\\\/2021\\\/12\\\/28171206\\\/cbll-logo-color-sm.png\",\"contentUrl\":\"https:\\\/\\\/cdn1.mediawpaccore.net\\\/wp-content\\\/uploads\\\/2021\\\/12\\\/28171206\\\/cbll-logo-color-sm.png\",\"width\":600,\"height\":133,\"caption\":\"Cuballama\"},\"image\":{\"@id\":\"https:\\\/\\\/www.cuballama.com\\\/noticias\\\/#\\\/schema\\\/logo\\\/image\\\/\"},\"sameAs\":[\"https:\\\/\\\/www.facebook.com\\\/CubaLlama\",\"https:\\\/\\\/x.com\\\/cuballama\",\"https:\\\/\\\/www.instagram.com\\\/stories\\\/cuballama_oficial\\\/\",\"https:\\\/\\\/www.youtube.com\\\/channel\\\/UCKkFE-d_axENGZcrc4as0IA\"]},{\"@type\":\"Person\",\"@id\":\"https:\\\/\\\/www.cuballama.com\\\/noticias\\\/#\\\/schema\\\/person\\\/86cd3e3f4974437f031211213bf892d5\",\"name\":\"Kathy\",\"url\":\"https:\\\/\\\/www.cuballama.com\\\/noticias\\\/author\\\/kathy\\\/\"}]}<\/script>\n<!-- \/ Yoast SEO plugin. -->","yoast_head_json":{"title":"Hallado culpable de secuestrar, torturar y extorsionar a migrantes cubanos en Florida - Cuballama Noticias","description":"Un jurado federal en Miami declar\u00f3 culpable a V\u00edctor Rafael Arcia Albeja por su papel en un esquema de contrabando de migrantes cubanos.","robots":{"index":"index","follow":"follow","max-snippet":"max-snippet:-1","max-image-preview":"max-image-preview:large","max-video-preview":"max-video-preview:-1"},"canonical":"https:\/\/www.cuballama.com\/noticias\/hallado-culpable-de-secuestrar-torturar-y-extorsionar-a-migrantes-cubanos-en-florida\/","og_locale":"es_ES","og_type":"article","og_title":"Hallado culpable de secuestrar, torturar y extorsionar a migrantes cubanos en Florida - Cuballama Noticias","og_description":"Un jurado federal en Miami declar\u00f3 culpable a V\u00edctor Rafael Arcia Albeja por su papel en un esquema de contrabando de migrantes cubanos.","og_url":"https:\/\/www.cuballama.com\/noticias\/hallado-culpable-de-secuestrar-torturar-y-extorsionar-a-migrantes-cubanos-en-florida\/","og_site_name":"Cuballama Noticias","article_publisher":"https:\/\/www.facebook.com\/CubaLlama","article_published_time":"2026-03-04T11:00:00+00:00","og_image":[{"width":1200,"height":630,"url":"https:\/\/cdn1.mediawpaccore.net\/wp-content\/uploads\/2026\/03\/03223450\/647042803_917176724392182_2283083727276722876_n1.jpg","type":"image\/jpeg"}],"author":"Kathy","twitter_card":"summary_large_image","twitter_creator":"@cuballama","twitter_site":"@cuballama","twitter_misc":{"Escrito por":"Kathy","Tiempo de lectura":"4 minutos"},"schema":{"@context":"https:\/\/schema.org","@graph":[{"@type":"Article","@id":"https:\/\/www.cuballama.com\/noticias\/hallado-culpable-de-secuestrar-torturar-y-extorsionar-a-migrantes-cubanos-en-florida\/#article","isPartOf":{"@id":"https:\/\/www.cuballama.com\/noticias\/hallado-culpable-de-secuestrar-torturar-y-extorsionar-a-migrantes-cubanos-en-florida\/"},"author":{"name":"Kathy","@id":"https:\/\/www.cuballama.com\/noticias\/#\/schema\/person\/86cd3e3f4974437f031211213bf892d5"},"headline":"Hallado culpable de secuestrar, torturar y extorsionar a migrantes cubanos en Florida","datePublished":"2026-03-04T11:00:00+00:00","mainEntityOfPage":{"@id":"https:\/\/www.cuballama.com\/noticias\/hallado-culpable-de-secuestrar-torturar-y-extorsionar-a-migrantes-cubanos-en-florida\/"},"wordCount":740,"commentCount":0,"publisher":{"@id":"https:\/\/www.cuballama.com\/noticias\/#organization"},"image":{"@id":"https:\/\/www.cuballama.com\/noticias\/hallado-culpable-de-secuestrar-torturar-y-extorsionar-a-migrantes-cubanos-en-florida\/#primaryimage"},"thumbnailUrl":"https:\/\/cdn1.mediawpaccore.net\/wp-content\/uploads\/2026\/03\/03223450\/647042803_917176724392182_2283083727276722876_n1.jpg","keywords":["contrabando de migrantes","cubanos en Miami","destacado","Migrantes cubanos"],"articleSection":["Noticias","Noticias de Miami"],"inLanguage":"es","potentialAction":[{"@type":"CommentAction","name":"Comment","target":["https:\/\/www.cuballama.com\/noticias\/hallado-culpable-de-secuestrar-torturar-y-extorsionar-a-migrantes-cubanos-en-florida\/#respond"]}]},{"@type":"WebPage","@id":"https:\/\/www.cuballama.com\/noticias\/hallado-culpable-de-secuestrar-torturar-y-extorsionar-a-migrantes-cubanos-en-florida\/","url":"https:\/\/www.cuballama.com\/noticias\/hallado-culpable-de-secuestrar-torturar-y-extorsionar-a-migrantes-cubanos-en-florida\/","name":"Hallado culpable de secuestrar, torturar y extorsionar a migrantes cubanos en Florida - Cuballama Noticias","isPartOf":{"@id":"https:\/\/www.cuballama.com\/noticias\/#website"},"primaryImageOfPage":{"@id":"https:\/\/www.cuballama.com\/noticias\/hallado-culpable-de-secuestrar-torturar-y-extorsionar-a-migrantes-cubanos-en-florida\/#primaryimage"},"image":{"@id":"https:\/\/www.cuballama.com\/noticias\/hallado-culpable-de-secuestrar-torturar-y-extorsionar-a-migrantes-cubanos-en-florida\/#primaryimage"},"thumbnailUrl":"https:\/\/cdn1.mediawpaccore.net\/wp-content\/uploads\/2026\/03\/03223450\/647042803_917176724392182_2283083727276722876_n1.jpg","datePublished":"2026-03-04T11:00:00+00:00","description":"Un jurado federal en Miami declar\u00f3 culpable a V\u00edctor Rafael Arcia Albeja por su papel en un esquema de contrabando de migrantes cubanos.","breadcrumb":{"@id":"https:\/\/www.cuballama.com\/noticias\/hallado-culpable-de-secuestrar-torturar-y-extorsionar-a-migrantes-cubanos-en-florida\/#breadcrumb"},"inLanguage":"es","potentialAction":[{"@type":"ReadAction","target":["https:\/\/www.cuballama.com\/noticias\/hallado-culpable-de-secuestrar-torturar-y-extorsionar-a-migrantes-cubanos-en-florida\/"]}]},{"@type":"ImageObject","inLanguage":"es","@id":"https:\/\/www.cuballama.com\/noticias\/hallado-culpable-de-secuestrar-torturar-y-extorsionar-a-migrantes-cubanos-en-florida\/#primaryimage","url":"https:\/\/cdn1.mediawpaccore.net\/wp-content\/uploads\/2026\/03\/03223450\/647042803_917176724392182_2283083727276722876_n1.jpg","contentUrl":"https:\/\/cdn1.mediawpaccore.net\/wp-content\/uploads\/2026\/03\/03223450\/647042803_917176724392182_2283083727276722876_n1.jpg","width":1200,"height":630,"caption":"Rafael Arcia Albeja. Foto: Miami.gov."},{"@type":"BreadcrumbList","@id":"https:\/\/www.cuballama.com\/noticias\/hallado-culpable-de-secuestrar-torturar-y-extorsionar-a-migrantes-cubanos-en-florida\/#breadcrumb","itemListElement":[{"@type":"ListItem","position":1,"name":"Home","item":"https:\/\/www.cuballama.com\/noticias\/"},{"@type":"ListItem","position":2,"name":"Hallado culpable de secuestrar, torturar y extorsionar a migrantes cubanos en Florida"}]},{"@type":"WebSite","@id":"https:\/\/www.cuballama.com\/noticias\/#website","url":"https:\/\/www.cuballama.com\/noticias\/","name":"Cuballama Noticias","description":"Medio digital sobre Cuba y el mundo","publisher":{"@id":"https:\/\/www.cuballama.com\/noticias\/#organization"},"potentialAction":[{"@type":"SearchAction","target":{"@type":"EntryPoint","urlTemplate":"https:\/\/www.cuballama.com\/noticias\/?s={search_term_string}"},"query-input":{"@type":"PropertyValueSpecification","valueRequired":true,"valueName":"search_term_string"}}],"inLanguage":"es"},{"@type":"Organization","@id":"https:\/\/www.cuballama.com\/noticias\/#organization","name":"Cuballama","url":"https:\/\/www.cuballama.com\/noticias\/","logo":{"@type":"ImageObject","inLanguage":"es","@id":"https:\/\/www.cuballama.com\/noticias\/#\/schema\/logo\/image\/","url":"https:\/\/cdn1.mediawpaccore.net\/wp-content\/uploads\/2021\/12\/28171206\/cbll-logo-color-sm.png","contentUrl":"https:\/\/cdn1.mediawpaccore.net\/wp-content\/uploads\/2021\/12\/28171206\/cbll-logo-color-sm.png","width":600,"height":133,"caption":"Cuballama"},"image":{"@id":"https:\/\/www.cuballama.com\/noticias\/#\/schema\/logo\/image\/"},"sameAs":["https:\/\/www.facebook.com\/CubaLlama","https:\/\/x.com\/cuballama","https:\/\/www.instagram.com\/stories\/cuballama_oficial\/","https:\/\/www.youtube.com\/channel\/UCKkFE-d_axENGZcrc4as0IA"]},{"@type":"Person","@id":"https:\/\/www.cuballama.com\/noticias\/#\/schema\/person\/86cd3e3f4974437f031211213bf892d5","name":"Kathy","url":"https:\/\/www.cuballama.com\/noticias\/author\/kathy\/"}]}},"_links":{"self":[{"href":"https:\/\/www.cuballama.com\/noticias\/wp-json\/wp\/v2\/posts\/237017","targetHints":{"allow":["GET"]}}],"collection":[{"href":"https:\/\/www.cuballama.com\/noticias\/wp-json\/wp\/v2\/posts"}],"about":[{"href":"https:\/\/www.cuballama.com\/noticias\/wp-json\/wp\/v2\/types\/post"}],"author":[{"embeddable":true,"href":"https:\/\/www.cuballama.com\/noticias\/wp-json\/wp\/v2\/users\/30"}],"replies":[{"embeddable":true,"href":"https:\/\/www.cuballama.com\/noticias\/wp-json\/wp\/v2\/comments?post=237017"}],"version-history":[{"count":6,"href":"https:\/\/www.cuballama.com\/noticias\/wp-json\/wp\/v2\/posts\/237017\/revisions"}],"predecessor-version":[{"id":237025,"href":"https:\/\/www.cuballama.com\/noticias\/wp-json\/wp\/v2\/posts\/237017\/revisions\/237025"}],"wp:featuredmedia":[{"embeddable":true,"href":"https:\/\/www.cuballama.com\/noticias\/wp-json\/wp\/v2\/media\/237019"}],"wp:attachment":[{"href":"https:\/\/www.cuballama.com\/noticias\/wp-json\/wp\/v2\/media?parent=237017"}],"wp:term":[{"taxonomy":"category","embeddable":true,"href":"https:\/\/www.cuballama.com\/noticias\/wp-json\/wp\/v2\/categories?post=237017"},{"taxonomy":"post_tag","embeddable":true,"href":"https:\/\/www.cuballama.com\/noticias\/wp-json\/wp\/v2\/tags?post=237017"}],"curies":[{"name":"wp","href":"https:\/\/api.w.org\/{rel}","templated":true}]}}