{"id":236938,"date":"2026-03-03T13:58:45","date_gmt":"2026-03-03T18:58:45","guid":{"rendered":"https:\/\/www.cuballama.com\/noticias\/?p=236938"},"modified":"2026-03-03T13:58:50","modified_gmt":"2026-03-03T18:58:50","slug":"fallece-lorenzo-pedraza-una-leyenda-del-ciclismo-cubano-otro-ciclista-muere-en-santiago-de-cuba","status":"publish","type":"post","link":"https:\/\/www.cuballama.com\/noticias\/fallece-lorenzo-pedraza-una-leyenda-del-ciclismo-cubano-otro-ciclista-muere-en-santiago-de-cuba\/","title":{"rendered":"Fallece Lorenzo Pedraza, una leyenda del ciclismo cubano; otro ciclista muere en Santiago de Cuba"},"content":{"rendered":"\n<p>Dos muertes han golpeado en las \u00faltimas horas al ciclismo cubano. En Santiago de Cuba, un hombre de 38 a\u00f1os perdi\u00f3 la vida tras caer con su bicicleta desde el puente de San Juan, en el barrio de Altavista. Mientras, en otro punto del pa\u00eds, falleci\u00f3 Lorenzo Pedraza, exintegrante de un equipo que represent\u00f3 a Cuba en competencias internacionales; y tal vez el m\u00e1s grande ciclista que haya dado la provincia de Villa Clara.<\/p>\n\n\n\n<p>El primer caso ocurri\u00f3 este fin de semana en la Carretera de Siboney. Seg\u00fan inform\u00f3 en redes sociales el periodista Yosmany Mayeta Labrada, la v\u00edctima fue identificada como Yasmani Gonz\u00e1lez. Versiones recogidas en el lugar indican que el hombre transitaba en bicicleta cuando presuntamente perdi\u00f3 el equilibrio y cay\u00f3 desde la estructura del puente.<\/p>\n\n\n\n<p>En un inicio circularon rumores sobre un posible hecho violento, pero otro ciclista que se encontraba en la zona neg\u00f3 esa versi\u00f3n y asegur\u00f3 que no hubo agresi\u00f3n. Algunos comentarios en redes apuntaron a que Gonz\u00e1lez podr\u00eda haber estado bajo los efectos del alcohol, extremo que no ha sido confirmado oficialmente.<\/p>\n\n\n\n<iframe loading=\"lazy\" src=\"https:\/\/www.facebook.com\/plugins\/post.php?href=https%3A%2F%2Fwww.facebook.com%2Fyosmany.mayeta.labrada%2Fposts%2Fpfbid02AkZT58pnRCroiosxE9zCLa54JSc2owM3KGsAjzDX6VKovBp7j9GPmo8nRx7MD7zwl&#038;show_text=true&#038;width=500\" width=\"500\" height=\"708\" style=\"border:none;overflow:hidden\" scrolling=\"no\" frameborder=\"0\" allowfullscreen=\"true\" allow=\"autoplay; clipboard-write; encrypted-media; picture-in-picture; web-share\"><\/iframe>\n\n\n\n<p>La noticia gener\u00f3 numerosas muestras de dolor entre allegados. Amigos y familiares lo describieron como un hombre trabajador y dedicado a su hijo peque\u00f1o. \u201cTremendo hombre, s\u00faper respetuoso y luchador\u201d, escribi\u00f3 una persona que dijo haber sido su jefe. Gonz\u00e1lez fue sepultado el domingo. El puente de San Juan ya ha sido escenario de otros accidentes mortales en a\u00f1os recientes.<\/p>\n\n\n\n<p>A esta tragedia se sum\u00f3 el fallecimiento de <a href=\"https:\/\/www.facebook.com\/lorenzo.cecilio.pedraza.garciga\" target=\"_blank\" rel=\"noreferrer noopener nofollow\">Lorenzo Cecilio Pedraza G\u00e1rciga<\/a>, recordado por su paso por el equipo de ciclismo de las Fuerzas Armadas Revolucionarias en 1978. <a href=\"https:\/\/www.facebook.com\/jesus.perera.361878\/posts\/pfbid0mQTu7VWHQF7LsL4gBDRZi7PCdXTxsLx7e8BY2EXYrCqxiRr7agPrb5yncQWgnAKWl\" target=\"_blank\" rel=\"noreferrer noopener nofollow\">La noticia fue compartida por el promotor del ciclismo Jes\u00fas Perera<\/a>, quien public\u00f3 una fotograf\u00eda hist\u00f3rica del conjunto que se preparaba para la Vuelta a La Habana y el Torneo de los Ej\u00e9rcitos Amigos en Polonia.<\/p>\n\n\n\n<iframe loading=\"lazy\" src=\"https:\/\/www.facebook.com\/plugins\/post.php?href=https%3A%2F%2Fwww.facebook.com%2Fjesus.perera.361878%2Fposts%2Fpfbid0mQTu7VWHQF7LsL4gBDRZi7PCdXTxsLx7e8BY2EXYrCqxiRr7agPrb5yncQWgnAKWl&#038;show_text=true&#038;width=500\" width=\"500\" height=\"554\" style=\"border:none;overflow:hidden\" scrolling=\"no\" frameborder=\"0\" allowfullscreen=\"true\" allow=\"autoplay; clipboard-write; encrypted-media; picture-in-picture; web-share\"><\/iframe>\n\n\n\n<p>Pedraza form\u00f3 parte de una generaci\u00f3n que llev\u00f3 el ciclismo cubano a escenarios internacionales durante una etapa de fuerte impulso estatal al deporte. Compa\u00f1eros y antiguos entrenadores lo despidieron como \u201ccampe\u00f3n de verdad\u201d y \u201cexcelente ser humano\u201d. Varios exatletas recordaron entrenamientos y competencias compartidas, destacando su disciplina y car\u00e1cter.<\/p>\n\n\n\n<iframe loading=\"lazy\" src=\"https:\/\/www.facebook.com\/plugins\/post.php?href=https%3A%2F%2Fwww.facebook.com%2Fjesus.perera.361878%2Fposts%2Fpfbid0cHtSLab66WheCcy7XYvWA3vTSxTTTV78XCiZpemwiZaaxWZGMVqqeyKi8sCQjJoWl&#038;show_text=true&#038;width=500\" width=\"500\" height=\"800\" style=\"border:none;overflow:hidden\" scrolling=\"no\" frameborder=\"0\" allowfullscreen=\"true\" allow=\"autoplay; clipboard-write; encrypted-media; picture-in-picture; web-share\"><\/iframe>\n\n\n\n<iframe loading=\"lazy\" src=\"https:\/\/www.facebook.com\/plugins\/post.php?href=https%3A%2F%2Fwww.facebook.com%2Fjesus.perera.361878%2Fposts%2Fpfbid02WNy2rypbanuswUad7HUB5F1sy4MAjgGBMYBcyV33aiAdPXbkoUfNWoaVz5q6pyMul&#038;show_text=true&#038;width=500\" width=\"500\" height=\"548\" style=\"border:none;overflow:hidden\" scrolling=\"no\" frameborder=\"0\" allowfullscreen=\"true\" allow=\"autoplay; clipboard-write; encrypted-media; picture-in-picture; web-share\"><\/iframe><iframe loading=\"lazy\" src=\"https:\/\/www.facebook.com\/plugins\/post.php?href=https%3A%2F%2Fwww.facebook.com%2Fjesus.perera.361878%2Fposts%2Fpfbid0s82TsZEx6QuixBR8n2Mzy6TjbkFXXusFEfTP9yvy9NDSkARNbeBPs1NAGTJA9NX7l&#038;show_text=true&#038;width=500\" width=\"500\" height=\"548\" style=\"border:none;overflow:hidden\" scrolling=\"no\" frameborder=\"0\" allowfullscreen=\"true\" allow=\"autoplay; clipboard-write; encrypted-media; picture-in-picture; web-share\"><\/iframe>\n\n\n\n<p>En redes sociales, la comunidad ciclista expres\u00f3 su pesar. \u201cPedalea alto, campe\u00f3n\u201d, escribi\u00f3 uno. Otros subrayaron que su legado permanece en cada ruta recorrida y en la memoria de quienes compartieron equipo con \u00e9l.<\/p>\n\n\n\n<iframe loading=\"lazy\" src=\"https:\/\/www.facebook.com\/plugins\/post.php?href=https%3A%2F%2Fwww.facebook.com%2Fmichel.manuel.garcia.del.sol%2Fposts%2Fpfbid02z7juXFBXZ2aq7nX2KhsYSooHqsCLmGDrWVvZNHP27e2gPzppE5g6o8hfHh5QBpJ3l&#038;show_text=true&#038;width=500\" width=\"500\" height=\"250\" style=\"border:none;overflow:hidden\" scrolling=\"no\" frameborder=\"0\" allowfullscreen=\"true\" allow=\"autoplay; clipboard-write; encrypted-media; picture-in-picture; web-share\"><\/iframe>\n\n\n\n<iframe loading=\"lazy\" src=\"https:\/\/www.facebook.com\/plugins\/post.php?href=https%3A%2F%2Fwww.facebook.com%2Fjuliodegny.duran%2Fposts%2Fpfbid086Me2C3AzNtWfYmkCnKtSRUiBqFYbTuWRwpeiw4t73VqWASQFAA1dKND3BXZcBacl&#038;show_text=true&#038;width=500\" width=\"500\" height=\"608\" style=\"border:none;overflow:hidden\" scrolling=\"no\" frameborder=\"0\" allowfullscreen=\"true\" allow=\"autoplay; clipboard-write; encrypted-media; picture-in-picture; web-share\"><\/iframe>\n\n\n\n<p>Perera comparti\u00f3 fotos que pertenecen al archivo hist\u00f3rico; mientras otros compart\u00edan im\u00e1genes de su sepelio.<\/p>\n\n\n\n<iframe loading=\"lazy\" src=\"https:\/\/www.facebook.com\/plugins\/post.php?href=https%3A%2F%2Fwww.facebook.com%2Fpermalink.php%3Fstory_fbid%3Dpfbid02kwvdd2CtNu5SMQeqfdfV6z38jbMuT5w1YDcxXJu5wTaYrWViv3Pjpnzg7aYLruDel%26id%3D61556763324293&#038;show_text=true&#038;width=500\" width=\"500\" height=\"730\" style=\"border:none;overflow:hidden\" scrolling=\"no\" frameborder=\"0\" allowfullscreen=\"true\" allow=\"autoplay; clipboard-write; encrypted-media; picture-in-picture; web-share\"><\/iframe>\n\n\n\n<iframe loading=\"lazy\" src=\"https:\/\/www.facebook.com\/plugins\/post.php?href=https%3A%2F%2Fwww.facebook.com%2Fibrahin.castaneda.9%2Fposts%2Fpfbid04pfA6A4eQxsW7Fie65sPTPbB6LJMwxYFB7L3MveKyhGghpQXHW1EAvFEBba8dA7tl&#038;show_text=true&#038;width=500\" width=\"500\" height=\"780\" style=\"border:none;overflow:hidden\" scrolling=\"no\" frameborder=\"0\" allowfullscreen=\"true\" allow=\"autoplay; clipboard-write; encrypted-media; picture-in-picture; web-share\"><\/iframe>\n\n\n\n<p>En menos de 48 horas, el ciclismo cubano perdi\u00f3 a dos hombres unidos por la misma pasi\u00f3n: la bicicleta. Uno cay\u00f3 en un accidente que enluta a su familia; el otro deja la huella de una \u00e9poca en la que representar a Cuba en el extranjero era parte del orgullo deportivo nacional.<\/p>\n","protected":false},"excerpt":{"rendered":"<p>Dos ciclistas fallecieron en Cuba en menos de 48 horas: Yasmani Gonz\u00e1lez muri\u00f3 tras caer de un puente en Santiago de Cuba y Lorenzo Pedraza, exintegrante del equipo de la FAR que compiti\u00f3 internacionalmente, fue despedido por la comunidad deportiva.<\/p>\n","protected":false},"author":13,"featured_media":236942,"comment_status":"open","ping_status":"closed","sticky":false,"template":"","format":"standard","meta":{"_acf_changed":false,"footnotes":""},"categories":[21,18,955],"tags":[2868,30818,6052,13121,30820,30819,160,30822,30821],"class_list":{"0":"post-236938","1":"post","2":"type-post","3":"status-publish","4":"format-standard","5":"has-post-thumbnail","7":"category-deportes","8":"category-noticias","9":"category-noticias-de-cuba","10":"tag-accidentes-en-cuba","11":"tag-ciclismo-cubano","12":"tag-deporte-cubano","13":"tag-far","14":"tag-lorenzo-pedraza","15":"tag-puente-de-san-juan","16":"tag-santiago-de-cuba","17":"tag-vuelta-a-la-habana","18":"tag-yasmani-gonzalez"},"acf":[],"yoast_head":"<!-- This site is optimized with the Yoast SEO plugin v27.4 - https:\/\/yoast.com\/product\/yoast-seo-wordpress\/ -->\n<title>Fallece Lorenzo Pedraza, una leyenda del ciclismo cubano; otro ciclista muere en Santiago de Cuba - Cuballama Noticias<\/title>\n<meta name=\"description\" content=\"Mueren dos ciclistas en Cuba: uno en accidente en Santiago y otro, Lorenzo Pedraza, quien represent\u00f3 a Cuba internacionalmente.\" \/>\n<meta name=\"robots\" content=\"index, follow, max-snippet:-1, max-image-preview:large, max-video-preview:-1\" \/>\n<link rel=\"canonical\" href=\"https:\/\/www.cuballama.com\/noticias\/fallece-lorenzo-pedraza-una-leyenda-del-ciclismo-cubano-otro-ciclista-muere-en-santiago-de-cuba\/\" \/>\n<meta property=\"og:locale\" content=\"es_ES\" \/>\n<meta property=\"og:type\" content=\"article\" \/>\n<meta property=\"og:title\" content=\"Fallece Lorenzo Pedraza, una leyenda del ciclismo cubano; otro ciclista muere en Santiago de Cuba - Cuballama Noticias\" \/>\n<meta property=\"og:description\" content=\"Mueren dos ciclistas en Cuba: uno en accidente en Santiago y otro, Lorenzo Pedraza, quien represent\u00f3 a Cuba internacionalmente.\" \/>\n<meta property=\"og:url\" content=\"https:\/\/www.cuballama.com\/noticias\/fallece-lorenzo-pedraza-una-leyenda-del-ciclismo-cubano-otro-ciclista-muere-en-santiago-de-cuba\/\" \/>\n<meta property=\"og:site_name\" content=\"Cuballama Noticias\" \/>\n<meta property=\"article:publisher\" content=\"https:\/\/www.facebook.com\/CubaLlama\" \/>\n<meta property=\"article:published_time\" content=\"2026-03-03T18:58:45+00:00\" \/>\n<meta property=\"article:modified_time\" content=\"2026-03-03T18:58:50+00:00\" \/>\n<meta property=\"og:image\" content=\"https:\/\/cdn1.mediawpaccore.net\/wp-content\/uploads\/2026\/03\/03065858\/image-7-1024x535.png\" \/>\n\t<meta property=\"og:image:width\" content=\"1024\" \/>\n\t<meta property=\"og:image:height\" content=\"535\" \/>\n\t<meta property=\"og:image:type\" content=\"image\/png\" \/>\n<meta name=\"author\" content=\"Roberto A.\" \/>\n<meta name=\"twitter:card\" content=\"summary_large_image\" \/>\n<meta name=\"twitter:creator\" content=\"@cuballama\" \/>\n<meta name=\"twitter:site\" content=\"@cuballama\" \/>\n<meta name=\"twitter:label1\" content=\"Escrito por\" \/>\n\t<meta name=\"twitter:data1\" content=\"Roberto A.\" \/>\n\t<meta name=\"twitter:label2\" content=\"Tiempo de lectura\" \/>\n\t<meta name=\"twitter:data2\" content=\"3 minutos\" \/>\n<script type=\"application\/ld+json\" class=\"yoast-schema-graph\">{\"@context\":\"https:\\\/\\\/schema.org\",\"@graph\":[{\"@type\":\"Article\",\"@id\":\"https:\\\/\\\/www.cuballama.com\\\/noticias\\\/fallece-lorenzo-pedraza-una-leyenda-del-ciclismo-cubano-otro-ciclista-muere-en-santiago-de-cuba\\\/#article\",\"isPartOf\":{\"@id\":\"https:\\\/\\\/www.cuballama.com\\\/noticias\\\/fallece-lorenzo-pedraza-una-leyenda-del-ciclismo-cubano-otro-ciclista-muere-en-santiago-de-cuba\\\/\"},\"author\":{\"name\":\"Roberto A.\",\"@id\":\"https:\\\/\\\/www.cuballama.com\\\/noticias\\\/#\\\/schema\\\/person\\\/a58502ed4146c8e9f83872e897c76cd2\"},\"headline\":\"Fallece Lorenzo Pedraza, una leyenda del ciclismo cubano; otro ciclista muere en Santiago de Cuba\",\"datePublished\":\"2026-03-03T18:58:45+00:00\",\"dateModified\":\"2026-03-03T18:58:50+00:00\",\"mainEntityOfPage\":{\"@id\":\"https:\\\/\\\/www.cuballama.com\\\/noticias\\\/fallece-lorenzo-pedraza-una-leyenda-del-ciclismo-cubano-otro-ciclista-muere-en-santiago-de-cuba\\\/\"},\"wordCount\":493,\"commentCount\":0,\"publisher\":{\"@id\":\"https:\\\/\\\/www.cuballama.com\\\/noticias\\\/#organization\"},\"image\":{\"@id\":\"https:\\\/\\\/www.cuballama.com\\\/noticias\\\/fallece-lorenzo-pedraza-una-leyenda-del-ciclismo-cubano-otro-ciclista-muere-en-santiago-de-cuba\\\/#primaryimage\"},\"thumbnailUrl\":\"https:\\\/\\\/cdn1.mediawpaccore.net\\\/wp-content\\\/uploads\\\/2026\\\/03\\\/03065858\\\/image-7.png\",\"keywords\":[\"Accidentes en Cuba\",\"ciclismo cubano\",\"deporte cubano\",\"FAR\",\"Lorenzo Pedraza\",\"puente de San Juan\",\"Santiago de Cuba\",\"Vuelta a La Habana\",\"Yasmani Gonz\u00e1lez\"],\"articleSection\":[\"Deportes\",\"Noticias\",\"Noticias de Cuba\"],\"inLanguage\":\"es\",\"potentialAction\":[{\"@type\":\"CommentAction\",\"name\":\"Comment\",\"target\":[\"https:\\\/\\\/www.cuballama.com\\\/noticias\\\/fallece-lorenzo-pedraza-una-leyenda-del-ciclismo-cubano-otro-ciclista-muere-en-santiago-de-cuba\\\/#respond\"]}]},{\"@type\":\"WebPage\",\"@id\":\"https:\\\/\\\/www.cuballama.com\\\/noticias\\\/fallece-lorenzo-pedraza-una-leyenda-del-ciclismo-cubano-otro-ciclista-muere-en-santiago-de-cuba\\\/\",\"url\":\"https:\\\/\\\/www.cuballama.com\\\/noticias\\\/fallece-lorenzo-pedraza-una-leyenda-del-ciclismo-cubano-otro-ciclista-muere-en-santiago-de-cuba\\\/\",\"name\":\"Fallece Lorenzo Pedraza, una leyenda del ciclismo cubano; otro ciclista muere en Santiago de Cuba - Cuballama Noticias\",\"isPartOf\":{\"@id\":\"https:\\\/\\\/www.cuballama.com\\\/noticias\\\/#website\"},\"primaryImageOfPage\":{\"@id\":\"https:\\\/\\\/www.cuballama.com\\\/noticias\\\/fallece-lorenzo-pedraza-una-leyenda-del-ciclismo-cubano-otro-ciclista-muere-en-santiago-de-cuba\\\/#primaryimage\"},\"image\":{\"@id\":\"https:\\\/\\\/www.cuballama.com\\\/noticias\\\/fallece-lorenzo-pedraza-una-leyenda-del-ciclismo-cubano-otro-ciclista-muere-en-santiago-de-cuba\\\/#primaryimage\"},\"thumbnailUrl\":\"https:\\\/\\\/cdn1.mediawpaccore.net\\\/wp-content\\\/uploads\\\/2026\\\/03\\\/03065858\\\/image-7.png\",\"datePublished\":\"2026-03-03T18:58:45+00:00\",\"dateModified\":\"2026-03-03T18:58:50+00:00\",\"description\":\"Mueren dos ciclistas en Cuba: uno en accidente en Santiago y otro, Lorenzo Pedraza, quien represent\u00f3 a Cuba internacionalmente.\",\"breadcrumb\":{\"@id\":\"https:\\\/\\\/www.cuballama.com\\\/noticias\\\/fallece-lorenzo-pedraza-una-leyenda-del-ciclismo-cubano-otro-ciclista-muere-en-santiago-de-cuba\\\/#breadcrumb\"},\"inLanguage\":\"es\",\"potentialAction\":[{\"@type\":\"ReadAction\",\"target\":[\"https:\\\/\\\/www.cuballama.com\\\/noticias\\\/fallece-lorenzo-pedraza-una-leyenda-del-ciclismo-cubano-otro-ciclista-muere-en-santiago-de-cuba\\\/\"]}]},{\"@type\":\"ImageObject\",\"inLanguage\":\"es\",\"@id\":\"https:\\\/\\\/www.cuballama.com\\\/noticias\\\/fallece-lorenzo-pedraza-una-leyenda-del-ciclismo-cubano-otro-ciclista-muere-en-santiago-de-cuba\\\/#primaryimage\",\"url\":\"https:\\\/\\\/cdn1.mediawpaccore.net\\\/wp-content\\\/uploads\\\/2026\\\/03\\\/03065858\\\/image-7.png\",\"contentUrl\":\"https:\\\/\\\/cdn1.mediawpaccore.net\\\/wp-content\\\/uploads\\\/2026\\\/03\\\/03065858\\\/image-7.png\",\"width\":1974,\"height\":1032,\"caption\":\"Foto: Lorenzo Pedraza \\\/ Facebook\"},{\"@type\":\"BreadcrumbList\",\"@id\":\"https:\\\/\\\/www.cuballama.com\\\/noticias\\\/fallece-lorenzo-pedraza-una-leyenda-del-ciclismo-cubano-otro-ciclista-muere-en-santiago-de-cuba\\\/#breadcrumb\",\"itemListElement\":[{\"@type\":\"ListItem\",\"position\":1,\"name\":\"Home\",\"item\":\"https:\\\/\\\/www.cuballama.com\\\/noticias\\\/\"},{\"@type\":\"ListItem\",\"position\":2,\"name\":\"Fallece Lorenzo Pedraza, una leyenda del ciclismo cubano; otro ciclista muere en Santiago de Cuba\"}]},{\"@type\":\"WebSite\",\"@id\":\"https:\\\/\\\/www.cuballama.com\\\/noticias\\\/#website\",\"url\":\"https:\\\/\\\/www.cuballama.com\\\/noticias\\\/\",\"name\":\"Cuballama Noticias\",\"description\":\"Medio digital sobre Cuba y el mundo\",\"publisher\":{\"@id\":\"https:\\\/\\\/www.cuballama.com\\\/noticias\\\/#organization\"},\"potentialAction\":[{\"@type\":\"SearchAction\",\"target\":{\"@type\":\"EntryPoint\",\"urlTemplate\":\"https:\\\/\\\/www.cuballama.com\\\/noticias\\\/?s={search_term_string}\"},\"query-input\":{\"@type\":\"PropertyValueSpecification\",\"valueRequired\":true,\"valueName\":\"search_term_string\"}}],\"inLanguage\":\"es\"},{\"@type\":\"Organization\",\"@id\":\"https:\\\/\\\/www.cuballama.com\\\/noticias\\\/#organization\",\"name\":\"Cuballama\",\"url\":\"https:\\\/\\\/www.cuballama.com\\\/noticias\\\/\",\"logo\":{\"@type\":\"ImageObject\",\"inLanguage\":\"es\",\"@id\":\"https:\\\/\\\/www.cuballama.com\\\/noticias\\\/#\\\/schema\\\/logo\\\/image\\\/\",\"url\":\"https:\\\/\\\/cdn1.mediawpaccore.net\\\/wp-content\\\/uploads\\\/2021\\\/12\\\/28171206\\\/cbll-logo-color-sm.png\",\"contentUrl\":\"https:\\\/\\\/cdn1.mediawpaccore.net\\\/wp-content\\\/uploads\\\/2021\\\/12\\\/28171206\\\/cbll-logo-color-sm.png\",\"width\":600,\"height\":133,\"caption\":\"Cuballama\"},\"image\":{\"@id\":\"https:\\\/\\\/www.cuballama.com\\\/noticias\\\/#\\\/schema\\\/logo\\\/image\\\/\"},\"sameAs\":[\"https:\\\/\\\/www.facebook.com\\\/CubaLlama\",\"https:\\\/\\\/x.com\\\/cuballama\",\"https:\\\/\\\/www.instagram.com\\\/stories\\\/cuballama_oficial\\\/\",\"https:\\\/\\\/www.youtube.com\\\/channel\\\/UCKkFE-d_axENGZcrc4as0IA\"]},{\"@type\":\"Person\",\"@id\":\"https:\\\/\\\/www.cuballama.com\\\/noticias\\\/#\\\/schema\\\/person\\\/a58502ed4146c8e9f83872e897c76cd2\",\"name\":\"Roberto A.\",\"description\":\"Roberto A. Periodista por decisi\u00f3n propia. Interesado en cualquier tema que me apasione y cada vez m\u00e1s comprometido con la verdad y la objetividad period\u00edstica. Graduado en La Habana hace ya muchos a\u00f1os, luego de una accidentada y polvorienta b\u00fasqueda de informaci\u00f3n sobre un tema in\u00e9dito. La Tesis, por cierto, desapareci\u00f3 de la biblioteca y no se conservan copias de la misma.\",\"url\":\"https:\\\/\\\/www.cuballama.com\\\/noticias\\\/author\\\/roberto\\\/\"}]}<\/script>\n<!-- \/ Yoast SEO plugin. -->","yoast_head_json":{"title":"Fallece Lorenzo Pedraza, una leyenda del ciclismo cubano; otro ciclista muere en Santiago de Cuba - Cuballama Noticias","description":"Mueren dos ciclistas en Cuba: uno en accidente en Santiago y otro, Lorenzo Pedraza, quien represent\u00f3 a Cuba internacionalmente.","robots":{"index":"index","follow":"follow","max-snippet":"max-snippet:-1","max-image-preview":"max-image-preview:large","max-video-preview":"max-video-preview:-1"},"canonical":"https:\/\/www.cuballama.com\/noticias\/fallece-lorenzo-pedraza-una-leyenda-del-ciclismo-cubano-otro-ciclista-muere-en-santiago-de-cuba\/","og_locale":"es_ES","og_type":"article","og_title":"Fallece Lorenzo Pedraza, una leyenda del ciclismo cubano; otro ciclista muere en Santiago de Cuba - Cuballama Noticias","og_description":"Mueren dos ciclistas en Cuba: uno en accidente en Santiago y otro, Lorenzo Pedraza, quien represent\u00f3 a Cuba internacionalmente.","og_url":"https:\/\/www.cuballama.com\/noticias\/fallece-lorenzo-pedraza-una-leyenda-del-ciclismo-cubano-otro-ciclista-muere-en-santiago-de-cuba\/","og_site_name":"Cuballama Noticias","article_publisher":"https:\/\/www.facebook.com\/CubaLlama","article_published_time":"2026-03-03T18:58:45+00:00","article_modified_time":"2026-03-03T18:58:50+00:00","og_image":[{"width":1024,"height":535,"url":"https:\/\/cdn1.mediawpaccore.net\/wp-content\/uploads\/2026\/03\/03065858\/image-7-1024x535.png","type":"image\/png"}],"author":"Roberto A.","twitter_card":"summary_large_image","twitter_creator":"@cuballama","twitter_site":"@cuballama","twitter_misc":{"Escrito por":"Roberto A.","Tiempo de lectura":"3 minutos"},"schema":{"@context":"https:\/\/schema.org","@graph":[{"@type":"Article","@id":"https:\/\/www.cuballama.com\/noticias\/fallece-lorenzo-pedraza-una-leyenda-del-ciclismo-cubano-otro-ciclista-muere-en-santiago-de-cuba\/#article","isPartOf":{"@id":"https:\/\/www.cuballama.com\/noticias\/fallece-lorenzo-pedraza-una-leyenda-del-ciclismo-cubano-otro-ciclista-muere-en-santiago-de-cuba\/"},"author":{"name":"Roberto A.","@id":"https:\/\/www.cuballama.com\/noticias\/#\/schema\/person\/a58502ed4146c8e9f83872e897c76cd2"},"headline":"Fallece Lorenzo Pedraza, una leyenda del ciclismo cubano; otro ciclista muere en Santiago de Cuba","datePublished":"2026-03-03T18:58:45+00:00","dateModified":"2026-03-03T18:58:50+00:00","mainEntityOfPage":{"@id":"https:\/\/www.cuballama.com\/noticias\/fallece-lorenzo-pedraza-una-leyenda-del-ciclismo-cubano-otro-ciclista-muere-en-santiago-de-cuba\/"},"wordCount":493,"commentCount":0,"publisher":{"@id":"https:\/\/www.cuballama.com\/noticias\/#organization"},"image":{"@id":"https:\/\/www.cuballama.com\/noticias\/fallece-lorenzo-pedraza-una-leyenda-del-ciclismo-cubano-otro-ciclista-muere-en-santiago-de-cuba\/#primaryimage"},"thumbnailUrl":"https:\/\/cdn1.mediawpaccore.net\/wp-content\/uploads\/2026\/03\/03065858\/image-7.png","keywords":["Accidentes en Cuba","ciclismo cubano","deporte cubano","FAR","Lorenzo Pedraza","puente de San Juan","Santiago de Cuba","Vuelta a La Habana","Yasmani Gonz\u00e1lez"],"articleSection":["Deportes","Noticias","Noticias de Cuba"],"inLanguage":"es","potentialAction":[{"@type":"CommentAction","name":"Comment","target":["https:\/\/www.cuballama.com\/noticias\/fallece-lorenzo-pedraza-una-leyenda-del-ciclismo-cubano-otro-ciclista-muere-en-santiago-de-cuba\/#respond"]}]},{"@type":"WebPage","@id":"https:\/\/www.cuballama.com\/noticias\/fallece-lorenzo-pedraza-una-leyenda-del-ciclismo-cubano-otro-ciclista-muere-en-santiago-de-cuba\/","url":"https:\/\/www.cuballama.com\/noticias\/fallece-lorenzo-pedraza-una-leyenda-del-ciclismo-cubano-otro-ciclista-muere-en-santiago-de-cuba\/","name":"Fallece Lorenzo Pedraza, una leyenda del ciclismo cubano; otro ciclista muere en Santiago de Cuba - Cuballama Noticias","isPartOf":{"@id":"https:\/\/www.cuballama.com\/noticias\/#website"},"primaryImageOfPage":{"@id":"https:\/\/www.cuballama.com\/noticias\/fallece-lorenzo-pedraza-una-leyenda-del-ciclismo-cubano-otro-ciclista-muere-en-santiago-de-cuba\/#primaryimage"},"image":{"@id":"https:\/\/www.cuballama.com\/noticias\/fallece-lorenzo-pedraza-una-leyenda-del-ciclismo-cubano-otro-ciclista-muere-en-santiago-de-cuba\/#primaryimage"},"thumbnailUrl":"https:\/\/cdn1.mediawpaccore.net\/wp-content\/uploads\/2026\/03\/03065858\/image-7.png","datePublished":"2026-03-03T18:58:45+00:00","dateModified":"2026-03-03T18:58:50+00:00","description":"Mueren dos ciclistas en Cuba: uno en accidente en Santiago y otro, Lorenzo Pedraza, quien represent\u00f3 a Cuba internacionalmente.","breadcrumb":{"@id":"https:\/\/www.cuballama.com\/noticias\/fallece-lorenzo-pedraza-una-leyenda-del-ciclismo-cubano-otro-ciclista-muere-en-santiago-de-cuba\/#breadcrumb"},"inLanguage":"es","potentialAction":[{"@type":"ReadAction","target":["https:\/\/www.cuballama.com\/noticias\/fallece-lorenzo-pedraza-una-leyenda-del-ciclismo-cubano-otro-ciclista-muere-en-santiago-de-cuba\/"]}]},{"@type":"ImageObject","inLanguage":"es","@id":"https:\/\/www.cuballama.com\/noticias\/fallece-lorenzo-pedraza-una-leyenda-del-ciclismo-cubano-otro-ciclista-muere-en-santiago-de-cuba\/#primaryimage","url":"https:\/\/cdn1.mediawpaccore.net\/wp-content\/uploads\/2026\/03\/03065858\/image-7.png","contentUrl":"https:\/\/cdn1.mediawpaccore.net\/wp-content\/uploads\/2026\/03\/03065858\/image-7.png","width":1974,"height":1032,"caption":"Foto: Lorenzo Pedraza \/ Facebook"},{"@type":"BreadcrumbList","@id":"https:\/\/www.cuballama.com\/noticias\/fallece-lorenzo-pedraza-una-leyenda-del-ciclismo-cubano-otro-ciclista-muere-en-santiago-de-cuba\/#breadcrumb","itemListElement":[{"@type":"ListItem","position":1,"name":"Home","item":"https:\/\/www.cuballama.com\/noticias\/"},{"@type":"ListItem","position":2,"name":"Fallece Lorenzo Pedraza, una leyenda del ciclismo cubano; otro ciclista muere en Santiago de Cuba"}]},{"@type":"WebSite","@id":"https:\/\/www.cuballama.com\/noticias\/#website","url":"https:\/\/www.cuballama.com\/noticias\/","name":"Cuballama Noticias","description":"Medio digital sobre Cuba y el mundo","publisher":{"@id":"https:\/\/www.cuballama.com\/noticias\/#organization"},"potentialAction":[{"@type":"SearchAction","target":{"@type":"EntryPoint","urlTemplate":"https:\/\/www.cuballama.com\/noticias\/?s={search_term_string}"},"query-input":{"@type":"PropertyValueSpecification","valueRequired":true,"valueName":"search_term_string"}}],"inLanguage":"es"},{"@type":"Organization","@id":"https:\/\/www.cuballama.com\/noticias\/#organization","name":"Cuballama","url":"https:\/\/www.cuballama.com\/noticias\/","logo":{"@type":"ImageObject","inLanguage":"es","@id":"https:\/\/www.cuballama.com\/noticias\/#\/schema\/logo\/image\/","url":"https:\/\/cdn1.mediawpaccore.net\/wp-content\/uploads\/2021\/12\/28171206\/cbll-logo-color-sm.png","contentUrl":"https:\/\/cdn1.mediawpaccore.net\/wp-content\/uploads\/2021\/12\/28171206\/cbll-logo-color-sm.png","width":600,"height":133,"caption":"Cuballama"},"image":{"@id":"https:\/\/www.cuballama.com\/noticias\/#\/schema\/logo\/image\/"},"sameAs":["https:\/\/www.facebook.com\/CubaLlama","https:\/\/x.com\/cuballama","https:\/\/www.instagram.com\/stories\/cuballama_oficial\/","https:\/\/www.youtube.com\/channel\/UCKkFE-d_axENGZcrc4as0IA"]},{"@type":"Person","@id":"https:\/\/www.cuballama.com\/noticias\/#\/schema\/person\/a58502ed4146c8e9f83872e897c76cd2","name":"Roberto A.","description":"Roberto A. Periodista por decisi\u00f3n propia. Interesado en cualquier tema que me apasione y cada vez m\u00e1s comprometido con la verdad y la objetividad period\u00edstica. Graduado en La Habana hace ya muchos a\u00f1os, luego de una accidentada y polvorienta b\u00fasqueda de informaci\u00f3n sobre un tema in\u00e9dito. La Tesis, por cierto, desapareci\u00f3 de la biblioteca y no se conservan copias de la misma.","url":"https:\/\/www.cuballama.com\/noticias\/author\/roberto\/"}]}},"_links":{"self":[{"href":"https:\/\/www.cuballama.com\/noticias\/wp-json\/wp\/v2\/posts\/236938","targetHints":{"allow":["GET"]}}],"collection":[{"href":"https:\/\/www.cuballama.com\/noticias\/wp-json\/wp\/v2\/posts"}],"about":[{"href":"https:\/\/www.cuballama.com\/noticias\/wp-json\/wp\/v2\/types\/post"}],"author":[{"embeddable":true,"href":"https:\/\/www.cuballama.com\/noticias\/wp-json\/wp\/v2\/users\/13"}],"replies":[{"embeddable":true,"href":"https:\/\/www.cuballama.com\/noticias\/wp-json\/wp\/v2\/comments?post=236938"}],"version-history":[{"count":2,"href":"https:\/\/www.cuballama.com\/noticias\/wp-json\/wp\/v2\/posts\/236938\/revisions"}],"predecessor-version":[{"id":236946,"href":"https:\/\/www.cuballama.com\/noticias\/wp-json\/wp\/v2\/posts\/236938\/revisions\/236946"}],"wp:featuredmedia":[{"embeddable":true,"href":"https:\/\/www.cuballama.com\/noticias\/wp-json\/wp\/v2\/media\/236942"}],"wp:attachment":[{"href":"https:\/\/www.cuballama.com\/noticias\/wp-json\/wp\/v2\/media?parent=236938"}],"wp:term":[{"taxonomy":"category","embeddable":true,"href":"https:\/\/www.cuballama.com\/noticias\/wp-json\/wp\/v2\/categories?post=236938"},{"taxonomy":"post_tag","embeddable":true,"href":"https:\/\/www.cuballama.com\/noticias\/wp-json\/wp\/v2\/tags?post=236938"}],"curies":[{"name":"wp","href":"https:\/\/api.w.org\/{rel}","templated":true}]}}