{"id":236925,"date":"2026-03-03T06:50:51","date_gmt":"2026-03-03T11:50:51","guid":{"rendered":"https:\/\/www.cuballama.com\/noticias\/?p=236925"},"modified":"2026-03-03T06:50:53","modified_gmt":"2026-03-03T11:50:53","slug":"gobierno-cubano-pide-centrarse-de-inmediato-en-hacer-transformaciones-urgentes","status":"publish","type":"post","link":"https:\/\/www.cuballama.com\/noticias\/gobierno-cubano-pide-centrarse-de-inmediato-en-hacer-transformaciones-urgentes\/","title":{"rendered":"Gobierno cubano pide centrarse \u201cde inmediato\u201d en hacer \u201ctransformaciones urgentes\u201d"},"content":{"rendered":"\n<p>El mandatario cubano Miguel D\u00edaz-Canel pidi\u00f3 al aparato estatal centrarse \u201cde inmediato\u201d en la implementaci\u00f3n de \u201ctransformaciones urgentes y necesarias\u201d del modelo econ\u00f3mico y social, durante una reuni\u00f3n del Consejo de Ministros encabezada por el primer ministro Manuel Marrero Cruz este lunes.<\/p>\n\n\n\n<p>Seg\u00fan inform\u00f3 el sitio oficial de Presidencia Cuba, el gobernante insisti\u00f3 en que las prioridades pasan por ampliar la autonom\u00eda empresarial y municipal, redimensionar el aparato estatal, impulsar la producci\u00f3n nacional de alimentos, avanzar en el cambio de la matriz energ\u00e9tica, fomentar exportaciones, flexibilizar la inversi\u00f3n extranjera directa y promover asociaciones entre el sector estatal y el privado, incluyendo negocios con cubanos residentes en el exterior.<\/p>\n\n\n\n<p>D\u00edaz-Canel subray\u00f3 que todas estas medidas deben tributar a la \u201cestabilizaci\u00f3n macroecon\u00f3mica\u201d, a aumentar los ingresos en divisas y a desarrollar la producci\u00f3n nacional, fundamentalmente de alimentos; y subray\u00f3 que \u201clograr esto depende mucho del desempe\u00f1o del sistema empresarial y tambi\u00e9n del comportamiento de los municipios\u201d.<\/p>\n\n\n\n<blockquote class=\"twitter-tweet\"><p lang=\"es\" dir=\"ltr\">\ud83c\udde8\ud83c\uddfa| Nos tenemos que centrar, de inmediato, en implementar las transformaciones urgentes, las m\u00e1s necesarias, que hay que hacerle al modelo econ\u00f3mico y social, indic\u00f3 el Presidente <a href=\"https:\/\/twitter.com\/DiazCanelB?ref_src=twsrc%5Etfw\">@DiazCanelB<\/a> al intervenir en reuni\u00f3n del Consejo de Ministros.<a href=\"https:\/\/t.co\/GFhAhCiKML\">https:\/\/t.co\/GFhAhCiKML<\/a><\/p>&mdash; Presidencia Cuba \ud83c\udde8\ud83c\uddfa (@PresidenciaCuba) <a href=\"https:\/\/twitter.com\/PresidenciaCuba\/status\/2028560846645788804?ref_src=twsrc%5Etfw\">March 2, 2026<\/a><\/blockquote> <script async src=\"https:\/\/platform.twitter.com\/widgets.js\" charset=\"utf-8\"><\/script> \n\n\n\n<p>En el m\u00e1s reciente encuentro del m\u00e1ximo \u00f3rgano del Gobierno en la isla, D\u00edaz-Canel exhort\u00f3 adem\u00e1s a los ministros a trabajar con \u201cinteligencia\u201d, mayor control y disciplina, y a cuestionar lo que no avance.<\/p>\n\n\n\n<p>Las empresas, se\u00f1al\u00f3 el gobernante, tienen que estar preparadas para usar todas las facultades que se le han dado. En materia de autonom\u00eda empresarial se han aprobado muchas que \u201ctodav\u00eda no se aprovechan\u201d y en algunos casos \u201chasta se desconocen\u201d, apunt\u00f3.<\/p>\n\n\n\n<p>En torno a la descentralizaci\u00f3n de competencias a los municipios, D\u00edaz-Canel dijo que los municipios tienen que gestionar la inversi\u00f3n extranjera directa, sus propios esquemas cerrados en divisas y las asociaciones econ\u00f3micas entre el sector estatal y no estatal; dise\u00f1ar y proponer sus sistemas productivos locales; y gestionar las inversiones con los cubanos residentes en el exterior.<\/p>\n\n\n\n<p>Por otro lado, Marrero Cruz present\u00f3 este lunes la actualizaci\u00f3n del programa econ\u00f3mico gubernamental, al que han llamado \u201cPrograma Econ\u00f3mico y Social del Gobierno para 2026\u201d (con anterioridad, Programa de Gobierno para corregir distorsiones y reimpulsar la econom\u00eda), el cual deber\u00e1 hacerse p\u00fablico en este mes de marzo y ser\u00e1 actualizado cada a\u00f1o.<\/p>\n\n\n\n<p>Este programa, dijo el primer ministro, mantiene diez objetivos generales, pero modifica metas espec\u00edficas e indicadores.<\/p>\n\n\n\n<p><\/p>\n","protected":false},"excerpt":{"rendered":"<p>La Habana ha hablado de cambios relacionados con la autonom\u00eda empresarial y municipal, la producci\u00f3n local de alimentos y el cambio de la matriz energ\u00e9tica.<\/p>\n","protected":false},"author":30,"featured_media":236929,"comment_status":"open","ping_status":"closed","sticky":false,"template":"","format":"standard","meta":{"_acf_changed":false,"footnotes":""},"categories":[18,955],"tags":[10867,3895,11017],"class_list":{"0":"post-236925","1":"post","2":"type-post","3":"status-publish","4":"format-standard","5":"has-post-thumbnail","7":"category-noticias","8":"category-noticias-de-cuba","9":"tag-crisis-en-cuba","10":"tag-gobierno-cubano","11":"tag-superdestacado"},"acf":[],"yoast_head":"<!-- This site is optimized with the Yoast SEO plugin v27.5 - https:\/\/yoast.com\/product\/yoast-seo-wordpress\/ -->\n<title>Gobierno cubano pide centrarse \u201cde inmediato\u201d en hacer \u201ctransformaciones urgentes\u201d - Cuballama Noticias<\/title>\n<meta name=\"description\" content=\"El mandatario cubano Miguel D\u00edaz-Canel pidi\u00f3 centrarse \u201cde inmediato\u201d en la implementaci\u00f3n de \u201ctransformaciones urgentes y necesarias\u201d.\" \/>\n<meta name=\"robots\" content=\"index, follow, max-snippet:-1, max-image-preview:large, max-video-preview:-1\" \/>\n<link rel=\"canonical\" href=\"https:\/\/www.cuballama.com\/noticias\/gobierno-cubano-pide-centrarse-de-inmediato-en-hacer-transformaciones-urgentes\/\" \/>\n<meta property=\"og:locale\" content=\"es_ES\" \/>\n<meta property=\"og:type\" content=\"article\" \/>\n<meta property=\"og:title\" content=\"Gobierno cubano pide centrarse \u201cde inmediato\u201d en hacer \u201ctransformaciones urgentes\u201d - Cuballama Noticias\" \/>\n<meta property=\"og:description\" content=\"El mandatario cubano Miguel D\u00edaz-Canel pidi\u00f3 centrarse \u201cde inmediato\u201d en la implementaci\u00f3n de \u201ctransformaciones urgentes y necesarias\u201d.\" \/>\n<meta property=\"og:url\" content=\"https:\/\/www.cuballama.com\/noticias\/gobierno-cubano-pide-centrarse-de-inmediato-en-hacer-transformaciones-urgentes\/\" \/>\n<meta property=\"og:site_name\" content=\"Cuballama Noticias\" \/>\n<meta property=\"article:publisher\" content=\"https:\/\/www.facebook.com\/CubaLlama\" \/>\n<meta property=\"article:published_time\" content=\"2026-03-03T11:50:51+00:00\" \/>\n<meta property=\"article:modified_time\" content=\"2026-03-03T11:50:53+00:00\" \/>\n<meta property=\"og:image\" content=\"https:\/\/cdn1.mediawpaccore.net\/wp-content\/uploads\/2026\/03\/03062855\/AACsweaw1.jpg\" \/>\n\t<meta property=\"og:image:width\" content=\"1200\" \/>\n\t<meta property=\"og:image:height\" content=\"630\" \/>\n\t<meta property=\"og:image:type\" content=\"image\/jpeg\" \/>\n<meta name=\"author\" content=\"Kathy\" \/>\n<meta name=\"twitter:card\" content=\"summary_large_image\" \/>\n<meta name=\"twitter:creator\" content=\"@cuballama\" \/>\n<meta name=\"twitter:site\" content=\"@cuballama\" \/>\n<meta name=\"twitter:label1\" content=\"Escrito por\" \/>\n\t<meta name=\"twitter:data1\" content=\"Kathy\" \/>\n\t<meta name=\"twitter:label2\" content=\"Tiempo de lectura\" \/>\n\t<meta name=\"twitter:data2\" content=\"2 minutos\" \/>\n<script type=\"application\/ld+json\" class=\"yoast-schema-graph\">{\"@context\":\"https:\\\/\\\/schema.org\",\"@graph\":[{\"@type\":\"Article\",\"@id\":\"https:\\\/\\\/www.cuballama.com\\\/noticias\\\/gobierno-cubano-pide-centrarse-de-inmediato-en-hacer-transformaciones-urgentes\\\/#article\",\"isPartOf\":{\"@id\":\"https:\\\/\\\/www.cuballama.com\\\/noticias\\\/gobierno-cubano-pide-centrarse-de-inmediato-en-hacer-transformaciones-urgentes\\\/\"},\"author\":{\"name\":\"Kathy\",\"@id\":\"https:\\\/\\\/www.cuballama.com\\\/noticias\\\/#\\\/schema\\\/person\\\/86cd3e3f4974437f031211213bf892d5\"},\"headline\":\"Gobierno cubano pide centrarse \u201cde inmediato\u201d en hacer \u201ctransformaciones urgentes\u201d\",\"datePublished\":\"2026-03-03T11:50:51+00:00\",\"dateModified\":\"2026-03-03T11:50:53+00:00\",\"mainEntityOfPage\":{\"@id\":\"https:\\\/\\\/www.cuballama.com\\\/noticias\\\/gobierno-cubano-pide-centrarse-de-inmediato-en-hacer-transformaciones-urgentes\\\/\"},\"wordCount\":445,\"commentCount\":0,\"publisher\":{\"@id\":\"https:\\\/\\\/www.cuballama.com\\\/noticias\\\/#organization\"},\"image\":{\"@id\":\"https:\\\/\\\/www.cuballama.com\\\/noticias\\\/gobierno-cubano-pide-centrarse-de-inmediato-en-hacer-transformaciones-urgentes\\\/#primaryimage\"},\"thumbnailUrl\":\"https:\\\/\\\/cdn1.mediawpaccore.net\\\/wp-content\\\/uploads\\\/2026\\\/03\\\/03062855\\\/AACsweaw1.jpg\",\"keywords\":[\"Crisis en Cuba\",\"gobierno cubano\",\"superdestacado\"],\"articleSection\":[\"Noticias\",\"Noticias de Cuba\"],\"inLanguage\":\"es\",\"potentialAction\":[{\"@type\":\"CommentAction\",\"name\":\"Comment\",\"target\":[\"https:\\\/\\\/www.cuballama.com\\\/noticias\\\/gobierno-cubano-pide-centrarse-de-inmediato-en-hacer-transformaciones-urgentes\\\/#respond\"]}]},{\"@type\":\"WebPage\",\"@id\":\"https:\\\/\\\/www.cuballama.com\\\/noticias\\\/gobierno-cubano-pide-centrarse-de-inmediato-en-hacer-transformaciones-urgentes\\\/\",\"url\":\"https:\\\/\\\/www.cuballama.com\\\/noticias\\\/gobierno-cubano-pide-centrarse-de-inmediato-en-hacer-transformaciones-urgentes\\\/\",\"name\":\"Gobierno cubano pide centrarse \u201cde inmediato\u201d en hacer \u201ctransformaciones urgentes\u201d - Cuballama Noticias\",\"isPartOf\":{\"@id\":\"https:\\\/\\\/www.cuballama.com\\\/noticias\\\/#website\"},\"primaryImageOfPage\":{\"@id\":\"https:\\\/\\\/www.cuballama.com\\\/noticias\\\/gobierno-cubano-pide-centrarse-de-inmediato-en-hacer-transformaciones-urgentes\\\/#primaryimage\"},\"image\":{\"@id\":\"https:\\\/\\\/www.cuballama.com\\\/noticias\\\/gobierno-cubano-pide-centrarse-de-inmediato-en-hacer-transformaciones-urgentes\\\/#primaryimage\"},\"thumbnailUrl\":\"https:\\\/\\\/cdn1.mediawpaccore.net\\\/wp-content\\\/uploads\\\/2026\\\/03\\\/03062855\\\/AACsweaw1.jpg\",\"datePublished\":\"2026-03-03T11:50:51+00:00\",\"dateModified\":\"2026-03-03T11:50:53+00:00\",\"description\":\"El mandatario cubano Miguel D\u00edaz-Canel pidi\u00f3 centrarse \u201cde inmediato\u201d en la implementaci\u00f3n de \u201ctransformaciones urgentes y necesarias\u201d.\",\"breadcrumb\":{\"@id\":\"https:\\\/\\\/www.cuballama.com\\\/noticias\\\/gobierno-cubano-pide-centrarse-de-inmediato-en-hacer-transformaciones-urgentes\\\/#breadcrumb\"},\"inLanguage\":\"es\",\"potentialAction\":[{\"@type\":\"ReadAction\",\"target\":[\"https:\\\/\\\/www.cuballama.com\\\/noticias\\\/gobierno-cubano-pide-centrarse-de-inmediato-en-hacer-transformaciones-urgentes\\\/\"]}]},{\"@type\":\"ImageObject\",\"inLanguage\":\"es\",\"@id\":\"https:\\\/\\\/www.cuballama.com\\\/noticias\\\/gobierno-cubano-pide-centrarse-de-inmediato-en-hacer-transformaciones-urgentes\\\/#primaryimage\",\"url\":\"https:\\\/\\\/cdn1.mediawpaccore.net\\\/wp-content\\\/uploads\\\/2026\\\/03\\\/03062855\\\/AACsweaw1.jpg\",\"contentUrl\":\"https:\\\/\\\/cdn1.mediawpaccore.net\\\/wp-content\\\/uploads\\\/2026\\\/03\\\/03062855\\\/AACsweaw1.jpg\",\"width\":1200,\"height\":630,\"caption\":\"Reuni\u00f3n del Consejo de Ministros. Foto: X\\\/Presidencia Cuba.\"},{\"@type\":\"BreadcrumbList\",\"@id\":\"https:\\\/\\\/www.cuballama.com\\\/noticias\\\/gobierno-cubano-pide-centrarse-de-inmediato-en-hacer-transformaciones-urgentes\\\/#breadcrumb\",\"itemListElement\":[{\"@type\":\"ListItem\",\"position\":1,\"name\":\"Home\",\"item\":\"https:\\\/\\\/www.cuballama.com\\\/noticias\\\/\"},{\"@type\":\"ListItem\",\"position\":2,\"name\":\"Gobierno cubano pide centrarse \u201cde inmediato\u201d en hacer \u201ctransformaciones urgentes\u201d\"}]},{\"@type\":\"WebSite\",\"@id\":\"https:\\\/\\\/www.cuballama.com\\\/noticias\\\/#website\",\"url\":\"https:\\\/\\\/www.cuballama.com\\\/noticias\\\/\",\"name\":\"Cuballama Noticias\",\"description\":\"Medio digital sobre Cuba y el mundo\",\"publisher\":{\"@id\":\"https:\\\/\\\/www.cuballama.com\\\/noticias\\\/#organization\"},\"potentialAction\":[{\"@type\":\"SearchAction\",\"target\":{\"@type\":\"EntryPoint\",\"urlTemplate\":\"https:\\\/\\\/www.cuballama.com\\\/noticias\\\/?s={search_term_string}\"},\"query-input\":{\"@type\":\"PropertyValueSpecification\",\"valueRequired\":true,\"valueName\":\"search_term_string\"}}],\"inLanguage\":\"es\"},{\"@type\":\"Organization\",\"@id\":\"https:\\\/\\\/www.cuballama.com\\\/noticias\\\/#organization\",\"name\":\"Cuballama\",\"url\":\"https:\\\/\\\/www.cuballama.com\\\/noticias\\\/\",\"logo\":{\"@type\":\"ImageObject\",\"inLanguage\":\"es\",\"@id\":\"https:\\\/\\\/www.cuballama.com\\\/noticias\\\/#\\\/schema\\\/logo\\\/image\\\/\",\"url\":\"https:\\\/\\\/cdn1.mediawpaccore.net\\\/wp-content\\\/uploads\\\/2021\\\/12\\\/28171206\\\/cbll-logo-color-sm.png\",\"contentUrl\":\"https:\\\/\\\/cdn1.mediawpaccore.net\\\/wp-content\\\/uploads\\\/2021\\\/12\\\/28171206\\\/cbll-logo-color-sm.png\",\"width\":600,\"height\":133,\"caption\":\"Cuballama\"},\"image\":{\"@id\":\"https:\\\/\\\/www.cuballama.com\\\/noticias\\\/#\\\/schema\\\/logo\\\/image\\\/\"},\"sameAs\":[\"https:\\\/\\\/www.facebook.com\\\/CubaLlama\",\"https:\\\/\\\/x.com\\\/cuballama\",\"https:\\\/\\\/www.instagram.com\\\/stories\\\/cuballama_oficial\\\/\",\"https:\\\/\\\/www.youtube.com\\\/channel\\\/UCKkFE-d_axENGZcrc4as0IA\"]},{\"@type\":\"Person\",\"@id\":\"https:\\\/\\\/www.cuballama.com\\\/noticias\\\/#\\\/schema\\\/person\\\/86cd3e3f4974437f031211213bf892d5\",\"name\":\"Kathy\",\"url\":\"https:\\\/\\\/www.cuballama.com\\\/noticias\\\/author\\\/kathy\\\/\"}]}<\/script>\n<!-- \/ Yoast SEO plugin. -->","yoast_head_json":{"title":"Gobierno cubano pide centrarse \u201cde inmediato\u201d en hacer \u201ctransformaciones urgentes\u201d - Cuballama Noticias","description":"El mandatario cubano Miguel D\u00edaz-Canel pidi\u00f3 centrarse \u201cde inmediato\u201d en la implementaci\u00f3n de \u201ctransformaciones urgentes y necesarias\u201d.","robots":{"index":"index","follow":"follow","max-snippet":"max-snippet:-1","max-image-preview":"max-image-preview:large","max-video-preview":"max-video-preview:-1"},"canonical":"https:\/\/www.cuballama.com\/noticias\/gobierno-cubano-pide-centrarse-de-inmediato-en-hacer-transformaciones-urgentes\/","og_locale":"es_ES","og_type":"article","og_title":"Gobierno cubano pide centrarse \u201cde inmediato\u201d en hacer \u201ctransformaciones urgentes\u201d - Cuballama Noticias","og_description":"El mandatario cubano Miguel D\u00edaz-Canel pidi\u00f3 centrarse \u201cde inmediato\u201d en la implementaci\u00f3n de \u201ctransformaciones urgentes y necesarias\u201d.","og_url":"https:\/\/www.cuballama.com\/noticias\/gobierno-cubano-pide-centrarse-de-inmediato-en-hacer-transformaciones-urgentes\/","og_site_name":"Cuballama Noticias","article_publisher":"https:\/\/www.facebook.com\/CubaLlama","article_published_time":"2026-03-03T11:50:51+00:00","article_modified_time":"2026-03-03T11:50:53+00:00","og_image":[{"width":1200,"height":630,"url":"https:\/\/cdn1.mediawpaccore.net\/wp-content\/uploads\/2026\/03\/03062855\/AACsweaw1.jpg","type":"image\/jpeg"}],"author":"Kathy","twitter_card":"summary_large_image","twitter_creator":"@cuballama","twitter_site":"@cuballama","twitter_misc":{"Escrito por":"Kathy","Tiempo de lectura":"2 minutos"},"schema":{"@context":"https:\/\/schema.org","@graph":[{"@type":"Article","@id":"https:\/\/www.cuballama.com\/noticias\/gobierno-cubano-pide-centrarse-de-inmediato-en-hacer-transformaciones-urgentes\/#article","isPartOf":{"@id":"https:\/\/www.cuballama.com\/noticias\/gobierno-cubano-pide-centrarse-de-inmediato-en-hacer-transformaciones-urgentes\/"},"author":{"name":"Kathy","@id":"https:\/\/www.cuballama.com\/noticias\/#\/schema\/person\/86cd3e3f4974437f031211213bf892d5"},"headline":"Gobierno cubano pide centrarse \u201cde inmediato\u201d en hacer \u201ctransformaciones urgentes\u201d","datePublished":"2026-03-03T11:50:51+00:00","dateModified":"2026-03-03T11:50:53+00:00","mainEntityOfPage":{"@id":"https:\/\/www.cuballama.com\/noticias\/gobierno-cubano-pide-centrarse-de-inmediato-en-hacer-transformaciones-urgentes\/"},"wordCount":445,"commentCount":0,"publisher":{"@id":"https:\/\/www.cuballama.com\/noticias\/#organization"},"image":{"@id":"https:\/\/www.cuballama.com\/noticias\/gobierno-cubano-pide-centrarse-de-inmediato-en-hacer-transformaciones-urgentes\/#primaryimage"},"thumbnailUrl":"https:\/\/cdn1.mediawpaccore.net\/wp-content\/uploads\/2026\/03\/03062855\/AACsweaw1.jpg","keywords":["Crisis en Cuba","gobierno cubano","superdestacado"],"articleSection":["Noticias","Noticias de Cuba"],"inLanguage":"es","potentialAction":[{"@type":"CommentAction","name":"Comment","target":["https:\/\/www.cuballama.com\/noticias\/gobierno-cubano-pide-centrarse-de-inmediato-en-hacer-transformaciones-urgentes\/#respond"]}]},{"@type":"WebPage","@id":"https:\/\/www.cuballama.com\/noticias\/gobierno-cubano-pide-centrarse-de-inmediato-en-hacer-transformaciones-urgentes\/","url":"https:\/\/www.cuballama.com\/noticias\/gobierno-cubano-pide-centrarse-de-inmediato-en-hacer-transformaciones-urgentes\/","name":"Gobierno cubano pide centrarse \u201cde inmediato\u201d en hacer \u201ctransformaciones urgentes\u201d - Cuballama Noticias","isPartOf":{"@id":"https:\/\/www.cuballama.com\/noticias\/#website"},"primaryImageOfPage":{"@id":"https:\/\/www.cuballama.com\/noticias\/gobierno-cubano-pide-centrarse-de-inmediato-en-hacer-transformaciones-urgentes\/#primaryimage"},"image":{"@id":"https:\/\/www.cuballama.com\/noticias\/gobierno-cubano-pide-centrarse-de-inmediato-en-hacer-transformaciones-urgentes\/#primaryimage"},"thumbnailUrl":"https:\/\/cdn1.mediawpaccore.net\/wp-content\/uploads\/2026\/03\/03062855\/AACsweaw1.jpg","datePublished":"2026-03-03T11:50:51+00:00","dateModified":"2026-03-03T11:50:53+00:00","description":"El mandatario cubano Miguel D\u00edaz-Canel pidi\u00f3 centrarse \u201cde inmediato\u201d en la implementaci\u00f3n de \u201ctransformaciones urgentes y necesarias\u201d.","breadcrumb":{"@id":"https:\/\/www.cuballama.com\/noticias\/gobierno-cubano-pide-centrarse-de-inmediato-en-hacer-transformaciones-urgentes\/#breadcrumb"},"inLanguage":"es","potentialAction":[{"@type":"ReadAction","target":["https:\/\/www.cuballama.com\/noticias\/gobierno-cubano-pide-centrarse-de-inmediato-en-hacer-transformaciones-urgentes\/"]}]},{"@type":"ImageObject","inLanguage":"es","@id":"https:\/\/www.cuballama.com\/noticias\/gobierno-cubano-pide-centrarse-de-inmediato-en-hacer-transformaciones-urgentes\/#primaryimage","url":"https:\/\/cdn1.mediawpaccore.net\/wp-content\/uploads\/2026\/03\/03062855\/AACsweaw1.jpg","contentUrl":"https:\/\/cdn1.mediawpaccore.net\/wp-content\/uploads\/2026\/03\/03062855\/AACsweaw1.jpg","width":1200,"height":630,"caption":"Reuni\u00f3n del Consejo de Ministros. Foto: X\/Presidencia Cuba."},{"@type":"BreadcrumbList","@id":"https:\/\/www.cuballama.com\/noticias\/gobierno-cubano-pide-centrarse-de-inmediato-en-hacer-transformaciones-urgentes\/#breadcrumb","itemListElement":[{"@type":"ListItem","position":1,"name":"Home","item":"https:\/\/www.cuballama.com\/noticias\/"},{"@type":"ListItem","position":2,"name":"Gobierno cubano pide centrarse \u201cde inmediato\u201d en hacer \u201ctransformaciones urgentes\u201d"}]},{"@type":"WebSite","@id":"https:\/\/www.cuballama.com\/noticias\/#website","url":"https:\/\/www.cuballama.com\/noticias\/","name":"Cuballama Noticias","description":"Medio digital sobre Cuba y el mundo","publisher":{"@id":"https:\/\/www.cuballama.com\/noticias\/#organization"},"potentialAction":[{"@type":"SearchAction","target":{"@type":"EntryPoint","urlTemplate":"https:\/\/www.cuballama.com\/noticias\/?s={search_term_string}"},"query-input":{"@type":"PropertyValueSpecification","valueRequired":true,"valueName":"search_term_string"}}],"inLanguage":"es"},{"@type":"Organization","@id":"https:\/\/www.cuballama.com\/noticias\/#organization","name":"Cuballama","url":"https:\/\/www.cuballama.com\/noticias\/","logo":{"@type":"ImageObject","inLanguage":"es","@id":"https:\/\/www.cuballama.com\/noticias\/#\/schema\/logo\/image\/","url":"https:\/\/cdn1.mediawpaccore.net\/wp-content\/uploads\/2021\/12\/28171206\/cbll-logo-color-sm.png","contentUrl":"https:\/\/cdn1.mediawpaccore.net\/wp-content\/uploads\/2021\/12\/28171206\/cbll-logo-color-sm.png","width":600,"height":133,"caption":"Cuballama"},"image":{"@id":"https:\/\/www.cuballama.com\/noticias\/#\/schema\/logo\/image\/"},"sameAs":["https:\/\/www.facebook.com\/CubaLlama","https:\/\/x.com\/cuballama","https:\/\/www.instagram.com\/stories\/cuballama_oficial\/","https:\/\/www.youtube.com\/channel\/UCKkFE-d_axENGZcrc4as0IA"]},{"@type":"Person","@id":"https:\/\/www.cuballama.com\/noticias\/#\/schema\/person\/86cd3e3f4974437f031211213bf892d5","name":"Kathy","url":"https:\/\/www.cuballama.com\/noticias\/author\/kathy\/"}]}},"_links":{"self":[{"href":"https:\/\/www.cuballama.com\/noticias\/wp-json\/wp\/v2\/posts\/236925","targetHints":{"allow":["GET"]}}],"collection":[{"href":"https:\/\/www.cuballama.com\/noticias\/wp-json\/wp\/v2\/posts"}],"about":[{"href":"https:\/\/www.cuballama.com\/noticias\/wp-json\/wp\/v2\/types\/post"}],"author":[{"embeddable":true,"href":"https:\/\/www.cuballama.com\/noticias\/wp-json\/wp\/v2\/users\/30"}],"replies":[{"embeddable":true,"href":"https:\/\/www.cuballama.com\/noticias\/wp-json\/wp\/v2\/comments?post=236925"}],"version-history":[{"count":3,"href":"https:\/\/www.cuballama.com\/noticias\/wp-json\/wp\/v2\/posts\/236925\/revisions"}],"predecessor-version":[{"id":236941,"href":"https:\/\/www.cuballama.com\/noticias\/wp-json\/wp\/v2\/posts\/236925\/revisions\/236941"}],"wp:featuredmedia":[{"embeddable":true,"href":"https:\/\/www.cuballama.com\/noticias\/wp-json\/wp\/v2\/media\/236929"}],"wp:attachment":[{"href":"https:\/\/www.cuballama.com\/noticias\/wp-json\/wp\/v2\/media?parent=236925"}],"wp:term":[{"taxonomy":"category","embeddable":true,"href":"https:\/\/www.cuballama.com\/noticias\/wp-json\/wp\/v2\/categories?post=236925"},{"taxonomy":"post_tag","embeddable":true,"href":"https:\/\/www.cuballama.com\/noticias\/wp-json\/wp\/v2\/tags?post=236925"}],"curies":[{"name":"wp","href":"https:\/\/api.w.org\/{rel}","templated":true}]}}