{"id":236898,"date":"2026-03-03T07:40:36","date_gmt":"2026-03-03T12:40:36","guid":{"rendered":"https:\/\/www.cuballama.com\/noticias\/?p=236898"},"modified":"2026-03-03T07:40:38","modified_gmt":"2026-03-03T12:40:38","slug":"fallece-el-maestro-alberto-garcia-alfonso-figura-emblematica-de-la-musica-matancera","status":"publish","type":"post","link":"https:\/\/www.cuballama.com\/noticias\/fallece-el-maestro-alberto-garcia-alfonso-figura-emblematica-de-la-musica-matancera\/","title":{"rendered":"Fallece el maestro Alberto Garc\u00eda Alfonso, figura emblem\u00e1tica de la m\u00fasica matancera"},"content":{"rendered":"\n<h2 class=\"wp-block-heading\">Con la partida de Alberto Garc\u00eda Alfonso, Matanzas pierde a uno de sus referentes musicales m\u00e1s s\u00f3lidos. Su obra y su magisterio permanecen en la memoria cultural de la ciudad y en la formaci\u00f3n de quienes continuar\u00e1n haciendo m\u00fasica bajo su influencia.<\/h2>\n\n\n\n<p>El \u00e1mbito cultural de Matanzas amaneci\u00f3 de luto tras conocerse el fallecimiento del maestro Alberto Garc\u00eda Alfonso, reconocido violinista, director de orquesta y formador de generaciones de m\u00fasicos. <a href=\"https:\/\/www.facebook.com\/leogradio\/posts\/pfbid0RCXkEfSm4yvSfPKKrY3MiknuBnBAiRmTc5MrtvUfU8puwmRsjdNVVqb2PHu9g5zul\" target=\"_blank\" rel=\"noreferrer noopener nofollow\">La noticia fue compartida en redes sociales por el promotor cultural Leo Ernesto Garc\u00eda Ramos<\/a>, quien lo record\u00f3 como \u201cun excelente violinista, profesor, arreglista y director de orquesta\u201d que llev\u00f3 la m\u00fasica universal y los g\u00e9neros cubanos a escenarios de Am\u00e9rica y Europa.<\/p>\n\n\n\n<p>Garc\u00eda Ramos evoc\u00f3 m\u00faltiples momentos compartidos con el m\u00fasico, desde su labor como jurado en pruebas de cuerdas de la Escuela Profesional de Arte \u201cM\u00e1rtires de Bolivia\u201d, hasta su desempe\u00f1o como presidente de la Brigada Hermanos Sa\u00edz y su direcci\u00f3n de la Orquesta de C\u00e1mara en la inauguraci\u00f3n del Campamento de Pioneros 26 de Julio en Varadero y Tarar\u00e1. <\/p>\n\n\n\n<p>Tambi\u00e9n destac\u00f3 su etapa al frente de la Compa\u00f1\u00eda Internacional de Operetas del Gran Teatro de La Habana durante una gira europea, as\u00ed como su trabajo acompa\u00f1ando al cantautor espa\u00f1ol Joan Manuel Serrat en una de sus visitas a Cuba. Record\u00f3 adem\u00e1s su desempe\u00f1o como concertino de la Orquesta Sinf\u00f3nica de Matanzas y su concierto de graduaci\u00f3n en Direcci\u00f3n Orquestal en la Sala White, junto a la pianista Hilda Elvira Santiago y el Coro Profesional.<\/p>\n\n\n\n<iframe loading=\"lazy\" src=\"https:\/\/www.facebook.com\/plugins\/post.php?href=https%3A%2F%2Fwww.facebook.com%2Fleogradio%2Fposts%2Fpfbid0RCXkEfSm4yvSfPKKrY3MiknuBnBAiRmTc5MrtvUfU8puwmRsjdNVVqb2PHu9g5zul&#038;show_text=true&#038;width=500\" width=\"500\" height=\"761\" style=\"border:none;overflow:hidden\" scrolling=\"no\" frameborder=\"0\" allowfullscreen=\"true\" allow=\"autoplay; clipboard-write; encrypted-media; picture-in-picture; web-share\"><\/iframe>\n\n\n\n<p>Las muestras de pesar no se hicieron esperar. Gladys Miguelina P\u00e9rez Rivero lo evoc\u00f3 como condisc\u00edpulo en la Escuela Primaria Superior Gertrudis G\u00f3mez de Avellaneda, mientras Ivon Gonz\u00e1lez resalt\u00f3 que, m\u00e1s all\u00e1 del m\u00fasico, ser\u00e1 recordado como \u201cuna persona \u00edntegra, \u00e9tica y excepcional\u201d. Ariadna de la Vega subray\u00f3 su elegancia profesional y mencion\u00f3 el Quinteto Fantas\u00eda como parte esencial de su legado art\u00edstico.<\/p>\n\n\n\n<p><a href=\"https:\/\/www.facebook.com\/willcorujoofficial\/posts\/pfbid028JG1H4QSkc3S6XjAQXuip2b2kRJVjVd8JBJxMXriEddvUDkPksR8GagY8bVPuhPql\">El violinista Will Corujo lo calific\u00f3 como \u201cel mejor concertino que haya pasado por la Sinf\u00f3nica de Matanzas\u201d,<\/a> y Pedro Alfonso se\u00f1al\u00f3 que fue un maestro decisivo en sus inicios musicales, responsable de inculcar t\u00e9cnica, disciplina y respeto por el instrumento. Comentarios como los de Niurka Torriente Mesa y Rodulfo Vaillant Garc\u00eda recordaron su paso por la UNEAC y su compromiso con la cultura matancera.<\/p>\n\n\n\n<p>Entre los mensajes tambi\u00e9n destac\u00f3 el de Miguel Francisco Hudson Montenegro, quien afirm\u00f3 que \u201cMatanzas est\u00e1 de luto\u201d, reflejando el sentir general de colegas, alumnos y amigos. Numerosos artistas y ciudadanos expresaron condolencias a su esposa e hijas, resaltando no solo su talento, sino su calidad humana.<\/p>\n\n\n\n<iframe loading=\"lazy\" src=\"https:\/\/www.facebook.com\/plugins\/post.php?href=https%3A%2F%2Fwww.facebook.com%2Fwillcorujoofficial%2Fposts%2Fpfbid028JG1H4QSkc3S6XjAQXuip2b2kRJVjVd8JBJxMXriEddvUDkPksR8GagY8bVPuhPql&#038;show_text=true&#038;width=500\" width=\"500\" height=\"667\" style=\"border:none;overflow:hidden\" scrolling=\"no\" frameborder=\"0\" allowfullscreen=\"true\" allow=\"autoplay; clipboard-write; encrypted-media; picture-in-picture; web-share\"><\/iframe>\n\n\n\n<p>Tambi\u00e9n este fin de semana se conoci\u00f3 el fallecimiento en La Habana del organista y profesor L\u00e1zaro Rafael Hern\u00e1ndez, figura muy vinculada a la vida musical y religiosa de la Parroquia de Jes\u00fas del Monte, en el municipio Diez de Octubre. La noticia fue compartida por Fernando Su\u00e1rez, quien precis\u00f3 que Hern\u00e1ndez muri\u00f3 a causa de un infarto y lo record\u00f3 como \u201cel organista de la Parroquia de Jes\u00fas del Monte\u201d.<\/p>\n\n\n\n<p>En los comentarios, antiguos alumnos y amigos resaltaron su huella como formador de cantantes y pianistas, su profunda fe y su car\u00e1cter cercano. Patricia Morales lo defini\u00f3 como \u201cun ser excepcional\u201d que form\u00f3 a muchos con paciencia y amor, mientras Zulia Pereira evoc\u00f3 sus a\u00f1os de estudio de piano en su casa siendo ni\u00f1a. Abdulay Juliana Heredia Walker destac\u00f3 que fue el primer maestro de su hija, quien comenz\u00f3 con \u00e9l a los seis a\u00f1os y hoy es m\u00fasico. <\/p>\n\n\n\n<iframe loading=\"lazy\" src=\"https:\/\/www.facebook.com\/plugins\/post.php?href=https%3A%2F%2Fwww.facebook.com%2Ffernando.suarez.7503%2Fposts%2Fpfbid02GpKtXATxY4NWcC94RB2o2TLsLYNRKvTHqTJqUGtGPfyfLAmQJRpABTKTz9bNR4dZl&#038;show_text=true&#038;width=500\" width=\"500\" height=\"703\" style=\"border:none;overflow:hidden\" scrolling=\"no\" frameborder=\"0\" allowfullscreen=\"true\" allow=\"autoplay; clipboard-write; encrypted-media; picture-in-picture; web-share\"><\/iframe>\n\n\n\n<p>Mensajes de despedida como el de Mabel Del Barrio, que lo llam\u00f3 \u201cLazary eterno\u201d, reflejaron el impacto humano de su partida en la comunidad.<\/p>\n\n\n\n<p><\/p>\n","protected":false},"excerpt":{"rendered":"<p>El maestro Alberto Garc\u00eda Alfonso, destacado violinista y formador de m\u00fasicos en Matanzas, falleci\u00f3 dejando una profunda huella en la cultura cubana.<\/p>\n","protected":false},"author":13,"featured_media":236900,"comment_status":"open","ping_status":"closed","sticky":false,"template":"","format":"standard","meta":{"_acf_changed":false,"footnotes":""},"categories":[18,955],"tags":[30798,29299,1259,6414,30801,164,30800,1816,11354,30802,30803,30799,30805,30804,2304,20799],"class_list":{"0":"post-236898","1":"post","2":"type-post","3":"status-publish","4":"format-standard","5":"has-post-thumbnail","7":"category-noticias","8":"category-noticias-de-cuba","9":"tag-alberto-garcia-alfonso","10":"tag-comunidad-religiosa","11":"tag-cultura-cubana","12":"tag-diez-de-octubre","13":"tag-jesus-del-monte","14":"tag-la-habana","15":"tag-lazaro-rafael-hernandez","16":"tag-matanzas","17":"tag-musica-cubana-2","18":"tag-musica-sacra","19":"tag-organista-cubano","20":"tag-orquesta-sinfonica-de-matanzas","21":"tag-parroquia-jesus-del-monte","22":"tag-profesor-de-piano","23":"tag-uneac","24":"tag-violinista"},"acf":[],"yoast_head":"<!-- This site is optimized with the Yoast SEO plugin v27.4 - https:\/\/yoast.com\/product\/yoast-seo-wordpress\/ -->\n<title>Fallece el maestro Alberto Garc\u00eda Alfonso, figura emblem\u00e1tica de la m\u00fasica matancera - Cuballama Noticias<\/title>\n<meta name=\"description\" content=\"Fallece el violinista y director matancero Alberto Garc\u00eda Alfonso, maestro de generaciones y referente cultural en Cuba.\" \/>\n<meta name=\"robots\" content=\"index, follow, max-snippet:-1, max-image-preview:large, max-video-preview:-1\" \/>\n<link rel=\"canonical\" href=\"https:\/\/www.cuballama.com\/noticias\/fallece-el-maestro-alberto-garcia-alfonso-figura-emblematica-de-la-musica-matancera\/\" \/>\n<meta property=\"og:locale\" content=\"es_ES\" \/>\n<meta property=\"og:type\" content=\"article\" \/>\n<meta property=\"og:title\" content=\"Fallece el maestro Alberto Garc\u00eda Alfonso, figura emblem\u00e1tica de la m\u00fasica matancera - Cuballama Noticias\" \/>\n<meta property=\"og:description\" content=\"Fallece el violinista y director matancero Alberto Garc\u00eda Alfonso, maestro de generaciones y referente cultural en Cuba.\" \/>\n<meta property=\"og:url\" content=\"https:\/\/www.cuballama.com\/noticias\/fallece-el-maestro-alberto-garcia-alfonso-figura-emblematica-de-la-musica-matancera\/\" \/>\n<meta property=\"og:site_name\" content=\"Cuballama Noticias\" \/>\n<meta property=\"article:publisher\" content=\"https:\/\/www.facebook.com\/CubaLlama\" \/>\n<meta property=\"article:published_time\" content=\"2026-03-03T12:40:36+00:00\" \/>\n<meta property=\"article:modified_time\" content=\"2026-03-03T12:40:38+00:00\" \/>\n<meta property=\"og:image\" content=\"https:\/\/cdn1.mediawpaccore.net\/wp-content\/uploads\/2026\/03\/03044420\/Untitled-design-2026-03-03T104407.988.jpg\" \/>\n\t<meta property=\"og:image:width\" content=\"1200\" \/>\n\t<meta property=\"og:image:height\" content=\"630\" \/>\n\t<meta property=\"og:image:type\" content=\"image\/jpeg\" \/>\n<meta name=\"author\" content=\"Roberto A.\" \/>\n<meta name=\"twitter:card\" content=\"summary_large_image\" \/>\n<meta name=\"twitter:creator\" content=\"@cuballama\" \/>\n<meta name=\"twitter:site\" content=\"@cuballama\" \/>\n<meta name=\"twitter:label1\" content=\"Escrito por\" \/>\n\t<meta name=\"twitter:data1\" content=\"Roberto A.\" \/>\n\t<meta name=\"twitter:label2\" content=\"Tiempo de lectura\" \/>\n\t<meta name=\"twitter:data2\" content=\"3 minutos\" \/>\n<script type=\"application\/ld+json\" class=\"yoast-schema-graph\">{\"@context\":\"https:\\\/\\\/schema.org\",\"@graph\":[{\"@type\":\"Article\",\"@id\":\"https:\\\/\\\/www.cuballama.com\\\/noticias\\\/fallece-el-maestro-alberto-garcia-alfonso-figura-emblematica-de-la-musica-matancera\\\/#article\",\"isPartOf\":{\"@id\":\"https:\\\/\\\/www.cuballama.com\\\/noticias\\\/fallece-el-maestro-alberto-garcia-alfonso-figura-emblematica-de-la-musica-matancera\\\/\"},\"author\":{\"name\":\"Roberto A.\",\"@id\":\"https:\\\/\\\/www.cuballama.com\\\/noticias\\\/#\\\/schema\\\/person\\\/a58502ed4146c8e9f83872e897c76cd2\"},\"headline\":\"Fallece el maestro Alberto Garc\u00eda Alfonso, figura emblem\u00e1tica de la m\u00fasica matancera\",\"datePublished\":\"2026-03-03T12:40:36+00:00\",\"dateModified\":\"2026-03-03T12:40:38+00:00\",\"mainEntityOfPage\":{\"@id\":\"https:\\\/\\\/www.cuballama.com\\\/noticias\\\/fallece-el-maestro-alberto-garcia-alfonso-figura-emblematica-de-la-musica-matancera\\\/\"},\"wordCount\":665,\"commentCount\":0,\"publisher\":{\"@id\":\"https:\\\/\\\/www.cuballama.com\\\/noticias\\\/#organization\"},\"image\":{\"@id\":\"https:\\\/\\\/www.cuballama.com\\\/noticias\\\/fallece-el-maestro-alberto-garcia-alfonso-figura-emblematica-de-la-musica-matancera\\\/#primaryimage\"},\"thumbnailUrl\":\"https:\\\/\\\/cdn1.mediawpaccore.net\\\/wp-content\\\/uploads\\\/2026\\\/03\\\/03044420\\\/Untitled-design-2026-03-03T104407.988.jpg\",\"keywords\":[\"Alberto Garc\u00eda Alfonso\",\"comunidad religiosa\",\"cultura cubana\",\"Diez de Octubre\",\"Jes\u00fas del Monte\",\"La Habana\",\"L\u00e1zaro Rafael Hern\u00e1ndez\",\"Matanzas\",\"m\u00fasica cubana\",\"m\u00fasica sacra\",\"organista cubano\",\"Orquesta Sinf\u00f3nica de Matanzas\",\"Parroquia Jes\u00fas del Monte\",\"profesor de piano\",\"Uneac\",\"violinista\"],\"articleSection\":[\"Noticias\",\"Noticias de Cuba\"],\"inLanguage\":\"es\",\"potentialAction\":[{\"@type\":\"CommentAction\",\"name\":\"Comment\",\"target\":[\"https:\\\/\\\/www.cuballama.com\\\/noticias\\\/fallece-el-maestro-alberto-garcia-alfonso-figura-emblematica-de-la-musica-matancera\\\/#respond\"]}]},{\"@type\":\"WebPage\",\"@id\":\"https:\\\/\\\/www.cuballama.com\\\/noticias\\\/fallece-el-maestro-alberto-garcia-alfonso-figura-emblematica-de-la-musica-matancera\\\/\",\"url\":\"https:\\\/\\\/www.cuballama.com\\\/noticias\\\/fallece-el-maestro-alberto-garcia-alfonso-figura-emblematica-de-la-musica-matancera\\\/\",\"name\":\"Fallece el maestro Alberto Garc\u00eda Alfonso, figura emblem\u00e1tica de la m\u00fasica matancera - Cuballama Noticias\",\"isPartOf\":{\"@id\":\"https:\\\/\\\/www.cuballama.com\\\/noticias\\\/#website\"},\"primaryImageOfPage\":{\"@id\":\"https:\\\/\\\/www.cuballama.com\\\/noticias\\\/fallece-el-maestro-alberto-garcia-alfonso-figura-emblematica-de-la-musica-matancera\\\/#primaryimage\"},\"image\":{\"@id\":\"https:\\\/\\\/www.cuballama.com\\\/noticias\\\/fallece-el-maestro-alberto-garcia-alfonso-figura-emblematica-de-la-musica-matancera\\\/#primaryimage\"},\"thumbnailUrl\":\"https:\\\/\\\/cdn1.mediawpaccore.net\\\/wp-content\\\/uploads\\\/2026\\\/03\\\/03044420\\\/Untitled-design-2026-03-03T104407.988.jpg\",\"datePublished\":\"2026-03-03T12:40:36+00:00\",\"dateModified\":\"2026-03-03T12:40:38+00:00\",\"description\":\"Fallece el violinista y director matancero Alberto Garc\u00eda Alfonso, maestro de generaciones y referente cultural en Cuba.\",\"breadcrumb\":{\"@id\":\"https:\\\/\\\/www.cuballama.com\\\/noticias\\\/fallece-el-maestro-alberto-garcia-alfonso-figura-emblematica-de-la-musica-matancera\\\/#breadcrumb\"},\"inLanguage\":\"es\",\"potentialAction\":[{\"@type\":\"ReadAction\",\"target\":[\"https:\\\/\\\/www.cuballama.com\\\/noticias\\\/fallece-el-maestro-alberto-garcia-alfonso-figura-emblematica-de-la-musica-matancera\\\/\"]}]},{\"@type\":\"ImageObject\",\"inLanguage\":\"es\",\"@id\":\"https:\\\/\\\/www.cuballama.com\\\/noticias\\\/fallece-el-maestro-alberto-garcia-alfonso-figura-emblematica-de-la-musica-matancera\\\/#primaryimage\",\"url\":\"https:\\\/\\\/cdn1.mediawpaccore.net\\\/wp-content\\\/uploads\\\/2026\\\/03\\\/03044420\\\/Untitled-design-2026-03-03T104407.988.jpg\",\"contentUrl\":\"https:\\\/\\\/cdn1.mediawpaccore.net\\\/wp-content\\\/uploads\\\/2026\\\/03\\\/03044420\\\/Untitled-design-2026-03-03T104407.988.jpg\",\"width\":1200,\"height\":630,\"caption\":\"Foto v\u00eda: Pedro Alfonso \\\/ Facebook\"},{\"@type\":\"BreadcrumbList\",\"@id\":\"https:\\\/\\\/www.cuballama.com\\\/noticias\\\/fallece-el-maestro-alberto-garcia-alfonso-figura-emblematica-de-la-musica-matancera\\\/#breadcrumb\",\"itemListElement\":[{\"@type\":\"ListItem\",\"position\":1,\"name\":\"Home\",\"item\":\"https:\\\/\\\/www.cuballama.com\\\/noticias\\\/\"},{\"@type\":\"ListItem\",\"position\":2,\"name\":\"Fallece el maestro Alberto Garc\u00eda Alfonso, figura emblem\u00e1tica de la m\u00fasica matancera\"}]},{\"@type\":\"WebSite\",\"@id\":\"https:\\\/\\\/www.cuballama.com\\\/noticias\\\/#website\",\"url\":\"https:\\\/\\\/www.cuballama.com\\\/noticias\\\/\",\"name\":\"Cuballama Noticias\",\"description\":\"Medio digital sobre Cuba y el mundo\",\"publisher\":{\"@id\":\"https:\\\/\\\/www.cuballama.com\\\/noticias\\\/#organization\"},\"potentialAction\":[{\"@type\":\"SearchAction\",\"target\":{\"@type\":\"EntryPoint\",\"urlTemplate\":\"https:\\\/\\\/www.cuballama.com\\\/noticias\\\/?s={search_term_string}\"},\"query-input\":{\"@type\":\"PropertyValueSpecification\",\"valueRequired\":true,\"valueName\":\"search_term_string\"}}],\"inLanguage\":\"es\"},{\"@type\":\"Organization\",\"@id\":\"https:\\\/\\\/www.cuballama.com\\\/noticias\\\/#organization\",\"name\":\"Cuballama\",\"url\":\"https:\\\/\\\/www.cuballama.com\\\/noticias\\\/\",\"logo\":{\"@type\":\"ImageObject\",\"inLanguage\":\"es\",\"@id\":\"https:\\\/\\\/www.cuballama.com\\\/noticias\\\/#\\\/schema\\\/logo\\\/image\\\/\",\"url\":\"https:\\\/\\\/cdn1.mediawpaccore.net\\\/wp-content\\\/uploads\\\/2021\\\/12\\\/28171206\\\/cbll-logo-color-sm.png\",\"contentUrl\":\"https:\\\/\\\/cdn1.mediawpaccore.net\\\/wp-content\\\/uploads\\\/2021\\\/12\\\/28171206\\\/cbll-logo-color-sm.png\",\"width\":600,\"height\":133,\"caption\":\"Cuballama\"},\"image\":{\"@id\":\"https:\\\/\\\/www.cuballama.com\\\/noticias\\\/#\\\/schema\\\/logo\\\/image\\\/\"},\"sameAs\":[\"https:\\\/\\\/www.facebook.com\\\/CubaLlama\",\"https:\\\/\\\/x.com\\\/cuballama\",\"https:\\\/\\\/www.instagram.com\\\/stories\\\/cuballama_oficial\\\/\",\"https:\\\/\\\/www.youtube.com\\\/channel\\\/UCKkFE-d_axENGZcrc4as0IA\"]},{\"@type\":\"Person\",\"@id\":\"https:\\\/\\\/www.cuballama.com\\\/noticias\\\/#\\\/schema\\\/person\\\/a58502ed4146c8e9f83872e897c76cd2\",\"name\":\"Roberto A.\",\"description\":\"Roberto A. Periodista por decisi\u00f3n propia. Interesado en cualquier tema que me apasione y cada vez m\u00e1s comprometido con la verdad y la objetividad period\u00edstica. Graduado en La Habana hace ya muchos a\u00f1os, luego de una accidentada y polvorienta b\u00fasqueda de informaci\u00f3n sobre un tema in\u00e9dito. La Tesis, por cierto, desapareci\u00f3 de la biblioteca y no se conservan copias de la misma.\",\"url\":\"https:\\\/\\\/www.cuballama.com\\\/noticias\\\/author\\\/roberto\\\/\"}]}<\/script>\n<!-- \/ Yoast SEO plugin. -->","yoast_head_json":{"title":"Fallece el maestro Alberto Garc\u00eda Alfonso, figura emblem\u00e1tica de la m\u00fasica matancera - Cuballama Noticias","description":"Fallece el violinista y director matancero Alberto Garc\u00eda Alfonso, maestro de generaciones y referente cultural en Cuba.","robots":{"index":"index","follow":"follow","max-snippet":"max-snippet:-1","max-image-preview":"max-image-preview:large","max-video-preview":"max-video-preview:-1"},"canonical":"https:\/\/www.cuballama.com\/noticias\/fallece-el-maestro-alberto-garcia-alfonso-figura-emblematica-de-la-musica-matancera\/","og_locale":"es_ES","og_type":"article","og_title":"Fallece el maestro Alberto Garc\u00eda Alfonso, figura emblem\u00e1tica de la m\u00fasica matancera - Cuballama Noticias","og_description":"Fallece el violinista y director matancero Alberto Garc\u00eda Alfonso, maestro de generaciones y referente cultural en Cuba.","og_url":"https:\/\/www.cuballama.com\/noticias\/fallece-el-maestro-alberto-garcia-alfonso-figura-emblematica-de-la-musica-matancera\/","og_site_name":"Cuballama Noticias","article_publisher":"https:\/\/www.facebook.com\/CubaLlama","article_published_time":"2026-03-03T12:40:36+00:00","article_modified_time":"2026-03-03T12:40:38+00:00","og_image":[{"width":1200,"height":630,"url":"https:\/\/cdn1.mediawpaccore.net\/wp-content\/uploads\/2026\/03\/03044420\/Untitled-design-2026-03-03T104407.988.jpg","type":"image\/jpeg"}],"author":"Roberto A.","twitter_card":"summary_large_image","twitter_creator":"@cuballama","twitter_site":"@cuballama","twitter_misc":{"Escrito por":"Roberto A.","Tiempo de lectura":"3 minutos"},"schema":{"@context":"https:\/\/schema.org","@graph":[{"@type":"Article","@id":"https:\/\/www.cuballama.com\/noticias\/fallece-el-maestro-alberto-garcia-alfonso-figura-emblematica-de-la-musica-matancera\/#article","isPartOf":{"@id":"https:\/\/www.cuballama.com\/noticias\/fallece-el-maestro-alberto-garcia-alfonso-figura-emblematica-de-la-musica-matancera\/"},"author":{"name":"Roberto A.","@id":"https:\/\/www.cuballama.com\/noticias\/#\/schema\/person\/a58502ed4146c8e9f83872e897c76cd2"},"headline":"Fallece el maestro Alberto Garc\u00eda Alfonso, figura emblem\u00e1tica de la m\u00fasica matancera","datePublished":"2026-03-03T12:40:36+00:00","dateModified":"2026-03-03T12:40:38+00:00","mainEntityOfPage":{"@id":"https:\/\/www.cuballama.com\/noticias\/fallece-el-maestro-alberto-garcia-alfonso-figura-emblematica-de-la-musica-matancera\/"},"wordCount":665,"commentCount":0,"publisher":{"@id":"https:\/\/www.cuballama.com\/noticias\/#organization"},"image":{"@id":"https:\/\/www.cuballama.com\/noticias\/fallece-el-maestro-alberto-garcia-alfonso-figura-emblematica-de-la-musica-matancera\/#primaryimage"},"thumbnailUrl":"https:\/\/cdn1.mediawpaccore.net\/wp-content\/uploads\/2026\/03\/03044420\/Untitled-design-2026-03-03T104407.988.jpg","keywords":["Alberto Garc\u00eda Alfonso","comunidad religiosa","cultura cubana","Diez de Octubre","Jes\u00fas del Monte","La Habana","L\u00e1zaro Rafael Hern\u00e1ndez","Matanzas","m\u00fasica cubana","m\u00fasica sacra","organista cubano","Orquesta Sinf\u00f3nica de Matanzas","Parroquia Jes\u00fas del Monte","profesor de piano","Uneac","violinista"],"articleSection":["Noticias","Noticias de Cuba"],"inLanguage":"es","potentialAction":[{"@type":"CommentAction","name":"Comment","target":["https:\/\/www.cuballama.com\/noticias\/fallece-el-maestro-alberto-garcia-alfonso-figura-emblematica-de-la-musica-matancera\/#respond"]}]},{"@type":"WebPage","@id":"https:\/\/www.cuballama.com\/noticias\/fallece-el-maestro-alberto-garcia-alfonso-figura-emblematica-de-la-musica-matancera\/","url":"https:\/\/www.cuballama.com\/noticias\/fallece-el-maestro-alberto-garcia-alfonso-figura-emblematica-de-la-musica-matancera\/","name":"Fallece el maestro Alberto Garc\u00eda Alfonso, figura emblem\u00e1tica de la m\u00fasica matancera - Cuballama Noticias","isPartOf":{"@id":"https:\/\/www.cuballama.com\/noticias\/#website"},"primaryImageOfPage":{"@id":"https:\/\/www.cuballama.com\/noticias\/fallece-el-maestro-alberto-garcia-alfonso-figura-emblematica-de-la-musica-matancera\/#primaryimage"},"image":{"@id":"https:\/\/www.cuballama.com\/noticias\/fallece-el-maestro-alberto-garcia-alfonso-figura-emblematica-de-la-musica-matancera\/#primaryimage"},"thumbnailUrl":"https:\/\/cdn1.mediawpaccore.net\/wp-content\/uploads\/2026\/03\/03044420\/Untitled-design-2026-03-03T104407.988.jpg","datePublished":"2026-03-03T12:40:36+00:00","dateModified":"2026-03-03T12:40:38+00:00","description":"Fallece el violinista y director matancero Alberto Garc\u00eda Alfonso, maestro de generaciones y referente cultural en Cuba.","breadcrumb":{"@id":"https:\/\/www.cuballama.com\/noticias\/fallece-el-maestro-alberto-garcia-alfonso-figura-emblematica-de-la-musica-matancera\/#breadcrumb"},"inLanguage":"es","potentialAction":[{"@type":"ReadAction","target":["https:\/\/www.cuballama.com\/noticias\/fallece-el-maestro-alberto-garcia-alfonso-figura-emblematica-de-la-musica-matancera\/"]}]},{"@type":"ImageObject","inLanguage":"es","@id":"https:\/\/www.cuballama.com\/noticias\/fallece-el-maestro-alberto-garcia-alfonso-figura-emblematica-de-la-musica-matancera\/#primaryimage","url":"https:\/\/cdn1.mediawpaccore.net\/wp-content\/uploads\/2026\/03\/03044420\/Untitled-design-2026-03-03T104407.988.jpg","contentUrl":"https:\/\/cdn1.mediawpaccore.net\/wp-content\/uploads\/2026\/03\/03044420\/Untitled-design-2026-03-03T104407.988.jpg","width":1200,"height":630,"caption":"Foto v\u00eda: Pedro Alfonso \/ Facebook"},{"@type":"BreadcrumbList","@id":"https:\/\/www.cuballama.com\/noticias\/fallece-el-maestro-alberto-garcia-alfonso-figura-emblematica-de-la-musica-matancera\/#breadcrumb","itemListElement":[{"@type":"ListItem","position":1,"name":"Home","item":"https:\/\/www.cuballama.com\/noticias\/"},{"@type":"ListItem","position":2,"name":"Fallece el maestro Alberto Garc\u00eda Alfonso, figura emblem\u00e1tica de la m\u00fasica matancera"}]},{"@type":"WebSite","@id":"https:\/\/www.cuballama.com\/noticias\/#website","url":"https:\/\/www.cuballama.com\/noticias\/","name":"Cuballama Noticias","description":"Medio digital sobre Cuba y el mundo","publisher":{"@id":"https:\/\/www.cuballama.com\/noticias\/#organization"},"potentialAction":[{"@type":"SearchAction","target":{"@type":"EntryPoint","urlTemplate":"https:\/\/www.cuballama.com\/noticias\/?s={search_term_string}"},"query-input":{"@type":"PropertyValueSpecification","valueRequired":true,"valueName":"search_term_string"}}],"inLanguage":"es"},{"@type":"Organization","@id":"https:\/\/www.cuballama.com\/noticias\/#organization","name":"Cuballama","url":"https:\/\/www.cuballama.com\/noticias\/","logo":{"@type":"ImageObject","inLanguage":"es","@id":"https:\/\/www.cuballama.com\/noticias\/#\/schema\/logo\/image\/","url":"https:\/\/cdn1.mediawpaccore.net\/wp-content\/uploads\/2021\/12\/28171206\/cbll-logo-color-sm.png","contentUrl":"https:\/\/cdn1.mediawpaccore.net\/wp-content\/uploads\/2021\/12\/28171206\/cbll-logo-color-sm.png","width":600,"height":133,"caption":"Cuballama"},"image":{"@id":"https:\/\/www.cuballama.com\/noticias\/#\/schema\/logo\/image\/"},"sameAs":["https:\/\/www.facebook.com\/CubaLlama","https:\/\/x.com\/cuballama","https:\/\/www.instagram.com\/stories\/cuballama_oficial\/","https:\/\/www.youtube.com\/channel\/UCKkFE-d_axENGZcrc4as0IA"]},{"@type":"Person","@id":"https:\/\/www.cuballama.com\/noticias\/#\/schema\/person\/a58502ed4146c8e9f83872e897c76cd2","name":"Roberto A.","description":"Roberto A. Periodista por decisi\u00f3n propia. Interesado en cualquier tema que me apasione y cada vez m\u00e1s comprometido con la verdad y la objetividad period\u00edstica. Graduado en La Habana hace ya muchos a\u00f1os, luego de una accidentada y polvorienta b\u00fasqueda de informaci\u00f3n sobre un tema in\u00e9dito. La Tesis, por cierto, desapareci\u00f3 de la biblioteca y no se conservan copias de la misma.","url":"https:\/\/www.cuballama.com\/noticias\/author\/roberto\/"}]}},"_links":{"self":[{"href":"https:\/\/www.cuballama.com\/noticias\/wp-json\/wp\/v2\/posts\/236898","targetHints":{"allow":["GET"]}}],"collection":[{"href":"https:\/\/www.cuballama.com\/noticias\/wp-json\/wp\/v2\/posts"}],"about":[{"href":"https:\/\/www.cuballama.com\/noticias\/wp-json\/wp\/v2\/types\/post"}],"author":[{"embeddable":true,"href":"https:\/\/www.cuballama.com\/noticias\/wp-json\/wp\/v2\/users\/13"}],"replies":[{"embeddable":true,"href":"https:\/\/www.cuballama.com\/noticias\/wp-json\/wp\/v2\/comments?post=236898"}],"version-history":[{"count":2,"href":"https:\/\/www.cuballama.com\/noticias\/wp-json\/wp\/v2\/posts\/236898\/revisions"}],"predecessor-version":[{"id":236901,"href":"https:\/\/www.cuballama.com\/noticias\/wp-json\/wp\/v2\/posts\/236898\/revisions\/236901"}],"wp:featuredmedia":[{"embeddable":true,"href":"https:\/\/www.cuballama.com\/noticias\/wp-json\/wp\/v2\/media\/236900"}],"wp:attachment":[{"href":"https:\/\/www.cuballama.com\/noticias\/wp-json\/wp\/v2\/media?parent=236898"}],"wp:term":[{"taxonomy":"category","embeddable":true,"href":"https:\/\/www.cuballama.com\/noticias\/wp-json\/wp\/v2\/categories?post=236898"},{"taxonomy":"post_tag","embeddable":true,"href":"https:\/\/www.cuballama.com\/noticias\/wp-json\/wp\/v2\/tags?post=236898"}],"curies":[{"name":"wp","href":"https:\/\/api.w.org\/{rel}","templated":true}]}}